{"id":38778,"date":"2025-05-29T14:25:23","date_gmt":"2025-05-29T12:25:23","guid":{"rendered":"https:\/\/www.italpassion.fr\/?p=38778"},"modified":"2025-05-29T14:25:23","modified_gmt":"2025-05-29T12:25:23","slug":"he-parks-his-lamborghini-in-a-handicapped-space-and-is-criticized-and-insulted","status":"publish","type":"post","link":"https:\/\/www.italpassion.fr\/en\/lamborghini\/il-gare-sa-lamborghini-sur-une-place-handicape-se-fait-critiquer-insulter-et-pourtant\/","title":{"rendered":"He parks his Lamborghini in a disabled space, gets criticized and insulted, and yet..."},"content":{"rendered":"<p><strong>On social networks, outrage can be fierce. And sometimes... totally unfair. <\/strong>This is exactly what happened a few days ago when a man was violently criticized for parking his <a href=\"https:\/\/www.italpassion.fr\/en\/lamborghini\/\">Lamborghini<\/a> in a space reserved for the disabled. Judged in a matter of seconds, insulted on the fly, he nevertheless set the record straight.<\/p>\n\n\n\n<h2 class=\"wp-block-heading\">A supercar in a blue square, and outrage explodes<\/h2>\n\n\n\n<figure class=\"wp-block-image size-full\"><img loading=\"lazy\" decoding=\"async\" width=\"1200\" height=\"800\" src=\"https:\/\/www.italpassion.fr\/wp-content\/uploads\/2025\/05\/lamborghini-handicap.jpg\" alt=\"\" class=\"wp-image-38779\" srcset=\"https:\/\/www.italpassion.fr\/wp-content\/uploads\/2025\/05\/lamborghini-handicap.jpg 1200w, https:\/\/www.italpassion.fr\/wp-content\/uploads\/2025\/05\/lamborghini-handicap-420x280.jpg 420w, https:\/\/www.italpassion.fr\/wp-content\/uploads\/2025\/05\/lamborghini-handicap-768x512.jpg 768w, https:\/\/www.italpassion.fr\/wp-content\/uploads\/2025\/05\/lamborghini-handicap-18x12.jpg 18w\" sizes=\"auto, (max-width: 1200px) 100vw, 1200px\" \/><\/figure>\n\n\n\n<p>The scene was captured in a photo and then spread massively on Facebook, Instagram and Reddit : <em>a Lamborghini Hurac\u00e1n standing proudly on a disabled parking space.<\/em> That was all it took to trigger an avalanche of comments.<\/p>\n\n\n\n<p>\"Another rich guy who thinks he can do anything\", \"Really? What selfishness!\", \"He should be fined a record amount\"... Internet users were quick to condemn, imagining an arrogant, carefree, even contemptuous owner. But as is often the case, the truth is more complex than appearances.<\/p>\n\n\n\n<h2 class=\"wp-block-heading\">The owner's response: a photo that puts the nail in everyone's coffin<\/h2>\n\n\n\n<p>As the controversy swelled, the supercar's owner decided to respond. And he did so with a photo that put an end to the debate. It shows him lying next to his Lamborghini, displaying not only a disabled parking card... but also his prosthetic leg. Beneath the image, a chillingly ironic caption: <strong>\"A picture for all my fans.\"<\/strong><\/p>\n\n\n\n<figure class=\"wp-block-image size-full\"><img loading=\"lazy\" decoding=\"async\" width=\"1200\" height=\"900\" src=\"https:\/\/www.italpassion.fr\/wp-content\/uploads\/2025\/05\/lamborghini-handicap-2.jpg\" alt=\"\" class=\"wp-image-38780\" srcset=\"https:\/\/www.italpassion.fr\/wp-content\/uploads\/2025\/05\/lamborghini-handicap-2.jpg 1200w, https:\/\/www.italpassion.fr\/wp-content\/uploads\/2025\/05\/lamborghini-handicap-2-420x315.jpg 420w, https:\/\/www.italpassion.fr\/wp-content\/uploads\/2025\/05\/lamborghini-handicap-2-768x576.jpg 768w, https:\/\/www.italpassion.fr\/wp-content\/uploads\/2025\/05\/lamborghini-handicap-2-16x12.jpg 16w\" sizes=\"auto, (max-width: 1200px) 100vw, 1200px\" \/><\/figure>\n\n\n\n<p>The publication turned public opinion on its head. Not only did this man have every right to park there, but he had also chosen a wider space so that he could get out of his car in suitable conditions.<\/p>\n\n\n\n<h2 class=\"wp-block-heading\">A useful reminder: never judge too quickly<\/h2>\n\n\n\n<p>This news item, as viral as it is instructive, underlines just how deceptive appearances can be, especially when it comes to luxury cars. Owning a Lamborghini doesn't rule out having a disability. And even if the credit card wasn't immediately visible on the dashboard, that didn't justify the torrent of hatred received.<\/p>\n\n\n\n<p>It's also worth remembering that on very low-slung cars with sloping windscreens, such as supercars, the cards can slide around and become invisible from the outside.<\/p>\n\n\n\n<p><strong>Moral of the story?<\/strong> Before passing judgment on the networks, it's best to wait until you have all the facts. Because sometimes, behind the appearances of ostentatious luxury, lies a far more human reality.<\/p>\n\n\n\n<iframe loading=\"lazy\" src=\"https:\/\/www.facebook.com\/plugins\/post.php?href=https%3A%2F%2Fwww.facebook.com%2Fspottedtorquay%2Fposts%2Fpfbid02Cgtc7VE3A4ZYpyf14aZLCRofcHTvFkqP1FFqhVN6QaXQWBC9TELAoXmYX41ovqw4l&#038;show_text=true&#038;width=500\" width=\"500\" height=\"466\" style=\"border:none;overflow:hidden\" scrolling=\"no\" frameborder=\"0\" allowfullscreen=\"true\" allow=\"autoplay; clipboard-write; encrypted-media; picture-in-picture; web-share\"><\/iframe>","protected":false},"excerpt":{"rendered":"","protected":false},"author":1,"featured_media":38779,"comment_status":"open","ping_status":"open","sticky":false,"template":"","format":"standard","meta":{"_acf_changed":false,"_sitemap_exclude":false,"_sitemap_priority":"","_sitemap_frequency":"","footnotes":""},"categories":[25],"tags":[375],"class_list":["post-38778","post","type-post","status-publish","format-standard","has-post-thumbnail","hentry","category-lamborghini","tag-lamborghini-huracan","generate-columns","tablet-grid-50","mobile-grid-100","grid-parent","grid-33"],"acf":[],"yoast_head":"<!-- This site is optimized with the Yoast SEO plugin v25.8 - https:\/\/yoast.com\/wordpress\/plugins\/seo\/ -->\n<title>Il gare sa Lamborghini sur une place handicap\u00e9, se fait critiquer, insulter, et pourtant... - ItalPassion<\/title>\n<meta name=\"description\" content=\"Sur les r\u00e9seaux sociaux, l\u2019indignation peut \u00eatre foudroyante. Et parfois\u2026 totalement injuste. C\u2019est exactement ce qui s\u2019est produit il y a quelques jours\" \/>\n<meta name=\"robots\" content=\"index, follow, max-snippet:-1, max-image-preview:large, max-video-preview:-1\" \/>\n<link rel=\"canonical\" href=\"https:\/\/www.italpassion.fr\/en\/lamborghini\/he-parks-his-lamborghini-in-a-handicapped-space-and-is-criticized-and-insulted\/\" \/>\n<meta property=\"og:locale\" content=\"en_US\" \/>\n<meta property=\"og:type\" content=\"article\" \/>\n<meta property=\"og:title\" content=\"Il gare sa Lamborghini sur une place handicap\u00e9, se fait critiquer, insulter, et pourtant... - ItalPassion\" \/>\n<meta property=\"og:description\" content=\"Sur les r\u00e9seaux sociaux, l\u2019indignation peut \u00eatre foudroyante. Et parfois\u2026 totalement injuste. C\u2019est exactement ce qui s\u2019est produit il y a quelques jours\" \/>\n<meta property=\"og:url\" content=\"https:\/\/www.italpassion.fr\/en\/lamborghini\/he-parks-his-lamborghini-in-a-handicapped-space-and-is-criticized-and-insulted\/\" \/>\n<meta property=\"og:site_name\" content=\"ItalPassion\" \/>\n<meta property=\"article:publisher\" content=\"https:\/\/www.facebook.com\/italpassion\" \/>\n<meta property=\"article:published_time\" content=\"2025-05-29T12:25:23+00:00\" \/>\n<meta property=\"og:image\" content=\"https:\/\/www.italpassion.fr\/wp-content\/uploads\/2025\/05\/lamborghini-handicap.jpg\" \/>\n\t<meta property=\"og:image:width\" content=\"1200\" \/>\n\t<meta property=\"og:image:height\" content=\"800\" \/>\n\t<meta property=\"og:image:type\" content=\"image\/jpeg\" \/>\n<meta name=\"author\" content=\"Alexandre Filluzeau\" \/>\n<meta name=\"twitter:card\" content=\"summary_large_image\" \/>\n<meta name=\"twitter:creator\" content=\"@italpassion\" \/>\n<meta name=\"twitter:site\" content=\"@italpassion\" \/>\n<script type=\"application\/ld+json\" class=\"yoast-schema-graph\">{\"@context\":\"https:\/\/schema.org\",\"@graph\":[{\"@type\":\"NewsArticle\",\"@id\":\"https:\/\/www.italpassion.fr\/en\/lamborghini\/il-gare-sa-lamborghini-sur-une-place-handicape-se-fait-critiquer-insulter-et-pourtant\/#article\",\"isPartOf\":{\"@id\":\"https:\/\/www.italpassion.fr\/en\/lamborghini\/il-gare-sa-lamborghini-sur-une-place-handicape-se-fait-critiquer-insulter-et-pourtant\/\"},\"author\":{\"name\":\"Alexandre Filluzeau\",\"@id\":\"https:\/\/www.italpassion.fr\/en\/#\/schema\/person\/36f747b2a759ca202d847e85a9434ca0\"},\"headline\":\"Il gare sa Lamborghini sur une place handicap\u00e9, se fait critiquer, insulter, et pourtant&#8230;\",\"datePublished\":\"2025-05-29T12:25:23+00:00\",\"mainEntityOfPage\":{\"@id\":\"https:\/\/www.italpassion.fr\/en\/lamborghini\/il-gare-sa-lamborghini-sur-une-place-handicape-se-fait-critiquer-insulter-et-pourtant\/\"},\"wordCount\":459,\"commentCount\":5,\"publisher\":{\"@id\":\"https:\/\/www.italpassion.fr\/en\/#organization\"},\"image\":{\"@id\":\"https:\/\/www.italpassion.fr\/en\/lamborghini\/il-gare-sa-lamborghini-sur-une-place-handicape-se-fait-critiquer-insulter-et-pourtant\/#primaryimage\"},\"thumbnailUrl\":\"https:\/\/www.italpassion.fr\/wp-content\/uploads\/2025\/05\/lamborghini-handicap.jpg\",\"keywords\":[\"Lamborghini Huracan\"],\"articleSection\":[\"Lamborghini\"],\"inLanguage\":\"en-US\",\"potentialAction\":[{\"@type\":\"CommentAction\",\"name\":\"Comment\",\"target\":[\"https:\/\/www.italpassion.fr\/en\/lamborghini\/il-gare-sa-lamborghini-sur-une-place-handicape-se-fait-critiquer-insulter-et-pourtant\/#respond\"]}]},{\"@type\":\"WebPage\",\"@id\":\"https:\/\/www.italpassion.fr\/en\/lamborghini\/il-gare-sa-lamborghini-sur-une-place-handicape-se-fait-critiquer-insulter-et-pourtant\/\",\"url\":\"https:\/\/www.italpassion.fr\/en\/lamborghini\/il-gare-sa-lamborghini-sur-une-place-handicape-se-fait-critiquer-insulter-et-pourtant\/\",\"name\":\"Il gare sa Lamborghini sur une place handicap\u00e9, se fait critiquer, insulter, et pourtant... - ItalPassion\",\"isPartOf\":{\"@id\":\"https:\/\/www.italpassion.fr\/en\/#website\"},\"primaryImageOfPage\":{\"@id\":\"https:\/\/www.italpassion.fr\/en\/lamborghini\/il-gare-sa-lamborghini-sur-une-place-handicape-se-fait-critiquer-insulter-et-pourtant\/#primaryimage\"},\"image\":{\"@id\":\"https:\/\/www.italpassion.fr\/en\/lamborghini\/il-gare-sa-lamborghini-sur-une-place-handicape-se-fait-critiquer-insulter-et-pourtant\/#primaryimage\"},\"thumbnailUrl\":\"https:\/\/www.italpassion.fr\/wp-content\/uploads\/2025\/05\/lamborghini-handicap.jpg\",\"datePublished\":\"2025-05-29T12:25:23+00:00\",\"description\":\"Sur les r\u00e9seaux sociaux, l\u2019indignation peut \u00eatre foudroyante. Et parfois\u2026 totalement injuste. C\u2019est exactement ce qui s\u2019est produit il y a quelques jours\",\"breadcrumb\":{\"@id\":\"https:\/\/www.italpassion.fr\/en\/lamborghini\/il-gare-sa-lamborghini-sur-une-place-handicape-se-fait-critiquer-insulter-et-pourtant\/#breadcrumb\"},\"inLanguage\":\"en-US\",\"potentialAction\":[{\"@type\":\"ReadAction\",\"target\":[\"https:\/\/www.italpassion.fr\/en\/lamborghini\/il-gare-sa-lamborghini-sur-une-place-handicape-se-fait-critiquer-insulter-et-pourtant\/\"]}]},{\"@type\":\"ImageObject\",\"inLanguage\":\"en-US\",\"@id\":\"https:\/\/www.italpassion.fr\/en\/lamborghini\/il-gare-sa-lamborghini-sur-une-place-handicape-se-fait-critiquer-insulter-et-pourtant\/#primaryimage\",\"url\":\"https:\/\/www.italpassion.fr\/wp-content\/uploads\/2025\/05\/lamborghini-handicap.jpg\",\"contentUrl\":\"https:\/\/www.italpassion.fr\/wp-content\/uploads\/2025\/05\/lamborghini-handicap.jpg\",\"width\":1200,\"height\":800},{\"@type\":\"BreadcrumbList\",\"@id\":\"https:\/\/www.italpassion.fr\/en\/lamborghini\/il-gare-sa-lamborghini-sur-une-place-handicape-se-fait-critiquer-insulter-et-pourtant\/#breadcrumb\",\"itemListElement\":[{\"@type\":\"ListItem\",\"position\":1,\"name\":\"Accueil\",\"item\":\"https:\/\/www.italpassion.fr\/en\/\"},{\"@type\":\"ListItem\",\"position\":2,\"name\":\"Il gare sa Lamborghini sur une place handicap\u00e9, se fait critiquer, insulter, et pourtant&#8230;\"}]},{\"@type\":\"WebSite\",\"@id\":\"https:\/\/www.italpassion.fr\/en\/#website\",\"url\":\"https:\/\/www.italpassion.fr\/en\/\",\"name\":\"ItalPassion\",\"description\":\"Les Passionn\u00e9s d&#039;Automobiles Italiennes\",\"publisher\":{\"@id\":\"https:\/\/www.italpassion.fr\/en\/#organization\"},\"potentialAction\":[{\"@type\":\"SearchAction\",\"target\":{\"@type\":\"EntryPoint\",\"urlTemplate\":\"https:\/\/www.italpassion.fr\/en\/?s={search_term_string}\"},\"query-input\":{\"@type\":\"PropertyValueSpecification\",\"valueRequired\":true,\"valueName\":\"search_term_string\"}}],\"inLanguage\":\"en-US\"},{\"@type\":\"Organization\",\"@id\":\"https:\/\/www.italpassion.fr\/en\/#organization\",\"name\":\"Italpassion\",\"url\":\"https:\/\/www.italpassion.fr\/en\/\",\"logo\":{\"@type\":\"ImageObject\",\"inLanguage\":\"en-US\",\"@id\":\"https:\/\/www.italpassion.fr\/en\/#\/schema\/logo\/image\/\",\"url\":\"https:\/\/www.italpassion.fr\/wp-content\/uploads\/2023\/07\/italpassion-yoast.jpg\",\"contentUrl\":\"https:\/\/www.italpassion.fr\/wp-content\/uploads\/2023\/07\/italpassion-yoast.jpg\",\"width\":696,\"height\":696,\"caption\":\"Italpassion\"},\"image\":{\"@id\":\"https:\/\/www.italpassion.fr\/en\/#\/schema\/logo\/image\/\"},\"sameAs\":[\"https:\/\/www.facebook.com\/italpassion\",\"https:\/\/x.com\/italpassion\",\"https:\/\/www.instagram.com\/italpassionfr\/\",\"https:\/\/www.youtube.com\/channel\/UCleq-ByQaA42OjhopwevRjQ\",\"https:\/\/www.facebook.com\/italpassion.en\/\",\"https:\/\/www.facebook.com\/italpassion.it\/\",\"https:\/\/www.facebook.com\/italpassion.de\/\",\"https:\/\/www.facebook.com\/italpassion.ja\/\"]},{\"@type\":\"Person\",\"@id\":\"https:\/\/www.italpassion.fr\/en\/#\/schema\/person\/36f747b2a759ca202d847e85a9434ca0\",\"name\":\"Alexandre Filluzeau\",\"image\":{\"@type\":\"ImageObject\",\"inLanguage\":\"en-US\",\"@id\":\"https:\/\/www.italpassion.fr\/en\/#\/schema\/person\/image\/\",\"url\":\"https:\/\/www.italpassion.fr\/wp-content\/uploads\/2025\/04\/avatar-alexandre-160x160.jpg\",\"contentUrl\":\"https:\/\/www.italpassion.fr\/wp-content\/uploads\/2025\/04\/avatar-alexandre-160x160.jpg\",\"caption\":\"Alexandre Filluzeau\"},\"description\":\"Fondateur du site ItalPassion, passionn\u00e9 de voitures italiennes et de l'Italie en g\u00e9n\u00e9ral. J'apporte un regard critique et technique aux actualit\u00e9s des marques italiennes quand cela est possible. Propri\u00e9taire d'une Maserati GranTurismo, Alfa Romeo MiTo, Lancia Fulvia et Ducati 695. Ex-propri\u00e9taire d'une Alfa Romeo Giulia.\",\"sameAs\":[\"https:\/\/www.italpassion.fr\/\"],\"url\":\"https:\/\/www.italpassion.fr\/en\/author\/alexandre\/\"}]}<\/script>\n<!-- \/ Yoast SEO plugin. -->","yoast_head_json":{"title":"He parks his Lamborghini in a disabled space, is criticized, insulted, and yet... - ItalPassion","description":"On social networks, outrage can be fierce. And sometimes... totally unfair. This is exactly what happened a few days ago","robots":{"index":"index","follow":"follow","max-snippet":"max-snippet:-1","max-image-preview":"max-image-preview:large","max-video-preview":"max-video-preview:-1"},"canonical":"https:\/\/www.italpassion.fr\/en\/lamborghini\/he-parks-his-lamborghini-in-a-handicapped-space-and-is-criticized-and-insulted\/","og_locale":"en_US","og_type":"article","og_title":"Il gare sa Lamborghini sur une place handicap\u00e9, se fait critiquer, insulter, et pourtant... - ItalPassion","og_description":"Sur les r\u00e9seaux sociaux, l\u2019indignation peut \u00eatre foudroyante. Et parfois\u2026 totalement injuste. C\u2019est exactement ce qui s\u2019est produit il y a quelques jours","og_url":"https:\/\/www.italpassion.fr\/en\/lamborghini\/he-parks-his-lamborghini-in-a-handicapped-space-and-is-criticized-and-insulted\/","og_site_name":"ItalPassion","article_publisher":"https:\/\/www.facebook.com\/italpassion","article_published_time":"2025-05-29T12:25:23+00:00","og_image":[{"width":1200,"height":800,"url":"https:\/\/www.italpassion.fr\/wp-content\/uploads\/2025\/05\/lamborghini-handicap.jpg","type":"image\/jpeg"}],"author":"Alexandre Filluzeau","twitter_card":"summary_large_image","twitter_creator":"@italpassion","twitter_site":"@italpassion","schema":{"@context":"https:\/\/schema.org","@graph":[{"@type":"NewsArticle","@id":"https:\/\/www.italpassion.fr\/en\/lamborghini\/il-gare-sa-lamborghini-sur-une-place-handicape-se-fait-critiquer-insulter-et-pourtant\/#article","isPartOf":{"@id":"https:\/\/www.italpassion.fr\/en\/lamborghini\/il-gare-sa-lamborghini-sur-une-place-handicape-se-fait-critiquer-insulter-et-pourtant\/"},"author":{"name":"Alexandre Filluzeau","@id":"https:\/\/www.italpassion.fr\/en\/#\/schema\/person\/36f747b2a759ca202d847e85a9434ca0"},"headline":"Il gare sa Lamborghini sur une place handicap\u00e9, se fait critiquer, insulter, et pourtant&#8230;","datePublished":"2025-05-29T12:25:23+00:00","mainEntityOfPage":{"@id":"https:\/\/www.italpassion.fr\/en\/lamborghini\/il-gare-sa-lamborghini-sur-une-place-handicape-se-fait-critiquer-insulter-et-pourtant\/"},"wordCount":459,"commentCount":5,"publisher":{"@id":"https:\/\/www.italpassion.fr\/en\/#organization"},"image":{"@id":"https:\/\/www.italpassion.fr\/en\/lamborghini\/il-gare-sa-lamborghini-sur-une-place-handicape-se-fait-critiquer-insulter-et-pourtant\/#primaryimage"},"thumbnailUrl":"https:\/\/www.italpassion.fr\/wp-content\/uploads\/2025\/05\/lamborghini-handicap.jpg","keywords":["Lamborghini Huracan"],"articleSection":["Lamborghini"],"inLanguage":"en-US","potentialAction":[{"@type":"CommentAction","name":"Comment","target":["https:\/\/www.italpassion.fr\/en\/lamborghini\/il-gare-sa-lamborghini-sur-une-place-handicape-se-fait-critiquer-insulter-et-pourtant\/#respond"]}]},{"@type":"WebPage","@id":"https:\/\/www.italpassion.fr\/en\/lamborghini\/il-gare-sa-lamborghini-sur-une-place-handicape-se-fait-critiquer-insulter-et-pourtant\/","url":"https:\/\/www.italpassion.fr\/en\/lamborghini\/il-gare-sa-lamborghini-sur-une-place-handicape-se-fait-critiquer-insulter-et-pourtant\/","name":"He parks his Lamborghini in a disabled space, is criticized, insulted, and yet... - ItalPassion","isPartOf":{"@id":"https:\/\/www.italpassion.fr\/en\/#website"},"primaryImageOfPage":{"@id":"https:\/\/www.italpassion.fr\/en\/lamborghini\/il-gare-sa-lamborghini-sur-une-place-handicape-se-fait-critiquer-insulter-et-pourtant\/#primaryimage"},"image":{"@id":"https:\/\/www.italpassion.fr\/en\/lamborghini\/il-gare-sa-lamborghini-sur-une-place-handicape-se-fait-critiquer-insulter-et-pourtant\/#primaryimage"},"thumbnailUrl":"https:\/\/www.italpassion.fr\/wp-content\/uploads\/2025\/05\/lamborghini-handicap.jpg","datePublished":"2025-05-29T12:25:23+00:00","description":"On social networks, outrage can be fierce. And sometimes... totally unfair. This is exactly what happened a few days ago","breadcrumb":{"@id":"https:\/\/www.italpassion.fr\/en\/lamborghini\/il-gare-sa-lamborghini-sur-une-place-handicape-se-fait-critiquer-insulter-et-pourtant\/#breadcrumb"},"inLanguage":"en-US","potentialAction":[{"@type":"ReadAction","target":["https:\/\/www.italpassion.fr\/en\/lamborghini\/il-gare-sa-lamborghini-sur-une-place-handicape-se-fait-critiquer-insulter-et-pourtant\/"]}]},{"@type":"ImageObject","inLanguage":"en-US","@id":"https:\/\/www.italpassion.fr\/en\/lamborghini\/il-gare-sa-lamborghini-sur-une-place-handicape-se-fait-critiquer-insulter-et-pourtant\/#primaryimage","url":"https:\/\/www.italpassion.fr\/wp-content\/uploads\/2025\/05\/lamborghini-handicap.jpg","contentUrl":"https:\/\/www.italpassion.fr\/wp-content\/uploads\/2025\/05\/lamborghini-handicap.jpg","width":1200,"height":800},{"@type":"BreadcrumbList","@id":"https:\/\/www.italpassion.fr\/en\/lamborghini\/il-gare-sa-lamborghini-sur-une-place-handicape-se-fait-critiquer-insulter-et-pourtant\/#breadcrumb","itemListElement":[{"@type":"ListItem","position":1,"name":"Accueil","item":"https:\/\/www.italpassion.fr\/en\/"},{"@type":"ListItem","position":2,"name":"Il gare sa Lamborghini sur une place handicap\u00e9, se fait critiquer, insulter, et pourtant&#8230;"}]},{"@type":"WebSite","@id":"https:\/\/www.italpassion.fr\/en\/#website","url":"https:\/\/www.italpassion.fr\/en\/","name":"ItalPassion","description":"Italian Car Enthusiasts","publisher":{"@id":"https:\/\/www.italpassion.fr\/en\/#organization"},"potentialAction":[{"@type":"SearchAction","target":{"@type":"EntryPoint","urlTemplate":"https:\/\/www.italpassion.fr\/en\/?s={search_term_string}"},"query-input":{"@type":"PropertyValueSpecification","valueRequired":true,"valueName":"search_term_string"}}],"inLanguage":"en-US"},{"@type":"Organization","@id":"https:\/\/www.italpassion.fr\/en\/#organization","name":"Italpassion","url":"https:\/\/www.italpassion.fr\/en\/","logo":{"@type":"ImageObject","inLanguage":"en-US","@id":"https:\/\/www.italpassion.fr\/en\/#\/schema\/logo\/image\/","url":"https:\/\/www.italpassion.fr\/wp-content\/uploads\/2023\/07\/italpassion-yoast.jpg","contentUrl":"https:\/\/www.italpassion.fr\/wp-content\/uploads\/2023\/07\/italpassion-yoast.jpg","width":696,"height":696,"caption":"Italpassion"},"image":{"@id":"https:\/\/www.italpassion.fr\/en\/#\/schema\/logo\/image\/"},"sameAs":["https:\/\/www.facebook.com\/italpassion","https:\/\/x.com\/italpassion","https:\/\/www.instagram.com\/italpassionfr\/","https:\/\/www.youtube.com\/channel\/UCleq-ByQaA42OjhopwevRjQ","https:\/\/www.facebook.com\/italpassion.en\/","https:\/\/www.facebook.com\/italpassion.it\/","https:\/\/www.facebook.com\/italpassion.de\/","https:\/\/www.facebook.com\/italpassion.ja\/"]},{"@type":"Person","@id":"https:\/\/www.italpassion.fr\/en\/#\/schema\/person\/36f747b2a759ca202d847e85a9434ca0","name":"Alexandre Filluzeau","image":{"@type":"ImageObject","inLanguage":"en-US","@id":"https:\/\/www.italpassion.fr\/en\/#\/schema\/person\/image\/","url":"https:\/\/www.italpassion.fr\/wp-content\/uploads\/2025\/04\/avatar-alexandre-160x160.jpg","contentUrl":"https:\/\/www.italpassion.fr\/wp-content\/uploads\/2025\/04\/avatar-alexandre-160x160.jpg","caption":"Alexandre Filluzeau"},"description":"Founder of the ItalPassion website, passionate about Italian cars and Italy in general. I bring a critical and technical eye to the news of Italian brands when possible. Owner of a Maserati GranTurismo, Alfa Romeo MiTo, Lancia Fulvia and Ducati 695. Ex-owner of an Alfa Romeo Giulia.","sameAs":["https:\/\/www.italpassion.fr\/"],"url":"https:\/\/www.italpassion.fr\/en\/author\/alexandre\/"}]}},"_links":{"self":[{"href":"https:\/\/www.italpassion.fr\/en\/wp-json\/wp\/v2\/posts\/38778","targetHints":{"allow":["GET"]}}],"collection":[{"href":"https:\/\/www.italpassion.fr\/en\/wp-json\/wp\/v2\/posts"}],"about":[{"href":"https:\/\/www.italpassion.fr\/en\/wp-json\/wp\/v2\/types\/post"}],"author":[{"embeddable":true,"href":"https:\/\/www.italpassion.fr\/en\/wp-json\/wp\/v2\/users\/1"}],"replies":[{"embeddable":true,"href":"https:\/\/www.italpassion.fr\/en\/wp-json\/wp\/v2\/comments?post=38778"}],"version-history":[{"count":1,"href":"https:\/\/www.italpassion.fr\/en\/wp-json\/wp\/v2\/posts\/38778\/revisions"}],"predecessor-version":[{"id":38781,"href":"https:\/\/www.italpassion.fr\/en\/wp-json\/wp\/v2\/posts\/38778\/revisions\/38781"}],"wp:featuredmedia":[{"embeddable":true,"href":"https:\/\/www.italpassion.fr\/en\/wp-json\/wp\/v2\/media\/38779"}],"wp:attachment":[{"href":"https:\/\/www.italpassion.fr\/en\/wp-json\/wp\/v2\/media?parent=38778"}],"wp:term":[{"taxonomy":"category","embeddable":true,"href":"https:\/\/www.italpassion.fr\/en\/wp-json\/wp\/v2\/categories?post=38778"},{"taxonomy":"post_tag","embeddable":true,"href":"https:\/\/www.italpassion.fr\/en\/wp-json\/wp\/v2\/tags?post=38778"}],"curies":[{"name":"wp","href":"https:\/\/api.w.org\/{rel}","templated":true}]}}