{"id":38764,"date":"2025-05-29T09:27:55","date_gmt":"2025-05-29T07:27:55","guid":{"rendered":"https:\/\/www.italpassion.fr\/?p=38764"},"modified":"2025-05-29T09:27:55","modified_gmt":"2025-05-29T07:27:55","slug":"stellantis-new-ceo-pays-tribute-to-sergio-marchionne","status":"publish","type":"post","link":"https:\/\/www.italpassion.fr\/en\/stellantis\/stellantis-le-nouveau-ceo-rend-hommage-a-sergio-marchionne\/","title":{"rendered":"Stellantis: the new CEO pays tribute to... Sergio Marchionne"},"content":{"rendered":"<figure class=\"wp-block-image size-full\"><img loading=\"lazy\" decoding=\"async\" width=\"1200\" height=\"800\" src=\"https:\/\/www.italpassion.fr\/wp-content\/uploads\/2025\/05\/sergio-marchionne.jpg\" alt=\"\" class=\"wp-image-38773\" srcset=\"https:\/\/www.italpassion.fr\/wp-content\/uploads\/2025\/05\/sergio-marchionne.jpg 1200w, https:\/\/www.italpassion.fr\/wp-content\/uploads\/2025\/05\/sergio-marchionne-420x280.jpg 420w, https:\/\/www.italpassion.fr\/wp-content\/uploads\/2025\/05\/sergio-marchionne-768x512.jpg 768w, https:\/\/www.italpassion.fr\/wp-content\/uploads\/2025\/05\/sergio-marchionne-18x12.jpg 18w\" sizes=\"auto, (max-width: 1200px) 100vw, 1200px\" \/><\/figure>\n\n\n\n<p>Antonio Filosa didn't have to wait until he officially took over as <a href=\"https:\/\/www.italpassion.fr\/en\/stellantis\/stellantis-italian-antonio-filosa-formerly-of-fca-becomes-group-ceo\/\">new CEO of Stellantis<\/a>on June 23 to set the tone. In a short message published last night on LinkedIn, the future boss of <a href=\"https:\/\/www.italpassion.fr\/en\/stellantis\/\">Stellantis<\/a> thanked Chairman John Elkann, the Board of Directors, the Group's 272,000 employees... and, above all, the memory of Sergio Marchionne:<\/p>\n\n\n\n<blockquote class=\"wp-block-quote is-layout-flow wp-block-quote-is-layout-flow\"><svg aria-hidden=\"true\" focusable=\"false\" class=\"icon icon-quote\" width=\"48\" height=\"48\"><use xlink:href=\"#icon-quote\"><\/use><\/svg>\n<p>As Mr Sergio Marchionne would say: \"Mediocrity is not worth the journey. Let's take this victory back together!\"<\/p>\n<\/blockquote>\n\n\n\n<p><strong>In just two sentences, Filosa reminded us where he came from,<\/strong> to whom he owes much of his rise, and what culture of excellence he intends to reinstall at the heart of the world's fourth-largest automaker. More surprising: not a word for his predecessor, Carlos Tavares, who resigned on December 1\u1d49\u02b3, 2024. A silence that speaks volumes.<\/p>\n\n\n\n<h2 class=\"wp-block-heading\">The return of one of Marchionne's sons<\/h2>\n\n\n\n<p>Born in Naples and with a degree in mechanical engineering, Antonio Filosa grew up in the shadow of the \"Maestro\". In 2004, Marchionne had just taken the helm at Fiat, while Filosa, then in his thirties, was already managing the Betim plant in Brazil. The two men met again in 2014 for the inauguration of the Jeep complex in Pernambuco, one of the flagship projects of the \"Jeep Global\" program that would boost FCA's profits in Latin America. In March 2018, the CEO appointed his prot\u00e9g\u00e9 to the Group Executive Council, the ultimate decision-making body within the Group.<\/p>\n\n\n\n<p>When Marchionne passed away suddenly on July 25, 2018, Filosa lost his mentor but kept the engraved motto: \"Mediocrity is not worth the journey.\" Seven years later, he cites it publicly as a standard.<\/p>\n\n\n\n<p><strong>On May 28, Stellantis made an open secret official: after twenty-five years with the company, Antonio Filosa would become CEO on June 23. <\/strong>In the meantime, the Neapolitan will be visiting factories and dealerships to \"listen\" and feel the pulse of a shaken group: operating profit divided by almost three in 2024, record inventories in the United States, Chinese competition fiercer than ever on electric city cars.<\/p>\n\n\n\n<p>If John Elkann praises \"strong and effective leadership\", it's also because Filosa has a proven track record: number 1 in the South American region, he put Fiat back at the top of the Brazilian market while boosting sales of Peugeot, Citro\u00ebn, Ram and Jeep. Later appointed COO of the Americas, he reduced US inventories in six months and prepared a new wave of hybrid and electric models.<\/p>\n\n\n\n<h2 class=\"wp-block-heading\">Forget Tavares?<\/h2>\n\n\n\n<p><strong>The absence of any reference to Carlos Tavares is no doubt not accidental.<\/strong> Firstly, because the Portuguese-Frenchman embodied iron budgetary discipline, sometimes criticized for tightening the screws to the point of suffocating the distribution network. Above all, because Tavares started out with a harsh reality check: declining markets, falling profitability, growing tension with the Italian government.<\/p>\n\n\n\n<p>By quoting Marchionne, Filosa links Stellantis to his Italian-American DNA, reassures Turin and Modena of the attention paid to the Transalpine brands (Fiat, Alfa Romeo, Lancia, Maserati) and symbolically places himself as the heir to a leader who was able to transform a slumbering giant into a cash machine.<\/p>","protected":false},"excerpt":{"rendered":"","protected":false},"author":1,"featured_media":38773,"comment_status":"open","ping_status":"open","sticky":false,"template":"","format":"standard","meta":{"_acf_changed":false,"_sitemap_exclude":false,"_sitemap_priority":"","_sitemap_frequency":"","footnotes":""},"categories":[29],"tags":[],"class_list":["post-38764","post","type-post","status-publish","format-standard","has-post-thumbnail","hentry","category-stellantis","generate-columns","tablet-grid-50","mobile-grid-100","grid-parent","grid-33"],"acf":[],"yoast_head":"<!-- This site is optimized with the Yoast SEO plugin v25.8 - https:\/\/yoast.com\/wordpress\/plugins\/seo\/ -->\n<title>Stellantis : le nouveau CEO rend hommage \u00e0\u2026 Sergio Marchionne - ItalPassion<\/title>\n<meta name=\"description\" content=\"Antonio Filosa n\u2019aura pas attendu de prendre officiellement ses fonctions de nouveau CEO de Stellantis, le 23 juin prochain, pour donner le ton. Dans un\" \/>\n<meta name=\"robots\" content=\"index, follow, max-snippet:-1, max-image-preview:large, max-video-preview:-1\" \/>\n<link rel=\"canonical\" href=\"https:\/\/www.italpassion.fr\/en\/stellantis\/stellantis-new-ceo-pays-tribute-to-sergio-marchionne\/\" \/>\n<meta property=\"og:locale\" content=\"en_US\" \/>\n<meta property=\"og:type\" content=\"article\" \/>\n<meta property=\"og:title\" content=\"Stellantis : le nouveau CEO rend hommage \u00e0\u2026 Sergio Marchionne - ItalPassion\" \/>\n<meta property=\"og:description\" content=\"Antonio Filosa n\u2019aura pas attendu de prendre officiellement ses fonctions de nouveau CEO de Stellantis, le 23 juin prochain, pour donner le ton. Dans un\" \/>\n<meta property=\"og:url\" content=\"https:\/\/www.italpassion.fr\/en\/stellantis\/stellantis-new-ceo-pays-tribute-to-sergio-marchionne\/\" \/>\n<meta property=\"og:site_name\" content=\"ItalPassion\" \/>\n<meta property=\"article:publisher\" content=\"https:\/\/www.facebook.com\/italpassion\" \/>\n<meta property=\"article:published_time\" content=\"2025-05-29T07:27:55+00:00\" \/>\n<meta property=\"og:image\" content=\"https:\/\/www.italpassion.fr\/wp-content\/uploads\/2025\/05\/sergio-marchionne.jpg\" \/>\n\t<meta property=\"og:image:width\" content=\"1200\" \/>\n\t<meta property=\"og:image:height\" content=\"800\" \/>\n\t<meta property=\"og:image:type\" content=\"image\/jpeg\" \/>\n<meta name=\"author\" content=\"Alexandre Filluzeau\" \/>\n<meta name=\"twitter:card\" content=\"summary_large_image\" \/>\n<meta name=\"twitter:creator\" content=\"@italpassion\" \/>\n<meta name=\"twitter:site\" content=\"@italpassion\" \/>\n<script type=\"application\/ld+json\" class=\"yoast-schema-graph\">{\"@context\":\"https:\/\/schema.org\",\"@graph\":[{\"@type\":\"NewsArticle\",\"@id\":\"https:\/\/www.italpassion.fr\/en\/stellantis\/stellantis-le-nouveau-ceo-rend-hommage-a-sergio-marchionne\/#article\",\"isPartOf\":{\"@id\":\"https:\/\/www.italpassion.fr\/en\/stellantis\/stellantis-le-nouveau-ceo-rend-hommage-a-sergio-marchionne\/\"},\"author\":{\"name\":\"Alexandre Filluzeau\",\"@id\":\"https:\/\/www.italpassion.fr\/en\/#\/schema\/person\/36f747b2a759ca202d847e85a9434ca0\"},\"headline\":\"Stellantis : le nouveau CEO rend hommage \u00e0\u2026 Sergio Marchionne\",\"datePublished\":\"2025-05-29T07:27:55+00:00\",\"mainEntityOfPage\":{\"@id\":\"https:\/\/www.italpassion.fr\/en\/stellantis\/stellantis-le-nouveau-ceo-rend-hommage-a-sergio-marchionne\/\"},\"wordCount\":557,\"commentCount\":16,\"publisher\":{\"@id\":\"https:\/\/www.italpassion.fr\/en\/#organization\"},\"image\":{\"@id\":\"https:\/\/www.italpassion.fr\/en\/stellantis\/stellantis-le-nouveau-ceo-rend-hommage-a-sergio-marchionne\/#primaryimage\"},\"thumbnailUrl\":\"https:\/\/www.italpassion.fr\/wp-content\/uploads\/2025\/05\/sergio-marchionne.jpg\",\"articleSection\":[\"Stellantis\"],\"inLanguage\":\"en-US\",\"potentialAction\":[{\"@type\":\"CommentAction\",\"name\":\"Comment\",\"target\":[\"https:\/\/www.italpassion.fr\/en\/stellantis\/stellantis-le-nouveau-ceo-rend-hommage-a-sergio-marchionne\/#respond\"]}]},{\"@type\":\"WebPage\",\"@id\":\"https:\/\/www.italpassion.fr\/en\/stellantis\/stellantis-le-nouveau-ceo-rend-hommage-a-sergio-marchionne\/\",\"url\":\"https:\/\/www.italpassion.fr\/en\/stellantis\/stellantis-le-nouveau-ceo-rend-hommage-a-sergio-marchionne\/\",\"name\":\"Stellantis : le nouveau CEO rend hommage \u00e0\u2026 Sergio Marchionne - ItalPassion\",\"isPartOf\":{\"@id\":\"https:\/\/www.italpassion.fr\/en\/#website\"},\"primaryImageOfPage\":{\"@id\":\"https:\/\/www.italpassion.fr\/en\/stellantis\/stellantis-le-nouveau-ceo-rend-hommage-a-sergio-marchionne\/#primaryimage\"},\"image\":{\"@id\":\"https:\/\/www.italpassion.fr\/en\/stellantis\/stellantis-le-nouveau-ceo-rend-hommage-a-sergio-marchionne\/#primaryimage\"},\"thumbnailUrl\":\"https:\/\/www.italpassion.fr\/wp-content\/uploads\/2025\/05\/sergio-marchionne.jpg\",\"datePublished\":\"2025-05-29T07:27:55+00:00\",\"description\":\"Antonio Filosa n\u2019aura pas attendu de prendre officiellement ses fonctions de nouveau CEO de Stellantis, le 23 juin prochain, pour donner le ton. Dans un\",\"breadcrumb\":{\"@id\":\"https:\/\/www.italpassion.fr\/en\/stellantis\/stellantis-le-nouveau-ceo-rend-hommage-a-sergio-marchionne\/#breadcrumb\"},\"inLanguage\":\"en-US\",\"potentialAction\":[{\"@type\":\"ReadAction\",\"target\":[\"https:\/\/www.italpassion.fr\/en\/stellantis\/stellantis-le-nouveau-ceo-rend-hommage-a-sergio-marchionne\/\"]}]},{\"@type\":\"ImageObject\",\"inLanguage\":\"en-US\",\"@id\":\"https:\/\/www.italpassion.fr\/en\/stellantis\/stellantis-le-nouveau-ceo-rend-hommage-a-sergio-marchionne\/#primaryimage\",\"url\":\"https:\/\/www.italpassion.fr\/wp-content\/uploads\/2025\/05\/sergio-marchionne.jpg\",\"contentUrl\":\"https:\/\/www.italpassion.fr\/wp-content\/uploads\/2025\/05\/sergio-marchionne.jpg\",\"width\":1200,\"height\":800},{\"@type\":\"BreadcrumbList\",\"@id\":\"https:\/\/www.italpassion.fr\/en\/stellantis\/stellantis-le-nouveau-ceo-rend-hommage-a-sergio-marchionne\/#breadcrumb\",\"itemListElement\":[{\"@type\":\"ListItem\",\"position\":1,\"name\":\"Accueil\",\"item\":\"https:\/\/www.italpassion.fr\/en\/\"},{\"@type\":\"ListItem\",\"position\":2,\"name\":\"Stellantis : le nouveau CEO rend hommage \u00e0\u2026 Sergio Marchionne\"}]},{\"@type\":\"WebSite\",\"@id\":\"https:\/\/www.italpassion.fr\/en\/#website\",\"url\":\"https:\/\/www.italpassion.fr\/en\/\",\"name\":\"ItalPassion\",\"description\":\"Les Passionn\u00e9s d&#039;Automobiles Italiennes\",\"publisher\":{\"@id\":\"https:\/\/www.italpassion.fr\/en\/#organization\"},\"potentialAction\":[{\"@type\":\"SearchAction\",\"target\":{\"@type\":\"EntryPoint\",\"urlTemplate\":\"https:\/\/www.italpassion.fr\/en\/?s={search_term_string}\"},\"query-input\":{\"@type\":\"PropertyValueSpecification\",\"valueRequired\":true,\"valueName\":\"search_term_string\"}}],\"inLanguage\":\"en-US\"},{\"@type\":\"Organization\",\"@id\":\"https:\/\/www.italpassion.fr\/en\/#organization\",\"name\":\"Italpassion\",\"url\":\"https:\/\/www.italpassion.fr\/en\/\",\"logo\":{\"@type\":\"ImageObject\",\"inLanguage\":\"en-US\",\"@id\":\"https:\/\/www.italpassion.fr\/en\/#\/schema\/logo\/image\/\",\"url\":\"https:\/\/www.italpassion.fr\/wp-content\/uploads\/2023\/07\/italpassion-yoast.jpg\",\"contentUrl\":\"https:\/\/www.italpassion.fr\/wp-content\/uploads\/2023\/07\/italpassion-yoast.jpg\",\"width\":696,\"height\":696,\"caption\":\"Italpassion\"},\"image\":{\"@id\":\"https:\/\/www.italpassion.fr\/en\/#\/schema\/logo\/image\/\"},\"sameAs\":[\"https:\/\/www.facebook.com\/italpassion\",\"https:\/\/x.com\/italpassion\",\"https:\/\/www.instagram.com\/italpassionfr\/\",\"https:\/\/www.youtube.com\/channel\/UCleq-ByQaA42OjhopwevRjQ\",\"https:\/\/www.facebook.com\/italpassion.en\/\",\"https:\/\/www.facebook.com\/italpassion.it\/\",\"https:\/\/www.facebook.com\/italpassion.de\/\",\"https:\/\/www.facebook.com\/italpassion.ja\/\"]},{\"@type\":\"Person\",\"@id\":\"https:\/\/www.italpassion.fr\/en\/#\/schema\/person\/36f747b2a759ca202d847e85a9434ca0\",\"name\":\"Alexandre Filluzeau\",\"image\":{\"@type\":\"ImageObject\",\"inLanguage\":\"en-US\",\"@id\":\"https:\/\/www.italpassion.fr\/en\/#\/schema\/person\/image\/\",\"url\":\"https:\/\/www.italpassion.fr\/wp-content\/uploads\/2025\/04\/avatar-alexandre-160x160.jpg\",\"contentUrl\":\"https:\/\/www.italpassion.fr\/wp-content\/uploads\/2025\/04\/avatar-alexandre-160x160.jpg\",\"caption\":\"Alexandre Filluzeau\"},\"description\":\"Fondateur du site ItalPassion, passionn\u00e9 de voitures italiennes et de l'Italie en g\u00e9n\u00e9ral. J'apporte un regard critique et technique aux actualit\u00e9s des marques italiennes quand cela est possible. Propri\u00e9taire d'une Maserati GranTurismo, Alfa Romeo MiTo, Lancia Fulvia et Ducati 695. Ex-propri\u00e9taire d'une Alfa Romeo Giulia.\",\"sameAs\":[\"https:\/\/www.italpassion.fr\/\"],\"url\":\"https:\/\/www.italpassion.fr\/en\/author\/alexandre\/\"}]}<\/script>\n<!-- \/ Yoast SEO plugin. -->","yoast_head_json":{"title":"Stellantis: new CEO pays tribute to... Sergio Marchionne - ItalPassion","description":"Antonio Filosa won't have to wait until he officially takes over as the new CEO of Stellantis on June 23 to set the tone. In a","robots":{"index":"index","follow":"follow","max-snippet":"max-snippet:-1","max-image-preview":"max-image-preview:large","max-video-preview":"max-video-preview:-1"},"canonical":"https:\/\/www.italpassion.fr\/en\/stellantis\/stellantis-new-ceo-pays-tribute-to-sergio-marchionne\/","og_locale":"en_US","og_type":"article","og_title":"Stellantis : le nouveau CEO rend hommage \u00e0\u2026 Sergio Marchionne - ItalPassion","og_description":"Antonio Filosa n\u2019aura pas attendu de prendre officiellement ses fonctions de nouveau CEO de Stellantis, le 23 juin prochain, pour donner le ton. Dans un","og_url":"https:\/\/www.italpassion.fr\/en\/stellantis\/stellantis-new-ceo-pays-tribute-to-sergio-marchionne\/","og_site_name":"ItalPassion","article_publisher":"https:\/\/www.facebook.com\/italpassion","article_published_time":"2025-05-29T07:27:55+00:00","og_image":[{"width":1200,"height":800,"url":"https:\/\/www.italpassion.fr\/wp-content\/uploads\/2025\/05\/sergio-marchionne.jpg","type":"image\/jpeg"}],"author":"Alexandre Filluzeau","twitter_card":"summary_large_image","twitter_creator":"@italpassion","twitter_site":"@italpassion","schema":{"@context":"https:\/\/schema.org","@graph":[{"@type":"NewsArticle","@id":"https:\/\/www.italpassion.fr\/en\/stellantis\/stellantis-le-nouveau-ceo-rend-hommage-a-sergio-marchionne\/#article","isPartOf":{"@id":"https:\/\/www.italpassion.fr\/en\/stellantis\/stellantis-le-nouveau-ceo-rend-hommage-a-sergio-marchionne\/"},"author":{"name":"Alexandre Filluzeau","@id":"https:\/\/www.italpassion.fr\/en\/#\/schema\/person\/36f747b2a759ca202d847e85a9434ca0"},"headline":"Stellantis : le nouveau CEO rend hommage \u00e0\u2026 Sergio Marchionne","datePublished":"2025-05-29T07:27:55+00:00","mainEntityOfPage":{"@id":"https:\/\/www.italpassion.fr\/en\/stellantis\/stellantis-le-nouveau-ceo-rend-hommage-a-sergio-marchionne\/"},"wordCount":557,"commentCount":16,"publisher":{"@id":"https:\/\/www.italpassion.fr\/en\/#organization"},"image":{"@id":"https:\/\/www.italpassion.fr\/en\/stellantis\/stellantis-le-nouveau-ceo-rend-hommage-a-sergio-marchionne\/#primaryimage"},"thumbnailUrl":"https:\/\/www.italpassion.fr\/wp-content\/uploads\/2025\/05\/sergio-marchionne.jpg","articleSection":["Stellantis"],"inLanguage":"en-US","potentialAction":[{"@type":"CommentAction","name":"Comment","target":["https:\/\/www.italpassion.fr\/en\/stellantis\/stellantis-le-nouveau-ceo-rend-hommage-a-sergio-marchionne\/#respond"]}]},{"@type":"WebPage","@id":"https:\/\/www.italpassion.fr\/en\/stellantis\/stellantis-le-nouveau-ceo-rend-hommage-a-sergio-marchionne\/","url":"https:\/\/www.italpassion.fr\/en\/stellantis\/stellantis-le-nouveau-ceo-rend-hommage-a-sergio-marchionne\/","name":"Stellantis: new CEO pays tribute to... Sergio Marchionne - ItalPassion","isPartOf":{"@id":"https:\/\/www.italpassion.fr\/en\/#website"},"primaryImageOfPage":{"@id":"https:\/\/www.italpassion.fr\/en\/stellantis\/stellantis-le-nouveau-ceo-rend-hommage-a-sergio-marchionne\/#primaryimage"},"image":{"@id":"https:\/\/www.italpassion.fr\/en\/stellantis\/stellantis-le-nouveau-ceo-rend-hommage-a-sergio-marchionne\/#primaryimage"},"thumbnailUrl":"https:\/\/www.italpassion.fr\/wp-content\/uploads\/2025\/05\/sergio-marchionne.jpg","datePublished":"2025-05-29T07:27:55+00:00","description":"Antonio Filosa won't have to wait until he officially takes over as the new CEO of Stellantis on June 23 to set the tone. In a","breadcrumb":{"@id":"https:\/\/www.italpassion.fr\/en\/stellantis\/stellantis-le-nouveau-ceo-rend-hommage-a-sergio-marchionne\/#breadcrumb"},"inLanguage":"en-US","potentialAction":[{"@type":"ReadAction","target":["https:\/\/www.italpassion.fr\/en\/stellantis\/stellantis-le-nouveau-ceo-rend-hommage-a-sergio-marchionne\/"]}]},{"@type":"ImageObject","inLanguage":"en-US","@id":"https:\/\/www.italpassion.fr\/en\/stellantis\/stellantis-le-nouveau-ceo-rend-hommage-a-sergio-marchionne\/#primaryimage","url":"https:\/\/www.italpassion.fr\/wp-content\/uploads\/2025\/05\/sergio-marchionne.jpg","contentUrl":"https:\/\/www.italpassion.fr\/wp-content\/uploads\/2025\/05\/sergio-marchionne.jpg","width":1200,"height":800},{"@type":"BreadcrumbList","@id":"https:\/\/www.italpassion.fr\/en\/stellantis\/stellantis-le-nouveau-ceo-rend-hommage-a-sergio-marchionne\/#breadcrumb","itemListElement":[{"@type":"ListItem","position":1,"name":"Accueil","item":"https:\/\/www.italpassion.fr\/en\/"},{"@type":"ListItem","position":2,"name":"Stellantis : le nouveau CEO rend hommage \u00e0\u2026 Sergio Marchionne"}]},{"@type":"WebSite","@id":"https:\/\/www.italpassion.fr\/en\/#website","url":"https:\/\/www.italpassion.fr\/en\/","name":"ItalPassion","description":"Italian Car Enthusiasts","publisher":{"@id":"https:\/\/www.italpassion.fr\/en\/#organization"},"potentialAction":[{"@type":"SearchAction","target":{"@type":"EntryPoint","urlTemplate":"https:\/\/www.italpassion.fr\/en\/?s={search_term_string}"},"query-input":{"@type":"PropertyValueSpecification","valueRequired":true,"valueName":"search_term_string"}}],"inLanguage":"en-US"},{"@type":"Organization","@id":"https:\/\/www.italpassion.fr\/en\/#organization","name":"Italpassion","url":"https:\/\/www.italpassion.fr\/en\/","logo":{"@type":"ImageObject","inLanguage":"en-US","@id":"https:\/\/www.italpassion.fr\/en\/#\/schema\/logo\/image\/","url":"https:\/\/www.italpassion.fr\/wp-content\/uploads\/2023\/07\/italpassion-yoast.jpg","contentUrl":"https:\/\/www.italpassion.fr\/wp-content\/uploads\/2023\/07\/italpassion-yoast.jpg","width":696,"height":696,"caption":"Italpassion"},"image":{"@id":"https:\/\/www.italpassion.fr\/en\/#\/schema\/logo\/image\/"},"sameAs":["https:\/\/www.facebook.com\/italpassion","https:\/\/x.com\/italpassion","https:\/\/www.instagram.com\/italpassionfr\/","https:\/\/www.youtube.com\/channel\/UCleq-ByQaA42OjhopwevRjQ","https:\/\/www.facebook.com\/italpassion.en\/","https:\/\/www.facebook.com\/italpassion.it\/","https:\/\/www.facebook.com\/italpassion.de\/","https:\/\/www.facebook.com\/italpassion.ja\/"]},{"@type":"Person","@id":"https:\/\/www.italpassion.fr\/en\/#\/schema\/person\/36f747b2a759ca202d847e85a9434ca0","name":"Alexandre Filluzeau","image":{"@type":"ImageObject","inLanguage":"en-US","@id":"https:\/\/www.italpassion.fr\/en\/#\/schema\/person\/image\/","url":"https:\/\/www.italpassion.fr\/wp-content\/uploads\/2025\/04\/avatar-alexandre-160x160.jpg","contentUrl":"https:\/\/www.italpassion.fr\/wp-content\/uploads\/2025\/04\/avatar-alexandre-160x160.jpg","caption":"Alexandre Filluzeau"},"description":"Founder of the ItalPassion website, passionate about Italian cars and Italy in general. I bring a critical and technical eye to the news of Italian brands when possible. Owner of a Maserati GranTurismo, Alfa Romeo MiTo, Lancia Fulvia and Ducati 695. Ex-owner of an Alfa Romeo Giulia.","sameAs":["https:\/\/www.italpassion.fr\/"],"url":"https:\/\/www.italpassion.fr\/en\/author\/alexandre\/"}]}},"_links":{"self":[{"href":"https:\/\/www.italpassion.fr\/en\/wp-json\/wp\/v2\/posts\/38764","targetHints":{"allow":["GET"]}}],"collection":[{"href":"https:\/\/www.italpassion.fr\/en\/wp-json\/wp\/v2\/posts"}],"about":[{"href":"https:\/\/www.italpassion.fr\/en\/wp-json\/wp\/v2\/types\/post"}],"author":[{"embeddable":true,"href":"https:\/\/www.italpassion.fr\/en\/wp-json\/wp\/v2\/users\/1"}],"replies":[{"embeddable":true,"href":"https:\/\/www.italpassion.fr\/en\/wp-json\/wp\/v2\/comments?post=38764"}],"version-history":[{"count":3,"href":"https:\/\/www.italpassion.fr\/en\/wp-json\/wp\/v2\/posts\/38764\/revisions"}],"predecessor-version":[{"id":38777,"href":"https:\/\/www.italpassion.fr\/en\/wp-json\/wp\/v2\/posts\/38764\/revisions\/38777"}],"wp:featuredmedia":[{"embeddable":true,"href":"https:\/\/www.italpassion.fr\/en\/wp-json\/wp\/v2\/media\/38773"}],"wp:attachment":[{"href":"https:\/\/www.italpassion.fr\/en\/wp-json\/wp\/v2\/media?parent=38764"}],"wp:term":[{"taxonomy":"category","embeddable":true,"href":"https:\/\/www.italpassion.fr\/en\/wp-json\/wp\/v2\/categories?post=38764"},{"taxonomy":"post_tag","embeddable":true,"href":"https:\/\/www.italpassion.fr\/en\/wp-json\/wp\/v2\/tags?post=38764"}],"curies":[{"name":"wp","href":"https:\/\/api.w.org\/{rel}","templated":true}]}}