{"id":38708,"date":"2025-05-27T10:02:15","date_gmt":"2025-05-27T08:02:15","guid":{"rendered":"https:\/\/www.italpassion.fr\/?p=38708"},"modified":"2025-05-27T10:02:15","modified_gmt":"2025-05-27T08:02:15","slug":"alfa-romeo-ceo-confirms-gasoline-and-electric-quadrifoglios","status":"publish","type":"post","link":"https:\/\/www.italpassion.fr\/en\/alfa-romeo\/alfa-romeo-le-ceo-a-confirme-des-quadrifoglio-a-essence-et-electrique\/","title":{"rendered":"Alfa Romeo: CEO confirms petrol and electric Quadrifoglio"},"content":{"rendered":"<figure class=\"wp-block-image size-full\"><img loading=\"lazy\" decoding=\"async\" width=\"1200\" height=\"800\" src=\"https:\/\/www.italpassion.fr\/wp-content\/uploads\/2025\/05\/alfa-romeo-quadrifoglio-2025.jpg\" alt=\"\" class=\"wp-image-38711\" srcset=\"https:\/\/www.italpassion.fr\/wp-content\/uploads\/2025\/05\/alfa-romeo-quadrifoglio-2025.jpg 1200w, https:\/\/www.italpassion.fr\/wp-content\/uploads\/2025\/05\/alfa-romeo-quadrifoglio-2025-420x280.jpg 420w, https:\/\/www.italpassion.fr\/wp-content\/uploads\/2025\/05\/alfa-romeo-quadrifoglio-2025-768x512.jpg 768w, https:\/\/www.italpassion.fr\/wp-content\/uploads\/2025\/05\/alfa-romeo-quadrifoglio-2025-18x12.jpg 18w\" sizes=\"auto, (max-width: 1200px) 100vw, 1200px\" \/><\/figure>\n\n\n\n<p>The occasion was the prestigious FuoriConcorso 2025 event, held on May 24 and 25 on the shores of Lake Como in conjunction with the Villa d'Este Concours d'Elegance, <strong>that Santo Ficili, CEO of Alfa Romeo, lifted a corner of the veil on the future of Quadrifoglio versions. <\/strong>And if his statements are to be believed, performance enthusiasts will be in for some electrical surprises... as well as thermal ones.<\/p>\n\n\n\n<p>Among the jewels on display, the very exclusive Alfa Romeo 33 Stradale rubbed shoulders with other emblematic models from the brand. But it was above all Ficili's intervention with the press, in particular \"Motor1\", that caught the eye. When asked about the future of the Quadrifoglio, he stated bluntly:<\/p>\n\n\n\n<blockquote class=\"wp-block-quote is-layout-flow wp-block-quote-is-layout-flow\"><svg aria-hidden=\"true\" focusable=\"false\" class=\"icon icon-quote\" width=\"48\" height=\"48\"><use xlink:href=\"#icon-quote\"><\/use><\/svg>\n<p>\"We're going to surprise you, with electric and thermal.\"<\/p>\n<\/blockquote>\n\n\n\n<p>A significant answer in a context where Alfa Romeo had initially announced an electric 100 % as early as 2027. The head of Alfa Romeo told the \"alvolante\" media that the brand is working to redefine the timetable for the combustion engine:<\/p>\n\n\n\n<blockquote class=\"wp-block-quote is-layout-flow wp-block-quote-is-layout-flow\"><svg aria-hidden=\"true\" focusable=\"false\" class=\"icon icon-quote\" width=\"48\" height=\"48\"><use xlink:href=\"#icon-quote\"><\/use><\/svg>\n<p>\"As you know, we had gone in the direction of only having electric cars, instead we also have to develop combustion engines, for which we are defining a timetable.\"<br>Asked whether thermal power would return by 2026, Ficili was evasive:<br>\"We'll let you know soon.\"<\/p>\n<\/blockquote>\n\n\n\n<h2 class=\"wp-block-heading\">Towards a dual Quadrifoglio offering?<\/h2>\n\n\n\n<p>Does this mean that Alfa Romeo is preparing a dual Quadrifoglio version for future models: a hybrid version with an internal combustion engine (perhaps for the new-generation Giulia and Stelvio), and a 100 % electric version (like the one expected for the 33 Stradale)? <strong>Or that \"thermal and electric\" simply indicates a plug-in hybrid version.<\/strong><\/p>\n\n\n\n<p>The mystery remains, but one thing is certain: the internal combustion engine is still on the agenda. Santo Ficili has not confirmed which block will be used, but two candidates seem to stand out:<\/p>\n\n\n\n<ul class=\"wp-block-list\">\n<li>the <strong>GME 3.0L 6 cylinders<\/strong>already used in the United States on Dodge, Ram and Jeep models;<\/li>\n\n\n\n<li>the <strong>Nettuno 3.0L V6<\/strong>  from Maserati, notably fitted to the MC20 (and derived from the Alfa Romeo 2.9L V6).<\/li>\n<\/ul>\n\n\n\n<p>In any case, hybridization is to be expected. And just in time: we revealed that <a href=\"https:\/\/www.italpassion.fr\/en\/stellantis\/stellantis-to-launch-new-hybrid-combustion-engines-for-its-top-of-the-range-models\/\">Stellantis works with ZF to integrate a hybrid transmission<\/a> on the STLA Large platform, which will serve as the basis for future top-of-the-range Alfa Romeo, Dodge and Jeep models.<\/p>\n\n\n\n<h2 class=\"wp-block-heading\">ZF technology for added strength<\/h2>\n\n\n\n<p>ZF has developed the 8HP Gen 4 automatic gearbox, production of which has begun in Germany and will soon be manufactured in the USA. This transmission integrates a powerful electric motor in the gearbox housing, delivering up to 160 kW (218 hp) and 450 Nm of torque, performance worthy of an EV. Even better:<\/p>\n\n\n\n<blockquote class=\"wp-block-quote is-layout-flow wp-block-quote-is-layout-flow\"><svg aria-hidden=\"true\" focusable=\"false\" class=\"icon icon-quote\" width=\"48\" height=\"48\"><use xlink:href=\"#icon-quote\"><\/use><\/svg>\n<p>\"Depending on the manufacturer and the battery used, an electric 100 % range of over 120 km is possible.\"<\/p>\n<\/blockquote>\n\n\n\n<p>In other words, with this technology, Alfa Romeo could offer a high-performance plug-in hybrid Quadrifoglio, while retaining the sound, character and feel of a combustion engine. The best of both worlds?<\/p>\n\n\n\n<figure class=\"wp-block-image size-full\"><img loading=\"lazy\" decoding=\"async\" width=\"960\" height=\"540\" src=\"https:\/\/www.italpassion.fr\/wp-content\/uploads\/2025\/05\/zf-8h-gen4.jpg\" alt=\"\" class=\"wp-image-38710\" srcset=\"https:\/\/www.italpassion.fr\/wp-content\/uploads\/2025\/05\/zf-8h-gen4.jpg 960w, https:\/\/www.italpassion.fr\/wp-content\/uploads\/2025\/05\/zf-8h-gen4-420x236.jpg 420w, https:\/\/www.italpassion.fr\/wp-content\/uploads\/2025\/05\/zf-8h-gen4-768x432.jpg 768w, https:\/\/www.italpassion.fr\/wp-content\/uploads\/2025\/05\/zf-8h-gen4-18x10.jpg 18w\" sizes=\"auto, (max-width: 960px) 100vw, 960px\" \/><\/figure>","protected":false},"excerpt":{"rendered":"","protected":false},"author":1,"featured_media":38711,"comment_status":"open","ping_status":"open","sticky":false,"template":"","format":"standard","meta":{"_acf_changed":false,"_sitemap_exclude":false,"_sitemap_priority":"","_sitemap_frequency":"","footnotes":""},"categories":[22],"tags":[],"class_list":["post-38708","post","type-post","status-publish","format-standard","has-post-thumbnail","hentry","category-alfa-romeo","generate-columns","tablet-grid-50","mobile-grid-100","grid-parent","grid-33"],"acf":[],"yoast_head":"<!-- This site is optimized with the Yoast SEO plugin v25.8 - https:\/\/yoast.com\/wordpress\/plugins\/seo\/ -->\n<title>Alfa Romeo : le CEO a confirm\u00e9 des Quadrifoglio \u00e0 essence et \u00e9lectrique - ItalPassion<\/title>\n<meta name=\"description\" content=\"C\u2019est \u00e0 l\u2019occasion du prestigieux \u00e9v\u00e9nement FuoriConcorso 2025, qui se tenait les 24 et 25 mai sur les rives du lac de C\u00f4me en marge du Concours\" \/>\n<meta name=\"robots\" content=\"index, follow, max-snippet:-1, max-image-preview:large, max-video-preview:-1\" \/>\n<link rel=\"canonical\" href=\"https:\/\/www.italpassion.fr\/en\/alfa-romeo\/alfa-romeo-ceo-confirms-gasoline-and-electric-quadrifoglios\/\" \/>\n<meta property=\"og:locale\" content=\"en_US\" \/>\n<meta property=\"og:type\" content=\"article\" \/>\n<meta property=\"og:title\" content=\"Alfa Romeo : le CEO a confirm\u00e9 des Quadrifoglio \u00e0 essence et \u00e9lectrique - ItalPassion\" \/>\n<meta property=\"og:description\" content=\"C\u2019est \u00e0 l\u2019occasion du prestigieux \u00e9v\u00e9nement FuoriConcorso 2025, qui se tenait les 24 et 25 mai sur les rives du lac de C\u00f4me en marge du Concours\" \/>\n<meta property=\"og:url\" content=\"https:\/\/www.italpassion.fr\/en\/alfa-romeo\/alfa-romeo-ceo-confirms-gasoline-and-electric-quadrifoglios\/\" \/>\n<meta property=\"og:site_name\" content=\"ItalPassion\" \/>\n<meta property=\"article:publisher\" content=\"https:\/\/www.facebook.com\/italpassion\" \/>\n<meta property=\"article:published_time\" content=\"2025-05-27T08:02:15+00:00\" \/>\n<meta property=\"og:image\" content=\"https:\/\/www.italpassion.fr\/wp-content\/uploads\/2025\/05\/alfa-romeo-quadrifoglio-2025.jpg\" \/>\n\t<meta property=\"og:image:width\" content=\"1200\" \/>\n\t<meta property=\"og:image:height\" content=\"800\" \/>\n\t<meta property=\"og:image:type\" content=\"image\/jpeg\" \/>\n<meta name=\"author\" content=\"Alexandre Filluzeau\" \/>\n<meta name=\"twitter:card\" content=\"summary_large_image\" \/>\n<meta name=\"twitter:creator\" content=\"@italpassion\" \/>\n<meta name=\"twitter:site\" content=\"@italpassion\" \/>\n<script type=\"application\/ld+json\" class=\"yoast-schema-graph\">{\"@context\":\"https:\/\/schema.org\",\"@graph\":[{\"@type\":\"NewsArticle\",\"@id\":\"https:\/\/www.italpassion.fr\/en\/alfa-romeo\/alfa-romeo-le-ceo-a-confirme-des-quadrifoglio-a-essence-et-electrique\/#article\",\"isPartOf\":{\"@id\":\"https:\/\/www.italpassion.fr\/en\/alfa-romeo\/alfa-romeo-le-ceo-a-confirme-des-quadrifoglio-a-essence-et-electrique\/\"},\"author\":{\"name\":\"Alexandre Filluzeau\",\"@id\":\"https:\/\/www.italpassion.fr\/en\/#\/schema\/person\/36f747b2a759ca202d847e85a9434ca0\"},\"headline\":\"Alfa Romeo : le CEO a confirm\u00e9 des Quadrifoglio \u00e0 essence et \u00e9lectrique\",\"datePublished\":\"2025-05-27T08:02:15+00:00\",\"mainEntityOfPage\":{\"@id\":\"https:\/\/www.italpassion.fr\/en\/alfa-romeo\/alfa-romeo-le-ceo-a-confirme-des-quadrifoglio-a-essence-et-electrique\/\"},\"wordCount\":557,\"commentCount\":6,\"publisher\":{\"@id\":\"https:\/\/www.italpassion.fr\/en\/#organization\"},\"image\":{\"@id\":\"https:\/\/www.italpassion.fr\/en\/alfa-romeo\/alfa-romeo-le-ceo-a-confirme-des-quadrifoglio-a-essence-et-electrique\/#primaryimage\"},\"thumbnailUrl\":\"https:\/\/www.italpassion.fr\/wp-content\/uploads\/2025\/05\/alfa-romeo-quadrifoglio-2025.jpg\",\"articleSection\":[\"Alfa Romeo\"],\"inLanguage\":\"en-US\",\"potentialAction\":[{\"@type\":\"CommentAction\",\"name\":\"Comment\",\"target\":[\"https:\/\/www.italpassion.fr\/en\/alfa-romeo\/alfa-romeo-le-ceo-a-confirme-des-quadrifoglio-a-essence-et-electrique\/#respond\"]}]},{\"@type\":\"WebPage\",\"@id\":\"https:\/\/www.italpassion.fr\/en\/alfa-romeo\/alfa-romeo-le-ceo-a-confirme-des-quadrifoglio-a-essence-et-electrique\/\",\"url\":\"https:\/\/www.italpassion.fr\/en\/alfa-romeo\/alfa-romeo-le-ceo-a-confirme-des-quadrifoglio-a-essence-et-electrique\/\",\"name\":\"Alfa Romeo : le CEO a confirm\u00e9 des Quadrifoglio \u00e0 essence et \u00e9lectrique - ItalPassion\",\"isPartOf\":{\"@id\":\"https:\/\/www.italpassion.fr\/en\/#website\"},\"primaryImageOfPage\":{\"@id\":\"https:\/\/www.italpassion.fr\/en\/alfa-romeo\/alfa-romeo-le-ceo-a-confirme-des-quadrifoglio-a-essence-et-electrique\/#primaryimage\"},\"image\":{\"@id\":\"https:\/\/www.italpassion.fr\/en\/alfa-romeo\/alfa-romeo-le-ceo-a-confirme-des-quadrifoglio-a-essence-et-electrique\/#primaryimage\"},\"thumbnailUrl\":\"https:\/\/www.italpassion.fr\/wp-content\/uploads\/2025\/05\/alfa-romeo-quadrifoglio-2025.jpg\",\"datePublished\":\"2025-05-27T08:02:15+00:00\",\"description\":\"C\u2019est \u00e0 l\u2019occasion du prestigieux \u00e9v\u00e9nement FuoriConcorso 2025, qui se tenait les 24 et 25 mai sur les rives du lac de C\u00f4me en marge du Concours\",\"breadcrumb\":{\"@id\":\"https:\/\/www.italpassion.fr\/en\/alfa-romeo\/alfa-romeo-le-ceo-a-confirme-des-quadrifoglio-a-essence-et-electrique\/#breadcrumb\"},\"inLanguage\":\"en-US\",\"potentialAction\":[{\"@type\":\"ReadAction\",\"target\":[\"https:\/\/www.italpassion.fr\/en\/alfa-romeo\/alfa-romeo-le-ceo-a-confirme-des-quadrifoglio-a-essence-et-electrique\/\"]}]},{\"@type\":\"ImageObject\",\"inLanguage\":\"en-US\",\"@id\":\"https:\/\/www.italpassion.fr\/en\/alfa-romeo\/alfa-romeo-le-ceo-a-confirme-des-quadrifoglio-a-essence-et-electrique\/#primaryimage\",\"url\":\"https:\/\/www.italpassion.fr\/wp-content\/uploads\/2025\/05\/alfa-romeo-quadrifoglio-2025.jpg\",\"contentUrl\":\"https:\/\/www.italpassion.fr\/wp-content\/uploads\/2025\/05\/alfa-romeo-quadrifoglio-2025.jpg\",\"width\":1200,\"height\":800},{\"@type\":\"BreadcrumbList\",\"@id\":\"https:\/\/www.italpassion.fr\/en\/alfa-romeo\/alfa-romeo-le-ceo-a-confirme-des-quadrifoglio-a-essence-et-electrique\/#breadcrumb\",\"itemListElement\":[{\"@type\":\"ListItem\",\"position\":1,\"name\":\"Accueil\",\"item\":\"https:\/\/www.italpassion.fr\/en\/\"},{\"@type\":\"ListItem\",\"position\":2,\"name\":\"Alfa Romeo : le CEO a confirm\u00e9 des Quadrifoglio \u00e0 essence et \u00e9lectrique\"}]},{\"@type\":\"WebSite\",\"@id\":\"https:\/\/www.italpassion.fr\/en\/#website\",\"url\":\"https:\/\/www.italpassion.fr\/en\/\",\"name\":\"ItalPassion\",\"description\":\"Les Passionn\u00e9s d&#039;Automobiles Italiennes\",\"publisher\":{\"@id\":\"https:\/\/www.italpassion.fr\/en\/#organization\"},\"potentialAction\":[{\"@type\":\"SearchAction\",\"target\":{\"@type\":\"EntryPoint\",\"urlTemplate\":\"https:\/\/www.italpassion.fr\/en\/?s={search_term_string}\"},\"query-input\":{\"@type\":\"PropertyValueSpecification\",\"valueRequired\":true,\"valueName\":\"search_term_string\"}}],\"inLanguage\":\"en-US\"},{\"@type\":\"Organization\",\"@id\":\"https:\/\/www.italpassion.fr\/en\/#organization\",\"name\":\"Italpassion\",\"url\":\"https:\/\/www.italpassion.fr\/en\/\",\"logo\":{\"@type\":\"ImageObject\",\"inLanguage\":\"en-US\",\"@id\":\"https:\/\/www.italpassion.fr\/en\/#\/schema\/logo\/image\/\",\"url\":\"https:\/\/www.italpassion.fr\/wp-content\/uploads\/2023\/07\/italpassion-yoast.jpg\",\"contentUrl\":\"https:\/\/www.italpassion.fr\/wp-content\/uploads\/2023\/07\/italpassion-yoast.jpg\",\"width\":696,\"height\":696,\"caption\":\"Italpassion\"},\"image\":{\"@id\":\"https:\/\/www.italpassion.fr\/en\/#\/schema\/logo\/image\/\"},\"sameAs\":[\"https:\/\/www.facebook.com\/italpassion\",\"https:\/\/x.com\/italpassion\",\"https:\/\/www.instagram.com\/italpassionfr\/\",\"https:\/\/www.youtube.com\/channel\/UCleq-ByQaA42OjhopwevRjQ\",\"https:\/\/www.facebook.com\/italpassion.en\/\",\"https:\/\/www.facebook.com\/italpassion.it\/\",\"https:\/\/www.facebook.com\/italpassion.de\/\",\"https:\/\/www.facebook.com\/italpassion.ja\/\"]},{\"@type\":\"Person\",\"@id\":\"https:\/\/www.italpassion.fr\/en\/#\/schema\/person\/36f747b2a759ca202d847e85a9434ca0\",\"name\":\"Alexandre Filluzeau\",\"image\":{\"@type\":\"ImageObject\",\"inLanguage\":\"en-US\",\"@id\":\"https:\/\/www.italpassion.fr\/en\/#\/schema\/person\/image\/\",\"url\":\"https:\/\/www.italpassion.fr\/wp-content\/uploads\/2025\/04\/avatar-alexandre-160x160.jpg\",\"contentUrl\":\"https:\/\/www.italpassion.fr\/wp-content\/uploads\/2025\/04\/avatar-alexandre-160x160.jpg\",\"caption\":\"Alexandre Filluzeau\"},\"description\":\"Fondateur du site ItalPassion, passionn\u00e9 de voitures italiennes et de l'Italie en g\u00e9n\u00e9ral. J'apporte un regard critique et technique aux actualit\u00e9s des marques italiennes quand cela est possible. Propri\u00e9taire d'une Maserati GranTurismo, Alfa Romeo MiTo, Lancia Fulvia et Ducati 695. Ex-propri\u00e9taire d'une Alfa Romeo Giulia.\",\"sameAs\":[\"https:\/\/www.italpassion.fr\/\"],\"url\":\"https:\/\/www.italpassion.fr\/en\/author\/alexandre\/\"}]}<\/script>\n<!-- \/ Yoast SEO plugin. -->","yoast_head_json":{"title":"Alfa Romeo: CEO confirms petrol and electric Quadrifoglio - ItalPassion","description":"At the prestigious FuoriConcorso 2025 event, held on May 24 and 25 on the shores of Lake Como alongside the Concours","robots":{"index":"index","follow":"follow","max-snippet":"max-snippet:-1","max-image-preview":"max-image-preview:large","max-video-preview":"max-video-preview:-1"},"canonical":"https:\/\/www.italpassion.fr\/en\/alfa-romeo\/alfa-romeo-ceo-confirms-gasoline-and-electric-quadrifoglios\/","og_locale":"en_US","og_type":"article","og_title":"Alfa Romeo : le CEO a confirm\u00e9 des Quadrifoglio \u00e0 essence et \u00e9lectrique - ItalPassion","og_description":"C\u2019est \u00e0 l\u2019occasion du prestigieux \u00e9v\u00e9nement FuoriConcorso 2025, qui se tenait les 24 et 25 mai sur les rives du lac de C\u00f4me en marge du Concours","og_url":"https:\/\/www.italpassion.fr\/en\/alfa-romeo\/alfa-romeo-ceo-confirms-gasoline-and-electric-quadrifoglios\/","og_site_name":"ItalPassion","article_publisher":"https:\/\/www.facebook.com\/italpassion","article_published_time":"2025-05-27T08:02:15+00:00","og_image":[{"width":1200,"height":800,"url":"https:\/\/www.italpassion.fr\/wp-content\/uploads\/2025\/05\/alfa-romeo-quadrifoglio-2025.jpg","type":"image\/jpeg"}],"author":"Alexandre Filluzeau","twitter_card":"summary_large_image","twitter_creator":"@italpassion","twitter_site":"@italpassion","schema":{"@context":"https:\/\/schema.org","@graph":[{"@type":"NewsArticle","@id":"https:\/\/www.italpassion.fr\/en\/alfa-romeo\/alfa-romeo-le-ceo-a-confirme-des-quadrifoglio-a-essence-et-electrique\/#article","isPartOf":{"@id":"https:\/\/www.italpassion.fr\/en\/alfa-romeo\/alfa-romeo-le-ceo-a-confirme-des-quadrifoglio-a-essence-et-electrique\/"},"author":{"name":"Alexandre Filluzeau","@id":"https:\/\/www.italpassion.fr\/en\/#\/schema\/person\/36f747b2a759ca202d847e85a9434ca0"},"headline":"Alfa Romeo : le CEO a confirm\u00e9 des Quadrifoglio \u00e0 essence et \u00e9lectrique","datePublished":"2025-05-27T08:02:15+00:00","mainEntityOfPage":{"@id":"https:\/\/www.italpassion.fr\/en\/alfa-romeo\/alfa-romeo-le-ceo-a-confirme-des-quadrifoglio-a-essence-et-electrique\/"},"wordCount":557,"commentCount":6,"publisher":{"@id":"https:\/\/www.italpassion.fr\/en\/#organization"},"image":{"@id":"https:\/\/www.italpassion.fr\/en\/alfa-romeo\/alfa-romeo-le-ceo-a-confirme-des-quadrifoglio-a-essence-et-electrique\/#primaryimage"},"thumbnailUrl":"https:\/\/www.italpassion.fr\/wp-content\/uploads\/2025\/05\/alfa-romeo-quadrifoglio-2025.jpg","articleSection":["Alfa Romeo"],"inLanguage":"en-US","potentialAction":[{"@type":"CommentAction","name":"Comment","target":["https:\/\/www.italpassion.fr\/en\/alfa-romeo\/alfa-romeo-le-ceo-a-confirme-des-quadrifoglio-a-essence-et-electrique\/#respond"]}]},{"@type":"WebPage","@id":"https:\/\/www.italpassion.fr\/en\/alfa-romeo\/alfa-romeo-le-ceo-a-confirme-des-quadrifoglio-a-essence-et-electrique\/","url":"https:\/\/www.italpassion.fr\/en\/alfa-romeo\/alfa-romeo-le-ceo-a-confirme-des-quadrifoglio-a-essence-et-electrique\/","name":"Alfa Romeo: CEO confirms petrol and electric Quadrifoglio - ItalPassion","isPartOf":{"@id":"https:\/\/www.italpassion.fr\/en\/#website"},"primaryImageOfPage":{"@id":"https:\/\/www.italpassion.fr\/en\/alfa-romeo\/alfa-romeo-le-ceo-a-confirme-des-quadrifoglio-a-essence-et-electrique\/#primaryimage"},"image":{"@id":"https:\/\/www.italpassion.fr\/en\/alfa-romeo\/alfa-romeo-le-ceo-a-confirme-des-quadrifoglio-a-essence-et-electrique\/#primaryimage"},"thumbnailUrl":"https:\/\/www.italpassion.fr\/wp-content\/uploads\/2025\/05\/alfa-romeo-quadrifoglio-2025.jpg","datePublished":"2025-05-27T08:02:15+00:00","description":"At the prestigious FuoriConcorso 2025 event, held on May 24 and 25 on the shores of Lake Como alongside the Concours","breadcrumb":{"@id":"https:\/\/www.italpassion.fr\/en\/alfa-romeo\/alfa-romeo-le-ceo-a-confirme-des-quadrifoglio-a-essence-et-electrique\/#breadcrumb"},"inLanguage":"en-US","potentialAction":[{"@type":"ReadAction","target":["https:\/\/www.italpassion.fr\/en\/alfa-romeo\/alfa-romeo-le-ceo-a-confirme-des-quadrifoglio-a-essence-et-electrique\/"]}]},{"@type":"ImageObject","inLanguage":"en-US","@id":"https:\/\/www.italpassion.fr\/en\/alfa-romeo\/alfa-romeo-le-ceo-a-confirme-des-quadrifoglio-a-essence-et-electrique\/#primaryimage","url":"https:\/\/www.italpassion.fr\/wp-content\/uploads\/2025\/05\/alfa-romeo-quadrifoglio-2025.jpg","contentUrl":"https:\/\/www.italpassion.fr\/wp-content\/uploads\/2025\/05\/alfa-romeo-quadrifoglio-2025.jpg","width":1200,"height":800},{"@type":"BreadcrumbList","@id":"https:\/\/www.italpassion.fr\/en\/alfa-romeo\/alfa-romeo-le-ceo-a-confirme-des-quadrifoglio-a-essence-et-electrique\/#breadcrumb","itemListElement":[{"@type":"ListItem","position":1,"name":"Accueil","item":"https:\/\/www.italpassion.fr\/en\/"},{"@type":"ListItem","position":2,"name":"Alfa Romeo : le CEO a confirm\u00e9 des Quadrifoglio \u00e0 essence et \u00e9lectrique"}]},{"@type":"WebSite","@id":"https:\/\/www.italpassion.fr\/en\/#website","url":"https:\/\/www.italpassion.fr\/en\/","name":"ItalPassion","description":"Italian Car Enthusiasts","publisher":{"@id":"https:\/\/www.italpassion.fr\/en\/#organization"},"potentialAction":[{"@type":"SearchAction","target":{"@type":"EntryPoint","urlTemplate":"https:\/\/www.italpassion.fr\/en\/?s={search_term_string}"},"query-input":{"@type":"PropertyValueSpecification","valueRequired":true,"valueName":"search_term_string"}}],"inLanguage":"en-US"},{"@type":"Organization","@id":"https:\/\/www.italpassion.fr\/en\/#organization","name":"Italpassion","url":"https:\/\/www.italpassion.fr\/en\/","logo":{"@type":"ImageObject","inLanguage":"en-US","@id":"https:\/\/www.italpassion.fr\/en\/#\/schema\/logo\/image\/","url":"https:\/\/www.italpassion.fr\/wp-content\/uploads\/2023\/07\/italpassion-yoast.jpg","contentUrl":"https:\/\/www.italpassion.fr\/wp-content\/uploads\/2023\/07\/italpassion-yoast.jpg","width":696,"height":696,"caption":"Italpassion"},"image":{"@id":"https:\/\/www.italpassion.fr\/en\/#\/schema\/logo\/image\/"},"sameAs":["https:\/\/www.facebook.com\/italpassion","https:\/\/x.com\/italpassion","https:\/\/www.instagram.com\/italpassionfr\/","https:\/\/www.youtube.com\/channel\/UCleq-ByQaA42OjhopwevRjQ","https:\/\/www.facebook.com\/italpassion.en\/","https:\/\/www.facebook.com\/italpassion.it\/","https:\/\/www.facebook.com\/italpassion.de\/","https:\/\/www.facebook.com\/italpassion.ja\/"]},{"@type":"Person","@id":"https:\/\/www.italpassion.fr\/en\/#\/schema\/person\/36f747b2a759ca202d847e85a9434ca0","name":"Alexandre Filluzeau","image":{"@type":"ImageObject","inLanguage":"en-US","@id":"https:\/\/www.italpassion.fr\/en\/#\/schema\/person\/image\/","url":"https:\/\/www.italpassion.fr\/wp-content\/uploads\/2025\/04\/avatar-alexandre-160x160.jpg","contentUrl":"https:\/\/www.italpassion.fr\/wp-content\/uploads\/2025\/04\/avatar-alexandre-160x160.jpg","caption":"Alexandre Filluzeau"},"description":"Founder of the ItalPassion website, passionate about Italian cars and Italy in general. I bring a critical and technical eye to the news of Italian brands when possible. Owner of a Maserati GranTurismo, Alfa Romeo MiTo, Lancia Fulvia and Ducati 695. Ex-owner of an Alfa Romeo Giulia.","sameAs":["https:\/\/www.italpassion.fr\/"],"url":"https:\/\/www.italpassion.fr\/en\/author\/alexandre\/"}]}},"_links":{"self":[{"href":"https:\/\/www.italpassion.fr\/en\/wp-json\/wp\/v2\/posts\/38708","targetHints":{"allow":["GET"]}}],"collection":[{"href":"https:\/\/www.italpassion.fr\/en\/wp-json\/wp\/v2\/posts"}],"about":[{"href":"https:\/\/www.italpassion.fr\/en\/wp-json\/wp\/v2\/types\/post"}],"author":[{"embeddable":true,"href":"https:\/\/www.italpassion.fr\/en\/wp-json\/wp\/v2\/users\/1"}],"replies":[{"embeddable":true,"href":"https:\/\/www.italpassion.fr\/en\/wp-json\/wp\/v2\/comments?post=38708"}],"version-history":[{"count":2,"href":"https:\/\/www.italpassion.fr\/en\/wp-json\/wp\/v2\/posts\/38708\/revisions"}],"predecessor-version":[{"id":38712,"href":"https:\/\/www.italpassion.fr\/en\/wp-json\/wp\/v2\/posts\/38708\/revisions\/38712"}],"wp:featuredmedia":[{"embeddable":true,"href":"https:\/\/www.italpassion.fr\/en\/wp-json\/wp\/v2\/media\/38711"}],"wp:attachment":[{"href":"https:\/\/www.italpassion.fr\/en\/wp-json\/wp\/v2\/media?parent=38708"}],"wp:term":[{"taxonomy":"category","embeddable":true,"href":"https:\/\/www.italpassion.fr\/en\/wp-json\/wp\/v2\/categories?post=38708"},{"taxonomy":"post_tag","embeddable":true,"href":"https:\/\/www.italpassion.fr\/en\/wp-json\/wp\/v2\/tags?post=38708"}],"curies":[{"name":"wp","href":"https:\/\/api.w.org\/{rel}","templated":true}]}}