{"id":37233,"date":"2025-03-17T08:54:32","date_gmt":"2025-03-17T07:54:32","guid":{"rendered":"https:\/\/www.italpassion.fr\/?p=37233"},"modified":"2025-03-17T08:56:21","modified_gmt":"2025-03-17T07:56:21","slug":"new-alfa-romeo-stelvio-suv-ceo-confirms-delayed-launch","status":"publish","type":"post","link":"https:\/\/www.italpassion.fr\/en\/alfa-romeo\/nouveau-suv-alfa-romeo-stelvio-le-ceo-confirme-que-sa-commercialisation-sera-retardee\/","title":{"rendered":"New Alfa Romeo Stelvio SUV: CEO confirms delay in market launch"},"content":{"rendered":"<figure class=\"wp-block-image size-large\"><img loading=\"lazy\" decoding=\"async\" width=\"1024\" height=\"683\" src=\"https:\/\/www.italpassion.fr\/wp-content\/uploads\/2025\/03\/santo-ficili-alfa-romeo-1024x683.jpg\" alt=\"\" class=\"wp-image-37234\" srcset=\"https:\/\/www.italpassion.fr\/wp-content\/uploads\/2025\/03\/santo-ficili-alfa-romeo-1024x683.jpg 1024w, https:\/\/www.italpassion.fr\/wp-content\/uploads\/2025\/03\/santo-ficili-alfa-romeo-300x200.jpg 300w, https:\/\/www.italpassion.fr\/wp-content\/uploads\/2025\/03\/santo-ficili-alfa-romeo-768x512.jpg 768w, https:\/\/www.italpassion.fr\/wp-content\/uploads\/2025\/03\/santo-ficili-alfa-romeo-18x12.jpg 18w, https:\/\/www.italpassion.fr\/wp-content\/uploads\/2025\/03\/santo-ficili-alfa-romeo-561x374.jpg 561w, https:\/\/www.italpassion.fr\/wp-content\/uploads\/2025\/03\/santo-ficili-alfa-romeo-1122x748.jpg 1122w, https:\/\/www.italpassion.fr\/wp-content\/uploads\/2025\/03\/santo-ficili-alfa-romeo-265x177.jpg 265w, https:\/\/www.italpassion.fr\/wp-content\/uploads\/2025\/03\/santo-ficili-alfa-romeo-531x354.jpg 531w, https:\/\/www.italpassion.fr\/wp-content\/uploads\/2025\/03\/santo-ficili-alfa-romeo-364x243.jpg 364w, https:\/\/www.italpassion.fr\/wp-content\/uploads\/2025\/03\/santo-ficili-alfa-romeo-728x485.jpg 728w, https:\/\/www.italpassion.fr\/wp-content\/uploads\/2025\/03\/santo-ficili-alfa-romeo-608x405.jpg 608w, https:\/\/www.italpassion.fr\/wp-content\/uploads\/2025\/03\/santo-ficili-alfa-romeo-758x505.jpg 758w, https:\/\/www.italpassion.fr\/wp-content\/uploads\/2025\/03\/santo-ficili-alfa-romeo-1152x768.jpg 1152w, https:\/\/www.italpassion.fr\/wp-content\/uploads\/2025\/03\/santo-ficili-alfa-romeo.jpg 1200w\" sizes=\"auto, (max-width: 1024px) 100vw, 1024px\" \/><\/figure>\n\n\n\n<p>A few weeks ago, we announced exclusively on ItalPassion that <strong>the presentation of the future Alfa Romeo Stelvio SUV would take place this year, in 2025, with no commercial launch before 2026. <\/strong>The latest statements from the CEO of<a href=\"https:\/\/www.italpassion.fr\/en\/alfa-romeo\/\">Alfa Romeo<\/a>made at the presentation of the Junior Q4 SUV, confirms exactly what we suspected: the second-generation Stelvio won't be launched until 2026.<\/p>\n\n\n\n<p>On our site, we revealed that Alfa Romeo planned to present its future Stelvio as early as June 2025, while indicating that <a href=\"https:\/\/www.italpassion.fr\/en\/alfa-romeo\/future-alfa-romeo-stelvio-on-the-road-in-2025-not-before-2026\/\">production date may not be before 2026<\/a>. The main reasons cited were <strong>the supply of electric motors, produced in Hungary at the Szentgotthard plant, which will not be fully operational until early 2026.<\/strong><\/p>\n\n\n\n<figure class=\"wp-block-image size-large\"><img loading=\"lazy\" decoding=\"async\" width=\"1024\" height=\"683\" src=\"https:\/\/www.italpassion.fr\/wp-content\/uploads\/2024\/12\/edm-800v-stellantis-1024x683.jpg\" alt=\"\" class=\"wp-image-35411\" srcset=\"https:\/\/www.italpassion.fr\/wp-content\/uploads\/2024\/12\/edm-800v-stellantis-1024x683.jpg 1024w, https:\/\/www.italpassion.fr\/wp-content\/uploads\/2024\/12\/edm-800v-stellantis-300x200.jpg 300w, https:\/\/www.italpassion.fr\/wp-content\/uploads\/2024\/12\/edm-800v-stellantis-768x512.jpg 768w, https:\/\/www.italpassion.fr\/wp-content\/uploads\/2024\/12\/edm-800v-stellantis-18x12.jpg 18w, https:\/\/www.italpassion.fr\/wp-content\/uploads\/2024\/12\/edm-800v-stellantis-561x374.jpg 561w, https:\/\/www.italpassion.fr\/wp-content\/uploads\/2024\/12\/edm-800v-stellantis-1122x748.jpg 1122w, https:\/\/www.italpassion.fr\/wp-content\/uploads\/2024\/12\/edm-800v-stellantis-265x177.jpg 265w, https:\/\/www.italpassion.fr\/wp-content\/uploads\/2024\/12\/edm-800v-stellantis-531x354.jpg 531w, https:\/\/www.italpassion.fr\/wp-content\/uploads\/2024\/12\/edm-800v-stellantis-364x243.jpg 364w, https:\/\/www.italpassion.fr\/wp-content\/uploads\/2024\/12\/edm-800v-stellantis-728x485.jpg 728w, https:\/\/www.italpassion.fr\/wp-content\/uploads\/2024\/12\/edm-800v-stellantis-608x405.jpg 608w, https:\/\/www.italpassion.fr\/wp-content\/uploads\/2024\/12\/edm-800v-stellantis-758x505.jpg 758w, https:\/\/www.italpassion.fr\/wp-content\/uploads\/2024\/12\/edm-800v-stellantis-1152x768.jpg 1152w, https:\/\/www.italpassion.fr\/wp-content\/uploads\/2024\/12\/edm-800v-stellantis.jpg 1200w\" sizes=\"auto, (max-width: 1024px) 100vw, 1024px\" \/><figcaption class=\"wp-element-caption\">Electric motor made in Hungary<\/figcaption><\/figure>\n\n\n\n<p>At the Junior Q4 media event, Alfa Romeo's CEO confirmed that the new Stelvio will be unveiled for the first time in 2025, <strong>while specifying that commercialization would not take place until 2026.<\/strong> This statement is perfectly in line with the information we previously published.<\/p>\n\n\n\n<blockquote class=\"wp-block-quote is-layout-flow wp-block-quote-is-layout-flow\"><svg aria-hidden=\"true\" focusable=\"false\" class=\"icon icon-quote\" width=\"48\" height=\"48\"><use xlink:href=\"#icon-quote\"><\/use><\/svg>\n<p>I also discussed the future product plan with industry experts, including the global reveal of the new Stelvio in 2025, with commercial launch in 2026. Santo Ficili, CEO Alfa Romeo.<\/p>\n<\/blockquote>\n\n\n\n<figure class=\"wp-block-table\"><table class=\"has-fixed-layout\"><thead><tr><th><\/th><th>Presentation<\/th><th>Marketing<\/th><\/tr><\/thead><tbody><tr><td>Alfa Romeo Tonale<\/td><td>2022<\/td><td>2022<\/td><\/tr><tr><td>Alfa Romeo Junior<\/td><td>2024<\/td><td>2024<\/td><\/tr><tr><td>Alfa Romeo Stelvio<\/td><td>2025<\/td><td>2026<\/td><\/tr><tr><td>Alfa Romeo Giulia<\/td><td>2026<\/td><td>?<\/td><\/tr><\/tbody><\/table><\/figure>\n\n\n\n<p><strong>The future Stelvio will be based on the STLA Large platform,<\/strong> the Stellantis group's most upmarket model. This architecture, already seen on the Jeep Wagoneer S and Dodge Charger, will enable the SUV to offer several types of powertrain, including a 100 % electric version. It's worth noting that Alfa Romeo's priorities are focused first and foremost on the <strong>electric<\/strong>followed closely by hybrids, as the CEO also confirmed.<\/p>\n\n\n\n<figure class=\"wp-block-image size-large\"><img loading=\"lazy\" decoding=\"async\" width=\"1024\" height=\"646\" src=\"https:\/\/www.italpassion.fr\/wp-content\/uploads\/2025\/02\/stla-large-edm-dual-motor-1024x646.jpg\" alt=\"\" class=\"wp-image-36474\" srcset=\"https:\/\/www.italpassion.fr\/wp-content\/uploads\/2025\/02\/stla-large-edm-dual-motor-1024x646.jpg 1024w, https:\/\/www.italpassion.fr\/wp-content\/uploads\/2025\/02\/stla-large-edm-dual-motor-300x189.jpg 300w, https:\/\/www.italpassion.fr\/wp-content\/uploads\/2025\/02\/stla-large-edm-dual-motor-768x484.jpg 768w, https:\/\/www.italpassion.fr\/wp-content\/uploads\/2025\/02\/stla-large-edm-dual-motor-18x12.jpg 18w, https:\/\/www.italpassion.fr\/wp-content\/uploads\/2025\/02\/stla-large-edm-dual-motor-561x354.jpg 561w, https:\/\/www.italpassion.fr\/wp-content\/uploads\/2025\/02\/stla-large-edm-dual-motor-1122x708.jpg 1122w, https:\/\/www.italpassion.fr\/wp-content\/uploads\/2025\/02\/stla-large-edm-dual-motor-265x167.jpg 265w, https:\/\/www.italpassion.fr\/wp-content\/uploads\/2025\/02\/stla-large-edm-dual-motor-531x335.jpg 531w, https:\/\/www.italpassion.fr\/wp-content\/uploads\/2025\/02\/stla-large-edm-dual-motor-364x230.jpg 364w, https:\/\/www.italpassion.fr\/wp-content\/uploads\/2025\/02\/stla-large-edm-dual-motor-728x459.jpg 728w, https:\/\/www.italpassion.fr\/wp-content\/uploads\/2025\/02\/stla-large-edm-dual-motor-608x384.jpg 608w, https:\/\/www.italpassion.fr\/wp-content\/uploads\/2025\/02\/stla-large-edm-dual-motor-758x478.jpg 758w, https:\/\/www.italpassion.fr\/wp-content\/uploads\/2025\/02\/stla-large-edm-dual-motor-1152x727.jpg 1152w, https:\/\/www.italpassion.fr\/wp-content\/uploads\/2025\/02\/stla-large-edm-dual-motor.jpg 1200w\" sizes=\"auto, (max-width: 1024px) 100vw, 1024px\" \/><figcaption class=\"wp-element-caption\">STLA Large platform with two electric motors<\/figcaption><\/figure>\n\n\n\n<p><strong>In short, the future Stelvio will be unveiled to the general public in a few months' time, but its real arrival on the road won't be until 2026.<\/strong> In the meantime, the brand relies heavily on <a href=\"https:\/\/www.italpassion.fr\/en\/alfa-romeo\/alfa-romeo-junior-orders-after-almost-a-year-on-the-market\/\">the Junior, soon to celebrate 1 year on the market<\/a>and <a href=\"https:\/\/www.italpassion.fr\/en\/alfa-romeo\/alfa-romeo-tonale-restyling-planned-for-mid-danuary-2025\/\">the Tonale, which should be updated in mid-2025<\/a>.<\/p>","protected":false},"excerpt":{"rendered":"","protected":false},"author":1,"featured_media":37234,"comment_status":"open","ping_status":"open","sticky":false,"template":"","format":"standard","meta":{"_acf_changed":false,"_sitemap_exclude":false,"_sitemap_priority":"","_sitemap_frequency":"","footnotes":""},"categories":[22],"tags":[287],"class_list":["post-37233","post","type-post","status-publish","format-standard","has-post-thumbnail","hentry","category-alfa-romeo","tag-alfa-romeo-stelvio","generate-columns","tablet-grid-50","mobile-grid-100","grid-parent","grid-33"],"acf":[],"yoast_head":"<!-- This site is optimized with the Yoast SEO plugin v25.8 - https:\/\/yoast.com\/wordpress\/plugins\/seo\/ -->\n<title>Nouveau SUV Alfa Romeo Stelvio : le CEO confirme que sa commercialisation sera retard\u00e9e - ItalPassion<\/title>\n<meta name=\"description\" content=\"Il y a quelques semaines, nous vous annoncions en exclusivit\u00e9 sur ItalPassion que la pr\u00e9sentation du futur SUV Alfa Romeo Stelvio aurait lieu cette ann\u00e9e,\" \/>\n<meta name=\"robots\" content=\"index, follow, max-snippet:-1, max-image-preview:large, max-video-preview:-1\" \/>\n<link rel=\"canonical\" href=\"https:\/\/www.italpassion.fr\/en\/alfa-romeo\/new-alfa-romeo-stelvio-suv-ceo-confirms-delayed-launch\/\" \/>\n<meta property=\"og:locale\" content=\"en_US\" \/>\n<meta property=\"og:type\" content=\"article\" \/>\n<meta property=\"og:title\" content=\"Nouveau SUV Alfa Romeo Stelvio : le CEO confirme que sa commercialisation sera retard\u00e9e - ItalPassion\" \/>\n<meta property=\"og:description\" content=\"Il y a quelques semaines, nous vous annoncions en exclusivit\u00e9 sur ItalPassion que la pr\u00e9sentation du futur SUV Alfa Romeo Stelvio aurait lieu cette ann\u00e9e,\" \/>\n<meta property=\"og:url\" content=\"https:\/\/www.italpassion.fr\/en\/alfa-romeo\/new-alfa-romeo-stelvio-suv-ceo-confirms-delayed-launch\/\" \/>\n<meta property=\"og:site_name\" content=\"ItalPassion\" \/>\n<meta property=\"article:publisher\" content=\"https:\/\/www.facebook.com\/italpassion\" \/>\n<meta property=\"article:published_time\" content=\"2025-03-17T07:54:32+00:00\" \/>\n<meta property=\"article:modified_time\" content=\"2025-03-17T07:56:21+00:00\" \/>\n<meta property=\"og:image\" content=\"https:\/\/www.italpassion.fr\/wp-content\/uploads\/2025\/03\/santo-ficili-alfa-romeo.jpg\" \/>\n\t<meta property=\"og:image:width\" content=\"1200\" \/>\n\t<meta property=\"og:image:height\" content=\"800\" \/>\n\t<meta property=\"og:image:type\" content=\"image\/jpeg\" \/>\n<meta name=\"author\" content=\"Alexandre Filluzeau\" \/>\n<meta name=\"twitter:card\" content=\"summary_large_image\" \/>\n<meta name=\"twitter:creator\" content=\"@italpassion\" \/>\n<meta name=\"twitter:site\" content=\"@italpassion\" \/>\n<script type=\"application\/ld+json\" class=\"yoast-schema-graph\">{\"@context\":\"https:\/\/schema.org\",\"@graph\":[{\"@type\":\"NewsArticle\",\"@id\":\"https:\/\/www.italpassion.fr\/en\/alfa-romeo\/nouveau-suv-alfa-romeo-stelvio-le-ceo-confirme-que-sa-commercialisation-sera-retardee\/#article\",\"isPartOf\":{\"@id\":\"https:\/\/www.italpassion.fr\/en\/alfa-romeo\/nouveau-suv-alfa-romeo-stelvio-le-ceo-confirme-que-sa-commercialisation-sera-retardee\/\"},\"author\":{\"name\":\"Alexandre Filluzeau\",\"@id\":\"https:\/\/www.italpassion.fr\/en\/#\/schema\/person\/36f747b2a759ca202d847e85a9434ca0\"},\"headline\":\"Nouveau SUV Alfa Romeo Stelvio : le CEO confirme que sa commercialisation sera retard\u00e9e\",\"datePublished\":\"2025-03-17T07:54:32+00:00\",\"dateModified\":\"2025-03-17T07:56:21+00:00\",\"mainEntityOfPage\":{\"@id\":\"https:\/\/www.italpassion.fr\/en\/alfa-romeo\/nouveau-suv-alfa-romeo-stelvio-le-ceo-confirme-que-sa-commercialisation-sera-retardee\/\"},\"wordCount\":399,\"commentCount\":2,\"publisher\":{\"@id\":\"https:\/\/www.italpassion.fr\/en\/#organization\"},\"image\":{\"@id\":\"https:\/\/www.italpassion.fr\/en\/alfa-romeo\/nouveau-suv-alfa-romeo-stelvio-le-ceo-confirme-que-sa-commercialisation-sera-retardee\/#primaryimage\"},\"thumbnailUrl\":\"https:\/\/www.italpassion.fr\/wp-content\/uploads\/2025\/03\/santo-ficili-alfa-romeo.jpg\",\"keywords\":[\"Alfa Romeo Stelvio\"],\"articleSection\":[\"Alfa Romeo\"],\"inLanguage\":\"en-US\",\"potentialAction\":[{\"@type\":\"CommentAction\",\"name\":\"Comment\",\"target\":[\"https:\/\/www.italpassion.fr\/en\/alfa-romeo\/nouveau-suv-alfa-romeo-stelvio-le-ceo-confirme-que-sa-commercialisation-sera-retardee\/#respond\"]}]},{\"@type\":\"WebPage\",\"@id\":\"https:\/\/www.italpassion.fr\/en\/alfa-romeo\/nouveau-suv-alfa-romeo-stelvio-le-ceo-confirme-que-sa-commercialisation-sera-retardee\/\",\"url\":\"https:\/\/www.italpassion.fr\/en\/alfa-romeo\/nouveau-suv-alfa-romeo-stelvio-le-ceo-confirme-que-sa-commercialisation-sera-retardee\/\",\"name\":\"Nouveau SUV Alfa Romeo Stelvio : le CEO confirme que sa commercialisation sera retard\u00e9e - ItalPassion\",\"isPartOf\":{\"@id\":\"https:\/\/www.italpassion.fr\/en\/#website\"},\"primaryImageOfPage\":{\"@id\":\"https:\/\/www.italpassion.fr\/en\/alfa-romeo\/nouveau-suv-alfa-romeo-stelvio-le-ceo-confirme-que-sa-commercialisation-sera-retardee\/#primaryimage\"},\"image\":{\"@id\":\"https:\/\/www.italpassion.fr\/en\/alfa-romeo\/nouveau-suv-alfa-romeo-stelvio-le-ceo-confirme-que-sa-commercialisation-sera-retardee\/#primaryimage\"},\"thumbnailUrl\":\"https:\/\/www.italpassion.fr\/wp-content\/uploads\/2025\/03\/santo-ficili-alfa-romeo.jpg\",\"datePublished\":\"2025-03-17T07:54:32+00:00\",\"dateModified\":\"2025-03-17T07:56:21+00:00\",\"description\":\"Il y a quelques semaines, nous vous annoncions en exclusivit\u00e9 sur ItalPassion que la pr\u00e9sentation du futur SUV Alfa Romeo Stelvio aurait lieu cette ann\u00e9e,\",\"breadcrumb\":{\"@id\":\"https:\/\/www.italpassion.fr\/en\/alfa-romeo\/nouveau-suv-alfa-romeo-stelvio-le-ceo-confirme-que-sa-commercialisation-sera-retardee\/#breadcrumb\"},\"inLanguage\":\"en-US\",\"potentialAction\":[{\"@type\":\"ReadAction\",\"target\":[\"https:\/\/www.italpassion.fr\/en\/alfa-romeo\/nouveau-suv-alfa-romeo-stelvio-le-ceo-confirme-que-sa-commercialisation-sera-retardee\/\"]}]},{\"@type\":\"ImageObject\",\"inLanguage\":\"en-US\",\"@id\":\"https:\/\/www.italpassion.fr\/en\/alfa-romeo\/nouveau-suv-alfa-romeo-stelvio-le-ceo-confirme-que-sa-commercialisation-sera-retardee\/#primaryimage\",\"url\":\"https:\/\/www.italpassion.fr\/wp-content\/uploads\/2025\/03\/santo-ficili-alfa-romeo.jpg\",\"contentUrl\":\"https:\/\/www.italpassion.fr\/wp-content\/uploads\/2025\/03\/santo-ficili-alfa-romeo.jpg\",\"width\":1200,\"height\":800},{\"@type\":\"BreadcrumbList\",\"@id\":\"https:\/\/www.italpassion.fr\/en\/alfa-romeo\/nouveau-suv-alfa-romeo-stelvio-le-ceo-confirme-que-sa-commercialisation-sera-retardee\/#breadcrumb\",\"itemListElement\":[{\"@type\":\"ListItem\",\"position\":1,\"name\":\"Accueil\",\"item\":\"https:\/\/www.italpassion.fr\/en\/\"},{\"@type\":\"ListItem\",\"position\":2,\"name\":\"Nouveau SUV Alfa Romeo Stelvio : le CEO confirme que sa commercialisation sera retard\u00e9e\"}]},{\"@type\":\"WebSite\",\"@id\":\"https:\/\/www.italpassion.fr\/en\/#website\",\"url\":\"https:\/\/www.italpassion.fr\/en\/\",\"name\":\"ItalPassion\",\"description\":\"Les Passionn\u00e9s d&#039;Automobiles Italiennes\",\"publisher\":{\"@id\":\"https:\/\/www.italpassion.fr\/en\/#organization\"},\"potentialAction\":[{\"@type\":\"SearchAction\",\"target\":{\"@type\":\"EntryPoint\",\"urlTemplate\":\"https:\/\/www.italpassion.fr\/en\/?s={search_term_string}\"},\"query-input\":{\"@type\":\"PropertyValueSpecification\",\"valueRequired\":true,\"valueName\":\"search_term_string\"}}],\"inLanguage\":\"en-US\"},{\"@type\":\"Organization\",\"@id\":\"https:\/\/www.italpassion.fr\/en\/#organization\",\"name\":\"Italpassion\",\"url\":\"https:\/\/www.italpassion.fr\/en\/\",\"logo\":{\"@type\":\"ImageObject\",\"inLanguage\":\"en-US\",\"@id\":\"https:\/\/www.italpassion.fr\/en\/#\/schema\/logo\/image\/\",\"url\":\"https:\/\/www.italpassion.fr\/wp-content\/uploads\/2023\/07\/italpassion-yoast.jpg\",\"contentUrl\":\"https:\/\/www.italpassion.fr\/wp-content\/uploads\/2023\/07\/italpassion-yoast.jpg\",\"width\":696,\"height\":696,\"caption\":\"Italpassion\"},\"image\":{\"@id\":\"https:\/\/www.italpassion.fr\/en\/#\/schema\/logo\/image\/\"},\"sameAs\":[\"https:\/\/www.facebook.com\/italpassion\",\"https:\/\/x.com\/italpassion\",\"https:\/\/www.instagram.com\/italpassionfr\/\",\"https:\/\/www.youtube.com\/channel\/UCleq-ByQaA42OjhopwevRjQ\",\"https:\/\/www.facebook.com\/italpassion.en\/\",\"https:\/\/www.facebook.com\/italpassion.it\/\",\"https:\/\/www.facebook.com\/italpassion.de\/\",\"https:\/\/www.facebook.com\/italpassion.ja\/\"]},{\"@type\":\"Person\",\"@id\":\"https:\/\/www.italpassion.fr\/en\/#\/schema\/person\/36f747b2a759ca202d847e85a9434ca0\",\"name\":\"Alexandre Filluzeau\",\"image\":{\"@type\":\"ImageObject\",\"inLanguage\":\"en-US\",\"@id\":\"https:\/\/www.italpassion.fr\/en\/#\/schema\/person\/image\/\",\"url\":\"https:\/\/www.italpassion.fr\/wp-content\/uploads\/2025\/04\/avatar-alexandre-160x160.jpg\",\"contentUrl\":\"https:\/\/www.italpassion.fr\/wp-content\/uploads\/2025\/04\/avatar-alexandre-160x160.jpg\",\"caption\":\"Alexandre Filluzeau\"},\"description\":\"Fondateur du site ItalPassion, passionn\u00e9 de voitures italiennes et de l'Italie en g\u00e9n\u00e9ral. J'apporte un regard critique et technique aux actualit\u00e9s des marques italiennes quand cela est possible. Propri\u00e9taire d'une Maserati GranTurismo, Alfa Romeo MiTo, Lancia Fulvia et Ducati 695. Ex-propri\u00e9taire d'une Alfa Romeo Giulia.\",\"sameAs\":[\"https:\/\/www.italpassion.fr\/\"],\"url\":\"https:\/\/www.italpassion.fr\/en\/author\/alexandre\/\"}]}<\/script>\n<!-- \/ Yoast SEO plugin. -->","yoast_head_json":{"title":"New Alfa Romeo Stelvio SUV: CEO confirms delayed launch - ItalPassion","description":"A few weeks ago, we announced exclusively on ItalPassion that the presentation of the future Alfa Romeo Stelvio SUV would take place this year,","robots":{"index":"index","follow":"follow","max-snippet":"max-snippet:-1","max-image-preview":"max-image-preview:large","max-video-preview":"max-video-preview:-1"},"canonical":"https:\/\/www.italpassion.fr\/en\/alfa-romeo\/new-alfa-romeo-stelvio-suv-ceo-confirms-delayed-launch\/","og_locale":"en_US","og_type":"article","og_title":"Nouveau SUV Alfa Romeo Stelvio : le CEO confirme que sa commercialisation sera retard\u00e9e - ItalPassion","og_description":"Il y a quelques semaines, nous vous annoncions en exclusivit\u00e9 sur ItalPassion que la pr\u00e9sentation du futur SUV Alfa Romeo Stelvio aurait lieu cette ann\u00e9e,","og_url":"https:\/\/www.italpassion.fr\/en\/alfa-romeo\/new-alfa-romeo-stelvio-suv-ceo-confirms-delayed-launch\/","og_site_name":"ItalPassion","article_publisher":"https:\/\/www.facebook.com\/italpassion","article_published_time":"2025-03-17T07:54:32+00:00","article_modified_time":"2025-03-17T07:56:21+00:00","og_image":[{"width":1200,"height":800,"url":"https:\/\/www.italpassion.fr\/wp-content\/uploads\/2025\/03\/santo-ficili-alfa-romeo.jpg","type":"image\/jpeg"}],"author":"Alexandre Filluzeau","twitter_card":"summary_large_image","twitter_creator":"@italpassion","twitter_site":"@italpassion","schema":{"@context":"https:\/\/schema.org","@graph":[{"@type":"NewsArticle","@id":"https:\/\/www.italpassion.fr\/en\/alfa-romeo\/nouveau-suv-alfa-romeo-stelvio-le-ceo-confirme-que-sa-commercialisation-sera-retardee\/#article","isPartOf":{"@id":"https:\/\/www.italpassion.fr\/en\/alfa-romeo\/nouveau-suv-alfa-romeo-stelvio-le-ceo-confirme-que-sa-commercialisation-sera-retardee\/"},"author":{"name":"Alexandre Filluzeau","@id":"https:\/\/www.italpassion.fr\/en\/#\/schema\/person\/36f747b2a759ca202d847e85a9434ca0"},"headline":"Nouveau SUV Alfa Romeo Stelvio : le CEO confirme que sa commercialisation sera retard\u00e9e","datePublished":"2025-03-17T07:54:32+00:00","dateModified":"2025-03-17T07:56:21+00:00","mainEntityOfPage":{"@id":"https:\/\/www.italpassion.fr\/en\/alfa-romeo\/nouveau-suv-alfa-romeo-stelvio-le-ceo-confirme-que-sa-commercialisation-sera-retardee\/"},"wordCount":399,"commentCount":2,"publisher":{"@id":"https:\/\/www.italpassion.fr\/en\/#organization"},"image":{"@id":"https:\/\/www.italpassion.fr\/en\/alfa-romeo\/nouveau-suv-alfa-romeo-stelvio-le-ceo-confirme-que-sa-commercialisation-sera-retardee\/#primaryimage"},"thumbnailUrl":"https:\/\/www.italpassion.fr\/wp-content\/uploads\/2025\/03\/santo-ficili-alfa-romeo.jpg","keywords":["Alfa Romeo Stelvio"],"articleSection":["Alfa Romeo"],"inLanguage":"en-US","potentialAction":[{"@type":"CommentAction","name":"Comment","target":["https:\/\/www.italpassion.fr\/en\/alfa-romeo\/nouveau-suv-alfa-romeo-stelvio-le-ceo-confirme-que-sa-commercialisation-sera-retardee\/#respond"]}]},{"@type":"WebPage","@id":"https:\/\/www.italpassion.fr\/en\/alfa-romeo\/nouveau-suv-alfa-romeo-stelvio-le-ceo-confirme-que-sa-commercialisation-sera-retardee\/","url":"https:\/\/www.italpassion.fr\/en\/alfa-romeo\/nouveau-suv-alfa-romeo-stelvio-le-ceo-confirme-que-sa-commercialisation-sera-retardee\/","name":"New Alfa Romeo Stelvio SUV: CEO confirms delayed launch - ItalPassion","isPartOf":{"@id":"https:\/\/www.italpassion.fr\/en\/#website"},"primaryImageOfPage":{"@id":"https:\/\/www.italpassion.fr\/en\/alfa-romeo\/nouveau-suv-alfa-romeo-stelvio-le-ceo-confirme-que-sa-commercialisation-sera-retardee\/#primaryimage"},"image":{"@id":"https:\/\/www.italpassion.fr\/en\/alfa-romeo\/nouveau-suv-alfa-romeo-stelvio-le-ceo-confirme-que-sa-commercialisation-sera-retardee\/#primaryimage"},"thumbnailUrl":"https:\/\/www.italpassion.fr\/wp-content\/uploads\/2025\/03\/santo-ficili-alfa-romeo.jpg","datePublished":"2025-03-17T07:54:32+00:00","dateModified":"2025-03-17T07:56:21+00:00","description":"A few weeks ago, we announced exclusively on ItalPassion that the presentation of the future Alfa Romeo Stelvio SUV would take place this year,","breadcrumb":{"@id":"https:\/\/www.italpassion.fr\/en\/alfa-romeo\/nouveau-suv-alfa-romeo-stelvio-le-ceo-confirme-que-sa-commercialisation-sera-retardee\/#breadcrumb"},"inLanguage":"en-US","potentialAction":[{"@type":"ReadAction","target":["https:\/\/www.italpassion.fr\/en\/alfa-romeo\/nouveau-suv-alfa-romeo-stelvio-le-ceo-confirme-que-sa-commercialisation-sera-retardee\/"]}]},{"@type":"ImageObject","inLanguage":"en-US","@id":"https:\/\/www.italpassion.fr\/en\/alfa-romeo\/nouveau-suv-alfa-romeo-stelvio-le-ceo-confirme-que-sa-commercialisation-sera-retardee\/#primaryimage","url":"https:\/\/www.italpassion.fr\/wp-content\/uploads\/2025\/03\/santo-ficili-alfa-romeo.jpg","contentUrl":"https:\/\/www.italpassion.fr\/wp-content\/uploads\/2025\/03\/santo-ficili-alfa-romeo.jpg","width":1200,"height":800},{"@type":"BreadcrumbList","@id":"https:\/\/www.italpassion.fr\/en\/alfa-romeo\/nouveau-suv-alfa-romeo-stelvio-le-ceo-confirme-que-sa-commercialisation-sera-retardee\/#breadcrumb","itemListElement":[{"@type":"ListItem","position":1,"name":"Accueil","item":"https:\/\/www.italpassion.fr\/en\/"},{"@type":"ListItem","position":2,"name":"Nouveau SUV Alfa Romeo Stelvio : le CEO confirme que sa commercialisation sera retard\u00e9e"}]},{"@type":"WebSite","@id":"https:\/\/www.italpassion.fr\/en\/#website","url":"https:\/\/www.italpassion.fr\/en\/","name":"ItalPassion","description":"Italian Car Enthusiasts","publisher":{"@id":"https:\/\/www.italpassion.fr\/en\/#organization"},"potentialAction":[{"@type":"SearchAction","target":{"@type":"EntryPoint","urlTemplate":"https:\/\/www.italpassion.fr\/en\/?s={search_term_string}"},"query-input":{"@type":"PropertyValueSpecification","valueRequired":true,"valueName":"search_term_string"}}],"inLanguage":"en-US"},{"@type":"Organization","@id":"https:\/\/www.italpassion.fr\/en\/#organization","name":"Italpassion","url":"https:\/\/www.italpassion.fr\/en\/","logo":{"@type":"ImageObject","inLanguage":"en-US","@id":"https:\/\/www.italpassion.fr\/en\/#\/schema\/logo\/image\/","url":"https:\/\/www.italpassion.fr\/wp-content\/uploads\/2023\/07\/italpassion-yoast.jpg","contentUrl":"https:\/\/www.italpassion.fr\/wp-content\/uploads\/2023\/07\/italpassion-yoast.jpg","width":696,"height":696,"caption":"Italpassion"},"image":{"@id":"https:\/\/www.italpassion.fr\/en\/#\/schema\/logo\/image\/"},"sameAs":["https:\/\/www.facebook.com\/italpassion","https:\/\/x.com\/italpassion","https:\/\/www.instagram.com\/italpassionfr\/","https:\/\/www.youtube.com\/channel\/UCleq-ByQaA42OjhopwevRjQ","https:\/\/www.facebook.com\/italpassion.en\/","https:\/\/www.facebook.com\/italpassion.it\/","https:\/\/www.facebook.com\/italpassion.de\/","https:\/\/www.facebook.com\/italpassion.ja\/"]},{"@type":"Person","@id":"https:\/\/www.italpassion.fr\/en\/#\/schema\/person\/36f747b2a759ca202d847e85a9434ca0","name":"Alexandre Filluzeau","image":{"@type":"ImageObject","inLanguage":"en-US","@id":"https:\/\/www.italpassion.fr\/en\/#\/schema\/person\/image\/","url":"https:\/\/www.italpassion.fr\/wp-content\/uploads\/2025\/04\/avatar-alexandre-160x160.jpg","contentUrl":"https:\/\/www.italpassion.fr\/wp-content\/uploads\/2025\/04\/avatar-alexandre-160x160.jpg","caption":"Alexandre Filluzeau"},"description":"Founder of the ItalPassion website, passionate about Italian cars and Italy in general. I bring a critical and technical eye to the news of Italian brands when possible. Owner of a Maserati GranTurismo, Alfa Romeo MiTo, Lancia Fulvia and Ducati 695. Ex-owner of an Alfa Romeo Giulia.","sameAs":["https:\/\/www.italpassion.fr\/"],"url":"https:\/\/www.italpassion.fr\/en\/author\/alexandre\/"}]}},"_links":{"self":[{"href":"https:\/\/www.italpassion.fr\/en\/wp-json\/wp\/v2\/posts\/37233","targetHints":{"allow":["GET"]}}],"collection":[{"href":"https:\/\/www.italpassion.fr\/en\/wp-json\/wp\/v2\/posts"}],"about":[{"href":"https:\/\/www.italpassion.fr\/en\/wp-json\/wp\/v2\/types\/post"}],"author":[{"embeddable":true,"href":"https:\/\/www.italpassion.fr\/en\/wp-json\/wp\/v2\/users\/1"}],"replies":[{"embeddable":true,"href":"https:\/\/www.italpassion.fr\/en\/wp-json\/wp\/v2\/comments?post=37233"}],"version-history":[{"count":8,"href":"https:\/\/www.italpassion.fr\/en\/wp-json\/wp\/v2\/posts\/37233\/revisions"}],"predecessor-version":[{"id":37253,"href":"https:\/\/www.italpassion.fr\/en\/wp-json\/wp\/v2\/posts\/37233\/revisions\/37253"}],"wp:featuredmedia":[{"embeddable":true,"href":"https:\/\/www.italpassion.fr\/en\/wp-json\/wp\/v2\/media\/37234"}],"wp:attachment":[{"href":"https:\/\/www.italpassion.fr\/en\/wp-json\/wp\/v2\/media?parent=37233"}],"wp:term":[{"taxonomy":"category","embeddable":true,"href":"https:\/\/www.italpassion.fr\/en\/wp-json\/wp\/v2\/categories?post=37233"},{"taxonomy":"post_tag","embeddable":true,"href":"https:\/\/www.italpassion.fr\/en\/wp-json\/wp\/v2\/tags?post=37233"}],"curies":[{"name":"wp","href":"https:\/\/api.w.org\/{rel}","templated":true}]}}