{"id":36882,"date":"2025-02-26T09:19:49","date_gmt":"2025-02-26T08:19:49","guid":{"rendered":"https:\/\/www.italpassion.fr\/?p=36882"},"modified":"2025-02-26T09:23:25","modified_gmt":"2025-02-26T08:23:25","slug":"stellantis-2024-figures-in-the-red-fuzzy-2025-targets","status":"publish","type":"post","link":"https:\/\/www.italpassion.fr\/en\/stellantis\/stellantis-des-chiffres-2024-dans-le-rouge-des-objectifs-2025-flous\/","title":{"rendered":"Stellantis: 2024 figures in the red, 2025 targets unclear"},"content":{"rendered":"<figure class=\"wp-block-image size-large\"><img loading=\"lazy\" decoding=\"async\" width=\"1024\" height=\"683\" src=\"https:\/\/www.italpassion.fr\/wp-content\/uploads\/2024\/12\/john-elkann-stellantis-1024x683.jpg\" alt=\"\" class=\"wp-image-35366\" srcset=\"https:\/\/www.italpassion.fr\/wp-content\/uploads\/2024\/12\/john-elkann-stellantis-1024x683.jpg 1024w, https:\/\/www.italpassion.fr\/wp-content\/uploads\/2024\/12\/john-elkann-stellantis-300x200.jpg 300w, https:\/\/www.italpassion.fr\/wp-content\/uploads\/2024\/12\/john-elkann-stellantis-768x512.jpg 768w, https:\/\/www.italpassion.fr\/wp-content\/uploads\/2024\/12\/john-elkann-stellantis-18x12.jpg 18w, https:\/\/www.italpassion.fr\/wp-content\/uploads\/2024\/12\/john-elkann-stellantis-561x374.jpg 561w, https:\/\/www.italpassion.fr\/wp-content\/uploads\/2024\/12\/john-elkann-stellantis-1122x748.jpg 1122w, https:\/\/www.italpassion.fr\/wp-content\/uploads\/2024\/12\/john-elkann-stellantis-265x177.jpg 265w, https:\/\/www.italpassion.fr\/wp-content\/uploads\/2024\/12\/john-elkann-stellantis-531x354.jpg 531w, https:\/\/www.italpassion.fr\/wp-content\/uploads\/2024\/12\/john-elkann-stellantis-364x243.jpg 364w, https:\/\/www.italpassion.fr\/wp-content\/uploads\/2024\/12\/john-elkann-stellantis-728x485.jpg 728w, https:\/\/www.italpassion.fr\/wp-content\/uploads\/2024\/12\/john-elkann-stellantis-608x405.jpg 608w, https:\/\/www.italpassion.fr\/wp-content\/uploads\/2024\/12\/john-elkann-stellantis-758x505.jpg 758w, https:\/\/www.italpassion.fr\/wp-content\/uploads\/2024\/12\/john-elkann-stellantis-1152x768.jpg 1152w, https:\/\/www.italpassion.fr\/wp-content\/uploads\/2024\/12\/john-elkann-stellantis.jpg 1200w\" sizes=\"auto, (max-width: 1024px) 100vw, 1024px\" \/><figcaption class=\"wp-element-caption\">John Elkann, President of Stellantis<\/figcaption><\/figure>\n\n\n\n<p>2024 will have been a difficult year for <a href=\"https:\/\/www.italpassion.fr\/en\/stellantis\/\">Stellantis<\/a>. While the Group's financial results fell well short of expectations, <strong>with figures in the red, and has also curbed its dividend payout policy<\/strong>. Here's an overview of the year's results and the outlook for 2025.<\/p>\n\n\n\n<h2 class=\"wp-block-heading\">Numbers in freefall<\/h2>\n\n\n\n<figure class=\"wp-block-image size-full\"><img loading=\"lazy\" decoding=\"async\" width=\"987\" height=\"221\" src=\"https:\/\/www.italpassion.fr\/wp-content\/uploads\/2025\/02\/stellantis-full-chiffres-2024.jpg\" alt=\"\" class=\"wp-image-36885\" srcset=\"https:\/\/www.italpassion.fr\/wp-content\/uploads\/2025\/02\/stellantis-full-chiffres-2024.jpg 987w, https:\/\/www.italpassion.fr\/wp-content\/uploads\/2025\/02\/stellantis-full-chiffres-2024-300x67.jpg 300w, https:\/\/www.italpassion.fr\/wp-content\/uploads\/2025\/02\/stellantis-full-chiffres-2024-768x172.jpg 768w, https:\/\/www.italpassion.fr\/wp-content\/uploads\/2025\/02\/stellantis-full-chiffres-2024-18x4.jpg 18w, https:\/\/www.italpassion.fr\/wp-content\/uploads\/2025\/02\/stellantis-full-chiffres-2024-561x126.jpg 561w, https:\/\/www.italpassion.fr\/wp-content\/uploads\/2025\/02\/stellantis-full-chiffres-2024-265x59.jpg 265w, https:\/\/www.italpassion.fr\/wp-content\/uploads\/2025\/02\/stellantis-full-chiffres-2024-531x119.jpg 531w, https:\/\/www.italpassion.fr\/wp-content\/uploads\/2025\/02\/stellantis-full-chiffres-2024-364x82.jpg 364w, https:\/\/www.italpassion.fr\/wp-content\/uploads\/2025\/02\/stellantis-full-chiffres-2024-728x163.jpg 728w, https:\/\/www.italpassion.fr\/wp-content\/uploads\/2025\/02\/stellantis-full-chiffres-2024-608x136.jpg 608w, https:\/\/www.italpassion.fr\/wp-content\/uploads\/2025\/02\/stellantis-full-chiffres-2024-758x170.jpg 758w\" sizes=\"auto, (max-width: 987px) 100vw, 987px\" \/><\/figure>\n\n\n\n<p><strong>The year 2024 was particularly difficult for Stellantis, <\/strong>with a marked decline in financial performance. The Group's net sales amounted to <strong>156 billion euros<\/strong>a fall of <strong>18 %<\/strong> compared with 2023. This decline is largely attributable to lower sales and inventory reduction measures. The Group recorded a <strong>132 % of shipment volumes<\/strong>This decline was accentuated by the temporary absence of certain models from the range and a reduction in inventories worldwide.<\/p>\n\n\n\n<p>But the most spectacular decline was in earnings. With <strong>net profit of 5.5 billion euros,<\/strong> Stellantis saw its results fall by <strong>70 %<\/strong> compared with the previous year, with a margin of <strong>5,5 %. <\/strong> Industrial free cash flow was another dark spot. \u00c0 <strong>-6 billion euros<\/strong>The year saw a significant deterioration, as production adjustments and lower revenues put pressure on the Group's liquidity.<\/p>\n\n\n\n<figure class=\"wp-block-image size-full\"><img loading=\"lazy\" decoding=\"async\" width=\"848\" height=\"310\" src=\"https:\/\/www.italpassion.fr\/wp-content\/uploads\/2025\/02\/revenus-stellantis-par-region-2024.jpg\" alt=\"\" class=\"wp-image-36883\" srcset=\"https:\/\/www.italpassion.fr\/wp-content\/uploads\/2025\/02\/revenus-stellantis-par-region-2024.jpg 848w, https:\/\/www.italpassion.fr\/wp-content\/uploads\/2025\/02\/revenus-stellantis-par-region-2024-300x110.jpg 300w, https:\/\/www.italpassion.fr\/wp-content\/uploads\/2025\/02\/revenus-stellantis-par-region-2024-768x281.jpg 768w, https:\/\/www.italpassion.fr\/wp-content\/uploads\/2025\/02\/revenus-stellantis-par-region-2024-18x7.jpg 18w, https:\/\/www.italpassion.fr\/wp-content\/uploads\/2025\/02\/revenus-stellantis-par-region-2024-561x205.jpg 561w, https:\/\/www.italpassion.fr\/wp-content\/uploads\/2025\/02\/revenus-stellantis-par-region-2024-265x97.jpg 265w, https:\/\/www.italpassion.fr\/wp-content\/uploads\/2025\/02\/revenus-stellantis-par-region-2024-531x194.jpg 531w, https:\/\/www.italpassion.fr\/wp-content\/uploads\/2025\/02\/revenus-stellantis-par-region-2024-364x133.jpg 364w, https:\/\/www.italpassion.fr\/wp-content\/uploads\/2025\/02\/revenus-stellantis-par-region-2024-728x266.jpg 728w, https:\/\/www.italpassion.fr\/wp-content\/uploads\/2025\/02\/revenus-stellantis-par-region-2024-608x222.jpg 608w, https:\/\/www.italpassion.fr\/wp-content\/uploads\/2025\/02\/revenus-stellantis-par-region-2024-758x277.jpg 758w\" sizes=\"auto, (max-width: 848px) 100vw, 848px\" \/><figcaption class=\"wp-element-caption\">Source italpassion<\/figcaption><\/figure>\n\n\n\n<h2 class=\"wp-block-heading\">Dividend reduction<\/h2>\n\n\n\n<p><strong>In the past, Stellantis had distributed record dividends, <\/strong>the Group has decided to reduce this amount for 2025. The dividend per share, which was <strong>1.55 in 2024<\/strong>will be more than halved to <strong>0,68 \u20ac<\/strong> per share for the following year, a reduction of almost <strong>56 %<\/strong>. The aim of this decision is to strengthen the Group's liquidity in the face of a year 2024 marked by disappointing financial results and falling free cash flow.<\/p>\n\n\n\n<p>Although the dividend cut may be seen as a precautionary measure, it is nonetheless symbolic of Stellantis' determination to readjust and provide additional resources for the challenges ahead. <strong>This decrease is certainly a signal of prudence, aimed at ensuring long-term financial solidity,<\/strong> even if it may disappoint some shareholders.<\/p>\n\n\n\n<h2 class=\"wp-block-heading\">2025: unclear targets<\/h2>\n\n\n\n<p>The outlook for 2025 is equally uncertain. Stellantis expects <strong>positive sales growth<\/strong> and on a <strong>single-digit operating margin before non-recurring items<\/strong>but without precise figures. The group is also planning a return to <strong>positive industrial free cash flow<\/strong>which seems essential to boost market confidence after such a difficult year.<\/p>\n\n\n\n<p><strong>However, the objectives remain unclear, <\/strong>and Stellantis will be challenged to achieve its ambitions in an increasingly intense competitive environment, particularly in the face of the growing power of Chinese manufacturers. At the same time, the transition to electrified models continues, with <strong>10 launches expected by 2025 on STLA platforms,<\/strong> but the concrete results of these changes have yet to be proven.<\/p>\n\n\n\n<p><strong>The search for a new CEO, to be appointed in the first half of 2025, <\/strong>could provide new impetus for the group, but uncertainty remains over the future direction of the group, particularly after Carlos Tavares' resignation in November 2024. <a href=\"https:\/\/www.italpassion.fr\/en\/stellantis\/carlos-tavares-resigns-dare-forward-2030-no-longer-tenable-recap-of-figures\/\">The Group's long-term Dare Forward 2030 strategy could be reviewed<\/a>Many observers are waiting to see how the next leader will revive this 14-brand group.<\/p>","protected":false},"excerpt":{"rendered":"","protected":false},"author":1,"featured_media":35366,"comment_status":"open","ping_status":"open","sticky":false,"template":"","format":"standard","meta":{"_acf_changed":false,"_sitemap_exclude":false,"_sitemap_priority":"","_sitemap_frequency":"","footnotes":""},"categories":[29],"tags":[],"class_list":["post-36882","post","type-post","status-publish","format-standard","has-post-thumbnail","hentry","category-stellantis","generate-columns","tablet-grid-50","mobile-grid-100","grid-parent","grid-33"],"acf":[],"yoast_head":"<!-- This site is optimized with the Yoast SEO plugin v25.8 - https:\/\/yoast.com\/wordpress\/plugins\/seo\/ -->\n<title>Stellantis : des chiffres 2024 dans le rouge, des objectifs 2025 flous - ItalPassion<\/title>\n<meta name=\"description\" content=\"John Elkann, pr\u00e9sident de Stellantis L\u2019ann\u00e9e 2024 aura \u00e9t\u00e9 une ann\u00e9e difficile pour Stellantis. Si le groupe a enregistr\u00e9 des r\u00e9sultats financiers bien en\" \/>\n<meta name=\"robots\" content=\"index, follow, max-snippet:-1, max-image-preview:large, max-video-preview:-1\" \/>\n<link rel=\"canonical\" href=\"https:\/\/www.italpassion.fr\/en\/stellantis\/stellantis-2024-figures-in-the-red-fuzzy-2025-targets\/\" \/>\n<meta property=\"og:locale\" content=\"en_US\" \/>\n<meta property=\"og:type\" content=\"article\" \/>\n<meta property=\"og:title\" content=\"Stellantis : des chiffres 2024 dans le rouge, des objectifs 2025 flous - ItalPassion\" \/>\n<meta property=\"og:description\" content=\"John Elkann, pr\u00e9sident de Stellantis L\u2019ann\u00e9e 2024 aura \u00e9t\u00e9 une ann\u00e9e difficile pour Stellantis. Si le groupe a enregistr\u00e9 des r\u00e9sultats financiers bien en\" \/>\n<meta property=\"og:url\" content=\"https:\/\/www.italpassion.fr\/en\/stellantis\/stellantis-2024-figures-in-the-red-fuzzy-2025-targets\/\" \/>\n<meta property=\"og:site_name\" content=\"ItalPassion\" \/>\n<meta property=\"article:publisher\" content=\"https:\/\/www.facebook.com\/italpassion\" \/>\n<meta property=\"article:published_time\" content=\"2025-02-26T08:19:49+00:00\" \/>\n<meta property=\"article:modified_time\" content=\"2025-02-26T08:23:25+00:00\" \/>\n<meta property=\"og:image\" content=\"https:\/\/www.italpassion.fr\/wp-content\/uploads\/2024\/12\/john-elkann-stellantis.jpg\" \/>\n\t<meta property=\"og:image:width\" content=\"1200\" \/>\n\t<meta property=\"og:image:height\" content=\"800\" \/>\n\t<meta property=\"og:image:type\" content=\"image\/jpeg\" \/>\n<meta name=\"author\" content=\"Alexandre Filluzeau\" \/>\n<meta name=\"twitter:card\" content=\"summary_large_image\" \/>\n<meta name=\"twitter:creator\" content=\"@italpassion\" \/>\n<meta name=\"twitter:site\" content=\"@italpassion\" \/>\n<script type=\"application\/ld+json\" class=\"yoast-schema-graph\">{\"@context\":\"https:\/\/schema.org\",\"@graph\":[{\"@type\":\"NewsArticle\",\"@id\":\"https:\/\/www.italpassion.fr\/en\/stellantis\/stellantis-des-chiffres-2024-dans-le-rouge-des-objectifs-2025-flous\/#article\",\"isPartOf\":{\"@id\":\"https:\/\/www.italpassion.fr\/en\/stellantis\/stellantis-des-chiffres-2024-dans-le-rouge-des-objectifs-2025-flous\/\"},\"author\":{\"name\":\"Alexandre Filluzeau\",\"@id\":\"https:\/\/www.italpassion.fr\/en\/#\/schema\/person\/36f747b2a759ca202d847e85a9434ca0\"},\"headline\":\"Stellantis : des chiffres 2024 dans le rouge, des objectifs 2025 flous\",\"datePublished\":\"2025-02-26T08:19:49+00:00\",\"dateModified\":\"2025-02-26T08:23:25+00:00\",\"mainEntityOfPage\":{\"@id\":\"https:\/\/www.italpassion.fr\/en\/stellantis\/stellantis-des-chiffres-2024-dans-le-rouge-des-objectifs-2025-flous\/\"},\"wordCount\":622,\"commentCount\":1,\"publisher\":{\"@id\":\"https:\/\/www.italpassion.fr\/en\/#organization\"},\"image\":{\"@id\":\"https:\/\/www.italpassion.fr\/en\/stellantis\/stellantis-des-chiffres-2024-dans-le-rouge-des-objectifs-2025-flous\/#primaryimage\"},\"thumbnailUrl\":\"https:\/\/www.italpassion.fr\/wp-content\/uploads\/2024\/12\/john-elkann-stellantis.jpg\",\"articleSection\":[\"Stellantis\"],\"inLanguage\":\"en-US\",\"potentialAction\":[{\"@type\":\"CommentAction\",\"name\":\"Comment\",\"target\":[\"https:\/\/www.italpassion.fr\/en\/stellantis\/stellantis-des-chiffres-2024-dans-le-rouge-des-objectifs-2025-flous\/#respond\"]}]},{\"@type\":\"WebPage\",\"@id\":\"https:\/\/www.italpassion.fr\/en\/stellantis\/stellantis-des-chiffres-2024-dans-le-rouge-des-objectifs-2025-flous\/\",\"url\":\"https:\/\/www.italpassion.fr\/en\/stellantis\/stellantis-des-chiffres-2024-dans-le-rouge-des-objectifs-2025-flous\/\",\"name\":\"Stellantis : des chiffres 2024 dans le rouge, des objectifs 2025 flous - ItalPassion\",\"isPartOf\":{\"@id\":\"https:\/\/www.italpassion.fr\/en\/#website\"},\"primaryImageOfPage\":{\"@id\":\"https:\/\/www.italpassion.fr\/en\/stellantis\/stellantis-des-chiffres-2024-dans-le-rouge-des-objectifs-2025-flous\/#primaryimage\"},\"image\":{\"@id\":\"https:\/\/www.italpassion.fr\/en\/stellantis\/stellantis-des-chiffres-2024-dans-le-rouge-des-objectifs-2025-flous\/#primaryimage\"},\"thumbnailUrl\":\"https:\/\/www.italpassion.fr\/wp-content\/uploads\/2024\/12\/john-elkann-stellantis.jpg\",\"datePublished\":\"2025-02-26T08:19:49+00:00\",\"dateModified\":\"2025-02-26T08:23:25+00:00\",\"description\":\"John Elkann, pr\u00e9sident de Stellantis L\u2019ann\u00e9e 2024 aura \u00e9t\u00e9 une ann\u00e9e difficile pour Stellantis. Si le groupe a enregistr\u00e9 des r\u00e9sultats financiers bien en\",\"breadcrumb\":{\"@id\":\"https:\/\/www.italpassion.fr\/en\/stellantis\/stellantis-des-chiffres-2024-dans-le-rouge-des-objectifs-2025-flous\/#breadcrumb\"},\"inLanguage\":\"en-US\",\"potentialAction\":[{\"@type\":\"ReadAction\",\"target\":[\"https:\/\/www.italpassion.fr\/en\/stellantis\/stellantis-des-chiffres-2024-dans-le-rouge-des-objectifs-2025-flous\/\"]}]},{\"@type\":\"ImageObject\",\"inLanguage\":\"en-US\",\"@id\":\"https:\/\/www.italpassion.fr\/en\/stellantis\/stellantis-des-chiffres-2024-dans-le-rouge-des-objectifs-2025-flous\/#primaryimage\",\"url\":\"https:\/\/www.italpassion.fr\/wp-content\/uploads\/2024\/12\/john-elkann-stellantis.jpg\",\"contentUrl\":\"https:\/\/www.italpassion.fr\/wp-content\/uploads\/2024\/12\/john-elkann-stellantis.jpg\",\"width\":1200,\"height\":800},{\"@type\":\"BreadcrumbList\",\"@id\":\"https:\/\/www.italpassion.fr\/en\/stellantis\/stellantis-des-chiffres-2024-dans-le-rouge-des-objectifs-2025-flous\/#breadcrumb\",\"itemListElement\":[{\"@type\":\"ListItem\",\"position\":1,\"name\":\"Accueil\",\"item\":\"https:\/\/www.italpassion.fr\/en\/\"},{\"@type\":\"ListItem\",\"position\":2,\"name\":\"Stellantis : des chiffres 2024 dans le rouge, des objectifs 2025 flous\"}]},{\"@type\":\"WebSite\",\"@id\":\"https:\/\/www.italpassion.fr\/en\/#website\",\"url\":\"https:\/\/www.italpassion.fr\/en\/\",\"name\":\"ItalPassion\",\"description\":\"Les Passionn\u00e9s d&#039;Automobiles Italiennes\",\"publisher\":{\"@id\":\"https:\/\/www.italpassion.fr\/en\/#organization\"},\"potentialAction\":[{\"@type\":\"SearchAction\",\"target\":{\"@type\":\"EntryPoint\",\"urlTemplate\":\"https:\/\/www.italpassion.fr\/en\/?s={search_term_string}\"},\"query-input\":{\"@type\":\"PropertyValueSpecification\",\"valueRequired\":true,\"valueName\":\"search_term_string\"}}],\"inLanguage\":\"en-US\"},{\"@type\":\"Organization\",\"@id\":\"https:\/\/www.italpassion.fr\/en\/#organization\",\"name\":\"Italpassion\",\"url\":\"https:\/\/www.italpassion.fr\/en\/\",\"logo\":{\"@type\":\"ImageObject\",\"inLanguage\":\"en-US\",\"@id\":\"https:\/\/www.italpassion.fr\/en\/#\/schema\/logo\/image\/\",\"url\":\"https:\/\/www.italpassion.fr\/wp-content\/uploads\/2023\/07\/italpassion-yoast.jpg\",\"contentUrl\":\"https:\/\/www.italpassion.fr\/wp-content\/uploads\/2023\/07\/italpassion-yoast.jpg\",\"width\":696,\"height\":696,\"caption\":\"Italpassion\"},\"image\":{\"@id\":\"https:\/\/www.italpassion.fr\/en\/#\/schema\/logo\/image\/\"},\"sameAs\":[\"https:\/\/www.facebook.com\/italpassion\",\"https:\/\/x.com\/italpassion\",\"https:\/\/www.instagram.com\/italpassionfr\/\",\"https:\/\/www.youtube.com\/channel\/UCleq-ByQaA42OjhopwevRjQ\",\"https:\/\/www.facebook.com\/italpassion.en\/\",\"https:\/\/www.facebook.com\/italpassion.it\/\",\"https:\/\/www.facebook.com\/italpassion.de\/\",\"https:\/\/www.facebook.com\/italpassion.ja\/\"]},{\"@type\":\"Person\",\"@id\":\"https:\/\/www.italpassion.fr\/en\/#\/schema\/person\/36f747b2a759ca202d847e85a9434ca0\",\"name\":\"Alexandre Filluzeau\",\"image\":{\"@type\":\"ImageObject\",\"inLanguage\":\"en-US\",\"@id\":\"https:\/\/www.italpassion.fr\/en\/#\/schema\/person\/image\/\",\"url\":\"https:\/\/www.italpassion.fr\/wp-content\/uploads\/2025\/04\/avatar-alexandre-160x160.jpg\",\"contentUrl\":\"https:\/\/www.italpassion.fr\/wp-content\/uploads\/2025\/04\/avatar-alexandre-160x160.jpg\",\"caption\":\"Alexandre Filluzeau\"},\"description\":\"Fondateur du site ItalPassion, passionn\u00e9 de voitures italiennes et de l'Italie en g\u00e9n\u00e9ral. J'apporte un regard critique et technique aux actualit\u00e9s des marques italiennes quand cela est possible. Propri\u00e9taire d'une Maserati GranTurismo, Alfa Romeo MiTo, Lancia Fulvia et Ducati 695. Ex-propri\u00e9taire d'une Alfa Romeo Giulia.\",\"sameAs\":[\"https:\/\/www.italpassion.fr\/\"],\"url\":\"https:\/\/www.italpassion.fr\/en\/author\/alexandre\/\"}]}<\/script>\n<!-- \/ Yoast SEO plugin. -->","yoast_head_json":{"title":"Stellantis: 2024 figures in the red, 2025 targets unclear - ItalPassion","description":"John Elkann, President of Stellantis 2024 was a difficult year for Stellantis. While the Group's financial results were well below the","robots":{"index":"index","follow":"follow","max-snippet":"max-snippet:-1","max-image-preview":"max-image-preview:large","max-video-preview":"max-video-preview:-1"},"canonical":"https:\/\/www.italpassion.fr\/en\/stellantis\/stellantis-2024-figures-in-the-red-fuzzy-2025-targets\/","og_locale":"en_US","og_type":"article","og_title":"Stellantis : des chiffres 2024 dans le rouge, des objectifs 2025 flous - ItalPassion","og_description":"John Elkann, pr\u00e9sident de Stellantis L\u2019ann\u00e9e 2024 aura \u00e9t\u00e9 une ann\u00e9e difficile pour Stellantis. Si le groupe a enregistr\u00e9 des r\u00e9sultats financiers bien en","og_url":"https:\/\/www.italpassion.fr\/en\/stellantis\/stellantis-2024-figures-in-the-red-fuzzy-2025-targets\/","og_site_name":"ItalPassion","article_publisher":"https:\/\/www.facebook.com\/italpassion","article_published_time":"2025-02-26T08:19:49+00:00","article_modified_time":"2025-02-26T08:23:25+00:00","og_image":[{"width":1200,"height":800,"url":"https:\/\/www.italpassion.fr\/wp-content\/uploads\/2024\/12\/john-elkann-stellantis.jpg","type":"image\/jpeg"}],"author":"Alexandre Filluzeau","twitter_card":"summary_large_image","twitter_creator":"@italpassion","twitter_site":"@italpassion","schema":{"@context":"https:\/\/schema.org","@graph":[{"@type":"NewsArticle","@id":"https:\/\/www.italpassion.fr\/en\/stellantis\/stellantis-des-chiffres-2024-dans-le-rouge-des-objectifs-2025-flous\/#article","isPartOf":{"@id":"https:\/\/www.italpassion.fr\/en\/stellantis\/stellantis-des-chiffres-2024-dans-le-rouge-des-objectifs-2025-flous\/"},"author":{"name":"Alexandre Filluzeau","@id":"https:\/\/www.italpassion.fr\/en\/#\/schema\/person\/36f747b2a759ca202d847e85a9434ca0"},"headline":"Stellantis : des chiffres 2024 dans le rouge, des objectifs 2025 flous","datePublished":"2025-02-26T08:19:49+00:00","dateModified":"2025-02-26T08:23:25+00:00","mainEntityOfPage":{"@id":"https:\/\/www.italpassion.fr\/en\/stellantis\/stellantis-des-chiffres-2024-dans-le-rouge-des-objectifs-2025-flous\/"},"wordCount":622,"commentCount":1,"publisher":{"@id":"https:\/\/www.italpassion.fr\/en\/#organization"},"image":{"@id":"https:\/\/www.italpassion.fr\/en\/stellantis\/stellantis-des-chiffres-2024-dans-le-rouge-des-objectifs-2025-flous\/#primaryimage"},"thumbnailUrl":"https:\/\/www.italpassion.fr\/wp-content\/uploads\/2024\/12\/john-elkann-stellantis.jpg","articleSection":["Stellantis"],"inLanguage":"en-US","potentialAction":[{"@type":"CommentAction","name":"Comment","target":["https:\/\/www.italpassion.fr\/en\/stellantis\/stellantis-des-chiffres-2024-dans-le-rouge-des-objectifs-2025-flous\/#respond"]}]},{"@type":"WebPage","@id":"https:\/\/www.italpassion.fr\/en\/stellantis\/stellantis-des-chiffres-2024-dans-le-rouge-des-objectifs-2025-flous\/","url":"https:\/\/www.italpassion.fr\/en\/stellantis\/stellantis-des-chiffres-2024-dans-le-rouge-des-objectifs-2025-flous\/","name":"Stellantis: 2024 figures in the red, 2025 targets unclear - ItalPassion","isPartOf":{"@id":"https:\/\/www.italpassion.fr\/en\/#website"},"primaryImageOfPage":{"@id":"https:\/\/www.italpassion.fr\/en\/stellantis\/stellantis-des-chiffres-2024-dans-le-rouge-des-objectifs-2025-flous\/#primaryimage"},"image":{"@id":"https:\/\/www.italpassion.fr\/en\/stellantis\/stellantis-des-chiffres-2024-dans-le-rouge-des-objectifs-2025-flous\/#primaryimage"},"thumbnailUrl":"https:\/\/www.italpassion.fr\/wp-content\/uploads\/2024\/12\/john-elkann-stellantis.jpg","datePublished":"2025-02-26T08:19:49+00:00","dateModified":"2025-02-26T08:23:25+00:00","description":"John Elkann, President of Stellantis 2024 was a difficult year for Stellantis. While the Group's financial results were well below the","breadcrumb":{"@id":"https:\/\/www.italpassion.fr\/en\/stellantis\/stellantis-des-chiffres-2024-dans-le-rouge-des-objectifs-2025-flous\/#breadcrumb"},"inLanguage":"en-US","potentialAction":[{"@type":"ReadAction","target":["https:\/\/www.italpassion.fr\/en\/stellantis\/stellantis-des-chiffres-2024-dans-le-rouge-des-objectifs-2025-flous\/"]}]},{"@type":"ImageObject","inLanguage":"en-US","@id":"https:\/\/www.italpassion.fr\/en\/stellantis\/stellantis-des-chiffres-2024-dans-le-rouge-des-objectifs-2025-flous\/#primaryimage","url":"https:\/\/www.italpassion.fr\/wp-content\/uploads\/2024\/12\/john-elkann-stellantis.jpg","contentUrl":"https:\/\/www.italpassion.fr\/wp-content\/uploads\/2024\/12\/john-elkann-stellantis.jpg","width":1200,"height":800},{"@type":"BreadcrumbList","@id":"https:\/\/www.italpassion.fr\/en\/stellantis\/stellantis-des-chiffres-2024-dans-le-rouge-des-objectifs-2025-flous\/#breadcrumb","itemListElement":[{"@type":"ListItem","position":1,"name":"Accueil","item":"https:\/\/www.italpassion.fr\/en\/"},{"@type":"ListItem","position":2,"name":"Stellantis : des chiffres 2024 dans le rouge, des objectifs 2025 flous"}]},{"@type":"WebSite","@id":"https:\/\/www.italpassion.fr\/en\/#website","url":"https:\/\/www.italpassion.fr\/en\/","name":"ItalPassion","description":"Italian Car Enthusiasts","publisher":{"@id":"https:\/\/www.italpassion.fr\/en\/#organization"},"potentialAction":[{"@type":"SearchAction","target":{"@type":"EntryPoint","urlTemplate":"https:\/\/www.italpassion.fr\/en\/?s={search_term_string}"},"query-input":{"@type":"PropertyValueSpecification","valueRequired":true,"valueName":"search_term_string"}}],"inLanguage":"en-US"},{"@type":"Organization","@id":"https:\/\/www.italpassion.fr\/en\/#organization","name":"Italpassion","url":"https:\/\/www.italpassion.fr\/en\/","logo":{"@type":"ImageObject","inLanguage":"en-US","@id":"https:\/\/www.italpassion.fr\/en\/#\/schema\/logo\/image\/","url":"https:\/\/www.italpassion.fr\/wp-content\/uploads\/2023\/07\/italpassion-yoast.jpg","contentUrl":"https:\/\/www.italpassion.fr\/wp-content\/uploads\/2023\/07\/italpassion-yoast.jpg","width":696,"height":696,"caption":"Italpassion"},"image":{"@id":"https:\/\/www.italpassion.fr\/en\/#\/schema\/logo\/image\/"},"sameAs":["https:\/\/www.facebook.com\/italpassion","https:\/\/x.com\/italpassion","https:\/\/www.instagram.com\/italpassionfr\/","https:\/\/www.youtube.com\/channel\/UCleq-ByQaA42OjhopwevRjQ","https:\/\/www.facebook.com\/italpassion.en\/","https:\/\/www.facebook.com\/italpassion.it\/","https:\/\/www.facebook.com\/italpassion.de\/","https:\/\/www.facebook.com\/italpassion.ja\/"]},{"@type":"Person","@id":"https:\/\/www.italpassion.fr\/en\/#\/schema\/person\/36f747b2a759ca202d847e85a9434ca0","name":"Alexandre Filluzeau","image":{"@type":"ImageObject","inLanguage":"en-US","@id":"https:\/\/www.italpassion.fr\/en\/#\/schema\/person\/image\/","url":"https:\/\/www.italpassion.fr\/wp-content\/uploads\/2025\/04\/avatar-alexandre-160x160.jpg","contentUrl":"https:\/\/www.italpassion.fr\/wp-content\/uploads\/2025\/04\/avatar-alexandre-160x160.jpg","caption":"Alexandre Filluzeau"},"description":"Founder of the ItalPassion website, passionate about Italian cars and Italy in general. I bring a critical and technical eye to the news of Italian brands when possible. Owner of a Maserati GranTurismo, Alfa Romeo MiTo, Lancia Fulvia and Ducati 695. Ex-owner of an Alfa Romeo Giulia.","sameAs":["https:\/\/www.italpassion.fr\/"],"url":"https:\/\/www.italpassion.fr\/en\/author\/alexandre\/"}]}},"_links":{"self":[{"href":"https:\/\/www.italpassion.fr\/en\/wp-json\/wp\/v2\/posts\/36882","targetHints":{"allow":["GET"]}}],"collection":[{"href":"https:\/\/www.italpassion.fr\/en\/wp-json\/wp\/v2\/posts"}],"about":[{"href":"https:\/\/www.italpassion.fr\/en\/wp-json\/wp\/v2\/types\/post"}],"author":[{"embeddable":true,"href":"https:\/\/www.italpassion.fr\/en\/wp-json\/wp\/v2\/users\/1"}],"replies":[{"embeddable":true,"href":"https:\/\/www.italpassion.fr\/en\/wp-json\/wp\/v2\/comments?post=36882"}],"version-history":[{"count":2,"href":"https:\/\/www.italpassion.fr\/en\/wp-json\/wp\/v2\/posts\/36882\/revisions"}],"predecessor-version":[{"id":36888,"href":"https:\/\/www.italpassion.fr\/en\/wp-json\/wp\/v2\/posts\/36882\/revisions\/36888"}],"wp:featuredmedia":[{"embeddable":true,"href":"https:\/\/www.italpassion.fr\/en\/wp-json\/wp\/v2\/media\/35366"}],"wp:attachment":[{"href":"https:\/\/www.italpassion.fr\/en\/wp-json\/wp\/v2\/media?parent=36882"}],"wp:term":[{"taxonomy":"category","embeddable":true,"href":"https:\/\/www.italpassion.fr\/en\/wp-json\/wp\/v2\/categories?post=36882"},{"taxonomy":"post_tag","embeddable":true,"href":"https:\/\/www.italpassion.fr\/en\/wp-json\/wp\/v2\/tags?post=36882"}],"curies":[{"name":"wp","href":"https:\/\/api.w.org\/{rel}","templated":true}]}}