{"id":35141,"date":"2024-11-23T11:14:56","date_gmt":"2024-11-23T10:14:56","guid":{"rendered":"https:\/\/www.italpassion.fr\/?p=35141"},"modified":"2024-11-23T11:14:58","modified_gmt":"2024-11-23T10:14:58","slug":"lamborghini-makes-radical-decision-for-its-hypercar-which-will-not-take-part-in-the-wec-2025-championship","status":"publish","type":"post","link":"https:\/\/www.italpassion.fr\/en\/competition\/lamborghini-decision-radicale-pour-son-hypercar-qui-ne-participera-pas-au-championnat-wec-2025\/","title":{"rendered":"Lamborghini: radical decision for its hypercar, which will not take part in the 2025 WEC championship"},"content":{"rendered":"<p><strong>It's now official: <a href=\"https:\/\/www.italpassion.fr\/en\/lamborghini\/\">Lamborghini<\/a> will not be present on the FIA World Endurance Championship (WEC) grid in 2025. <\/strong>After weeks of speculation and uncertainty, one year on <a href=\"https:\/\/www.italpassion.fr\/en\/competition\/lamborghini-sc63-the-hybrid-supercar-that-will-defy-the-ferrari-499p\/\">the announcement of Lamborghini's arrival in WEC<\/a>the list of registrants for next season has been confirmed<strong> the absence of the Italian brand,<\/strong> followed by an official statement announcing the suspension of its sports program in <a href=\"https:\/\/www.italpassion.fr\/en\/competition\/wec\/\">WEC<\/a>. This decision marks a turning point in the history of the Squadra Corse, which made a promising debut in 2024 with the SC63 LMDh in the Hypercar category.<\/p>\n\n\n\n<figure class=\"wp-block-image size-large\"><img loading=\"lazy\" decoding=\"async\" width=\"1024\" height=\"683\" src=\"https:\/\/www.italpassion.fr\/wp-content\/uploads\/2024\/11\/lamborhini-sc63-1024x683.jpg\" alt=\"\" class=\"wp-image-35144\" srcset=\"https:\/\/www.italpassion.fr\/wp-content\/uploads\/2024\/11\/lamborhini-sc63-1024x683.jpg 1024w, https:\/\/www.italpassion.fr\/wp-content\/uploads\/2024\/11\/lamborhini-sc63-300x200.jpg 300w, https:\/\/www.italpassion.fr\/wp-content\/uploads\/2024\/11\/lamborhini-sc63-768x512.jpg 768w, https:\/\/www.italpassion.fr\/wp-content\/uploads\/2024\/11\/lamborhini-sc63-18x12.jpg 18w, https:\/\/www.italpassion.fr\/wp-content\/uploads\/2024\/11\/lamborhini-sc63-561x374.jpg 561w, https:\/\/www.italpassion.fr\/wp-content\/uploads\/2024\/11\/lamborhini-sc63-1122x748.jpg 1122w, https:\/\/www.italpassion.fr\/wp-content\/uploads\/2024\/11\/lamborhini-sc63-265x177.jpg 265w, https:\/\/www.italpassion.fr\/wp-content\/uploads\/2024\/11\/lamborhini-sc63-531x354.jpg 531w, https:\/\/www.italpassion.fr\/wp-content\/uploads\/2024\/11\/lamborhini-sc63-364x243.jpg 364w, https:\/\/www.italpassion.fr\/wp-content\/uploads\/2024\/11\/lamborhini-sc63-728x485.jpg 728w, https:\/\/www.italpassion.fr\/wp-content\/uploads\/2024\/11\/lamborhini-sc63-608x405.jpg 608w, https:\/\/www.italpassion.fr\/wp-content\/uploads\/2024\/11\/lamborhini-sc63-758x505.jpg 758w, https:\/\/www.italpassion.fr\/wp-content\/uploads\/2024\/11\/lamborhini-sc63-1152x768.jpg 1152w, https:\/\/www.italpassion.fr\/wp-content\/uploads\/2024\/11\/lamborhini-sc63.jpg 1200w\" sizes=\"auto, (max-width: 1024px) 100vw, 1024px\" \/><\/figure>\n\n\n\n<h2 class=\"wp-block-heading\">A decision with multiple causes<\/h2>\n\n\n\n<p>The news may not come as a total surprise to observers, but it's still a very welcome development.<strong> a major blow for Lamborghini and its fans. <\/strong>After a difficult season in Hypercar and LMGT3, marked by mixed results - a top 10 finish at Le Mans, a Hyperpole at Fuji, and a podium finish at Spa-Francorchamps in GT3 - the Italian automaker faces major challenges.<\/p>\n\n\n\n<p>On the one hand, the relationship with its technical partner Iron Lynx has seriously deteriorated (it has just announced its partnership with Mercedes). On the other hand, the WEC regulations imposing two cars per manufacturer in Hypercar from 2025 were a decisive factor. <strong>Lamborghini felt that these new requirements were no longer in line with its strategy.<\/strong>The SC63's development had already been precipitated by the need for rapid homologation after a major accident during initial testing.<\/p>\n\n\n\n<figure class=\"wp-block-image size-large\"><img loading=\"lazy\" decoding=\"async\" width=\"1024\" height=\"603\" src=\"https:\/\/www.italpassion.fr\/wp-content\/uploads\/2024\/11\/iron-lyx-1024x603.jpg\" alt=\"\" class=\"wp-image-35142\" srcset=\"https:\/\/www.italpassion.fr\/wp-content\/uploads\/2024\/11\/iron-lyx-1024x603.jpg 1024w, https:\/\/www.italpassion.fr\/wp-content\/uploads\/2024\/11\/iron-lyx-300x177.jpg 300w, https:\/\/www.italpassion.fr\/wp-content\/uploads\/2024\/11\/iron-lyx-768x452.jpg 768w, https:\/\/www.italpassion.fr\/wp-content\/uploads\/2024\/11\/iron-lyx-18x12.jpg 18w, https:\/\/www.italpassion.fr\/wp-content\/uploads\/2024\/11\/iron-lyx-561x331.jpg 561w, https:\/\/www.italpassion.fr\/wp-content\/uploads\/2024\/11\/iron-lyx-1122x661.jpg 1122w, https:\/\/www.italpassion.fr\/wp-content\/uploads\/2024\/11\/iron-lyx-265x156.jpg 265w, https:\/\/www.italpassion.fr\/wp-content\/uploads\/2024\/11\/iron-lyx-531x313.jpg 531w, https:\/\/www.italpassion.fr\/wp-content\/uploads\/2024\/11\/iron-lyx-364x214.jpg 364w, https:\/\/www.italpassion.fr\/wp-content\/uploads\/2024\/11\/iron-lyx-728x429.jpg 728w, https:\/\/www.italpassion.fr\/wp-content\/uploads\/2024\/11\/iron-lyx-608x358.jpg 608w, https:\/\/www.italpassion.fr\/wp-content\/uploads\/2024\/11\/iron-lyx-758x447.jpg 758w, https:\/\/www.italpassion.fr\/wp-content\/uploads\/2024\/11\/iron-lyx-1152x679.jpg 1152w, https:\/\/www.italpassion.fr\/wp-content\/uploads\/2024\/11\/iron-lyx.jpg 1200w\" sizes=\"auto, (max-width: 1024px) 100vw, 1024px\" \/><\/figure>\n\n\n\n<p>Unofficially,<strong> The decision may also reflect the financial difficulties of the Volkswagen Group, which owns Lamborghini.<\/strong> At a time when the Group has to cope with declining financial results, it must also finance Audi's entry into Formula 1, scheduled for 2026. Audi, another Group brand, is already considering selling part of its stake in the Sauber team, recently acquired for this project.<\/p>\n\n\n\n<p>These budget constraints <strong>could explain why Lamborghini did not wish to extend its WEC commitment. <\/strong>which requires ever-increasing investment. This withdrawal, though strategic, could have long-term repercussions for Lamborghini's image, as it withdraws from a championship at the height of endurance racing's \"golden age\".<\/p>\n\n\n\n<h2 class=\"wp-block-heading\">A strategic and definitive pause?<\/h2>\n\n\n\n<figure class=\"wp-block-image size-large\"><img loading=\"lazy\" decoding=\"async\" width=\"819\" height=\"1024\" src=\"https:\/\/www.italpassion.fr\/wp-content\/uploads\/2024\/11\/lamborghini-wec-2025-819x1024.jpg\" alt=\"\" class=\"wp-image-35143\" srcset=\"https:\/\/www.italpassion.fr\/wp-content\/uploads\/2024\/11\/lamborghini-wec-2025-819x1024.jpg 819w, https:\/\/www.italpassion.fr\/wp-content\/uploads\/2024\/11\/lamborghini-wec-2025-240x300.jpg 240w, https:\/\/www.italpassion.fr\/wp-content\/uploads\/2024\/11\/lamborghini-wec-2025-768x960.jpg 768w, https:\/\/www.italpassion.fr\/wp-content\/uploads\/2024\/11\/lamborghini-wec-2025-10x12.jpg 10w, https:\/\/www.italpassion.fr\/wp-content\/uploads\/2024\/11\/lamborghini-wec-2025-561x701.jpg 561w, https:\/\/www.italpassion.fr\/wp-content\/uploads\/2024\/11\/lamborghini-wec-2025-1122x1403.jpg 1122w, https:\/\/www.italpassion.fr\/wp-content\/uploads\/2024\/11\/lamborghini-wec-2025-265x331.jpg 265w, https:\/\/www.italpassion.fr\/wp-content\/uploads\/2024\/11\/lamborghini-wec-2025-531x664.jpg 531w, https:\/\/www.italpassion.fr\/wp-content\/uploads\/2024\/11\/lamborghini-wec-2025-364x455.jpg 364w, https:\/\/www.italpassion.fr\/wp-content\/uploads\/2024\/11\/lamborghini-wec-2025-728x910.jpg 728w, https:\/\/www.italpassion.fr\/wp-content\/uploads\/2024\/11\/lamborghini-wec-2025-608x760.jpg 608w, https:\/\/www.italpassion.fr\/wp-content\/uploads\/2024\/11\/lamborghini-wec-2025-758x948.jpg 758w, https:\/\/www.italpassion.fr\/wp-content\/uploads\/2024\/11\/lamborghini-wec-2025-1152x1440.jpg 1152w, https:\/\/www.italpassion.fr\/wp-content\/uploads\/2024\/11\/lamborghini-wec-2025.jpg 1200w\" sizes=\"auto, (max-width: 819px) 100vw, 819px\" \/><\/figure>\n\n\n\n<p>Nevertheless, Lamborghini has announced that it will concentrate its efforts on the IMSA WeatherTech SportsCar Championship, where the SC63 hypercar will continue to race. A full endurance program, with a potential second car for the major events, is envisaged. <strong>At the same time, the brand is refocusing on the development of the Temerario GT3, scheduled for 2026.<\/strong>in the hope of making a stronger comeback on the motor racing scene.<\/p>\n\n\n\n<p>However, this pause leaves <strong>uncertainty over Lamborghini's future in WEC.<\/strong> While Lamborghini promises to remain ambitious for the future, the Italian brand will have to prove, through its results in IMSA and the development of its GT program, that it can make a strong comeback. However, there's no guarantee at present that we'll see another hypercar from the Italian brand in WEC, for example in 2026.<\/p>","protected":false},"excerpt":{"rendered":"","protected":false},"author":1,"featured_media":35144,"comment_status":"open","ping_status":"open","sticky":false,"template":"","format":"standard","meta":{"_acf_changed":false,"_sitemap_exclude":false,"_sitemap_priority":"","_sitemap_frequency":"","footnotes":""},"categories":[25,323,327],"tags":[],"class_list":["post-35141","post","type-post","status-publish","format-standard","has-post-thumbnail","hentry","category-lamborghini","category-competition","category-wec","generate-columns","tablet-grid-50","mobile-grid-100","grid-parent","grid-33"],"acf":[],"yoast_head":"<!-- This site is optimized with the Yoast SEO plugin v25.8 - https:\/\/yoast.com\/wordpress\/plugins\/seo\/ -->\n<title>Lamborghini : d\u00e9cision radicale pour son hypercar qui ne participera pas au championnat WEC 2025 - ItalPassion<\/title>\n<meta name=\"description\" content=\"C\u2019est d\u00e9sormais officiel : Lamborghini ne sera pas pr\u00e9sent sur la grille du FIA World Endurance Championship (WEC) en 2025. Apr\u00e8s des semaines de\" \/>\n<meta name=\"robots\" content=\"index, follow, max-snippet:-1, max-image-preview:large, max-video-preview:-1\" \/>\n<link rel=\"canonical\" href=\"https:\/\/www.italpassion.fr\/en\/competition\/lamborghini-makes-radical-decision-for-its-hypercar-which-will-not-take-part-in-the-wec-2025-championship\/\" \/>\n<meta property=\"og:locale\" content=\"en_US\" \/>\n<meta property=\"og:type\" content=\"article\" \/>\n<meta property=\"og:title\" content=\"Lamborghini : d\u00e9cision radicale pour son hypercar qui ne participera pas au championnat WEC 2025 - ItalPassion\" \/>\n<meta property=\"og:description\" content=\"C\u2019est d\u00e9sormais officiel : Lamborghini ne sera pas pr\u00e9sent sur la grille du FIA World Endurance Championship (WEC) en 2025. Apr\u00e8s des semaines de\" \/>\n<meta property=\"og:url\" content=\"https:\/\/www.italpassion.fr\/en\/competition\/lamborghini-makes-radical-decision-for-its-hypercar-which-will-not-take-part-in-the-wec-2025-championship\/\" \/>\n<meta property=\"og:site_name\" content=\"ItalPassion\" \/>\n<meta property=\"article:publisher\" content=\"https:\/\/www.facebook.com\/italpassion\" \/>\n<meta property=\"article:published_time\" content=\"2024-11-23T10:14:56+00:00\" \/>\n<meta property=\"article:modified_time\" content=\"2024-11-23T10:14:58+00:00\" \/>\n<meta property=\"og:image\" content=\"https:\/\/www.italpassion.fr\/wp-content\/uploads\/2024\/11\/lamborhini-sc63.jpg\" \/>\n\t<meta property=\"og:image:width\" content=\"1200\" \/>\n\t<meta property=\"og:image:height\" content=\"800\" \/>\n\t<meta property=\"og:image:type\" content=\"image\/jpeg\" \/>\n<meta name=\"author\" content=\"Alexandre Filluzeau\" \/>\n<meta name=\"twitter:card\" content=\"summary_large_image\" \/>\n<meta name=\"twitter:creator\" content=\"@italpassion\" \/>\n<meta name=\"twitter:site\" content=\"@italpassion\" \/>\n<script type=\"application\/ld+json\" class=\"yoast-schema-graph\">{\"@context\":\"https:\/\/schema.org\",\"@graph\":[{\"@type\":\"NewsArticle\",\"@id\":\"https:\/\/www.italpassion.fr\/en\/competition\/lamborghini-decision-radicale-pour-son-hypercar-qui-ne-participera-pas-au-championnat-wec-2025\/#article\",\"isPartOf\":{\"@id\":\"https:\/\/www.italpassion.fr\/en\/competition\/lamborghini-decision-radicale-pour-son-hypercar-qui-ne-participera-pas-au-championnat-wec-2025\/\"},\"author\":{\"name\":\"Alexandre Filluzeau\",\"@id\":\"https:\/\/www.italpassion.fr\/en\/#\/schema\/person\/36f747b2a759ca202d847e85a9434ca0\"},\"headline\":\"Lamborghini : d\u00e9cision radicale pour son hypercar qui ne participera pas au championnat WEC 2025\",\"datePublished\":\"2024-11-23T10:14:56+00:00\",\"dateModified\":\"2024-11-23T10:14:58+00:00\",\"mainEntityOfPage\":{\"@id\":\"https:\/\/www.italpassion.fr\/en\/competition\/lamborghini-decision-radicale-pour-son-hypercar-qui-ne-participera-pas-au-championnat-wec-2025\/\"},\"wordCount\":571,\"commentCount\":0,\"publisher\":{\"@id\":\"https:\/\/www.italpassion.fr\/en\/#organization\"},\"image\":{\"@id\":\"https:\/\/www.italpassion.fr\/en\/competition\/lamborghini-decision-radicale-pour-son-hypercar-qui-ne-participera-pas-au-championnat-wec-2025\/#primaryimage\"},\"thumbnailUrl\":\"https:\/\/www.italpassion.fr\/wp-content\/uploads\/2024\/11\/lamborhini-sc63.jpg\",\"articleSection\":[\"Lamborghini\",\"Sport Auto\",\"WEC\"],\"inLanguage\":\"en-US\",\"potentialAction\":[{\"@type\":\"CommentAction\",\"name\":\"Comment\",\"target\":[\"https:\/\/www.italpassion.fr\/en\/competition\/lamborghini-decision-radicale-pour-son-hypercar-qui-ne-participera-pas-au-championnat-wec-2025\/#respond\"]}]},{\"@type\":\"WebPage\",\"@id\":\"https:\/\/www.italpassion.fr\/en\/competition\/lamborghini-decision-radicale-pour-son-hypercar-qui-ne-participera-pas-au-championnat-wec-2025\/\",\"url\":\"https:\/\/www.italpassion.fr\/en\/competition\/lamborghini-decision-radicale-pour-son-hypercar-qui-ne-participera-pas-au-championnat-wec-2025\/\",\"name\":\"Lamborghini : d\u00e9cision radicale pour son hypercar qui ne participera pas au championnat WEC 2025 - ItalPassion\",\"isPartOf\":{\"@id\":\"https:\/\/www.italpassion.fr\/en\/#website\"},\"primaryImageOfPage\":{\"@id\":\"https:\/\/www.italpassion.fr\/en\/competition\/lamborghini-decision-radicale-pour-son-hypercar-qui-ne-participera-pas-au-championnat-wec-2025\/#primaryimage\"},\"image\":{\"@id\":\"https:\/\/www.italpassion.fr\/en\/competition\/lamborghini-decision-radicale-pour-son-hypercar-qui-ne-participera-pas-au-championnat-wec-2025\/#primaryimage\"},\"thumbnailUrl\":\"https:\/\/www.italpassion.fr\/wp-content\/uploads\/2024\/11\/lamborhini-sc63.jpg\",\"datePublished\":\"2024-11-23T10:14:56+00:00\",\"dateModified\":\"2024-11-23T10:14:58+00:00\",\"description\":\"C\u2019est d\u00e9sormais officiel : Lamborghini ne sera pas pr\u00e9sent sur la grille du FIA World Endurance Championship (WEC) en 2025. Apr\u00e8s des semaines de\",\"breadcrumb\":{\"@id\":\"https:\/\/www.italpassion.fr\/en\/competition\/lamborghini-decision-radicale-pour-son-hypercar-qui-ne-participera-pas-au-championnat-wec-2025\/#breadcrumb\"},\"inLanguage\":\"en-US\",\"potentialAction\":[{\"@type\":\"ReadAction\",\"target\":[\"https:\/\/www.italpassion.fr\/en\/competition\/lamborghini-decision-radicale-pour-son-hypercar-qui-ne-participera-pas-au-championnat-wec-2025\/\"]}]},{\"@type\":\"ImageObject\",\"inLanguage\":\"en-US\",\"@id\":\"https:\/\/www.italpassion.fr\/en\/competition\/lamborghini-decision-radicale-pour-son-hypercar-qui-ne-participera-pas-au-championnat-wec-2025\/#primaryimage\",\"url\":\"https:\/\/www.italpassion.fr\/wp-content\/uploads\/2024\/11\/lamborhini-sc63.jpg\",\"contentUrl\":\"https:\/\/www.italpassion.fr\/wp-content\/uploads\/2024\/11\/lamborhini-sc63.jpg\",\"width\":1200,\"height\":800},{\"@type\":\"BreadcrumbList\",\"@id\":\"https:\/\/www.italpassion.fr\/en\/competition\/lamborghini-decision-radicale-pour-son-hypercar-qui-ne-participera-pas-au-championnat-wec-2025\/#breadcrumb\",\"itemListElement\":[{\"@type\":\"ListItem\",\"position\":1,\"name\":\"Accueil\",\"item\":\"https:\/\/www.italpassion.fr\/en\/\"},{\"@type\":\"ListItem\",\"position\":2,\"name\":\"Lamborghini : d\u00e9cision radicale pour son hypercar qui ne participera pas au championnat WEC 2025\"}]},{\"@type\":\"WebSite\",\"@id\":\"https:\/\/www.italpassion.fr\/en\/#website\",\"url\":\"https:\/\/www.italpassion.fr\/en\/\",\"name\":\"ItalPassion\",\"description\":\"Les Passionn\u00e9s d&#039;Automobiles Italiennes\",\"publisher\":{\"@id\":\"https:\/\/www.italpassion.fr\/en\/#organization\"},\"potentialAction\":[{\"@type\":\"SearchAction\",\"target\":{\"@type\":\"EntryPoint\",\"urlTemplate\":\"https:\/\/www.italpassion.fr\/en\/?s={search_term_string}\"},\"query-input\":{\"@type\":\"PropertyValueSpecification\",\"valueRequired\":true,\"valueName\":\"search_term_string\"}}],\"inLanguage\":\"en-US\"},{\"@type\":\"Organization\",\"@id\":\"https:\/\/www.italpassion.fr\/en\/#organization\",\"name\":\"Italpassion\",\"url\":\"https:\/\/www.italpassion.fr\/en\/\",\"logo\":{\"@type\":\"ImageObject\",\"inLanguage\":\"en-US\",\"@id\":\"https:\/\/www.italpassion.fr\/en\/#\/schema\/logo\/image\/\",\"url\":\"https:\/\/www.italpassion.fr\/wp-content\/uploads\/2023\/07\/italpassion-yoast.jpg\",\"contentUrl\":\"https:\/\/www.italpassion.fr\/wp-content\/uploads\/2023\/07\/italpassion-yoast.jpg\",\"width\":696,\"height\":696,\"caption\":\"Italpassion\"},\"image\":{\"@id\":\"https:\/\/www.italpassion.fr\/en\/#\/schema\/logo\/image\/\"},\"sameAs\":[\"https:\/\/www.facebook.com\/italpassion\",\"https:\/\/x.com\/italpassion\",\"https:\/\/www.instagram.com\/italpassionfr\/\",\"https:\/\/www.youtube.com\/channel\/UCleq-ByQaA42OjhopwevRjQ\",\"https:\/\/www.facebook.com\/italpassion.en\/\",\"https:\/\/www.facebook.com\/italpassion.it\/\",\"https:\/\/www.facebook.com\/italpassion.de\/\",\"https:\/\/www.facebook.com\/italpassion.ja\/\"]},{\"@type\":\"Person\",\"@id\":\"https:\/\/www.italpassion.fr\/en\/#\/schema\/person\/36f747b2a759ca202d847e85a9434ca0\",\"name\":\"Alexandre Filluzeau\",\"image\":{\"@type\":\"ImageObject\",\"inLanguage\":\"en-US\",\"@id\":\"https:\/\/www.italpassion.fr\/en\/#\/schema\/person\/image\/\",\"url\":\"https:\/\/www.italpassion.fr\/wp-content\/uploads\/2025\/04\/avatar-alexandre-160x160.jpg\",\"contentUrl\":\"https:\/\/www.italpassion.fr\/wp-content\/uploads\/2025\/04\/avatar-alexandre-160x160.jpg\",\"caption\":\"Alexandre Filluzeau\"},\"description\":\"Fondateur du site ItalPassion, passionn\u00e9 de voitures italiennes et de l'Italie en g\u00e9n\u00e9ral. J'apporte un regard critique et technique aux actualit\u00e9s des marques italiennes quand cela est possible. Propri\u00e9taire d'une Maserati GranTurismo, Alfa Romeo MiTo, Lancia Fulvia et Ducati 695. Ex-propri\u00e9taire d'une Alfa Romeo Giulia.\",\"sameAs\":[\"https:\/\/www.italpassion.fr\/\"],\"url\":\"https:\/\/www.italpassion.fr\/en\/author\/alexandre\/\"}]}<\/script>\n<!-- \/ Yoast SEO plugin. -->","yoast_head_json":{"title":"Lamborghini: radical decision for its hypercar, which will not take part in the 2025 WEC championship - ItalPassion","description":"It's now official: Lamborghini will not be present on the grid of the FIA World Endurance Championship (WEC) in 2025. After weeks of","robots":{"index":"index","follow":"follow","max-snippet":"max-snippet:-1","max-image-preview":"max-image-preview:large","max-video-preview":"max-video-preview:-1"},"canonical":"https:\/\/www.italpassion.fr\/en\/competition\/lamborghini-makes-radical-decision-for-its-hypercar-which-will-not-take-part-in-the-wec-2025-championship\/","og_locale":"en_US","og_type":"article","og_title":"Lamborghini : d\u00e9cision radicale pour son hypercar qui ne participera pas au championnat WEC 2025 - ItalPassion","og_description":"C\u2019est d\u00e9sormais officiel : Lamborghini ne sera pas pr\u00e9sent sur la grille du FIA World Endurance Championship (WEC) en 2025. Apr\u00e8s des semaines de","og_url":"https:\/\/www.italpassion.fr\/en\/competition\/lamborghini-makes-radical-decision-for-its-hypercar-which-will-not-take-part-in-the-wec-2025-championship\/","og_site_name":"ItalPassion","article_publisher":"https:\/\/www.facebook.com\/italpassion","article_published_time":"2024-11-23T10:14:56+00:00","article_modified_time":"2024-11-23T10:14:58+00:00","og_image":[{"width":1200,"height":800,"url":"https:\/\/www.italpassion.fr\/wp-content\/uploads\/2024\/11\/lamborhini-sc63.jpg","type":"image\/jpeg"}],"author":"Alexandre Filluzeau","twitter_card":"summary_large_image","twitter_creator":"@italpassion","twitter_site":"@italpassion","schema":{"@context":"https:\/\/schema.org","@graph":[{"@type":"NewsArticle","@id":"https:\/\/www.italpassion.fr\/en\/competition\/lamborghini-decision-radicale-pour-son-hypercar-qui-ne-participera-pas-au-championnat-wec-2025\/#article","isPartOf":{"@id":"https:\/\/www.italpassion.fr\/en\/competition\/lamborghini-decision-radicale-pour-son-hypercar-qui-ne-participera-pas-au-championnat-wec-2025\/"},"author":{"name":"Alexandre Filluzeau","@id":"https:\/\/www.italpassion.fr\/en\/#\/schema\/person\/36f747b2a759ca202d847e85a9434ca0"},"headline":"Lamborghini : d\u00e9cision radicale pour son hypercar qui ne participera pas au championnat WEC 2025","datePublished":"2024-11-23T10:14:56+00:00","dateModified":"2024-11-23T10:14:58+00:00","mainEntityOfPage":{"@id":"https:\/\/www.italpassion.fr\/en\/competition\/lamborghini-decision-radicale-pour-son-hypercar-qui-ne-participera-pas-au-championnat-wec-2025\/"},"wordCount":571,"commentCount":0,"publisher":{"@id":"https:\/\/www.italpassion.fr\/en\/#organization"},"image":{"@id":"https:\/\/www.italpassion.fr\/en\/competition\/lamborghini-decision-radicale-pour-son-hypercar-qui-ne-participera-pas-au-championnat-wec-2025\/#primaryimage"},"thumbnailUrl":"https:\/\/www.italpassion.fr\/wp-content\/uploads\/2024\/11\/lamborhini-sc63.jpg","articleSection":["Lamborghini","Sport Auto","WEC"],"inLanguage":"en-US","potentialAction":[{"@type":"CommentAction","name":"Comment","target":["https:\/\/www.italpassion.fr\/en\/competition\/lamborghini-decision-radicale-pour-son-hypercar-qui-ne-participera-pas-au-championnat-wec-2025\/#respond"]}]},{"@type":"WebPage","@id":"https:\/\/www.italpassion.fr\/en\/competition\/lamborghini-decision-radicale-pour-son-hypercar-qui-ne-participera-pas-au-championnat-wec-2025\/","url":"https:\/\/www.italpassion.fr\/en\/competition\/lamborghini-decision-radicale-pour-son-hypercar-qui-ne-participera-pas-au-championnat-wec-2025\/","name":"Lamborghini: radical decision for its hypercar, which will not take part in the 2025 WEC championship - ItalPassion","isPartOf":{"@id":"https:\/\/www.italpassion.fr\/en\/#website"},"primaryImageOfPage":{"@id":"https:\/\/www.italpassion.fr\/en\/competition\/lamborghini-decision-radicale-pour-son-hypercar-qui-ne-participera-pas-au-championnat-wec-2025\/#primaryimage"},"image":{"@id":"https:\/\/www.italpassion.fr\/en\/competition\/lamborghini-decision-radicale-pour-son-hypercar-qui-ne-participera-pas-au-championnat-wec-2025\/#primaryimage"},"thumbnailUrl":"https:\/\/www.italpassion.fr\/wp-content\/uploads\/2024\/11\/lamborhini-sc63.jpg","datePublished":"2024-11-23T10:14:56+00:00","dateModified":"2024-11-23T10:14:58+00:00","description":"It's now official: Lamborghini will not be present on the grid of the FIA World Endurance Championship (WEC) in 2025. After weeks of","breadcrumb":{"@id":"https:\/\/www.italpassion.fr\/en\/competition\/lamborghini-decision-radicale-pour-son-hypercar-qui-ne-participera-pas-au-championnat-wec-2025\/#breadcrumb"},"inLanguage":"en-US","potentialAction":[{"@type":"ReadAction","target":["https:\/\/www.italpassion.fr\/en\/competition\/lamborghini-decision-radicale-pour-son-hypercar-qui-ne-participera-pas-au-championnat-wec-2025\/"]}]},{"@type":"ImageObject","inLanguage":"en-US","@id":"https:\/\/www.italpassion.fr\/en\/competition\/lamborghini-decision-radicale-pour-son-hypercar-qui-ne-participera-pas-au-championnat-wec-2025\/#primaryimage","url":"https:\/\/www.italpassion.fr\/wp-content\/uploads\/2024\/11\/lamborhini-sc63.jpg","contentUrl":"https:\/\/www.italpassion.fr\/wp-content\/uploads\/2024\/11\/lamborhini-sc63.jpg","width":1200,"height":800},{"@type":"BreadcrumbList","@id":"https:\/\/www.italpassion.fr\/en\/competition\/lamborghini-decision-radicale-pour-son-hypercar-qui-ne-participera-pas-au-championnat-wec-2025\/#breadcrumb","itemListElement":[{"@type":"ListItem","position":1,"name":"Accueil","item":"https:\/\/www.italpassion.fr\/en\/"},{"@type":"ListItem","position":2,"name":"Lamborghini : d\u00e9cision radicale pour son hypercar qui ne participera pas au championnat WEC 2025"}]},{"@type":"WebSite","@id":"https:\/\/www.italpassion.fr\/en\/#website","url":"https:\/\/www.italpassion.fr\/en\/","name":"ItalPassion","description":"Italian Car Enthusiasts","publisher":{"@id":"https:\/\/www.italpassion.fr\/en\/#organization"},"potentialAction":[{"@type":"SearchAction","target":{"@type":"EntryPoint","urlTemplate":"https:\/\/www.italpassion.fr\/en\/?s={search_term_string}"},"query-input":{"@type":"PropertyValueSpecification","valueRequired":true,"valueName":"search_term_string"}}],"inLanguage":"en-US"},{"@type":"Organization","@id":"https:\/\/www.italpassion.fr\/en\/#organization","name":"Italpassion","url":"https:\/\/www.italpassion.fr\/en\/","logo":{"@type":"ImageObject","inLanguage":"en-US","@id":"https:\/\/www.italpassion.fr\/en\/#\/schema\/logo\/image\/","url":"https:\/\/www.italpassion.fr\/wp-content\/uploads\/2023\/07\/italpassion-yoast.jpg","contentUrl":"https:\/\/www.italpassion.fr\/wp-content\/uploads\/2023\/07\/italpassion-yoast.jpg","width":696,"height":696,"caption":"Italpassion"},"image":{"@id":"https:\/\/www.italpassion.fr\/en\/#\/schema\/logo\/image\/"},"sameAs":["https:\/\/www.facebook.com\/italpassion","https:\/\/x.com\/italpassion","https:\/\/www.instagram.com\/italpassionfr\/","https:\/\/www.youtube.com\/channel\/UCleq-ByQaA42OjhopwevRjQ","https:\/\/www.facebook.com\/italpassion.en\/","https:\/\/www.facebook.com\/italpassion.it\/","https:\/\/www.facebook.com\/italpassion.de\/","https:\/\/www.facebook.com\/italpassion.ja\/"]},{"@type":"Person","@id":"https:\/\/www.italpassion.fr\/en\/#\/schema\/person\/36f747b2a759ca202d847e85a9434ca0","name":"Alexandre Filluzeau","image":{"@type":"ImageObject","inLanguage":"en-US","@id":"https:\/\/www.italpassion.fr\/en\/#\/schema\/person\/image\/","url":"https:\/\/www.italpassion.fr\/wp-content\/uploads\/2025\/04\/avatar-alexandre-160x160.jpg","contentUrl":"https:\/\/www.italpassion.fr\/wp-content\/uploads\/2025\/04\/avatar-alexandre-160x160.jpg","caption":"Alexandre Filluzeau"},"description":"Founder of the ItalPassion website, passionate about Italian cars and Italy in general. I bring a critical and technical eye to the news of Italian brands when possible. Owner of a Maserati GranTurismo, Alfa Romeo MiTo, Lancia Fulvia and Ducati 695. Ex-owner of an Alfa Romeo Giulia.","sameAs":["https:\/\/www.italpassion.fr\/"],"url":"https:\/\/www.italpassion.fr\/en\/author\/alexandre\/"}]}},"_links":{"self":[{"href":"https:\/\/www.italpassion.fr\/en\/wp-json\/wp\/v2\/posts\/35141","targetHints":{"allow":["GET"]}}],"collection":[{"href":"https:\/\/www.italpassion.fr\/en\/wp-json\/wp\/v2\/posts"}],"about":[{"href":"https:\/\/www.italpassion.fr\/en\/wp-json\/wp\/v2\/types\/post"}],"author":[{"embeddable":true,"href":"https:\/\/www.italpassion.fr\/en\/wp-json\/wp\/v2\/users\/1"}],"replies":[{"embeddable":true,"href":"https:\/\/www.italpassion.fr\/en\/wp-json\/wp\/v2\/comments?post=35141"}],"version-history":[{"count":2,"href":"https:\/\/www.italpassion.fr\/en\/wp-json\/wp\/v2\/posts\/35141\/revisions"}],"predecessor-version":[{"id":35146,"href":"https:\/\/www.italpassion.fr\/en\/wp-json\/wp\/v2\/posts\/35141\/revisions\/35146"}],"wp:featuredmedia":[{"embeddable":true,"href":"https:\/\/www.italpassion.fr\/en\/wp-json\/wp\/v2\/media\/35144"}],"wp:attachment":[{"href":"https:\/\/www.italpassion.fr\/en\/wp-json\/wp\/v2\/media?parent=35141"}],"wp:term":[{"taxonomy":"category","embeddable":true,"href":"https:\/\/www.italpassion.fr\/en\/wp-json\/wp\/v2\/categories?post=35141"},{"taxonomy":"post_tag","embeddable":true,"href":"https:\/\/www.italpassion.fr\/en\/wp-json\/wp\/v2\/tags?post=35141"}],"curies":[{"name":"wp","href":"https:\/\/api.w.org\/{rel}","templated":true}]}}