{"id":34035,"date":"2024-05-23T14:33:52","date_gmt":"2024-05-23T12:33:52","guid":{"rendered":"https:\/\/www.italpassion.fr\/?p=34035"},"modified":"2024-05-23T14:33:54","modified_gmt":"2024-05-23T12:33:54","slug":"italian-appointed-head-of-lancia-design","status":"publish","type":"post","link":"https:\/\/www.italpassion.fr\/en\/lancia\/un-italien-nomme-a-la-tete-du-design-de-lancia\/","title":{"rendered":"Italian appointed to head Lancia's design department"},"content":{"rendered":"<figure class=\"wp-block-image size-large\"><img loading=\"lazy\" decoding=\"async\" width=\"1024\" height=\"683\" src=\"https:\/\/www.italpassion.fr\/wp-content\/uploads\/2024\/05\/Gianni-Colonello-1024x683.jpg\" alt=\"\" class=\"wp-image-34036\" srcset=\"https:\/\/www.italpassion.fr\/wp-content\/uploads\/2024\/05\/Gianni-Colonello-1024x683.jpg 1024w, https:\/\/www.italpassion.fr\/wp-content\/uploads\/2024\/05\/Gianni-Colonello-300x200.jpg 300w, https:\/\/www.italpassion.fr\/wp-content\/uploads\/2024\/05\/Gianni-Colonello-768x512.jpg 768w, https:\/\/www.italpassion.fr\/wp-content\/uploads\/2024\/05\/Gianni-Colonello-18x12.jpg 18w, https:\/\/www.italpassion.fr\/wp-content\/uploads\/2024\/05\/Gianni-Colonello-561x374.jpg 561w, https:\/\/www.italpassion.fr\/wp-content\/uploads\/2024\/05\/Gianni-Colonello-1122x748.jpg 1122w, https:\/\/www.italpassion.fr\/wp-content\/uploads\/2024\/05\/Gianni-Colonello-265x177.jpg 265w, https:\/\/www.italpassion.fr\/wp-content\/uploads\/2024\/05\/Gianni-Colonello-531x354.jpg 531w, https:\/\/www.italpassion.fr\/wp-content\/uploads\/2024\/05\/Gianni-Colonello-364x243.jpg 364w, https:\/\/www.italpassion.fr\/wp-content\/uploads\/2024\/05\/Gianni-Colonello-728x485.jpg 728w, https:\/\/www.italpassion.fr\/wp-content\/uploads\/2024\/05\/Gianni-Colonello-608x405.jpg 608w, https:\/\/www.italpassion.fr\/wp-content\/uploads\/2024\/05\/Gianni-Colonello-758x505.jpg 758w, https:\/\/www.italpassion.fr\/wp-content\/uploads\/2024\/05\/Gianni-Colonello-1152x768.jpg 1152w, https:\/\/www.italpassion.fr\/wp-content\/uploads\/2024\/05\/Gianni-Colonello-600x400.jpg 600w, https:\/\/www.italpassion.fr\/wp-content\/uploads\/2024\/05\/Gianni-Colonello.jpg 1200w\" sizes=\"auto, (max-width: 1024px) 100vw, 1024px\" \/><\/figure>\n\n\n\n<p><strong><a href=\"https:\/\/www.italpassion.fr\/en\/lancia\/\">Lancia<\/a> announces appointment of Gianni Colonello as Head of Design<\/strong>Jean-Pierre Plou\u00e9, Chief Design Officer of Stellantis. This appointment marks a significant step in the brand's evolution as it strives to redefine its image and strengthen its position in the European automotive market.<\/p>\n\n\n\n<p>Gianni Colonello, a well-known figure in the automotive industry, has been <strong>responsible for Lancia's interior design from 2021 to 2024.<\/strong> During this period, he was instrumental in defining the brand's new design language. His expertise was instrumental in creating the interiors of the new Ypsilon, the Lancia Pu+Ra HPE concept, and the entire new range of the Italian brand.<\/p>\n\n\n\n<p>Before joining Lancia, Colonello held the position of <strong>Head of Interior Design at Maserati from 2012 to 2021<\/strong>. During this period, he oversaw the development of concept and production cars for the Trident brand, contributing to several iconic Maserati models.<\/p>\n\n\n\n<p>Colonello's career path is also marked by international experience. <strong>From 2011 to 2012, he worked at FCA North America's Design Center.<\/strong> as Lead Designer, located in Metro Detroit, Michigan. Prior to that, he began his career <strong>in 2002 at Fiat Auto, <\/strong>where he held various positions within the Design Center, rising through the ranks and taking on increasingly important responsibilities.<\/p>\n\n\n\n<p>Gianni Colonello's appointment comes at a strategic time for Lancia, which is back with a new range: the Ypsilon, which will gradually reach European markets in 2024, the Ypsilon HF in 2025, the Gamma in 2026 and the Delta in 2028.<\/p>\n\n\n\n<p>Source : auto&amp;design (thanks Luc)<\/p>","protected":false},"excerpt":{"rendered":"","protected":false},"author":1,"featured_media":34037,"comment_status":"open","ping_status":"open","sticky":false,"template":"","format":"standard","meta":{"_acf_changed":false,"_sitemap_exclude":false,"_sitemap_priority":"","_sitemap_frequency":"","footnotes":""},"categories":[26],"tags":[],"class_list":["post-34035","post","type-post","status-publish","format-standard","has-post-thumbnail","hentry","category-lancia","generate-columns","tablet-grid-50","mobile-grid-100","grid-parent","grid-33"],"acf":[],"yoast_head":"<!-- This site is optimized with the Yoast SEO plugin v25.8 - https:\/\/yoast.com\/wordpress\/plugins\/seo\/ -->\n<title>Un Italien nomm\u00e9 \u00e0 la t\u00eate du design de Lancia - ItalPassion<\/title>\n<meta name=\"description\" content=\"Lancia annonce la nomination de Gianni Colonello au poste de Chef du Design, succ\u00e9dant \u00e0 Jean-Pierre Plou\u00e9, Chief Design Officer de Stellantis. Cette\" \/>\n<meta name=\"robots\" content=\"index, follow, max-snippet:-1, max-image-preview:large, max-video-preview:-1\" \/>\n<link rel=\"canonical\" href=\"https:\/\/www.italpassion.fr\/en\/lancia\/italian-appointed-head-of-lancia-design\/\" \/>\n<meta property=\"og:locale\" content=\"en_US\" \/>\n<meta property=\"og:type\" content=\"article\" \/>\n<meta property=\"og:title\" content=\"Un Italien nomm\u00e9 \u00e0 la t\u00eate du design de Lancia - ItalPassion\" \/>\n<meta property=\"og:description\" content=\"Lancia annonce la nomination de Gianni Colonello au poste de Chef du Design, succ\u00e9dant \u00e0 Jean-Pierre Plou\u00e9, Chief Design Officer de Stellantis. Cette\" \/>\n<meta property=\"og:url\" content=\"https:\/\/www.italpassion.fr\/en\/lancia\/italian-appointed-head-of-lancia-design\/\" \/>\n<meta property=\"og:site_name\" content=\"ItalPassion\" \/>\n<meta property=\"article:publisher\" content=\"https:\/\/www.facebook.com\/italpassion\" \/>\n<meta property=\"article:published_time\" content=\"2024-05-23T12:33:52+00:00\" \/>\n<meta property=\"article:modified_time\" content=\"2024-05-23T12:33:54+00:00\" \/>\n<meta property=\"og:image\" content=\"https:\/\/www.italpassion.fr\/wp-content\/uploads\/2024\/05\/Gianni-Colonello-1.jpg\" \/>\n\t<meta property=\"og:image:width\" content=\"1200\" \/>\n\t<meta property=\"og:image:height\" content=\"800\" \/>\n\t<meta property=\"og:image:type\" content=\"image\/jpeg\" \/>\n<meta name=\"author\" content=\"Alexandre Filluzeau\" \/>\n<meta name=\"twitter:card\" content=\"summary_large_image\" \/>\n<meta name=\"twitter:creator\" content=\"@italpassion\" \/>\n<meta name=\"twitter:site\" content=\"@italpassion\" \/>\n<script type=\"application\/ld+json\" class=\"yoast-schema-graph\">{\"@context\":\"https:\/\/schema.org\",\"@graph\":[{\"@type\":\"NewsArticle\",\"@id\":\"https:\/\/www.italpassion.fr\/en\/lancia\/un-italien-nomme-a-la-tete-du-design-de-lancia\/#article\",\"isPartOf\":{\"@id\":\"https:\/\/www.italpassion.fr\/en\/lancia\/un-italien-nomme-a-la-tete-du-design-de-lancia\/\"},\"author\":{\"name\":\"Alexandre Filluzeau\",\"@id\":\"https:\/\/www.italpassion.fr\/en\/#\/schema\/person\/36f747b2a759ca202d847e85a9434ca0\"},\"headline\":\"Un Italien nomm\u00e9 \u00e0 la t\u00eate du design de Lancia\",\"datePublished\":\"2024-05-23T12:33:52+00:00\",\"dateModified\":\"2024-05-23T12:33:54+00:00\",\"mainEntityOfPage\":{\"@id\":\"https:\/\/www.italpassion.fr\/en\/lancia\/un-italien-nomme-a-la-tete-du-design-de-lancia\/\"},\"wordCount\":312,\"commentCount\":1,\"publisher\":{\"@id\":\"https:\/\/www.italpassion.fr\/en\/#organization\"},\"image\":{\"@id\":\"https:\/\/www.italpassion.fr\/en\/lancia\/un-italien-nomme-a-la-tete-du-design-de-lancia\/#primaryimage\"},\"thumbnailUrl\":\"https:\/\/www.italpassion.fr\/wp-content\/uploads\/2024\/05\/Gianni-Colonello-1.jpg\",\"articleSection\":[\"Lancia\"],\"inLanguage\":\"en-US\",\"potentialAction\":[{\"@type\":\"CommentAction\",\"name\":\"Comment\",\"target\":[\"https:\/\/www.italpassion.fr\/en\/lancia\/un-italien-nomme-a-la-tete-du-design-de-lancia\/#respond\"]}]},{\"@type\":\"WebPage\",\"@id\":\"https:\/\/www.italpassion.fr\/en\/lancia\/un-italien-nomme-a-la-tete-du-design-de-lancia\/\",\"url\":\"https:\/\/www.italpassion.fr\/en\/lancia\/un-italien-nomme-a-la-tete-du-design-de-lancia\/\",\"name\":\"Un Italien nomm\u00e9 \u00e0 la t\u00eate du design de Lancia - ItalPassion\",\"isPartOf\":{\"@id\":\"https:\/\/www.italpassion.fr\/en\/#website\"},\"primaryImageOfPage\":{\"@id\":\"https:\/\/www.italpassion.fr\/en\/lancia\/un-italien-nomme-a-la-tete-du-design-de-lancia\/#primaryimage\"},\"image\":{\"@id\":\"https:\/\/www.italpassion.fr\/en\/lancia\/un-italien-nomme-a-la-tete-du-design-de-lancia\/#primaryimage\"},\"thumbnailUrl\":\"https:\/\/www.italpassion.fr\/wp-content\/uploads\/2024\/05\/Gianni-Colonello-1.jpg\",\"datePublished\":\"2024-05-23T12:33:52+00:00\",\"dateModified\":\"2024-05-23T12:33:54+00:00\",\"description\":\"Lancia annonce la nomination de Gianni Colonello au poste de Chef du Design, succ\u00e9dant \u00e0 Jean-Pierre Plou\u00e9, Chief Design Officer de Stellantis. Cette\",\"breadcrumb\":{\"@id\":\"https:\/\/www.italpassion.fr\/en\/lancia\/un-italien-nomme-a-la-tete-du-design-de-lancia\/#breadcrumb\"},\"inLanguage\":\"en-US\",\"potentialAction\":[{\"@type\":\"ReadAction\",\"target\":[\"https:\/\/www.italpassion.fr\/en\/lancia\/un-italien-nomme-a-la-tete-du-design-de-lancia\/\"]}]},{\"@type\":\"ImageObject\",\"inLanguage\":\"en-US\",\"@id\":\"https:\/\/www.italpassion.fr\/en\/lancia\/un-italien-nomme-a-la-tete-du-design-de-lancia\/#primaryimage\",\"url\":\"https:\/\/www.italpassion.fr\/wp-content\/uploads\/2024\/05\/Gianni-Colonello-1.jpg\",\"contentUrl\":\"https:\/\/www.italpassion.fr\/wp-content\/uploads\/2024\/05\/Gianni-Colonello-1.jpg\",\"width\":1200,\"height\":800},{\"@type\":\"BreadcrumbList\",\"@id\":\"https:\/\/www.italpassion.fr\/en\/lancia\/un-italien-nomme-a-la-tete-du-design-de-lancia\/#breadcrumb\",\"itemListElement\":[{\"@type\":\"ListItem\",\"position\":1,\"name\":\"Accueil\",\"item\":\"https:\/\/www.italpassion.fr\/en\/\"},{\"@type\":\"ListItem\",\"position\":2,\"name\":\"Un Italien nomm\u00e9 \u00e0 la t\u00eate du design de Lancia\"}]},{\"@type\":\"WebSite\",\"@id\":\"https:\/\/www.italpassion.fr\/en\/#website\",\"url\":\"https:\/\/www.italpassion.fr\/en\/\",\"name\":\"ItalPassion\",\"description\":\"Les Passionn\u00e9s d&#039;Automobiles Italiennes\",\"publisher\":{\"@id\":\"https:\/\/www.italpassion.fr\/en\/#organization\"},\"potentialAction\":[{\"@type\":\"SearchAction\",\"target\":{\"@type\":\"EntryPoint\",\"urlTemplate\":\"https:\/\/www.italpassion.fr\/en\/?s={search_term_string}\"},\"query-input\":{\"@type\":\"PropertyValueSpecification\",\"valueRequired\":true,\"valueName\":\"search_term_string\"}}],\"inLanguage\":\"en-US\"},{\"@type\":\"Organization\",\"@id\":\"https:\/\/www.italpassion.fr\/en\/#organization\",\"name\":\"Italpassion\",\"url\":\"https:\/\/www.italpassion.fr\/en\/\",\"logo\":{\"@type\":\"ImageObject\",\"inLanguage\":\"en-US\",\"@id\":\"https:\/\/www.italpassion.fr\/en\/#\/schema\/logo\/image\/\",\"url\":\"https:\/\/www.italpassion.fr\/wp-content\/uploads\/2023\/07\/italpassion-yoast.jpg\",\"contentUrl\":\"https:\/\/www.italpassion.fr\/wp-content\/uploads\/2023\/07\/italpassion-yoast.jpg\",\"width\":696,\"height\":696,\"caption\":\"Italpassion\"},\"image\":{\"@id\":\"https:\/\/www.italpassion.fr\/en\/#\/schema\/logo\/image\/\"},\"sameAs\":[\"https:\/\/www.facebook.com\/italpassion\",\"https:\/\/x.com\/italpassion\",\"https:\/\/www.instagram.com\/italpassionfr\/\",\"https:\/\/www.youtube.com\/channel\/UCleq-ByQaA42OjhopwevRjQ\",\"https:\/\/www.facebook.com\/italpassion.en\/\",\"https:\/\/www.facebook.com\/italpassion.it\/\",\"https:\/\/www.facebook.com\/italpassion.de\/\",\"https:\/\/www.facebook.com\/italpassion.ja\/\"]},{\"@type\":\"Person\",\"@id\":\"https:\/\/www.italpassion.fr\/en\/#\/schema\/person\/36f747b2a759ca202d847e85a9434ca0\",\"name\":\"Alexandre Filluzeau\",\"image\":{\"@type\":\"ImageObject\",\"inLanguage\":\"en-US\",\"@id\":\"https:\/\/www.italpassion.fr\/en\/#\/schema\/person\/image\/\",\"url\":\"https:\/\/www.italpassion.fr\/wp-content\/uploads\/2025\/04\/avatar-alexandre-160x160.jpg\",\"contentUrl\":\"https:\/\/www.italpassion.fr\/wp-content\/uploads\/2025\/04\/avatar-alexandre-160x160.jpg\",\"caption\":\"Alexandre Filluzeau\"},\"description\":\"Fondateur du site ItalPassion, passionn\u00e9 de voitures italiennes et de l'Italie en g\u00e9n\u00e9ral. J'apporte un regard critique et technique aux actualit\u00e9s des marques italiennes quand cela est possible. Propri\u00e9taire d'une Maserati GranTurismo, Alfa Romeo MiTo, Lancia Fulvia et Ducati 695. Ex-propri\u00e9taire d'une Alfa Romeo Giulia.\",\"sameAs\":[\"https:\/\/www.italpassion.fr\/\"],\"url\":\"https:\/\/www.italpassion.fr\/en\/author\/alexandre\/\"}]}<\/script>\n<!-- \/ Yoast SEO plugin. -->","yoast_head_json":{"title":"Italian appointed to head Lancia's design department - ItalPassion","description":"Lancia announces the appointment of Gianni Colonello as Head of Design, succeeding Jean-Pierre Plou\u00e9, Chief Design Officer of Stellantis. This","robots":{"index":"index","follow":"follow","max-snippet":"max-snippet:-1","max-image-preview":"max-image-preview:large","max-video-preview":"max-video-preview:-1"},"canonical":"https:\/\/www.italpassion.fr\/en\/lancia\/italian-appointed-head-of-lancia-design\/","og_locale":"en_US","og_type":"article","og_title":"Un Italien nomm\u00e9 \u00e0 la t\u00eate du design de Lancia - ItalPassion","og_description":"Lancia annonce la nomination de Gianni Colonello au poste de Chef du Design, succ\u00e9dant \u00e0 Jean-Pierre Plou\u00e9, Chief Design Officer de Stellantis. Cette","og_url":"https:\/\/www.italpassion.fr\/en\/lancia\/italian-appointed-head-of-lancia-design\/","og_site_name":"ItalPassion","article_publisher":"https:\/\/www.facebook.com\/italpassion","article_published_time":"2024-05-23T12:33:52+00:00","article_modified_time":"2024-05-23T12:33:54+00:00","og_image":[{"width":1200,"height":800,"url":"https:\/\/www.italpassion.fr\/wp-content\/uploads\/2024\/05\/Gianni-Colonello-1.jpg","type":"image\/jpeg"}],"author":"Alexandre Filluzeau","twitter_card":"summary_large_image","twitter_creator":"@italpassion","twitter_site":"@italpassion","schema":{"@context":"https:\/\/schema.org","@graph":[{"@type":"NewsArticle","@id":"https:\/\/www.italpassion.fr\/en\/lancia\/un-italien-nomme-a-la-tete-du-design-de-lancia\/#article","isPartOf":{"@id":"https:\/\/www.italpassion.fr\/en\/lancia\/un-italien-nomme-a-la-tete-du-design-de-lancia\/"},"author":{"name":"Alexandre Filluzeau","@id":"https:\/\/www.italpassion.fr\/en\/#\/schema\/person\/36f747b2a759ca202d847e85a9434ca0"},"headline":"Un Italien nomm\u00e9 \u00e0 la t\u00eate du design de Lancia","datePublished":"2024-05-23T12:33:52+00:00","dateModified":"2024-05-23T12:33:54+00:00","mainEntityOfPage":{"@id":"https:\/\/www.italpassion.fr\/en\/lancia\/un-italien-nomme-a-la-tete-du-design-de-lancia\/"},"wordCount":312,"commentCount":1,"publisher":{"@id":"https:\/\/www.italpassion.fr\/en\/#organization"},"image":{"@id":"https:\/\/www.italpassion.fr\/en\/lancia\/un-italien-nomme-a-la-tete-du-design-de-lancia\/#primaryimage"},"thumbnailUrl":"https:\/\/www.italpassion.fr\/wp-content\/uploads\/2024\/05\/Gianni-Colonello-1.jpg","articleSection":["Lancia"],"inLanguage":"en-US","potentialAction":[{"@type":"CommentAction","name":"Comment","target":["https:\/\/www.italpassion.fr\/en\/lancia\/un-italien-nomme-a-la-tete-du-design-de-lancia\/#respond"]}]},{"@type":"WebPage","@id":"https:\/\/www.italpassion.fr\/en\/lancia\/un-italien-nomme-a-la-tete-du-design-de-lancia\/","url":"https:\/\/www.italpassion.fr\/en\/lancia\/un-italien-nomme-a-la-tete-du-design-de-lancia\/","name":"Italian appointed to head Lancia's design department - ItalPassion","isPartOf":{"@id":"https:\/\/www.italpassion.fr\/en\/#website"},"primaryImageOfPage":{"@id":"https:\/\/www.italpassion.fr\/en\/lancia\/un-italien-nomme-a-la-tete-du-design-de-lancia\/#primaryimage"},"image":{"@id":"https:\/\/www.italpassion.fr\/en\/lancia\/un-italien-nomme-a-la-tete-du-design-de-lancia\/#primaryimage"},"thumbnailUrl":"https:\/\/www.italpassion.fr\/wp-content\/uploads\/2024\/05\/Gianni-Colonello-1.jpg","datePublished":"2024-05-23T12:33:52+00:00","dateModified":"2024-05-23T12:33:54+00:00","description":"Lancia announces the appointment of Gianni Colonello as Head of Design, succeeding Jean-Pierre Plou\u00e9, Chief Design Officer of Stellantis. This","breadcrumb":{"@id":"https:\/\/www.italpassion.fr\/en\/lancia\/un-italien-nomme-a-la-tete-du-design-de-lancia\/#breadcrumb"},"inLanguage":"en-US","potentialAction":[{"@type":"ReadAction","target":["https:\/\/www.italpassion.fr\/en\/lancia\/un-italien-nomme-a-la-tete-du-design-de-lancia\/"]}]},{"@type":"ImageObject","inLanguage":"en-US","@id":"https:\/\/www.italpassion.fr\/en\/lancia\/un-italien-nomme-a-la-tete-du-design-de-lancia\/#primaryimage","url":"https:\/\/www.italpassion.fr\/wp-content\/uploads\/2024\/05\/Gianni-Colonello-1.jpg","contentUrl":"https:\/\/www.italpassion.fr\/wp-content\/uploads\/2024\/05\/Gianni-Colonello-1.jpg","width":1200,"height":800},{"@type":"BreadcrumbList","@id":"https:\/\/www.italpassion.fr\/en\/lancia\/un-italien-nomme-a-la-tete-du-design-de-lancia\/#breadcrumb","itemListElement":[{"@type":"ListItem","position":1,"name":"Accueil","item":"https:\/\/www.italpassion.fr\/en\/"},{"@type":"ListItem","position":2,"name":"Un Italien nomm\u00e9 \u00e0 la t\u00eate du design de Lancia"}]},{"@type":"WebSite","@id":"https:\/\/www.italpassion.fr\/en\/#website","url":"https:\/\/www.italpassion.fr\/en\/","name":"ItalPassion","description":"Italian Car Enthusiasts","publisher":{"@id":"https:\/\/www.italpassion.fr\/en\/#organization"},"potentialAction":[{"@type":"SearchAction","target":{"@type":"EntryPoint","urlTemplate":"https:\/\/www.italpassion.fr\/en\/?s={search_term_string}"},"query-input":{"@type":"PropertyValueSpecification","valueRequired":true,"valueName":"search_term_string"}}],"inLanguage":"en-US"},{"@type":"Organization","@id":"https:\/\/www.italpassion.fr\/en\/#organization","name":"Italpassion","url":"https:\/\/www.italpassion.fr\/en\/","logo":{"@type":"ImageObject","inLanguage":"en-US","@id":"https:\/\/www.italpassion.fr\/en\/#\/schema\/logo\/image\/","url":"https:\/\/www.italpassion.fr\/wp-content\/uploads\/2023\/07\/italpassion-yoast.jpg","contentUrl":"https:\/\/www.italpassion.fr\/wp-content\/uploads\/2023\/07\/italpassion-yoast.jpg","width":696,"height":696,"caption":"Italpassion"},"image":{"@id":"https:\/\/www.italpassion.fr\/en\/#\/schema\/logo\/image\/"},"sameAs":["https:\/\/www.facebook.com\/italpassion","https:\/\/x.com\/italpassion","https:\/\/www.instagram.com\/italpassionfr\/","https:\/\/www.youtube.com\/channel\/UCleq-ByQaA42OjhopwevRjQ","https:\/\/www.facebook.com\/italpassion.en\/","https:\/\/www.facebook.com\/italpassion.it\/","https:\/\/www.facebook.com\/italpassion.de\/","https:\/\/www.facebook.com\/italpassion.ja\/"]},{"@type":"Person","@id":"https:\/\/www.italpassion.fr\/en\/#\/schema\/person\/36f747b2a759ca202d847e85a9434ca0","name":"Alexandre Filluzeau","image":{"@type":"ImageObject","inLanguage":"en-US","@id":"https:\/\/www.italpassion.fr\/en\/#\/schema\/person\/image\/","url":"https:\/\/www.italpassion.fr\/wp-content\/uploads\/2025\/04\/avatar-alexandre-160x160.jpg","contentUrl":"https:\/\/www.italpassion.fr\/wp-content\/uploads\/2025\/04\/avatar-alexandre-160x160.jpg","caption":"Alexandre Filluzeau"},"description":"Founder of the ItalPassion website, passionate about Italian cars and Italy in general. I bring a critical and technical eye to the news of Italian brands when possible. Owner of a Maserati GranTurismo, Alfa Romeo MiTo, Lancia Fulvia and Ducati 695. Ex-owner of an Alfa Romeo Giulia.","sameAs":["https:\/\/www.italpassion.fr\/"],"url":"https:\/\/www.italpassion.fr\/en\/author\/alexandre\/"}]}},"_links":{"self":[{"href":"https:\/\/www.italpassion.fr\/en\/wp-json\/wp\/v2\/posts\/34035","targetHints":{"allow":["GET"]}}],"collection":[{"href":"https:\/\/www.italpassion.fr\/en\/wp-json\/wp\/v2\/posts"}],"about":[{"href":"https:\/\/www.italpassion.fr\/en\/wp-json\/wp\/v2\/types\/post"}],"author":[{"embeddable":true,"href":"https:\/\/www.italpassion.fr\/en\/wp-json\/wp\/v2\/users\/1"}],"replies":[{"embeddable":true,"href":"https:\/\/www.italpassion.fr\/en\/wp-json\/wp\/v2\/comments?post=34035"}],"version-history":[{"count":2,"href":"https:\/\/www.italpassion.fr\/en\/wp-json\/wp\/v2\/posts\/34035\/revisions"}],"predecessor-version":[{"id":34039,"href":"https:\/\/www.italpassion.fr\/en\/wp-json\/wp\/v2\/posts\/34035\/revisions\/34039"}],"wp:featuredmedia":[{"embeddable":true,"href":"https:\/\/www.italpassion.fr\/en\/wp-json\/wp\/v2\/media\/34037"}],"wp:attachment":[{"href":"https:\/\/www.italpassion.fr\/en\/wp-json\/wp\/v2\/media?parent=34035"}],"wp:term":[{"taxonomy":"category","embeddable":true,"href":"https:\/\/www.italpassion.fr\/en\/wp-json\/wp\/v2\/categories?post=34035"},{"taxonomy":"post_tag","embeddable":true,"href":"https:\/\/www.italpassion.fr\/en\/wp-json\/wp\/v2\/tags?post=34035"}],"curies":[{"name":"wp","href":"https:\/\/api.w.org\/{rel}","templated":true}]}}