{"id":33163,"date":"2024-02-08T20:55:27","date_gmt":"2024-02-08T19:55:27","guid":{"rendered":"https:\/\/www.italpassion.fr\/?p=33163"},"modified":"2024-02-08T20:55:31","modified_gmt":"2024-02-08T19:55:31","slug":"maserati-levante-we-know-the-end-of-production-date-and-its-soon","status":"publish","type":"post","link":"https:\/\/www.italpassion.fr\/en\/maserati\/maserati-levante-on-connait-la-date-de-fin-de-sa-production-et-cest-bientot\/","title":{"rendered":"Maserati Levante: we know the end of production date, and it's coming soon"},"content":{"rendered":"<figure class=\"wp-block-image size-large\"><img loading=\"lazy\" decoding=\"async\" width=\"1024\" height=\"683\" src=\"https:\/\/www.italpassion.fr\/wp-content\/uploads\/2024\/02\/maserati-levante-2024-1024x683.jpg\" alt=\"\" class=\"wp-image-33164\" srcset=\"https:\/\/www.italpassion.fr\/wp-content\/uploads\/2024\/02\/maserati-levante-2024-1024x683.jpg 1024w, https:\/\/www.italpassion.fr\/wp-content\/uploads\/2024\/02\/maserati-levante-2024-300x200.jpg 300w, https:\/\/www.italpassion.fr\/wp-content\/uploads\/2024\/02\/maserati-levante-2024-768x512.jpg 768w, https:\/\/www.italpassion.fr\/wp-content\/uploads\/2024\/02\/maserati-levante-2024-18x12.jpg 18w, https:\/\/www.italpassion.fr\/wp-content\/uploads\/2024\/02\/maserati-levante-2024-561x374.jpg 561w, https:\/\/www.italpassion.fr\/wp-content\/uploads\/2024\/02\/maserati-levante-2024-1122x748.jpg 1122w, https:\/\/www.italpassion.fr\/wp-content\/uploads\/2024\/02\/maserati-levante-2024-265x177.jpg 265w, https:\/\/www.italpassion.fr\/wp-content\/uploads\/2024\/02\/maserati-levante-2024-531x354.jpg 531w, https:\/\/www.italpassion.fr\/wp-content\/uploads\/2024\/02\/maserati-levante-2024-364x243.jpg 364w, https:\/\/www.italpassion.fr\/wp-content\/uploads\/2024\/02\/maserati-levante-2024-728x485.jpg 728w, https:\/\/www.italpassion.fr\/wp-content\/uploads\/2024\/02\/maserati-levante-2024-608x405.jpg 608w, https:\/\/www.italpassion.fr\/wp-content\/uploads\/2024\/02\/maserati-levante-2024-758x505.jpg 758w, https:\/\/www.italpassion.fr\/wp-content\/uploads\/2024\/02\/maserati-levante-2024-1152x768.jpg 1152w, https:\/\/www.italpassion.fr\/wp-content\/uploads\/2024\/02\/maserati-levante-2024-600x400.jpg 600w, https:\/\/www.italpassion.fr\/wp-content\/uploads\/2024\/02\/maserati-levante-2024.jpg 1200w\" sizes=\"auto, (max-width: 1024px) 100vw, 1024px\" \/><\/figure>\n\n\n\n<p>Stellantis has confirmed that production of the Maserati Levante will soon come to an end. The brand's first iconic SUV <a href=\"https:\/\/www.italpassion.fr\/en\/maserati\/\">Maserati<\/a><strong> will leave the assembly lines at the Mirafiori plant on March 31.<\/strong> This news comes as a blow to employees at the Turin site who, for the second day running, expressed their discontent with a spontaneous protest outside the plant, underlining the urgency of the situation and the lack of answers concerning their future.<\/p>\n\n\n\n<p><strong>The Levante, launched in 2016, has played a major role in Maserati's production volumes at Mirafiori, <\/strong>with up to around 25 units assembled every day in the best years. The end of its production will result in a significant reduction in activity, leaving Maserati's daily output down to just 8 vehicles, divided between the Ghibli, Quattroporte, GranTurismo and GranCabrio models. At the same time, another assembly line is concentrating on the Fiat 500, with a daily output of around 215 units. As a reminder, the Grecale is assembled in Cassino and the MC20 in Modena.<\/p>\n\n\n\n<p>Faced with this situation, union voices were raised calling for immediate action. \"When workers spontaneously go on strike, it means we've reached a limit. There's no more time to lose; it's imperative to act immediately,\" said Edi Lazzi of Fiom Torino. <strong>The cessation of Levante production highlights the urgent need for innovation and diversification in the models produced at Mirafiori.<\/strong><\/p>\n\n\n\n<p>Luigi Paone, General Secretary of Uilm Torino, stresses that this ruling is yet another sign of the challenges facing the Mirafiori site, reminding us of the importance of dialogue with Stellantis and the institutions to<strong> redefine the plant's production mission,<\/strong> Italy's automotive nerve center. The unions insist on <strong>the award of a new model to Mirafiori to compensate for the end of the Levante,<\/strong> in order to avoid an increase in short-time working and confirm the site's industrial vocation.<\/p>\n\n\n\n<p>Problem: the next <a href=\"https:\/\/www.italpassion.fr\/en\/maserati\/maserati-what-we-know-about-the-new-electric-luxury-suv-planned-for-2027\/\">Levante not scheduled until 2027<\/a>... and we don't even know if it will be produced in the same factory as the 2016 model.<\/p>","protected":false},"excerpt":{"rendered":"","protected":false},"author":1,"featured_media":33164,"comment_status":"open","ping_status":"open","sticky":false,"template":"","format":"standard","meta":{"_acf_changed":false,"_sitemap_exclude":false,"_sitemap_priority":"","_sitemap_frequency":"","footnotes":""},"categories":[27],"tags":[369],"class_list":["post-33163","post","type-post","status-publish","format-standard","has-post-thumbnail","hentry","category-maserati","tag-maserati-levante","generate-columns","tablet-grid-50","mobile-grid-100","grid-parent","grid-33"],"acf":[],"yoast_head":"<!-- This site is optimized with the Yoast SEO plugin v25.8 - https:\/\/yoast.com\/wordpress\/plugins\/seo\/ -->\n<title>Maserati Levante : on connait la date de fin de sa production, et c&#039;est bient\u00f4t - ItalPassion<\/title>\n<meta name=\"description\" content=\"Stellantis a confirm\u00e9 la fin prochaine de la production de la Maserati Levante. Le premier SUV embl\u00e9matique de la marque Maserati quittera les lignes\" \/>\n<meta name=\"robots\" content=\"index, follow, max-snippet:-1, max-image-preview:large, max-video-preview:-1\" \/>\n<link rel=\"canonical\" href=\"https:\/\/www.italpassion.fr\/en\/maserati\/maserati-levante-we-know-the-end-of-production-date-and-its-soon\/\" \/>\n<meta property=\"og:locale\" content=\"en_US\" \/>\n<meta property=\"og:type\" content=\"article\" \/>\n<meta property=\"og:title\" content=\"Maserati Levante : on connait la date de fin de sa production, et c&#039;est bient\u00f4t - ItalPassion\" \/>\n<meta property=\"og:description\" content=\"Stellantis a confirm\u00e9 la fin prochaine de la production de la Maserati Levante. Le premier SUV embl\u00e9matique de la marque Maserati quittera les lignes\" \/>\n<meta property=\"og:url\" content=\"https:\/\/www.italpassion.fr\/en\/maserati\/maserati-levante-we-know-the-end-of-production-date-and-its-soon\/\" \/>\n<meta property=\"og:site_name\" content=\"ItalPassion\" \/>\n<meta property=\"article:publisher\" content=\"https:\/\/www.facebook.com\/italpassion\" \/>\n<meta property=\"article:published_time\" content=\"2024-02-08T19:55:27+00:00\" \/>\n<meta property=\"article:modified_time\" content=\"2024-02-08T19:55:31+00:00\" \/>\n<meta property=\"og:image\" content=\"https:\/\/www.italpassion.fr\/wp-content\/uploads\/2024\/02\/maserati-levante-2024.jpg\" \/>\n\t<meta property=\"og:image:width\" content=\"1200\" \/>\n\t<meta property=\"og:image:height\" content=\"800\" \/>\n\t<meta property=\"og:image:type\" content=\"image\/jpeg\" \/>\n<meta name=\"author\" content=\"Alexandre Filluzeau\" \/>\n<meta name=\"twitter:card\" content=\"summary_large_image\" \/>\n<meta name=\"twitter:creator\" content=\"@italpassion\" \/>\n<meta name=\"twitter:site\" content=\"@italpassion\" \/>\n<script type=\"application\/ld+json\" class=\"yoast-schema-graph\">{\"@context\":\"https:\/\/schema.org\",\"@graph\":[{\"@type\":\"NewsArticle\",\"@id\":\"https:\/\/www.italpassion.fr\/en\/maserati\/maserati-levante-on-connait-la-date-de-fin-de-sa-production-et-cest-bientot\/#article\",\"isPartOf\":{\"@id\":\"https:\/\/www.italpassion.fr\/en\/maserati\/maserati-levante-on-connait-la-date-de-fin-de-sa-production-et-cest-bientot\/\"},\"author\":{\"name\":\"Alexandre Filluzeau\",\"@id\":\"https:\/\/www.italpassion.fr\/en\/#\/schema\/person\/36f747b2a759ca202d847e85a9434ca0\"},\"headline\":\"Maserati Levante : on connait la date de fin de sa production, et c&rsquo;est bient\u00f4t\",\"datePublished\":\"2024-02-08T19:55:27+00:00\",\"dateModified\":\"2024-02-08T19:55:31+00:00\",\"mainEntityOfPage\":{\"@id\":\"https:\/\/www.italpassion.fr\/en\/maserati\/maserati-levante-on-connait-la-date-de-fin-de-sa-production-et-cest-bientot\/\"},\"wordCount\":418,\"commentCount\":12,\"publisher\":{\"@id\":\"https:\/\/www.italpassion.fr\/en\/#organization\"},\"image\":{\"@id\":\"https:\/\/www.italpassion.fr\/en\/maserati\/maserati-levante-on-connait-la-date-de-fin-de-sa-production-et-cest-bientot\/#primaryimage\"},\"thumbnailUrl\":\"https:\/\/www.italpassion.fr\/wp-content\/uploads\/2024\/02\/maserati-levante-2024.jpg\",\"keywords\":[\"Maserati Levante\"],\"articleSection\":[\"Maserati\"],\"inLanguage\":\"en-US\",\"potentialAction\":[{\"@type\":\"CommentAction\",\"name\":\"Comment\",\"target\":[\"https:\/\/www.italpassion.fr\/en\/maserati\/maserati-levante-on-connait-la-date-de-fin-de-sa-production-et-cest-bientot\/#respond\"]}]},{\"@type\":\"WebPage\",\"@id\":\"https:\/\/www.italpassion.fr\/en\/maserati\/maserati-levante-on-connait-la-date-de-fin-de-sa-production-et-cest-bientot\/\",\"url\":\"https:\/\/www.italpassion.fr\/en\/maserati\/maserati-levante-on-connait-la-date-de-fin-de-sa-production-et-cest-bientot\/\",\"name\":\"Maserati Levante : on connait la date de fin de sa production, et c'est bient\u00f4t - ItalPassion\",\"isPartOf\":{\"@id\":\"https:\/\/www.italpassion.fr\/en\/#website\"},\"primaryImageOfPage\":{\"@id\":\"https:\/\/www.italpassion.fr\/en\/maserati\/maserati-levante-on-connait-la-date-de-fin-de-sa-production-et-cest-bientot\/#primaryimage\"},\"image\":{\"@id\":\"https:\/\/www.italpassion.fr\/en\/maserati\/maserati-levante-on-connait-la-date-de-fin-de-sa-production-et-cest-bientot\/#primaryimage\"},\"thumbnailUrl\":\"https:\/\/www.italpassion.fr\/wp-content\/uploads\/2024\/02\/maserati-levante-2024.jpg\",\"datePublished\":\"2024-02-08T19:55:27+00:00\",\"dateModified\":\"2024-02-08T19:55:31+00:00\",\"description\":\"Stellantis a confirm\u00e9 la fin prochaine de la production de la Maserati Levante. Le premier SUV embl\u00e9matique de la marque Maserati quittera les lignes\",\"breadcrumb\":{\"@id\":\"https:\/\/www.italpassion.fr\/en\/maserati\/maserati-levante-on-connait-la-date-de-fin-de-sa-production-et-cest-bientot\/#breadcrumb\"},\"inLanguage\":\"en-US\",\"potentialAction\":[{\"@type\":\"ReadAction\",\"target\":[\"https:\/\/www.italpassion.fr\/en\/maserati\/maserati-levante-on-connait-la-date-de-fin-de-sa-production-et-cest-bientot\/\"]}]},{\"@type\":\"ImageObject\",\"inLanguage\":\"en-US\",\"@id\":\"https:\/\/www.italpassion.fr\/en\/maserati\/maserati-levante-on-connait-la-date-de-fin-de-sa-production-et-cest-bientot\/#primaryimage\",\"url\":\"https:\/\/www.italpassion.fr\/wp-content\/uploads\/2024\/02\/maserati-levante-2024.jpg\",\"contentUrl\":\"https:\/\/www.italpassion.fr\/wp-content\/uploads\/2024\/02\/maserati-levante-2024.jpg\",\"width\":1200,\"height\":800,\"caption\":\"maserati-levante-2024\"},{\"@type\":\"BreadcrumbList\",\"@id\":\"https:\/\/www.italpassion.fr\/en\/maserati\/maserati-levante-on-connait-la-date-de-fin-de-sa-production-et-cest-bientot\/#breadcrumb\",\"itemListElement\":[{\"@type\":\"ListItem\",\"position\":1,\"name\":\"Accueil\",\"item\":\"https:\/\/www.italpassion.fr\/en\/\"},{\"@type\":\"ListItem\",\"position\":2,\"name\":\"Maserati Levante : on connait la date de fin de sa production, et c&rsquo;est bient\u00f4t\"}]},{\"@type\":\"WebSite\",\"@id\":\"https:\/\/www.italpassion.fr\/en\/#website\",\"url\":\"https:\/\/www.italpassion.fr\/en\/\",\"name\":\"ItalPassion\",\"description\":\"Les Passionn\u00e9s d&#039;Automobiles Italiennes\",\"publisher\":{\"@id\":\"https:\/\/www.italpassion.fr\/en\/#organization\"},\"potentialAction\":[{\"@type\":\"SearchAction\",\"target\":{\"@type\":\"EntryPoint\",\"urlTemplate\":\"https:\/\/www.italpassion.fr\/en\/?s={search_term_string}\"},\"query-input\":{\"@type\":\"PropertyValueSpecification\",\"valueRequired\":true,\"valueName\":\"search_term_string\"}}],\"inLanguage\":\"en-US\"},{\"@type\":\"Organization\",\"@id\":\"https:\/\/www.italpassion.fr\/en\/#organization\",\"name\":\"Italpassion\",\"url\":\"https:\/\/www.italpassion.fr\/en\/\",\"logo\":{\"@type\":\"ImageObject\",\"inLanguage\":\"en-US\",\"@id\":\"https:\/\/www.italpassion.fr\/en\/#\/schema\/logo\/image\/\",\"url\":\"https:\/\/www.italpassion.fr\/wp-content\/uploads\/2023\/07\/italpassion-yoast.jpg\",\"contentUrl\":\"https:\/\/www.italpassion.fr\/wp-content\/uploads\/2023\/07\/italpassion-yoast.jpg\",\"width\":696,\"height\":696,\"caption\":\"Italpassion\"},\"image\":{\"@id\":\"https:\/\/www.italpassion.fr\/en\/#\/schema\/logo\/image\/\"},\"sameAs\":[\"https:\/\/www.facebook.com\/italpassion\",\"https:\/\/x.com\/italpassion\",\"https:\/\/www.instagram.com\/italpassionfr\/\",\"https:\/\/www.youtube.com\/channel\/UCleq-ByQaA42OjhopwevRjQ\",\"https:\/\/www.facebook.com\/italpassion.en\/\",\"https:\/\/www.facebook.com\/italpassion.it\/\",\"https:\/\/www.facebook.com\/italpassion.de\/\",\"https:\/\/www.facebook.com\/italpassion.ja\/\"]},{\"@type\":\"Person\",\"@id\":\"https:\/\/www.italpassion.fr\/en\/#\/schema\/person\/36f747b2a759ca202d847e85a9434ca0\",\"name\":\"Alexandre Filluzeau\",\"image\":{\"@type\":\"ImageObject\",\"inLanguage\":\"en-US\",\"@id\":\"https:\/\/www.italpassion.fr\/en\/#\/schema\/person\/image\/\",\"url\":\"https:\/\/www.italpassion.fr\/wp-content\/uploads\/2025\/04\/avatar-alexandre-160x160.jpg\",\"contentUrl\":\"https:\/\/www.italpassion.fr\/wp-content\/uploads\/2025\/04\/avatar-alexandre-160x160.jpg\",\"caption\":\"Alexandre Filluzeau\"},\"description\":\"Fondateur du site ItalPassion, passionn\u00e9 de voitures italiennes et de l'Italie en g\u00e9n\u00e9ral. J'apporte un regard critique et technique aux actualit\u00e9s des marques italiennes quand cela est possible. Propri\u00e9taire d'une Maserati GranTurismo, Alfa Romeo MiTo, Lancia Fulvia et Ducati 695. Ex-propri\u00e9taire d'une Alfa Romeo Giulia.\",\"sameAs\":[\"https:\/\/www.italpassion.fr\/\"],\"url\":\"https:\/\/www.italpassion.fr\/en\/author\/alexandre\/\"}]}<\/script>\n<!-- \/ Yoast SEO plugin. -->","yoast_head_json":{"title":"Maserati Levante: we know the end of production date, and it's soon - ItalPassion","description":"Stellantis has confirmed that production of the Maserati Levante will soon come to an end. The Maserati brand's first iconic SUV will leave the lines","robots":{"index":"index","follow":"follow","max-snippet":"max-snippet:-1","max-image-preview":"max-image-preview:large","max-video-preview":"max-video-preview:-1"},"canonical":"https:\/\/www.italpassion.fr\/en\/maserati\/maserati-levante-we-know-the-end-of-production-date-and-its-soon\/","og_locale":"en_US","og_type":"article","og_title":"Maserati Levante : on connait la date de fin de sa production, et c'est bient\u00f4t - ItalPassion","og_description":"Stellantis a confirm\u00e9 la fin prochaine de la production de la Maserati Levante. Le premier SUV embl\u00e9matique de la marque Maserati quittera les lignes","og_url":"https:\/\/www.italpassion.fr\/en\/maserati\/maserati-levante-we-know-the-end-of-production-date-and-its-soon\/","og_site_name":"ItalPassion","article_publisher":"https:\/\/www.facebook.com\/italpassion","article_published_time":"2024-02-08T19:55:27+00:00","article_modified_time":"2024-02-08T19:55:31+00:00","og_image":[{"width":1200,"height":800,"url":"https:\/\/www.italpassion.fr\/wp-content\/uploads\/2024\/02\/maserati-levante-2024.jpg","type":"image\/jpeg"}],"author":"Alexandre Filluzeau","twitter_card":"summary_large_image","twitter_creator":"@italpassion","twitter_site":"@italpassion","schema":{"@context":"https:\/\/schema.org","@graph":[{"@type":"NewsArticle","@id":"https:\/\/www.italpassion.fr\/en\/maserati\/maserati-levante-on-connait-la-date-de-fin-de-sa-production-et-cest-bientot\/#article","isPartOf":{"@id":"https:\/\/www.italpassion.fr\/en\/maserati\/maserati-levante-on-connait-la-date-de-fin-de-sa-production-et-cest-bientot\/"},"author":{"name":"Alexandre Filluzeau","@id":"https:\/\/www.italpassion.fr\/en\/#\/schema\/person\/36f747b2a759ca202d847e85a9434ca0"},"headline":"Maserati Levante : on connait la date de fin de sa production, et c&rsquo;est bient\u00f4t","datePublished":"2024-02-08T19:55:27+00:00","dateModified":"2024-02-08T19:55:31+00:00","mainEntityOfPage":{"@id":"https:\/\/www.italpassion.fr\/en\/maserati\/maserati-levante-on-connait-la-date-de-fin-de-sa-production-et-cest-bientot\/"},"wordCount":418,"commentCount":12,"publisher":{"@id":"https:\/\/www.italpassion.fr\/en\/#organization"},"image":{"@id":"https:\/\/www.italpassion.fr\/en\/maserati\/maserati-levante-on-connait-la-date-de-fin-de-sa-production-et-cest-bientot\/#primaryimage"},"thumbnailUrl":"https:\/\/www.italpassion.fr\/wp-content\/uploads\/2024\/02\/maserati-levante-2024.jpg","keywords":["Maserati Levante"],"articleSection":["Maserati"],"inLanguage":"en-US","potentialAction":[{"@type":"CommentAction","name":"Comment","target":["https:\/\/www.italpassion.fr\/en\/maserati\/maserati-levante-on-connait-la-date-de-fin-de-sa-production-et-cest-bientot\/#respond"]}]},{"@type":"WebPage","@id":"https:\/\/www.italpassion.fr\/en\/maserati\/maserati-levante-on-connait-la-date-de-fin-de-sa-production-et-cest-bientot\/","url":"https:\/\/www.italpassion.fr\/en\/maserati\/maserati-levante-on-connait-la-date-de-fin-de-sa-production-et-cest-bientot\/","name":"Maserati Levante: we know the end of production date, and it's soon - ItalPassion","isPartOf":{"@id":"https:\/\/www.italpassion.fr\/en\/#website"},"primaryImageOfPage":{"@id":"https:\/\/www.italpassion.fr\/en\/maserati\/maserati-levante-on-connait-la-date-de-fin-de-sa-production-et-cest-bientot\/#primaryimage"},"image":{"@id":"https:\/\/www.italpassion.fr\/en\/maserati\/maserati-levante-on-connait-la-date-de-fin-de-sa-production-et-cest-bientot\/#primaryimage"},"thumbnailUrl":"https:\/\/www.italpassion.fr\/wp-content\/uploads\/2024\/02\/maserati-levante-2024.jpg","datePublished":"2024-02-08T19:55:27+00:00","dateModified":"2024-02-08T19:55:31+00:00","description":"Stellantis has confirmed that production of the Maserati Levante will soon come to an end. The Maserati brand's first iconic SUV will leave the lines","breadcrumb":{"@id":"https:\/\/www.italpassion.fr\/en\/maserati\/maserati-levante-on-connait-la-date-de-fin-de-sa-production-et-cest-bientot\/#breadcrumb"},"inLanguage":"en-US","potentialAction":[{"@type":"ReadAction","target":["https:\/\/www.italpassion.fr\/en\/maserati\/maserati-levante-on-connait-la-date-de-fin-de-sa-production-et-cest-bientot\/"]}]},{"@type":"ImageObject","inLanguage":"en-US","@id":"https:\/\/www.italpassion.fr\/en\/maserati\/maserati-levante-on-connait-la-date-de-fin-de-sa-production-et-cest-bientot\/#primaryimage","url":"https:\/\/www.italpassion.fr\/wp-content\/uploads\/2024\/02\/maserati-levante-2024.jpg","contentUrl":"https:\/\/www.italpassion.fr\/wp-content\/uploads\/2024\/02\/maserati-levante-2024.jpg","width":1200,"height":800,"caption":"maserati-levante-2024"},{"@type":"BreadcrumbList","@id":"https:\/\/www.italpassion.fr\/en\/maserati\/maserati-levante-on-connait-la-date-de-fin-de-sa-production-et-cest-bientot\/#breadcrumb","itemListElement":[{"@type":"ListItem","position":1,"name":"Accueil","item":"https:\/\/www.italpassion.fr\/en\/"},{"@type":"ListItem","position":2,"name":"Maserati Levante : on connait la date de fin de sa production, et c&rsquo;est bient\u00f4t"}]},{"@type":"WebSite","@id":"https:\/\/www.italpassion.fr\/en\/#website","url":"https:\/\/www.italpassion.fr\/en\/","name":"ItalPassion","description":"Italian Car Enthusiasts","publisher":{"@id":"https:\/\/www.italpassion.fr\/en\/#organization"},"potentialAction":[{"@type":"SearchAction","target":{"@type":"EntryPoint","urlTemplate":"https:\/\/www.italpassion.fr\/en\/?s={search_term_string}"},"query-input":{"@type":"PropertyValueSpecification","valueRequired":true,"valueName":"search_term_string"}}],"inLanguage":"en-US"},{"@type":"Organization","@id":"https:\/\/www.italpassion.fr\/en\/#organization","name":"Italpassion","url":"https:\/\/www.italpassion.fr\/en\/","logo":{"@type":"ImageObject","inLanguage":"en-US","@id":"https:\/\/www.italpassion.fr\/en\/#\/schema\/logo\/image\/","url":"https:\/\/www.italpassion.fr\/wp-content\/uploads\/2023\/07\/italpassion-yoast.jpg","contentUrl":"https:\/\/www.italpassion.fr\/wp-content\/uploads\/2023\/07\/italpassion-yoast.jpg","width":696,"height":696,"caption":"Italpassion"},"image":{"@id":"https:\/\/www.italpassion.fr\/en\/#\/schema\/logo\/image\/"},"sameAs":["https:\/\/www.facebook.com\/italpassion","https:\/\/x.com\/italpassion","https:\/\/www.instagram.com\/italpassionfr\/","https:\/\/www.youtube.com\/channel\/UCleq-ByQaA42OjhopwevRjQ","https:\/\/www.facebook.com\/italpassion.en\/","https:\/\/www.facebook.com\/italpassion.it\/","https:\/\/www.facebook.com\/italpassion.de\/","https:\/\/www.facebook.com\/italpassion.ja\/"]},{"@type":"Person","@id":"https:\/\/www.italpassion.fr\/en\/#\/schema\/person\/36f747b2a759ca202d847e85a9434ca0","name":"Alexandre Filluzeau","image":{"@type":"ImageObject","inLanguage":"en-US","@id":"https:\/\/www.italpassion.fr\/en\/#\/schema\/person\/image\/","url":"https:\/\/www.italpassion.fr\/wp-content\/uploads\/2025\/04\/avatar-alexandre-160x160.jpg","contentUrl":"https:\/\/www.italpassion.fr\/wp-content\/uploads\/2025\/04\/avatar-alexandre-160x160.jpg","caption":"Alexandre Filluzeau"},"description":"Founder of the ItalPassion website, passionate about Italian cars and Italy in general. I bring a critical and technical eye to the news of Italian brands when possible. Owner of a Maserati GranTurismo, Alfa Romeo MiTo, Lancia Fulvia and Ducati 695. Ex-owner of an Alfa Romeo Giulia.","sameAs":["https:\/\/www.italpassion.fr\/"],"url":"https:\/\/www.italpassion.fr\/en\/author\/alexandre\/"}]}},"_links":{"self":[{"href":"https:\/\/www.italpassion.fr\/en\/wp-json\/wp\/v2\/posts\/33163","targetHints":{"allow":["GET"]}}],"collection":[{"href":"https:\/\/www.italpassion.fr\/en\/wp-json\/wp\/v2\/posts"}],"about":[{"href":"https:\/\/www.italpassion.fr\/en\/wp-json\/wp\/v2\/types\/post"}],"author":[{"embeddable":true,"href":"https:\/\/www.italpassion.fr\/en\/wp-json\/wp\/v2\/users\/1"}],"replies":[{"embeddable":true,"href":"https:\/\/www.italpassion.fr\/en\/wp-json\/wp\/v2\/comments?post=33163"}],"version-history":[{"count":1,"href":"https:\/\/www.italpassion.fr\/en\/wp-json\/wp\/v2\/posts\/33163\/revisions"}],"predecessor-version":[{"id":33165,"href":"https:\/\/www.italpassion.fr\/en\/wp-json\/wp\/v2\/posts\/33163\/revisions\/33165"}],"wp:featuredmedia":[{"embeddable":true,"href":"https:\/\/www.italpassion.fr\/en\/wp-json\/wp\/v2\/media\/33164"}],"wp:attachment":[{"href":"https:\/\/www.italpassion.fr\/en\/wp-json\/wp\/v2\/media?parent=33163"}],"wp:term":[{"taxonomy":"category","embeddable":true,"href":"https:\/\/www.italpassion.fr\/en\/wp-json\/wp\/v2\/categories?post=33163"},{"taxonomy":"post_tag","embeddable":true,"href":"https:\/\/www.italpassion.fr\/en\/wp-json\/wp\/v2\/tags?post=33163"}],"curies":[{"name":"wp","href":"https:\/\/api.w.org\/{rel}","templated":true}]}}