{"id":32985,"date":"2024-01-29T21:41:21","date_gmt":"2024-01-29T20:41:21","guid":{"rendered":"https:\/\/www.italpassion.fr\/?p=32985"},"modified":"2024-01-29T21:41:24","modified_gmt":"2024-01-29T20:41:24","slug":"heres-why-fiat-wants-to-replace-its-electric-500-so-soon","status":"publish","type":"post","link":"https:\/\/www.italpassion.fr\/en\/fiat\/voila-pourquoi-fiat-veut-remplacer-si-tot-sa-500-electrique\/","title":{"rendered":"Here's why Fiat wants to replace its electric 500 so soon"},"content":{"rendered":"<figure class=\"wp-block-image size-large\"><img loading=\"lazy\" decoding=\"async\" width=\"1024\" height=\"683\" src=\"https:\/\/www.italpassion.fr\/wp-content\/uploads\/2023\/09\/fiat-500-miarfiori-1024x683.jpg\" alt=\"fiat-500-miarfiori\" class=\"wp-image-32096\" srcset=\"https:\/\/www.italpassion.fr\/wp-content\/uploads\/2023\/09\/fiat-500-miarfiori-1024x683.jpg 1024w, https:\/\/www.italpassion.fr\/wp-content\/uploads\/2023\/09\/fiat-500-miarfiori-300x200.jpg 300w, https:\/\/www.italpassion.fr\/wp-content\/uploads\/2023\/09\/fiat-500-miarfiori-768x512.jpg 768w, https:\/\/www.italpassion.fr\/wp-content\/uploads\/2023\/09\/fiat-500-miarfiori-18x12.jpg 18w, https:\/\/www.italpassion.fr\/wp-content\/uploads\/2023\/09\/fiat-500-miarfiori-561x374.jpg 561w, https:\/\/www.italpassion.fr\/wp-content\/uploads\/2023\/09\/fiat-500-miarfiori-1122x748.jpg 1122w, https:\/\/www.italpassion.fr\/wp-content\/uploads\/2023\/09\/fiat-500-miarfiori-265x177.jpg 265w, https:\/\/www.italpassion.fr\/wp-content\/uploads\/2023\/09\/fiat-500-miarfiori-531x354.jpg 531w, https:\/\/www.italpassion.fr\/wp-content\/uploads\/2023\/09\/fiat-500-miarfiori-364x243.jpg 364w, https:\/\/www.italpassion.fr\/wp-content\/uploads\/2023\/09\/fiat-500-miarfiori-728x485.jpg 728w, https:\/\/www.italpassion.fr\/wp-content\/uploads\/2023\/09\/fiat-500-miarfiori-608x405.jpg 608w, https:\/\/www.italpassion.fr\/wp-content\/uploads\/2023\/09\/fiat-500-miarfiori-758x505.jpg 758w, https:\/\/www.italpassion.fr\/wp-content\/uploads\/2023\/09\/fiat-500-miarfiori-1152x768.jpg 1152w, https:\/\/www.italpassion.fr\/wp-content\/uploads\/2023\/09\/fiat-500-miarfiori-600x400.jpg 600w, https:\/\/www.italpassion.fr\/wp-content\/uploads\/2023\/09\/fiat-500-miarfiori.jpg 1200w\" sizes=\"auto, (max-width: 1024px) 100vw, 1024px\" \/><\/figure>\n\n\n\n<p>In 2007, <a href=\"https:\/\/www.italpassion.fr\/en\/fiat\/\">Fiat<\/a> relaunched an automotive icon, the 500. Still in production to this day, breaking longevity records, the new electric 500 is not likely to follow the same path. Indeed, it is, <strong>Stellantis plans to replace this car after only a few years in the business.<\/strong><\/p>\n\n\n\n<p>In 2020, right in the middle of the covid period, Olivier Fran\u00e7ois, the brand's CEO, presented the new electric 500. This new model is different from the previous one in many ways. Developed on a completely <strong>new platform,<\/strong> only available in <strong>100 % electric,<\/strong> and<strong> made in Italy.<\/strong><\/p>\n\n\n\n<p>If no <strong>official marketing objective<\/strong> had been announced, Olivier Fran\u00e7ois had initially said he wanted to produce 100,000 electric Fiat 500s a year, before changing his mind and opting for 80,000. In the end, <a href=\"https:\/\/www.italpassion.fr\/en\/fiat\/fiat-500-electric-sales-plateau-in-2023\/\">sales of the electric 500 plateau<\/a> with 66,000 units in 2022 and 65,000 units in 2023, mainly thanks to France and Germany. It is likely that 2024 will be at the same level despite <a href=\"https:\/\/www.italpassion.fr\/en\/fiat\/the-new-fiat-500-electric-back-in-the-usa-this-time-its-the-real-deal\/\">model launch in the USA<\/a> a few months ago.<\/p>\n\n\n\n<p>There are many reasons why sales fall short of targets. But a simple way to boost sales<strong> would be to lower the price of the<\/strong>. By way of comparison, the electric 500 costs \u20ac30,400 for a 70 kw motor, an electric 600 \u20ac35,900 for 115 kw, and the Citro\u00ebn e-C3, the technical cousin of the future Fiat Panda, costs \u20ac23,300 for 83 kw. It may be a few thousand euros too expensive.<\/p>\n\n\n\n<p>Although full of quality, the fact that the current electric 500 is made at Mirafiori (with Maseratis), and <strong>without the possibility (or desire) of pooling<\/strong> The Abarth's unique platform limits investment and development. The other obvious case is that of the 500 Abarth, on the same platform, with its 155 hp, while the 600 Abarth, on the CMP platform, should offer 240 hp.<\/p>\n\n\n\n<p>This is why, in the <a href=\"https:\/\/www.italpassion.fr\/en\/fiat\/fiat-excludes-future-models-until-2029\/\">Fiat 2029 product plan<\/a> unveiled a few days ago, <strong>a new electric 500 based on the STLA Small platform is scheduled for 2027 <\/strong>(if no delay). She will share <a href=\"https:\/\/www.italpassion.fr\/en\/stellantis\/stellantis-product-plan-to-2028-with-platforms\/\">the Stellantis 2028 roadmap<\/a>The Stellantis platform will be used by the future Peugeot 2008, Peugeot 208, Opel Corsa, DS3 Crossback, Opel Mokka and Citro\u00ebn C4 models. This is Stellantis' solution for pooling development and manufacturing costs, enabling us to offer competitively-priced models with market-level performance.<\/p>","protected":false},"excerpt":{"rendered":"","protected":false},"author":1,"featured_media":32096,"comment_status":"open","ping_status":"open","sticky":false,"template":"","format":"standard","meta":{"_acf_changed":false,"_sitemap_exclude":false,"_sitemap_priority":"","_sitemap_frequency":"","footnotes":""},"categories":[24],"tags":[],"class_list":["post-32985","post","type-post","status-publish","format-standard","has-post-thumbnail","hentry","category-fiat","generate-columns","tablet-grid-50","mobile-grid-100","grid-parent","grid-33"],"acf":[],"yoast_head":"<!-- This site is optimized with the Yoast SEO plugin v25.8 - https:\/\/yoast.com\/wordpress\/plugins\/seo\/ -->\n<title>Voil\u00e0 pourquoi Fiat veut remplacer si t\u00f4t sa 500 \u00e9lectrique - ItalPassion<\/title>\n<meta name=\"description\" content=\"En 2007, Fiat relan\u00e7ait une ic\u00f4ne de l&#039;automobile, la 500. Toujours produite \u00e0 ce jour, battant des records de long\u00e9vit\u00e9, la nouvelle 500 \u00e9lectrique ne\" \/>\n<meta name=\"robots\" content=\"index, follow, max-snippet:-1, max-image-preview:large, max-video-preview:-1\" \/>\n<link rel=\"canonical\" href=\"https:\/\/www.italpassion.fr\/en\/fiat\/heres-why-fiat-wants-to-replace-its-electric-500-so-soon\/\" \/>\n<meta property=\"og:locale\" content=\"en_US\" \/>\n<meta property=\"og:type\" content=\"article\" \/>\n<meta property=\"og:title\" content=\"Voil\u00e0 pourquoi Fiat veut remplacer si t\u00f4t sa 500 \u00e9lectrique - ItalPassion\" \/>\n<meta property=\"og:description\" content=\"En 2007, Fiat relan\u00e7ait une ic\u00f4ne de l&#039;automobile, la 500. Toujours produite \u00e0 ce jour, battant des records de long\u00e9vit\u00e9, la nouvelle 500 \u00e9lectrique ne\" \/>\n<meta property=\"og:url\" content=\"https:\/\/www.italpassion.fr\/en\/fiat\/heres-why-fiat-wants-to-replace-its-electric-500-so-soon\/\" \/>\n<meta property=\"og:site_name\" content=\"ItalPassion\" \/>\n<meta property=\"article:publisher\" content=\"https:\/\/www.facebook.com\/italpassion\" \/>\n<meta property=\"article:published_time\" content=\"2024-01-29T20:41:21+00:00\" \/>\n<meta property=\"article:modified_time\" content=\"2024-01-29T20:41:24+00:00\" \/>\n<meta property=\"og:image\" content=\"https:\/\/www.italpassion.fr\/wp-content\/uploads\/2023\/09\/fiat-500-miarfiori.jpg\" \/>\n\t<meta property=\"og:image:width\" content=\"1200\" \/>\n\t<meta property=\"og:image:height\" content=\"800\" \/>\n\t<meta property=\"og:image:type\" content=\"image\/jpeg\" \/>\n<meta name=\"author\" content=\"Alexandre Filluzeau\" \/>\n<meta name=\"twitter:card\" content=\"summary_large_image\" \/>\n<meta name=\"twitter:creator\" content=\"@italpassion\" \/>\n<meta name=\"twitter:site\" content=\"@italpassion\" \/>\n<script type=\"application\/ld+json\" class=\"yoast-schema-graph\">{\"@context\":\"https:\/\/schema.org\",\"@graph\":[{\"@type\":\"NewsArticle\",\"@id\":\"https:\/\/www.italpassion.fr\/en\/fiat\/voila-pourquoi-fiat-veut-remplacer-si-tot-sa-500-electrique\/#article\",\"isPartOf\":{\"@id\":\"https:\/\/www.italpassion.fr\/en\/fiat\/voila-pourquoi-fiat-veut-remplacer-si-tot-sa-500-electrique\/\"},\"author\":{\"name\":\"Alexandre Filluzeau\",\"@id\":\"https:\/\/www.italpassion.fr\/en\/#\/schema\/person\/36f747b2a759ca202d847e85a9434ca0\"},\"headline\":\"Voil\u00e0 pourquoi Fiat veut remplacer si t\u00f4t sa 500 \u00e9lectrique\",\"datePublished\":\"2024-01-29T20:41:21+00:00\",\"dateModified\":\"2024-01-29T20:41:24+00:00\",\"mainEntityOfPage\":{\"@id\":\"https:\/\/www.italpassion.fr\/en\/fiat\/voila-pourquoi-fiat-veut-remplacer-si-tot-sa-500-electrique\/\"},\"wordCount\":417,\"commentCount\":18,\"publisher\":{\"@id\":\"https:\/\/www.italpassion.fr\/en\/#organization\"},\"image\":{\"@id\":\"https:\/\/www.italpassion.fr\/en\/fiat\/voila-pourquoi-fiat-veut-remplacer-si-tot-sa-500-electrique\/#primaryimage\"},\"thumbnailUrl\":\"https:\/\/www.italpassion.fr\/wp-content\/uploads\/2023\/09\/fiat-500-miarfiori.jpg\",\"articleSection\":[\"Fiat\"],\"inLanguage\":\"en-US\",\"potentialAction\":[{\"@type\":\"CommentAction\",\"name\":\"Comment\",\"target\":[\"https:\/\/www.italpassion.fr\/en\/fiat\/voila-pourquoi-fiat-veut-remplacer-si-tot-sa-500-electrique\/#respond\"]}]},{\"@type\":\"WebPage\",\"@id\":\"https:\/\/www.italpassion.fr\/en\/fiat\/voila-pourquoi-fiat-veut-remplacer-si-tot-sa-500-electrique\/\",\"url\":\"https:\/\/www.italpassion.fr\/en\/fiat\/voila-pourquoi-fiat-veut-remplacer-si-tot-sa-500-electrique\/\",\"name\":\"Voil\u00e0 pourquoi Fiat veut remplacer si t\u00f4t sa 500 \u00e9lectrique - ItalPassion\",\"isPartOf\":{\"@id\":\"https:\/\/www.italpassion.fr\/en\/#website\"},\"primaryImageOfPage\":{\"@id\":\"https:\/\/www.italpassion.fr\/en\/fiat\/voila-pourquoi-fiat-veut-remplacer-si-tot-sa-500-electrique\/#primaryimage\"},\"image\":{\"@id\":\"https:\/\/www.italpassion.fr\/en\/fiat\/voila-pourquoi-fiat-veut-remplacer-si-tot-sa-500-electrique\/#primaryimage\"},\"thumbnailUrl\":\"https:\/\/www.italpassion.fr\/wp-content\/uploads\/2023\/09\/fiat-500-miarfiori.jpg\",\"datePublished\":\"2024-01-29T20:41:21+00:00\",\"dateModified\":\"2024-01-29T20:41:24+00:00\",\"description\":\"En 2007, Fiat relan\u00e7ait une ic\u00f4ne de l'automobile, la 500. Toujours produite \u00e0 ce jour, battant des records de long\u00e9vit\u00e9, la nouvelle 500 \u00e9lectrique ne\",\"breadcrumb\":{\"@id\":\"https:\/\/www.italpassion.fr\/en\/fiat\/voila-pourquoi-fiat-veut-remplacer-si-tot-sa-500-electrique\/#breadcrumb\"},\"inLanguage\":\"en-US\",\"potentialAction\":[{\"@type\":\"ReadAction\",\"target\":[\"https:\/\/www.italpassion.fr\/en\/fiat\/voila-pourquoi-fiat-veut-remplacer-si-tot-sa-500-electrique\/\"]}]},{\"@type\":\"ImageObject\",\"inLanguage\":\"en-US\",\"@id\":\"https:\/\/www.italpassion.fr\/en\/fiat\/voila-pourquoi-fiat-veut-remplacer-si-tot-sa-500-electrique\/#primaryimage\",\"url\":\"https:\/\/www.italpassion.fr\/wp-content\/uploads\/2023\/09\/fiat-500-miarfiori.jpg\",\"contentUrl\":\"https:\/\/www.italpassion.fr\/wp-content\/uploads\/2023\/09\/fiat-500-miarfiori.jpg\",\"width\":1200,\"height\":800,\"caption\":\"fiat-500-miarfiori\"},{\"@type\":\"BreadcrumbList\",\"@id\":\"https:\/\/www.italpassion.fr\/en\/fiat\/voila-pourquoi-fiat-veut-remplacer-si-tot-sa-500-electrique\/#breadcrumb\",\"itemListElement\":[{\"@type\":\"ListItem\",\"position\":1,\"name\":\"Accueil\",\"item\":\"https:\/\/www.italpassion.fr\/en\/\"},{\"@type\":\"ListItem\",\"position\":2,\"name\":\"Voil\u00e0 pourquoi Fiat veut remplacer si t\u00f4t sa 500 \u00e9lectrique\"}]},{\"@type\":\"WebSite\",\"@id\":\"https:\/\/www.italpassion.fr\/en\/#website\",\"url\":\"https:\/\/www.italpassion.fr\/en\/\",\"name\":\"ItalPassion\",\"description\":\"Les Passionn\u00e9s d&#039;Automobiles Italiennes\",\"publisher\":{\"@id\":\"https:\/\/www.italpassion.fr\/en\/#organization\"},\"potentialAction\":[{\"@type\":\"SearchAction\",\"target\":{\"@type\":\"EntryPoint\",\"urlTemplate\":\"https:\/\/www.italpassion.fr\/en\/?s={search_term_string}\"},\"query-input\":{\"@type\":\"PropertyValueSpecification\",\"valueRequired\":true,\"valueName\":\"search_term_string\"}}],\"inLanguage\":\"en-US\"},{\"@type\":\"Organization\",\"@id\":\"https:\/\/www.italpassion.fr\/en\/#organization\",\"name\":\"Italpassion\",\"url\":\"https:\/\/www.italpassion.fr\/en\/\",\"logo\":{\"@type\":\"ImageObject\",\"inLanguage\":\"en-US\",\"@id\":\"https:\/\/www.italpassion.fr\/en\/#\/schema\/logo\/image\/\",\"url\":\"https:\/\/www.italpassion.fr\/wp-content\/uploads\/2023\/07\/italpassion-yoast.jpg\",\"contentUrl\":\"https:\/\/www.italpassion.fr\/wp-content\/uploads\/2023\/07\/italpassion-yoast.jpg\",\"width\":696,\"height\":696,\"caption\":\"Italpassion\"},\"image\":{\"@id\":\"https:\/\/www.italpassion.fr\/en\/#\/schema\/logo\/image\/\"},\"sameAs\":[\"https:\/\/www.facebook.com\/italpassion\",\"https:\/\/x.com\/italpassion\",\"https:\/\/www.instagram.com\/italpassionfr\/\",\"https:\/\/www.youtube.com\/channel\/UCleq-ByQaA42OjhopwevRjQ\",\"https:\/\/www.facebook.com\/italpassion.en\/\",\"https:\/\/www.facebook.com\/italpassion.it\/\",\"https:\/\/www.facebook.com\/italpassion.de\/\",\"https:\/\/www.facebook.com\/italpassion.ja\/\"]},{\"@type\":\"Person\",\"@id\":\"https:\/\/www.italpassion.fr\/en\/#\/schema\/person\/36f747b2a759ca202d847e85a9434ca0\",\"name\":\"Alexandre Filluzeau\",\"image\":{\"@type\":\"ImageObject\",\"inLanguage\":\"en-US\",\"@id\":\"https:\/\/www.italpassion.fr\/en\/#\/schema\/person\/image\/\",\"url\":\"https:\/\/www.italpassion.fr\/wp-content\/uploads\/2025\/04\/avatar-alexandre-160x160.jpg\",\"contentUrl\":\"https:\/\/www.italpassion.fr\/wp-content\/uploads\/2025\/04\/avatar-alexandre-160x160.jpg\",\"caption\":\"Alexandre Filluzeau\"},\"description\":\"Fondateur du site ItalPassion, passionn\u00e9 de voitures italiennes et de l'Italie en g\u00e9n\u00e9ral. J'apporte un regard critique et technique aux actualit\u00e9s des marques italiennes quand cela est possible. Propri\u00e9taire d'une Maserati GranTurismo, Alfa Romeo MiTo, Lancia Fulvia et Ducati 695. Ex-propri\u00e9taire d'une Alfa Romeo Giulia.\",\"sameAs\":[\"https:\/\/www.italpassion.fr\/\"],\"url\":\"https:\/\/www.italpassion.fr\/en\/author\/alexandre\/\"}]}<\/script>\n<!-- \/ Yoast SEO plugin. -->","yoast_head_json":{"title":"Here's why Fiat wants to replace its electric 500 so soon - ItalPassion","description":"In 2007, Fiat relaunched an automotive icon, the 500. Still in production to this day, beating longevity records, the new electric 500 will not be forgotten.","robots":{"index":"index","follow":"follow","max-snippet":"max-snippet:-1","max-image-preview":"max-image-preview:large","max-video-preview":"max-video-preview:-1"},"canonical":"https:\/\/www.italpassion.fr\/en\/fiat\/heres-why-fiat-wants-to-replace-its-electric-500-so-soon\/","og_locale":"en_US","og_type":"article","og_title":"Voil\u00e0 pourquoi Fiat veut remplacer si t\u00f4t sa 500 \u00e9lectrique - ItalPassion","og_description":"En 2007, Fiat relan\u00e7ait une ic\u00f4ne de l'automobile, la 500. Toujours produite \u00e0 ce jour, battant des records de long\u00e9vit\u00e9, la nouvelle 500 \u00e9lectrique ne","og_url":"https:\/\/www.italpassion.fr\/en\/fiat\/heres-why-fiat-wants-to-replace-its-electric-500-so-soon\/","og_site_name":"ItalPassion","article_publisher":"https:\/\/www.facebook.com\/italpassion","article_published_time":"2024-01-29T20:41:21+00:00","article_modified_time":"2024-01-29T20:41:24+00:00","og_image":[{"width":1200,"height":800,"url":"https:\/\/www.italpassion.fr\/wp-content\/uploads\/2023\/09\/fiat-500-miarfiori.jpg","type":"image\/jpeg"}],"author":"Alexandre Filluzeau","twitter_card":"summary_large_image","twitter_creator":"@italpassion","twitter_site":"@italpassion","schema":{"@context":"https:\/\/schema.org","@graph":[{"@type":"NewsArticle","@id":"https:\/\/www.italpassion.fr\/en\/fiat\/voila-pourquoi-fiat-veut-remplacer-si-tot-sa-500-electrique\/#article","isPartOf":{"@id":"https:\/\/www.italpassion.fr\/en\/fiat\/voila-pourquoi-fiat-veut-remplacer-si-tot-sa-500-electrique\/"},"author":{"name":"Alexandre Filluzeau","@id":"https:\/\/www.italpassion.fr\/en\/#\/schema\/person\/36f747b2a759ca202d847e85a9434ca0"},"headline":"Voil\u00e0 pourquoi Fiat veut remplacer si t\u00f4t sa 500 \u00e9lectrique","datePublished":"2024-01-29T20:41:21+00:00","dateModified":"2024-01-29T20:41:24+00:00","mainEntityOfPage":{"@id":"https:\/\/www.italpassion.fr\/en\/fiat\/voila-pourquoi-fiat-veut-remplacer-si-tot-sa-500-electrique\/"},"wordCount":417,"commentCount":18,"publisher":{"@id":"https:\/\/www.italpassion.fr\/en\/#organization"},"image":{"@id":"https:\/\/www.italpassion.fr\/en\/fiat\/voila-pourquoi-fiat-veut-remplacer-si-tot-sa-500-electrique\/#primaryimage"},"thumbnailUrl":"https:\/\/www.italpassion.fr\/wp-content\/uploads\/2023\/09\/fiat-500-miarfiori.jpg","articleSection":["Fiat"],"inLanguage":"en-US","potentialAction":[{"@type":"CommentAction","name":"Comment","target":["https:\/\/www.italpassion.fr\/en\/fiat\/voila-pourquoi-fiat-veut-remplacer-si-tot-sa-500-electrique\/#respond"]}]},{"@type":"WebPage","@id":"https:\/\/www.italpassion.fr\/en\/fiat\/voila-pourquoi-fiat-veut-remplacer-si-tot-sa-500-electrique\/","url":"https:\/\/www.italpassion.fr\/en\/fiat\/voila-pourquoi-fiat-veut-remplacer-si-tot-sa-500-electrique\/","name":"Here's why Fiat wants to replace its electric 500 so soon - ItalPassion","isPartOf":{"@id":"https:\/\/www.italpassion.fr\/en\/#website"},"primaryImageOfPage":{"@id":"https:\/\/www.italpassion.fr\/en\/fiat\/voila-pourquoi-fiat-veut-remplacer-si-tot-sa-500-electrique\/#primaryimage"},"image":{"@id":"https:\/\/www.italpassion.fr\/en\/fiat\/voila-pourquoi-fiat-veut-remplacer-si-tot-sa-500-electrique\/#primaryimage"},"thumbnailUrl":"https:\/\/www.italpassion.fr\/wp-content\/uploads\/2023\/09\/fiat-500-miarfiori.jpg","datePublished":"2024-01-29T20:41:21+00:00","dateModified":"2024-01-29T20:41:24+00:00","description":"In 2007, Fiat relaunched an automotive icon, the 500. Still in production to this day, beating longevity records, the new electric 500 will not be forgotten.","breadcrumb":{"@id":"https:\/\/www.italpassion.fr\/en\/fiat\/voila-pourquoi-fiat-veut-remplacer-si-tot-sa-500-electrique\/#breadcrumb"},"inLanguage":"en-US","potentialAction":[{"@type":"ReadAction","target":["https:\/\/www.italpassion.fr\/en\/fiat\/voila-pourquoi-fiat-veut-remplacer-si-tot-sa-500-electrique\/"]}]},{"@type":"ImageObject","inLanguage":"en-US","@id":"https:\/\/www.italpassion.fr\/en\/fiat\/voila-pourquoi-fiat-veut-remplacer-si-tot-sa-500-electrique\/#primaryimage","url":"https:\/\/www.italpassion.fr\/wp-content\/uploads\/2023\/09\/fiat-500-miarfiori.jpg","contentUrl":"https:\/\/www.italpassion.fr\/wp-content\/uploads\/2023\/09\/fiat-500-miarfiori.jpg","width":1200,"height":800,"caption":"fiat-500-miarfiori"},{"@type":"BreadcrumbList","@id":"https:\/\/www.italpassion.fr\/en\/fiat\/voila-pourquoi-fiat-veut-remplacer-si-tot-sa-500-electrique\/#breadcrumb","itemListElement":[{"@type":"ListItem","position":1,"name":"Accueil","item":"https:\/\/www.italpassion.fr\/en\/"},{"@type":"ListItem","position":2,"name":"Voil\u00e0 pourquoi Fiat veut remplacer si t\u00f4t sa 500 \u00e9lectrique"}]},{"@type":"WebSite","@id":"https:\/\/www.italpassion.fr\/en\/#website","url":"https:\/\/www.italpassion.fr\/en\/","name":"ItalPassion","description":"Italian Car Enthusiasts","publisher":{"@id":"https:\/\/www.italpassion.fr\/en\/#organization"},"potentialAction":[{"@type":"SearchAction","target":{"@type":"EntryPoint","urlTemplate":"https:\/\/www.italpassion.fr\/en\/?s={search_term_string}"},"query-input":{"@type":"PropertyValueSpecification","valueRequired":true,"valueName":"search_term_string"}}],"inLanguage":"en-US"},{"@type":"Organization","@id":"https:\/\/www.italpassion.fr\/en\/#organization","name":"Italpassion","url":"https:\/\/www.italpassion.fr\/en\/","logo":{"@type":"ImageObject","inLanguage":"en-US","@id":"https:\/\/www.italpassion.fr\/en\/#\/schema\/logo\/image\/","url":"https:\/\/www.italpassion.fr\/wp-content\/uploads\/2023\/07\/italpassion-yoast.jpg","contentUrl":"https:\/\/www.italpassion.fr\/wp-content\/uploads\/2023\/07\/italpassion-yoast.jpg","width":696,"height":696,"caption":"Italpassion"},"image":{"@id":"https:\/\/www.italpassion.fr\/en\/#\/schema\/logo\/image\/"},"sameAs":["https:\/\/www.facebook.com\/italpassion","https:\/\/x.com\/italpassion","https:\/\/www.instagram.com\/italpassionfr\/","https:\/\/www.youtube.com\/channel\/UCleq-ByQaA42OjhopwevRjQ","https:\/\/www.facebook.com\/italpassion.en\/","https:\/\/www.facebook.com\/italpassion.it\/","https:\/\/www.facebook.com\/italpassion.de\/","https:\/\/www.facebook.com\/italpassion.ja\/"]},{"@type":"Person","@id":"https:\/\/www.italpassion.fr\/en\/#\/schema\/person\/36f747b2a759ca202d847e85a9434ca0","name":"Alexandre Filluzeau","image":{"@type":"ImageObject","inLanguage":"en-US","@id":"https:\/\/www.italpassion.fr\/en\/#\/schema\/person\/image\/","url":"https:\/\/www.italpassion.fr\/wp-content\/uploads\/2025\/04\/avatar-alexandre-160x160.jpg","contentUrl":"https:\/\/www.italpassion.fr\/wp-content\/uploads\/2025\/04\/avatar-alexandre-160x160.jpg","caption":"Alexandre Filluzeau"},"description":"Founder of the ItalPassion website, passionate about Italian cars and Italy in general. I bring a critical and technical eye to the news of Italian brands when possible. Owner of a Maserati GranTurismo, Alfa Romeo MiTo, Lancia Fulvia and Ducati 695. Ex-owner of an Alfa Romeo Giulia.","sameAs":["https:\/\/www.italpassion.fr\/"],"url":"https:\/\/www.italpassion.fr\/en\/author\/alexandre\/"}]}},"_links":{"self":[{"href":"https:\/\/www.italpassion.fr\/en\/wp-json\/wp\/v2\/posts\/32985","targetHints":{"allow":["GET"]}}],"collection":[{"href":"https:\/\/www.italpassion.fr\/en\/wp-json\/wp\/v2\/posts"}],"about":[{"href":"https:\/\/www.italpassion.fr\/en\/wp-json\/wp\/v2\/types\/post"}],"author":[{"embeddable":true,"href":"https:\/\/www.italpassion.fr\/en\/wp-json\/wp\/v2\/users\/1"}],"replies":[{"embeddable":true,"href":"https:\/\/www.italpassion.fr\/en\/wp-json\/wp\/v2\/comments?post=32985"}],"version-history":[{"count":1,"href":"https:\/\/www.italpassion.fr\/en\/wp-json\/wp\/v2\/posts\/32985\/revisions"}],"predecessor-version":[{"id":32986,"href":"https:\/\/www.italpassion.fr\/en\/wp-json\/wp\/v2\/posts\/32985\/revisions\/32986"}],"wp:featuredmedia":[{"embeddable":true,"href":"https:\/\/www.italpassion.fr\/en\/wp-json\/wp\/v2\/media\/32096"}],"wp:attachment":[{"href":"https:\/\/www.italpassion.fr\/en\/wp-json\/wp\/v2\/media?parent=32985"}],"wp:term":[{"taxonomy":"category","embeddable":true,"href":"https:\/\/www.italpassion.fr\/en\/wp-json\/wp\/v2\/categories?post=32985"},{"taxonomy":"post_tag","embeddable":true,"href":"https:\/\/www.italpassion.fr\/en\/wp-json\/wp\/v2\/tags?post=32985"}],"curies":[{"name":"wp","href":"https:\/\/api.w.org\/{rel}","templated":true}]}}