{"id":29537,"date":"2021-08-05T10:30:14","date_gmt":"2021-08-05T08:30:14","guid":{"rendered":"https:\/\/www.italpassion.fr\/?p=29537"},"modified":"2022-08-18T20:47:35","modified_gmt":"2022-08-18T18:47:35","slug":"one-range-alfa-romeo-100-electrics-what-future-with-the-curie-of-f1","status":"publish","type":"post","link":"https:\/\/www.italpassion.fr\/en\/alfa-romeo\/une-gamme-alfa-romeo-100-electriques-quel-avenir-avec-lecurie-de-f1\/","title":{"rendered":"An electric Alfa Romeo 100 % range: what future with the F1 team?"},"content":{"rendered":"<p>Back in F1 since 2018 thanks to a partnership with the Sauber team, Jean-Philippe Imparato, current CEO of the Italian brand <a href=\"https:\/\/www.italpassion.fr\/en\/alfa-romeo\/\">Alfa Romeo<\/a>confirmed that it wants to continue the F1 program. However, with a range 100 % electric in 2027, what relevance?<\/p>\n\n\n\n<figure class=\"wp-block-image size-large\"><img loading=\"lazy\" decoding=\"async\" width=\"1024\" height=\"767\" src=\"https:\/\/www.italpassion.fr\/wp-content\/uploads\/2021\/08\/ARRO_2021_C41_Front-1800x1349-1-1024x767.jpg\" alt=\"\" class=\"wp-image-29542\" srcset=\"https:\/\/www.italpassion.fr\/wp-content\/uploads\/2021\/08\/ARRO_2021_C41_Front-1800x1349-1-1024x767.jpg 1024w, https:\/\/www.italpassion.fr\/wp-content\/uploads\/2021\/08\/ARRO_2021_C41_Front-1800x1349-1-300x225.jpg 300w, https:\/\/www.italpassion.fr\/wp-content\/uploads\/2021\/08\/ARRO_2021_C41_Front-1800x1349-1-768x576.jpg 768w, https:\/\/www.italpassion.fr\/wp-content\/uploads\/2021\/08\/ARRO_2021_C41_Front-1800x1349-1-1536x1151.jpg 1536w, https:\/\/www.italpassion.fr\/wp-content\/uploads\/2021\/08\/ARRO_2021_C41_Front-1800x1349-1-192x144.jpg 192w, https:\/\/www.italpassion.fr\/wp-content\/uploads\/2021\/08\/ARRO_2021_C41_Front-1800x1349-1-384x288.jpg 384w, https:\/\/www.italpassion.fr\/wp-content\/uploads\/2021\/08\/ARRO_2021_C41_Front-1800x1349-1-90x67.jpg 90w, https:\/\/www.italpassion.fr\/wp-content\/uploads\/2021\/08\/ARRO_2021_C41_Front-1800x1349-1-180x135.jpg 180w, https:\/\/www.italpassion.fr\/wp-content\/uploads\/2021\/08\/ARRO_2021_C41_Front-1800x1349-1-561x420.jpg 561w, https:\/\/www.italpassion.fr\/wp-content\/uploads\/2021\/08\/ARRO_2021_C41_Front-1800x1349-1-1122x841.jpg 1122w, https:\/\/www.italpassion.fr\/wp-content\/uploads\/2021\/08\/ARRO_2021_C41_Front-1800x1349-1-265x199.jpg 265w, https:\/\/www.italpassion.fr\/wp-content\/uploads\/2021\/08\/ARRO_2021_C41_Front-1800x1349-1-531x398.jpg 531w, https:\/\/www.italpassion.fr\/wp-content\/uploads\/2021\/08\/ARRO_2021_C41_Front-1800x1349-1-364x273.jpg 364w, https:\/\/www.italpassion.fr\/wp-content\/uploads\/2021\/08\/ARRO_2021_C41_Front-1800x1349-1-728x546.jpg 728w, https:\/\/www.italpassion.fr\/wp-content\/uploads\/2021\/08\/ARRO_2021_C41_Front-1800x1349-1-608x456.jpg 608w, https:\/\/www.italpassion.fr\/wp-content\/uploads\/2021\/08\/ARRO_2021_C41_Front-1800x1349-1-758x568.jpg 758w, https:\/\/www.italpassion.fr\/wp-content\/uploads\/2021\/08\/ARRO_2021_C41_Front-1800x1349-1-1152x863.jpg 1152w, https:\/\/www.italpassion.fr\/wp-content\/uploads\/2021\/08\/ARRO_2021_C41_Front-1800x1349-1-600x450.jpg 600w, https:\/\/www.italpassion.fr\/wp-content\/uploads\/2021\/08\/ARRO_2021_C41_Front-1800x1349-1.jpg 1800w\" sizes=\"auto, (max-width: 1024px) 100vw, 1024px\" \/><\/figure>\n\n\n\n<p><strong>At first skeptical<\/strong> when he took over the reins of the Biscione brand, Jean-Philippe Imparato finally declared that the <strong>F1 is an excellent communication tool<\/strong> for <strong>to make known the sportiness of the Alfa Romeo brand<\/strong> throughout the world. Thus, the partnership between Alfa Romeo and Sauber has been extended for a few more years without further clarification (unofficially it would be 3 years and the contract could be broken every year).<\/p>\n\n\n\n<p>Mr. Imparato believes in this to the point of appointing Cristiano Fiorio as Alfa Romeo's new F1 manager, whose mission is focused on maximizing results and return on investment.<\/p>\n\n\n\n<figure class=\"wp-block-image size-large\"><img loading=\"lazy\" decoding=\"async\" width=\"1024\" height=\"562\" src=\"https:\/\/www.italpassion.fr\/wp-content\/uploads\/2021\/08\/cristiano-fiorio-1024x562.jpg\" alt=\"\" class=\"wp-image-29541\" srcset=\"https:\/\/www.italpassion.fr\/wp-content\/uploads\/2021\/08\/cristiano-fiorio-1024x562.jpg 1024w, https:\/\/www.italpassion.fr\/wp-content\/uploads\/2021\/08\/cristiano-fiorio-300x165.jpg 300w, https:\/\/www.italpassion.fr\/wp-content\/uploads\/2021\/08\/cristiano-fiorio-768x421.jpg 768w, https:\/\/www.italpassion.fr\/wp-content\/uploads\/2021\/08\/cristiano-fiorio-561x308.jpg 561w, https:\/\/www.italpassion.fr\/wp-content\/uploads\/2021\/08\/cristiano-fiorio-1122x616.jpg 1122w, https:\/\/www.italpassion.fr\/wp-content\/uploads\/2021\/08\/cristiano-fiorio-265x145.jpg 265w, https:\/\/www.italpassion.fr\/wp-content\/uploads\/2021\/08\/cristiano-fiorio-531x291.jpg 531w, https:\/\/www.italpassion.fr\/wp-content\/uploads\/2021\/08\/cristiano-fiorio-364x200.jpg 364w, https:\/\/www.italpassion.fr\/wp-content\/uploads\/2021\/08\/cristiano-fiorio-728x400.jpg 728w, https:\/\/www.italpassion.fr\/wp-content\/uploads\/2021\/08\/cristiano-fiorio-608x334.jpg 608w, https:\/\/www.italpassion.fr\/wp-content\/uploads\/2021\/08\/cristiano-fiorio-758x416.jpg 758w, https:\/\/www.italpassion.fr\/wp-content\/uploads\/2021\/08\/cristiano-fiorio-1152x632.jpg 1152w, https:\/\/www.italpassion.fr\/wp-content\/uploads\/2021\/08\/cristiano-fiorio-600x329.jpg 600w, https:\/\/www.italpassion.fr\/wp-content\/uploads\/2021\/08\/cristiano-fiorio.jpg 1445w\" sizes=\"auto, (max-width: 1024px) 100vw, 1024px\" \/><\/figure>\n\n\n\n<p>However, on the contrary, it was announced a few days ago that the <a href=\"https:\/\/www.italpassion.fr\/en\/alfa-romeo\/alfa-romeo-une-gamme-100-electrique-en-2027\/\">future range Alfa Romeo would be 100 % electric in 2027<\/a>. <strong>What is the point of Alfa Romeo staying in Formula 1?<\/strong> A hint: the new engine regulations in F1, currently under negotiation, will be changed in 2025. However, it would still be hybrid internal combustion engines.<\/p>\n\n\n\n<p>Alfa Romeo could then continue in F1 until 2025, until the new engine regulations. And after that? <\/p>\n\n\n\n<p>Why not <strong>leave its place to the Maserati brand<\/strong> (just as legitimate in F1) which will perhaps still propose hybrid thermal engines and <strong>Alfa Romeo looking at Formula E<\/strong>A competition that will also have evolved by then and where Porsche, BMW, Audi, Mercedes, Jaguar and DS are already present? Let's go further, DS, sister brand of the Stellantis group would leave its place to Alfa Romeo? All this is certainly well studied.<\/p>","protected":false},"excerpt":{"rendered":"","protected":false},"author":1,"featured_media":29542,"comment_status":"open","ping_status":"open","sticky":false,"template":"","format":"standard","meta":{"_acf_changed":false,"_sitemap_exclude":false,"_sitemap_priority":"","_sitemap_frequency":"","footnotes":""},"categories":[22],"tags":[],"class_list":["post-29537","post","type-post","status-publish","format-standard","has-post-thumbnail","hentry","category-alfa-romeo","generate-columns","tablet-grid-50","mobile-grid-100","grid-parent","grid-33"],"acf":[],"yoast_head":"<!-- This site is optimized with the Yoast SEO plugin v25.8 - https:\/\/yoast.com\/wordpress\/plugins\/seo\/ -->\n<title>Une gamme Alfa Romeo 100 % \u00e9lectriques : quel avenir avec l&#039;\u00e9curie de F1 ? - ItalPassion<\/title>\n<meta name=\"description\" content=\"De retour depuis 2018 en F1 gr\u00e2ce \u00e0 un partenariat avec l&#039;\u00e9curie Sauber, Jean-Philippe Imparato, actuel DG de la marque italienne Alfa Romeo, a confirm\u00e9\" \/>\n<meta name=\"robots\" content=\"index, follow, max-snippet:-1, max-image-preview:large, max-video-preview:-1\" \/>\n<link rel=\"canonical\" href=\"https:\/\/www.italpassion.fr\/en\/alfa-romeo\/one-range-alfa-romeo-100-electrics-what-future-with-the-curie-of-f1\/\" \/>\n<meta property=\"og:locale\" content=\"en_US\" \/>\n<meta property=\"og:type\" content=\"article\" \/>\n<meta property=\"og:title\" content=\"Une gamme Alfa Romeo 100 % \u00e9lectriques : quel avenir avec l&#039;\u00e9curie de F1 ? - ItalPassion\" \/>\n<meta property=\"og:description\" content=\"De retour depuis 2018 en F1 gr\u00e2ce \u00e0 un partenariat avec l&#039;\u00e9curie Sauber, Jean-Philippe Imparato, actuel DG de la marque italienne Alfa Romeo, a confirm\u00e9\" \/>\n<meta property=\"og:url\" content=\"https:\/\/www.italpassion.fr\/en\/alfa-romeo\/one-range-alfa-romeo-100-electrics-what-future-with-the-curie-of-f1\/\" \/>\n<meta property=\"og:site_name\" content=\"ItalPassion\" \/>\n<meta property=\"article:publisher\" content=\"https:\/\/www.facebook.com\/italpassion\" \/>\n<meta property=\"article:published_time\" content=\"2021-08-05T08:30:14+00:00\" \/>\n<meta property=\"article:modified_time\" content=\"2022-08-18T18:47:35+00:00\" \/>\n<meta property=\"og:image\" content=\"https:\/\/www.italpassion.fr\/wp-content\/uploads\/2021\/08\/ARRO_2021_C41_Front-1800x1349-1.jpg\" \/>\n\t<meta property=\"og:image:width\" content=\"1800\" \/>\n\t<meta property=\"og:image:height\" content=\"1349\" \/>\n\t<meta property=\"og:image:type\" content=\"image\/jpeg\" \/>\n<meta name=\"author\" content=\"Alexandre Filluzeau\" \/>\n<meta name=\"twitter:card\" content=\"summary_large_image\" \/>\n<meta name=\"twitter:creator\" content=\"@italpassion\" \/>\n<meta name=\"twitter:site\" content=\"@italpassion\" \/>\n<script type=\"application\/ld+json\" class=\"yoast-schema-graph\">{\"@context\":\"https:\/\/schema.org\",\"@graph\":[{\"@type\":\"NewsArticle\",\"@id\":\"https:\/\/www.italpassion.fr\/en\/alfa-romeo\/une-gamme-alfa-romeo-100-electriques-quel-avenir-avec-lecurie-de-f1\/#article\",\"isPartOf\":{\"@id\":\"https:\/\/www.italpassion.fr\/en\/alfa-romeo\/une-gamme-alfa-romeo-100-electriques-quel-avenir-avec-lecurie-de-f1\/\"},\"author\":{\"name\":\"Alexandre Filluzeau\",\"@id\":\"https:\/\/www.italpassion.fr\/en\/#\/schema\/person\/36f747b2a759ca202d847e85a9434ca0\"},\"headline\":\"Une gamme Alfa Romeo 100 % \u00e9lectriques : quel avenir avec l&rsquo;\u00e9curie de F1 ?\",\"datePublished\":\"2021-08-05T08:30:14+00:00\",\"dateModified\":\"2022-08-18T18:47:35+00:00\",\"mainEntityOfPage\":{\"@id\":\"https:\/\/www.italpassion.fr\/en\/alfa-romeo\/une-gamme-alfa-romeo-100-electriques-quel-avenir-avec-lecurie-de-f1\/\"},\"wordCount\":319,\"commentCount\":9,\"publisher\":{\"@id\":\"https:\/\/www.italpassion.fr\/en\/#organization\"},\"image\":{\"@id\":\"https:\/\/www.italpassion.fr\/en\/alfa-romeo\/une-gamme-alfa-romeo-100-electriques-quel-avenir-avec-lecurie-de-f1\/#primaryimage\"},\"thumbnailUrl\":\"https:\/\/www.italpassion.fr\/wp-content\/uploads\/2021\/08\/ARRO_2021_C41_Front-1800x1349-1.jpg\",\"articleSection\":[\"Alfa Romeo\"],\"inLanguage\":\"en-US\",\"potentialAction\":[{\"@type\":\"CommentAction\",\"name\":\"Comment\",\"target\":[\"https:\/\/www.italpassion.fr\/en\/alfa-romeo\/une-gamme-alfa-romeo-100-electriques-quel-avenir-avec-lecurie-de-f1\/#respond\"]}]},{\"@type\":\"WebPage\",\"@id\":\"https:\/\/www.italpassion.fr\/en\/alfa-romeo\/une-gamme-alfa-romeo-100-electriques-quel-avenir-avec-lecurie-de-f1\/\",\"url\":\"https:\/\/www.italpassion.fr\/en\/alfa-romeo\/une-gamme-alfa-romeo-100-electriques-quel-avenir-avec-lecurie-de-f1\/\",\"name\":\"Une gamme Alfa Romeo 100 % \u00e9lectriques : quel avenir avec l'\u00e9curie de F1 ? - ItalPassion\",\"isPartOf\":{\"@id\":\"https:\/\/www.italpassion.fr\/en\/#website\"},\"primaryImageOfPage\":{\"@id\":\"https:\/\/www.italpassion.fr\/en\/alfa-romeo\/une-gamme-alfa-romeo-100-electriques-quel-avenir-avec-lecurie-de-f1\/#primaryimage\"},\"image\":{\"@id\":\"https:\/\/www.italpassion.fr\/en\/alfa-romeo\/une-gamme-alfa-romeo-100-electriques-quel-avenir-avec-lecurie-de-f1\/#primaryimage\"},\"thumbnailUrl\":\"https:\/\/www.italpassion.fr\/wp-content\/uploads\/2021\/08\/ARRO_2021_C41_Front-1800x1349-1.jpg\",\"datePublished\":\"2021-08-05T08:30:14+00:00\",\"dateModified\":\"2022-08-18T18:47:35+00:00\",\"description\":\"De retour depuis 2018 en F1 gr\u00e2ce \u00e0 un partenariat avec l'\u00e9curie Sauber, Jean-Philippe Imparato, actuel DG de la marque italienne Alfa Romeo, a confirm\u00e9\",\"breadcrumb\":{\"@id\":\"https:\/\/www.italpassion.fr\/en\/alfa-romeo\/une-gamme-alfa-romeo-100-electriques-quel-avenir-avec-lecurie-de-f1\/#breadcrumb\"},\"inLanguage\":\"en-US\",\"potentialAction\":[{\"@type\":\"ReadAction\",\"target\":[\"https:\/\/www.italpassion.fr\/en\/alfa-romeo\/une-gamme-alfa-romeo-100-electriques-quel-avenir-avec-lecurie-de-f1\/\"]}]},{\"@type\":\"ImageObject\",\"inLanguage\":\"en-US\",\"@id\":\"https:\/\/www.italpassion.fr\/en\/alfa-romeo\/une-gamme-alfa-romeo-100-electriques-quel-avenir-avec-lecurie-de-f1\/#primaryimage\",\"url\":\"https:\/\/www.italpassion.fr\/wp-content\/uploads\/2021\/08\/ARRO_2021_C41_Front-1800x1349-1.jpg\",\"contentUrl\":\"https:\/\/www.italpassion.fr\/wp-content\/uploads\/2021\/08\/ARRO_2021_C41_Front-1800x1349-1.jpg\",\"width\":1800,\"height\":1349},{\"@type\":\"BreadcrumbList\",\"@id\":\"https:\/\/www.italpassion.fr\/en\/alfa-romeo\/une-gamme-alfa-romeo-100-electriques-quel-avenir-avec-lecurie-de-f1\/#breadcrumb\",\"itemListElement\":[{\"@type\":\"ListItem\",\"position\":1,\"name\":\"Accueil\",\"item\":\"https:\/\/www.italpassion.fr\/en\/\"},{\"@type\":\"ListItem\",\"position\":2,\"name\":\"Une gamme Alfa Romeo 100 % \u00e9lectriques : quel avenir avec l&rsquo;\u00e9curie de F1 ?\"}]},{\"@type\":\"WebSite\",\"@id\":\"https:\/\/www.italpassion.fr\/en\/#website\",\"url\":\"https:\/\/www.italpassion.fr\/en\/\",\"name\":\"ItalPassion\",\"description\":\"Les Passionn\u00e9s d&#039;Automobiles Italiennes\",\"publisher\":{\"@id\":\"https:\/\/www.italpassion.fr\/en\/#organization\"},\"potentialAction\":[{\"@type\":\"SearchAction\",\"target\":{\"@type\":\"EntryPoint\",\"urlTemplate\":\"https:\/\/www.italpassion.fr\/en\/?s={search_term_string}\"},\"query-input\":{\"@type\":\"PropertyValueSpecification\",\"valueRequired\":true,\"valueName\":\"search_term_string\"}}],\"inLanguage\":\"en-US\"},{\"@type\":\"Organization\",\"@id\":\"https:\/\/www.italpassion.fr\/en\/#organization\",\"name\":\"Italpassion\",\"url\":\"https:\/\/www.italpassion.fr\/en\/\",\"logo\":{\"@type\":\"ImageObject\",\"inLanguage\":\"en-US\",\"@id\":\"https:\/\/www.italpassion.fr\/en\/#\/schema\/logo\/image\/\",\"url\":\"https:\/\/www.italpassion.fr\/wp-content\/uploads\/2023\/07\/italpassion-yoast.jpg\",\"contentUrl\":\"https:\/\/www.italpassion.fr\/wp-content\/uploads\/2023\/07\/italpassion-yoast.jpg\",\"width\":696,\"height\":696,\"caption\":\"Italpassion\"},\"image\":{\"@id\":\"https:\/\/www.italpassion.fr\/en\/#\/schema\/logo\/image\/\"},\"sameAs\":[\"https:\/\/www.facebook.com\/italpassion\",\"https:\/\/x.com\/italpassion\",\"https:\/\/www.instagram.com\/italpassionfr\/\",\"https:\/\/www.youtube.com\/channel\/UCleq-ByQaA42OjhopwevRjQ\",\"https:\/\/www.facebook.com\/italpassion.en\/\",\"https:\/\/www.facebook.com\/italpassion.it\/\",\"https:\/\/www.facebook.com\/italpassion.de\/\",\"https:\/\/www.facebook.com\/italpassion.ja\/\"]},{\"@type\":\"Person\",\"@id\":\"https:\/\/www.italpassion.fr\/en\/#\/schema\/person\/36f747b2a759ca202d847e85a9434ca0\",\"name\":\"Alexandre Filluzeau\",\"image\":{\"@type\":\"ImageObject\",\"inLanguage\":\"en-US\",\"@id\":\"https:\/\/www.italpassion.fr\/en\/#\/schema\/person\/image\/\",\"url\":\"https:\/\/www.italpassion.fr\/wp-content\/uploads\/2025\/04\/avatar-alexandre-160x160.jpg\",\"contentUrl\":\"https:\/\/www.italpassion.fr\/wp-content\/uploads\/2025\/04\/avatar-alexandre-160x160.jpg\",\"caption\":\"Alexandre Filluzeau\"},\"description\":\"Fondateur du site ItalPassion, passionn\u00e9 de voitures italiennes et de l'Italie en g\u00e9n\u00e9ral. J'apporte un regard critique et technique aux actualit\u00e9s des marques italiennes quand cela est possible. Propri\u00e9taire d'une Maserati GranTurismo, Alfa Romeo MiTo, Lancia Fulvia et Ducati 695. Ex-propri\u00e9taire d'une Alfa Romeo Giulia.\",\"sameAs\":[\"https:\/\/www.italpassion.fr\/\"],\"url\":\"https:\/\/www.italpassion.fr\/en\/author\/alexandre\/\"}]}<\/script>\n<!-- \/ Yoast SEO plugin. -->","yoast_head_json":{"title":"An electric Alfa Romeo 100 % range: what future with the F1 team? - ItalPassion","description":"Back since 2018 in F1 thanks to a partnership with the Sauber team, Jean-Philippe Imparato, current CEO of the Italian brand Alfa Romeo, confirmed","robots":{"index":"index","follow":"follow","max-snippet":"max-snippet:-1","max-image-preview":"max-image-preview:large","max-video-preview":"max-video-preview:-1"},"canonical":"https:\/\/www.italpassion.fr\/en\/alfa-romeo\/one-range-alfa-romeo-100-electrics-what-future-with-the-curie-of-f1\/","og_locale":"en_US","og_type":"article","og_title":"Une gamme Alfa Romeo 100 % \u00e9lectriques : quel avenir avec l'\u00e9curie de F1 ? - ItalPassion","og_description":"De retour depuis 2018 en F1 gr\u00e2ce \u00e0 un partenariat avec l'\u00e9curie Sauber, Jean-Philippe Imparato, actuel DG de la marque italienne Alfa Romeo, a confirm\u00e9","og_url":"https:\/\/www.italpassion.fr\/en\/alfa-romeo\/one-range-alfa-romeo-100-electrics-what-future-with-the-curie-of-f1\/","og_site_name":"ItalPassion","article_publisher":"https:\/\/www.facebook.com\/italpassion","article_published_time":"2021-08-05T08:30:14+00:00","article_modified_time":"2022-08-18T18:47:35+00:00","og_image":[{"width":1800,"height":1349,"url":"https:\/\/www.italpassion.fr\/wp-content\/uploads\/2021\/08\/ARRO_2021_C41_Front-1800x1349-1.jpg","type":"image\/jpeg"}],"author":"Alexandre Filluzeau","twitter_card":"summary_large_image","twitter_creator":"@italpassion","twitter_site":"@italpassion","schema":{"@context":"https:\/\/schema.org","@graph":[{"@type":"NewsArticle","@id":"https:\/\/www.italpassion.fr\/en\/alfa-romeo\/une-gamme-alfa-romeo-100-electriques-quel-avenir-avec-lecurie-de-f1\/#article","isPartOf":{"@id":"https:\/\/www.italpassion.fr\/en\/alfa-romeo\/une-gamme-alfa-romeo-100-electriques-quel-avenir-avec-lecurie-de-f1\/"},"author":{"name":"Alexandre Filluzeau","@id":"https:\/\/www.italpassion.fr\/en\/#\/schema\/person\/36f747b2a759ca202d847e85a9434ca0"},"headline":"Une gamme Alfa Romeo 100 % \u00e9lectriques : quel avenir avec l&rsquo;\u00e9curie de F1 ?","datePublished":"2021-08-05T08:30:14+00:00","dateModified":"2022-08-18T18:47:35+00:00","mainEntityOfPage":{"@id":"https:\/\/www.italpassion.fr\/en\/alfa-romeo\/une-gamme-alfa-romeo-100-electriques-quel-avenir-avec-lecurie-de-f1\/"},"wordCount":319,"commentCount":9,"publisher":{"@id":"https:\/\/www.italpassion.fr\/en\/#organization"},"image":{"@id":"https:\/\/www.italpassion.fr\/en\/alfa-romeo\/une-gamme-alfa-romeo-100-electriques-quel-avenir-avec-lecurie-de-f1\/#primaryimage"},"thumbnailUrl":"https:\/\/www.italpassion.fr\/wp-content\/uploads\/2021\/08\/ARRO_2021_C41_Front-1800x1349-1.jpg","articleSection":["Alfa Romeo"],"inLanguage":"en-US","potentialAction":[{"@type":"CommentAction","name":"Comment","target":["https:\/\/www.italpassion.fr\/en\/alfa-romeo\/une-gamme-alfa-romeo-100-electriques-quel-avenir-avec-lecurie-de-f1\/#respond"]}]},{"@type":"WebPage","@id":"https:\/\/www.italpassion.fr\/en\/alfa-romeo\/une-gamme-alfa-romeo-100-electriques-quel-avenir-avec-lecurie-de-f1\/","url":"https:\/\/www.italpassion.fr\/en\/alfa-romeo\/une-gamme-alfa-romeo-100-electriques-quel-avenir-avec-lecurie-de-f1\/","name":"An electric Alfa Romeo 100 % range: what future with the F1 team? - ItalPassion","isPartOf":{"@id":"https:\/\/www.italpassion.fr\/en\/#website"},"primaryImageOfPage":{"@id":"https:\/\/www.italpassion.fr\/en\/alfa-romeo\/une-gamme-alfa-romeo-100-electriques-quel-avenir-avec-lecurie-de-f1\/#primaryimage"},"image":{"@id":"https:\/\/www.italpassion.fr\/en\/alfa-romeo\/une-gamme-alfa-romeo-100-electriques-quel-avenir-avec-lecurie-de-f1\/#primaryimage"},"thumbnailUrl":"https:\/\/www.italpassion.fr\/wp-content\/uploads\/2021\/08\/ARRO_2021_C41_Front-1800x1349-1.jpg","datePublished":"2021-08-05T08:30:14+00:00","dateModified":"2022-08-18T18:47:35+00:00","description":"Back since 2018 in F1 thanks to a partnership with the Sauber team, Jean-Philippe Imparato, current CEO of the Italian brand Alfa Romeo, confirmed","breadcrumb":{"@id":"https:\/\/www.italpassion.fr\/en\/alfa-romeo\/une-gamme-alfa-romeo-100-electriques-quel-avenir-avec-lecurie-de-f1\/#breadcrumb"},"inLanguage":"en-US","potentialAction":[{"@type":"ReadAction","target":["https:\/\/www.italpassion.fr\/en\/alfa-romeo\/une-gamme-alfa-romeo-100-electriques-quel-avenir-avec-lecurie-de-f1\/"]}]},{"@type":"ImageObject","inLanguage":"en-US","@id":"https:\/\/www.italpassion.fr\/en\/alfa-romeo\/une-gamme-alfa-romeo-100-electriques-quel-avenir-avec-lecurie-de-f1\/#primaryimage","url":"https:\/\/www.italpassion.fr\/wp-content\/uploads\/2021\/08\/ARRO_2021_C41_Front-1800x1349-1.jpg","contentUrl":"https:\/\/www.italpassion.fr\/wp-content\/uploads\/2021\/08\/ARRO_2021_C41_Front-1800x1349-1.jpg","width":1800,"height":1349},{"@type":"BreadcrumbList","@id":"https:\/\/www.italpassion.fr\/en\/alfa-romeo\/une-gamme-alfa-romeo-100-electriques-quel-avenir-avec-lecurie-de-f1\/#breadcrumb","itemListElement":[{"@type":"ListItem","position":1,"name":"Accueil","item":"https:\/\/www.italpassion.fr\/en\/"},{"@type":"ListItem","position":2,"name":"Une gamme Alfa Romeo 100 % \u00e9lectriques : quel avenir avec l&rsquo;\u00e9curie de F1 ?"}]},{"@type":"WebSite","@id":"https:\/\/www.italpassion.fr\/en\/#website","url":"https:\/\/www.italpassion.fr\/en\/","name":"ItalPassion","description":"Italian Car Enthusiasts","publisher":{"@id":"https:\/\/www.italpassion.fr\/en\/#organization"},"potentialAction":[{"@type":"SearchAction","target":{"@type":"EntryPoint","urlTemplate":"https:\/\/www.italpassion.fr\/en\/?s={search_term_string}"},"query-input":{"@type":"PropertyValueSpecification","valueRequired":true,"valueName":"search_term_string"}}],"inLanguage":"en-US"},{"@type":"Organization","@id":"https:\/\/www.italpassion.fr\/en\/#organization","name":"Italpassion","url":"https:\/\/www.italpassion.fr\/en\/","logo":{"@type":"ImageObject","inLanguage":"en-US","@id":"https:\/\/www.italpassion.fr\/en\/#\/schema\/logo\/image\/","url":"https:\/\/www.italpassion.fr\/wp-content\/uploads\/2023\/07\/italpassion-yoast.jpg","contentUrl":"https:\/\/www.italpassion.fr\/wp-content\/uploads\/2023\/07\/italpassion-yoast.jpg","width":696,"height":696,"caption":"Italpassion"},"image":{"@id":"https:\/\/www.italpassion.fr\/en\/#\/schema\/logo\/image\/"},"sameAs":["https:\/\/www.facebook.com\/italpassion","https:\/\/x.com\/italpassion","https:\/\/www.instagram.com\/italpassionfr\/","https:\/\/www.youtube.com\/channel\/UCleq-ByQaA42OjhopwevRjQ","https:\/\/www.facebook.com\/italpassion.en\/","https:\/\/www.facebook.com\/italpassion.it\/","https:\/\/www.facebook.com\/italpassion.de\/","https:\/\/www.facebook.com\/italpassion.ja\/"]},{"@type":"Person","@id":"https:\/\/www.italpassion.fr\/en\/#\/schema\/person\/36f747b2a759ca202d847e85a9434ca0","name":"Alexandre Filluzeau","image":{"@type":"ImageObject","inLanguage":"en-US","@id":"https:\/\/www.italpassion.fr\/en\/#\/schema\/person\/image\/","url":"https:\/\/www.italpassion.fr\/wp-content\/uploads\/2025\/04\/avatar-alexandre-160x160.jpg","contentUrl":"https:\/\/www.italpassion.fr\/wp-content\/uploads\/2025\/04\/avatar-alexandre-160x160.jpg","caption":"Alexandre Filluzeau"},"description":"Founder of the ItalPassion website, passionate about Italian cars and Italy in general. I bring a critical and technical eye to the news of Italian brands when possible. Owner of a Maserati GranTurismo, Alfa Romeo MiTo, Lancia Fulvia and Ducati 695. Ex-owner of an Alfa Romeo Giulia.","sameAs":["https:\/\/www.italpassion.fr\/"],"url":"https:\/\/www.italpassion.fr\/en\/author\/alexandre\/"}]}},"_links":{"self":[{"href":"https:\/\/www.italpassion.fr\/en\/wp-json\/wp\/v2\/posts\/29537","targetHints":{"allow":["GET"]}}],"collection":[{"href":"https:\/\/www.italpassion.fr\/en\/wp-json\/wp\/v2\/posts"}],"about":[{"href":"https:\/\/www.italpassion.fr\/en\/wp-json\/wp\/v2\/types\/post"}],"author":[{"embeddable":true,"href":"https:\/\/www.italpassion.fr\/en\/wp-json\/wp\/v2\/users\/1"}],"replies":[{"embeddable":true,"href":"https:\/\/www.italpassion.fr\/en\/wp-json\/wp\/v2\/comments?post=29537"}],"version-history":[{"count":3,"href":"https:\/\/www.italpassion.fr\/en\/wp-json\/wp\/v2\/posts\/29537\/revisions"}],"predecessor-version":[{"id":30642,"href":"https:\/\/www.italpassion.fr\/en\/wp-json\/wp\/v2\/posts\/29537\/revisions\/30642"}],"wp:featuredmedia":[{"embeddable":true,"href":"https:\/\/www.italpassion.fr\/en\/wp-json\/wp\/v2\/media\/29542"}],"wp:attachment":[{"href":"https:\/\/www.italpassion.fr\/en\/wp-json\/wp\/v2\/media?parent=29537"}],"wp:term":[{"taxonomy":"category","embeddable":true,"href":"https:\/\/www.italpassion.fr\/en\/wp-json\/wp\/v2\/categories?post=29537"},{"taxonomy":"post_tag","embeddable":true,"href":"https:\/\/www.italpassion.fr\/en\/wp-json\/wp\/v2\/tags?post=29537"}],"curies":[{"name":"wp","href":"https:\/\/api.w.org\/{rel}","templated":true}]}}