{"id":53925,"date":"2026-09-03T15:20:46","date_gmt":"2026-09-03T13:20:46","guid":{"rendered":"https:\/\/www.italpassion.fr\/?p=53925"},"modified":"2026-09-03T14:38:36","modified_gmt":"2026-09-03T12:38:36","slug":"mit-seinem-neuen-ferrari-f40-hat-lewis-hamilton-sein-allererstes-foto-bei-ferrari-nachgestellt-mein-eigener-f40","status":"publish","type":"post","link":"https:\/\/www.italpassion.fr\/de\/ferrari\/avec-sa-nouvelle-ferrari-f40-lewis-hamilton-a-recree-sa-toute-premiere-photo-chez-ferrari-ma-f40-a-moi\/","title":{"rendered":"Mit seinem neuen Ferrari F40 hat Lewis Hamilton sein allererstes Foto bei Ferrari nachgestellt: \u00abMein ganz eigener F40\u00bb"},"content":{"rendered":"<figure class=\"wp-block-image size-full\"><img loading=\"lazy\" decoding=\"async\" width=\"1200\" height=\"800\" src=\"https:\/\/www.italpassion.fr\/wp-content\/uploads\/2026\/09\/lewis-0.jpg\" alt=\"\" class=\"wp-image-53931\" srcset=\"https:\/\/www.italpassion.fr\/wp-content\/uploads\/2026\/09\/lewis-0.jpg 1200w, https:\/\/www.italpassion.fr\/wp-content\/uploads\/2026\/09\/lewis-0-18x12.jpg 18w, https:\/\/www.italpassion.fr\/wp-content\/uploads\/2026\/09\/lewis-0-420x280.jpg 420w, https:\/\/www.italpassion.fr\/wp-content\/uploads\/2026\/09\/lewis-0-768x512.jpg 768w\" sizes=\"auto, (max-width: 1200px) 100vw, 1200px\" \/><\/figure>\n\n\n\n<p class=\"wp-block-paragraph\">Nur zwei Tage, nachdem er bekannt gegeben hatte, dass er <a href=\"https:\/\/www.italpassion.fr\/de\/ferrari\/lewis-hamilton-rettet-gerade-diesen-ferrari-f40-der-seit-30-jahren-verlassen-daliegt-und-noch-nie-gefahren-ist\/\">der nun Besitzer eines Ferrari F40 ist<\/a> mit einer au\u00dfergew\u00f6hnlichen Geschichte, <a href=\"https:\/\/www.italpassion.fr\/de\/tag\/lewis-hamilton\/\">Lewis Hamilton<\/a> hat ihm gerade einen besonders vielbeachteten ersten Einsatz beschert. Am 3. September kam der Ferrari-Pilot am Steuer seines neuen Wagens in Monza an <a href=\"https:\/\/www.italpassion.fr\/de\/autos\/ferrari-f40\/\">F40<\/a>. Dann stieg er aus und posierte neben ihr. Ein Bild, das sofort an seinen ersten Tag bei <a href=\"https:\/\/www.italpassion.fr\/de\/ferrari\/\">Ferrari<\/a>, im Januar 2025.<\/p>\n\n\n\n<h2 class=\"wp-block-heading\">Lewis Hamilton kommt mit seinem neuen F40 nach Monza<\/h2>\n\n\n\n<p class=\"wp-block-paragraph\">Um nach Monza zu gelangen, h\u00e4tte Lewis Hamilton einen der modernen Ferrari w\u00e4hlen k\u00f6nnen, die ihm zur Verf\u00fcgung standen. Er entschied sich jedoch daf\u00fcr, seinen roten F40 aus der Garage zu holen \u2013 unter den Blicken der Fotografen und Zuschauer, die am Rande der Rennstrecke versammelt waren.<\/p>\n\n\n\n<figure class=\"wp-block-image size-full\"><img loading=\"lazy\" decoding=\"async\" width=\"1200\" height=\"800\" src=\"https:\/\/www.italpassion.fr\/wp-content\/uploads\/2026\/09\/lewis-f40.jpg\" alt=\"\" class=\"wp-image-53926\" srcset=\"https:\/\/www.italpassion.fr\/wp-content\/uploads\/2026\/09\/lewis-f40.jpg 1200w, https:\/\/www.italpassion.fr\/wp-content\/uploads\/2026\/09\/lewis-f40-768x512.jpg 768w, https:\/\/www.italpassion.fr\/wp-content\/uploads\/2026\/09\/lewis-f40-18x12.jpg 18w, https:\/\/www.italpassion.fr\/wp-content\/uploads\/2026\/09\/lewis-f40-420x280.jpg 420w\" sizes=\"auto, (max-width: 1200px) 100vw, 1200px\" \/><figcaption class=\"wp-element-caption\">Foto Ferrari<\/figcaption><\/figure>\n\n\n\n<p class=\"wp-block-paragraph\">Und dieser F40 ist kein Unbekannter. Es handelt sich um das Auto, das der siebenfache Weltmeister gerade als sein eigenes vorgestellt hat, mit den Worten: \u00abMein ganz pers\u00f6nlicher F40\u00bb. Zur Erinnerung: Seine Geschichte ist ziemlich unglaublich. Er wurde 1991 neu in Modena ausgeliefert, soll jedoch bereits wenige Tage sp\u00e4ter stillgelegt worden sein und mehr als 30 Jahre lang ungenutzt geblieben sein. Als er wiedergefunden wurde, war der Ferrari zwar mit Staub bedeckt, befand sich aber immer noch in einem Zustand, der dem bei der Auslieferung bemerkenswert nahekam.<\/p>\n\n\n\n<figure class=\"wp-block-image size-full\"><img loading=\"lazy\" decoding=\"async\" width=\"1200\" height=\"800\" src=\"https:\/\/www.italpassion.fr\/wp-content\/uploads\/2026\/09\/f40-hamilton-00.jpg\" alt=\"\" class=\"wp-image-53826\" srcset=\"https:\/\/www.italpassion.fr\/wp-content\/uploads\/2026\/09\/f40-hamilton-00.jpg 1200w, https:\/\/www.italpassion.fr\/wp-content\/uploads\/2026\/09\/f40-hamilton-00-768x512.jpg 768w, https:\/\/www.italpassion.fr\/wp-content\/uploads\/2026\/09\/f40-hamilton-00-18x12.jpg 18w, https:\/\/www.italpassion.fr\/wp-content\/uploads\/2026\/09\/f40-hamilton-00-420x280.jpg 420w\" sizes=\"auto, (max-width: 1200px) 100vw, 1200px\" \/><\/figure>\n\n\n\n<p class=\"wp-block-paragraph\">Lewis Hamilton erwarb sie schlie\u00dflich im Jahr 2026 und \u00fcbergab sie direkt an Ferrari. In Maranello nahmen die Mechaniker eine umfassende technische \u00dcberholung vor, um diesen F40 wieder fahrtauglich zu machen. Nur wenige Tage, nachdem Bilder dieser Arbeiten ver\u00f6ffentlicht wurden, ist er nun in Monza mit Lewis Hamilton am Steuer zu sehen.<\/p>\n\n\n\n<blockquote class=\"twitter-tweet\"><p lang=\"en\" dir=\"ltr\">Kultig. \u2728<br><br>Bei der Ankunft zum Media Day in Italien, <a href=\"https:\/\/x.com\/LewisHamilton?ref_src=twsrc%5Etfw\">@LewisHamilton<\/a> Stil \ud83e\udd29<a href=\"https:\/\/x.com\/hashtag\/F1?src=hash&amp;ref_src=twsrc%5Etfw\">#F1<\/a> <a href=\"https:\/\/x.com\/hashtag\/ItalianGP?src=hash&amp;ref_src=twsrc%5Etfw\">#ItalienGP<\/a> <a href=\"https:\/\/t.co\/5JbMhgMzis\">pic.twitter.com\/5JbMhgMzis<\/a><\/p>- Formel 1 (@F1) <a href=\"https:\/\/x.com\/F1\/status\/2095431681221992488?ref_src=twsrc%5Etfw\">3. September 2026<\/a><\/blockquote> <script async src=\"https:\/\/platform.x.com\/widgets.js\" charset=\"utf-8\"><\/script>\n\n\n\n<h2 class=\"wp-block-heading\">Eine Pose, die unweigerlich an sein erstes Foto bei Ferrari erinnert<\/h2>\n\n\n\n<p class=\"wp-block-paragraph\">Das vielleicht interessanteste Bild entstand jedoch erst, als das Auto zum Stehen gekommen war. Hamilton, gekleidet in einen dunklen Anzug, eine Krawatte, einen langen, kamelfarbenen Mantel und eine Sonnenbrille, posierte direkt vor seinem F40. Es f\u00e4llt schwer, darin nicht eine Anspielung auf <a href=\"https:\/\/www.italpassion.fr\/de\/wettbewerb\/f1-das-erste-offizielle-foto-von-lewis-hamilton-bei-ferrari-und-sein-verstecktes-symbol\/\">sein erstes offizielles Foto im Januar 2025<\/a>.<\/p>\n\n\n\n<figure class=\"wp-block-image size-full\"><img loading=\"lazy\" decoding=\"async\" width=\"1200\" height=\"800\" src=\"https:\/\/www.italpassion.fr\/wp-content\/uploads\/2026\/09\/lewis-f40-3.jpg\" alt=\"\" class=\"wp-image-53927\" srcset=\"https:\/\/www.italpassion.fr\/wp-content\/uploads\/2026\/09\/lewis-f40-3.jpg 1200w, https:\/\/www.italpassion.fr\/wp-content\/uploads\/2026\/09\/lewis-f40-3-420x280.jpg 420w, https:\/\/www.italpassion.fr\/wp-content\/uploads\/2026\/09\/lewis-f40-3-18x12.jpg 18w, https:\/\/www.italpassion.fr\/wp-content\/uploads\/2026\/09\/lewis-f40-3-768x512.jpg 768w\" sizes=\"auto, (max-width: 1200px) 100vw, 1200px\" \/><figcaption class=\"wp-element-caption\">Foto F1<\/figcaption><\/figure>\n\n\n\n<figure class=\"wp-block-image size-full\"><img loading=\"lazy\" decoding=\"async\" width=\"1200\" height=\"800\" src=\"https:\/\/www.italpassion.fr\/wp-content\/uploads\/2026\/09\/lewis-f40-4.jpg\" alt=\"\" class=\"wp-image-53929\" srcset=\"https:\/\/www.italpassion.fr\/wp-content\/uploads\/2026\/09\/lewis-f40-4.jpg 1200w, https:\/\/www.italpassion.fr\/wp-content\/uploads\/2026\/09\/lewis-f40-4-18x12.jpg 18w, https:\/\/www.italpassion.fr\/wp-content\/uploads\/2026\/09\/lewis-f40-4-768x512.jpg 768w, https:\/\/www.italpassion.fr\/wp-content\/uploads\/2026\/09\/lewis-f40-4-420x280.jpg 420w\" sizes=\"auto, (max-width: 1200px) 100vw, 1200px\" \/><figcaption class=\"wp-element-caption\">Foto F1<\/figcaption><\/figure>\n\n\n\n<p class=\"wp-block-paragraph\">An seinem allerersten offiziellen Tag als Ferrari-Fahrer hatte Lewis Hamilton ein Foto ver\u00f6ffentlicht, das im Internet viral ging. Darauf war er vor der \u201eCasa Ferrari\u201c, dem ehemaligen Wohnhaus und B\u00fcro von Enzo Ferrari in Fiorano, in sehr eleganter Kleidung und mit einem roten Ferrari F40 an seiner Seite zu sehen.<\/p>\n\n\n\n<figure class=\"wp-block-image size-large\"><img loading=\"lazy\" decoding=\"async\" width=\"1024\" height=\"683\" src=\"https:\/\/www.italpassion.fr\/wp-content\/uploads\/2025\/01\/lewis-hamilton-ferrari-scuderia-ferrari-1024x683.jpg\" alt=\"\" class=\"wp-image-36099\" srcset=\"https:\/\/www.italpassion.fr\/wp-content\/uploads\/2025\/01\/lewis-hamilton-ferrari-scuderia-ferrari-1024x683.jpg 1024w, https:\/\/www.italpassion.fr\/wp-content\/uploads\/2025\/01\/lewis-hamilton-ferrari-scuderia-ferrari-300x200.jpg 300w, https:\/\/www.italpassion.fr\/wp-content\/uploads\/2025\/01\/lewis-hamilton-ferrari-scuderia-ferrari-768x512.jpg 768w, https:\/\/www.italpassion.fr\/wp-content\/uploads\/2025\/01\/lewis-hamilton-ferrari-scuderia-ferrari-18x12.jpg 18w, https:\/\/www.italpassion.fr\/wp-content\/uploads\/2025\/01\/lewis-hamilton-ferrari-scuderia-ferrari-561x374.jpg 561w, https:\/\/www.italpassion.fr\/wp-content\/uploads\/2025\/01\/lewis-hamilton-ferrari-scuderia-ferrari-1122x748.jpg 1122w, https:\/\/www.italpassion.fr\/wp-content\/uploads\/2025\/01\/lewis-hamilton-ferrari-scuderia-ferrari-265x177.jpg 265w, https:\/\/www.italpassion.fr\/wp-content\/uploads\/2025\/01\/lewis-hamilton-ferrari-scuderia-ferrari-531x354.jpg 531w, https:\/\/www.italpassion.fr\/wp-content\/uploads\/2025\/01\/lewis-hamilton-ferrari-scuderia-ferrari-364x243.jpg 364w, https:\/\/www.italpassion.fr\/wp-content\/uploads\/2025\/01\/lewis-hamilton-ferrari-scuderia-ferrari-728x485.jpg 728w, https:\/\/www.italpassion.fr\/wp-content\/uploads\/2025\/01\/lewis-hamilton-ferrari-scuderia-ferrari-608x405.jpg 608w, https:\/\/www.italpassion.fr\/wp-content\/uploads\/2025\/01\/lewis-hamilton-ferrari-scuderia-ferrari-758x505.jpg 758w, https:\/\/www.italpassion.fr\/wp-content\/uploads\/2025\/01\/lewis-hamilton-ferrari-scuderia-ferrari-1152x768.jpg 1152w, https:\/\/www.italpassion.fr\/wp-content\/uploads\/2025\/01\/lewis-hamilton-ferrari-scuderia-ferrari.jpg 1200w\" sizes=\"auto, (max-width: 1024px) 100vw, 1024px\" \/><figcaption class=\"wp-element-caption\">Januar 2025<\/figcaption><\/figure>\n\n\n\n<p class=\"wp-block-paragraph\">Das Foto hatte die ganze Welt umrundet. Und heute wissen wir, dass die Wahl des Autos keineswegs zuf\u00e4llig war. Lewis Hamilton erkl\u00e4rte k\u00fcrzlich, dass der F40 seit seiner Kindheit sein Traum-Ferrari sei und dass er selbst darum gebeten habe, dass ein Exemplar f\u00fcr dieses erste offizielle Foto bereitstehe.<\/p>\n\n\n\n<h2 class=\"wp-block-heading\">Diesmal geh\u00f6rt der Ferrari F40 wirklich ihm<\/h2>\n\n\n\n<p class=\"wp-block-paragraph\">Eineinhalb Jahre sp\u00e4ter: derselbe Fahrer, derselbe sorgf\u00e4ltig einstudierte Gang, derselbe rote Ferrari F40 und eine Pose, die stark an jene erinnert, mit der er einst seine Ankunft in Maranello feierte. Lewis Hamilton hat nicht pr\u00e4zisiert, ob er bewusst versucht hat, dieses Foto nachzustellen, doch die Parallele l\u00e4sst sich kaum \u00fcbersehen. Im Januar 2025 posierte Hamilton neben einem F40, der seinen Ferrari-Traum symbolisieren sollte. Im September 2026 posiert er neben seinem eigenen F40, den er gerade nach mehr als drei Jahrzehnten Stillstand gerettet hat. Der Kreis schlie\u00dft sich fast.<\/p>\n\n\n\n<figure class=\"wp-block-image size-full\"><img loading=\"lazy\" decoding=\"async\" width=\"1200\" height=\"800\" src=\"https:\/\/www.italpassion.fr\/wp-content\/uploads\/2026\/09\/lewis-f40-5.jpg\" alt=\"\" class=\"wp-image-53930\" srcset=\"https:\/\/www.italpassion.fr\/wp-content\/uploads\/2026\/09\/lewis-f40-5.jpg 1200w, https:\/\/www.italpassion.fr\/wp-content\/uploads\/2026\/09\/lewis-f40-5-420x280.jpg 420w, https:\/\/www.italpassion.fr\/wp-content\/uploads\/2026\/09\/lewis-f40-5-18x12.jpg 18w, https:\/\/www.italpassion.fr\/wp-content\/uploads\/2026\/09\/lewis-f40-5-768x512.jpg 768w\" sizes=\"auto, (max-width: 1200px) 100vw, 1200px\" \/><figcaption class=\"wp-element-caption\">Foto F1<\/figcaption><\/figure>","protected":false},"excerpt":{"rendered":"","protected":false},"author":1,"featured_media":53931,"comment_status":"open","ping_status":"open","sticky":false,"template":"","format":"standard","meta":{"_acf_changed":false,"_sitemap_exclude":false,"_sitemap_priority":"","_sitemap_frequency":"","footnotes":""},"categories":[23],"tags":[461,397],"class_list":["post-53925","post","type-post","status-publish","format-standard","has-post-thumbnail","hentry","category-ferrari","tag-ferrari-f40","tag-lewis-hamilton","generate-columns","tablet-grid-50","mobile-grid-100","grid-parent","grid-33"],"acf":[],"yoast_head":"<!-- This site is optimized with the Yoast SEO plugin v25.8 - https:\/\/yoast.com\/wordpress\/plugins\/seo\/ -->\n<title>Avec sa nouvelle Ferrari F40, Lewis Hamilton a recr\u00e9\u00e9 sa toute premi\u00e8re photo chez Ferrari : &quot;Ma F40 \u00e0 moi&quot; - ItalPassion<\/title>\n<meta name=\"description\" content=\"Deux jours seulement apr\u00e8s avoir r\u00e9v\u00e9l\u00e9 \u00eatre devenu propri\u00e9taire d\u2019une Ferrari F40 \u00e0 l\u2019histoire exceptionnelle, Lewis Hamilton vient de lui offrir une\" \/>\n<meta name=\"robots\" content=\"index, follow, max-snippet:-1, max-image-preview:large, max-video-preview:-1\" \/>\n<link rel=\"canonical\" href=\"https:\/\/www.italpassion.fr\/de\/ferrari\/mit-seinem-neuen-ferrari-f40-hat-lewis-hamilton-sein-allererstes-foto-bei-ferrari-nachgestellt-mein-eigener-f40\/\" \/>\n<meta property=\"og:locale\" content=\"de_DE\" \/>\n<meta property=\"og:type\" content=\"article\" \/>\n<meta property=\"og:title\" content=\"Avec sa nouvelle Ferrari F40, Lewis Hamilton a recr\u00e9\u00e9 sa toute premi\u00e8re photo chez Ferrari : &quot;Ma F40 \u00e0 moi&quot; - ItalPassion\" \/>\n<meta property=\"og:description\" content=\"Deux jours seulement apr\u00e8s avoir r\u00e9v\u00e9l\u00e9 \u00eatre devenu propri\u00e9taire d\u2019une Ferrari F40 \u00e0 l\u2019histoire exceptionnelle, Lewis Hamilton vient de lui offrir une\" \/>\n<meta property=\"og:url\" content=\"https:\/\/www.italpassion.fr\/de\/ferrari\/mit-seinem-neuen-ferrari-f40-hat-lewis-hamilton-sein-allererstes-foto-bei-ferrari-nachgestellt-mein-eigener-f40\/\" \/>\n<meta property=\"og:site_name\" content=\"ItalPassion\" \/>\n<meta property=\"article:publisher\" content=\"https:\/\/www.facebook.com\/italpassion\" \/>\n<meta property=\"article:published_time\" content=\"2026-09-03T13:20:46+00:00\" \/>\n<meta property=\"og:image\" content=\"https:\/\/www.italpassion.fr\/wp-content\/uploads\/2026\/09\/lewis-0.jpg\" \/>\n\t<meta property=\"og:image:width\" content=\"1200\" \/>\n\t<meta property=\"og:image:height\" content=\"800\" \/>\n\t<meta property=\"og:image:type\" content=\"image\/jpeg\" \/>\n<meta name=\"author\" content=\"Alexandre Filluzeau\" \/>\n<meta name=\"twitter:card\" content=\"summary_large_image\" \/>\n<meta name=\"twitter:creator\" content=\"@italpassion\" \/>\n<meta name=\"twitter:site\" content=\"@italpassion\" \/>\n<script type=\"application\/ld+json\" class=\"yoast-schema-graph\">{\"@context\":\"https:\/\/schema.org\",\"@graph\":[{\"@type\":\"NewsArticle\",\"@id\":\"https:\/\/www.italpassion.fr\/de\/ferrari\/avec-sa-nouvelle-ferrari-f40-lewis-hamilton-a-recree-sa-toute-premiere-photo-chez-ferrari-ma-f40-a-moi\/#article\",\"isPartOf\":{\"@id\":\"https:\/\/www.italpassion.fr\/de\/ferrari\/avec-sa-nouvelle-ferrari-f40-lewis-hamilton-a-recree-sa-toute-premiere-photo-chez-ferrari-ma-f40-a-moi\/\"},\"author\":{\"name\":\"Alexandre Filluzeau\",\"@id\":\"https:\/\/www.italpassion.fr\/de\/#\/schema\/person\/36f747b2a759ca202d847e85a9434ca0\"},\"headline\":\"Avec sa nouvelle Ferrari F40, Lewis Hamilton a recr\u00e9\u00e9 sa toute premi\u00e8re photo chez Ferrari : \u00ab\u00a0Ma F40 \u00e0 moi\u00a0\u00bb\",\"datePublished\":\"2026-09-03T13:20:46+00:00\",\"mainEntityOfPage\":{\"@id\":\"https:\/\/www.italpassion.fr\/de\/ferrari\/avec-sa-nouvelle-ferrari-f40-lewis-hamilton-a-recree-sa-toute-premiere-photo-chez-ferrari-ma-f40-a-moi\/\"},\"wordCount\":623,\"commentCount\":0,\"publisher\":{\"@id\":\"https:\/\/www.italpassion.fr\/de\/#organization\"},\"image\":{\"@id\":\"https:\/\/www.italpassion.fr\/de\/ferrari\/avec-sa-nouvelle-ferrari-f40-lewis-hamilton-a-recree-sa-toute-premiere-photo-chez-ferrari-ma-f40-a-moi\/#primaryimage\"},\"thumbnailUrl\":\"https:\/\/www.italpassion.fr\/wp-content\/uploads\/2026\/09\/lewis-0.jpg\",\"keywords\":[\"Ferrari F40\",\"Lewis Hamilton\"],\"articleSection\":[\"Ferrari\"],\"inLanguage\":\"de\",\"potentialAction\":[{\"@type\":\"CommentAction\",\"name\":\"Comment\",\"target\":[\"https:\/\/www.italpassion.fr\/de\/ferrari\/avec-sa-nouvelle-ferrari-f40-lewis-hamilton-a-recree-sa-toute-premiere-photo-chez-ferrari-ma-f40-a-moi\/#respond\"]}]},{\"@type\":\"WebPage\",\"@id\":\"https:\/\/www.italpassion.fr\/de\/ferrari\/avec-sa-nouvelle-ferrari-f40-lewis-hamilton-a-recree-sa-toute-premiere-photo-chez-ferrari-ma-f40-a-moi\/\",\"url\":\"https:\/\/www.italpassion.fr\/de\/ferrari\/avec-sa-nouvelle-ferrari-f40-lewis-hamilton-a-recree-sa-toute-premiere-photo-chez-ferrari-ma-f40-a-moi\/\",\"name\":\"Avec sa nouvelle Ferrari F40, Lewis Hamilton a recr\u00e9\u00e9 sa toute premi\u00e8re photo chez Ferrari : \\\"Ma F40 \u00e0 moi\\\" - ItalPassion\",\"isPartOf\":{\"@id\":\"https:\/\/www.italpassion.fr\/de\/#website\"},\"primaryImageOfPage\":{\"@id\":\"https:\/\/www.italpassion.fr\/de\/ferrari\/avec-sa-nouvelle-ferrari-f40-lewis-hamilton-a-recree-sa-toute-premiere-photo-chez-ferrari-ma-f40-a-moi\/#primaryimage\"},\"image\":{\"@id\":\"https:\/\/www.italpassion.fr\/de\/ferrari\/avec-sa-nouvelle-ferrari-f40-lewis-hamilton-a-recree-sa-toute-premiere-photo-chez-ferrari-ma-f40-a-moi\/#primaryimage\"},\"thumbnailUrl\":\"https:\/\/www.italpassion.fr\/wp-content\/uploads\/2026\/09\/lewis-0.jpg\",\"datePublished\":\"2026-09-03T13:20:46+00:00\",\"description\":\"Deux jours seulement apr\u00e8s avoir r\u00e9v\u00e9l\u00e9 \u00eatre devenu propri\u00e9taire d\u2019une Ferrari F40 \u00e0 l\u2019histoire exceptionnelle, Lewis Hamilton vient de lui offrir une\",\"breadcrumb\":{\"@id\":\"https:\/\/www.italpassion.fr\/de\/ferrari\/avec-sa-nouvelle-ferrari-f40-lewis-hamilton-a-recree-sa-toute-premiere-photo-chez-ferrari-ma-f40-a-moi\/#breadcrumb\"},\"inLanguage\":\"de\",\"potentialAction\":[{\"@type\":\"ReadAction\",\"target\":[\"https:\/\/www.italpassion.fr\/de\/ferrari\/avec-sa-nouvelle-ferrari-f40-lewis-hamilton-a-recree-sa-toute-premiere-photo-chez-ferrari-ma-f40-a-moi\/\"]}]},{\"@type\":\"ImageObject\",\"inLanguage\":\"de\",\"@id\":\"https:\/\/www.italpassion.fr\/de\/ferrari\/avec-sa-nouvelle-ferrari-f40-lewis-hamilton-a-recree-sa-toute-premiere-photo-chez-ferrari-ma-f40-a-moi\/#primaryimage\",\"url\":\"https:\/\/www.italpassion.fr\/wp-content\/uploads\/2026\/09\/lewis-0.jpg\",\"contentUrl\":\"https:\/\/www.italpassion.fr\/wp-content\/uploads\/2026\/09\/lewis-0.jpg\",\"width\":1200,\"height\":800},{\"@type\":\"BreadcrumbList\",\"@id\":\"https:\/\/www.italpassion.fr\/de\/ferrari\/avec-sa-nouvelle-ferrari-f40-lewis-hamilton-a-recree-sa-toute-premiere-photo-chez-ferrari-ma-f40-a-moi\/#breadcrumb\",\"itemListElement\":[{\"@type\":\"ListItem\",\"position\":1,\"name\":\"Accueil\",\"item\":\"https:\/\/www.italpassion.fr\/de\/\"},{\"@type\":\"ListItem\",\"position\":2,\"name\":\"Avec sa nouvelle Ferrari F40, Lewis Hamilton a recr\u00e9\u00e9 sa toute premi\u00e8re photo chez Ferrari : \u00ab\u00a0Ma F40 \u00e0 moi\u00a0\u00bb\"}]},{\"@type\":\"WebSite\",\"@id\":\"https:\/\/www.italpassion.fr\/de\/#website\",\"url\":\"https:\/\/www.italpassion.fr\/de\/\",\"name\":\"ItalPassion\",\"description\":\"Les Passionn\u00e9s d&#039;Automobiles Italiennes\",\"publisher\":{\"@id\":\"https:\/\/www.italpassion.fr\/de\/#organization\"},\"potentialAction\":[{\"@type\":\"SearchAction\",\"target\":{\"@type\":\"EntryPoint\",\"urlTemplate\":\"https:\/\/www.italpassion.fr\/de\/?s={search_term_string}\"},\"query-input\":{\"@type\":\"PropertyValueSpecification\",\"valueRequired\":true,\"valueName\":\"search_term_string\"}}],\"inLanguage\":\"de\"},{\"@type\":\"Organization\",\"@id\":\"https:\/\/www.italpassion.fr\/de\/#organization\",\"name\":\"Italpassion\",\"url\":\"https:\/\/www.italpassion.fr\/de\/\",\"logo\":{\"@type\":\"ImageObject\",\"inLanguage\":\"de\",\"@id\":\"https:\/\/www.italpassion.fr\/de\/#\/schema\/logo\/image\/\",\"url\":\"https:\/\/www.italpassion.fr\/wp-content\/uploads\/2023\/07\/italpassion-yoast.jpg\",\"contentUrl\":\"https:\/\/www.italpassion.fr\/wp-content\/uploads\/2023\/07\/italpassion-yoast.jpg\",\"width\":696,\"height\":696,\"caption\":\"Italpassion\"},\"image\":{\"@id\":\"https:\/\/www.italpassion.fr\/de\/#\/schema\/logo\/image\/\"},\"sameAs\":[\"https:\/\/www.facebook.com\/italpassion\",\"https:\/\/x.com\/italpassion\",\"https:\/\/www.instagram.com\/italpassionfr\/\",\"https:\/\/www.youtube.com\/channel\/UCleq-ByQaA42OjhopwevRjQ\",\"https:\/\/www.facebook.com\/italpassion.en\/\",\"https:\/\/www.facebook.com\/italpassion.it\/\",\"https:\/\/www.facebook.com\/italpassion.de\/\",\"https:\/\/www.facebook.com\/italpassion.ja\/\"]},{\"@type\":\"Person\",\"@id\":\"https:\/\/www.italpassion.fr\/de\/#\/schema\/person\/36f747b2a759ca202d847e85a9434ca0\",\"name\":\"Alexandre Filluzeau\",\"image\":{\"@type\":\"ImageObject\",\"inLanguage\":\"de\",\"@id\":\"https:\/\/www.italpassion.fr\/de\/#\/schema\/person\/image\/\",\"url\":\"https:\/\/www.italpassion.fr\/wp-content\/uploads\/2025\/04\/avatar-alexandre-160x160.jpg\",\"contentUrl\":\"https:\/\/www.italpassion.fr\/wp-content\/uploads\/2025\/04\/avatar-alexandre-160x160.jpg\",\"caption\":\"Alexandre Filluzeau\"},\"description\":\"Fondateur du site ItalPassion, passionn\u00e9 de voitures italiennes et de l'Italie en g\u00e9n\u00e9ral. J'apporte un regard critique et technique aux actualit\u00e9s des marques italiennes quand cela est possible. Propri\u00e9taire d'une Maserati GranTurismo, Alfa Romeo MiTo, Lancia Fulvia et Ducati 695. Ex-propri\u00e9taire d'une Alfa Romeo Giulia.\",\"sameAs\":[\"https:\/\/www.italpassion.fr\/\"],\"url\":\"https:\/\/www.italpassion.fr\/de\/author\/alexandre\/\"}]}<\/script>\n<!-- \/ Yoast SEO plugin. -->","yoast_head_json":{"title":"Mit seinem neuen Ferrari F40 hat Lewis Hamilton sein allererstes Foto bei Ferrari nachgestellt: \"Mein ganz pers\u00f6nlicher F40\" \u2013 ItalPassion","description":"Nur zwei Tage, nachdem er bekannt gegeben hatte, dass er nun Besitzer eines Ferrari F40 mit einer au\u00dfergew\u00f6hnlichen Geschichte ist, hat Lewis Hamilton ihm gerade eine","robots":{"index":"index","follow":"follow","max-snippet":"max-snippet:-1","max-image-preview":"max-image-preview:large","max-video-preview":"max-video-preview:-1"},"canonical":"https:\/\/www.italpassion.fr\/de\/ferrari\/mit-seinem-neuen-ferrari-f40-hat-lewis-hamilton-sein-allererstes-foto-bei-ferrari-nachgestellt-mein-eigener-f40\/","og_locale":"de_DE","og_type":"article","og_title":"Avec sa nouvelle Ferrari F40, Lewis Hamilton a recr\u00e9\u00e9 sa toute premi\u00e8re photo chez Ferrari : \"Ma F40 \u00e0 moi\" - ItalPassion","og_description":"Deux jours seulement apr\u00e8s avoir r\u00e9v\u00e9l\u00e9 \u00eatre devenu propri\u00e9taire d\u2019une Ferrari F40 \u00e0 l\u2019histoire exceptionnelle, Lewis Hamilton vient de lui offrir une","og_url":"https:\/\/www.italpassion.fr\/de\/ferrari\/mit-seinem-neuen-ferrari-f40-hat-lewis-hamilton-sein-allererstes-foto-bei-ferrari-nachgestellt-mein-eigener-f40\/","og_site_name":"ItalPassion","article_publisher":"https:\/\/www.facebook.com\/italpassion","article_published_time":"2026-09-03T13:20:46+00:00","og_image":[{"width":1200,"height":800,"url":"https:\/\/www.italpassion.fr\/wp-content\/uploads\/2026\/09\/lewis-0.jpg","type":"image\/jpeg"}],"author":"Alexandre Filluzeau","twitter_card":"summary_large_image","twitter_creator":"@italpassion","twitter_site":"@italpassion","schema":{"@context":"https:\/\/schema.org","@graph":[{"@type":"NewsArticle","@id":"https:\/\/www.italpassion.fr\/de\/ferrari\/avec-sa-nouvelle-ferrari-f40-lewis-hamilton-a-recree-sa-toute-premiere-photo-chez-ferrari-ma-f40-a-moi\/#article","isPartOf":{"@id":"https:\/\/www.italpassion.fr\/de\/ferrari\/avec-sa-nouvelle-ferrari-f40-lewis-hamilton-a-recree-sa-toute-premiere-photo-chez-ferrari-ma-f40-a-moi\/"},"author":{"name":"Alexandre Filluzeau","@id":"https:\/\/www.italpassion.fr\/de\/#\/schema\/person\/36f747b2a759ca202d847e85a9434ca0"},"headline":"Avec sa nouvelle Ferrari F40, Lewis Hamilton a recr\u00e9\u00e9 sa toute premi\u00e8re photo chez Ferrari : \u00ab\u00a0Ma F40 \u00e0 moi\u00a0\u00bb","datePublished":"2026-09-03T13:20:46+00:00","mainEntityOfPage":{"@id":"https:\/\/www.italpassion.fr\/de\/ferrari\/avec-sa-nouvelle-ferrari-f40-lewis-hamilton-a-recree-sa-toute-premiere-photo-chez-ferrari-ma-f40-a-moi\/"},"wordCount":623,"commentCount":0,"publisher":{"@id":"https:\/\/www.italpassion.fr\/de\/#organization"},"image":{"@id":"https:\/\/www.italpassion.fr\/de\/ferrari\/avec-sa-nouvelle-ferrari-f40-lewis-hamilton-a-recree-sa-toute-premiere-photo-chez-ferrari-ma-f40-a-moi\/#primaryimage"},"thumbnailUrl":"https:\/\/www.italpassion.fr\/wp-content\/uploads\/2026\/09\/lewis-0.jpg","keywords":["Ferrari F40","Lewis Hamilton"],"articleSection":["Ferrari"],"inLanguage":"de","potentialAction":[{"@type":"CommentAction","name":"Comment","target":["https:\/\/www.italpassion.fr\/de\/ferrari\/avec-sa-nouvelle-ferrari-f40-lewis-hamilton-a-recree-sa-toute-premiere-photo-chez-ferrari-ma-f40-a-moi\/#respond"]}]},{"@type":"WebPage","@id":"https:\/\/www.italpassion.fr\/de\/ferrari\/avec-sa-nouvelle-ferrari-f40-lewis-hamilton-a-recree-sa-toute-premiere-photo-chez-ferrari-ma-f40-a-moi\/","url":"https:\/\/www.italpassion.fr\/de\/ferrari\/avec-sa-nouvelle-ferrari-f40-lewis-hamilton-a-recree-sa-toute-premiere-photo-chez-ferrari-ma-f40-a-moi\/","name":"Mit seinem neuen Ferrari F40 hat Lewis Hamilton sein allererstes Foto bei Ferrari nachgestellt: \"Mein ganz pers\u00f6nlicher F40\" \u2013 ItalPassion","isPartOf":{"@id":"https:\/\/www.italpassion.fr\/de\/#website"},"primaryImageOfPage":{"@id":"https:\/\/www.italpassion.fr\/de\/ferrari\/avec-sa-nouvelle-ferrari-f40-lewis-hamilton-a-recree-sa-toute-premiere-photo-chez-ferrari-ma-f40-a-moi\/#primaryimage"},"image":{"@id":"https:\/\/www.italpassion.fr\/de\/ferrari\/avec-sa-nouvelle-ferrari-f40-lewis-hamilton-a-recree-sa-toute-premiere-photo-chez-ferrari-ma-f40-a-moi\/#primaryimage"},"thumbnailUrl":"https:\/\/www.italpassion.fr\/wp-content\/uploads\/2026\/09\/lewis-0.jpg","datePublished":"2026-09-03T13:20:46+00:00","description":"Nur zwei Tage, nachdem er bekannt gegeben hatte, dass er nun Besitzer eines Ferrari F40 mit einer au\u00dfergew\u00f6hnlichen Geschichte ist, hat Lewis Hamilton ihm gerade eine","breadcrumb":{"@id":"https:\/\/www.italpassion.fr\/de\/ferrari\/avec-sa-nouvelle-ferrari-f40-lewis-hamilton-a-recree-sa-toute-premiere-photo-chez-ferrari-ma-f40-a-moi\/#breadcrumb"},"inLanguage":"de","potentialAction":[{"@type":"ReadAction","target":["https:\/\/www.italpassion.fr\/de\/ferrari\/avec-sa-nouvelle-ferrari-f40-lewis-hamilton-a-recree-sa-toute-premiere-photo-chez-ferrari-ma-f40-a-moi\/"]}]},{"@type":"ImageObject","inLanguage":"de","@id":"https:\/\/www.italpassion.fr\/de\/ferrari\/avec-sa-nouvelle-ferrari-f40-lewis-hamilton-a-recree-sa-toute-premiere-photo-chez-ferrari-ma-f40-a-moi\/#primaryimage","url":"https:\/\/www.italpassion.fr\/wp-content\/uploads\/2026\/09\/lewis-0.jpg","contentUrl":"https:\/\/www.italpassion.fr\/wp-content\/uploads\/2026\/09\/lewis-0.jpg","width":1200,"height":800},{"@type":"BreadcrumbList","@id":"https:\/\/www.italpassion.fr\/de\/ferrari\/avec-sa-nouvelle-ferrari-f40-lewis-hamilton-a-recree-sa-toute-premiere-photo-chez-ferrari-ma-f40-a-moi\/#breadcrumb","itemListElement":[{"@type":"ListItem","position":1,"name":"Accueil","item":"https:\/\/www.italpassion.fr\/de\/"},{"@type":"ListItem","position":2,"name":"Avec sa nouvelle Ferrari F40, Lewis Hamilton a recr\u00e9\u00e9 sa toute premi\u00e8re photo chez Ferrari : \u00ab\u00a0Ma F40 \u00e0 moi\u00a0\u00bb"}]},{"@type":"WebSite","@id":"https:\/\/www.italpassion.fr\/de\/#website","url":"https:\/\/www.italpassion.fr\/de\/","name":"ItalPassion","description":"Die Liebhaber italienischer Autos","publisher":{"@id":"https:\/\/www.italpassion.fr\/de\/#organization"},"potentialAction":[{"@type":"SearchAction","target":{"@type":"EntryPoint","urlTemplate":"https:\/\/www.italpassion.fr\/de\/?s={search_term_string}"},"query-input":{"@type":"PropertyValueSpecification","valueRequired":true,"valueName":"search_term_string"}}],"inLanguage":"de"},{"@type":"Organization","@id":"https:\/\/www.italpassion.fr\/de\/#organization","name":"Italpassion","url":"https:\/\/www.italpassion.fr\/de\/","logo":{"@type":"ImageObject","inLanguage":"de","@id":"https:\/\/www.italpassion.fr\/de\/#\/schema\/logo\/image\/","url":"https:\/\/www.italpassion.fr\/wp-content\/uploads\/2023\/07\/italpassion-yoast.jpg","contentUrl":"https:\/\/www.italpassion.fr\/wp-content\/uploads\/2023\/07\/italpassion-yoast.jpg","width":696,"height":696,"caption":"Italpassion"},"image":{"@id":"https:\/\/www.italpassion.fr\/de\/#\/schema\/logo\/image\/"},"sameAs":["https:\/\/www.facebook.com\/italpassion","https:\/\/x.com\/italpassion","https:\/\/www.instagram.com\/italpassionfr\/","https:\/\/www.youtube.com\/channel\/UCleq-ByQaA42OjhopwevRjQ","https:\/\/www.facebook.com\/italpassion.en\/","https:\/\/www.facebook.com\/italpassion.it\/","https:\/\/www.facebook.com\/italpassion.de\/","https:\/\/www.facebook.com\/italpassion.ja\/"]},{"@type":"Person","@id":"https:\/\/www.italpassion.fr\/de\/#\/schema\/person\/36f747b2a759ca202d847e85a9434ca0","name":"Alexandre Filluzeau","image":{"@type":"ImageObject","inLanguage":"de","@id":"https:\/\/www.italpassion.fr\/de\/#\/schema\/person\/image\/","url":"https:\/\/www.italpassion.fr\/wp-content\/uploads\/2025\/04\/avatar-alexandre-160x160.jpg","contentUrl":"https:\/\/www.italpassion.fr\/wp-content\/uploads\/2025\/04\/avatar-alexandre-160x160.jpg","caption":"Alexandre Filluzeau"},"description":"Gr\u00fcnder der Website ItalPassion, leidenschaftlicher Fan von italienischen Autos und Italien im Allgemeinen. Ich bringe einen kritischen und technischen Blick auf die Nachrichten der italienischen Marken, wann immer es m\u00f6glich ist. Besitzer eines Maserati GranTurismo, Alfa Romeo MiTo, Lancia Fulvia und Ducati 695. Ex-Besitzer einer Alfa Romeo Giulia.","sameAs":["https:\/\/www.italpassion.fr\/"],"url":"https:\/\/www.italpassion.fr\/de\/author\/alexandre\/"}]}},"_links":{"self":[{"href":"https:\/\/www.italpassion.fr\/de\/wp-json\/wp\/v2\/posts\/53925","targetHints":{"allow":["GET"]}}],"collection":[{"href":"https:\/\/www.italpassion.fr\/de\/wp-json\/wp\/v2\/posts"}],"about":[{"href":"https:\/\/www.italpassion.fr\/de\/wp-json\/wp\/v2\/types\/post"}],"author":[{"embeddable":true,"href":"https:\/\/www.italpassion.fr\/de\/wp-json\/wp\/v2\/users\/1"}],"replies":[{"embeddable":true,"href":"https:\/\/www.italpassion.fr\/de\/wp-json\/wp\/v2\/comments?post=53925"}],"version-history":[{"count":3,"href":"https:\/\/www.italpassion.fr\/de\/wp-json\/wp\/v2\/posts\/53925\/revisions"}],"predecessor-version":[{"id":53935,"href":"https:\/\/www.italpassion.fr\/de\/wp-json\/wp\/v2\/posts\/53925\/revisions\/53935"}],"wp:featuredmedia":[{"embeddable":true,"href":"https:\/\/www.italpassion.fr\/de\/wp-json\/wp\/v2\/media\/53931"}],"wp:attachment":[{"href":"https:\/\/www.italpassion.fr\/de\/wp-json\/wp\/v2\/media?parent=53925"}],"wp:term":[{"taxonomy":"category","embeddable":true,"href":"https:\/\/www.italpassion.fr\/de\/wp-json\/wp\/v2\/categories?post=53925"},{"taxonomy":"post_tag","embeddable":true,"href":"https:\/\/www.italpassion.fr\/de\/wp-json\/wp\/v2\/tags?post=53925"}],"curies":[{"name":"wp","href":"https:\/\/api.w.org\/{rel}","templated":true}]}}