{"id":53774,"date":"2026-09-03T17:55:06","date_gmt":"2026-09-03T15:55:06","guid":{"rendered":"https:\/\/www.italpassion.fr\/?p=53774"},"modified":"2026-09-01T17:20:05","modified_gmt":"2026-09-01T15:20:05","slug":"als-kind-konnte-er-es-sich-nicht-leisten-zum-grosten-automobilwettbewerb-der-welt-zu-fahren-30-jahre-spater-fahrt-er-mit-14-lamborghinis-dorthin","status":"publish","type":"post","link":"https:\/\/www.italpassion.fr\/de\/lamborghini\/enfant-il-navait-pas-les-moyens-daller-au-plus-grand-concours-automobile-du-monde-30-ans-plus-tard-il-y-va-avec-14-lamborghini\/","title":{"rendered":"Als Kind konnte er es sich nicht leisten, zum gr\u00f6\u00dften Automobilwettbewerb der Welt zu fahren: 30 Jahre sp\u00e4ter f\u00e4hrt er mit 14 Lamborghinis dorthin."},"content":{"rendered":"<figure class=\"wp-block-image size-full\"><img loading=\"lazy\" decoding=\"async\" width=\"1200\" height=\"800\" src=\"https:\/\/www.italpassion.fr\/wp-content\/uploads\/2026\/09\/lambo-002-1.jpg\" alt=\"\" class=\"wp-image-53859\" srcset=\"https:\/\/www.italpassion.fr\/wp-content\/uploads\/2026\/09\/lambo-002-1.jpg 1200w, https:\/\/www.italpassion.fr\/wp-content\/uploads\/2026\/09\/lambo-002-1-768x512.jpg 768w, https:\/\/www.italpassion.fr\/wp-content\/uploads\/2026\/09\/lambo-002-1-18x12.jpg 18w, https:\/\/www.italpassion.fr\/wp-content\/uploads\/2026\/09\/lambo-002-1-420x280.jpg 420w\" sizes=\"auto, (max-width: 1200px) 100vw, 1200px\" \/><\/figure>\n\n\n\n<p class=\"wp-block-paragraph\">Vor drei\u00dfig Jahren war Pebble Beach f\u00fcr John Temerian nur ein ferner, fast unerreichbarer Name. Damals verbrachte der sp\u00e4tere Mitbegr\u00fcnder von Curated seine Tage in der Werkstatt seines Vaters, kehrte den Boden, bereitete Karosserien f\u00fcr die Lackierung vor und beobachtete die Autos, die gerade restauriert wurden. Jeden Sommer kam dasselbe Versprechen wieder auf: Dieses Jahr w\u00fcrden sie nach Pebble Beach fahren. Doch die Reise war teuer, und die Familie lebte bescheiden. Sie sollten nie dorthin fahren.<\/p>\n\n\n\n<p class=\"wp-block-paragraph\">Drei Jahrzehnte sp\u00e4ter nahm die Geschichte eine ziemlich spektakul\u00e4re Wendung. Zur Monterey Car Week 2026 kam Temerian nicht einfach nur als Zuschauer zum prestigetr\u00e4chtigsten Automobil-Event der USA. Er tauchte dort mit Curated und einer regelrechten Armada von <a href=\"https:\/\/www.italpassion.fr\/de\/lamborghini\/\">Lamborghini<\/a>.<\/p>\n\n\n\n<h2 class=\"wp-block-heading\">Von der Familienwerkstatt zu 14 Autos f\u00fcr Monterey<\/h2>\n\n\n\n<p class=\"wp-block-paragraph\">Diese Szene k\u00f6nnte fast als Zusammenfassung seines Werdegangs dienen. Vor der Abfahrt werden die Transporter mit Lamborghinis beladen: <a href=\"https:\/\/www.italpassion.fr\/de\/autos\/lamborghini-diablo\/\">Diablo SV<\/a>, <a href=\"https:\/\/www.italpassion.fr\/de\/autos\/lamborghini-countach\/\">Countach LP400 S<\/a>, <a href=\"https:\/\/www.italpassion.fr\/de\/autos\/lamborghini-miura\/\">Miura<\/a> und andere Rarit\u00e4ten. Temerian sch\u00e4tzt die Gr\u00f6\u00dfe des Konvois damals auf \u00abetwa 14 Fahrzeuge\u00bb. Einige Stunden sp\u00e4ter beginnen die Lastwagen, die Fahrzeuge im Pebble Beach Equestrian Center abzuladen.<\/p>\n\n\n\n<figure class=\"wp-block-image size-full\"><img loading=\"lazy\" decoding=\"async\" width=\"1200\" height=\"800\" src=\"https:\/\/www.italpassion.fr\/wp-content\/uploads\/2026\/08\/lambo-miura-2.jpg\" alt=\"\" class=\"wp-image-53851\" srcset=\"https:\/\/www.italpassion.fr\/wp-content\/uploads\/2026\/08\/lambo-miura-2.jpg 1200w, https:\/\/www.italpassion.fr\/wp-content\/uploads\/2026\/08\/lambo-miura-2-768x512.jpg 768w, https:\/\/www.italpassion.fr\/wp-content\/uploads\/2026\/08\/lambo-miura-2-420x280.jpg 420w, https:\/\/www.italpassion.fr\/wp-content\/uploads\/2026\/08\/lambo-miura-2-18x12.jpg 18w\" sizes=\"auto, (max-width: 1200px) 100vw, 1200px\" \/><\/figure>\n\n\n\n<figure class=\"wp-block-image size-full\"><img loading=\"lazy\" decoding=\"async\" width=\"1200\" height=\"800\" src=\"https:\/\/www.italpassion.fr\/wp-content\/uploads\/2026\/08\/lambo-violoette-2.jpg\" alt=\"\" class=\"wp-image-53850\" srcset=\"https:\/\/www.italpassion.fr\/wp-content\/uploads\/2026\/08\/lambo-violoette-2.jpg 1200w, https:\/\/www.italpassion.fr\/wp-content\/uploads\/2026\/08\/lambo-violoette-2-420x280.jpg 420w, https:\/\/www.italpassion.fr\/wp-content\/uploads\/2026\/08\/lambo-violoette-2-18x12.jpg 18w, https:\/\/www.italpassion.fr\/wp-content\/uploads\/2026\/08\/lambo-violoette-2-768x512.jpg 768w\" sizes=\"auto, (max-width: 1200px) 100vw, 1200px\" \/><\/figure>\n\n\n\n<figure class=\"wp-block-image size-full\"><img loading=\"lazy\" decoding=\"async\" width=\"1200\" height=\"800\" src=\"https:\/\/www.italpassion.fr\/wp-content\/uploads\/2026\/08\/lambo-diablo.jpg\" alt=\"\" class=\"wp-image-53849\" srcset=\"https:\/\/www.italpassion.fr\/wp-content\/uploads\/2026\/08\/lambo-diablo.jpg 1200w, https:\/\/www.italpassion.fr\/wp-content\/uploads\/2026\/08\/lambo-diablo-420x280.jpg 420w, https:\/\/www.italpassion.fr\/wp-content\/uploads\/2026\/08\/lambo-diablo-768x512.jpg 768w, https:\/\/www.italpassion.fr\/wp-content\/uploads\/2026\/08\/lambo-diablo-18x12.jpg 18w\" sizes=\"auto, (max-width: 1200px) 100vw, 1200px\" \/><\/figure>\n\n\n\n<figure class=\"wp-block-image size-full\"><img loading=\"lazy\" decoding=\"async\" width=\"1200\" height=\"800\" src=\"https:\/\/www.italpassion.fr\/wp-content\/uploads\/2026\/08\/lambo-countach.jpg\" alt=\"\" class=\"wp-image-53843\" srcset=\"https:\/\/www.italpassion.fr\/wp-content\/uploads\/2026\/08\/lambo-countach.jpg 1200w, https:\/\/www.italpassion.fr\/wp-content\/uploads\/2026\/08\/lambo-countach-768x512.jpg 768w, https:\/\/www.italpassion.fr\/wp-content\/uploads\/2026\/08\/lambo-countach-420x280.jpg 420w, https:\/\/www.italpassion.fr\/wp-content\/uploads\/2026\/08\/lambo-countach-18x12.jpg 18w\" sizes=\"auto, (max-width: 1200px) 100vw, 1200px\" \/><\/figure>\n\n\n\n<figure class=\"wp-block-image size-full\"><img loading=\"lazy\" decoding=\"async\" width=\"1200\" height=\"800\" src=\"https:\/\/www.italpassion.fr\/wp-content\/uploads\/2026\/08\/lambo-sv.jpg\" alt=\"\" class=\"wp-image-53842\" srcset=\"https:\/\/www.italpassion.fr\/wp-content\/uploads\/2026\/08\/lambo-sv.jpg 1200w, https:\/\/www.italpassion.fr\/wp-content\/uploads\/2026\/08\/lambo-sv-420x280.jpg 420w, https:\/\/www.italpassion.fr\/wp-content\/uploads\/2026\/08\/lambo-sv-768x512.jpg 768w, https:\/\/www.italpassion.fr\/wp-content\/uploads\/2026\/08\/lambo-sv-18x12.jpg 18w\" sizes=\"auto, (max-width: 1200px) 100vw, 1200px\" \/><\/figure>\n\n\n\n<figure class=\"wp-block-image size-full\"><img loading=\"lazy\" decoding=\"async\" width=\"1200\" height=\"800\" src=\"https:\/\/www.italpassion.fr\/wp-content\/uploads\/2026\/08\/lambo-murcielago.jpg\" alt=\"\" class=\"wp-image-53844\" srcset=\"https:\/\/www.italpassion.fr\/wp-content\/uploads\/2026\/08\/lambo-murcielago.jpg 1200w, https:\/\/www.italpassion.fr\/wp-content\/uploads\/2026\/08\/lambo-murcielago-420x280.jpg 420w, https:\/\/www.italpassion.fr\/wp-content\/uploads\/2026\/08\/lambo-murcielago-18x12.jpg 18w, https:\/\/www.italpassion.fr\/wp-content\/uploads\/2026\/08\/lambo-murcielago-768x512.jpg 768w\" sizes=\"auto, (max-width: 1200px) 100vw, 1200px\" \/><\/figure>\n\n\n\n<figure class=\"wp-block-image size-full\"><img loading=\"lazy\" decoding=\"async\" width=\"1200\" height=\"800\" src=\"https:\/\/www.italpassion.fr\/wp-content\/uploads\/2026\/08\/lambo-blanche.jpg\" alt=\"\" class=\"wp-image-53845\" srcset=\"https:\/\/www.italpassion.fr\/wp-content\/uploads\/2026\/08\/lambo-blanche.jpg 1200w, https:\/\/www.italpassion.fr\/wp-content\/uploads\/2026\/08\/lambo-blanche-768x512.jpg 768w, https:\/\/www.italpassion.fr\/wp-content\/uploads\/2026\/08\/lambo-blanche-420x280.jpg 420w, https:\/\/www.italpassion.fr\/wp-content\/uploads\/2026\/08\/lambo-blanche-18x12.jpg 18w\" sizes=\"auto, (max-width: 1200px) 100vw, 1200px\" \/><\/figure>\n\n\n\n<figure class=\"wp-block-image size-full\"><img loading=\"lazy\" decoding=\"async\" width=\"1200\" height=\"800\" src=\"https:\/\/www.italpassion.fr\/wp-content\/uploads\/2026\/08\/lambo-blanche2.jpg\" alt=\"\" class=\"wp-image-53846\" srcset=\"https:\/\/www.italpassion.fr\/wp-content\/uploads\/2026\/08\/lambo-blanche2.jpg 1200w, https:\/\/www.italpassion.fr\/wp-content\/uploads\/2026\/08\/lambo-blanche2-768x512.jpg 768w, https:\/\/www.italpassion.fr\/wp-content\/uploads\/2026\/08\/lambo-blanche2-18x12.jpg 18w, https:\/\/www.italpassion.fr\/wp-content\/uploads\/2026\/08\/lambo-blanche2-420x280.jpg 420w\" sizes=\"auto, (max-width: 1200px) 100vw, 1200px\" \/><\/figure>\n\n\n\n<p class=\"wp-block-paragraph\"><\/p>\n\n\n\n<p class=\"wp-block-paragraph\">Und das ist erst der Anfang. Curated richtet zudem seine \u00abVilla Curated\u00bb am ber\u00fchmten 17-Mile Drive ein und organisiert eine Rallye rund um den Diablo. F\u00fcr \u201eThe Quail\u201c stellt das Unternehmen sogar rund 18 Lamborghini Diablo zusammen, darunter Fahrzeuge ehemaliger Kunden und einige Exemplare aus dem eigenen Bestand. Ein Bild, das kaum vorstellbar ist, wenn Temerian sich an seine erste Teilnahme an der Veranstaltung im Jahr 2019 erinnert: ein einziges Auto, geringe Mittel und, wie er selbst sagt, eine Erfahrung, die zu einer \u201eKatastrophe\u201c geworden war.<\/p>\n\n\n\n<figure class=\"wp-block-image size-full\"><img loading=\"lazy\" decoding=\"async\" width=\"1200\" height=\"800\" src=\"https:\/\/www.italpassion.fr\/wp-content\/uploads\/2026\/09\/lambo-0.jpg\" alt=\"\" class=\"wp-image-53858\" srcset=\"https:\/\/www.italpassion.fr\/wp-content\/uploads\/2026\/09\/lambo-0.jpg 1200w, https:\/\/www.italpassion.fr\/wp-content\/uploads\/2026\/09\/lambo-0-420x280.jpg 420w, https:\/\/www.italpassion.fr\/wp-content\/uploads\/2026\/09\/lambo-0-18x12.jpg 18w, https:\/\/www.italpassion.fr\/wp-content\/uploads\/2026\/09\/lambo-0-768x512.jpg 768w\" sizes=\"auto, (max-width: 1200px) 100vw, 1200px\" \/><\/figure>\n\n\n\n<figure class=\"wp-block-image size-full\"><img loading=\"lazy\" decoding=\"async\" width=\"1200\" height=\"800\" src=\"https:\/\/www.italpassion.fr\/wp-content\/uploads\/2026\/09\/lambo-002.jpg\" alt=\"\" class=\"wp-image-53857\" srcset=\"https:\/\/www.italpassion.fr\/wp-content\/uploads\/2026\/09\/lambo-002.jpg 1200w, https:\/\/www.italpassion.fr\/wp-content\/uploads\/2026\/09\/lambo-002-768x512.jpg 768w, https:\/\/www.italpassion.fr\/wp-content\/uploads\/2026\/09\/lambo-002-18x12.jpg 18w, https:\/\/www.italpassion.fr\/wp-content\/uploads\/2026\/09\/lambo-002-420x280.jpg 420w\" sizes=\"auto, (max-width: 1200px) 100vw, 1200px\" \/><\/figure>\n\n\n\n<figure class=\"wp-block-image size-full\"><img loading=\"lazy\" decoding=\"async\" width=\"1200\" height=\"800\" src=\"https:\/\/www.italpassion.fr\/wp-content\/uploads\/2026\/08\/lambo-collection.jpg\" alt=\"\" class=\"wp-image-53852\" srcset=\"https:\/\/www.italpassion.fr\/wp-content\/uploads\/2026\/08\/lambo-collection.jpg 1200w, https:\/\/www.italpassion.fr\/wp-content\/uploads\/2026\/08\/lambo-collection-420x280.jpg 420w, https:\/\/www.italpassion.fr\/wp-content\/uploads\/2026\/08\/lambo-collection-18x12.jpg 18w, https:\/\/www.italpassion.fr\/wp-content\/uploads\/2026\/08\/lambo-collection-768x512.jpg 768w\" sizes=\"auto, (max-width: 1200px) 100vw, 1200px\" \/><\/figure>\n\n\n\n<h2 class=\"wp-block-heading\">Die seltensten Lamborghini der Welt<\/h2>\n\n\n\n<p class=\"wp-block-paragraph\">Die in Monterey versammelte Auswahl ist atemberaubend. Unter anderem sind dort ein werksgetunter Diablo SE30 Jota, ein Diablo GT, mehrere Roadster und ein \u00e4u\u00dferst seltenes Modell zu sehen <a href=\"https:\/\/www.italpassion.fr\/de\/autos\/lamborghini-gallardo\/\">Gallardo<\/a> mit Schaltgetriebe in der Farbe \u201eVerde Ithaca\u201c oder auch <a href=\"https:\/\/www.italpassion.fr\/de\/lamborghini\/hier-der-verschollene-prototyp-des-lamborghini-diabo-se30-im-arktischen-polarkreis-gefunden\/\">der Original-Prototyp des SE30<\/a>. Curated kehrt ebenfalls nach Kalifornien zur\u00fcck <a href=\"https:\/\/www.italpassion.fr\/de\/lamborghini\/lamborghini-hat-den-miura-des-gitarristen-eddie-van-halen-originalgetreu-restauriert-und-ihm-in-lusine-eine-sehr-bewegende-ehrung-zuteil-werden-lassen\/\">der ber\u00fchmte Miura, der einst Eddie Van Halen geh\u00f6rte<\/a>, anl\u00e4sslich des 60-j\u00e4hrigen Jubil\u00e4ums des Modells.<\/p>\n\n\n\n<figure class=\"wp-block-image size-full\"><img loading=\"lazy\" decoding=\"async\" width=\"1200\" height=\"800\" src=\"https:\/\/www.italpassion.fr\/wp-content\/uploads\/2026\/08\/lambo-collection-2.jpg\" alt=\"\" class=\"wp-image-53853\" srcset=\"https:\/\/www.italpassion.fr\/wp-content\/uploads\/2026\/08\/lambo-collection-2.jpg 1200w, https:\/\/www.italpassion.fr\/wp-content\/uploads\/2026\/08\/lambo-collection-2-420x280.jpg 420w, https:\/\/www.italpassion.fr\/wp-content\/uploads\/2026\/08\/lambo-collection-2-18x12.jpg 18w, https:\/\/www.italpassion.fr\/wp-content\/uploads\/2026\/08\/lambo-collection-2-768x512.jpg 768w\" sizes=\"auto, (max-width: 1200px) 100vw, 1200px\" \/><\/figure>\n\n\n\n<figure class=\"wp-block-image size-full\"><img loading=\"lazy\" decoding=\"async\" width=\"1200\" height=\"800\" src=\"https:\/\/www.italpassion.fr\/wp-content\/uploads\/2026\/08\/lambo-violoette-1.jpg\" alt=\"\" class=\"wp-image-53848\" srcset=\"https:\/\/www.italpassion.fr\/wp-content\/uploads\/2026\/08\/lambo-violoette-1.jpg 1200w, https:\/\/www.italpassion.fr\/wp-content\/uploads\/2026\/08\/lambo-violoette-1-420x280.jpg 420w, https:\/\/www.italpassion.fr\/wp-content\/uploads\/2026\/08\/lambo-violoette-1-18x12.jpg 18w, https:\/\/www.italpassion.fr\/wp-content\/uploads\/2026\/08\/lambo-violoette-1-768x512.jpg 768w\" sizes=\"auto, (max-width: 1200px) 100vw, 1200px\" \/><\/figure>\n\n\n\n<figure class=\"wp-block-image size-full\"><img loading=\"lazy\" decoding=\"async\" width=\"1200\" height=\"800\" src=\"https:\/\/www.italpassion.fr\/wp-content\/uploads\/2026\/08\/lambo-violoette.jpg\" alt=\"\" class=\"wp-image-53847\" srcset=\"https:\/\/www.italpassion.fr\/wp-content\/uploads\/2026\/08\/lambo-violoette.jpg 1200w, https:\/\/www.italpassion.fr\/wp-content\/uploads\/2026\/08\/lambo-violoette-768x512.jpg 768w, https:\/\/www.italpassion.fr\/wp-content\/uploads\/2026\/08\/lambo-violoette-18x12.jpg 18w, https:\/\/www.italpassion.fr\/wp-content\/uploads\/2026\/08\/lambo-violoette-420x280.jpg 420w\" sizes=\"auto, (max-width: 1200px) 100vw, 1200px\" \/><\/figure>\n\n\n\n<figure class=\"wp-block-image size-full\"><img loading=\"lazy\" decoding=\"async\" width=\"1200\" height=\"800\" src=\"https:\/\/www.italpassion.fr\/wp-content\/uploads\/2026\/09\/lambo-collect.jpg\" alt=\"\" class=\"wp-image-53855\" srcset=\"https:\/\/www.italpassion.fr\/wp-content\/uploads\/2026\/09\/lambo-collect.jpg 1200w, https:\/\/www.italpassion.fr\/wp-content\/uploads\/2026\/09\/lambo-collect-18x12.jpg 18w, https:\/\/www.italpassion.fr\/wp-content\/uploads\/2026\/09\/lambo-collect-420x280.jpg 420w, https:\/\/www.italpassion.fr\/wp-content\/uploads\/2026\/09\/lambo-collect-768x512.jpg 768w\" sizes=\"auto, (max-width: 1200px) 100vw, 1200px\" \/><\/figure>\n\n\n\n<figure class=\"wp-block-image size-full\"><img loading=\"lazy\" decoding=\"async\" width=\"1200\" height=\"800\" src=\"https:\/\/www.italpassion.fr\/wp-content\/uploads\/2026\/08\/lambo-centenario.jpg\" alt=\"\" class=\"wp-image-53840\" srcset=\"https:\/\/www.italpassion.fr\/wp-content\/uploads\/2026\/08\/lambo-centenario.jpg 1200w, https:\/\/www.italpassion.fr\/wp-content\/uploads\/2026\/08\/lambo-centenario-18x12.jpg 18w, https:\/\/www.italpassion.fr\/wp-content\/uploads\/2026\/08\/lambo-centenario-768x512.jpg 768w, https:\/\/www.italpassion.fr\/wp-content\/uploads\/2026\/08\/lambo-centenario-420x280.jpg 420w\" sizes=\"auto, (max-width: 1200px) 100vw, 1200px\" \/><\/figure>\n\n\n\n<figure class=\"wp-block-image size-full\"><img loading=\"lazy\" decoding=\"async\" width=\"1200\" height=\"800\" src=\"https:\/\/www.italpassion.fr\/wp-content\/uploads\/2026\/09\/lambo-colect-4.jpg\" alt=\"\" class=\"wp-image-53856\" srcset=\"https:\/\/www.italpassion.fr\/wp-content\/uploads\/2026\/09\/lambo-colect-4.jpg 1200w, https:\/\/www.italpassion.fr\/wp-content\/uploads\/2026\/09\/lambo-colect-4-18x12.jpg 18w, https:\/\/www.italpassion.fr\/wp-content\/uploads\/2026\/09\/lambo-colect-4-420x280.jpg 420w, https:\/\/www.italpassion.fr\/wp-content\/uploads\/2026\/09\/lambo-colect-4-768x512.jpg 768w\" sizes=\"auto, (max-width: 1200px) 100vw, 1200px\" \/><\/figure>\n\n\n\n<p class=\"wp-block-paragraph\">Die Woche hat auch eine finanzielle Dimension. Bei der Auktion von RM Sotheby\u2019s, <a href=\"https:\/\/www.italpassion.fr\/de\/lamborghini\/diese-vier-lamborghinis-haben-demselben-besitzer-bei-einer-auktion-74-millionen-dollar-eingebracht-und-jedes-einzelne-fahrzeug-hat-einen-rekord-gebrochen\/\">Vier Lamborghini, pr\u00e4sentiert von Curated<\/a> stellen Rekorde auf, darunter insbesondere ein Countach LP400 S Series 1, der f\u00fcr rund 2,34 Millionen Dollar versteigert wurde, und ein Murci\u00e9lago SV f\u00fcr rund 3,14 Millionen. F\u00fcr ihn l\u00e4sst sich dieser H\u00f6henflug jedoch nicht allein auf Spekulation zur\u00fcckf\u00fchren: Der Wertanstieg rechtfertigt auch wirtschaftlich die Instandhaltung und Restaurierung von Autos, die fr\u00fcher vernachl\u00e4ssigt wurden.<\/p>\n\n\n\n<h2 class=\"wp-block-heading\">\u00abDer Traum ist einfach, hier zu sein\u00bb<\/h2>\n\n\n\n<p class=\"wp-block-paragraph\">Pebble Beach bleibt jedoch der eigentliche rote Faden dieser Geschichte. Curated pr\u00e4sentiert dort einen bemerkenswert gut erhaltenen Miura SV, der insbesondere den Gro\u00dfteil seiner Lackierung, seine Originalausstattung sowie Unterlagen bewahrt hat, die seine Geschichte mit au\u00dfergew\u00f6hnlicher Genauigkeit nachzeichnen.<\/p>\n\n\n\n<figure class=\"wp-block-image size-full\"><img loading=\"lazy\" decoding=\"async\" width=\"1200\" height=\"800\" src=\"https:\/\/www.italpassion.fr\/wp-content\/uploads\/2026\/08\/lambo-miura.jpg\" alt=\"\" class=\"wp-image-53841\" srcset=\"https:\/\/www.italpassion.fr\/wp-content\/uploads\/2026\/08\/lambo-miura.jpg 1200w, https:\/\/www.italpassion.fr\/wp-content\/uploads\/2026\/08\/lambo-miura-768x512.jpg 768w, https:\/\/www.italpassion.fr\/wp-content\/uploads\/2026\/08\/lambo-miura-420x280.jpg 420w, https:\/\/www.italpassion.fr\/wp-content\/uploads\/2026\/08\/lambo-miura-18x12.jpg 18w\" sizes=\"auto, (max-width: 1200px) 100vw, 1200px\" \/><\/figure>\n\n\n\n<p class=\"wp-block-paragraph\">Letztendlich wird sie ihre Kategorie nicht gewinnen. Doch das Wesentliche liegt woanders. F\u00fcr Temerian ist es bereits ein Erfolg, dass er es geschafft hat, das Auto beim Concours d\u2019Elegance anzumelden. Er, der Pebble Beach als unerreichbaren Traum betrachtete, als er als Kind in der Werkstatt seiner Familie arbeitete, befindet sich drei\u00dfig Jahre sp\u00e4ter mitten im Geschehen. Wenn Sie Lamborghini m\u00f6gen, sollten Sie sich das folgende Video unbedingt ansehen!<\/p>\n\n\n\n<figure class=\"wp-block-embed is-type-video is-provider-youtube wp-block-embed-youtube wp-embed-aspect-16-9 wp-has-aspect-ratio\"><div class=\"wp-block-embed__wrapper\">\n<iframe loading=\"lazy\" title=\"Unsere GR\u00d6SSTE Auto-Woche aller Zeiten! Von Villa Curated, Auktionsrekorde, Diablo-Rallye und vieles mehr!\" width=\"1200\" height=\"675\" src=\"https:\/\/www.youtube-nocookie.com\/embed\/hna8rPD7K4w?feature=oembed\" frameborder=\"0\" allow=\"accelerometer; autoplay; clipboard-write; encrypted-media; gyroscope; picture-in-picture; web-share\" referrerpolicy=\"strict-origin-when-cross-origin\" allowfullscreen><\/iframe>\n<\/div><\/figure>","protected":false},"excerpt":{"rendered":"","protected":false},"author":1,"featured_media":53859,"comment_status":"open","ping_status":"open","sticky":false,"template":"","format":"standard","meta":{"_acf_changed":false,"_sitemap_exclude":false,"_sitemap_priority":"","_sitemap_frequency":"","footnotes":""},"categories":[25],"tags":[],"class_list":["post-53774","post","type-post","status-publish","format-standard","has-post-thumbnail","hentry","category-lamborghini","generate-columns","tablet-grid-50","mobile-grid-100","grid-parent","grid-33"],"acf":[],"yoast_head":"<!-- This site is optimized with the Yoast SEO plugin v25.8 - https:\/\/yoast.com\/wordpress\/plugins\/seo\/ -->\n<title>Enfant, il n&#039;avait pas les moyens d&#039;aller au plus grand concours automobile du monde : 30 ans plus tard, il y va avec 14 Lamborghini - ItalPassion<\/title>\n<meta name=\"description\" content=\"Il y a trente ans, Pebble Beach n\u2019\u00e9tait pour John Temerian qu\u2019un nom lointain, presque inaccessible. \u00c0 l\u2019\u00e9poque, celui qui allait devenir le cofondateur\" \/>\n<meta name=\"robots\" content=\"index, follow, max-snippet:-1, max-image-preview:large, max-video-preview:-1\" \/>\n<link rel=\"canonical\" href=\"https:\/\/www.italpassion.fr\/de\/lamborghini\/als-kind-konnte-er-es-sich-nicht-leisten-zum-grosten-automobilwettbewerb-der-welt-zu-fahren-30-jahre-spater-fahrt-er-mit-14-lamborghinis-dorthin\/\" \/>\n<meta property=\"og:locale\" content=\"de_DE\" \/>\n<meta property=\"og:type\" content=\"article\" \/>\n<meta property=\"og:title\" content=\"Enfant, il n&#039;avait pas les moyens d&#039;aller au plus grand concours automobile du monde : 30 ans plus tard, il y va avec 14 Lamborghini - ItalPassion\" \/>\n<meta property=\"og:description\" content=\"Il y a trente ans, Pebble Beach n\u2019\u00e9tait pour John Temerian qu\u2019un nom lointain, presque inaccessible. \u00c0 l\u2019\u00e9poque, celui qui allait devenir le cofondateur\" \/>\n<meta property=\"og:url\" content=\"https:\/\/www.italpassion.fr\/de\/lamborghini\/als-kind-konnte-er-es-sich-nicht-leisten-zum-grosten-automobilwettbewerb-der-welt-zu-fahren-30-jahre-spater-fahrt-er-mit-14-lamborghinis-dorthin\/\" \/>\n<meta property=\"og:site_name\" content=\"ItalPassion\" \/>\n<meta property=\"article:publisher\" content=\"https:\/\/www.facebook.com\/italpassion\" \/>\n<meta property=\"article:published_time\" content=\"2026-09-03T15:55:06+00:00\" \/>\n<meta property=\"og:image\" content=\"https:\/\/www.italpassion.fr\/wp-content\/uploads\/2026\/09\/lambo-002-1.jpg\" \/>\n\t<meta property=\"og:image:width\" content=\"1200\" \/>\n\t<meta property=\"og:image:height\" content=\"800\" \/>\n\t<meta property=\"og:image:type\" content=\"image\/jpeg\" \/>\n<meta name=\"author\" content=\"Alexandre Filluzeau\" \/>\n<meta name=\"twitter:card\" content=\"summary_large_image\" \/>\n<meta name=\"twitter:creator\" content=\"@italpassion\" \/>\n<meta name=\"twitter:site\" content=\"@italpassion\" \/>\n<script type=\"application\/ld+json\" class=\"yoast-schema-graph\">{\"@context\":\"https:\/\/schema.org\",\"@graph\":[{\"@type\":\"NewsArticle\",\"@id\":\"https:\/\/www.italpassion.fr\/de\/lamborghini\/enfant-il-navait-pas-les-moyens-daller-au-plus-grand-concours-automobile-du-monde-30-ans-plus-tard-il-y-va-avec-14-lamborghini\/#article\",\"isPartOf\":{\"@id\":\"https:\/\/www.italpassion.fr\/de\/lamborghini\/enfant-il-navait-pas-les-moyens-daller-au-plus-grand-concours-automobile-du-monde-30-ans-plus-tard-il-y-va-avec-14-lamborghini\/\"},\"author\":{\"name\":\"Alexandre Filluzeau\",\"@id\":\"https:\/\/www.italpassion.fr\/de\/#\/schema\/person\/36f747b2a759ca202d847e85a9434ca0\"},\"headline\":\"Enfant, il n&rsquo;avait pas les moyens d&rsquo;aller au plus grand concours automobile du monde : 30 ans plus tard, il y va avec 14 Lamborghini\",\"datePublished\":\"2026-09-03T15:55:06+00:00\",\"mainEntityOfPage\":{\"@id\":\"https:\/\/www.italpassion.fr\/de\/lamborghini\/enfant-il-navait-pas-les-moyens-daller-au-plus-grand-concours-automobile-du-monde-30-ans-plus-tard-il-y-va-avec-14-lamborghini\/\"},\"wordCount\":601,\"commentCount\":0,\"publisher\":{\"@id\":\"https:\/\/www.italpassion.fr\/de\/#organization\"},\"image\":{\"@id\":\"https:\/\/www.italpassion.fr\/de\/lamborghini\/enfant-il-navait-pas-les-moyens-daller-au-plus-grand-concours-automobile-du-monde-30-ans-plus-tard-il-y-va-avec-14-lamborghini\/#primaryimage\"},\"thumbnailUrl\":\"https:\/\/www.italpassion.fr\/wp-content\/uploads\/2026\/09\/lambo-002-1.jpg\",\"articleSection\":[\"Lamborghini\"],\"inLanguage\":\"de\",\"potentialAction\":[{\"@type\":\"CommentAction\",\"name\":\"Comment\",\"target\":[\"https:\/\/www.italpassion.fr\/de\/lamborghini\/enfant-il-navait-pas-les-moyens-daller-au-plus-grand-concours-automobile-du-monde-30-ans-plus-tard-il-y-va-avec-14-lamborghini\/#respond\"]}]},{\"@type\":\"WebPage\",\"@id\":\"https:\/\/www.italpassion.fr\/de\/lamborghini\/enfant-il-navait-pas-les-moyens-daller-au-plus-grand-concours-automobile-du-monde-30-ans-plus-tard-il-y-va-avec-14-lamborghini\/\",\"url\":\"https:\/\/www.italpassion.fr\/de\/lamborghini\/enfant-il-navait-pas-les-moyens-daller-au-plus-grand-concours-automobile-du-monde-30-ans-plus-tard-il-y-va-avec-14-lamborghini\/\",\"name\":\"Enfant, il n'avait pas les moyens d'aller au plus grand concours automobile du monde : 30 ans plus tard, il y va avec 14 Lamborghini - ItalPassion\",\"isPartOf\":{\"@id\":\"https:\/\/www.italpassion.fr\/de\/#website\"},\"primaryImageOfPage\":{\"@id\":\"https:\/\/www.italpassion.fr\/de\/lamborghini\/enfant-il-navait-pas-les-moyens-daller-au-plus-grand-concours-automobile-du-monde-30-ans-plus-tard-il-y-va-avec-14-lamborghini\/#primaryimage\"},\"image\":{\"@id\":\"https:\/\/www.italpassion.fr\/de\/lamborghini\/enfant-il-navait-pas-les-moyens-daller-au-plus-grand-concours-automobile-du-monde-30-ans-plus-tard-il-y-va-avec-14-lamborghini\/#primaryimage\"},\"thumbnailUrl\":\"https:\/\/www.italpassion.fr\/wp-content\/uploads\/2026\/09\/lambo-002-1.jpg\",\"datePublished\":\"2026-09-03T15:55:06+00:00\",\"description\":\"Il y a trente ans, Pebble Beach n\u2019\u00e9tait pour John Temerian qu\u2019un nom lointain, presque inaccessible. \u00c0 l\u2019\u00e9poque, celui qui allait devenir le cofondateur\",\"breadcrumb\":{\"@id\":\"https:\/\/www.italpassion.fr\/de\/lamborghini\/enfant-il-navait-pas-les-moyens-daller-au-plus-grand-concours-automobile-du-monde-30-ans-plus-tard-il-y-va-avec-14-lamborghini\/#breadcrumb\"},\"inLanguage\":\"de\",\"potentialAction\":[{\"@type\":\"ReadAction\",\"target\":[\"https:\/\/www.italpassion.fr\/de\/lamborghini\/enfant-il-navait-pas-les-moyens-daller-au-plus-grand-concours-automobile-du-monde-30-ans-plus-tard-il-y-va-avec-14-lamborghini\/\"]}]},{\"@type\":\"ImageObject\",\"inLanguage\":\"de\",\"@id\":\"https:\/\/www.italpassion.fr\/de\/lamborghini\/enfant-il-navait-pas-les-moyens-daller-au-plus-grand-concours-automobile-du-monde-30-ans-plus-tard-il-y-va-avec-14-lamborghini\/#primaryimage\",\"url\":\"https:\/\/www.italpassion.fr\/wp-content\/uploads\/2026\/09\/lambo-002-1.jpg\",\"contentUrl\":\"https:\/\/www.italpassion.fr\/wp-content\/uploads\/2026\/09\/lambo-002-1.jpg\",\"width\":1200,\"height\":800},{\"@type\":\"BreadcrumbList\",\"@id\":\"https:\/\/www.italpassion.fr\/de\/lamborghini\/enfant-il-navait-pas-les-moyens-daller-au-plus-grand-concours-automobile-du-monde-30-ans-plus-tard-il-y-va-avec-14-lamborghini\/#breadcrumb\",\"itemListElement\":[{\"@type\":\"ListItem\",\"position\":1,\"name\":\"Accueil\",\"item\":\"https:\/\/www.italpassion.fr\/de\/\"},{\"@type\":\"ListItem\",\"position\":2,\"name\":\"Enfant, il n&rsquo;avait pas les moyens d&rsquo;aller au plus grand concours automobile du monde : 30 ans plus tard, il y va avec 14 Lamborghini\"}]},{\"@type\":\"WebSite\",\"@id\":\"https:\/\/www.italpassion.fr\/de\/#website\",\"url\":\"https:\/\/www.italpassion.fr\/de\/\",\"name\":\"ItalPassion\",\"description\":\"Les Passionn\u00e9s d&#039;Automobiles Italiennes\",\"publisher\":{\"@id\":\"https:\/\/www.italpassion.fr\/de\/#organization\"},\"potentialAction\":[{\"@type\":\"SearchAction\",\"target\":{\"@type\":\"EntryPoint\",\"urlTemplate\":\"https:\/\/www.italpassion.fr\/de\/?s={search_term_string}\"},\"query-input\":{\"@type\":\"PropertyValueSpecification\",\"valueRequired\":true,\"valueName\":\"search_term_string\"}}],\"inLanguage\":\"de\"},{\"@type\":\"Organization\",\"@id\":\"https:\/\/www.italpassion.fr\/de\/#organization\",\"name\":\"Italpassion\",\"url\":\"https:\/\/www.italpassion.fr\/de\/\",\"logo\":{\"@type\":\"ImageObject\",\"inLanguage\":\"de\",\"@id\":\"https:\/\/www.italpassion.fr\/de\/#\/schema\/logo\/image\/\",\"url\":\"https:\/\/www.italpassion.fr\/wp-content\/uploads\/2023\/07\/italpassion-yoast.jpg\",\"contentUrl\":\"https:\/\/www.italpassion.fr\/wp-content\/uploads\/2023\/07\/italpassion-yoast.jpg\",\"width\":696,\"height\":696,\"caption\":\"Italpassion\"},\"image\":{\"@id\":\"https:\/\/www.italpassion.fr\/de\/#\/schema\/logo\/image\/\"},\"sameAs\":[\"https:\/\/www.facebook.com\/italpassion\",\"https:\/\/x.com\/italpassion\",\"https:\/\/www.instagram.com\/italpassionfr\/\",\"https:\/\/www.youtube.com\/channel\/UCleq-ByQaA42OjhopwevRjQ\",\"https:\/\/www.facebook.com\/italpassion.en\/\",\"https:\/\/www.facebook.com\/italpassion.it\/\",\"https:\/\/www.facebook.com\/italpassion.de\/\",\"https:\/\/www.facebook.com\/italpassion.ja\/\"]},{\"@type\":\"Person\",\"@id\":\"https:\/\/www.italpassion.fr\/de\/#\/schema\/person\/36f747b2a759ca202d847e85a9434ca0\",\"name\":\"Alexandre Filluzeau\",\"image\":{\"@type\":\"ImageObject\",\"inLanguage\":\"de\",\"@id\":\"https:\/\/www.italpassion.fr\/de\/#\/schema\/person\/image\/\",\"url\":\"https:\/\/www.italpassion.fr\/wp-content\/uploads\/2025\/04\/avatar-alexandre-160x160.jpg\",\"contentUrl\":\"https:\/\/www.italpassion.fr\/wp-content\/uploads\/2025\/04\/avatar-alexandre-160x160.jpg\",\"caption\":\"Alexandre Filluzeau\"},\"description\":\"Fondateur du site ItalPassion, passionn\u00e9 de voitures italiennes et de l'Italie en g\u00e9n\u00e9ral. J'apporte un regard critique et technique aux actualit\u00e9s des marques italiennes quand cela est possible. Propri\u00e9taire d'une Maserati GranTurismo, Alfa Romeo MiTo, Lancia Fulvia et Ducati 695. Ex-propri\u00e9taire d'une Alfa Romeo Giulia.\",\"sameAs\":[\"https:\/\/www.italpassion.fr\/\"],\"url\":\"https:\/\/www.italpassion.fr\/de\/author\/alexandre\/\"}]}<\/script>\n<!-- \/ Yoast SEO plugin. -->","yoast_head_json":{"title":"Als Kind konnte er es sich nicht leisten, zum gr\u00f6\u00dften Automobilwettbewerb der Welt zu fahren: 30 Jahre sp\u00e4ter f\u00e4hrt er mit 14 Lamborghini dorthin \u2013 ItalPassion","description":"Vor drei\u00dfig Jahren war Pebble Beach f\u00fcr John Temerian nur ein weit entfernter, fast unerreichbarer Name. Damals war der Mann, der sp\u00e4ter Mitbegr\u00fcnder werden sollte,","robots":{"index":"index","follow":"follow","max-snippet":"max-snippet:-1","max-image-preview":"max-image-preview:large","max-video-preview":"max-video-preview:-1"},"canonical":"https:\/\/www.italpassion.fr\/de\/lamborghini\/als-kind-konnte-er-es-sich-nicht-leisten-zum-grosten-automobilwettbewerb-der-welt-zu-fahren-30-jahre-spater-fahrt-er-mit-14-lamborghinis-dorthin\/","og_locale":"de_DE","og_type":"article","og_title":"Enfant, il n'avait pas les moyens d'aller au plus grand concours automobile du monde : 30 ans plus tard, il y va avec 14 Lamborghini - ItalPassion","og_description":"Il y a trente ans, Pebble Beach n\u2019\u00e9tait pour John Temerian qu\u2019un nom lointain, presque inaccessible. \u00c0 l\u2019\u00e9poque, celui qui allait devenir le cofondateur","og_url":"https:\/\/www.italpassion.fr\/de\/lamborghini\/als-kind-konnte-er-es-sich-nicht-leisten-zum-grosten-automobilwettbewerb-der-welt-zu-fahren-30-jahre-spater-fahrt-er-mit-14-lamborghinis-dorthin\/","og_site_name":"ItalPassion","article_publisher":"https:\/\/www.facebook.com\/italpassion","article_published_time":"2026-09-03T15:55:06+00:00","og_image":[{"width":1200,"height":800,"url":"https:\/\/www.italpassion.fr\/wp-content\/uploads\/2026\/09\/lambo-002-1.jpg","type":"image\/jpeg"}],"author":"Alexandre Filluzeau","twitter_card":"summary_large_image","twitter_creator":"@italpassion","twitter_site":"@italpassion","schema":{"@context":"https:\/\/schema.org","@graph":[{"@type":"NewsArticle","@id":"https:\/\/www.italpassion.fr\/de\/lamborghini\/enfant-il-navait-pas-les-moyens-daller-au-plus-grand-concours-automobile-du-monde-30-ans-plus-tard-il-y-va-avec-14-lamborghini\/#article","isPartOf":{"@id":"https:\/\/www.italpassion.fr\/de\/lamborghini\/enfant-il-navait-pas-les-moyens-daller-au-plus-grand-concours-automobile-du-monde-30-ans-plus-tard-il-y-va-avec-14-lamborghini\/"},"author":{"name":"Alexandre Filluzeau","@id":"https:\/\/www.italpassion.fr\/de\/#\/schema\/person\/36f747b2a759ca202d847e85a9434ca0"},"headline":"Enfant, il n&rsquo;avait pas les moyens d&rsquo;aller au plus grand concours automobile du monde : 30 ans plus tard, il y va avec 14 Lamborghini","datePublished":"2026-09-03T15:55:06+00:00","mainEntityOfPage":{"@id":"https:\/\/www.italpassion.fr\/de\/lamborghini\/enfant-il-navait-pas-les-moyens-daller-au-plus-grand-concours-automobile-du-monde-30-ans-plus-tard-il-y-va-avec-14-lamborghini\/"},"wordCount":601,"commentCount":0,"publisher":{"@id":"https:\/\/www.italpassion.fr\/de\/#organization"},"image":{"@id":"https:\/\/www.italpassion.fr\/de\/lamborghini\/enfant-il-navait-pas-les-moyens-daller-au-plus-grand-concours-automobile-du-monde-30-ans-plus-tard-il-y-va-avec-14-lamborghini\/#primaryimage"},"thumbnailUrl":"https:\/\/www.italpassion.fr\/wp-content\/uploads\/2026\/09\/lambo-002-1.jpg","articleSection":["Lamborghini"],"inLanguage":"de","potentialAction":[{"@type":"CommentAction","name":"Comment","target":["https:\/\/www.italpassion.fr\/de\/lamborghini\/enfant-il-navait-pas-les-moyens-daller-au-plus-grand-concours-automobile-du-monde-30-ans-plus-tard-il-y-va-avec-14-lamborghini\/#respond"]}]},{"@type":"WebPage","@id":"https:\/\/www.italpassion.fr\/de\/lamborghini\/enfant-il-navait-pas-les-moyens-daller-au-plus-grand-concours-automobile-du-monde-30-ans-plus-tard-il-y-va-avec-14-lamborghini\/","url":"https:\/\/www.italpassion.fr\/de\/lamborghini\/enfant-il-navait-pas-les-moyens-daller-au-plus-grand-concours-automobile-du-monde-30-ans-plus-tard-il-y-va-avec-14-lamborghini\/","name":"Als Kind konnte er es sich nicht leisten, zum gr\u00f6\u00dften Automobilwettbewerb der Welt zu fahren: 30 Jahre sp\u00e4ter f\u00e4hrt er mit 14 Lamborghini dorthin \u2013 ItalPassion","isPartOf":{"@id":"https:\/\/www.italpassion.fr\/de\/#website"},"primaryImageOfPage":{"@id":"https:\/\/www.italpassion.fr\/de\/lamborghini\/enfant-il-navait-pas-les-moyens-daller-au-plus-grand-concours-automobile-du-monde-30-ans-plus-tard-il-y-va-avec-14-lamborghini\/#primaryimage"},"image":{"@id":"https:\/\/www.italpassion.fr\/de\/lamborghini\/enfant-il-navait-pas-les-moyens-daller-au-plus-grand-concours-automobile-du-monde-30-ans-plus-tard-il-y-va-avec-14-lamborghini\/#primaryimage"},"thumbnailUrl":"https:\/\/www.italpassion.fr\/wp-content\/uploads\/2026\/09\/lambo-002-1.jpg","datePublished":"2026-09-03T15:55:06+00:00","description":"Vor drei\u00dfig Jahren war Pebble Beach f\u00fcr John Temerian nur ein weit entfernter, fast unerreichbarer Name. Damals war der Mann, der sp\u00e4ter Mitbegr\u00fcnder werden sollte,","breadcrumb":{"@id":"https:\/\/www.italpassion.fr\/de\/lamborghini\/enfant-il-navait-pas-les-moyens-daller-au-plus-grand-concours-automobile-du-monde-30-ans-plus-tard-il-y-va-avec-14-lamborghini\/#breadcrumb"},"inLanguage":"de","potentialAction":[{"@type":"ReadAction","target":["https:\/\/www.italpassion.fr\/de\/lamborghini\/enfant-il-navait-pas-les-moyens-daller-au-plus-grand-concours-automobile-du-monde-30-ans-plus-tard-il-y-va-avec-14-lamborghini\/"]}]},{"@type":"ImageObject","inLanguage":"de","@id":"https:\/\/www.italpassion.fr\/de\/lamborghini\/enfant-il-navait-pas-les-moyens-daller-au-plus-grand-concours-automobile-du-monde-30-ans-plus-tard-il-y-va-avec-14-lamborghini\/#primaryimage","url":"https:\/\/www.italpassion.fr\/wp-content\/uploads\/2026\/09\/lambo-002-1.jpg","contentUrl":"https:\/\/www.italpassion.fr\/wp-content\/uploads\/2026\/09\/lambo-002-1.jpg","width":1200,"height":800},{"@type":"BreadcrumbList","@id":"https:\/\/www.italpassion.fr\/de\/lamborghini\/enfant-il-navait-pas-les-moyens-daller-au-plus-grand-concours-automobile-du-monde-30-ans-plus-tard-il-y-va-avec-14-lamborghini\/#breadcrumb","itemListElement":[{"@type":"ListItem","position":1,"name":"Accueil","item":"https:\/\/www.italpassion.fr\/de\/"},{"@type":"ListItem","position":2,"name":"Enfant, il n&rsquo;avait pas les moyens d&rsquo;aller au plus grand concours automobile du monde : 30 ans plus tard, il y va avec 14 Lamborghini"}]},{"@type":"WebSite","@id":"https:\/\/www.italpassion.fr\/de\/#website","url":"https:\/\/www.italpassion.fr\/de\/","name":"ItalPassion","description":"Die Liebhaber italienischer Autos","publisher":{"@id":"https:\/\/www.italpassion.fr\/de\/#organization"},"potentialAction":[{"@type":"SearchAction","target":{"@type":"EntryPoint","urlTemplate":"https:\/\/www.italpassion.fr\/de\/?s={search_term_string}"},"query-input":{"@type":"PropertyValueSpecification","valueRequired":true,"valueName":"search_term_string"}}],"inLanguage":"de"},{"@type":"Organization","@id":"https:\/\/www.italpassion.fr\/de\/#organization","name":"Italpassion","url":"https:\/\/www.italpassion.fr\/de\/","logo":{"@type":"ImageObject","inLanguage":"de","@id":"https:\/\/www.italpassion.fr\/de\/#\/schema\/logo\/image\/","url":"https:\/\/www.italpassion.fr\/wp-content\/uploads\/2023\/07\/italpassion-yoast.jpg","contentUrl":"https:\/\/www.italpassion.fr\/wp-content\/uploads\/2023\/07\/italpassion-yoast.jpg","width":696,"height":696,"caption":"Italpassion"},"image":{"@id":"https:\/\/www.italpassion.fr\/de\/#\/schema\/logo\/image\/"},"sameAs":["https:\/\/www.facebook.com\/italpassion","https:\/\/x.com\/italpassion","https:\/\/www.instagram.com\/italpassionfr\/","https:\/\/www.youtube.com\/channel\/UCleq-ByQaA42OjhopwevRjQ","https:\/\/www.facebook.com\/italpassion.en\/","https:\/\/www.facebook.com\/italpassion.it\/","https:\/\/www.facebook.com\/italpassion.de\/","https:\/\/www.facebook.com\/italpassion.ja\/"]},{"@type":"Person","@id":"https:\/\/www.italpassion.fr\/de\/#\/schema\/person\/36f747b2a759ca202d847e85a9434ca0","name":"Alexandre Filluzeau","image":{"@type":"ImageObject","inLanguage":"de","@id":"https:\/\/www.italpassion.fr\/de\/#\/schema\/person\/image\/","url":"https:\/\/www.italpassion.fr\/wp-content\/uploads\/2025\/04\/avatar-alexandre-160x160.jpg","contentUrl":"https:\/\/www.italpassion.fr\/wp-content\/uploads\/2025\/04\/avatar-alexandre-160x160.jpg","caption":"Alexandre Filluzeau"},"description":"Gr\u00fcnder der Website ItalPassion, leidenschaftlicher Fan von italienischen Autos und Italien im Allgemeinen. Ich bringe einen kritischen und technischen Blick auf die Nachrichten der italienischen Marken, wann immer es m\u00f6glich ist. Besitzer eines Maserati GranTurismo, Alfa Romeo MiTo, Lancia Fulvia und Ducati 695. Ex-Besitzer einer Alfa Romeo Giulia.","sameAs":["https:\/\/www.italpassion.fr\/"],"url":"https:\/\/www.italpassion.fr\/de\/author\/alexandre\/"}]}},"_links":{"self":[{"href":"https:\/\/www.italpassion.fr\/de\/wp-json\/wp\/v2\/posts\/53774","targetHints":{"allow":["GET"]}}],"collection":[{"href":"https:\/\/www.italpassion.fr\/de\/wp-json\/wp\/v2\/posts"}],"about":[{"href":"https:\/\/www.italpassion.fr\/de\/wp-json\/wp\/v2\/types\/post"}],"author":[{"embeddable":true,"href":"https:\/\/www.italpassion.fr\/de\/wp-json\/wp\/v2\/users\/1"}],"replies":[{"embeddable":true,"href":"https:\/\/www.italpassion.fr\/de\/wp-json\/wp\/v2\/comments?post=53774"}],"version-history":[{"count":3,"href":"https:\/\/www.italpassion.fr\/de\/wp-json\/wp\/v2\/posts\/53774\/revisions"}],"predecessor-version":[{"id":53936,"href":"https:\/\/www.italpassion.fr\/de\/wp-json\/wp\/v2\/posts\/53774\/revisions\/53936"}],"wp:featuredmedia":[{"embeddable":true,"href":"https:\/\/www.italpassion.fr\/de\/wp-json\/wp\/v2\/media\/53859"}],"wp:attachment":[{"href":"https:\/\/www.italpassion.fr\/de\/wp-json\/wp\/v2\/media?parent=53774"}],"wp:term":[{"taxonomy":"category","embeddable":true,"href":"https:\/\/www.italpassion.fr\/de\/wp-json\/wp\/v2\/categories?post=53774"},{"taxonomy":"post_tag","embeddable":true,"href":"https:\/\/www.italpassion.fr\/de\/wp-json\/wp\/v2\/tags?post=53774"}],"curies":[{"name":"wp","href":"https:\/\/api.w.org\/{rel}","templated":true}]}}