{"id":53601,"date":"2026-08-31T08:53:24","date_gmt":"2026-08-31T06:53:24","guid":{"rendered":"https:\/\/www.italpassion.fr\/?p=53601"},"modified":"2026-08-26T10:43:46","modified_gmt":"2026-08-26T08:43:46","slug":"1-721-arbeiter-des-stellantis-werks-in-dem-v6-motoren-hergestellt-werden-werden-ein-weiteres-jahr-in-kurzarbeit-sein","status":"publish","type":"post","link":"https:\/\/www.italpassion.fr\/de\/stellantis\/1-721-ouvriers-de-lusine-stellantis-qui-fabrique-les-moteurs-v6-vont-etre-au-chomage-partiel-une-annee-de-plus\/","title":{"rendered":"1.721 Arbeiter des Stellantis-Werks, in dem V6-Motoren hergestellt werden, werden ein weiteres Jahr in Kurzarbeit sein"},"content":{"rendered":"<figure class=\"wp-block-image size-full\"><img loading=\"lazy\" decoding=\"async\" width=\"1200\" height=\"800\" src=\"https:\/\/www.italpassion.fr\/wp-content\/uploads\/2026\/08\/v6-alfa.jpg\" alt=\"\" class=\"wp-image-53765\" srcset=\"https:\/\/www.italpassion.fr\/wp-content\/uploads\/2026\/08\/v6-alfa.jpg 1200w, https:\/\/www.italpassion.fr\/wp-content\/uploads\/2026\/08\/v6-alfa-768x512.jpg 768w, https:\/\/www.italpassion.fr\/wp-content\/uploads\/2026\/08\/v6-alfa-18x12.jpg 18w, https:\/\/www.italpassion.fr\/wp-content\/uploads\/2026\/08\/v6-alfa-420x280.jpg 420w\" sizes=\"auto, (max-width: 1200px) 100vw, 1200px\" \/><figcaption class=\"wp-element-caption\">Der V6-Motor von Alfa Romeo wird im Werk in Termoli montiert<\/figcaption><\/figure>\n\n\n\n<p class=\"wp-block-paragraph\">Die Fabrik <a href=\"https:\/\/www.italpassion.fr\/de\/stellantis\/\">Stellantis<\/a> Das Werk in Termoli muss sich noch etwas gedulden, bis wieder ein normales Aktivit\u00e4tsniveau erreicht ist. W\u00e4hrend sich der italienische Standort darauf vorbereitet, die Produktion neuer Getriebe f\u00fcr Hybridfahrzeuge (eDCT) aufzunehmen, haben die Unternehmensleitung und die Gewerkschaften gerade einen neuen Solidarit\u00e4tsvertrag abgeschlossen, der 1.721 Besch\u00e4ftigten f\u00fcr fast ein weiteres Jahr Sicherheit bieten wird.<\/p>\n\n\n\n<p class=\"wp-block-paragraph\">Die Regelung tritt am 31. August 2026 in Kraft und gilt bis zum 29. August 2027. Sie betrifft die Besch\u00e4ftigten, die an den verschiedenen in Termoli hergestellten Motorenfamilien arbeiten, insbesondere an den V6-Motoren (Alfa Romeo und Maserati) sowie den GSE- und GME 2.0 T4-Motoren.<\/p>\n\n\n\n<p class=\"wp-block-paragraph\">In Italien erm\u00f6glicht der Solidarit\u00e4tsvertrag eine vor\u00fcbergehende Verk\u00fcrzung der Arbeitszeit, um den R\u00fcckgang der Gesch\u00e4ftst\u00e4tigkeit auf die Besch\u00e4ftigten zu verteilen und Stellenstreichungen zu vermeiden. Eine Form der Kurzarbeit, die f\u00fcr das Werk in Termoli leider immer vertrauter wird.<\/p>\n\n\n\n<h2 class=\"wp-block-heading\">Eine Situation, die nur vor\u00fcbergehend sein sollte<\/h2>\n\n\n\n<p class=\"wp-block-paragraph\">Diese neue Vereinbarung kn\u00fcpft an die im Jahr 2025 eingef\u00fchrte Regelung an. Diese betraf damals 1.823 Besch\u00e4ftigte. Ein Jahr sp\u00e4ter sind nur noch 1.721 davon betroffen, also 102 Personen weniger. F\u00fcr die Gewerkschaften ist eine Verl\u00e4ngerung des Solidarit\u00e4tsvertrags weiterhin einer st\u00e4rkeren Personalreduzierung vorzuziehen. Die Vereinbarung sieht au\u00dferdem vor, dass die Besch\u00e4ftigten ihre Anspr\u00fcche, insbesondere auf Urlaub und das 13. Monatsgehalt, unabh\u00e4ngig von der Anzahl der tats\u00e4chlich gearbeiteten Tage weiterhin ansammeln.<\/p>\n\n\n\n<p class=\"wp-block-paragraph\">Hinter dieser sozialen Absicherung verbirgt sich jedoch eine weitaus beunruhigendere industrielle Realit\u00e4t: Termoli verf\u00fcgt nach wie vor nicht \u00fcber ein ausreichendes Produktionsvolumen, um alle seine Besch\u00e4ftigten in Vollzeit zu besch\u00e4ftigen. Francesco Guida, Sekret\u00e4r der Uilm Campobasso-Termoli, ist daher der Ansicht, dass das Werk nicht auf unbestimmte Zeit von sozialen Abfederungsma\u00dfnahmen leben kann, und fordert neue Produktionsauftr\u00e4ge, damit der Standort wieder zu seinem normalen Betriebsrhythmus zur\u00fcckfinden kann.<\/p>\n\n\n\n<h2 class=\"wp-block-heading\">Die neuen Produktionen reichen noch nicht aus<\/h2>\n\n\n\n<p class=\"wp-block-paragraph\">Die Situation ist umso paradoxer, als Stellantis gerade einen neuen Produktionszweig in Termoli aufbaut. Die Produktion des eDCT-Getriebes f\u00fcr Hybridfahrzeuge soll am 15. September 2026 anlaufen. Der Automobilkonzern k\u00fcndigt eine Investition in H\u00f6he von 41 Millionen Euro an, wobei die Kapazit\u00e4t nach Erreichen der vollen Produktionsleistung bei etwa 300.000 Getrieben pro Jahr liegen soll. Dieser neue Gesch\u00e4ftsbereich d\u00fcrfte rund 288 Mitarbeiter besch\u00e4ftigen.<\/p>\n\n\n\n<p class=\"wp-block-paragraph\">Hinzu kommt die Zukunft des GSE-Motors, der insbesondere an die Euro-7-Norm angepasst werden muss und weiterhin in mehreren wichtigen Modellen des Konzerns zum Einsatz kommen soll, darunter der Fiat Pandina und <a href=\"https:\/\/www.italpassion.fr\/de\/autos\/fiat-500\/\">Fiat 500<\/a>. Diese Projekte waren als zwei S\u00e4ulen der industriellen Zukunft von Termoli pr\u00e4sentiert worden, nachdem das urspr\u00fcnglich f\u00fcr den Standort geplante Gigafactory-Projekt f\u00fcr Batterien aufgegeben worden war. Doch ihr Aufschwung reicht offensichtlich noch nicht aus, um den R\u00fcckgang der traditionellen Gesch\u00e4ftsbereiche auszugleichen. Der V6 leidet insbesondere unter den geringen St\u00fcckzahlen von Maserati, w\u00e4hrend der GME 2.0 T4 stark von den Verk\u00e4ufen von Alfa Romeo auf dem US-Markt abh\u00e4ngt und weiterhin den Unsicherheiten hinsichtlich der Nachfrage und der Z\u00f6lle ausgesetzt ist.<\/p>\n\n\n\n<h2 class=\"wp-block-heading\">Termoli zwischen zwei Epochen<\/h2>\n\n\n\n<p class=\"wp-block-paragraph\">Das Werk befindet sich somit mitten im industriellen Wandel von Stellantis: Die alten Motoren verlieren nach und nach an Boden, w\u00e4hrend die neuen Produktionslinien im Bereich der Hybridtechnik noch nicht gen\u00fcgend St\u00fcckzahlen generieren. Der Solidarit\u00e4tsvertrag erm\u00f6glicht es vorerst, die Arbeitspl\u00e4tze zu erhalten und eine drastischere Umstrukturierung zu vermeiden. Seine Verl\u00e4ngerung bis zum Sommer 2027 zeigt jedoch auch, dass der Wandel l\u00e4nger dauern wird als erwartet.<\/p>","protected":false},"excerpt":{"rendered":"","protected":false},"author":1,"featured_media":53765,"comment_status":"open","ping_status":"open","sticky":false,"template":"","format":"standard","meta":{"_acf_changed":false,"_sitemap_exclude":false,"_sitemap_priority":"","_sitemap_frequency":"","footnotes":""},"categories":[29],"tags":[386],"class_list":["post-53601","post","type-post","status-publish","format-standard","has-post-thumbnail","hentry","category-stellantis","tag-termoli","generate-columns","tablet-grid-50","mobile-grid-100","grid-parent","grid-33"],"acf":[],"yoast_head":"<!-- This site is optimized with the Yoast SEO plugin v25.8 - https:\/\/yoast.com\/wordpress\/plugins\/seo\/ -->\n<title>1 721 ouvriers de l&#039;usine Stellantis qui fabrique les moteurs V6 vont \u00eatre au ch\u00f4mage partiel une ann\u00e9e de plus - ItalPassion<\/title>\n<meta name=\"description\" content=\"Le moteur V6 Alfa Romeo est assembl\u00e9 dans l&#039;usine de Termoli L\u2019usine Stellantis de Termoli va devoir patienter encore avant de retrouver un niveau\" \/>\n<meta name=\"robots\" content=\"index, follow, max-snippet:-1, max-image-preview:large, max-video-preview:-1\" \/>\n<link rel=\"canonical\" href=\"https:\/\/www.italpassion.fr\/de\/stellantis\/1-721-arbeiter-des-stellantis-werks-in-dem-v6-motoren-hergestellt-werden-werden-ein-weiteres-jahr-in-kurzarbeit-sein\/\" \/>\n<meta property=\"og:locale\" content=\"de_DE\" \/>\n<meta property=\"og:type\" content=\"article\" \/>\n<meta property=\"og:title\" content=\"1 721 ouvriers de l&#039;usine Stellantis qui fabrique les moteurs V6 vont \u00eatre au ch\u00f4mage partiel une ann\u00e9e de plus - ItalPassion\" \/>\n<meta property=\"og:description\" content=\"Le moteur V6 Alfa Romeo est assembl\u00e9 dans l&#039;usine de Termoli L\u2019usine Stellantis de Termoli va devoir patienter encore avant de retrouver un niveau\" \/>\n<meta property=\"og:url\" content=\"https:\/\/www.italpassion.fr\/de\/stellantis\/1-721-arbeiter-des-stellantis-werks-in-dem-v6-motoren-hergestellt-werden-werden-ein-weiteres-jahr-in-kurzarbeit-sein\/\" \/>\n<meta property=\"og:site_name\" content=\"ItalPassion\" \/>\n<meta property=\"article:publisher\" content=\"https:\/\/www.facebook.com\/italpassion\" \/>\n<meta property=\"article:published_time\" content=\"2026-08-31T06:53:24+00:00\" \/>\n<meta property=\"og:image\" content=\"https:\/\/www.italpassion.fr\/wp-content\/uploads\/2026\/08\/v6-alfa.jpg\" \/>\n\t<meta property=\"og:image:width\" content=\"1200\" \/>\n\t<meta property=\"og:image:height\" content=\"800\" \/>\n\t<meta property=\"og:image:type\" content=\"image\/jpeg\" \/>\n<meta name=\"author\" content=\"Alexandre Filluzeau\" \/>\n<meta name=\"twitter:card\" content=\"summary_large_image\" \/>\n<meta name=\"twitter:creator\" content=\"@italpassion\" \/>\n<meta name=\"twitter:site\" content=\"@italpassion\" \/>\n<script type=\"application\/ld+json\" class=\"yoast-schema-graph\">{\"@context\":\"https:\/\/schema.org\",\"@graph\":[{\"@type\":\"NewsArticle\",\"@id\":\"https:\/\/www.italpassion.fr\/de\/stellantis\/1-721-ouvriers-de-lusine-stellantis-qui-fabrique-les-moteurs-v6-vont-etre-au-chomage-partiel-une-annee-de-plus\/#article\",\"isPartOf\":{\"@id\":\"https:\/\/www.italpassion.fr\/de\/stellantis\/1-721-ouvriers-de-lusine-stellantis-qui-fabrique-les-moteurs-v6-vont-etre-au-chomage-partiel-une-annee-de-plus\/\"},\"author\":{\"name\":\"Alexandre Filluzeau\",\"@id\":\"https:\/\/www.italpassion.fr\/de\/#\/schema\/person\/36f747b2a759ca202d847e85a9434ca0\"},\"headline\":\"1 721 ouvriers de l&rsquo;usine Stellantis qui fabrique les moteurs V6 vont \u00eatre au ch\u00f4mage partiel une ann\u00e9e de plus\",\"datePublished\":\"2026-08-31T06:53:24+00:00\",\"mainEntityOfPage\":{\"@id\":\"https:\/\/www.italpassion.fr\/de\/stellantis\/1-721-ouvriers-de-lusine-stellantis-qui-fabrique-les-moteurs-v6-vont-etre-au-chomage-partiel-une-annee-de-plus\/\"},\"wordCount\":627,\"commentCount\":0,\"publisher\":{\"@id\":\"https:\/\/www.italpassion.fr\/de\/#organization\"},\"image\":{\"@id\":\"https:\/\/www.italpassion.fr\/de\/stellantis\/1-721-ouvriers-de-lusine-stellantis-qui-fabrique-les-moteurs-v6-vont-etre-au-chomage-partiel-une-annee-de-plus\/#primaryimage\"},\"thumbnailUrl\":\"https:\/\/www.italpassion.fr\/wp-content\/uploads\/2026\/08\/v6-alfa.jpg\",\"keywords\":[\"Termoli\"],\"articleSection\":[\"Stellantis\"],\"inLanguage\":\"de\",\"potentialAction\":[{\"@type\":\"CommentAction\",\"name\":\"Comment\",\"target\":[\"https:\/\/www.italpassion.fr\/de\/stellantis\/1-721-ouvriers-de-lusine-stellantis-qui-fabrique-les-moteurs-v6-vont-etre-au-chomage-partiel-une-annee-de-plus\/#respond\"]}]},{\"@type\":\"WebPage\",\"@id\":\"https:\/\/www.italpassion.fr\/de\/stellantis\/1-721-ouvriers-de-lusine-stellantis-qui-fabrique-les-moteurs-v6-vont-etre-au-chomage-partiel-une-annee-de-plus\/\",\"url\":\"https:\/\/www.italpassion.fr\/de\/stellantis\/1-721-ouvriers-de-lusine-stellantis-qui-fabrique-les-moteurs-v6-vont-etre-au-chomage-partiel-une-annee-de-plus\/\",\"name\":\"1 721 ouvriers de l'usine Stellantis qui fabrique les moteurs V6 vont \u00eatre au ch\u00f4mage partiel une ann\u00e9e de plus - ItalPassion\",\"isPartOf\":{\"@id\":\"https:\/\/www.italpassion.fr\/de\/#website\"},\"primaryImageOfPage\":{\"@id\":\"https:\/\/www.italpassion.fr\/de\/stellantis\/1-721-ouvriers-de-lusine-stellantis-qui-fabrique-les-moteurs-v6-vont-etre-au-chomage-partiel-une-annee-de-plus\/#primaryimage\"},\"image\":{\"@id\":\"https:\/\/www.italpassion.fr\/de\/stellantis\/1-721-ouvriers-de-lusine-stellantis-qui-fabrique-les-moteurs-v6-vont-etre-au-chomage-partiel-une-annee-de-plus\/#primaryimage\"},\"thumbnailUrl\":\"https:\/\/www.italpassion.fr\/wp-content\/uploads\/2026\/08\/v6-alfa.jpg\",\"datePublished\":\"2026-08-31T06:53:24+00:00\",\"description\":\"Le moteur V6 Alfa Romeo est assembl\u00e9 dans l'usine de Termoli L\u2019usine Stellantis de Termoli va devoir patienter encore avant de retrouver un niveau\",\"breadcrumb\":{\"@id\":\"https:\/\/www.italpassion.fr\/de\/stellantis\/1-721-ouvriers-de-lusine-stellantis-qui-fabrique-les-moteurs-v6-vont-etre-au-chomage-partiel-une-annee-de-plus\/#breadcrumb\"},\"inLanguage\":\"de\",\"potentialAction\":[{\"@type\":\"ReadAction\",\"target\":[\"https:\/\/www.italpassion.fr\/de\/stellantis\/1-721-ouvriers-de-lusine-stellantis-qui-fabrique-les-moteurs-v6-vont-etre-au-chomage-partiel-une-annee-de-plus\/\"]}]},{\"@type\":\"ImageObject\",\"inLanguage\":\"de\",\"@id\":\"https:\/\/www.italpassion.fr\/de\/stellantis\/1-721-ouvriers-de-lusine-stellantis-qui-fabrique-les-moteurs-v6-vont-etre-au-chomage-partiel-une-annee-de-plus\/#primaryimage\",\"url\":\"https:\/\/www.italpassion.fr\/wp-content\/uploads\/2026\/08\/v6-alfa.jpg\",\"contentUrl\":\"https:\/\/www.italpassion.fr\/wp-content\/uploads\/2026\/08\/v6-alfa.jpg\",\"width\":1200,\"height\":800},{\"@type\":\"BreadcrumbList\",\"@id\":\"https:\/\/www.italpassion.fr\/de\/stellantis\/1-721-ouvriers-de-lusine-stellantis-qui-fabrique-les-moteurs-v6-vont-etre-au-chomage-partiel-une-annee-de-plus\/#breadcrumb\",\"itemListElement\":[{\"@type\":\"ListItem\",\"position\":1,\"name\":\"Accueil\",\"item\":\"https:\/\/www.italpassion.fr\/de\/\"},{\"@type\":\"ListItem\",\"position\":2,\"name\":\"1 721 ouvriers de l&rsquo;usine Stellantis qui fabrique les moteurs V6 vont \u00eatre au ch\u00f4mage partiel une ann\u00e9e de plus\"}]},{\"@type\":\"WebSite\",\"@id\":\"https:\/\/www.italpassion.fr\/de\/#website\",\"url\":\"https:\/\/www.italpassion.fr\/de\/\",\"name\":\"ItalPassion\",\"description\":\"Les Passionn\u00e9s d&#039;Automobiles Italiennes\",\"publisher\":{\"@id\":\"https:\/\/www.italpassion.fr\/de\/#organization\"},\"potentialAction\":[{\"@type\":\"SearchAction\",\"target\":{\"@type\":\"EntryPoint\",\"urlTemplate\":\"https:\/\/www.italpassion.fr\/de\/?s={search_term_string}\"},\"query-input\":{\"@type\":\"PropertyValueSpecification\",\"valueRequired\":true,\"valueName\":\"search_term_string\"}}],\"inLanguage\":\"de\"},{\"@type\":\"Organization\",\"@id\":\"https:\/\/www.italpassion.fr\/de\/#organization\",\"name\":\"Italpassion\",\"url\":\"https:\/\/www.italpassion.fr\/de\/\",\"logo\":{\"@type\":\"ImageObject\",\"inLanguage\":\"de\",\"@id\":\"https:\/\/www.italpassion.fr\/de\/#\/schema\/logo\/image\/\",\"url\":\"https:\/\/www.italpassion.fr\/wp-content\/uploads\/2023\/07\/italpassion-yoast.jpg\",\"contentUrl\":\"https:\/\/www.italpassion.fr\/wp-content\/uploads\/2023\/07\/italpassion-yoast.jpg\",\"width\":696,\"height\":696,\"caption\":\"Italpassion\"},\"image\":{\"@id\":\"https:\/\/www.italpassion.fr\/de\/#\/schema\/logo\/image\/\"},\"sameAs\":[\"https:\/\/www.facebook.com\/italpassion\",\"https:\/\/x.com\/italpassion\",\"https:\/\/www.instagram.com\/italpassionfr\/\",\"https:\/\/www.youtube.com\/channel\/UCleq-ByQaA42OjhopwevRjQ\",\"https:\/\/www.facebook.com\/italpassion.en\/\",\"https:\/\/www.facebook.com\/italpassion.it\/\",\"https:\/\/www.facebook.com\/italpassion.de\/\",\"https:\/\/www.facebook.com\/italpassion.ja\/\"]},{\"@type\":\"Person\",\"@id\":\"https:\/\/www.italpassion.fr\/de\/#\/schema\/person\/36f747b2a759ca202d847e85a9434ca0\",\"name\":\"Alexandre Filluzeau\",\"image\":{\"@type\":\"ImageObject\",\"inLanguage\":\"de\",\"@id\":\"https:\/\/www.italpassion.fr\/de\/#\/schema\/person\/image\/\",\"url\":\"https:\/\/www.italpassion.fr\/wp-content\/uploads\/2025\/04\/avatar-alexandre-160x160.jpg\",\"contentUrl\":\"https:\/\/www.italpassion.fr\/wp-content\/uploads\/2025\/04\/avatar-alexandre-160x160.jpg\",\"caption\":\"Alexandre Filluzeau\"},\"description\":\"Fondateur du site ItalPassion, passionn\u00e9 de voitures italiennes et de l'Italie en g\u00e9n\u00e9ral. J'apporte un regard critique et technique aux actualit\u00e9s des marques italiennes quand cela est possible. Propri\u00e9taire d'une Maserati GranTurismo, Alfa Romeo MiTo, Lancia Fulvia et Ducati 695. Ex-propri\u00e9taire d'une Alfa Romeo Giulia.\",\"sameAs\":[\"https:\/\/www.italpassion.fr\/\"],\"url\":\"https:\/\/www.italpassion.fr\/de\/author\/alexandre\/\"}]}<\/script>\n<!-- \/ Yoast SEO plugin. -->","yoast_head_json":{"title":"1.721 Arbeiter des Stellantis-Werks, in dem V6-Motoren hergestellt werden, werden ein weiteres Jahr in Kurzarbeit sein \u2013 ItalPassion","description":"Der Alfa-Romeo-V6-Motor wird im Werk Termoli montiert. Das Stellantis-Werk in Termoli muss sich noch etwas gedulden, bis es wieder sein gewohntes Produktionsniveau erreicht.","robots":{"index":"index","follow":"follow","max-snippet":"max-snippet:-1","max-image-preview":"max-image-preview:large","max-video-preview":"max-video-preview:-1"},"canonical":"https:\/\/www.italpassion.fr\/de\/stellantis\/1-721-arbeiter-des-stellantis-werks-in-dem-v6-motoren-hergestellt-werden-werden-ein-weiteres-jahr-in-kurzarbeit-sein\/","og_locale":"de_DE","og_type":"article","og_title":"1 721 ouvriers de l'usine Stellantis qui fabrique les moteurs V6 vont \u00eatre au ch\u00f4mage partiel une ann\u00e9e de plus - ItalPassion","og_description":"Le moteur V6 Alfa Romeo est assembl\u00e9 dans l'usine de Termoli L\u2019usine Stellantis de Termoli va devoir patienter encore avant de retrouver un niveau","og_url":"https:\/\/www.italpassion.fr\/de\/stellantis\/1-721-arbeiter-des-stellantis-werks-in-dem-v6-motoren-hergestellt-werden-werden-ein-weiteres-jahr-in-kurzarbeit-sein\/","og_site_name":"ItalPassion","article_publisher":"https:\/\/www.facebook.com\/italpassion","article_published_time":"2026-08-31T06:53:24+00:00","og_image":[{"width":1200,"height":800,"url":"https:\/\/www.italpassion.fr\/wp-content\/uploads\/2026\/08\/v6-alfa.jpg","type":"image\/jpeg"}],"author":"Alexandre Filluzeau","twitter_card":"summary_large_image","twitter_creator":"@italpassion","twitter_site":"@italpassion","schema":{"@context":"https:\/\/schema.org","@graph":[{"@type":"NewsArticle","@id":"https:\/\/www.italpassion.fr\/de\/stellantis\/1-721-ouvriers-de-lusine-stellantis-qui-fabrique-les-moteurs-v6-vont-etre-au-chomage-partiel-une-annee-de-plus\/#article","isPartOf":{"@id":"https:\/\/www.italpassion.fr\/de\/stellantis\/1-721-ouvriers-de-lusine-stellantis-qui-fabrique-les-moteurs-v6-vont-etre-au-chomage-partiel-une-annee-de-plus\/"},"author":{"name":"Alexandre Filluzeau","@id":"https:\/\/www.italpassion.fr\/de\/#\/schema\/person\/36f747b2a759ca202d847e85a9434ca0"},"headline":"1 721 ouvriers de l&rsquo;usine Stellantis qui fabrique les moteurs V6 vont \u00eatre au ch\u00f4mage partiel une ann\u00e9e de plus","datePublished":"2026-08-31T06:53:24+00:00","mainEntityOfPage":{"@id":"https:\/\/www.italpassion.fr\/de\/stellantis\/1-721-ouvriers-de-lusine-stellantis-qui-fabrique-les-moteurs-v6-vont-etre-au-chomage-partiel-une-annee-de-plus\/"},"wordCount":627,"commentCount":0,"publisher":{"@id":"https:\/\/www.italpassion.fr\/de\/#organization"},"image":{"@id":"https:\/\/www.italpassion.fr\/de\/stellantis\/1-721-ouvriers-de-lusine-stellantis-qui-fabrique-les-moteurs-v6-vont-etre-au-chomage-partiel-une-annee-de-plus\/#primaryimage"},"thumbnailUrl":"https:\/\/www.italpassion.fr\/wp-content\/uploads\/2026\/08\/v6-alfa.jpg","keywords":["Termoli"],"articleSection":["Stellantis"],"inLanguage":"de","potentialAction":[{"@type":"CommentAction","name":"Comment","target":["https:\/\/www.italpassion.fr\/de\/stellantis\/1-721-ouvriers-de-lusine-stellantis-qui-fabrique-les-moteurs-v6-vont-etre-au-chomage-partiel-une-annee-de-plus\/#respond"]}]},{"@type":"WebPage","@id":"https:\/\/www.italpassion.fr\/de\/stellantis\/1-721-ouvriers-de-lusine-stellantis-qui-fabrique-les-moteurs-v6-vont-etre-au-chomage-partiel-une-annee-de-plus\/","url":"https:\/\/www.italpassion.fr\/de\/stellantis\/1-721-ouvriers-de-lusine-stellantis-qui-fabrique-les-moteurs-v6-vont-etre-au-chomage-partiel-une-annee-de-plus\/","name":"1.721 Arbeiter des Stellantis-Werks, in dem V6-Motoren hergestellt werden, werden ein weiteres Jahr in Kurzarbeit sein \u2013 ItalPassion","isPartOf":{"@id":"https:\/\/www.italpassion.fr\/de\/#website"},"primaryImageOfPage":{"@id":"https:\/\/www.italpassion.fr\/de\/stellantis\/1-721-ouvriers-de-lusine-stellantis-qui-fabrique-les-moteurs-v6-vont-etre-au-chomage-partiel-une-annee-de-plus\/#primaryimage"},"image":{"@id":"https:\/\/www.italpassion.fr\/de\/stellantis\/1-721-ouvriers-de-lusine-stellantis-qui-fabrique-les-moteurs-v6-vont-etre-au-chomage-partiel-une-annee-de-plus\/#primaryimage"},"thumbnailUrl":"https:\/\/www.italpassion.fr\/wp-content\/uploads\/2026\/08\/v6-alfa.jpg","datePublished":"2026-08-31T06:53:24+00:00","description":"Der Alfa-Romeo-V6-Motor wird im Werk Termoli montiert. Das Stellantis-Werk in Termoli muss sich noch etwas gedulden, bis es wieder sein gewohntes Produktionsniveau erreicht.","breadcrumb":{"@id":"https:\/\/www.italpassion.fr\/de\/stellantis\/1-721-ouvriers-de-lusine-stellantis-qui-fabrique-les-moteurs-v6-vont-etre-au-chomage-partiel-une-annee-de-plus\/#breadcrumb"},"inLanguage":"de","potentialAction":[{"@type":"ReadAction","target":["https:\/\/www.italpassion.fr\/de\/stellantis\/1-721-ouvriers-de-lusine-stellantis-qui-fabrique-les-moteurs-v6-vont-etre-au-chomage-partiel-une-annee-de-plus\/"]}]},{"@type":"ImageObject","inLanguage":"de","@id":"https:\/\/www.italpassion.fr\/de\/stellantis\/1-721-ouvriers-de-lusine-stellantis-qui-fabrique-les-moteurs-v6-vont-etre-au-chomage-partiel-une-annee-de-plus\/#primaryimage","url":"https:\/\/www.italpassion.fr\/wp-content\/uploads\/2026\/08\/v6-alfa.jpg","contentUrl":"https:\/\/www.italpassion.fr\/wp-content\/uploads\/2026\/08\/v6-alfa.jpg","width":1200,"height":800},{"@type":"BreadcrumbList","@id":"https:\/\/www.italpassion.fr\/de\/stellantis\/1-721-ouvriers-de-lusine-stellantis-qui-fabrique-les-moteurs-v6-vont-etre-au-chomage-partiel-une-annee-de-plus\/#breadcrumb","itemListElement":[{"@type":"ListItem","position":1,"name":"Accueil","item":"https:\/\/www.italpassion.fr\/de\/"},{"@type":"ListItem","position":2,"name":"1 721 ouvriers de l&rsquo;usine Stellantis qui fabrique les moteurs V6 vont \u00eatre au ch\u00f4mage partiel une ann\u00e9e de plus"}]},{"@type":"WebSite","@id":"https:\/\/www.italpassion.fr\/de\/#website","url":"https:\/\/www.italpassion.fr\/de\/","name":"ItalPassion","description":"Die Liebhaber italienischer Autos","publisher":{"@id":"https:\/\/www.italpassion.fr\/de\/#organization"},"potentialAction":[{"@type":"SearchAction","target":{"@type":"EntryPoint","urlTemplate":"https:\/\/www.italpassion.fr\/de\/?s={search_term_string}"},"query-input":{"@type":"PropertyValueSpecification","valueRequired":true,"valueName":"search_term_string"}}],"inLanguage":"de"},{"@type":"Organization","@id":"https:\/\/www.italpassion.fr\/de\/#organization","name":"Italpassion","url":"https:\/\/www.italpassion.fr\/de\/","logo":{"@type":"ImageObject","inLanguage":"de","@id":"https:\/\/www.italpassion.fr\/de\/#\/schema\/logo\/image\/","url":"https:\/\/www.italpassion.fr\/wp-content\/uploads\/2023\/07\/italpassion-yoast.jpg","contentUrl":"https:\/\/www.italpassion.fr\/wp-content\/uploads\/2023\/07\/italpassion-yoast.jpg","width":696,"height":696,"caption":"Italpassion"},"image":{"@id":"https:\/\/www.italpassion.fr\/de\/#\/schema\/logo\/image\/"},"sameAs":["https:\/\/www.facebook.com\/italpassion","https:\/\/x.com\/italpassion","https:\/\/www.instagram.com\/italpassionfr\/","https:\/\/www.youtube.com\/channel\/UCleq-ByQaA42OjhopwevRjQ","https:\/\/www.facebook.com\/italpassion.en\/","https:\/\/www.facebook.com\/italpassion.it\/","https:\/\/www.facebook.com\/italpassion.de\/","https:\/\/www.facebook.com\/italpassion.ja\/"]},{"@type":"Person","@id":"https:\/\/www.italpassion.fr\/de\/#\/schema\/person\/36f747b2a759ca202d847e85a9434ca0","name":"Alexandre Filluzeau","image":{"@type":"ImageObject","inLanguage":"de","@id":"https:\/\/www.italpassion.fr\/de\/#\/schema\/person\/image\/","url":"https:\/\/www.italpassion.fr\/wp-content\/uploads\/2025\/04\/avatar-alexandre-160x160.jpg","contentUrl":"https:\/\/www.italpassion.fr\/wp-content\/uploads\/2025\/04\/avatar-alexandre-160x160.jpg","caption":"Alexandre Filluzeau"},"description":"Gr\u00fcnder der Website ItalPassion, leidenschaftlicher Fan von italienischen Autos und Italien im Allgemeinen. Ich bringe einen kritischen und technischen Blick auf die Nachrichten der italienischen Marken, wann immer es m\u00f6glich ist. Besitzer eines Maserati GranTurismo, Alfa Romeo MiTo, Lancia Fulvia und Ducati 695. Ex-Besitzer einer Alfa Romeo Giulia.","sameAs":["https:\/\/www.italpassion.fr\/"],"url":"https:\/\/www.italpassion.fr\/de\/author\/alexandre\/"}]}},"_links":{"self":[{"href":"https:\/\/www.italpassion.fr\/de\/wp-json\/wp\/v2\/posts\/53601","targetHints":{"allow":["GET"]}}],"collection":[{"href":"https:\/\/www.italpassion.fr\/de\/wp-json\/wp\/v2\/posts"}],"about":[{"href":"https:\/\/www.italpassion.fr\/de\/wp-json\/wp\/v2\/types\/post"}],"author":[{"embeddable":true,"href":"https:\/\/www.italpassion.fr\/de\/wp-json\/wp\/v2\/users\/1"}],"replies":[{"embeddable":true,"href":"https:\/\/www.italpassion.fr\/de\/wp-json\/wp\/v2\/comments?post=53601"}],"version-history":[{"count":3,"href":"https:\/\/www.italpassion.fr\/de\/wp-json\/wp\/v2\/posts\/53601\/revisions"}],"predecessor-version":[{"id":53766,"href":"https:\/\/www.italpassion.fr\/de\/wp-json\/wp\/v2\/posts\/53601\/revisions\/53766"}],"wp:featuredmedia":[{"embeddable":true,"href":"https:\/\/www.italpassion.fr\/de\/wp-json\/wp\/v2\/media\/53765"}],"wp:attachment":[{"href":"https:\/\/www.italpassion.fr\/de\/wp-json\/wp\/v2\/media?parent=53601"}],"wp:term":[{"taxonomy":"category","embeddable":true,"href":"https:\/\/www.italpassion.fr\/de\/wp-json\/wp\/v2\/categories?post=53601"},{"taxonomy":"post_tag","embeddable":true,"href":"https:\/\/www.italpassion.fr\/de\/wp-json\/wp\/v2\/tags?post=53601"}],"curies":[{"name":"wp","href":"https:\/\/api.w.org\/{rel}","templated":true}]}}