{"id":49487,"date":"2026-04-30T10:05:43","date_gmt":"2026-04-30T08:05:43","guid":{"rendered":"https:\/\/www.italpassion.fr\/?p=49487"},"modified":"2026-04-30T09:38:19","modified_gmt":"2026-04-30T07:38:19","slug":"2-jahre-nach-der-einfuhrung-von-alfa-romeo-werden-die-bestellungen-fur-den-junior-bekannt-gegeben-die-anzahl-wird-die-alfisti-uberraschen","status":"publish","type":"post","link":"https:\/\/www.italpassion.fr\/de\/alfa-romeo\/2-ans-apres-son-lancement-alfa-romeo-devoile-les-commandes-du-junior-le-nombre-va-surprendre-les-alfistes\/","title":{"rendered":"2 Jahre nach seiner Einf\u00fchrung enth\u00fcllt Alfa Romeo die Steuerungen des Junior... die Zahl wird die Alfisti \u00fcberraschen"},"content":{"rendered":"<figure class=\"wp-block-image size-full\"><img loading=\"lazy\" decoding=\"async\" width=\"1200\" height=\"800\" src=\"https:\/\/www.italpassion.fr\/wp-content\/uploads\/2026\/04\/alfa-romeo-milano.jpg\" alt=\"\" class=\"wp-image-49488\" srcset=\"https:\/\/www.italpassion.fr\/wp-content\/uploads\/2026\/04\/alfa-romeo-milano.jpg 1200w, https:\/\/www.italpassion.fr\/wp-content\/uploads\/2026\/04\/alfa-romeo-milano-420x280.jpg 420w, https:\/\/www.italpassion.fr\/wp-content\/uploads\/2026\/04\/alfa-romeo-milano-768x512.jpg 768w, https:\/\/www.italpassion.fr\/wp-content\/uploads\/2026\/04\/alfa-romeo-milano-18x12.jpg 18w\" sizes=\"auto, (max-width: 1200px) 100vw, 1200px\" \/><figcaption class=\"wp-element-caption\">Vor zwei Jahren, als der Alfa Romeo Junior noch Milano hie\u00df.<\/figcaption><\/figure>\n\n\n\n<p>Zwei Jahre nach seiner Einf\u00fchrung ist der <a href=\"https:\/\/www.italpassion.fr\/de\/autos\/alfa-romeo-junior\/\">Alfa Romeo Junior<\/a> \u00fcberschreitet einen symbolischen Meilenstein. Mit mehr als 70 000 eingegangenen Bestellungen weltweit, <a href=\"https:\/\/www.italpassion.fr\/de\/alfa-romeo\/\">Alfa Romeo<\/a> hebt einen \u201cinternationalen Erfolg\u201d f\u00fcr den Mann hervor, der die Marke wiederbeleben sollte. Aber hinter dieser schmeichelhaften Zahl ist die Realit\u00e4t nuancierter. Denn obwohl der Junior eindeutig das Volumen rettet, verwandelt er Alfa Romeo noch nicht.<\/p>\n\n\n\n<h2 class=\"wp-block-heading\">Ein stetiger Fortschritt...<\/h2>\n\n\n\n<p>Seit seinem Start im Fr\u00fchjahr 2024 hat der Junior nur schrittweise an Fahrt aufgenommen. Die Bestellungen liefen im Herbst 2024 richtig an und folgten dann einem recht linearen Verlauf.<\/p>\n\n\n\n<p>Im M\u00e4rz 2025 erreichte das Modell bereits 27 000 Bestellungen, wenige Tage sp\u00e4ter 30 000. Im Sommer 2025 wurde die 40 000er-Marke \u00fcberschritten, bevor ein langsamer Anstieg auf 45 000 bis Ende Juli folgte. Danach sollte es bis Anfang 2026 dauern, bis 60 000 Bestellungen vorlagen, und bis April 2026, bis die 70 000-Marke \u00fcberschritten wurde.<\/p>\n\n\n\n<figure class=\"wp-block-image size-full\"><img loading=\"lazy\" decoding=\"async\" width=\"1200\" height=\"531\" src=\"https:\/\/www.italpassion.fr\/wp-content\/uploads\/2026\/04\/courbe-commandes.jpg\" alt=\"\" class=\"wp-image-49504\" srcset=\"https:\/\/www.italpassion.fr\/wp-content\/uploads\/2026\/04\/courbe-commandes.jpg 1200w, https:\/\/www.italpassion.fr\/wp-content\/uploads\/2026\/04\/courbe-commandes-420x186.jpg 420w, https:\/\/www.italpassion.fr\/wp-content\/uploads\/2026\/04\/courbe-commandes-768x340.jpg 768w, https:\/\/www.italpassion.fr\/wp-content\/uploads\/2026\/04\/courbe-commandes-18x8.jpg 18w\" sizes=\"auto, (max-width: 1200px) 100vw, 1200px\" \/><figcaption class=\"wp-element-caption\">Italpassion-Daten<\/figcaption><\/figure>\n\n\n\n<p>Mit anderen Worten, \u00fcber zwei Jahre hinweg ist der Rhythmus klar: etwa 30 000 bis 35 000 Bestellungen pro Jahr. Das ist ein stabiles Niveau, aber weit entfernt von einem massiven kommerziellen Ph\u00e4nomen. Es handelt sich eher um ein Modell, das sich langfristig etabliert, als um einen Bestseller, der explodiert.<\/p>\n\n\n\n<h2 class=\"wp-block-heading\">Das Modell, das f\u00fcr Alfa Romeo unentbehrlich geworden ist<\/h2>\n\n\n\n<p>Eines muss man jedoch zugeben: Ohne den Junior w\u00e4re die Situation von Alfa Romeo viel komplizierter. Im Jahr 2025 hatte die Marke insgesamt <a href=\"https:\/\/www.italpassion.fr\/de\/alfa-romeo\/alfa-romeo-macht-2025-fortschritte-bleibt-aber-in-der-gleichen-dimension-stecken\/\">ca. 73.000 weltweite Verk\u00e4ufe<\/a>. Allein der Junior machte damals schon fast 60 000 Bestellungen aus. Auch heute noch, im Jahr 2026, wird der kleine SUV <a href=\"https:\/\/www.italpassion.fr\/de\/alfa-romeo\/der-junior-rettet-alfa-romeo-aber-der-tonale-erschlagt-sich-trotz-restyling\/\">dominiert sehr stark bei den Registrierungen<\/a> in fast allen M\u00e4rkten. In Italien, Frankreich oder Deutschland macht es oft zwischen 60 % und 80 % des Volumens aus. Diese \u00fcberw\u00e4ltigende Dominanz zeigt, wie sehr die Marke mittlerweile von diesem Modell abh\u00e4ngig ist, um ihre Verk\u00e4ufe aufrechtzuerhalten.<\/p>\n\n\n\n<p>Der Junior erf\u00fcllt also perfekt seinen urspr\u00fcnglichen Zweck: Volumen zu schaffen und einen pl\u00f6tzlichen Absturz zu verhindern.<\/p>\n\n\n\n<h2 class=\"wp-block-heading\">Internationaler Erfolg im Aufbau<\/h2>\n\n\n\n<p>Alfa Romeo betont nun die internationale Expansion des Modells. Die k\u00fcrzlich erfolgte Markteinf\u00fchrung in Mexiko und Singapur, die von Santo Ficili best\u00e4tigt wurde, verdeutlicht diese Strategie. In Singapur wurde die Elektroversion hervorgehoben, deren Auslieferung bis Ende des zweiten Quartals 2026 erwartet wird. Die Marke setzt dort sogar ein eigenes \u201cExperience Center\u201d ein, was ihre Ambitionen beweist, ein globaleres Image aufzubauen.<\/p>\n\n\n\n<p>Diese neuen M\u00e4rkte k\u00f6nnen die kommerzielle Dynamik des Juniors verl\u00e4ngern. Sie kommen aber auch zu einem Schl\u00fcsselmoment: dem Moment, in dem das Modell in seinen historischen M\u00e4rkten bereits ein Plateau erreicht zu haben scheint.<\/p>\n\n\n\n<h2 class=\"wp-block-heading\">Der Junior plafoniert bereits... und reicht nicht mehr aus<\/h2>\n\n\n\n<p>Denn genau hier liegt die Grenze des derzeitigen Erfolgs. Nachdem sie das Wachstum bis 2025 getragen hat, <a href=\"https:\/\/www.italpassion.fr\/de\/alfa-romeo\/der-junior-rettet-alfa-romeo-aber-der-tonale-erschlagt-sich-trotz-restyling\/\">der Junior zeigt Anzeichen f\u00fcr eine Stabilisierung im Jahr 2026<\/a>. In mehreren europ\u00e4ischen L\u00e4ndern w\u00e4chst sein Volumen nicht mehr wirklich. Das Modell h\u00e4lt das Haus zusammen, l\u00e4sst es aber nicht mehr wachsen. Das Problem ist, dass es nichts dahinter gibt.<\/p>\n\n\n\n<p>Der Alfa Romeo Tonale bricht trotz seines Restylings ein. Die Alfa Romeo Giulia und der Alfa Romeo Stelvio sind bei den St\u00fcckzahlen zu einer Randerscheinung geworden. Das Ergebnis: Die Marke bleibt bei rund 70.000 Jahreszulassungen stecken. Selbst mit einem soliden Junior gelingt es Alfa Romeo nicht, einen Meilenstein zu erreichen.<\/p>\n\n\n\n<h2 class=\"wp-block-heading\">Ein relativer Erfolg, keine Revolution<\/h2>\n\n\n\n<p>Also: Erfolg oder Misserfolg? Die Antwort liegt irgendwo dazwischen. Ja, der Alfa Romeo Junior ist ein Erfolg. Er hat es Alfa Romeo erm\u00f6glicht, seine Verk\u00e4ufe zu stabilisieren, seinen Kundenkreis zu erweitern und in bestimmte M\u00e4rkte zur\u00fcckzukehren. Nur wenige neuere Modelle der Marke k\u00f6nnen dies von sich behaupten.<\/p>\n\n\n\n<p>Aber nein, es ist kein transformativer Erfolg. Mit rund 30 000 Bestellungen pro Jahr bleibt er weit hinter den Standards eines echten Weltbestsellers zur\u00fcck. Vor allem reichte er nicht aus, um die Schw\u00e4che der \u00fcbrigen Produktpalette auszugleichen. Zwei Jahre sp\u00e4ter ist die Lage also klar: Der Junior rettet Alfa Romeo... aber er bringt es nicht wieder in Schwung.<\/p>\n\n\n\n<p>Und ohne neue gro\u00dfe Modelle vor 2027 oder 2028 k\u00f6nnte die italienische Marke noch lange in dieser Grauzone zwischen kontrolliertem \u00dcberleben und echter Renaissance bleiben. <\/p>\n\n\n\n<p>Zur Erinnerung: Unser Video von vor zwei Jahren, als wir den Alfa Romeo Junior vorstellten, als er noch Milano hie\u00df!<\/p>\n\n\n\n<figure class=\"wp-block-embed is-type-video is-provider-youtube wp-block-embed-youtube wp-embed-aspect-16-9 wp-has-aspect-ratio\"><div class=\"wp-block-embed__wrapper\">\n<iframe loading=\"lazy\" title=\"Alfa Romeo Milano: Pr\u00e4sentation au\u00dfen und innen\" width=\"1200\" height=\"675\" src=\"https:\/\/www.youtube-nocookie.com\/embed\/bTHZ05vYU-M?feature=oembed\" frameborder=\"0\" allow=\"accelerometer; autoplay; clipboard-write; encrypted-media; gyroscope; picture-in-picture; web-share\" referrerpolicy=\"strict-origin-when-cross-origin\" allowfullscreen><\/iframe>\n<\/div><\/figure>","protected":false},"excerpt":{"rendered":"","protected":false},"author":1,"featured_media":49488,"comment_status":"open","ping_status":"open","sticky":false,"template":"","format":"standard","meta":{"_acf_changed":false,"_sitemap_exclude":false,"_sitemap_priority":"","_sitemap_frequency":"","footnotes":""},"categories":[22],"tags":[403],"class_list":["post-49487","post","type-post","status-publish","format-standard","has-post-thumbnail","hentry","category-alfa-romeo","tag-alfa-romeo-junior","generate-columns","tablet-grid-50","mobile-grid-100","grid-parent","grid-33"],"acf":[],"yoast_head":"<!-- This site is optimized with the Yoast SEO plugin v25.8 - https:\/\/yoast.com\/wordpress\/plugins\/seo\/ -->\n<title>2 ans apr\u00e8s son lancement, Alfa Romeo d\u00e9voile les commandes du Junior\u2026 le nombre va surprendre les Alfistes - ItalPassion<\/title>\n<meta name=\"description\" content=\"Il y a 2 ans, quand l&#039;Alfa Romeo Junior s&#039;appellait Milano. Deux ans apr\u00e8s son lancement, le Alfa Romeo Junior franchit un cap symbolique. Avec plus de 70\" \/>\n<meta name=\"robots\" content=\"index, follow, max-snippet:-1, max-image-preview:large, max-video-preview:-1\" \/>\n<link rel=\"canonical\" href=\"https:\/\/www.italpassion.fr\/de\/alfa-romeo\/2-jahre-nach-der-einfuhrung-von-alfa-romeo-werden-die-bestellungen-fur-den-junior-bekannt-gegeben-die-anzahl-wird-die-alfisti-uberraschen\/\" \/>\n<meta property=\"og:locale\" content=\"de_DE\" \/>\n<meta property=\"og:type\" content=\"article\" \/>\n<meta property=\"og:title\" content=\"2 ans apr\u00e8s son lancement, Alfa Romeo d\u00e9voile les commandes du Junior\u2026 le nombre va surprendre les Alfistes - ItalPassion\" \/>\n<meta property=\"og:description\" content=\"Il y a 2 ans, quand l&#039;Alfa Romeo Junior s&#039;appellait Milano. Deux ans apr\u00e8s son lancement, le Alfa Romeo Junior franchit un cap symbolique. Avec plus de 70\" \/>\n<meta property=\"og:url\" content=\"https:\/\/www.italpassion.fr\/de\/alfa-romeo\/2-jahre-nach-der-einfuhrung-von-alfa-romeo-werden-die-bestellungen-fur-den-junior-bekannt-gegeben-die-anzahl-wird-die-alfisti-uberraschen\/\" \/>\n<meta property=\"og:site_name\" content=\"ItalPassion\" \/>\n<meta property=\"article:publisher\" content=\"https:\/\/www.facebook.com\/italpassion\" \/>\n<meta property=\"article:published_time\" content=\"2026-04-30T08:05:43+00:00\" \/>\n<meta property=\"og:image\" content=\"https:\/\/www.italpassion.fr\/wp-content\/uploads\/2026\/04\/alfa-romeo-milano.jpg\" \/>\n\t<meta property=\"og:image:width\" content=\"1200\" \/>\n\t<meta property=\"og:image:height\" content=\"800\" \/>\n\t<meta property=\"og:image:type\" content=\"image\/jpeg\" \/>\n<meta name=\"author\" content=\"Alexandre Filluzeau\" \/>\n<meta name=\"twitter:card\" content=\"summary_large_image\" \/>\n<meta name=\"twitter:creator\" content=\"@italpassion\" \/>\n<meta name=\"twitter:site\" content=\"@italpassion\" \/>\n<script type=\"application\/ld+json\" class=\"yoast-schema-graph\">{\"@context\":\"https:\/\/schema.org\",\"@graph\":[{\"@type\":\"NewsArticle\",\"@id\":\"https:\/\/www.italpassion.fr\/de\/alfa-romeo\/2-ans-apres-son-lancement-alfa-romeo-devoile-les-commandes-du-junior-le-nombre-va-surprendre-les-alfistes\/#article\",\"isPartOf\":{\"@id\":\"https:\/\/www.italpassion.fr\/de\/alfa-romeo\/2-ans-apres-son-lancement-alfa-romeo-devoile-les-commandes-du-junior-le-nombre-va-surprendre-les-alfistes\/\"},\"author\":{\"name\":\"Alexandre Filluzeau\",\"@id\":\"https:\/\/www.italpassion.fr\/de\/#\/schema\/person\/36f747b2a759ca202d847e85a9434ca0\"},\"headline\":\"2 ans apr\u00e8s son lancement, Alfa Romeo d\u00e9voile les commandes du Junior\u2026 le nombre va surprendre les Alfistes\",\"datePublished\":\"2026-04-30T08:05:43+00:00\",\"mainEntityOfPage\":{\"@id\":\"https:\/\/www.italpassion.fr\/de\/alfa-romeo\/2-ans-apres-son-lancement-alfa-romeo-devoile-les-commandes-du-junior-le-nombre-va-surprendre-les-alfistes\/\"},\"wordCount\":765,\"commentCount\":3,\"publisher\":{\"@id\":\"https:\/\/www.italpassion.fr\/de\/#organization\"},\"image\":{\"@id\":\"https:\/\/www.italpassion.fr\/de\/alfa-romeo\/2-ans-apres-son-lancement-alfa-romeo-devoile-les-commandes-du-junior-le-nombre-va-surprendre-les-alfistes\/#primaryimage\"},\"thumbnailUrl\":\"https:\/\/www.italpassion.fr\/wp-content\/uploads\/2026\/04\/alfa-romeo-milano.jpg\",\"keywords\":[\"Alfa Romeo Junior\"],\"articleSection\":[\"Alfa Romeo\"],\"inLanguage\":\"de\",\"potentialAction\":[{\"@type\":\"CommentAction\",\"name\":\"Comment\",\"target\":[\"https:\/\/www.italpassion.fr\/de\/alfa-romeo\/2-ans-apres-son-lancement-alfa-romeo-devoile-les-commandes-du-junior-le-nombre-va-surprendre-les-alfistes\/#respond\"]}]},{\"@type\":\"WebPage\",\"@id\":\"https:\/\/www.italpassion.fr\/de\/alfa-romeo\/2-ans-apres-son-lancement-alfa-romeo-devoile-les-commandes-du-junior-le-nombre-va-surprendre-les-alfistes\/\",\"url\":\"https:\/\/www.italpassion.fr\/de\/alfa-romeo\/2-ans-apres-son-lancement-alfa-romeo-devoile-les-commandes-du-junior-le-nombre-va-surprendre-les-alfistes\/\",\"name\":\"2 ans apr\u00e8s son lancement, Alfa Romeo d\u00e9voile les commandes du Junior\u2026 le nombre va surprendre les Alfistes - ItalPassion\",\"isPartOf\":{\"@id\":\"https:\/\/www.italpassion.fr\/de\/#website\"},\"primaryImageOfPage\":{\"@id\":\"https:\/\/www.italpassion.fr\/de\/alfa-romeo\/2-ans-apres-son-lancement-alfa-romeo-devoile-les-commandes-du-junior-le-nombre-va-surprendre-les-alfistes\/#primaryimage\"},\"image\":{\"@id\":\"https:\/\/www.italpassion.fr\/de\/alfa-romeo\/2-ans-apres-son-lancement-alfa-romeo-devoile-les-commandes-du-junior-le-nombre-va-surprendre-les-alfistes\/#primaryimage\"},\"thumbnailUrl\":\"https:\/\/www.italpassion.fr\/wp-content\/uploads\/2026\/04\/alfa-romeo-milano.jpg\",\"datePublished\":\"2026-04-30T08:05:43+00:00\",\"description\":\"Il y a 2 ans, quand l'Alfa Romeo Junior s'appellait Milano. Deux ans apr\u00e8s son lancement, le Alfa Romeo Junior franchit un cap symbolique. Avec plus de 70\",\"breadcrumb\":{\"@id\":\"https:\/\/www.italpassion.fr\/de\/alfa-romeo\/2-ans-apres-son-lancement-alfa-romeo-devoile-les-commandes-du-junior-le-nombre-va-surprendre-les-alfistes\/#breadcrumb\"},\"inLanguage\":\"de\",\"potentialAction\":[{\"@type\":\"ReadAction\",\"target\":[\"https:\/\/www.italpassion.fr\/de\/alfa-romeo\/2-ans-apres-son-lancement-alfa-romeo-devoile-les-commandes-du-junior-le-nombre-va-surprendre-les-alfistes\/\"]}]},{\"@type\":\"ImageObject\",\"inLanguage\":\"de\",\"@id\":\"https:\/\/www.italpassion.fr\/de\/alfa-romeo\/2-ans-apres-son-lancement-alfa-romeo-devoile-les-commandes-du-junior-le-nombre-va-surprendre-les-alfistes\/#primaryimage\",\"url\":\"https:\/\/www.italpassion.fr\/wp-content\/uploads\/2026\/04\/alfa-romeo-milano.jpg\",\"contentUrl\":\"https:\/\/www.italpassion.fr\/wp-content\/uploads\/2026\/04\/alfa-romeo-milano.jpg\",\"width\":1200,\"height\":800},{\"@type\":\"BreadcrumbList\",\"@id\":\"https:\/\/www.italpassion.fr\/de\/alfa-romeo\/2-ans-apres-son-lancement-alfa-romeo-devoile-les-commandes-du-junior-le-nombre-va-surprendre-les-alfistes\/#breadcrumb\",\"itemListElement\":[{\"@type\":\"ListItem\",\"position\":1,\"name\":\"Accueil\",\"item\":\"https:\/\/www.italpassion.fr\/de\/\"},{\"@type\":\"ListItem\",\"position\":2,\"name\":\"2 ans apr\u00e8s son lancement, Alfa Romeo d\u00e9voile les commandes du Junior\u2026 le nombre va surprendre les Alfistes\"}]},{\"@type\":\"WebSite\",\"@id\":\"https:\/\/www.italpassion.fr\/de\/#website\",\"url\":\"https:\/\/www.italpassion.fr\/de\/\",\"name\":\"ItalPassion\",\"description\":\"Les Passionn\u00e9s d&#039;Automobiles Italiennes\",\"publisher\":{\"@id\":\"https:\/\/www.italpassion.fr\/de\/#organization\"},\"potentialAction\":[{\"@type\":\"SearchAction\",\"target\":{\"@type\":\"EntryPoint\",\"urlTemplate\":\"https:\/\/www.italpassion.fr\/de\/?s={search_term_string}\"},\"query-input\":{\"@type\":\"PropertyValueSpecification\",\"valueRequired\":true,\"valueName\":\"search_term_string\"}}],\"inLanguage\":\"de\"},{\"@type\":\"Organization\",\"@id\":\"https:\/\/www.italpassion.fr\/de\/#organization\",\"name\":\"Italpassion\",\"url\":\"https:\/\/www.italpassion.fr\/de\/\",\"logo\":{\"@type\":\"ImageObject\",\"inLanguage\":\"de\",\"@id\":\"https:\/\/www.italpassion.fr\/de\/#\/schema\/logo\/image\/\",\"url\":\"https:\/\/www.italpassion.fr\/wp-content\/uploads\/2023\/07\/italpassion-yoast.jpg\",\"contentUrl\":\"https:\/\/www.italpassion.fr\/wp-content\/uploads\/2023\/07\/italpassion-yoast.jpg\",\"width\":696,\"height\":696,\"caption\":\"Italpassion\"},\"image\":{\"@id\":\"https:\/\/www.italpassion.fr\/de\/#\/schema\/logo\/image\/\"},\"sameAs\":[\"https:\/\/www.facebook.com\/italpassion\",\"https:\/\/x.com\/italpassion\",\"https:\/\/www.instagram.com\/italpassionfr\/\",\"https:\/\/www.youtube.com\/channel\/UCleq-ByQaA42OjhopwevRjQ\",\"https:\/\/www.facebook.com\/italpassion.en\/\",\"https:\/\/www.facebook.com\/italpassion.it\/\",\"https:\/\/www.facebook.com\/italpassion.de\/\",\"https:\/\/www.facebook.com\/italpassion.ja\/\"]},{\"@type\":\"Person\",\"@id\":\"https:\/\/www.italpassion.fr\/de\/#\/schema\/person\/36f747b2a759ca202d847e85a9434ca0\",\"name\":\"Alexandre Filluzeau\",\"image\":{\"@type\":\"ImageObject\",\"inLanguage\":\"de\",\"@id\":\"https:\/\/www.italpassion.fr\/de\/#\/schema\/person\/image\/\",\"url\":\"https:\/\/www.italpassion.fr\/wp-content\/uploads\/2025\/04\/avatar-alexandre-160x160.jpg\",\"contentUrl\":\"https:\/\/www.italpassion.fr\/wp-content\/uploads\/2025\/04\/avatar-alexandre-160x160.jpg\",\"caption\":\"Alexandre Filluzeau\"},\"description\":\"Fondateur du site ItalPassion, passionn\u00e9 de voitures italiennes et de l'Italie en g\u00e9n\u00e9ral. J'apporte un regard critique et technique aux actualit\u00e9s des marques italiennes quand cela est possible. Propri\u00e9taire d'une Maserati GranTurismo, Alfa Romeo MiTo, Lancia Fulvia et Ducati 695. Ex-propri\u00e9taire d'une Alfa Romeo Giulia.\",\"sameAs\":[\"https:\/\/www.italpassion.fr\/\"],\"url\":\"https:\/\/www.italpassion.fr\/de\/author\/alexandre\/\"}]}<\/script>\n<!-- \/ Yoast SEO plugin. -->","yoast_head_json":{"title":"2 Jahre nach seiner Einf\u00fchrung enth\u00fcllt Alfa Romeo die Steuerungen des Junior... die Zahl wird die Alfisti \u00fcberraschen - ItalPassion","description":"Vor zwei Jahren, als der Alfa Romeo Junior noch Milano hie\u00df. Zwei Jahre nach seiner Einf\u00fchrung \u00fcberschreitet der Alfa Romeo Junior einen symbolischen Meilenstein. Mit \u00fcber 70","robots":{"index":"index","follow":"follow","max-snippet":"max-snippet:-1","max-image-preview":"max-image-preview:large","max-video-preview":"max-video-preview:-1"},"canonical":"https:\/\/www.italpassion.fr\/de\/alfa-romeo\/2-jahre-nach-der-einfuhrung-von-alfa-romeo-werden-die-bestellungen-fur-den-junior-bekannt-gegeben-die-anzahl-wird-die-alfisti-uberraschen\/","og_locale":"de_DE","og_type":"article","og_title":"2 ans apr\u00e8s son lancement, Alfa Romeo d\u00e9voile les commandes du Junior\u2026 le nombre va surprendre les Alfistes - ItalPassion","og_description":"Il y a 2 ans, quand l'Alfa Romeo Junior s'appellait Milano. Deux ans apr\u00e8s son lancement, le Alfa Romeo Junior franchit un cap symbolique. Avec plus de 70","og_url":"https:\/\/www.italpassion.fr\/de\/alfa-romeo\/2-jahre-nach-der-einfuhrung-von-alfa-romeo-werden-die-bestellungen-fur-den-junior-bekannt-gegeben-die-anzahl-wird-die-alfisti-uberraschen\/","og_site_name":"ItalPassion","article_publisher":"https:\/\/www.facebook.com\/italpassion","article_published_time":"2026-04-30T08:05:43+00:00","og_image":[{"width":1200,"height":800,"url":"https:\/\/www.italpassion.fr\/wp-content\/uploads\/2026\/04\/alfa-romeo-milano.jpg","type":"image\/jpeg"}],"author":"Alexandre Filluzeau","twitter_card":"summary_large_image","twitter_creator":"@italpassion","twitter_site":"@italpassion","schema":{"@context":"https:\/\/schema.org","@graph":[{"@type":"NewsArticle","@id":"https:\/\/www.italpassion.fr\/de\/alfa-romeo\/2-ans-apres-son-lancement-alfa-romeo-devoile-les-commandes-du-junior-le-nombre-va-surprendre-les-alfistes\/#article","isPartOf":{"@id":"https:\/\/www.italpassion.fr\/de\/alfa-romeo\/2-ans-apres-son-lancement-alfa-romeo-devoile-les-commandes-du-junior-le-nombre-va-surprendre-les-alfistes\/"},"author":{"name":"Alexandre Filluzeau","@id":"https:\/\/www.italpassion.fr\/de\/#\/schema\/person\/36f747b2a759ca202d847e85a9434ca0"},"headline":"2 ans apr\u00e8s son lancement, Alfa Romeo d\u00e9voile les commandes du Junior\u2026 le nombre va surprendre les Alfistes","datePublished":"2026-04-30T08:05:43+00:00","mainEntityOfPage":{"@id":"https:\/\/www.italpassion.fr\/de\/alfa-romeo\/2-ans-apres-son-lancement-alfa-romeo-devoile-les-commandes-du-junior-le-nombre-va-surprendre-les-alfistes\/"},"wordCount":765,"commentCount":3,"publisher":{"@id":"https:\/\/www.italpassion.fr\/de\/#organization"},"image":{"@id":"https:\/\/www.italpassion.fr\/de\/alfa-romeo\/2-ans-apres-son-lancement-alfa-romeo-devoile-les-commandes-du-junior-le-nombre-va-surprendre-les-alfistes\/#primaryimage"},"thumbnailUrl":"https:\/\/www.italpassion.fr\/wp-content\/uploads\/2026\/04\/alfa-romeo-milano.jpg","keywords":["Alfa Romeo Junior"],"articleSection":["Alfa Romeo"],"inLanguage":"de","potentialAction":[{"@type":"CommentAction","name":"Comment","target":["https:\/\/www.italpassion.fr\/de\/alfa-romeo\/2-ans-apres-son-lancement-alfa-romeo-devoile-les-commandes-du-junior-le-nombre-va-surprendre-les-alfistes\/#respond"]}]},{"@type":"WebPage","@id":"https:\/\/www.italpassion.fr\/de\/alfa-romeo\/2-ans-apres-son-lancement-alfa-romeo-devoile-les-commandes-du-junior-le-nombre-va-surprendre-les-alfistes\/","url":"https:\/\/www.italpassion.fr\/de\/alfa-romeo\/2-ans-apres-son-lancement-alfa-romeo-devoile-les-commandes-du-junior-le-nombre-va-surprendre-les-alfistes\/","name":"2 Jahre nach seiner Einf\u00fchrung enth\u00fcllt Alfa Romeo die Steuerungen des Junior... die Zahl wird die Alfisti \u00fcberraschen - ItalPassion","isPartOf":{"@id":"https:\/\/www.italpassion.fr\/de\/#website"},"primaryImageOfPage":{"@id":"https:\/\/www.italpassion.fr\/de\/alfa-romeo\/2-ans-apres-son-lancement-alfa-romeo-devoile-les-commandes-du-junior-le-nombre-va-surprendre-les-alfistes\/#primaryimage"},"image":{"@id":"https:\/\/www.italpassion.fr\/de\/alfa-romeo\/2-ans-apres-son-lancement-alfa-romeo-devoile-les-commandes-du-junior-le-nombre-va-surprendre-les-alfistes\/#primaryimage"},"thumbnailUrl":"https:\/\/www.italpassion.fr\/wp-content\/uploads\/2026\/04\/alfa-romeo-milano.jpg","datePublished":"2026-04-30T08:05:43+00:00","description":"Vor zwei Jahren, als der Alfa Romeo Junior noch Milano hie\u00df. Zwei Jahre nach seiner Einf\u00fchrung \u00fcberschreitet der Alfa Romeo Junior einen symbolischen Meilenstein. Mit \u00fcber 70","breadcrumb":{"@id":"https:\/\/www.italpassion.fr\/de\/alfa-romeo\/2-ans-apres-son-lancement-alfa-romeo-devoile-les-commandes-du-junior-le-nombre-va-surprendre-les-alfistes\/#breadcrumb"},"inLanguage":"de","potentialAction":[{"@type":"ReadAction","target":["https:\/\/www.italpassion.fr\/de\/alfa-romeo\/2-ans-apres-son-lancement-alfa-romeo-devoile-les-commandes-du-junior-le-nombre-va-surprendre-les-alfistes\/"]}]},{"@type":"ImageObject","inLanguage":"de","@id":"https:\/\/www.italpassion.fr\/de\/alfa-romeo\/2-ans-apres-son-lancement-alfa-romeo-devoile-les-commandes-du-junior-le-nombre-va-surprendre-les-alfistes\/#primaryimage","url":"https:\/\/www.italpassion.fr\/wp-content\/uploads\/2026\/04\/alfa-romeo-milano.jpg","contentUrl":"https:\/\/www.italpassion.fr\/wp-content\/uploads\/2026\/04\/alfa-romeo-milano.jpg","width":1200,"height":800},{"@type":"BreadcrumbList","@id":"https:\/\/www.italpassion.fr\/de\/alfa-romeo\/2-ans-apres-son-lancement-alfa-romeo-devoile-les-commandes-du-junior-le-nombre-va-surprendre-les-alfistes\/#breadcrumb","itemListElement":[{"@type":"ListItem","position":1,"name":"Accueil","item":"https:\/\/www.italpassion.fr\/de\/"},{"@type":"ListItem","position":2,"name":"2 ans apr\u00e8s son lancement, Alfa Romeo d\u00e9voile les commandes du Junior\u2026 le nombre va surprendre les Alfistes"}]},{"@type":"WebSite","@id":"https:\/\/www.italpassion.fr\/de\/#website","url":"https:\/\/www.italpassion.fr\/de\/","name":"ItalPassion","description":"Die Liebhaber italienischer Autos","publisher":{"@id":"https:\/\/www.italpassion.fr\/de\/#organization"},"potentialAction":[{"@type":"SearchAction","target":{"@type":"EntryPoint","urlTemplate":"https:\/\/www.italpassion.fr\/de\/?s={search_term_string}"},"query-input":{"@type":"PropertyValueSpecification","valueRequired":true,"valueName":"search_term_string"}}],"inLanguage":"de"},{"@type":"Organization","@id":"https:\/\/www.italpassion.fr\/de\/#organization","name":"Italpassion","url":"https:\/\/www.italpassion.fr\/de\/","logo":{"@type":"ImageObject","inLanguage":"de","@id":"https:\/\/www.italpassion.fr\/de\/#\/schema\/logo\/image\/","url":"https:\/\/www.italpassion.fr\/wp-content\/uploads\/2023\/07\/italpassion-yoast.jpg","contentUrl":"https:\/\/www.italpassion.fr\/wp-content\/uploads\/2023\/07\/italpassion-yoast.jpg","width":696,"height":696,"caption":"Italpassion"},"image":{"@id":"https:\/\/www.italpassion.fr\/de\/#\/schema\/logo\/image\/"},"sameAs":["https:\/\/www.facebook.com\/italpassion","https:\/\/x.com\/italpassion","https:\/\/www.instagram.com\/italpassionfr\/","https:\/\/www.youtube.com\/channel\/UCleq-ByQaA42OjhopwevRjQ","https:\/\/www.facebook.com\/italpassion.en\/","https:\/\/www.facebook.com\/italpassion.it\/","https:\/\/www.facebook.com\/italpassion.de\/","https:\/\/www.facebook.com\/italpassion.ja\/"]},{"@type":"Person","@id":"https:\/\/www.italpassion.fr\/de\/#\/schema\/person\/36f747b2a759ca202d847e85a9434ca0","name":"Alexandre Filluzeau","image":{"@type":"ImageObject","inLanguage":"de","@id":"https:\/\/www.italpassion.fr\/de\/#\/schema\/person\/image\/","url":"https:\/\/www.italpassion.fr\/wp-content\/uploads\/2025\/04\/avatar-alexandre-160x160.jpg","contentUrl":"https:\/\/www.italpassion.fr\/wp-content\/uploads\/2025\/04\/avatar-alexandre-160x160.jpg","caption":"Alexandre Filluzeau"},"description":"Gr\u00fcnder der Website ItalPassion, leidenschaftlicher Fan von italienischen Autos und Italien im Allgemeinen. Ich bringe einen kritischen und technischen Blick auf die Nachrichten der italienischen Marken, wann immer es m\u00f6glich ist. Besitzer eines Maserati GranTurismo, Alfa Romeo MiTo, Lancia Fulvia und Ducati 695. Ex-Besitzer einer Alfa Romeo Giulia.","sameAs":["https:\/\/www.italpassion.fr\/"],"url":"https:\/\/www.italpassion.fr\/de\/author\/alexandre\/"}]}},"_links":{"self":[{"href":"https:\/\/www.italpassion.fr\/de\/wp-json\/wp\/v2\/posts\/49487","targetHints":{"allow":["GET"]}}],"collection":[{"href":"https:\/\/www.italpassion.fr\/de\/wp-json\/wp\/v2\/posts"}],"about":[{"href":"https:\/\/www.italpassion.fr\/de\/wp-json\/wp\/v2\/types\/post"}],"author":[{"embeddable":true,"href":"https:\/\/www.italpassion.fr\/de\/wp-json\/wp\/v2\/users\/1"}],"replies":[{"embeddable":true,"href":"https:\/\/www.italpassion.fr\/de\/wp-json\/wp\/v2\/comments?post=49487"}],"version-history":[{"count":3,"href":"https:\/\/www.italpassion.fr\/de\/wp-json\/wp\/v2\/posts\/49487\/revisions"}],"predecessor-version":[{"id":49505,"href":"https:\/\/www.italpassion.fr\/de\/wp-json\/wp\/v2\/posts\/49487\/revisions\/49505"}],"wp:featuredmedia":[{"embeddable":true,"href":"https:\/\/www.italpassion.fr\/de\/wp-json\/wp\/v2\/media\/49488"}],"wp:attachment":[{"href":"https:\/\/www.italpassion.fr\/de\/wp-json\/wp\/v2\/media?parent=49487"}],"wp:term":[{"taxonomy":"category","embeddable":true,"href":"https:\/\/www.italpassion.fr\/de\/wp-json\/wp\/v2\/categories?post=49487"},{"taxonomy":"post_tag","embeddable":true,"href":"https:\/\/www.italpassion.fr\/de\/wp-json\/wp\/v2\/tags?post=49487"}],"curies":[{"name":"wp","href":"https:\/\/api.w.org\/{rel}","templated":true}]}}