{"id":49328,"date":"2026-04-28T15:24:37","date_gmt":"2026-04-28T13:24:37","guid":{"rendered":"https:\/\/www.italpassion.fr\/?p=49328"},"modified":"2026-04-28T15:24:15","modified_gmt":"2026-04-28T13:24:15","slug":"der-ferrari-348-wurde-von-der-presse-zerstort-als-er-auf-den-markt-kam","status":"publish","type":"post","link":"https:\/\/www.italpassion.fr\/de\/ferrari\/la-ferrari-348-sest-fait-detruire-par-la-presse-a-sa-sortie-ceux-qui-sy-connaissent-vraiment-en-ont-tous-une\/","title":{"rendered":"Der Ferrari 348 wurde bei seiner Ver\u00f6ffentlichung von der Presse zerst\u00f6rt... \u00abDiejenigen, die sich wirklich auskennen, haben alle einen\u00bb"},"content":{"rendered":"<figure class=\"wp-block-image size-full\"><img loading=\"lazy\" decoding=\"async\" width=\"1200\" height=\"800\" src=\"https:\/\/www.italpassion.fr\/wp-content\/uploads\/2026\/04\/348-jaune.jpg\" alt=\"\" class=\"wp-image-49422\" srcset=\"https:\/\/www.italpassion.fr\/wp-content\/uploads\/2026\/04\/348-jaune.jpg 1200w, https:\/\/www.italpassion.fr\/wp-content\/uploads\/2026\/04\/348-jaune-420x280.jpg 420w, https:\/\/www.italpassion.fr\/wp-content\/uploads\/2026\/04\/348-jaune-768x512.jpg 768w, https:\/\/www.italpassion.fr\/wp-content\/uploads\/2026\/04\/348-jaune-18x12.jpg 18w\" sizes=\"auto, (max-width: 1200px) 100vw, 1200px\" \/><\/figure>\n\n\n\n<p>Als sie in den fr\u00fchen 1990er Jahren auftauchte, war die <a href=\"https:\/\/www.italpassion.fr\/de\/autos\/ferrari-348\/\">Ferrari 348<\/a> hat es nicht leicht. Als Nachfolgerin der eleganten <a href=\"https:\/\/www.italpassion.fr\/de\/autos\/ferrari-412\/\">Ferrari 328<\/a>, schockiert sie sofort. Sein kantigeres, radikaleres Design steht im Gegensatz zu den flie\u00dfenden Linien seines Vorg\u00e4ngers. Die Fachpresse schenkte ihm nichts. Es hagelte Kritik, die sich aber nicht wirklich auf die Leistung bezog. Sie betrafen vor allem seinen Stil, der als zu weit entfernt von den Codes des <a href=\"https:\/\/www.italpassion.fr\/de\/ferrari\/\">Ferrari<\/a>, Er ist ein Mann, der sich nicht an die Regeln h\u00e4lt. Einige Journalisten wiesen auch auf sein als heikel empfundenes Grenzverhalten hin, das einen Ruf n\u00e4hrte, der lange an ihm haften sollte. Diese Ansicht wird heute jedoch weitgehend in Frage gestellt.<\/p>\n\n\n\n<h2 class=\"wp-block-heading\">Ein Ferrari, der noch von Enzo \u201cbest\u00e4tigt\u201d wird<\/h2>\n\n\n\n<p>Der 348 hat jedoch ein gewichtiges Argument in der Geschichte der Marke. Er war einer der letzten Ferraris, die w\u00e4hrend der \u00c4ra von Enzo Ferrari entwickelt wurden. Ein Detail, das logischerweise von Anfang an f\u00fcr ihn h\u00e4tte sprechen m\u00fcssen, das aber damals nicht ausreichte, um ihn zu \u00fcberzeugen. Erst im Laufe der Zeit gewinnt dieses Erbe in den Augen der Enthusiasten an Wert.<\/p>\n\n\n\n<figure class=\"wp-block-image size-full\"><img loading=\"lazy\" decoding=\"async\" width=\"1200\" height=\"800\" src=\"https:\/\/www.italpassion.fr\/wp-content\/uploads\/2026\/04\/348-jaune-1.jpg\" alt=\"\" class=\"wp-image-49423\" srcset=\"https:\/\/www.italpassion.fr\/wp-content\/uploads\/2026\/04\/348-jaune-1.jpg 1200w, https:\/\/www.italpassion.fr\/wp-content\/uploads\/2026\/04\/348-jaune-1-420x280.jpg 420w, https:\/\/www.italpassion.fr\/wp-content\/uploads\/2026\/04\/348-jaune-1-768x512.jpg 768w, https:\/\/www.italpassion.fr\/wp-content\/uploads\/2026\/04\/348-jaune-1-18x12.jpg 18w\" sizes=\"auto, (max-width: 1200px) 100vw, 1200px\" \/><\/figure>\n\n\n\n<h2 class=\"wp-block-heading\">Erfahrung mit altmodischem Fahren<\/h2>\n\n\n\n<p>Was heute am Ferrari 348 auff\u00e4llt, ist genau das, was ihm damals vorgeworfen wurde. Wo moderne Ferraris einfacher und assistentengesteuert geworden sind, verlangt der 348 Engagement. Keine Servolenkung, sehr wenig Elektronik, ein manuelles Getriebe und nur das ABS als Fahrhilfe. Der Fahrer steht im Mittelpunkt von allem. Jede Kurve, jedes Bremsen, jede Beschleunigung erfordert Aufmerksamkeit.<\/p>\n\n\n\n<figure class=\"wp-block-image size-full\"><img loading=\"lazy\" decoding=\"async\" width=\"1200\" height=\"800\" src=\"https:\/\/www.italpassion.fr\/wp-content\/uploads\/2026\/04\/348-jaune-2.jpg\" alt=\"\" class=\"wp-image-49424\" srcset=\"https:\/\/www.italpassion.fr\/wp-content\/uploads\/2026\/04\/348-jaune-2.jpg 1200w, https:\/\/www.italpassion.fr\/wp-content\/uploads\/2026\/04\/348-jaune-2-420x280.jpg 420w, https:\/\/www.italpassion.fr\/wp-content\/uploads\/2026\/04\/348-jaune-2-768x512.jpg 768w, https:\/\/www.italpassion.fr\/wp-content\/uploads\/2026\/04\/348-jaune-2-18x12.jpg 18w\" sizes=\"auto, (max-width: 1200px) 100vw, 1200px\" \/><\/figure>\n\n\n\n<figure class=\"wp-block-image size-full\"><img loading=\"lazy\" decoding=\"async\" width=\"1200\" height=\"800\" src=\"https:\/\/www.italpassion.fr\/wp-content\/uploads\/2026\/04\/348-jaune-3.jpg\" alt=\"\" class=\"wp-image-49425\" srcset=\"https:\/\/www.italpassion.fr\/wp-content\/uploads\/2026\/04\/348-jaune-3.jpg 1200w, https:\/\/www.italpassion.fr\/wp-content\/uploads\/2026\/04\/348-jaune-3-420x280.jpg 420w, https:\/\/www.italpassion.fr\/wp-content\/uploads\/2026\/04\/348-jaune-3-768x512.jpg 768w, https:\/\/www.italpassion.fr\/wp-content\/uploads\/2026\/04\/348-jaune-3-18x12.jpg 18w\" sizes=\"auto, (max-width: 1200px) 100vw, 1200px\" \/><\/figure>\n\n\n\n<figure class=\"wp-block-image size-full\"><img loading=\"lazy\" decoding=\"async\" width=\"1200\" height=\"800\" src=\"https:\/\/www.italpassion.fr\/wp-content\/uploads\/2026\/04\/348-jaune-4.jpg\" alt=\"\" class=\"wp-image-49426\" srcset=\"https:\/\/www.italpassion.fr\/wp-content\/uploads\/2026\/04\/348-jaune-4.jpg 1200w, https:\/\/www.italpassion.fr\/wp-content\/uploads\/2026\/04\/348-jaune-4-420x280.jpg 420w, https:\/\/www.italpassion.fr\/wp-content\/uploads\/2026\/04\/348-jaune-4-768x512.jpg 768w, https:\/\/www.italpassion.fr\/wp-content\/uploads\/2026\/04\/348-jaune-4-18x12.jpg 18w\" sizes=\"auto, (max-width: 1200px) 100vw, 1200px\" \/><\/figure>\n\n\n\n<p>Aber genau das macht den Reiz aus. Das Gef\u00fchl ist roh, mechanisch, fast analog. Das Lenkrad \u00fcbertr\u00e4gt jede Unebenheit der Stra\u00dfe, so dass man das Gef\u00fchl hat, den Asphalt zu \u201clesen\u201d. Ein Gef\u00fchl, das viele bei modernen Modellen f\u00fcr verloren halten.<\/p>\n\n\n\n<h2 class=\"wp-block-heading\">Fehler... die zu Qualit\u00e4ten werden<\/h2>\n\n\n\n<p>Ja, der Ferrari 348 ist nicht perfekt. Er ist nicht der schnellste, nicht der komfortabelste und nicht der am leichtesten zu fahrende Wagen am Limit. Aber gerade diese Unvollkommenheit ist es, die heute so verf\u00fchrerisch ist. Im Gegensatz zu modernen Supersportwagen, die oft als \u201czu perfekt\u201d angesehen werden, zwingt der 348 dazu, sich auf ihn einzulassen. Man muss lernen, ihn zu verstehen und mit seinem Charakter umzugehen. Und genau hier entsteht der Spa\u00df. Wie ein Besitzer es treffend zusammenfasst: Ein perfektes Auto ist nicht unbedingt ein interessantes Auto.<\/p>\n\n\n\n<figure class=\"wp-block-image size-full\"><img loading=\"lazy\" decoding=\"async\" width=\"1200\" height=\"800\" src=\"https:\/\/www.italpassion.fr\/wp-content\/uploads\/2026\/04\/348-jaune-5.jpg\" alt=\"\" class=\"wp-image-49427\" srcset=\"https:\/\/www.italpassion.fr\/wp-content\/uploads\/2026\/04\/348-jaune-5.jpg 1200w, https:\/\/www.italpassion.fr\/wp-content\/uploads\/2026\/04\/348-jaune-5-420x280.jpg 420w, https:\/\/www.italpassion.fr\/wp-content\/uploads\/2026\/04\/348-jaune-5-768x512.jpg 768w, https:\/\/www.italpassion.fr\/wp-content\/uploads\/2026\/04\/348-jaune-5-18x12.jpg 18w\" sizes=\"auto, (max-width: 1200px) 100vw, 1200px\" \/><\/figure>\n\n\n\n<h2 class=\"wp-block-heading\">Ein einfacher Ferrari ... und schlie\u00dflich beruhigend<\/h2>\n\n\n\n<p>Eine weitere \u00dcberraschung war seine mechanische Einfachheit. In einer Zeit, in der die Ferraris immer komplexer werden, ist der 348 f\u00fcr einen Sportwagen aus Maranello noch relativ zug\u00e4nglich. Keine \u00fcbertriebenen Sensoren, keine aufdringliche Elektronik, keine komplizierten Systeme. Das Ergebnis: Eine Wartung, die \u00fcbersichtlicher und oft weniger nervenaufreibend ist als bei neueren Modellen. Eine j\u00e4hrliche Inspektion ist bei diesem Autotyp angemessen, und selbst schwerere Arbeiten wie der Vertrieb bleiben \u00fcberschaubar. Ein Argument, das heute f\u00fcr Liebhaber z\u00e4hlt, die fahren und nicht nur sammeln wollen.<\/p>\n\n\n\n<figure class=\"wp-block-image size-full\"><img loading=\"lazy\" decoding=\"async\" width=\"1200\" height=\"800\" src=\"https:\/\/www.italpassion.fr\/wp-content\/uploads\/2026\/04\/348-jaune-8.jpg\" alt=\"\" class=\"wp-image-49429\" srcset=\"https:\/\/www.italpassion.fr\/wp-content\/uploads\/2026\/04\/348-jaune-8.jpg 1200w, https:\/\/www.italpassion.fr\/wp-content\/uploads\/2026\/04\/348-jaune-8-420x280.jpg 420w, https:\/\/www.italpassion.fr\/wp-content\/uploads\/2026\/04\/348-jaune-8-768x512.jpg 768w, https:\/\/www.italpassion.fr\/wp-content\/uploads\/2026\/04\/348-jaune-8-18x12.jpg 18w\" sizes=\"auto, (max-width: 1200px) 100vw, 1200px\" \/><\/figure>\n\n\n\n<figure class=\"wp-block-image size-full\"><img loading=\"lazy\" decoding=\"async\" width=\"1200\" height=\"800\" src=\"https:\/\/www.italpassion.fr\/wp-content\/uploads\/2026\/04\/moteur-ferrari-348.jpg\" alt=\"\" class=\"wp-image-49428\" srcset=\"https:\/\/www.italpassion.fr\/wp-content\/uploads\/2026\/04\/moteur-ferrari-348.jpg 1200w, https:\/\/www.italpassion.fr\/wp-content\/uploads\/2026\/04\/moteur-ferrari-348-420x280.jpg 420w, https:\/\/www.italpassion.fr\/wp-content\/uploads\/2026\/04\/moteur-ferrari-348-768x512.jpg 768w, https:\/\/www.italpassion.fr\/wp-content\/uploads\/2026\/04\/moteur-ferrari-348-18x12.jpg 18w\" sizes=\"auto, (max-width: 1200px) 100vw, 1200px\" \/><\/figure>\n\n\n\n<h2 class=\"wp-block-heading\">Eine Quote, die endlich steigt<\/h2>\n\n\n\n<p>Der Ferrari 348, der lange Zeit gemieden wurde, hat heute wieder an Wert gewonnen. W\u00e4hrend er vor einigen Jahren noch zu relativ erschwinglichen Preisen gehandelt wurde, kosten sch\u00f6ne Exemplare heute \u00fcber 100.000 Euro. Ein logischer Anstieg f\u00fcr ein Modell, das viele Punkte erf\u00fcllt: Seltenheit, beliebtes Design, analoges Fahren und ein Meilenstein in der Geschichte von Ferrari.<\/p>\n\n\n\n<figure class=\"wp-block-image size-full\"><img loading=\"lazy\" decoding=\"async\" width=\"1200\" height=\"800\" src=\"https:\/\/www.italpassion.fr\/wp-content\/uploads\/2026\/04\/348-jaune-10.jpg\" alt=\"\" class=\"wp-image-49430\" srcset=\"https:\/\/www.italpassion.fr\/wp-content\/uploads\/2026\/04\/348-jaune-10.jpg 1200w, https:\/\/www.italpassion.fr\/wp-content\/uploads\/2026\/04\/348-jaune-10-420x280.jpg 420w, https:\/\/www.italpassion.fr\/wp-content\/uploads\/2026\/04\/348-jaune-10-768x512.jpg 768w, https:\/\/www.italpassion.fr\/wp-content\/uploads\/2026\/04\/348-jaune-10-18x12.jpg 18w\" sizes=\"auto, (max-width: 1200px) 100vw, 1200px\" \/><\/figure>\n\n\n\n<h2 class=\"wp-block-heading\">\u201cDiejenigen, die sich wirklich auskennen, haben alle eine\u201d<\/h2>\n\n\n\n<p>Das ist wohl der Satz, der die Rache des Ferrari 348 am besten zusammenfasst. Denn heute sind es oft die erfahrenen Sammler, die nach ihm suchen. Viele besitzen neuere, st\u00e4rkere und leistungsst\u00e4rkere Modelle, aber sie haben immer noch einen 348 in ihrer Garage. Nicht wegen seiner Zahlen, sondern wegen des Gef\u00fchls, das er vermittelt. Denn letztendlich verk\u00f6rpert der Ferrari 348 eine l\u00e4ngst vergangene Zeit: die Zeit, in der das Fahren eines Ferrari Engagement erforderte, in der jede Fahrt ein Ereignis war und in der die Maschine keine Kompromisse machte. Ein unvollkommenes Auto, gewiss. Aber es ist zutiefst liebenswert. Und vor allem: ein Auto, das nun seinen Wert zu sch\u00e4tzen wei\u00df.<\/p>\n\n\n\n<figure class=\"wp-block-embed is-type-video is-provider-youtube wp-block-embed-youtube wp-embed-aspect-16-9 wp-has-aspect-ratio\"><div class=\"wp-block-embed__wrapper\">\n<iframe loading=\"lazy\" title=\"Ferrari 348 Spider, Ownership Experience + Is It Any Good?\" width=\"1200\" height=\"675\" src=\"https:\/\/www.youtube-nocookie.com\/embed\/9Jj843oO5EE?feature=oembed\" frameborder=\"0\" allow=\"accelerometer; autoplay; clipboard-write; encrypted-media; gyroscope; picture-in-picture; web-share\" referrerpolicy=\"strict-origin-when-cross-origin\" allowfullscreen><\/iframe>\n<\/div><\/figure>\n\n\n\n<p><\/p>","protected":false},"excerpt":{"rendered":"","protected":false},"author":1,"featured_media":49422,"comment_status":"open","ping_status":"open","sticky":false,"template":"","format":"standard","meta":{"_acf_changed":false,"_sitemap_exclude":false,"_sitemap_priority":"","_sitemap_frequency":"","footnotes":""},"categories":[23],"tags":[443],"class_list":["post-49328","post","type-post","status-publish","format-standard","has-post-thumbnail","hentry","category-ferrari","tag-ferrari-348","generate-columns","tablet-grid-50","mobile-grid-100","grid-parent","grid-33"],"acf":[],"yoast_head":"<!-- This site is optimized with the Yoast SEO plugin v25.8 - https:\/\/yoast.com\/wordpress\/plugins\/seo\/ -->\n<title>La Ferrari 348 s&#039;est fait d\u00e9truire par la presse \u00e0 sa sortie\u2026 &quot;ceux qui s&#039;y connaissent vraiment en ont tous une&quot; - ItalPassion<\/title>\n<meta name=\"description\" content=\"Lorsqu\u2019elle appara\u00eet au d\u00e9but des ann\u00e9es 1990, la Ferrari 348 n\u2019a pas la vie facile. Succ\u00e9dant \u00e0 la tr\u00e8s \u00e9l\u00e9gante Ferrari 328, elle choque imm\u00e9diatement.\" \/>\n<meta name=\"robots\" content=\"index, follow, max-snippet:-1, max-image-preview:large, max-video-preview:-1\" \/>\n<link rel=\"canonical\" href=\"https:\/\/www.italpassion.fr\/de\/ferrari\/der-ferrari-348-wurde-von-der-presse-zerstort-als-er-auf-den-markt-kam\/\" \/>\n<meta property=\"og:locale\" content=\"de_DE\" \/>\n<meta property=\"og:type\" content=\"article\" \/>\n<meta property=\"og:title\" content=\"La Ferrari 348 s&#039;est fait d\u00e9truire par la presse \u00e0 sa sortie\u2026 &quot;ceux qui s&#039;y connaissent vraiment en ont tous une&quot; - ItalPassion\" \/>\n<meta property=\"og:description\" content=\"Lorsqu\u2019elle appara\u00eet au d\u00e9but des ann\u00e9es 1990, la Ferrari 348 n\u2019a pas la vie facile. Succ\u00e9dant \u00e0 la tr\u00e8s \u00e9l\u00e9gante Ferrari 328, elle choque imm\u00e9diatement.\" \/>\n<meta property=\"og:url\" content=\"https:\/\/www.italpassion.fr\/de\/ferrari\/der-ferrari-348-wurde-von-der-presse-zerstort-als-er-auf-den-markt-kam\/\" \/>\n<meta property=\"og:site_name\" content=\"ItalPassion\" \/>\n<meta property=\"article:publisher\" content=\"https:\/\/www.facebook.com\/italpassion\" \/>\n<meta property=\"article:published_time\" content=\"2026-04-28T13:24:37+00:00\" \/>\n<meta property=\"og:image\" content=\"https:\/\/www.italpassion.fr\/wp-content\/uploads\/2026\/04\/348-jaune.jpg\" \/>\n\t<meta property=\"og:image:width\" content=\"1200\" \/>\n\t<meta property=\"og:image:height\" content=\"800\" \/>\n\t<meta property=\"og:image:type\" content=\"image\/jpeg\" \/>\n<meta name=\"author\" content=\"Alexandre Filluzeau\" \/>\n<meta name=\"twitter:card\" content=\"summary_large_image\" \/>\n<meta name=\"twitter:creator\" content=\"@italpassion\" \/>\n<meta name=\"twitter:site\" content=\"@italpassion\" \/>\n<script type=\"application\/ld+json\" class=\"yoast-schema-graph\">{\"@context\":\"https:\/\/schema.org\",\"@graph\":[{\"@type\":\"NewsArticle\",\"@id\":\"https:\/\/www.italpassion.fr\/de\/ferrari\/la-ferrari-348-sest-fait-detruire-par-la-presse-a-sa-sortie-ceux-qui-sy-connaissent-vraiment-en-ont-tous-une\/#article\",\"isPartOf\":{\"@id\":\"https:\/\/www.italpassion.fr\/de\/ferrari\/la-ferrari-348-sest-fait-detruire-par-la-presse-a-sa-sortie-ceux-qui-sy-connaissent-vraiment-en-ont-tous-une\/\"},\"author\":{\"name\":\"Alexandre Filluzeau\",\"@id\":\"https:\/\/www.italpassion.fr\/de\/#\/schema\/person\/36f747b2a759ca202d847e85a9434ca0\"},\"headline\":\"La Ferrari 348 s&rsquo;est fait d\u00e9truire par la presse \u00e0 sa sortie\u2026 \u00ab\u00a0ceux qui s&rsquo;y connaissent vraiment en ont tous une\u00a0\u00bb\",\"datePublished\":\"2026-04-28T13:24:37+00:00\",\"mainEntityOfPage\":{\"@id\":\"https:\/\/www.italpassion.fr\/de\/ferrari\/la-ferrari-348-sest-fait-detruire-par-la-presse-a-sa-sortie-ceux-qui-sy-connaissent-vraiment-en-ont-tous-une\/\"},\"wordCount\":753,\"commentCount\":0,\"publisher\":{\"@id\":\"https:\/\/www.italpassion.fr\/de\/#organization\"},\"image\":{\"@id\":\"https:\/\/www.italpassion.fr\/de\/ferrari\/la-ferrari-348-sest-fait-detruire-par-la-presse-a-sa-sortie-ceux-qui-sy-connaissent-vraiment-en-ont-tous-une\/#primaryimage\"},\"thumbnailUrl\":\"https:\/\/www.italpassion.fr\/wp-content\/uploads\/2026\/04\/348-jaune.jpg\",\"keywords\":[\"Ferrari 348\"],\"articleSection\":[\"Ferrari\"],\"inLanguage\":\"de\",\"potentialAction\":[{\"@type\":\"CommentAction\",\"name\":\"Comment\",\"target\":[\"https:\/\/www.italpassion.fr\/de\/ferrari\/la-ferrari-348-sest-fait-detruire-par-la-presse-a-sa-sortie-ceux-qui-sy-connaissent-vraiment-en-ont-tous-une\/#respond\"]}]},{\"@type\":\"WebPage\",\"@id\":\"https:\/\/www.italpassion.fr\/de\/ferrari\/la-ferrari-348-sest-fait-detruire-par-la-presse-a-sa-sortie-ceux-qui-sy-connaissent-vraiment-en-ont-tous-une\/\",\"url\":\"https:\/\/www.italpassion.fr\/de\/ferrari\/la-ferrari-348-sest-fait-detruire-par-la-presse-a-sa-sortie-ceux-qui-sy-connaissent-vraiment-en-ont-tous-une\/\",\"name\":\"La Ferrari 348 s'est fait d\u00e9truire par la presse \u00e0 sa sortie\u2026 \\\"ceux qui s'y connaissent vraiment en ont tous une\\\" - ItalPassion\",\"isPartOf\":{\"@id\":\"https:\/\/www.italpassion.fr\/de\/#website\"},\"primaryImageOfPage\":{\"@id\":\"https:\/\/www.italpassion.fr\/de\/ferrari\/la-ferrari-348-sest-fait-detruire-par-la-presse-a-sa-sortie-ceux-qui-sy-connaissent-vraiment-en-ont-tous-une\/#primaryimage\"},\"image\":{\"@id\":\"https:\/\/www.italpassion.fr\/de\/ferrari\/la-ferrari-348-sest-fait-detruire-par-la-presse-a-sa-sortie-ceux-qui-sy-connaissent-vraiment-en-ont-tous-une\/#primaryimage\"},\"thumbnailUrl\":\"https:\/\/www.italpassion.fr\/wp-content\/uploads\/2026\/04\/348-jaune.jpg\",\"datePublished\":\"2026-04-28T13:24:37+00:00\",\"description\":\"Lorsqu\u2019elle appara\u00eet au d\u00e9but des ann\u00e9es 1990, la Ferrari 348 n\u2019a pas la vie facile. Succ\u00e9dant \u00e0 la tr\u00e8s \u00e9l\u00e9gante Ferrari 328, elle choque imm\u00e9diatement.\",\"breadcrumb\":{\"@id\":\"https:\/\/www.italpassion.fr\/de\/ferrari\/la-ferrari-348-sest-fait-detruire-par-la-presse-a-sa-sortie-ceux-qui-sy-connaissent-vraiment-en-ont-tous-une\/#breadcrumb\"},\"inLanguage\":\"de\",\"potentialAction\":[{\"@type\":\"ReadAction\",\"target\":[\"https:\/\/www.italpassion.fr\/de\/ferrari\/la-ferrari-348-sest-fait-detruire-par-la-presse-a-sa-sortie-ceux-qui-sy-connaissent-vraiment-en-ont-tous-une\/\"]}]},{\"@type\":\"ImageObject\",\"inLanguage\":\"de\",\"@id\":\"https:\/\/www.italpassion.fr\/de\/ferrari\/la-ferrari-348-sest-fait-detruire-par-la-presse-a-sa-sortie-ceux-qui-sy-connaissent-vraiment-en-ont-tous-une\/#primaryimage\",\"url\":\"https:\/\/www.italpassion.fr\/wp-content\/uploads\/2026\/04\/348-jaune.jpg\",\"contentUrl\":\"https:\/\/www.italpassion.fr\/wp-content\/uploads\/2026\/04\/348-jaune.jpg\",\"width\":1200,\"height\":800},{\"@type\":\"BreadcrumbList\",\"@id\":\"https:\/\/www.italpassion.fr\/de\/ferrari\/la-ferrari-348-sest-fait-detruire-par-la-presse-a-sa-sortie-ceux-qui-sy-connaissent-vraiment-en-ont-tous-une\/#breadcrumb\",\"itemListElement\":[{\"@type\":\"ListItem\",\"position\":1,\"name\":\"Accueil\",\"item\":\"https:\/\/www.italpassion.fr\/de\/\"},{\"@type\":\"ListItem\",\"position\":2,\"name\":\"La Ferrari 348 s&rsquo;est fait d\u00e9truire par la presse \u00e0 sa sortie\u2026 \u00ab\u00a0ceux qui s&rsquo;y connaissent vraiment en ont tous une\u00a0\u00bb\"}]},{\"@type\":\"WebSite\",\"@id\":\"https:\/\/www.italpassion.fr\/de\/#website\",\"url\":\"https:\/\/www.italpassion.fr\/de\/\",\"name\":\"ItalPassion\",\"description\":\"Les Passionn\u00e9s d&#039;Automobiles Italiennes\",\"publisher\":{\"@id\":\"https:\/\/www.italpassion.fr\/de\/#organization\"},\"potentialAction\":[{\"@type\":\"SearchAction\",\"target\":{\"@type\":\"EntryPoint\",\"urlTemplate\":\"https:\/\/www.italpassion.fr\/de\/?s={search_term_string}\"},\"query-input\":{\"@type\":\"PropertyValueSpecification\",\"valueRequired\":true,\"valueName\":\"search_term_string\"}}],\"inLanguage\":\"de\"},{\"@type\":\"Organization\",\"@id\":\"https:\/\/www.italpassion.fr\/de\/#organization\",\"name\":\"Italpassion\",\"url\":\"https:\/\/www.italpassion.fr\/de\/\",\"logo\":{\"@type\":\"ImageObject\",\"inLanguage\":\"de\",\"@id\":\"https:\/\/www.italpassion.fr\/de\/#\/schema\/logo\/image\/\",\"url\":\"https:\/\/www.italpassion.fr\/wp-content\/uploads\/2023\/07\/italpassion-yoast.jpg\",\"contentUrl\":\"https:\/\/www.italpassion.fr\/wp-content\/uploads\/2023\/07\/italpassion-yoast.jpg\",\"width\":696,\"height\":696,\"caption\":\"Italpassion\"},\"image\":{\"@id\":\"https:\/\/www.italpassion.fr\/de\/#\/schema\/logo\/image\/\"},\"sameAs\":[\"https:\/\/www.facebook.com\/italpassion\",\"https:\/\/x.com\/italpassion\",\"https:\/\/www.instagram.com\/italpassionfr\/\",\"https:\/\/www.youtube.com\/channel\/UCleq-ByQaA42OjhopwevRjQ\",\"https:\/\/www.facebook.com\/italpassion.en\/\",\"https:\/\/www.facebook.com\/italpassion.it\/\",\"https:\/\/www.facebook.com\/italpassion.de\/\",\"https:\/\/www.facebook.com\/italpassion.ja\/\"]},{\"@type\":\"Person\",\"@id\":\"https:\/\/www.italpassion.fr\/de\/#\/schema\/person\/36f747b2a759ca202d847e85a9434ca0\",\"name\":\"Alexandre Filluzeau\",\"image\":{\"@type\":\"ImageObject\",\"inLanguage\":\"de\",\"@id\":\"https:\/\/www.italpassion.fr\/de\/#\/schema\/person\/image\/\",\"url\":\"https:\/\/www.italpassion.fr\/wp-content\/uploads\/2025\/04\/avatar-alexandre-160x160.jpg\",\"contentUrl\":\"https:\/\/www.italpassion.fr\/wp-content\/uploads\/2025\/04\/avatar-alexandre-160x160.jpg\",\"caption\":\"Alexandre Filluzeau\"},\"description\":\"Fondateur du site ItalPassion, passionn\u00e9 de voitures italiennes et de l'Italie en g\u00e9n\u00e9ral. J'apporte un regard critique et technique aux actualit\u00e9s des marques italiennes quand cela est possible. Propri\u00e9taire d'une Maserati GranTurismo, Alfa Romeo MiTo, Lancia Fulvia et Ducati 695. Ex-propri\u00e9taire d'une Alfa Romeo Giulia.\",\"sameAs\":[\"https:\/\/www.italpassion.fr\/\"],\"url\":\"https:\/\/www.italpassion.fr\/de\/author\/alexandre\/\"}]}<\/script>\n<!-- \/ Yoast SEO plugin. -->","yoast_head_json":{"title":"Der Ferrari 348 wurde bei seiner Ver\u00f6ffentlichung von der Presse zerst\u00f6rt... \"Diejenigen, die sich wirklich auskennen, haben alle einen\" - ItalPassion","description":"Als der Ferrari 348 Anfang der 1990er Jahre auf den Markt kam, hatte er es nicht leicht. Als Nachfolger des eleganten Ferrari 328 schockierte er sofort.","robots":{"index":"index","follow":"follow","max-snippet":"max-snippet:-1","max-image-preview":"max-image-preview:large","max-video-preview":"max-video-preview:-1"},"canonical":"https:\/\/www.italpassion.fr\/de\/ferrari\/der-ferrari-348-wurde-von-der-presse-zerstort-als-er-auf-den-markt-kam\/","og_locale":"de_DE","og_type":"article","og_title":"La Ferrari 348 s'est fait d\u00e9truire par la presse \u00e0 sa sortie\u2026 \"ceux qui s'y connaissent vraiment en ont tous une\" - ItalPassion","og_description":"Lorsqu\u2019elle appara\u00eet au d\u00e9but des ann\u00e9es 1990, la Ferrari 348 n\u2019a pas la vie facile. Succ\u00e9dant \u00e0 la tr\u00e8s \u00e9l\u00e9gante Ferrari 328, elle choque imm\u00e9diatement.","og_url":"https:\/\/www.italpassion.fr\/de\/ferrari\/der-ferrari-348-wurde-von-der-presse-zerstort-als-er-auf-den-markt-kam\/","og_site_name":"ItalPassion","article_publisher":"https:\/\/www.facebook.com\/italpassion","article_published_time":"2026-04-28T13:24:37+00:00","og_image":[{"width":1200,"height":800,"url":"https:\/\/www.italpassion.fr\/wp-content\/uploads\/2026\/04\/348-jaune.jpg","type":"image\/jpeg"}],"author":"Alexandre Filluzeau","twitter_card":"summary_large_image","twitter_creator":"@italpassion","twitter_site":"@italpassion","schema":{"@context":"https:\/\/schema.org","@graph":[{"@type":"NewsArticle","@id":"https:\/\/www.italpassion.fr\/de\/ferrari\/la-ferrari-348-sest-fait-detruire-par-la-presse-a-sa-sortie-ceux-qui-sy-connaissent-vraiment-en-ont-tous-une\/#article","isPartOf":{"@id":"https:\/\/www.italpassion.fr\/de\/ferrari\/la-ferrari-348-sest-fait-detruire-par-la-presse-a-sa-sortie-ceux-qui-sy-connaissent-vraiment-en-ont-tous-une\/"},"author":{"name":"Alexandre Filluzeau","@id":"https:\/\/www.italpassion.fr\/de\/#\/schema\/person\/36f747b2a759ca202d847e85a9434ca0"},"headline":"La Ferrari 348 s&rsquo;est fait d\u00e9truire par la presse \u00e0 sa sortie\u2026 \u00ab\u00a0ceux qui s&rsquo;y connaissent vraiment en ont tous une\u00a0\u00bb","datePublished":"2026-04-28T13:24:37+00:00","mainEntityOfPage":{"@id":"https:\/\/www.italpassion.fr\/de\/ferrari\/la-ferrari-348-sest-fait-detruire-par-la-presse-a-sa-sortie-ceux-qui-sy-connaissent-vraiment-en-ont-tous-une\/"},"wordCount":753,"commentCount":0,"publisher":{"@id":"https:\/\/www.italpassion.fr\/de\/#organization"},"image":{"@id":"https:\/\/www.italpassion.fr\/de\/ferrari\/la-ferrari-348-sest-fait-detruire-par-la-presse-a-sa-sortie-ceux-qui-sy-connaissent-vraiment-en-ont-tous-une\/#primaryimage"},"thumbnailUrl":"https:\/\/www.italpassion.fr\/wp-content\/uploads\/2026\/04\/348-jaune.jpg","keywords":["Ferrari 348"],"articleSection":["Ferrari"],"inLanguage":"de","potentialAction":[{"@type":"CommentAction","name":"Comment","target":["https:\/\/www.italpassion.fr\/de\/ferrari\/la-ferrari-348-sest-fait-detruire-par-la-presse-a-sa-sortie-ceux-qui-sy-connaissent-vraiment-en-ont-tous-une\/#respond"]}]},{"@type":"WebPage","@id":"https:\/\/www.italpassion.fr\/de\/ferrari\/la-ferrari-348-sest-fait-detruire-par-la-presse-a-sa-sortie-ceux-qui-sy-connaissent-vraiment-en-ont-tous-une\/","url":"https:\/\/www.italpassion.fr\/de\/ferrari\/la-ferrari-348-sest-fait-detruire-par-la-presse-a-sa-sortie-ceux-qui-sy-connaissent-vraiment-en-ont-tous-une\/","name":"Der Ferrari 348 wurde bei seiner Ver\u00f6ffentlichung von der Presse zerst\u00f6rt... \"Diejenigen, die sich wirklich auskennen, haben alle einen\" - ItalPassion","isPartOf":{"@id":"https:\/\/www.italpassion.fr\/de\/#website"},"primaryImageOfPage":{"@id":"https:\/\/www.italpassion.fr\/de\/ferrari\/la-ferrari-348-sest-fait-detruire-par-la-presse-a-sa-sortie-ceux-qui-sy-connaissent-vraiment-en-ont-tous-une\/#primaryimage"},"image":{"@id":"https:\/\/www.italpassion.fr\/de\/ferrari\/la-ferrari-348-sest-fait-detruire-par-la-presse-a-sa-sortie-ceux-qui-sy-connaissent-vraiment-en-ont-tous-une\/#primaryimage"},"thumbnailUrl":"https:\/\/www.italpassion.fr\/wp-content\/uploads\/2026\/04\/348-jaune.jpg","datePublished":"2026-04-28T13:24:37+00:00","description":"Als der Ferrari 348 Anfang der 1990er Jahre auf den Markt kam, hatte er es nicht leicht. Als Nachfolger des eleganten Ferrari 328 schockierte er sofort.","breadcrumb":{"@id":"https:\/\/www.italpassion.fr\/de\/ferrari\/la-ferrari-348-sest-fait-detruire-par-la-presse-a-sa-sortie-ceux-qui-sy-connaissent-vraiment-en-ont-tous-une\/#breadcrumb"},"inLanguage":"de","potentialAction":[{"@type":"ReadAction","target":["https:\/\/www.italpassion.fr\/de\/ferrari\/la-ferrari-348-sest-fait-detruire-par-la-presse-a-sa-sortie-ceux-qui-sy-connaissent-vraiment-en-ont-tous-une\/"]}]},{"@type":"ImageObject","inLanguage":"de","@id":"https:\/\/www.italpassion.fr\/de\/ferrari\/la-ferrari-348-sest-fait-detruire-par-la-presse-a-sa-sortie-ceux-qui-sy-connaissent-vraiment-en-ont-tous-une\/#primaryimage","url":"https:\/\/www.italpassion.fr\/wp-content\/uploads\/2026\/04\/348-jaune.jpg","contentUrl":"https:\/\/www.italpassion.fr\/wp-content\/uploads\/2026\/04\/348-jaune.jpg","width":1200,"height":800},{"@type":"BreadcrumbList","@id":"https:\/\/www.italpassion.fr\/de\/ferrari\/la-ferrari-348-sest-fait-detruire-par-la-presse-a-sa-sortie-ceux-qui-sy-connaissent-vraiment-en-ont-tous-une\/#breadcrumb","itemListElement":[{"@type":"ListItem","position":1,"name":"Accueil","item":"https:\/\/www.italpassion.fr\/de\/"},{"@type":"ListItem","position":2,"name":"La Ferrari 348 s&rsquo;est fait d\u00e9truire par la presse \u00e0 sa sortie\u2026 \u00ab\u00a0ceux qui s&rsquo;y connaissent vraiment en ont tous une\u00a0\u00bb"}]},{"@type":"WebSite","@id":"https:\/\/www.italpassion.fr\/de\/#website","url":"https:\/\/www.italpassion.fr\/de\/","name":"ItalPassion","description":"Die Liebhaber italienischer Autos","publisher":{"@id":"https:\/\/www.italpassion.fr\/de\/#organization"},"potentialAction":[{"@type":"SearchAction","target":{"@type":"EntryPoint","urlTemplate":"https:\/\/www.italpassion.fr\/de\/?s={search_term_string}"},"query-input":{"@type":"PropertyValueSpecification","valueRequired":true,"valueName":"search_term_string"}}],"inLanguage":"de"},{"@type":"Organization","@id":"https:\/\/www.italpassion.fr\/de\/#organization","name":"Italpassion","url":"https:\/\/www.italpassion.fr\/de\/","logo":{"@type":"ImageObject","inLanguage":"de","@id":"https:\/\/www.italpassion.fr\/de\/#\/schema\/logo\/image\/","url":"https:\/\/www.italpassion.fr\/wp-content\/uploads\/2023\/07\/italpassion-yoast.jpg","contentUrl":"https:\/\/www.italpassion.fr\/wp-content\/uploads\/2023\/07\/italpassion-yoast.jpg","width":696,"height":696,"caption":"Italpassion"},"image":{"@id":"https:\/\/www.italpassion.fr\/de\/#\/schema\/logo\/image\/"},"sameAs":["https:\/\/www.facebook.com\/italpassion","https:\/\/x.com\/italpassion","https:\/\/www.instagram.com\/italpassionfr\/","https:\/\/www.youtube.com\/channel\/UCleq-ByQaA42OjhopwevRjQ","https:\/\/www.facebook.com\/italpassion.en\/","https:\/\/www.facebook.com\/italpassion.it\/","https:\/\/www.facebook.com\/italpassion.de\/","https:\/\/www.facebook.com\/italpassion.ja\/"]},{"@type":"Person","@id":"https:\/\/www.italpassion.fr\/de\/#\/schema\/person\/36f747b2a759ca202d847e85a9434ca0","name":"Alexandre Filluzeau","image":{"@type":"ImageObject","inLanguage":"de","@id":"https:\/\/www.italpassion.fr\/de\/#\/schema\/person\/image\/","url":"https:\/\/www.italpassion.fr\/wp-content\/uploads\/2025\/04\/avatar-alexandre-160x160.jpg","contentUrl":"https:\/\/www.italpassion.fr\/wp-content\/uploads\/2025\/04\/avatar-alexandre-160x160.jpg","caption":"Alexandre Filluzeau"},"description":"Gr\u00fcnder der Website ItalPassion, leidenschaftlicher Fan von italienischen Autos und Italien im Allgemeinen. Ich bringe einen kritischen und technischen Blick auf die Nachrichten der italienischen Marken, wann immer es m\u00f6glich ist. Besitzer eines Maserati GranTurismo, Alfa Romeo MiTo, Lancia Fulvia und Ducati 695. Ex-Besitzer einer Alfa Romeo Giulia.","sameAs":["https:\/\/www.italpassion.fr\/"],"url":"https:\/\/www.italpassion.fr\/de\/author\/alexandre\/"}]}},"_links":{"self":[{"href":"https:\/\/www.italpassion.fr\/de\/wp-json\/wp\/v2\/posts\/49328","targetHints":{"allow":["GET"]}}],"collection":[{"href":"https:\/\/www.italpassion.fr\/de\/wp-json\/wp\/v2\/posts"}],"about":[{"href":"https:\/\/www.italpassion.fr\/de\/wp-json\/wp\/v2\/types\/post"}],"author":[{"embeddable":true,"href":"https:\/\/www.italpassion.fr\/de\/wp-json\/wp\/v2\/users\/1"}],"replies":[{"embeddable":true,"href":"https:\/\/www.italpassion.fr\/de\/wp-json\/wp\/v2\/comments?post=49328"}],"version-history":[{"count":2,"href":"https:\/\/www.italpassion.fr\/de\/wp-json\/wp\/v2\/posts\/49328\/revisions"}],"predecessor-version":[{"id":49431,"href":"https:\/\/www.italpassion.fr\/de\/wp-json\/wp\/v2\/posts\/49328\/revisions\/49431"}],"wp:featuredmedia":[{"embeddable":true,"href":"https:\/\/www.italpassion.fr\/de\/wp-json\/wp\/v2\/media\/49422"}],"wp:attachment":[{"href":"https:\/\/www.italpassion.fr\/de\/wp-json\/wp\/v2\/media?parent=49328"}],"wp:term":[{"taxonomy":"category","embeddable":true,"href":"https:\/\/www.italpassion.fr\/de\/wp-json\/wp\/v2\/categories?post=49328"},{"taxonomy":"post_tag","embeddable":true,"href":"https:\/\/www.italpassion.fr\/de\/wp-json\/wp\/v2\/tags?post=49328"}],"curies":[{"name":"wp","href":"https:\/\/api.w.org\/{rel}","templated":true}]}}