{"id":47458,"date":"2026-03-13T10:36:02","date_gmt":"2026-03-13T09:36:02","guid":{"rendered":"https:\/\/www.italpassion.fr\/?p=47458"},"modified":"2026-03-13T10:36:02","modified_gmt":"2026-03-13T09:36:02","slug":"ferrari-enthullt-lamalfi-spider-und-behebt-endlich-den-hauptfehler-den-die-besitzer-dem-roma-spider-vorgeworfen-haben","status":"publish","type":"post","link":"https:\/\/www.italpassion.fr\/de\/ferrari\/ferrari-devoile-lamalfi-spider-et-corrige-enfin-le-principal-defaut-que-les-proprietaires-reprochaient-a-la-roma-spider\/","title":{"rendered":"Ferrari enth\u00fcllt den Amalfi Spider ... und behebt endlich den Hauptfehler, den die Besitzer am Roma Spider bem\u00e4ngelten"},"content":{"rendered":"<figure class=\"wp-block-image size-large\"><img loading=\"lazy\" decoding=\"async\" width=\"1200\" height=\"800\" src=\"https:\/\/www.italpassion.fr\/wp-content\/uploads\/2026\/03\/ferrari-amalfi-spider-0-1200x800.jpg\" alt=\"\" class=\"wp-image-47459\" srcset=\"https:\/\/www.italpassion.fr\/wp-content\/uploads\/2026\/03\/ferrari-amalfi-spider-0-scaled.jpg 1200w, https:\/\/www.italpassion.fr\/wp-content\/uploads\/2026\/03\/ferrari-amalfi-spider-0-420x280.jpg 420w, https:\/\/www.italpassion.fr\/wp-content\/uploads\/2026\/03\/ferrari-amalfi-spider-0-768x512.jpg 768w, https:\/\/www.italpassion.fr\/wp-content\/uploads\/2026\/03\/ferrari-amalfi-spider-0-18x12.jpg 18w\" sizes=\"auto, (max-width: 1200px) 100vw, 1200px\" \/><\/figure>\n\n\n\n<p>In Maranello sind manche Neuheiten keine \u00dcberraschung - aber sie sind immer noch ein Ereignis. Weniger als ein Jahr nach der Vorstellung des <a href=\"https:\/\/www.italpassion.fr\/de\/autos\/ferrari-amalfi-amalfi-spider\/\">Ferrari Amalfi<\/a>, Die italienische Marke enth\u00fcllt nun die Spider-Version. Eine logische Entwicklung, denn der Vorg\u00e4nger <a href=\"https:\/\/www.italpassion.fr\/de\/autos\/ferrari-roma-roma-spider\/\">Ferrari Roma<\/a> gab es bereits als Coup\u00e9 und Cabriolet.<\/p>\n\n\n\n<p>Aber dieser Amalfi Spider entfernt nicht nur das Dach. Er korrigiert auch ein viel kritisiertes \u00e4sthetisches Detail des Roma Spider, w\u00e4hrend er die Innenausstattung verbessert und die beeindruckende Leistung des V8-Biturbos beibeh\u00e4lt.<\/p>\n\n\n\n<h2 class=\"wp-block-heading\">Ein Design, das endlich den Schwachpunkt des Roma Spider behebt<\/h2>\n\n\n\n<p>Als der Roma Spider vorgestellt wurde, sorgte sein geteiltes Styling f\u00fcr Diskussionen. W\u00e4hrend die Linien insgesamt elegant waren, hatte die Frontpartie und vor allem der in die Sto\u00dfstange integrierte Grill gemischte Reaktionen hervorgerufen. Mit dem Amalfi Spider, <a href=\"https:\/\/www.italpassion.fr\/de\/ferrari\/\">Ferrari<\/a> scheint diese Kritik geh\u00f6rt zu haben.<\/p>\n\n\n\n<figure class=\"wp-block-image size-large\"><img loading=\"lazy\" decoding=\"async\" width=\"1200\" height=\"800\" src=\"https:\/\/www.italpassion.fr\/wp-content\/uploads\/2026\/03\/ferrari-amalfi-spider-10-1200x800.jpg\" alt=\"\" class=\"wp-image-47462\" srcset=\"https:\/\/www.italpassion.fr\/wp-content\/uploads\/2026\/03\/ferrari-amalfi-spider-10-scaled.jpg 1200w, https:\/\/www.italpassion.fr\/wp-content\/uploads\/2026\/03\/ferrari-amalfi-spider-10-420x280.jpg 420w, https:\/\/www.italpassion.fr\/wp-content\/uploads\/2026\/03\/ferrari-amalfi-spider-10-768x512.jpg 768w, https:\/\/www.italpassion.fr\/wp-content\/uploads\/2026\/03\/ferrari-amalfi-spider-10-18x12.jpg 18w\" sizes=\"auto, (max-width: 1200px) 100vw, 1200px\" \/><figcaption class=\"wp-element-caption\">Ferrari Amalfi Spider<\/figcaption><\/figure>\n\n\n\n<figure class=\"wp-block-image size-full\"><img loading=\"lazy\" decoding=\"async\" width=\"1200\" height=\"800\" src=\"https:\/\/www.italpassion.fr\/wp-content\/uploads\/2026\/01\/roma-spider.jpg\" alt=\"\" class=\"wp-image-45393\" srcset=\"https:\/\/www.italpassion.fr\/wp-content\/uploads\/2026\/01\/roma-spider.jpg 1200w, https:\/\/www.italpassion.fr\/wp-content\/uploads\/2026\/01\/roma-spider-420x280.jpg 420w, https:\/\/www.italpassion.fr\/wp-content\/uploads\/2026\/01\/roma-spider-768x512.jpg 768w, https:\/\/www.italpassion.fr\/wp-content\/uploads\/2026\/01\/roma-spider-18x12.jpg 18w\" sizes=\"auto, (max-width: 1200px) 100vw, 1200px\" \/><figcaption class=\"wp-element-caption\">Ferrari Roma Spider<\/figcaption><\/figure>\n\n\n\n<p>Die neue Frontpartie hat ein klareres und konventionelleres Design mit einem schmalen schwarzen Streifen und einem neu gestalteten Sto\u00dff\u00e4nger, der die visuelle Signatur vereinfacht. Das Ergebnis ist zeitloser und weniger klassenk\u00e4mpferisch als das des Roma Spider, dessen Frontdesign nicht f\u00fcr Begeisterung sorgte.<\/p>\n\n\n\n<figure class=\"wp-block-image size-large\"><img loading=\"lazy\" decoding=\"async\" width=\"1200\" height=\"800\" src=\"https:\/\/www.italpassion.fr\/wp-content\/uploads\/2026\/03\/ferrari-amalfi-spider-8-1200x800.jpg\" alt=\"\" class=\"wp-image-47463\" srcset=\"https:\/\/www.italpassion.fr\/wp-content\/uploads\/2026\/03\/ferrari-amalfi-spider-8-scaled.jpg 1200w, https:\/\/www.italpassion.fr\/wp-content\/uploads\/2026\/03\/ferrari-amalfi-spider-8-420x280.jpg 420w, https:\/\/www.italpassion.fr\/wp-content\/uploads\/2026\/03\/ferrari-amalfi-spider-8-768x512.jpg 768w, https:\/\/www.italpassion.fr\/wp-content\/uploads\/2026\/03\/ferrari-amalfi-spider-8-18x12.jpg 18w\" sizes=\"auto, (max-width: 1200px) 100vw, 1200px\" \/><\/figure>\n\n\n\n<p>Bei der restlichen Karosserie bleibt die Abstammung offensichtlich. Die allgemeinen Proportionen wie die Position der R\u00e4der, die Windschutzscheibe, die T\u00fcren und der Bereich hinter den Kopfst\u00fctzen sind weitgehend mit der Architektur des Roma Spider identisch. Ferrari hat jedoch einige Elemente \u00fcberarbeitet: Die Flanken zeigen nun eine Wellenlinie im Bereich der T\u00fcren, und das Heck beh\u00e4lt die hohe Silhouette bei, die f\u00fcr moderne Ferrari-Cabriolets charakteristisch ist.<\/p>\n\n\n\n<h2 class=\"wp-block-heading\">Ein Spider, der f\u00fcr den Fahrspa\u00df unter freiem Himmel gedacht ist<\/h2>\n\n\n\n<p>Wie bei jedem Ferrari Cabrio bleibt das zentrale Element nat\u00fcrlich das Dach. Der Amalfi Spider verf\u00fcgt \u00fcber ein Stoffverdeck, das in verschiedenen Farben erh\u00e4ltlich ist und sich in 13,5 Sekunden \u00f6ffnen oder schlie\u00dfen l\u00e4sst. Und vor allem kann der Vorgang w\u00e4hrend der Fahrt bis zu einer Geschwindigkeit von 60 km\/h durchgef\u00fchrt werden, so dass man die Sonne genie\u00dfen oder sich bei launischem Wetter schnell sch\u00fctzen kann. Trotz dieses weichen Daches gibt Ferrari an, dass die W\u00e4rme- und Schalld\u00e4mmung mit der seiner Modelle mit versenkbarem Hardtop vergleichbar ist.<\/p>\n\n\n\n<figure class=\"wp-block-image size-large\"><img loading=\"lazy\" decoding=\"async\" width=\"1200\" height=\"800\" src=\"https:\/\/www.italpassion.fr\/wp-content\/uploads\/2026\/03\/ferrari-amalfi-spider-7-1200x800.jpg\" alt=\"\" class=\"wp-image-47464\" srcset=\"https:\/\/www.italpassion.fr\/wp-content\/uploads\/2026\/03\/ferrari-amalfi-spider-7-scaled.jpg 1200w, https:\/\/www.italpassion.fr\/wp-content\/uploads\/2026\/03\/ferrari-amalfi-spider-7-420x280.jpg 420w, https:\/\/www.italpassion.fr\/wp-content\/uploads\/2026\/03\/ferrari-amalfi-spider-7-768x512.jpg 768w, https:\/\/www.italpassion.fr\/wp-content\/uploads\/2026\/03\/ferrari-amalfi-spider-7-18x12.jpg 18w\" sizes=\"auto, (max-width: 1200px) 100vw, 1200px\" \/><\/figure>\n\n\n\n<figure class=\"wp-block-image size-large\"><img loading=\"lazy\" decoding=\"async\" width=\"1200\" height=\"800\" src=\"https:\/\/www.italpassion.fr\/wp-content\/uploads\/2026\/03\/ferrari-amalfi-spider-4-1200x800.jpg\" alt=\"\" class=\"wp-image-47465\" srcset=\"https:\/\/www.italpassion.fr\/wp-content\/uploads\/2026\/03\/ferrari-amalfi-spider-4-scaled.jpg 1200w, https:\/\/www.italpassion.fr\/wp-content\/uploads\/2026\/03\/ferrari-amalfi-spider-4-420x280.jpg 420w, https:\/\/www.italpassion.fr\/wp-content\/uploads\/2026\/03\/ferrari-amalfi-spider-4-768x512.jpg 768w, https:\/\/www.italpassion.fr\/wp-content\/uploads\/2026\/03\/ferrari-amalfi-spider-4-18x12.jpg 18w\" sizes=\"auto, (max-width: 1200px) 100vw, 1200px\" \/><\/figure>\n\n\n\n<p>Die Architektur bleibt die einer sogenannten \u00ab2+\u00bb-Konfiguration. Die beiden kleinen R\u00fccksitze sind immer noch vorhanden, mehr um auszuhelfen oder Gep\u00e4ck zu transportieren, als um wirklich erwachsene Passagiere aufzunehmen. Dies ist ein Kompromiss, der bereits aus dem Roma Spider bekannt ist, aber zus\u00e4tzlichen Stauraum bietet. So bietet der Kofferraum 255 Liter bei geschlossenem Dach und 172 Liter bei eingeklapptem Verdeck.<\/p>\n\n\n\n<figure class=\"wp-block-image size-large\"><img loading=\"lazy\" decoding=\"async\" width=\"1200\" height=\"800\" src=\"https:\/\/www.italpassion.fr\/wp-content\/uploads\/2026\/03\/ferrari-amalfi-spider-5-1200x800.jpg\" alt=\"\" class=\"wp-image-47466\" srcset=\"https:\/\/www.italpassion.fr\/wp-content\/uploads\/2026\/03\/ferrari-amalfi-spider-5-scaled.jpg 1200w, https:\/\/www.italpassion.fr\/wp-content\/uploads\/2026\/03\/ferrari-amalfi-spider-5-420x280.jpg 420w, https:\/\/www.italpassion.fr\/wp-content\/uploads\/2026\/03\/ferrari-amalfi-spider-5-768x512.jpg 768w, https:\/\/www.italpassion.fr\/wp-content\/uploads\/2026\/03\/ferrari-amalfi-spider-5-18x12.jpg 18w\" sizes=\"auto, (max-width: 1200px) 100vw, 1200px\" \/><\/figure>\n\n\n\n<h2 class=\"wp-block-heading\">Ein V8-Biturbo immer dabei<\/h2>\n\n\n\n<p>Unter der Motorhaube bleibt Ferrari einem bew\u00e4hrten Rezept treu. Der Amalfi Spider hat den 3,9-Liter-V8-Biturbo aus der F154-Familie an Bord. Dieser Motor leistet 640 PS und 760 Nm Drehmoment, was eine leichte Steigerung gegen\u00fcber dem Roma Spider darstellt.<\/p>\n\n\n\n<figure class=\"wp-block-image size-large\"><img loading=\"lazy\" decoding=\"async\" width=\"1200\" height=\"800\" src=\"https:\/\/www.italpassion.fr\/wp-content\/uploads\/2026\/03\/ferrari-amalfi-spider-1-1200x800.jpg\" alt=\"\" class=\"wp-image-47461\" srcset=\"https:\/\/www.italpassion.fr\/wp-content\/uploads\/2026\/03\/ferrari-amalfi-spider-1-scaled.jpg 1200w, https:\/\/www.italpassion.fr\/wp-content\/uploads\/2026\/03\/ferrari-amalfi-spider-1-420x280.jpg 420w, https:\/\/www.italpassion.fr\/wp-content\/uploads\/2026\/03\/ferrari-amalfi-spider-1-768x512.jpg 768w, https:\/\/www.italpassion.fr\/wp-content\/uploads\/2026\/03\/ferrari-amalfi-spider-1-18x12.jpg 18w\" sizes=\"auto, (max-width: 1200px) 100vw, 1200px\" \/><\/figure>\n\n\n\n<figure class=\"wp-block-image size-large\"><img loading=\"lazy\" decoding=\"async\" width=\"1200\" height=\"800\" src=\"https:\/\/www.italpassion.fr\/wp-content\/uploads\/2026\/03\/ferrari-amalfi-spider-3-1200x800.jpg\" alt=\"\" class=\"wp-image-47460\" srcset=\"https:\/\/www.italpassion.fr\/wp-content\/uploads\/2026\/03\/ferrari-amalfi-spider-3-scaled.jpg 1200w, https:\/\/www.italpassion.fr\/wp-content\/uploads\/2026\/03\/ferrari-amalfi-spider-3-420x280.jpg 420w, https:\/\/www.italpassion.fr\/wp-content\/uploads\/2026\/03\/ferrari-amalfi-spider-3-768x512.jpg 768w, https:\/\/www.italpassion.fr\/wp-content\/uploads\/2026\/03\/ferrari-amalfi-spider-3-18x12.jpg 18w\" sizes=\"auto, (max-width: 1200px) 100vw, 1200px\" \/><\/figure>\n\n\n\n<p>In Kombination mit einem 8-Gang-Doppelkupplungs-Automatikgetriebe, das vom SF90 Stradale abgeleitet ist, liefert dieser Motor die Leistung eines echten Supersportwagens: Von 0 auf 100 km\/h beschleunigt er in etwa 3,3 Sekunden, w\u00e4hrend die H\u00f6chstgeschwindigkeit 320 km\/h betr\u00e4gt. Selbst innerhalb der Ferrari-Reihe ist der Amalfi Spider also alles andere als ein \u201cruhiges\u201d Auto.<\/p>\n\n\n\n<h2 class=\"wp-block-heading\">Ein zutiefst modernisiertes Interieur<\/h2>\n\n\n\n<p>An Bord ist die Entwicklung am deutlichsten sichtbar. Der Amalfi Spider \u00fcbernimmt den v\u00f6llig neu gestalteten Innenraum der Coup\u00e9-Version. Das Cockpit nimmt eine minimalistische Architektur mit drei Bildschirmen an: ein 15,6-Zoll-Digitalkombi f\u00fcr den Fahrer, einen 10,25-Zoll-Mittelbildschirm f\u00fcr das Multimediasystem und einen 8,8-Zoll-Beifahrerbildschirm.<\/p>\n\n\n\n<figure class=\"wp-block-image size-large\"><img loading=\"lazy\" decoding=\"async\" width=\"1200\" height=\"800\" src=\"https:\/\/www.italpassion.fr\/wp-content\/uploads\/2026\/03\/ferrari-amalfi-spider-6-1200x800.jpg\" alt=\"\" class=\"wp-image-47467\" srcset=\"https:\/\/www.italpassion.fr\/wp-content\/uploads\/2026\/03\/ferrari-amalfi-spider-6-scaled.jpg 1200w, https:\/\/www.italpassion.fr\/wp-content\/uploads\/2026\/03\/ferrari-amalfi-spider-6-420x280.jpg 420w, https:\/\/www.italpassion.fr\/wp-content\/uploads\/2026\/03\/ferrari-amalfi-spider-6-768x512.jpg 768w, https:\/\/www.italpassion.fr\/wp-content\/uploads\/2026\/03\/ferrari-amalfi-spider-6-18x12.jpg 18w\" sizes=\"auto, (max-width: 1200px) 100vw, 1200px\" \/><\/figure>\n\n\n\n<p>Ferrari markiert auch eine beliebte R\u00fcckkehr: die der physischen Tasten am Lenkrad und des Startknopfes aus Aluminium. Eine indirekte Antwort auf die Kritik an der Ergonomie fr\u00fcherer Ferraris mit ber\u00fchrungsempfindlichen Bedienelementen. Das Ganze beh\u00e4lt die von der Marke geliebte \u00abDual-Cockpit\u00bb-Philosophie bei, die den Fahrer- und den Beifahrerbereich optisch voneinander trennt.<\/p>\n\n\n\n<h2 class=\"wp-block-heading\">Ein Ferrari, der f\u00fcr den gro\u00dfen Tourismus gedacht ist... Version Dolce Vita<\/h2>\n\n\n\n<p>Der Ferrari Amalfi Spider geh\u00f6rt zu einer ziemlich einzigartigen Kategorie: die der offenen sportlichen GTs mit V8-Motor, der in der vorderen Mitte platziert ist. In diesem Segment finden sich Modelle wie das Porsche 911 Turbo S Cabriolet, der Aston Martin V8 Vantage Roadster oder auch der Bentley Continental GTC. Ferrari beh\u00e4lt hier jedoch einen exotischeren und emotionaleren Ansatz bei.<\/p>\n\n\n\n<p>Die Preise wurden noch nicht offiziell best\u00e4tigt, aber Sch\u00e4tzungen gehen von einem Preis nahe 270.000 bis 300.000 Euro aus, also etwa 30.000 Euro mehr als die Coup\u00e9-Version.<\/p>\n\n\n\n<p>Mit dem Amalfi Spider revolutioniert Ferrari das Rezept des Roma nicht... aber er verbessert es, wo es n\u00f6tig war. Ein weniger kontroverses Frontdesign, ein modernisierter Innenraum und immer noch der V8-Biturbo, der jede Fahrt zu einem Erlebnis macht.<\/p>\n\n\n\n<figure class=\"wp-block-embed is-type-video is-provider-youtube wp-block-embed-youtube wp-embed-aspect-16-9 wp-has-aspect-ratio\"><div class=\"wp-block-embed__wrapper\">\n<iframe loading=\"lazy\" title=\"Greet the Ferrari Amalfi Spider\" width=\"1200\" height=\"675\" src=\"https:\/\/www.youtube-nocookie.com\/embed\/TY_icXkd0oI?feature=oembed\" frameborder=\"0\" allow=\"accelerometer; autoplay; clipboard-write; encrypted-media; gyroscope; picture-in-picture; web-share\" referrerpolicy=\"strict-origin-when-cross-origin\" allowfullscreen><\/iframe>\n<\/div><\/figure>","protected":false},"excerpt":{"rendered":"","protected":false},"author":1,"featured_media":47459,"comment_status":"open","ping_status":"open","sticky":false,"template":"","format":"standard","meta":{"_acf_changed":false,"_sitemap_exclude":false,"_sitemap_priority":"","_sitemap_frequency":"","footnotes":""},"categories":[23],"tags":[455,479],"class_list":["post-47458","post","type-post","status-publish","format-standard","has-post-thumbnail","hentry","category-ferrari","tag-ferrari-amalfi","tag-ferrari-amalfi-spider","generate-columns","tablet-grid-50","mobile-grid-100","grid-parent","grid-33"],"acf":[],"yoast_head":"<!-- This site is optimized with the Yoast SEO plugin v25.8 - https:\/\/yoast.com\/wordpress\/plugins\/seo\/ -->\n<title>Ferrari d\u00e9voile l&#039;Amalfi Spider\u2026 et corrige enfin le principal d\u00e9faut que les propri\u00e9taires reprochaient \u00e0 la Roma Spider - ItalPassion<\/title>\n<meta name=\"description\" content=\"\u00c0 Maranello, certaines nouveaut\u00e9s n\u2019ont rien d\u2019une surprise\u2026 mais elles restent toujours un \u00e9v\u00e9nement. Moins d\u2019un an apr\u00e8s la pr\u00e9sentation de la Ferrari\" \/>\n<meta name=\"robots\" content=\"index, follow, max-snippet:-1, max-image-preview:large, max-video-preview:-1\" \/>\n<link rel=\"canonical\" href=\"https:\/\/www.italpassion.fr\/de\/ferrari\/ferrari-enthullt-lamalfi-spider-und-behebt-endlich-den-hauptfehler-den-die-besitzer-dem-roma-spider-vorgeworfen-haben\/\" \/>\n<meta property=\"og:locale\" content=\"de_DE\" \/>\n<meta property=\"og:type\" content=\"article\" \/>\n<meta property=\"og:title\" content=\"Ferrari d\u00e9voile l&#039;Amalfi Spider\u2026 et corrige enfin le principal d\u00e9faut que les propri\u00e9taires reprochaient \u00e0 la Roma Spider - ItalPassion\" \/>\n<meta property=\"og:description\" content=\"\u00c0 Maranello, certaines nouveaut\u00e9s n\u2019ont rien d\u2019une surprise\u2026 mais elles restent toujours un \u00e9v\u00e9nement. Moins d\u2019un an apr\u00e8s la pr\u00e9sentation de la Ferrari\" \/>\n<meta property=\"og:url\" content=\"https:\/\/www.italpassion.fr\/de\/ferrari\/ferrari-enthullt-lamalfi-spider-und-behebt-endlich-den-hauptfehler-den-die-besitzer-dem-roma-spider-vorgeworfen-haben\/\" \/>\n<meta property=\"og:site_name\" content=\"ItalPassion\" \/>\n<meta property=\"article:publisher\" content=\"https:\/\/www.facebook.com\/italpassion\" \/>\n<meta property=\"article:published_time\" content=\"2026-03-13T09:36:02+00:00\" \/>\n<meta property=\"og:image\" content=\"https:\/\/www.italpassion.fr\/wp-content\/uploads\/2026\/03\/ferrari-amalfi-spider-0-scaled.jpg\" \/>\n\t<meta property=\"og:image:width\" content=\"1200\" \/>\n\t<meta property=\"og:image:height\" content=\"800\" \/>\n\t<meta property=\"og:image:type\" content=\"image\/jpeg\" \/>\n<meta name=\"author\" content=\"Alexandre Filluzeau\" \/>\n<meta name=\"twitter:card\" content=\"summary_large_image\" \/>\n<meta name=\"twitter:creator\" content=\"@italpassion\" \/>\n<meta name=\"twitter:site\" content=\"@italpassion\" \/>\n<script type=\"application\/ld+json\" class=\"yoast-schema-graph\">{\"@context\":\"https:\/\/schema.org\",\"@graph\":[{\"@type\":\"NewsArticle\",\"@id\":\"https:\/\/www.italpassion.fr\/de\/ferrari\/ferrari-devoile-lamalfi-spider-et-corrige-enfin-le-principal-defaut-que-les-proprietaires-reprochaient-a-la-roma-spider\/#article\",\"isPartOf\":{\"@id\":\"https:\/\/www.italpassion.fr\/de\/ferrari\/ferrari-devoile-lamalfi-spider-et-corrige-enfin-le-principal-defaut-que-les-proprietaires-reprochaient-a-la-roma-spider\/\"},\"author\":{\"name\":\"Alexandre Filluzeau\",\"@id\":\"https:\/\/www.italpassion.fr\/de\/#\/schema\/person\/36f747b2a759ca202d847e85a9434ca0\"},\"headline\":\"Ferrari d\u00e9voile l&rsquo;Amalfi Spider\u2026 et corrige enfin le principal d\u00e9faut que les propri\u00e9taires reprochaient \u00e0 la Roma Spider\",\"datePublished\":\"2026-03-13T09:36:02+00:00\",\"mainEntityOfPage\":{\"@id\":\"https:\/\/www.italpassion.fr\/de\/ferrari\/ferrari-devoile-lamalfi-spider-et-corrige-enfin-le-principal-defaut-que-les-proprietaires-reprochaient-a-la-roma-spider\/\"},\"wordCount\":882,\"commentCount\":2,\"publisher\":{\"@id\":\"https:\/\/www.italpassion.fr\/de\/#organization\"},\"image\":{\"@id\":\"https:\/\/www.italpassion.fr\/de\/ferrari\/ferrari-devoile-lamalfi-spider-et-corrige-enfin-le-principal-defaut-que-les-proprietaires-reprochaient-a-la-roma-spider\/#primaryimage\"},\"thumbnailUrl\":\"https:\/\/www.italpassion.fr\/wp-content\/uploads\/2026\/03\/ferrari-amalfi-spider-0-scaled.jpg\",\"keywords\":[\"Ferrari Amalfi\",\"Ferrari Amalfi Spider\"],\"articleSection\":[\"Ferrari\"],\"inLanguage\":\"de\",\"potentialAction\":[{\"@type\":\"CommentAction\",\"name\":\"Comment\",\"target\":[\"https:\/\/www.italpassion.fr\/de\/ferrari\/ferrari-devoile-lamalfi-spider-et-corrige-enfin-le-principal-defaut-que-les-proprietaires-reprochaient-a-la-roma-spider\/#respond\"]}]},{\"@type\":\"WebPage\",\"@id\":\"https:\/\/www.italpassion.fr\/de\/ferrari\/ferrari-devoile-lamalfi-spider-et-corrige-enfin-le-principal-defaut-que-les-proprietaires-reprochaient-a-la-roma-spider\/\",\"url\":\"https:\/\/www.italpassion.fr\/de\/ferrari\/ferrari-devoile-lamalfi-spider-et-corrige-enfin-le-principal-defaut-que-les-proprietaires-reprochaient-a-la-roma-spider\/\",\"name\":\"Ferrari d\u00e9voile l'Amalfi Spider\u2026 et corrige enfin le principal d\u00e9faut que les propri\u00e9taires reprochaient \u00e0 la Roma Spider - ItalPassion\",\"isPartOf\":{\"@id\":\"https:\/\/www.italpassion.fr\/de\/#website\"},\"primaryImageOfPage\":{\"@id\":\"https:\/\/www.italpassion.fr\/de\/ferrari\/ferrari-devoile-lamalfi-spider-et-corrige-enfin-le-principal-defaut-que-les-proprietaires-reprochaient-a-la-roma-spider\/#primaryimage\"},\"image\":{\"@id\":\"https:\/\/www.italpassion.fr\/de\/ferrari\/ferrari-devoile-lamalfi-spider-et-corrige-enfin-le-principal-defaut-que-les-proprietaires-reprochaient-a-la-roma-spider\/#primaryimage\"},\"thumbnailUrl\":\"https:\/\/www.italpassion.fr\/wp-content\/uploads\/2026\/03\/ferrari-amalfi-spider-0-scaled.jpg\",\"datePublished\":\"2026-03-13T09:36:02+00:00\",\"description\":\"\u00c0 Maranello, certaines nouveaut\u00e9s n\u2019ont rien d\u2019une surprise\u2026 mais elles restent toujours un \u00e9v\u00e9nement. Moins d\u2019un an apr\u00e8s la pr\u00e9sentation de la Ferrari\",\"breadcrumb\":{\"@id\":\"https:\/\/www.italpassion.fr\/de\/ferrari\/ferrari-devoile-lamalfi-spider-et-corrige-enfin-le-principal-defaut-que-les-proprietaires-reprochaient-a-la-roma-spider\/#breadcrumb\"},\"inLanguage\":\"de\",\"potentialAction\":[{\"@type\":\"ReadAction\",\"target\":[\"https:\/\/www.italpassion.fr\/de\/ferrari\/ferrari-devoile-lamalfi-spider-et-corrige-enfin-le-principal-defaut-que-les-proprietaires-reprochaient-a-la-roma-spider\/\"]}]},{\"@type\":\"ImageObject\",\"inLanguage\":\"de\",\"@id\":\"https:\/\/www.italpassion.fr\/de\/ferrari\/ferrari-devoile-lamalfi-spider-et-corrige-enfin-le-principal-defaut-que-les-proprietaires-reprochaient-a-la-roma-spider\/#primaryimage\",\"url\":\"https:\/\/www.italpassion.fr\/wp-content\/uploads\/2026\/03\/ferrari-amalfi-spider-0-scaled.jpg\",\"contentUrl\":\"https:\/\/www.italpassion.fr\/wp-content\/uploads\/2026\/03\/ferrari-amalfi-spider-0-scaled.jpg\",\"width\":1200,\"height\":800},{\"@type\":\"BreadcrumbList\",\"@id\":\"https:\/\/www.italpassion.fr\/de\/ferrari\/ferrari-devoile-lamalfi-spider-et-corrige-enfin-le-principal-defaut-que-les-proprietaires-reprochaient-a-la-roma-spider\/#breadcrumb\",\"itemListElement\":[{\"@type\":\"ListItem\",\"position\":1,\"name\":\"Accueil\",\"item\":\"https:\/\/www.italpassion.fr\/de\/\"},{\"@type\":\"ListItem\",\"position\":2,\"name\":\"Ferrari d\u00e9voile l&rsquo;Amalfi Spider\u2026 et corrige enfin le principal d\u00e9faut que les propri\u00e9taires reprochaient \u00e0 la Roma Spider\"}]},{\"@type\":\"WebSite\",\"@id\":\"https:\/\/www.italpassion.fr\/de\/#website\",\"url\":\"https:\/\/www.italpassion.fr\/de\/\",\"name\":\"ItalPassion\",\"description\":\"Les Passionn\u00e9s d&#039;Automobiles Italiennes\",\"publisher\":{\"@id\":\"https:\/\/www.italpassion.fr\/de\/#organization\"},\"potentialAction\":[{\"@type\":\"SearchAction\",\"target\":{\"@type\":\"EntryPoint\",\"urlTemplate\":\"https:\/\/www.italpassion.fr\/de\/?s={search_term_string}\"},\"query-input\":{\"@type\":\"PropertyValueSpecification\",\"valueRequired\":true,\"valueName\":\"search_term_string\"}}],\"inLanguage\":\"de\"},{\"@type\":\"Organization\",\"@id\":\"https:\/\/www.italpassion.fr\/de\/#organization\",\"name\":\"Italpassion\",\"url\":\"https:\/\/www.italpassion.fr\/de\/\",\"logo\":{\"@type\":\"ImageObject\",\"inLanguage\":\"de\",\"@id\":\"https:\/\/www.italpassion.fr\/de\/#\/schema\/logo\/image\/\",\"url\":\"https:\/\/www.italpassion.fr\/wp-content\/uploads\/2023\/07\/italpassion-yoast.jpg\",\"contentUrl\":\"https:\/\/www.italpassion.fr\/wp-content\/uploads\/2023\/07\/italpassion-yoast.jpg\",\"width\":696,\"height\":696,\"caption\":\"Italpassion\"},\"image\":{\"@id\":\"https:\/\/www.italpassion.fr\/de\/#\/schema\/logo\/image\/\"},\"sameAs\":[\"https:\/\/www.facebook.com\/italpassion\",\"https:\/\/x.com\/italpassion\",\"https:\/\/www.instagram.com\/italpassionfr\/\",\"https:\/\/www.youtube.com\/channel\/UCleq-ByQaA42OjhopwevRjQ\",\"https:\/\/www.facebook.com\/italpassion.en\/\",\"https:\/\/www.facebook.com\/italpassion.it\/\",\"https:\/\/www.facebook.com\/italpassion.de\/\",\"https:\/\/www.facebook.com\/italpassion.ja\/\"]},{\"@type\":\"Person\",\"@id\":\"https:\/\/www.italpassion.fr\/de\/#\/schema\/person\/36f747b2a759ca202d847e85a9434ca0\",\"name\":\"Alexandre Filluzeau\",\"image\":{\"@type\":\"ImageObject\",\"inLanguage\":\"de\",\"@id\":\"https:\/\/www.italpassion.fr\/de\/#\/schema\/person\/image\/\",\"url\":\"https:\/\/www.italpassion.fr\/wp-content\/uploads\/2025\/04\/avatar-alexandre-160x160.jpg\",\"contentUrl\":\"https:\/\/www.italpassion.fr\/wp-content\/uploads\/2025\/04\/avatar-alexandre-160x160.jpg\",\"caption\":\"Alexandre Filluzeau\"},\"description\":\"Fondateur du site ItalPassion, passionn\u00e9 de voitures italiennes et de l'Italie en g\u00e9n\u00e9ral. J'apporte un regard critique et technique aux actualit\u00e9s des marques italiennes quand cela est possible. Propri\u00e9taire d'une Maserati GranTurismo, Alfa Romeo MiTo, Lancia Fulvia et Ducati 695. Ex-propri\u00e9taire d'une Alfa Romeo Giulia.\",\"sameAs\":[\"https:\/\/www.italpassion.fr\/\"],\"url\":\"https:\/\/www.italpassion.fr\/de\/author\/alexandre\/\"}]}<\/script>\n<!-- \/ Yoast SEO plugin. -->","yoast_head_json":{"title":"Ferrari enth\u00fcllt den Amalfi Spider ... und behebt endlich den Hauptfehler, den die Besitzer am Roma Spider bem\u00e4ngelten - ItalPassion","description":"In Maranello sind manche Neuheiten keine \u00dcberraschung - aber immer noch ein Ereignis. Weniger als ein Jahr nach der Vorstellung des Ferrari","robots":{"index":"index","follow":"follow","max-snippet":"max-snippet:-1","max-image-preview":"max-image-preview:large","max-video-preview":"max-video-preview:-1"},"canonical":"https:\/\/www.italpassion.fr\/de\/ferrari\/ferrari-enthullt-lamalfi-spider-und-behebt-endlich-den-hauptfehler-den-die-besitzer-dem-roma-spider-vorgeworfen-haben\/","og_locale":"de_DE","og_type":"article","og_title":"Ferrari d\u00e9voile l'Amalfi Spider\u2026 et corrige enfin le principal d\u00e9faut que les propri\u00e9taires reprochaient \u00e0 la Roma Spider - ItalPassion","og_description":"\u00c0 Maranello, certaines nouveaut\u00e9s n\u2019ont rien d\u2019une surprise\u2026 mais elles restent toujours un \u00e9v\u00e9nement. Moins d\u2019un an apr\u00e8s la pr\u00e9sentation de la Ferrari","og_url":"https:\/\/www.italpassion.fr\/de\/ferrari\/ferrari-enthullt-lamalfi-spider-und-behebt-endlich-den-hauptfehler-den-die-besitzer-dem-roma-spider-vorgeworfen-haben\/","og_site_name":"ItalPassion","article_publisher":"https:\/\/www.facebook.com\/italpassion","article_published_time":"2026-03-13T09:36:02+00:00","og_image":[{"width":1200,"height":800,"url":"https:\/\/www.italpassion.fr\/wp-content\/uploads\/2026\/03\/ferrari-amalfi-spider-0-scaled.jpg","type":"image\/jpeg"}],"author":"Alexandre Filluzeau","twitter_card":"summary_large_image","twitter_creator":"@italpassion","twitter_site":"@italpassion","schema":{"@context":"https:\/\/schema.org","@graph":[{"@type":"NewsArticle","@id":"https:\/\/www.italpassion.fr\/de\/ferrari\/ferrari-devoile-lamalfi-spider-et-corrige-enfin-le-principal-defaut-que-les-proprietaires-reprochaient-a-la-roma-spider\/#article","isPartOf":{"@id":"https:\/\/www.italpassion.fr\/de\/ferrari\/ferrari-devoile-lamalfi-spider-et-corrige-enfin-le-principal-defaut-que-les-proprietaires-reprochaient-a-la-roma-spider\/"},"author":{"name":"Alexandre Filluzeau","@id":"https:\/\/www.italpassion.fr\/de\/#\/schema\/person\/36f747b2a759ca202d847e85a9434ca0"},"headline":"Ferrari d\u00e9voile l&rsquo;Amalfi Spider\u2026 et corrige enfin le principal d\u00e9faut que les propri\u00e9taires reprochaient \u00e0 la Roma Spider","datePublished":"2026-03-13T09:36:02+00:00","mainEntityOfPage":{"@id":"https:\/\/www.italpassion.fr\/de\/ferrari\/ferrari-devoile-lamalfi-spider-et-corrige-enfin-le-principal-defaut-que-les-proprietaires-reprochaient-a-la-roma-spider\/"},"wordCount":882,"commentCount":2,"publisher":{"@id":"https:\/\/www.italpassion.fr\/de\/#organization"},"image":{"@id":"https:\/\/www.italpassion.fr\/de\/ferrari\/ferrari-devoile-lamalfi-spider-et-corrige-enfin-le-principal-defaut-que-les-proprietaires-reprochaient-a-la-roma-spider\/#primaryimage"},"thumbnailUrl":"https:\/\/www.italpassion.fr\/wp-content\/uploads\/2026\/03\/ferrari-amalfi-spider-0-scaled.jpg","keywords":["Ferrari Amalfi","Ferrari Amalfi Spider"],"articleSection":["Ferrari"],"inLanguage":"de","potentialAction":[{"@type":"CommentAction","name":"Comment","target":["https:\/\/www.italpassion.fr\/de\/ferrari\/ferrari-devoile-lamalfi-spider-et-corrige-enfin-le-principal-defaut-que-les-proprietaires-reprochaient-a-la-roma-spider\/#respond"]}]},{"@type":"WebPage","@id":"https:\/\/www.italpassion.fr\/de\/ferrari\/ferrari-devoile-lamalfi-spider-et-corrige-enfin-le-principal-defaut-que-les-proprietaires-reprochaient-a-la-roma-spider\/","url":"https:\/\/www.italpassion.fr\/de\/ferrari\/ferrari-devoile-lamalfi-spider-et-corrige-enfin-le-principal-defaut-que-les-proprietaires-reprochaient-a-la-roma-spider\/","name":"Ferrari enth\u00fcllt den Amalfi Spider ... und behebt endlich den Hauptfehler, den die Besitzer am Roma Spider bem\u00e4ngelten - ItalPassion","isPartOf":{"@id":"https:\/\/www.italpassion.fr\/de\/#website"},"primaryImageOfPage":{"@id":"https:\/\/www.italpassion.fr\/de\/ferrari\/ferrari-devoile-lamalfi-spider-et-corrige-enfin-le-principal-defaut-que-les-proprietaires-reprochaient-a-la-roma-spider\/#primaryimage"},"image":{"@id":"https:\/\/www.italpassion.fr\/de\/ferrari\/ferrari-devoile-lamalfi-spider-et-corrige-enfin-le-principal-defaut-que-les-proprietaires-reprochaient-a-la-roma-spider\/#primaryimage"},"thumbnailUrl":"https:\/\/www.italpassion.fr\/wp-content\/uploads\/2026\/03\/ferrari-amalfi-spider-0-scaled.jpg","datePublished":"2026-03-13T09:36:02+00:00","description":"In Maranello sind manche Neuheiten keine \u00dcberraschung - aber immer noch ein Ereignis. Weniger als ein Jahr nach der Vorstellung des Ferrari","breadcrumb":{"@id":"https:\/\/www.italpassion.fr\/de\/ferrari\/ferrari-devoile-lamalfi-spider-et-corrige-enfin-le-principal-defaut-que-les-proprietaires-reprochaient-a-la-roma-spider\/#breadcrumb"},"inLanguage":"de","potentialAction":[{"@type":"ReadAction","target":["https:\/\/www.italpassion.fr\/de\/ferrari\/ferrari-devoile-lamalfi-spider-et-corrige-enfin-le-principal-defaut-que-les-proprietaires-reprochaient-a-la-roma-spider\/"]}]},{"@type":"ImageObject","inLanguage":"de","@id":"https:\/\/www.italpassion.fr\/de\/ferrari\/ferrari-devoile-lamalfi-spider-et-corrige-enfin-le-principal-defaut-que-les-proprietaires-reprochaient-a-la-roma-spider\/#primaryimage","url":"https:\/\/www.italpassion.fr\/wp-content\/uploads\/2026\/03\/ferrari-amalfi-spider-0-scaled.jpg","contentUrl":"https:\/\/www.italpassion.fr\/wp-content\/uploads\/2026\/03\/ferrari-amalfi-spider-0-scaled.jpg","width":1200,"height":800},{"@type":"BreadcrumbList","@id":"https:\/\/www.italpassion.fr\/de\/ferrari\/ferrari-devoile-lamalfi-spider-et-corrige-enfin-le-principal-defaut-que-les-proprietaires-reprochaient-a-la-roma-spider\/#breadcrumb","itemListElement":[{"@type":"ListItem","position":1,"name":"Accueil","item":"https:\/\/www.italpassion.fr\/de\/"},{"@type":"ListItem","position":2,"name":"Ferrari d\u00e9voile l&rsquo;Amalfi Spider\u2026 et corrige enfin le principal d\u00e9faut que les propri\u00e9taires reprochaient \u00e0 la Roma Spider"}]},{"@type":"WebSite","@id":"https:\/\/www.italpassion.fr\/de\/#website","url":"https:\/\/www.italpassion.fr\/de\/","name":"ItalPassion","description":"Die Liebhaber italienischer Autos","publisher":{"@id":"https:\/\/www.italpassion.fr\/de\/#organization"},"potentialAction":[{"@type":"SearchAction","target":{"@type":"EntryPoint","urlTemplate":"https:\/\/www.italpassion.fr\/de\/?s={search_term_string}"},"query-input":{"@type":"PropertyValueSpecification","valueRequired":true,"valueName":"search_term_string"}}],"inLanguage":"de"},{"@type":"Organization","@id":"https:\/\/www.italpassion.fr\/de\/#organization","name":"Italpassion","url":"https:\/\/www.italpassion.fr\/de\/","logo":{"@type":"ImageObject","inLanguage":"de","@id":"https:\/\/www.italpassion.fr\/de\/#\/schema\/logo\/image\/","url":"https:\/\/www.italpassion.fr\/wp-content\/uploads\/2023\/07\/italpassion-yoast.jpg","contentUrl":"https:\/\/www.italpassion.fr\/wp-content\/uploads\/2023\/07\/italpassion-yoast.jpg","width":696,"height":696,"caption":"Italpassion"},"image":{"@id":"https:\/\/www.italpassion.fr\/de\/#\/schema\/logo\/image\/"},"sameAs":["https:\/\/www.facebook.com\/italpassion","https:\/\/x.com\/italpassion","https:\/\/www.instagram.com\/italpassionfr\/","https:\/\/www.youtube.com\/channel\/UCleq-ByQaA42OjhopwevRjQ","https:\/\/www.facebook.com\/italpassion.en\/","https:\/\/www.facebook.com\/italpassion.it\/","https:\/\/www.facebook.com\/italpassion.de\/","https:\/\/www.facebook.com\/italpassion.ja\/"]},{"@type":"Person","@id":"https:\/\/www.italpassion.fr\/de\/#\/schema\/person\/36f747b2a759ca202d847e85a9434ca0","name":"Alexandre Filluzeau","image":{"@type":"ImageObject","inLanguage":"de","@id":"https:\/\/www.italpassion.fr\/de\/#\/schema\/person\/image\/","url":"https:\/\/www.italpassion.fr\/wp-content\/uploads\/2025\/04\/avatar-alexandre-160x160.jpg","contentUrl":"https:\/\/www.italpassion.fr\/wp-content\/uploads\/2025\/04\/avatar-alexandre-160x160.jpg","caption":"Alexandre Filluzeau"},"description":"Gr\u00fcnder der Website ItalPassion, leidenschaftlicher Fan von italienischen Autos und Italien im Allgemeinen. Ich bringe einen kritischen und technischen Blick auf die Nachrichten der italienischen Marken, wann immer es m\u00f6glich ist. Besitzer eines Maserati GranTurismo, Alfa Romeo MiTo, Lancia Fulvia und Ducati 695. Ex-Besitzer einer Alfa Romeo Giulia.","sameAs":["https:\/\/www.italpassion.fr\/"],"url":"https:\/\/www.italpassion.fr\/de\/author\/alexandre\/"}]}},"_links":{"self":[{"href":"https:\/\/www.italpassion.fr\/de\/wp-json\/wp\/v2\/posts\/47458","targetHints":{"allow":["GET"]}}],"collection":[{"href":"https:\/\/www.italpassion.fr\/de\/wp-json\/wp\/v2\/posts"}],"about":[{"href":"https:\/\/www.italpassion.fr\/de\/wp-json\/wp\/v2\/types\/post"}],"author":[{"embeddable":true,"href":"https:\/\/www.italpassion.fr\/de\/wp-json\/wp\/v2\/users\/1"}],"replies":[{"embeddable":true,"href":"https:\/\/www.italpassion.fr\/de\/wp-json\/wp\/v2\/comments?post=47458"}],"version-history":[{"count":1,"href":"https:\/\/www.italpassion.fr\/de\/wp-json\/wp\/v2\/posts\/47458\/revisions"}],"predecessor-version":[{"id":47468,"href":"https:\/\/www.italpassion.fr\/de\/wp-json\/wp\/v2\/posts\/47458\/revisions\/47468"}],"wp:featuredmedia":[{"embeddable":true,"href":"https:\/\/www.italpassion.fr\/de\/wp-json\/wp\/v2\/media\/47459"}],"wp:attachment":[{"href":"https:\/\/www.italpassion.fr\/de\/wp-json\/wp\/v2\/media?parent=47458"}],"wp:term":[{"taxonomy":"category","embeddable":true,"href":"https:\/\/www.italpassion.fr\/de\/wp-json\/wp\/v2\/categories?post=47458"},{"taxonomy":"post_tag","embeddable":true,"href":"https:\/\/www.italpassion.fr\/de\/wp-json\/wp\/v2\/tags?post=47458"}],"curies":[{"name":"wp","href":"https:\/\/api.w.org\/{rel}","templated":true}]}}