{"id":45891,"date":"2026-01-29T15:17:59","date_gmt":"2026-01-29T14:17:59","guid":{"rendered":"https:\/\/www.italpassion.fr\/?p=45891"},"modified":"2026-01-29T15:17:59","modified_gmt":"2026-01-29T14:17:59","slug":"ferrari-296-gt3-evo-kein-leichtes-debut-in-daytona","status":"publish","type":"post","link":"https:\/\/www.italpassion.fr\/de\/competition\/imsa\/ferrari-296-gt3-evo-des-debuts-pas-faciles-a-daytona\/","title":{"rendered":"Ferrari 296 GT3 Evo: Ein (nicht ganz einfaches) Deb\u00fct in Daytona!"},"content":{"rendered":"<figure class=\"wp-block-image size-full\"><img loading=\"lazy\" decoding=\"async\" width=\"1200\" height=\"800\" src=\"https:\/\/www.italpassion.fr\/wp-content\/uploads\/2026\/01\/296-GT3-EVO.jpg\" alt=\"\" class=\"wp-image-45892\" srcset=\"https:\/\/www.italpassion.fr\/wp-content\/uploads\/2026\/01\/296-GT3-EVO.jpg 1200w, https:\/\/www.italpassion.fr\/wp-content\/uploads\/2026\/01\/296-GT3-EVO-420x280.jpg 420w, https:\/\/www.italpassion.fr\/wp-content\/uploads\/2026\/01\/296-GT3-EVO-768x512.jpg 768w, https:\/\/www.italpassion.fr\/wp-content\/uploads\/2026\/01\/296-GT3-EVO-18x12.jpg 18w\" sizes=\"auto, (max-width: 1200px) 100vw, 1200px\" \/><\/figure>\n\n\n\n<p>F\u00fcnf Autos im Ziel, aber kein Sieg oder Podiumsplatz. Der erste Einsatz des neuen Ferrari 296 GT3 Evo fand an diesem Wochenende bei den 24 Stunden von Daytona statt, dem ersten Lauf der nordamerikanischen IMSA Langstreckenmeisterschaft. \"Wie vor dem Rennen erwartet, erwies sich der erste Lauf der IMSA SportsCar Championship 2026 als schwierig f\u00fcr die Autos aus Maranello\", hei\u00dft es in der Pressemitteilung von Ferrari nach dem Klassiker in Florida.<\/p>\n\n\n\n<p>Am Ende konnte sich Maranello mit einigen Ehrenpl\u00e4tzen schm\u00fccken. In der GTD-Klasse belegte der Ferrari Nr. 21 des Teams AF Corse nach zwei Runden den f\u00fcnften Platz. In der GTD Pro-Klasse belegte der 296 GT3 Evo des Teams Triarsi Competizione den 8. <\/p>\n\n\n\n<h2 class=\"wp-block-heading\">Entt\u00e4uschend in GTD Pro<\/h2>\n\n\n\n<p>Die Ferraris schienen nicht in der Lage zu sein, die Chevrolet Corvette, den Ford Mustang, den Mercedes-AMG GT3 und den BMW M4 im Kampf um die vorderen Pl\u00e4tze zu schlagen. Der 296 GT3 Evo war an diesem Wochenende mit 1323 kg das leichteste Fahrzeug im Feld, da die Balance of Performance (BOP) die Autos ausbalancierte. Die Leistung war jedoch gedeckelt: 88,9 % der verf\u00fcgbaren Kavallerie unterhalb von 190 km\/h und 85 % oberhalb von 200 km\/h.<\/p>\n\n\n\n<p>Die Aufgabe war also nicht einfach in den schnellen Abschnitten des ber\u00fcchtigten \"Bankings\" oder bei der Suche nach einer L\u00fccke im Verkehr. In einem Rennen, das oft erst in den letzten zwei Stunden entschieden wird, ist dies immer von entscheidender Bedeutung. \"In der Qualifikation haben wir gesehen, dass wir auf einer Runde da sind. Im Rennen,<br>Das ist schwieriger\", urteilte Lilou Wadoux, die offizielle Fahrerin der Marke und hier mit der Nr. 21 in der GTD-Klasse unterwegs, gegen\u00fcber unseren Kollegen von Auto Hebdo.<\/p>\n\n\n\n<p>Das Pech kam hinzu, als zwei Autos mit dem Cheval cabr\u00e9 zusammenstie\u00dfen. Nach zwei Rennstunden fuhr Daniel Serra im Risi-Ferrari #62 \u00fcber den Rasen neben der Rennstrecke und kollidierte mit einem anderen 296 GT3 des Triarsi-Teams. \"Wir mussten das Rennen beenden, weil eine Ber\u00fchrung zu einem Unfall gef\u00fchrt hat\", erkl\u00e4rte der Brasilianer in seinen sozialen Netzwerken.<\/p>\n\n\n\n<p>Ebenfalls in dieser GTD Pro-Klasse versuchte der Ferrari Nr. 033 (Triarsi Competizione) mehrere strategische Pokerspiele, um sich in den Kampf an der Spitze einzumischen. Dies war auch bei der letzten Neutralisation 2,5 Stunden vor dem Ziel der Fall. James Calado blieb auf der Strecke, als der Gro\u00dfteil des Feldes auftankte. Der amtierende Weltmeister lag bei der gr\u00fcnen Flagge auf dem zweiten Platz. Als die Autos wieder freigegeben wurden, fuhr der 296 GT3<br>Dennoch war er in eine strittige Aktion mit Nico Varrones Corvette Nr. 4 verwickelt. Calado wurde daf\u00fcr verantwortlich gemacht und erhielt eine Drive-Through-Strafe, die die Chancen des Ferrari auf das Podium beendete.<\/p>\n\n\n\n<h2 class=\"wp-block-heading\">Vielversprechend in GTD<\/h2>\n\n\n\n<p>F\u00fcr Ferrari gab es jedoch einige Lichtblicke in diesem Rennen, das durch eine \u00fcber sechsst\u00fcndige Neutralisation hinter dem Safety Car aufgrund von dichtem Nachtnebel gepr\u00e4gt war. Dies war vor allem in der GTD-Klasse der Fall. Die Startnummer 70 des Inception-Teams mit Frederik Schandorff am Steuer belegte den ersten Platz.<br>In den ersten beiden Stunden des Rennens \u00fcbernahm das Team mehrmals die F\u00fchrung. Die Nummer 21, die von AF Corse eingesetzt wurde, blieb auch am Sonntagmorgen in den Top 5.<\/p>\n\n\n\n<p>Bemerkenswert ist \u00fcbrigens die gute Leistung von Lilou Wadoux. Die Franz\u00f6sin - die ihren Vertrag als offizielle Ferrari-Fahrerin in diesem Winter verl\u00e4ngert hat - geh\u00f6rt zu den besten Fahrern, die vom Weltverband im streng \u00fcberwachten B-Pillar-Index als \"silber\" eingestuft werden. Sie muss also auf g\u00fcnstigere Umst\u00e4nde warten<br>um das Potenzial des Ferrari 296 GT3 Evo zu beurteilen. Vielleicht schon bei den 12 Stunden von Sebring Mitte M\u00e4rz.<\/p>\n\n\n\n<blockquote class=\"wp-block-quote is-layout-flow wp-block-quote-is-layout-flow\"><svg aria-hidden=\"true\" focusable=\"false\" class=\"icon icon-quote\" width=\"48\" height=\"48\"><use xlink:href=\"#icon-quote\"><\/use><\/svg>\n<p><strong>Erste R\u00fcckmeldungen von Michelin<\/strong><\/p>\n\n\n\n<p>Das ist ein weiteres Thema, das Ferrari interessiert. Als offizieller Hersteller der IMSA stellte Michelin in Daytona zwei neue Reifenserien vor. Bei den GTD- und GTD Pro-Reifen konnten an diesem Wochenende die ersten Erfahrungen mit den stark \u00fcberarbeiteten Pilot Sport Pro GT H1+ gemacht werden. Ihre richtige Verwendung wird in der IMSA entscheidend sein.<\/p>\n\n\n\n<p>Gleichzeitig gab Bibendum sein Deb\u00fct mit dem neuen Pilot Sport Endurance in der K\u00f6nigsklasse (der sogenannten GTP). Dieser wird ab M\u00e4rz auch in der Weltmeisterschaft (WEC) eingesetzt. Der Ferrari 499P, der in der Hypercar-Klasse antritt, wird ebenfalls mit diesem Reifen ausger\u00fcstet.<\/p>\n\n\n\n<p>Die wichtigste \u00c4nderung betrifft die ersten Runden, die im kalten Zustand gefahren werden, wie die Techniker des Reifenherstellers aus Clermont-Ferrand feststellten: \"Die neue Produktreihe bringt eine au\u00dferordentliche Verbesserung in Bezug auf das Warmlaufen\", erkl\u00e4rt Matthieu Bonardel, Direktor von Michelin Motorsport. Die Runde aus der Boxengasse ist mit dem Medium-Reifen 2026 im Durchschnitt 5 bis 8 Sekunden schneller als mit der Generation.<br>aller Autos im Vorjahr\". In der Zentrale des Langstreckenprogramms des Cheval cabr\u00e9 ist man<br>wahrscheinlich bereits dabei, die Datenbank mit dieser Art von Informationen zu f\u00fcttern...<\/p>\n<\/blockquote>","protected":false},"excerpt":{"rendered":"","protected":false},"author":6,"featured_media":45892,"comment_status":"open","ping_status":"open","sticky":false,"template":"","format":"standard","meta":{"_acf_changed":false,"_sitemap_exclude":false,"_sitemap_priority":"","_sitemap_frequency":"","footnotes":""},"categories":[584,408,323],"tags":[],"class_list":["post-45891","post","type-post","status-publish","format-standard","has-post-thumbnail","hentry","category-gt3","category-imsa","category-competition","generate-columns","tablet-grid-50","mobile-grid-100","grid-parent","grid-33"],"acf":[],"yoast_head":"<!-- This site is optimized with the Yoast SEO plugin v25.8 - https:\/\/yoast.com\/wordpress\/plugins\/seo\/ -->\n<title>Ferrari 296 GT3\u00a0Evo : des d\u00e9buts (pas faciles) \u00e0 Daytona ! - ItalPassion<\/title>\n<meta name=\"description\" content=\"Cinq voitures \u00e0 l\u2019arriv\u00e9e, mais pas de victoire ou de podium. La toute premi\u00e8re sortie en comp\u00e9tition de la nouvelle Ferrari 296 GT3 Evo a eu lieu ce\" \/>\n<meta name=\"robots\" content=\"index, follow, max-snippet:-1, max-image-preview:large, max-video-preview:-1\" \/>\n<link rel=\"canonical\" href=\"https:\/\/www.italpassion.fr\/de\/wettbewerb\/imsa\/ferrari-296-gt3-evo-kein-leichtes-debut-in-daytona\/\" \/>\n<meta property=\"og:locale\" content=\"de_DE\" \/>\n<meta property=\"og:type\" content=\"article\" \/>\n<meta property=\"og:title\" content=\"Ferrari 296 GT3\u00a0Evo : des d\u00e9buts (pas faciles) \u00e0 Daytona ! - ItalPassion\" \/>\n<meta property=\"og:description\" content=\"Cinq voitures \u00e0 l\u2019arriv\u00e9e, mais pas de victoire ou de podium. La toute premi\u00e8re sortie en comp\u00e9tition de la nouvelle Ferrari 296 GT3 Evo a eu lieu ce\" \/>\n<meta property=\"og:url\" content=\"https:\/\/www.italpassion.fr\/de\/wettbewerb\/imsa\/ferrari-296-gt3-evo-kein-leichtes-debut-in-daytona\/\" \/>\n<meta property=\"og:site_name\" content=\"ItalPassion\" \/>\n<meta property=\"article:publisher\" content=\"https:\/\/www.facebook.com\/italpassion\" \/>\n<meta property=\"article:published_time\" content=\"2026-01-29T14:17:59+00:00\" \/>\n<meta property=\"og:image\" content=\"https:\/\/www.italpassion.fr\/wp-content\/uploads\/2026\/01\/296-GT3-EVO.jpg\" \/>\n\t<meta property=\"og:image:width\" content=\"1200\" \/>\n\t<meta property=\"og:image:height\" content=\"800\" \/>\n\t<meta property=\"og:image:type\" content=\"image\/jpeg\" \/>\n<meta name=\"author\" content=\"Andy David (Auto Press Club)\" \/>\n<meta name=\"twitter:card\" content=\"summary_large_image\" \/>\n<meta name=\"twitter:creator\" content=\"@italpassion\" \/>\n<meta name=\"twitter:site\" content=\"@italpassion\" \/>\n<script type=\"application\/ld+json\" class=\"yoast-schema-graph\">{\"@context\":\"https:\/\/schema.org\",\"@graph\":[{\"@type\":\"NewsArticle\",\"@id\":\"https:\/\/www.italpassion.fr\/de\/competition\/imsa\/ferrari-296-gt3-evo-des-debuts-pas-faciles-a-daytona\/#article\",\"isPartOf\":{\"@id\":\"https:\/\/www.italpassion.fr\/de\/competition\/imsa\/ferrari-296-gt3-evo-des-debuts-pas-faciles-a-daytona\/\"},\"author\":{\"name\":\"Andy David (Auto Press Club)\",\"@id\":\"https:\/\/www.italpassion.fr\/de\/#\/schema\/person\/567af3a713ef4402a30af608feb37b67\"},\"headline\":\"Ferrari 296 GT3\u00a0Evo : des d\u00e9buts (pas faciles) \u00e0 Daytona !\",\"datePublished\":\"2026-01-29T14:17:59+00:00\",\"mainEntityOfPage\":{\"@id\":\"https:\/\/www.italpassion.fr\/de\/competition\/imsa\/ferrari-296-gt3-evo-des-debuts-pas-faciles-a-daytona\/\"},\"wordCount\":875,\"commentCount\":0,\"publisher\":{\"@id\":\"https:\/\/www.italpassion.fr\/de\/#organization\"},\"image\":{\"@id\":\"https:\/\/www.italpassion.fr\/de\/competition\/imsa\/ferrari-296-gt3-evo-des-debuts-pas-faciles-a-daytona\/#primaryimage\"},\"thumbnailUrl\":\"https:\/\/www.italpassion.fr\/wp-content\/uploads\/2026\/01\/296-GT3-EVO.jpg\",\"articleSection\":[\"GT3\",\"IMSA\",\"Sport Auto\"],\"inLanguage\":\"de\",\"potentialAction\":[{\"@type\":\"CommentAction\",\"name\":\"Comment\",\"target\":[\"https:\/\/www.italpassion.fr\/de\/competition\/imsa\/ferrari-296-gt3-evo-des-debuts-pas-faciles-a-daytona\/#respond\"]}]},{\"@type\":\"WebPage\",\"@id\":\"https:\/\/www.italpassion.fr\/de\/competition\/imsa\/ferrari-296-gt3-evo-des-debuts-pas-faciles-a-daytona\/\",\"url\":\"https:\/\/www.italpassion.fr\/de\/competition\/imsa\/ferrari-296-gt3-evo-des-debuts-pas-faciles-a-daytona\/\",\"name\":\"Ferrari 296 GT3\u00a0Evo : des d\u00e9buts (pas faciles) \u00e0 Daytona ! - ItalPassion\",\"isPartOf\":{\"@id\":\"https:\/\/www.italpassion.fr\/de\/#website\"},\"primaryImageOfPage\":{\"@id\":\"https:\/\/www.italpassion.fr\/de\/competition\/imsa\/ferrari-296-gt3-evo-des-debuts-pas-faciles-a-daytona\/#primaryimage\"},\"image\":{\"@id\":\"https:\/\/www.italpassion.fr\/de\/competition\/imsa\/ferrari-296-gt3-evo-des-debuts-pas-faciles-a-daytona\/#primaryimage\"},\"thumbnailUrl\":\"https:\/\/www.italpassion.fr\/wp-content\/uploads\/2026\/01\/296-GT3-EVO.jpg\",\"datePublished\":\"2026-01-29T14:17:59+00:00\",\"description\":\"Cinq voitures \u00e0 l\u2019arriv\u00e9e, mais pas de victoire ou de podium. La toute premi\u00e8re sortie en comp\u00e9tition de la nouvelle Ferrari 296 GT3 Evo a eu lieu ce\",\"breadcrumb\":{\"@id\":\"https:\/\/www.italpassion.fr\/de\/competition\/imsa\/ferrari-296-gt3-evo-des-debuts-pas-faciles-a-daytona\/#breadcrumb\"},\"inLanguage\":\"de\",\"potentialAction\":[{\"@type\":\"ReadAction\",\"target\":[\"https:\/\/www.italpassion.fr\/de\/competition\/imsa\/ferrari-296-gt3-evo-des-debuts-pas-faciles-a-daytona\/\"]}]},{\"@type\":\"ImageObject\",\"inLanguage\":\"de\",\"@id\":\"https:\/\/www.italpassion.fr\/de\/competition\/imsa\/ferrari-296-gt3-evo-des-debuts-pas-faciles-a-daytona\/#primaryimage\",\"url\":\"https:\/\/www.italpassion.fr\/wp-content\/uploads\/2026\/01\/296-GT3-EVO.jpg\",\"contentUrl\":\"https:\/\/www.italpassion.fr\/wp-content\/uploads\/2026\/01\/296-GT3-EVO.jpg\",\"width\":1200,\"height\":800},{\"@type\":\"BreadcrumbList\",\"@id\":\"https:\/\/www.italpassion.fr\/de\/competition\/imsa\/ferrari-296-gt3-evo-des-debuts-pas-faciles-a-daytona\/#breadcrumb\",\"itemListElement\":[{\"@type\":\"ListItem\",\"position\":1,\"name\":\"Accueil\",\"item\":\"https:\/\/www.italpassion.fr\/de\/\"},{\"@type\":\"ListItem\",\"position\":2,\"name\":\"Ferrari 296 GT3\u00a0Evo : des d\u00e9buts (pas faciles) \u00e0 Daytona !\"}]},{\"@type\":\"WebSite\",\"@id\":\"https:\/\/www.italpassion.fr\/de\/#website\",\"url\":\"https:\/\/www.italpassion.fr\/de\/\",\"name\":\"ItalPassion\",\"description\":\"Les Passionn\u00e9s d&#039;Automobiles Italiennes\",\"publisher\":{\"@id\":\"https:\/\/www.italpassion.fr\/de\/#organization\"},\"potentialAction\":[{\"@type\":\"SearchAction\",\"target\":{\"@type\":\"EntryPoint\",\"urlTemplate\":\"https:\/\/www.italpassion.fr\/de\/?s={search_term_string}\"},\"query-input\":{\"@type\":\"PropertyValueSpecification\",\"valueRequired\":true,\"valueName\":\"search_term_string\"}}],\"inLanguage\":\"de\"},{\"@type\":\"Organization\",\"@id\":\"https:\/\/www.italpassion.fr\/de\/#organization\",\"name\":\"Italpassion\",\"url\":\"https:\/\/www.italpassion.fr\/de\/\",\"logo\":{\"@type\":\"ImageObject\",\"inLanguage\":\"de\",\"@id\":\"https:\/\/www.italpassion.fr\/de\/#\/schema\/logo\/image\/\",\"url\":\"https:\/\/www.italpassion.fr\/wp-content\/uploads\/2023\/07\/italpassion-yoast.jpg\",\"contentUrl\":\"https:\/\/www.italpassion.fr\/wp-content\/uploads\/2023\/07\/italpassion-yoast.jpg\",\"width\":696,\"height\":696,\"caption\":\"Italpassion\"},\"image\":{\"@id\":\"https:\/\/www.italpassion.fr\/de\/#\/schema\/logo\/image\/\"},\"sameAs\":[\"https:\/\/www.facebook.com\/italpassion\",\"https:\/\/x.com\/italpassion\",\"https:\/\/www.instagram.com\/italpassionfr\/\",\"https:\/\/www.youtube.com\/channel\/UCleq-ByQaA42OjhopwevRjQ\",\"https:\/\/www.facebook.com\/italpassion.en\/\",\"https:\/\/www.facebook.com\/italpassion.it\/\",\"https:\/\/www.facebook.com\/italpassion.de\/\",\"https:\/\/www.facebook.com\/italpassion.ja\/\"]},{\"@type\":\"Person\",\"@id\":\"https:\/\/www.italpassion.fr\/de\/#\/schema\/person\/567af3a713ef4402a30af608feb37b67\",\"name\":\"Andy David (Auto Press Club)\",\"image\":{\"@type\":\"ImageObject\",\"inLanguage\":\"de\",\"@id\":\"https:\/\/www.italpassion.fr\/de\/#\/schema\/person\/image\/\",\"url\":\"https:\/\/www.italpassion.fr\/wp-content\/plugins\/generateperf\/images\/icons\/avatar.svg\",\"contentUrl\":\"https:\/\/www.italpassion.fr\/wp-content\/plugins\/generateperf\/images\/icons\/avatar.svg\",\"caption\":\"Andy David (Auto Press Club)\"},\"description\":\"Andy David est journaliste sp\u00e9cialis\u00e9 en sport automobile pour Auto Press Club\",\"url\":\"https:\/\/www.italpassion.fr\/de\/author\/andy\/\"}]}<\/script>\n<!-- \/ Yoast SEO plugin. -->","yoast_head_json":{"title":"Ferrari 296 GT3 Evo: Ein (nicht ganz einfaches) Deb\u00fct in Daytona! - ItalPassion","description":"F\u00fcnf Autos im Ziel, aber kein Sieg oder Podiumsplatz. Der allererste Wettbewerbseinsatz des neuen Ferrari 296 GT3 Evo fand heute statt.","robots":{"index":"index","follow":"follow","max-snippet":"max-snippet:-1","max-image-preview":"max-image-preview:large","max-video-preview":"max-video-preview:-1"},"canonical":"https:\/\/www.italpassion.fr\/de\/wettbewerb\/imsa\/ferrari-296-gt3-evo-kein-leichtes-debut-in-daytona\/","og_locale":"de_DE","og_type":"article","og_title":"Ferrari 296 GT3\u00a0Evo : des d\u00e9buts (pas faciles) \u00e0 Daytona ! - ItalPassion","og_description":"Cinq voitures \u00e0 l\u2019arriv\u00e9e, mais pas de victoire ou de podium. La toute premi\u00e8re sortie en comp\u00e9tition de la nouvelle Ferrari 296 GT3 Evo a eu lieu ce","og_url":"https:\/\/www.italpassion.fr\/de\/wettbewerb\/imsa\/ferrari-296-gt3-evo-kein-leichtes-debut-in-daytona\/","og_site_name":"ItalPassion","article_publisher":"https:\/\/www.facebook.com\/italpassion","article_published_time":"2026-01-29T14:17:59+00:00","og_image":[{"width":1200,"height":800,"url":"https:\/\/www.italpassion.fr\/wp-content\/uploads\/2026\/01\/296-GT3-EVO.jpg","type":"image\/jpeg"}],"author":"Andy David (Auto Press Club)","twitter_card":"summary_large_image","twitter_creator":"@italpassion","twitter_site":"@italpassion","schema":{"@context":"https:\/\/schema.org","@graph":[{"@type":"NewsArticle","@id":"https:\/\/www.italpassion.fr\/de\/competition\/imsa\/ferrari-296-gt3-evo-des-debuts-pas-faciles-a-daytona\/#article","isPartOf":{"@id":"https:\/\/www.italpassion.fr\/de\/competition\/imsa\/ferrari-296-gt3-evo-des-debuts-pas-faciles-a-daytona\/"},"author":{"name":"Andy David (Auto Press Club)","@id":"https:\/\/www.italpassion.fr\/de\/#\/schema\/person\/567af3a713ef4402a30af608feb37b67"},"headline":"Ferrari 296 GT3\u00a0Evo : des d\u00e9buts (pas faciles) \u00e0 Daytona !","datePublished":"2026-01-29T14:17:59+00:00","mainEntityOfPage":{"@id":"https:\/\/www.italpassion.fr\/de\/competition\/imsa\/ferrari-296-gt3-evo-des-debuts-pas-faciles-a-daytona\/"},"wordCount":875,"commentCount":0,"publisher":{"@id":"https:\/\/www.italpassion.fr\/de\/#organization"},"image":{"@id":"https:\/\/www.italpassion.fr\/de\/competition\/imsa\/ferrari-296-gt3-evo-des-debuts-pas-faciles-a-daytona\/#primaryimage"},"thumbnailUrl":"https:\/\/www.italpassion.fr\/wp-content\/uploads\/2026\/01\/296-GT3-EVO.jpg","articleSection":["GT3","IMSA","Sport Auto"],"inLanguage":"de","potentialAction":[{"@type":"CommentAction","name":"Comment","target":["https:\/\/www.italpassion.fr\/de\/competition\/imsa\/ferrari-296-gt3-evo-des-debuts-pas-faciles-a-daytona\/#respond"]}]},{"@type":"WebPage","@id":"https:\/\/www.italpassion.fr\/de\/competition\/imsa\/ferrari-296-gt3-evo-des-debuts-pas-faciles-a-daytona\/","url":"https:\/\/www.italpassion.fr\/de\/competition\/imsa\/ferrari-296-gt3-evo-des-debuts-pas-faciles-a-daytona\/","name":"Ferrari 296 GT3 Evo: Ein (nicht ganz einfaches) Deb\u00fct in Daytona! - ItalPassion","isPartOf":{"@id":"https:\/\/www.italpassion.fr\/de\/#website"},"primaryImageOfPage":{"@id":"https:\/\/www.italpassion.fr\/de\/competition\/imsa\/ferrari-296-gt3-evo-des-debuts-pas-faciles-a-daytona\/#primaryimage"},"image":{"@id":"https:\/\/www.italpassion.fr\/de\/competition\/imsa\/ferrari-296-gt3-evo-des-debuts-pas-faciles-a-daytona\/#primaryimage"},"thumbnailUrl":"https:\/\/www.italpassion.fr\/wp-content\/uploads\/2026\/01\/296-GT3-EVO.jpg","datePublished":"2026-01-29T14:17:59+00:00","description":"F\u00fcnf Autos im Ziel, aber kein Sieg oder Podiumsplatz. Der allererste Wettbewerbseinsatz des neuen Ferrari 296 GT3 Evo fand heute statt.","breadcrumb":{"@id":"https:\/\/www.italpassion.fr\/de\/competition\/imsa\/ferrari-296-gt3-evo-des-debuts-pas-faciles-a-daytona\/#breadcrumb"},"inLanguage":"de","potentialAction":[{"@type":"ReadAction","target":["https:\/\/www.italpassion.fr\/de\/competition\/imsa\/ferrari-296-gt3-evo-des-debuts-pas-faciles-a-daytona\/"]}]},{"@type":"ImageObject","inLanguage":"de","@id":"https:\/\/www.italpassion.fr\/de\/competition\/imsa\/ferrari-296-gt3-evo-des-debuts-pas-faciles-a-daytona\/#primaryimage","url":"https:\/\/www.italpassion.fr\/wp-content\/uploads\/2026\/01\/296-GT3-EVO.jpg","contentUrl":"https:\/\/www.italpassion.fr\/wp-content\/uploads\/2026\/01\/296-GT3-EVO.jpg","width":1200,"height":800},{"@type":"BreadcrumbList","@id":"https:\/\/www.italpassion.fr\/de\/competition\/imsa\/ferrari-296-gt3-evo-des-debuts-pas-faciles-a-daytona\/#breadcrumb","itemListElement":[{"@type":"ListItem","position":1,"name":"Accueil","item":"https:\/\/www.italpassion.fr\/de\/"},{"@type":"ListItem","position":2,"name":"Ferrari 296 GT3\u00a0Evo : des d\u00e9buts (pas faciles) \u00e0 Daytona !"}]},{"@type":"WebSite","@id":"https:\/\/www.italpassion.fr\/de\/#website","url":"https:\/\/www.italpassion.fr\/de\/","name":"ItalPassion","description":"Die Liebhaber italienischer Autos","publisher":{"@id":"https:\/\/www.italpassion.fr\/de\/#organization"},"potentialAction":[{"@type":"SearchAction","target":{"@type":"EntryPoint","urlTemplate":"https:\/\/www.italpassion.fr\/de\/?s={search_term_string}"},"query-input":{"@type":"PropertyValueSpecification","valueRequired":true,"valueName":"search_term_string"}}],"inLanguage":"de"},{"@type":"Organization","@id":"https:\/\/www.italpassion.fr\/de\/#organization","name":"Italpassion","url":"https:\/\/www.italpassion.fr\/de\/","logo":{"@type":"ImageObject","inLanguage":"de","@id":"https:\/\/www.italpassion.fr\/de\/#\/schema\/logo\/image\/","url":"https:\/\/www.italpassion.fr\/wp-content\/uploads\/2023\/07\/italpassion-yoast.jpg","contentUrl":"https:\/\/www.italpassion.fr\/wp-content\/uploads\/2023\/07\/italpassion-yoast.jpg","width":696,"height":696,"caption":"Italpassion"},"image":{"@id":"https:\/\/www.italpassion.fr\/de\/#\/schema\/logo\/image\/"},"sameAs":["https:\/\/www.facebook.com\/italpassion","https:\/\/x.com\/italpassion","https:\/\/www.instagram.com\/italpassionfr\/","https:\/\/www.youtube.com\/channel\/UCleq-ByQaA42OjhopwevRjQ","https:\/\/www.facebook.com\/italpassion.en\/","https:\/\/www.facebook.com\/italpassion.it\/","https:\/\/www.facebook.com\/italpassion.de\/","https:\/\/www.facebook.com\/italpassion.ja\/"]},{"@type":"Person","@id":"https:\/\/www.italpassion.fr\/de\/#\/schema\/person\/567af3a713ef4402a30af608feb37b67","name":"Andy David (Auto Press Club)","image":{"@type":"ImageObject","inLanguage":"de","@id":"https:\/\/www.italpassion.fr\/de\/#\/schema\/person\/image\/","url":"https:\/\/www.italpassion.fr\/wp-content\/plugins\/generateperf\/images\/icons\/avatar.svg","contentUrl":"https:\/\/www.italpassion.fr\/wp-content\/plugins\/generateperf\/images\/icons\/avatar.svg","caption":"Andy David (Auto Press Club)"},"description":"Andy David ist Motorsportjournalist f\u00fcr den Auto Press Club","url":"https:\/\/www.italpassion.fr\/de\/author\/andy\/"}]}},"_links":{"self":[{"href":"https:\/\/www.italpassion.fr\/de\/wp-json\/wp\/v2\/posts\/45891","targetHints":{"allow":["GET"]}}],"collection":[{"href":"https:\/\/www.italpassion.fr\/de\/wp-json\/wp\/v2\/posts"}],"about":[{"href":"https:\/\/www.italpassion.fr\/de\/wp-json\/wp\/v2\/types\/post"}],"author":[{"embeddable":true,"href":"https:\/\/www.italpassion.fr\/de\/wp-json\/wp\/v2\/users\/6"}],"replies":[{"embeddable":true,"href":"https:\/\/www.italpassion.fr\/de\/wp-json\/wp\/v2\/comments?post=45891"}],"version-history":[{"count":1,"href":"https:\/\/www.italpassion.fr\/de\/wp-json\/wp\/v2\/posts\/45891\/revisions"}],"predecessor-version":[{"id":45893,"href":"https:\/\/www.italpassion.fr\/de\/wp-json\/wp\/v2\/posts\/45891\/revisions\/45893"}],"wp:featuredmedia":[{"embeddable":true,"href":"https:\/\/www.italpassion.fr\/de\/wp-json\/wp\/v2\/media\/45892"}],"wp:attachment":[{"href":"https:\/\/www.italpassion.fr\/de\/wp-json\/wp\/v2\/media?parent=45891"}],"wp:term":[{"taxonomy":"category","embeddable":true,"href":"https:\/\/www.italpassion.fr\/de\/wp-json\/wp\/v2\/categories?post=45891"},{"taxonomy":"post_tag","embeddable":true,"href":"https:\/\/www.italpassion.fr\/de\/wp-json\/wp\/v2\/tags?post=45891"}],"curies":[{"name":"wp","href":"https:\/\/api.w.org\/{rel}","templated":true}]}}