{"id":45748,"date":"2026-01-26T12:25:14","date_gmt":"2026-01-26T11:25:14","guid":{"rendered":"https:\/\/www.italpassion.fr\/?p=45748"},"modified":"2026-01-26T12:25:14","modified_gmt":"2026-01-26T11:25:14","slug":"warum-haben-ferrari-und-porsche-das-gleiche-drosselklappenpferd-auf-dem-logo","status":"publish","type":"post","link":"https:\/\/www.italpassion.fr\/de\/ferrari\/pourquoi-ferrari-et-porsche-ont-le-meme-cheval-cabre-sur-le-logo\/","title":{"rendered":"Warum haben Ferrari und Porsche ein sich aufb\u00e4umendes Pferd im Logo?"},"content":{"rendered":"<figure class=\"wp-block-image size-full\"><img loading=\"lazy\" decoding=\"async\" width=\"1200\" height=\"800\" src=\"https:\/\/www.italpassion.fr\/wp-content\/uploads\/2026\/01\/logo-ferrari-porsche.jpg\" alt=\"\" class=\"wp-image-45749\" srcset=\"https:\/\/www.italpassion.fr\/wp-content\/uploads\/2026\/01\/logo-ferrari-porsche.jpg 1200w, https:\/\/www.italpassion.fr\/wp-content\/uploads\/2026\/01\/logo-ferrari-porsche-420x280.jpg 420w, https:\/\/www.italpassion.fr\/wp-content\/uploads\/2026\/01\/logo-ferrari-porsche-768x512.jpg 768w, https:\/\/www.italpassion.fr\/wp-content\/uploads\/2026\/01\/logo-ferrari-porsche-18x12.jpg 18w\" sizes=\"auto, (max-width: 1200px) 100vw, 1200px\" \/><\/figure>\n\n\n\n<p>Auf den ersten Blick ist die \u00c4hnlichkeit verbl\u00fcffend. Zwei der renommiertesten Automarken der Welt, <a href=\"https:\/\/www.italpassion.fr\/de\/ferrari\/\">Ferrari<\/a> und Porsche, tragen beide ein sich aufb\u00e4umendes Pferd in ihrem Logo. Ein grafischer Zufall, eine diskrete Hommage oder eine bewusste Anleihe? Die Realit\u00e4t ist subtiler und vor allem viel \u00e4lter als die Geschichte des modernen Automobils. Im Gegensatz zu dem, was man glauben k\u00f6nnte, ist diese \u00c4hnlichkeit weder das Ergebnis einer Marketingstrategie noch das einer gegenseitigen Inspiration zwischen zwei rivalisierenden Herstellern. Jahrhunderts gepr\u00e4gt, in der das Pferd eine zentrale symbolische Rolle spielte.<\/p>\n\n\n\n<h2 class=\"wp-block-heading\">Das Porsche-Pferd, ein direktes Erbe aus Stuttgart<\/h2>\n\n\n\n<p>Um das Porsche-Pferd zu verstehen, m\u00fcssen wir zun\u00e4chst in die Stadt zur\u00fcckkehren, in der die Marke ihren Ursprung hat: Stuttgart. Lange bevor der erste Porsche auf den Markt kam, verwendete die Stadt bereits ein sich aufb\u00e4umendes Pferd als offizielles Symbol. Der Name Stuttgart selbst leitet sich von Stuotgarten ab, was w\u00f6rtlich \u00fcbersetzt \"Gest\u00fct\" bedeutet und an die Bedeutung der Pferdezucht in der Region seit dem Mittelalter erinnert. Als Porsche Anfang der 1950er Jahre sein Emblem enth\u00fcllte, war die Wahl des Pferdes also keine willk\u00fcrliche \u00e4sthetische Entscheidung. Es war eine bewusste Hommage an seine geografischen Wurzeln. Das Pferd steht in der Mitte eines komplexen Wappens, das den Namen Stuttgart, den Namen Porsche sowie die Farben und Motive des ehemaligen Freistaats W\u00fcrttemberg enth\u00e4lt. Ab dem Porsche 356 wurde das Wappen untrennbar mit der Identit\u00e4t der Marke verbunden. Im Laufe der Jahrzehnte entwickelte sich das Logo in seinem Design und seinen Ausf\u00fchrungen weiter, doch das Pferd blieb unver\u00e4nderlich im Mittelpunkt des Emblems.<\/p>\n\n\n\n<figure class=\"wp-block-image size-full\"><img loading=\"lazy\" decoding=\"async\" width=\"1200\" height=\"800\" src=\"https:\/\/www.italpassion.fr\/wp-content\/uploads\/2026\/01\/logo-porsche.jpg\" alt=\"\" class=\"wp-image-45750\" srcset=\"https:\/\/www.italpassion.fr\/wp-content\/uploads\/2026\/01\/logo-porsche.jpg 1200w, https:\/\/www.italpassion.fr\/wp-content\/uploads\/2026\/01\/logo-porsche-420x280.jpg 420w, https:\/\/www.italpassion.fr\/wp-content\/uploads\/2026\/01\/logo-porsche-768x512.jpg 768w, https:\/\/www.italpassion.fr\/wp-content\/uploads\/2026\/01\/logo-porsche-18x12.jpg 18w\" sizes=\"auto, (max-width: 1200px) 100vw, 1200px\" \/><\/figure>\n\n\n\n<h2 class=\"wp-block-heading\">Das Ferrari-Pferd - ein milit\u00e4risches Symbol, bevor es zum Automobil wurde<\/h2>\n\n\n\n<p>Bei Ferrari ist die Herkunft des Pferdes radikal anders und zutiefst pers\u00f6nlich. Der ber\u00fchmte Cavallino Rampante stammt nicht von einer Stadt oder einem Gebiet, sondern von einem Mann: Francesco Baracca, Held der italienischen Luftwaffe im Ersten Weltkrieg. Noch bevor er Kampfpilot wurde, war Baracca Kavallerieoffizier im prestigetr\u00e4chtigen 2. K\u00f6niglichen Kavallerieregiment des Piemonts, einer Eliteeinheit der italienischen Armee, deren Wappentier bereits ein sich aufb\u00e4umendes Pferd ist. Als er ab 1917 ein Erkennungszeichen f\u00fcr seine Flugzeuge einf\u00fchrte, schuf Baracca also kein neues Symbol: Er \u00fcbernahm das Symbol seines Regiments, vereinfachte es und malte es schwarz an, damit es sich besser vom Rumpf seiner Flugzeuge abhob.<\/p>\n\n\n\n<figure class=\"wp-block-image size-full\"><img loading=\"lazy\" decoding=\"async\" width=\"1200\" height=\"800\" src=\"https:\/\/www.italpassion.fr\/wp-content\/uploads\/2026\/01\/regiment.jpg\" alt=\"\" class=\"wp-image-45754\" srcset=\"https:\/\/www.italpassion.fr\/wp-content\/uploads\/2026\/01\/regiment.jpg 1200w, https:\/\/www.italpassion.fr\/wp-content\/uploads\/2026\/01\/regiment-420x280.jpg 420w, https:\/\/www.italpassion.fr\/wp-content\/uploads\/2026\/01\/regiment-768x512.jpg 768w, https:\/\/www.italpassion.fr\/wp-content\/uploads\/2026\/01\/regiment-18x12.jpg 18w\" sizes=\"auto, (max-width: 1200px) 100vw, 1200px\" \/><figcaption class=\"wp-element-caption\">Wappen des K\u00f6niglichen Kavallerie-Regiments von Piemont<\/figcaption><\/figure>\n\n\n\n<figure class=\"wp-block-image size-full\"><img loading=\"lazy\" decoding=\"async\" width=\"1200\" height=\"800\" src=\"https:\/\/www.italpassion.fr\/wp-content\/uploads\/2026\/01\/francesco-baccara.jpg\" alt=\"\" class=\"wp-image-45751\" srcset=\"https:\/\/www.italpassion.fr\/wp-content\/uploads\/2026\/01\/francesco-baccara.jpg 1200w, https:\/\/www.italpassion.fr\/wp-content\/uploads\/2026\/01\/francesco-baccara-420x280.jpg 420w, https:\/\/www.italpassion.fr\/wp-content\/uploads\/2026\/01\/francesco-baccara-768x512.jpg 768w, https:\/\/www.italpassion.fr\/wp-content\/uploads\/2026\/01\/francesco-baccara-18x12.jpg 18w\" sizes=\"auto, (max-width: 1200px) 100vw, 1200px\" \/><\/figure>\n\n\n\n<figure class=\"wp-block-image size-full\"><img loading=\"lazy\" decoding=\"async\" width=\"1200\" height=\"800\" src=\"https:\/\/www.italpassion.fr\/wp-content\/uploads\/2026\/01\/francesco-baccara-2.jpg\" alt=\"\" class=\"wp-image-45752\" srcset=\"https:\/\/www.italpassion.fr\/wp-content\/uploads\/2026\/01\/francesco-baccara-2.jpg 1200w, https:\/\/www.italpassion.fr\/wp-content\/uploads\/2026\/01\/francesco-baccara-2-420x280.jpg 420w, https:\/\/www.italpassion.fr\/wp-content\/uploads\/2026\/01\/francesco-baccara-2-768x512.jpg 768w, https:\/\/www.italpassion.fr\/wp-content\/uploads\/2026\/01\/francesco-baccara-2-18x12.jpg 18w\" sizes=\"auto, (max-width: 1200px) 100vw, 1200px\" \/><\/figure>\n\n\n\n<p>Das Pferd wurde schnell untrennbar mit seiner Legende verbunden. Nach Baraccas Tod im Jahr 1918 erhielt das Symbol in Italien eine starke Erinnerungsdimension und verk\u00f6rperte sowohl den Mut, den Adel und den ritterlichen Geist der ersten Flieger.<\/p>\n\n\n\n<h2 class=\"wp-block-heading\">Von Enzo Ferrari zur Scuderia Ferrari<\/h2>\n\n\n\n<p>1923 lernte Enzo Ferrari w\u00e4hrend eines Sieges auf der Savio-Strecke die Eltern von Francesco Baracca kennen. Die Mutter des Rennfahrers schl\u00e4gt ihm vor, das Pferd ihres Sohnes in seinen Autos zu verwenden, da sie davon \u00fcberzeugt ist, dass es ihm Gl\u00fcck bringen w\u00fcrde. Zu dieser Zeit war Enzo Ferrari noch Fahrer und Sportmanager bei Alfa Romeo, sodass er das Symbol nicht auf seinen eigenen Autos anbringen konnte. Erst 1929, mit der Gr\u00fcndung der Scuderia Ferrari, taucht das Pferd offiziell im Rennsport auf. 1932, bei den 24 Stunden von Spa-Francorchamps, trugen die von der Scuderia Ferrari eingesetzten Alfa Romeo zum ersten Mal das sich aufb\u00e4umende Pferd.<\/p>\n\n\n\n<figure class=\"wp-block-image size-full\"><img loading=\"lazy\" decoding=\"async\" width=\"1200\" height=\"800\" src=\"https:\/\/www.italpassion.fr\/wp-content\/uploads\/2026\/01\/alfa-romeo-ferrari.jpg\" alt=\"\" class=\"wp-image-45753\" srcset=\"https:\/\/www.italpassion.fr\/wp-content\/uploads\/2026\/01\/alfa-romeo-ferrari.jpg 1200w, https:\/\/www.italpassion.fr\/wp-content\/uploads\/2026\/01\/alfa-romeo-ferrari-420x280.jpg 420w, https:\/\/www.italpassion.fr\/wp-content\/uploads\/2026\/01\/alfa-romeo-ferrari-768x512.jpg 768w, https:\/\/www.italpassion.fr\/wp-content\/uploads\/2026\/01\/alfa-romeo-ferrari-18x12.jpg 18w\" sizes=\"auto, (max-width: 1200px) 100vw, 1200px\" \/><figcaption class=\"wp-element-caption\">Antonio Brivo, Alfa Romeo-Fahrer im Jahr 1932<\/figcaption><\/figure>\n\n\n\n<p>Das Symbol entwickelt sich dann weiter. Es ist nicht mehr genau das von Baracca: Das Pferd nimmt eine etwas andere Haltung ein, sein Schweif ist erhoben, und es steht auf einem gelben Hintergrund, der Farbe von Enzo Ferraris Heimatstadt Modena, \u00fcber dem die italienische Flagge zu sehen ist. Nach dem Zweiten Weltkrieg, als Ferrari zum vollwertigen Hersteller wurde, wurde dieses Pferd endg\u00fcltig zum Markenzeichen.<\/p>\n\n\n\n<figure class=\"wp-block-image size-full\"><img loading=\"lazy\" decoding=\"async\" width=\"1200\" height=\"800\" src=\"https:\/\/www.italpassion.fr\/wp-content\/uploads\/2025\/11\/logo-ferrari-00.jpg\" alt=\"\" class=\"wp-image-43345\" srcset=\"https:\/\/www.italpassion.fr\/wp-content\/uploads\/2025\/11\/logo-ferrari-00.jpg 1200w, https:\/\/www.italpassion.fr\/wp-content\/uploads\/2025\/11\/logo-ferrari-00-420x280.jpg 420w, https:\/\/www.italpassion.fr\/wp-content\/uploads\/2025\/11\/logo-ferrari-00-768x512.jpg 768w, https:\/\/www.italpassion.fr\/wp-content\/uploads\/2025\/11\/logo-ferrari-00-18x12.jpg 18w\" sizes=\"auto, (max-width: 1200px) 100vw, 1200px\" \/><\/figure>\n\n\n\n<h2 class=\"wp-block-heading\">Vom Baracca-Pferd zum Ferrari-Pferd<\/h2>\n\n\n\n<p>Enzo Ferrari lie\u00df sich zwar von Francesco Baraccas Pferd inspirieren, aber das Symbol, das sp\u00e4ter zum Ferrari-Symbol wurde, war keine genaue Reproduktion des Emblems, das auf die Flugzeuge des italienischen Piloten gemalt wurde. Mehrere grafische Elemente unterscheiden sich deutlich: die K\u00f6rperhaltung, der Zeichenstil und vor allem der Schweif des Pferdes, der auf dem Ferrari-Logo hochgezogen ist, w\u00e4hrend er auf Baraccas Flugzeugen in der Regel nach unten gerichtet ist. Diese Entwicklung l\u00e4sst sich durch eine oft verkannte Etappe erkl\u00e4ren. Im Jahr 1930 wurde anl\u00e4sslich der Einweihung des Francesco Baracca gewidmeten Heiligtums in Nervesa della Battaglia eine Gedenkschrift mit dem Titel \"Per Francesco Baracca sul Montello\" ver\u00f6ffentlicht. Das Titelbild zeigt das heraldische Wappen der Familie Baracca, das vom Lugoer Maler Gino Croari gezeichnet wurde.<\/p>\n\n\n\n<figure class=\"wp-block-image size-full\"><img loading=\"lazy\" decoding=\"async\" width=\"1200\" height=\"800\" src=\"https:\/\/www.italpassion.fr\/wp-content\/uploads\/2026\/01\/baracca.jpg\" alt=\"\" class=\"wp-image-45755\" srcset=\"https:\/\/www.italpassion.fr\/wp-content\/uploads\/2026\/01\/baracca.jpg 1200w, https:\/\/www.italpassion.fr\/wp-content\/uploads\/2026\/01\/baracca-420x280.jpg 420w, https:\/\/www.italpassion.fr\/wp-content\/uploads\/2026\/01\/baracca-768x512.jpg 768w, https:\/\/www.italpassion.fr\/wp-content\/uploads\/2026\/01\/baracca-18x12.jpg 18w\" sizes=\"auto, (max-width: 1200px) 100vw, 1200px\" \/><figcaption class=\"wp-element-caption\">Quelle Museum Francesco Baracca<\/figcaption><\/figure>\n\n\n\n<p>In dieser Version interpretiert der K\u00fcnstler das aufb\u00e4umende Pferd frei neu: Der Stil ist grafischer, die Silhouette dynamischer und der Schwanz deutlich erhoben. Das auf einem Schild platzierte Pferd entspricht fast genau dem Pferd, das einige Jahre sp\u00e4ter auf den Autos der Scuderia Ferrari zu sehen sein wird. Es handelt sich nicht mehr um das Pferd aus dem Baracca-Flugzeug, sondern um eine stilisierte Version, die f\u00fcr den heraldischen und symbolischen Gebrauch gedacht war. Es ist daher sehr wahrscheinlich, dass Enzo Ferrari, der sein Versprechen gegen\u00fcber Francesco Baraccas Mutter einl\u00f6sen wollte, diese von Croari entworfene Version als Inspiration nahm, als er das Emblem seines Teams festlegte.<\/p>\n\n\n\n<h2 class=\"wp-block-heading\">Zwei Pferde - gemeinsamer Ursprung m\u00f6glich?<\/h2>\n\n\n\n<p>Hier sollte die Geschichte etwas differenzierter betrachtet werden. Es ist vielleicht kein Zufall, dass sich die beiden Pferde so sehr \u00e4hneln, aber es w\u00e4re zu kurz gegriffen, dies auf einen einzigen Ursprung zur\u00fcckzuf\u00fchren. Im Fall von Francesco Baracca ist die am besten belegte Erkl\u00e4rung vor allem milit\u00e4rischer Natur. Bevor er zum Ass der italienischen Luftfahrt wurde, war Baracca Kavallerieoffizier im prestigetr\u00e4chtigen K\u00f6niglichen Kavallerieregiment von Piemont, einer Eliteeinheit, deren Wappentier bereits ein sich aufb\u00e4umendes Pferd war. Als er ab 1917 ein Erkennungszeichen f\u00fcr seine Flugzeuge annahm, stand Baracca also ganz nat\u00fcrlich in der Kontinuit\u00e4t seines Regiments und \u00fcbernahm dieses Symbol als Best\u00e4tigung seiner milit\u00e4rischen Identit\u00e4t und seiner Verbundenheit mit der Tradition der Kavallerie.<\/p>\n\n\n\n<p>Das schlie\u00dft jedoch andere Einfl\u00fcsse nicht aus. W\u00e4hrend des Ersten Weltkriegs versahen viele Piloten ihre Flugzeuge mit Emblemen, die mit ihrer Einheit, ihrer Heimatregion und manchmal auch mit ihren Siegen in Verbindung standen. In einigen Berichten, die nach dem Krieg auftauchten, wird behauptet, Baracca habe ein deutsches Flugzeug mit einem sich aufb\u00e4umenden Pferd abgeschossen, ein Symbol, das m\u00f6glicherweise von der Stadt Stuttgart inspiriert wurde, die dieses Motiv seit Jahrhunderten in ihrem Wappen f\u00fchrt. Auch wenn diese Hypothese nicht eindeutig bewiesen werden kann, so zeigt sie doch, wie Symbole im Europa des fr\u00fchen 20. Jahrhunderts zirkulierten. In diesem Szenario h\u00e4tte das Pferd gleichzeitig in mehreren Traditionen existieren k\u00f6nnen - in der deutschen Heraldik, der italienischen Kavallerie und der Milit\u00e4rluftfahrt -, ohne dass es sich um eine direkte Kopie gehandelt h\u00e4tte.<\/p>\n\n\n\n<p>Da es keine unwiderlegbaren Dokumente gibt, bleibt diese Spur in der Tat im Bereich der Spekulation. Sie entkr\u00e4ftet nicht die heute weitgehend dokumentierte Herkunft des Baracca-Pferdes aus der Kavallerie, sondern zeigt, wie ein und dasselbe Symbol, das tief in der europ\u00e4ischen Vorstellungswelt verwurzelt ist, unabh\u00e4ngig voneinander in verschiedenen Zusammenh\u00e4ngen auftauchen konnte, bevor es sp\u00e4ter zu einem der ber\u00fchmtesten Embleme der Automobilgeschichte wurde. Trotz ihrer verbl\u00fcffenden \u00c4hnlichkeit haben die Pferde von Ferrari und Porsche nie ein rechtliches oder symbolisches Problem dargestellt. Der Grund daf\u00fcr ist einfach: Jedes erz\u00e4hlt eine andere Geschichte. Bei Porsche ist das Pferd ein territorialer Marker, der in der Geschichte von Stuttgart verwurzelt ist. Bei Ferrari ist es das Erbe eines Nationalhelden, das in ein Symbol f\u00fcr Wettbewerb und Leistung umgewandelt wurde.<\/p>","protected":false},"excerpt":{"rendered":"","protected":false},"author":1,"featured_media":45749,"comment_status":"open","ping_status":"open","sticky":false,"template":"","format":"standard","meta":{"_acf_changed":false,"_sitemap_exclude":false,"_sitemap_priority":"","_sitemap_frequency":"","footnotes":""},"categories":[23],"tags":[],"class_list":["post-45748","post","type-post","status-publish","format-standard","has-post-thumbnail","hentry","category-ferrari","generate-columns","tablet-grid-50","mobile-grid-100","grid-parent","grid-33"],"acf":[],"yoast_head":"<!-- This site is optimized with the Yoast SEO plugin v25.8 - https:\/\/yoast.com\/wordpress\/plugins\/seo\/ -->\n<title>Pourquoi Ferrari et Porsche ont un cheval cabr\u00e9 sur le logo ? - ItalPassion<\/title>\n<meta name=\"description\" content=\"\u00c0 premi\u00e8re vue, la ressemblance est troublante. Deux des marques automobiles les plus prestigieuses au monde, Ferrari et Porsche, arborent toutes deux un\" \/>\n<meta name=\"robots\" content=\"index, follow, max-snippet:-1, max-image-preview:large, max-video-preview:-1\" \/>\n<link rel=\"canonical\" href=\"https:\/\/www.italpassion.fr\/de\/ferrari\/warum-haben-ferrari-und-porsche-das-gleiche-drosselklappenpferd-auf-dem-logo\/\" \/>\n<meta property=\"og:locale\" content=\"de_DE\" \/>\n<meta property=\"og:type\" content=\"article\" \/>\n<meta property=\"og:title\" content=\"Pourquoi Ferrari et Porsche ont un cheval cabr\u00e9 sur le logo ? - ItalPassion\" \/>\n<meta property=\"og:description\" content=\"\u00c0 premi\u00e8re vue, la ressemblance est troublante. Deux des marques automobiles les plus prestigieuses au monde, Ferrari et Porsche, arborent toutes deux un\" \/>\n<meta property=\"og:url\" content=\"https:\/\/www.italpassion.fr\/de\/ferrari\/warum-haben-ferrari-und-porsche-das-gleiche-drosselklappenpferd-auf-dem-logo\/\" \/>\n<meta property=\"og:site_name\" content=\"ItalPassion\" \/>\n<meta property=\"article:publisher\" content=\"https:\/\/www.facebook.com\/italpassion\" \/>\n<meta property=\"article:published_time\" content=\"2026-01-26T11:25:14+00:00\" \/>\n<meta property=\"og:image\" content=\"https:\/\/www.italpassion.fr\/wp-content\/uploads\/2026\/01\/logo-ferrari-porsche.jpg\" \/>\n\t<meta property=\"og:image:width\" content=\"1200\" \/>\n\t<meta property=\"og:image:height\" content=\"800\" \/>\n\t<meta property=\"og:image:type\" content=\"image\/jpeg\" \/>\n<meta name=\"author\" content=\"Alexandre Filluzeau\" \/>\n<meta name=\"twitter:card\" content=\"summary_large_image\" \/>\n<meta name=\"twitter:creator\" content=\"@italpassion\" \/>\n<meta name=\"twitter:site\" content=\"@italpassion\" \/>\n<script type=\"application\/ld+json\" class=\"yoast-schema-graph\">{\"@context\":\"https:\/\/schema.org\",\"@graph\":[{\"@type\":\"NewsArticle\",\"@id\":\"https:\/\/www.italpassion.fr\/de\/ferrari\/pourquoi-ferrari-et-porsche-ont-le-meme-cheval-cabre-sur-le-logo\/#article\",\"isPartOf\":{\"@id\":\"https:\/\/www.italpassion.fr\/de\/ferrari\/pourquoi-ferrari-et-porsche-ont-le-meme-cheval-cabre-sur-le-logo\/\"},\"author\":{\"name\":\"Alexandre Filluzeau\",\"@id\":\"https:\/\/www.italpassion.fr\/de\/#\/schema\/person\/36f747b2a759ca202d847e85a9434ca0\"},\"headline\":\"Pourquoi Ferrari et Porsche ont un cheval cabr\u00e9 sur le logo ?\",\"datePublished\":\"2026-01-26T11:25:14+00:00\",\"mainEntityOfPage\":{\"@id\":\"https:\/\/www.italpassion.fr\/de\/ferrari\/pourquoi-ferrari-et-porsche-ont-le-meme-cheval-cabre-sur-le-logo\/\"},\"wordCount\":1409,\"commentCount\":4,\"publisher\":{\"@id\":\"https:\/\/www.italpassion.fr\/de\/#organization\"},\"image\":{\"@id\":\"https:\/\/www.italpassion.fr\/de\/ferrari\/pourquoi-ferrari-et-porsche-ont-le-meme-cheval-cabre-sur-le-logo\/#primaryimage\"},\"thumbnailUrl\":\"https:\/\/www.italpassion.fr\/wp-content\/uploads\/2026\/01\/logo-ferrari-porsche.jpg\",\"articleSection\":[\"Ferrari\"],\"inLanguage\":\"de\",\"potentialAction\":[{\"@type\":\"CommentAction\",\"name\":\"Comment\",\"target\":[\"https:\/\/www.italpassion.fr\/de\/ferrari\/pourquoi-ferrari-et-porsche-ont-le-meme-cheval-cabre-sur-le-logo\/#respond\"]}]},{\"@type\":\"WebPage\",\"@id\":\"https:\/\/www.italpassion.fr\/de\/ferrari\/pourquoi-ferrari-et-porsche-ont-le-meme-cheval-cabre-sur-le-logo\/\",\"url\":\"https:\/\/www.italpassion.fr\/de\/ferrari\/pourquoi-ferrari-et-porsche-ont-le-meme-cheval-cabre-sur-le-logo\/\",\"name\":\"Pourquoi Ferrari et Porsche ont un cheval cabr\u00e9 sur le logo ? - ItalPassion\",\"isPartOf\":{\"@id\":\"https:\/\/www.italpassion.fr\/de\/#website\"},\"primaryImageOfPage\":{\"@id\":\"https:\/\/www.italpassion.fr\/de\/ferrari\/pourquoi-ferrari-et-porsche-ont-le-meme-cheval-cabre-sur-le-logo\/#primaryimage\"},\"image\":{\"@id\":\"https:\/\/www.italpassion.fr\/de\/ferrari\/pourquoi-ferrari-et-porsche-ont-le-meme-cheval-cabre-sur-le-logo\/#primaryimage\"},\"thumbnailUrl\":\"https:\/\/www.italpassion.fr\/wp-content\/uploads\/2026\/01\/logo-ferrari-porsche.jpg\",\"datePublished\":\"2026-01-26T11:25:14+00:00\",\"description\":\"\u00c0 premi\u00e8re vue, la ressemblance est troublante. Deux des marques automobiles les plus prestigieuses au monde, Ferrari et Porsche, arborent toutes deux un\",\"breadcrumb\":{\"@id\":\"https:\/\/www.italpassion.fr\/de\/ferrari\/pourquoi-ferrari-et-porsche-ont-le-meme-cheval-cabre-sur-le-logo\/#breadcrumb\"},\"inLanguage\":\"de\",\"potentialAction\":[{\"@type\":\"ReadAction\",\"target\":[\"https:\/\/www.italpassion.fr\/de\/ferrari\/pourquoi-ferrari-et-porsche-ont-le-meme-cheval-cabre-sur-le-logo\/\"]}]},{\"@type\":\"ImageObject\",\"inLanguage\":\"de\",\"@id\":\"https:\/\/www.italpassion.fr\/de\/ferrari\/pourquoi-ferrari-et-porsche-ont-le-meme-cheval-cabre-sur-le-logo\/#primaryimage\",\"url\":\"https:\/\/www.italpassion.fr\/wp-content\/uploads\/2026\/01\/logo-ferrari-porsche.jpg\",\"contentUrl\":\"https:\/\/www.italpassion.fr\/wp-content\/uploads\/2026\/01\/logo-ferrari-porsche.jpg\",\"width\":1200,\"height\":800},{\"@type\":\"BreadcrumbList\",\"@id\":\"https:\/\/www.italpassion.fr\/de\/ferrari\/pourquoi-ferrari-et-porsche-ont-le-meme-cheval-cabre-sur-le-logo\/#breadcrumb\",\"itemListElement\":[{\"@type\":\"ListItem\",\"position\":1,\"name\":\"Accueil\",\"item\":\"https:\/\/www.italpassion.fr\/de\/\"},{\"@type\":\"ListItem\",\"position\":2,\"name\":\"Pourquoi Ferrari et Porsche ont un cheval cabr\u00e9 sur le logo ?\"}]},{\"@type\":\"WebSite\",\"@id\":\"https:\/\/www.italpassion.fr\/de\/#website\",\"url\":\"https:\/\/www.italpassion.fr\/de\/\",\"name\":\"ItalPassion\",\"description\":\"Les Passionn\u00e9s d&#039;Automobiles Italiennes\",\"publisher\":{\"@id\":\"https:\/\/www.italpassion.fr\/de\/#organization\"},\"potentialAction\":[{\"@type\":\"SearchAction\",\"target\":{\"@type\":\"EntryPoint\",\"urlTemplate\":\"https:\/\/www.italpassion.fr\/de\/?s={search_term_string}\"},\"query-input\":{\"@type\":\"PropertyValueSpecification\",\"valueRequired\":true,\"valueName\":\"search_term_string\"}}],\"inLanguage\":\"de\"},{\"@type\":\"Organization\",\"@id\":\"https:\/\/www.italpassion.fr\/de\/#organization\",\"name\":\"Italpassion\",\"url\":\"https:\/\/www.italpassion.fr\/de\/\",\"logo\":{\"@type\":\"ImageObject\",\"inLanguage\":\"de\",\"@id\":\"https:\/\/www.italpassion.fr\/de\/#\/schema\/logo\/image\/\",\"url\":\"https:\/\/www.italpassion.fr\/wp-content\/uploads\/2023\/07\/italpassion-yoast.jpg\",\"contentUrl\":\"https:\/\/www.italpassion.fr\/wp-content\/uploads\/2023\/07\/italpassion-yoast.jpg\",\"width\":696,\"height\":696,\"caption\":\"Italpassion\"},\"image\":{\"@id\":\"https:\/\/www.italpassion.fr\/de\/#\/schema\/logo\/image\/\"},\"sameAs\":[\"https:\/\/www.facebook.com\/italpassion\",\"https:\/\/x.com\/italpassion\",\"https:\/\/www.instagram.com\/italpassionfr\/\",\"https:\/\/www.youtube.com\/channel\/UCleq-ByQaA42OjhopwevRjQ\",\"https:\/\/www.facebook.com\/italpassion.en\/\",\"https:\/\/www.facebook.com\/italpassion.it\/\",\"https:\/\/www.facebook.com\/italpassion.de\/\",\"https:\/\/www.facebook.com\/italpassion.ja\/\"]},{\"@type\":\"Person\",\"@id\":\"https:\/\/www.italpassion.fr\/de\/#\/schema\/person\/36f747b2a759ca202d847e85a9434ca0\",\"name\":\"Alexandre Filluzeau\",\"image\":{\"@type\":\"ImageObject\",\"inLanguage\":\"de\",\"@id\":\"https:\/\/www.italpassion.fr\/de\/#\/schema\/person\/image\/\",\"url\":\"https:\/\/www.italpassion.fr\/wp-content\/uploads\/2025\/04\/avatar-alexandre-160x160.jpg\",\"contentUrl\":\"https:\/\/www.italpassion.fr\/wp-content\/uploads\/2025\/04\/avatar-alexandre-160x160.jpg\",\"caption\":\"Alexandre Filluzeau\"},\"description\":\"Fondateur du site ItalPassion, passionn\u00e9 de voitures italiennes et de l'Italie en g\u00e9n\u00e9ral. J'apporte un regard critique et technique aux actualit\u00e9s des marques italiennes quand cela est possible. Propri\u00e9taire d'une Maserati GranTurismo, Alfa Romeo MiTo, Lancia Fulvia et Ducati 695. Ex-propri\u00e9taire d'une Alfa Romeo Giulia.\",\"sameAs\":[\"https:\/\/www.italpassion.fr\/\"],\"url\":\"https:\/\/www.italpassion.fr\/de\/author\/alexandre\/\"}]}<\/script>\n<!-- \/ Yoast SEO plugin. -->","yoast_head_json":{"title":"Warum haben Ferrari und Porsche ein sich aufb\u00e4umendes Pferd im Logo? - ItalPassion","description":"Auf den ersten Blick ist die \u00c4hnlichkeit verbl\u00fcffend. Zwei der renommiertesten Automarken der Welt, Ferrari und Porsche, tragen beide ein","robots":{"index":"index","follow":"follow","max-snippet":"max-snippet:-1","max-image-preview":"max-image-preview:large","max-video-preview":"max-video-preview:-1"},"canonical":"https:\/\/www.italpassion.fr\/de\/ferrari\/warum-haben-ferrari-und-porsche-das-gleiche-drosselklappenpferd-auf-dem-logo\/","og_locale":"de_DE","og_type":"article","og_title":"Pourquoi Ferrari et Porsche ont un cheval cabr\u00e9 sur le logo ? - ItalPassion","og_description":"\u00c0 premi\u00e8re vue, la ressemblance est troublante. Deux des marques automobiles les plus prestigieuses au monde, Ferrari et Porsche, arborent toutes deux un","og_url":"https:\/\/www.italpassion.fr\/de\/ferrari\/warum-haben-ferrari-und-porsche-das-gleiche-drosselklappenpferd-auf-dem-logo\/","og_site_name":"ItalPassion","article_publisher":"https:\/\/www.facebook.com\/italpassion","article_published_time":"2026-01-26T11:25:14+00:00","og_image":[{"width":1200,"height":800,"url":"https:\/\/www.italpassion.fr\/wp-content\/uploads\/2026\/01\/logo-ferrari-porsche.jpg","type":"image\/jpeg"}],"author":"Alexandre Filluzeau","twitter_card":"summary_large_image","twitter_creator":"@italpassion","twitter_site":"@italpassion","schema":{"@context":"https:\/\/schema.org","@graph":[{"@type":"NewsArticle","@id":"https:\/\/www.italpassion.fr\/de\/ferrari\/pourquoi-ferrari-et-porsche-ont-le-meme-cheval-cabre-sur-le-logo\/#article","isPartOf":{"@id":"https:\/\/www.italpassion.fr\/de\/ferrari\/pourquoi-ferrari-et-porsche-ont-le-meme-cheval-cabre-sur-le-logo\/"},"author":{"name":"Alexandre Filluzeau","@id":"https:\/\/www.italpassion.fr\/de\/#\/schema\/person\/36f747b2a759ca202d847e85a9434ca0"},"headline":"Pourquoi Ferrari et Porsche ont un cheval cabr\u00e9 sur le logo ?","datePublished":"2026-01-26T11:25:14+00:00","mainEntityOfPage":{"@id":"https:\/\/www.italpassion.fr\/de\/ferrari\/pourquoi-ferrari-et-porsche-ont-le-meme-cheval-cabre-sur-le-logo\/"},"wordCount":1409,"commentCount":4,"publisher":{"@id":"https:\/\/www.italpassion.fr\/de\/#organization"},"image":{"@id":"https:\/\/www.italpassion.fr\/de\/ferrari\/pourquoi-ferrari-et-porsche-ont-le-meme-cheval-cabre-sur-le-logo\/#primaryimage"},"thumbnailUrl":"https:\/\/www.italpassion.fr\/wp-content\/uploads\/2026\/01\/logo-ferrari-porsche.jpg","articleSection":["Ferrari"],"inLanguage":"de","potentialAction":[{"@type":"CommentAction","name":"Comment","target":["https:\/\/www.italpassion.fr\/de\/ferrari\/pourquoi-ferrari-et-porsche-ont-le-meme-cheval-cabre-sur-le-logo\/#respond"]}]},{"@type":"WebPage","@id":"https:\/\/www.italpassion.fr\/de\/ferrari\/pourquoi-ferrari-et-porsche-ont-le-meme-cheval-cabre-sur-le-logo\/","url":"https:\/\/www.italpassion.fr\/de\/ferrari\/pourquoi-ferrari-et-porsche-ont-le-meme-cheval-cabre-sur-le-logo\/","name":"Warum haben Ferrari und Porsche ein sich aufb\u00e4umendes Pferd im Logo? - ItalPassion","isPartOf":{"@id":"https:\/\/www.italpassion.fr\/de\/#website"},"primaryImageOfPage":{"@id":"https:\/\/www.italpassion.fr\/de\/ferrari\/pourquoi-ferrari-et-porsche-ont-le-meme-cheval-cabre-sur-le-logo\/#primaryimage"},"image":{"@id":"https:\/\/www.italpassion.fr\/de\/ferrari\/pourquoi-ferrari-et-porsche-ont-le-meme-cheval-cabre-sur-le-logo\/#primaryimage"},"thumbnailUrl":"https:\/\/www.italpassion.fr\/wp-content\/uploads\/2026\/01\/logo-ferrari-porsche.jpg","datePublished":"2026-01-26T11:25:14+00:00","description":"Auf den ersten Blick ist die \u00c4hnlichkeit verbl\u00fcffend. Zwei der renommiertesten Automarken der Welt, Ferrari und Porsche, tragen beide ein","breadcrumb":{"@id":"https:\/\/www.italpassion.fr\/de\/ferrari\/pourquoi-ferrari-et-porsche-ont-le-meme-cheval-cabre-sur-le-logo\/#breadcrumb"},"inLanguage":"de","potentialAction":[{"@type":"ReadAction","target":["https:\/\/www.italpassion.fr\/de\/ferrari\/pourquoi-ferrari-et-porsche-ont-le-meme-cheval-cabre-sur-le-logo\/"]}]},{"@type":"ImageObject","inLanguage":"de","@id":"https:\/\/www.italpassion.fr\/de\/ferrari\/pourquoi-ferrari-et-porsche-ont-le-meme-cheval-cabre-sur-le-logo\/#primaryimage","url":"https:\/\/www.italpassion.fr\/wp-content\/uploads\/2026\/01\/logo-ferrari-porsche.jpg","contentUrl":"https:\/\/www.italpassion.fr\/wp-content\/uploads\/2026\/01\/logo-ferrari-porsche.jpg","width":1200,"height":800},{"@type":"BreadcrumbList","@id":"https:\/\/www.italpassion.fr\/de\/ferrari\/pourquoi-ferrari-et-porsche-ont-le-meme-cheval-cabre-sur-le-logo\/#breadcrumb","itemListElement":[{"@type":"ListItem","position":1,"name":"Accueil","item":"https:\/\/www.italpassion.fr\/de\/"},{"@type":"ListItem","position":2,"name":"Pourquoi Ferrari et Porsche ont un cheval cabr\u00e9 sur le logo ?"}]},{"@type":"WebSite","@id":"https:\/\/www.italpassion.fr\/de\/#website","url":"https:\/\/www.italpassion.fr\/de\/","name":"ItalPassion","description":"Die Liebhaber italienischer Autos","publisher":{"@id":"https:\/\/www.italpassion.fr\/de\/#organization"},"potentialAction":[{"@type":"SearchAction","target":{"@type":"EntryPoint","urlTemplate":"https:\/\/www.italpassion.fr\/de\/?s={search_term_string}"},"query-input":{"@type":"PropertyValueSpecification","valueRequired":true,"valueName":"search_term_string"}}],"inLanguage":"de"},{"@type":"Organization","@id":"https:\/\/www.italpassion.fr\/de\/#organization","name":"Italpassion","url":"https:\/\/www.italpassion.fr\/de\/","logo":{"@type":"ImageObject","inLanguage":"de","@id":"https:\/\/www.italpassion.fr\/de\/#\/schema\/logo\/image\/","url":"https:\/\/www.italpassion.fr\/wp-content\/uploads\/2023\/07\/italpassion-yoast.jpg","contentUrl":"https:\/\/www.italpassion.fr\/wp-content\/uploads\/2023\/07\/italpassion-yoast.jpg","width":696,"height":696,"caption":"Italpassion"},"image":{"@id":"https:\/\/www.italpassion.fr\/de\/#\/schema\/logo\/image\/"},"sameAs":["https:\/\/www.facebook.com\/italpassion","https:\/\/x.com\/italpassion","https:\/\/www.instagram.com\/italpassionfr\/","https:\/\/www.youtube.com\/channel\/UCleq-ByQaA42OjhopwevRjQ","https:\/\/www.facebook.com\/italpassion.en\/","https:\/\/www.facebook.com\/italpassion.it\/","https:\/\/www.facebook.com\/italpassion.de\/","https:\/\/www.facebook.com\/italpassion.ja\/"]},{"@type":"Person","@id":"https:\/\/www.italpassion.fr\/de\/#\/schema\/person\/36f747b2a759ca202d847e85a9434ca0","name":"Alexandre Filluzeau","image":{"@type":"ImageObject","inLanguage":"de","@id":"https:\/\/www.italpassion.fr\/de\/#\/schema\/person\/image\/","url":"https:\/\/www.italpassion.fr\/wp-content\/uploads\/2025\/04\/avatar-alexandre-160x160.jpg","contentUrl":"https:\/\/www.italpassion.fr\/wp-content\/uploads\/2025\/04\/avatar-alexandre-160x160.jpg","caption":"Alexandre Filluzeau"},"description":"Gr\u00fcnder der Website ItalPassion, leidenschaftlicher Fan von italienischen Autos und Italien im Allgemeinen. Ich bringe einen kritischen und technischen Blick auf die Nachrichten der italienischen Marken, wann immer es m\u00f6glich ist. Besitzer eines Maserati GranTurismo, Alfa Romeo MiTo, Lancia Fulvia und Ducati 695. Ex-Besitzer einer Alfa Romeo Giulia.","sameAs":["https:\/\/www.italpassion.fr\/"],"url":"https:\/\/www.italpassion.fr\/de\/author\/alexandre\/"}]}},"_links":{"self":[{"href":"https:\/\/www.italpassion.fr\/de\/wp-json\/wp\/v2\/posts\/45748","targetHints":{"allow":["GET"]}}],"collection":[{"href":"https:\/\/www.italpassion.fr\/de\/wp-json\/wp\/v2\/posts"}],"about":[{"href":"https:\/\/www.italpassion.fr\/de\/wp-json\/wp\/v2\/types\/post"}],"author":[{"embeddable":true,"href":"https:\/\/www.italpassion.fr\/de\/wp-json\/wp\/v2\/users\/1"}],"replies":[{"embeddable":true,"href":"https:\/\/www.italpassion.fr\/de\/wp-json\/wp\/v2\/comments?post=45748"}],"version-history":[{"count":2,"href":"https:\/\/www.italpassion.fr\/de\/wp-json\/wp\/v2\/posts\/45748\/revisions"}],"predecessor-version":[{"id":45761,"href":"https:\/\/www.italpassion.fr\/de\/wp-json\/wp\/v2\/posts\/45748\/revisions\/45761"}],"wp:featuredmedia":[{"embeddable":true,"href":"https:\/\/www.italpassion.fr\/de\/wp-json\/wp\/v2\/media\/45749"}],"wp:attachment":[{"href":"https:\/\/www.italpassion.fr\/de\/wp-json\/wp\/v2\/media?parent=45748"}],"wp:term":[{"taxonomy":"category","embeddable":true,"href":"https:\/\/www.italpassion.fr\/de\/wp-json\/wp\/v2\/categories?post=45748"},{"taxonomy":"post_tag","embeddable":true,"href":"https:\/\/www.italpassion.fr\/de\/wp-json\/wp\/v2\/tags?post=45748"}],"curies":[{"name":"wp","href":"https:\/\/api.w.org\/{rel}","templated":true}]}}