{"id":44330,"date":"2025-12-12T11:03:36","date_gmt":"2025-12-12T10:03:36","guid":{"rendered":"https:\/\/www.italpassion.fr\/?p=44330"},"modified":"2025-12-12T11:03:36","modified_gmt":"2025-12-12T10:03:36","slug":"maserati-senkt-den-preis-fur-seinen-v6-suv-auf-den-preis-eines-vierzylinders-und-erhoht-den-preis-fur-das-elektromodell","status":"publish","type":"post","link":"https:\/\/www.italpassion.fr\/de\/maserati\/maserati-baisse-le-prix-de-son-suv-v6-au-prix-dun-quatre-cylindres-et-augmente-le-prix-du-modele-electrique\/","title":{"rendered":"Maserati senkt den Preis f\u00fcr seinen V6-SUV auf den Preis eines Vierzylinders (und erh\u00f6ht den Preis f\u00fcr das Elektromodell)"},"content":{"rendered":"<figure class=\"wp-block-image size-full\"><img loading=\"lazy\" decoding=\"async\" width=\"1200\" height=\"800\" src=\"https:\/\/www.italpassion.fr\/wp-content\/uploads\/2025\/12\/maserati-grecale-v6.jpg\" alt=\"\" class=\"wp-image-44332\" srcset=\"https:\/\/www.italpassion.fr\/wp-content\/uploads\/2025\/12\/maserati-grecale-v6.jpg 1200w, https:\/\/www.italpassion.fr\/wp-content\/uploads\/2025\/12\/maserati-grecale-v6-420x280.jpg 420w, https:\/\/www.italpassion.fr\/wp-content\/uploads\/2025\/12\/maserati-grecale-v6-768x512.jpg 768w, https:\/\/www.italpassion.fr\/wp-content\/uploads\/2025\/12\/maserati-grecale-v6-18x12.jpg 18w\" sizes=\"auto, (max-width: 1200px) 100vw, 1200px\" \/><\/figure>\n\n\n\n<p><a href=\"https:\/\/www.italpassion.fr\/de\/maserati\/\">Maserati<\/a> hat keine donnernde Pressemitteilung herausgegeben. Doch wenn man die amerikanischen Konfiguratoren genau unter die Lupe nimmt, ist in den letzten Wochen eine wichtige Entwicklung sichtbar geworden: Der SUV <a href=\"https:\/\/www.italpassion.fr\/de\/autos\/maserati-grecale\/\">Grecale<\/a> wird in den USA nun auch als Modena V6 angeboten, der zum exakt gleichen Preis wie der Modena mit Vierzylindermotor angeboten wird. Diese Entscheidung ist alles andere als trivial, vor allem vor dem Hintergrund, dass die italienische Marke eine der schwierigsten Zeiten ihrer j\u00fcngeren Geschichte durchlebt.<\/p>\n\n\n\n<h3 class=\"wp-block-heading\">Ein Maserati V6 zum Preis eines Vierzylinders<\/h3>\n\n\n\n<p>Bisher war der Zugang zum V6-Motor im Maserati Grecale nur \u00fcber den Grecale Trofeo m\u00f6glich, der 110.200 US-Dollar kostete. Das war eine hohe Preisstufe, die den Sechszylindermotor nur den wohlhabendsten Kunden in einem Land vorbehielt, in dem V6- und V8-Motoren die Regel sind. Nun \u00e4ndert sich die Lage auf dem amerikanischen Markt radikal.<\/p>\n\n\n\n<figure class=\"wp-block-image size-full\"><img loading=\"lazy\" decoding=\"async\" width=\"1200\" height=\"1184\" src=\"https:\/\/www.italpassion.fr\/wp-content\/uploads\/2025\/12\/tarif-maserati-us-2026.jpg\" alt=\"\" class=\"wp-image-44331\" srcset=\"https:\/\/www.italpassion.fr\/wp-content\/uploads\/2025\/12\/tarif-maserati-us-2026.jpg 1200w, https:\/\/www.italpassion.fr\/wp-content\/uploads\/2025\/12\/tarif-maserati-us-2026-420x414.jpg 420w, https:\/\/www.italpassion.fr\/wp-content\/uploads\/2025\/12\/tarif-maserati-us-2026-768x758.jpg 768w, https:\/\/www.italpassion.fr\/wp-content\/uploads\/2025\/12\/tarif-maserati-us-2026-12x12.jpg 12w\" sizes=\"auto, (max-width: 1200px) 100vw, 1200px\" \/><\/figure>\n\n\n\n<p>Der Grecale Modena V6, Jahrgang 2026, wird ab 84.500 US-Dollar angeboten, was genau dem Preis des Grecale Modena mit Vierzylindermotor entspricht. Unter der Haube steckt der hauseigene 3,0-Liter-V6, der vom Nettuno abstammt, hier aber auf 385 PS gedrosselt wurde, gegen\u00fcber 523 PS beim Trofeo (550 PS in Europa). Die Leistung bleibt solide mit einer auf 160 mph (260 km\/h) erh\u00f6hten H\u00f6chstgeschwindigkeit, wobei der Allradantrieb und die Gesamtleistung der hervorragenden Giorgio-Plattform erhalten bleiben. Diese Leistungsreduzierung ist kein Zufall. Sie erm\u00f6glicht es Maserati, den V6 als erschwinglichere Alternative zu positionieren, ohne den Trofeo v\u00f6llig zu kannibalisieren, der nach wie vor einen klaren Vorteil in der reinen Leistung hat.<\/p>\n\n\n\n<h2 class=\"wp-block-heading\">Ein exklusives amerikanisches...<\/h2>\n\n\n\n<p>Bemerkenswert ist, dass es diese Modena V6-Version in Europa nicht gibt. Weder die franz\u00f6sischen, noch die deutschen oder italienischen Konfiguratoren bieten sie derzeit an. In diesen M\u00e4rkten bleibt der Grecale klassisch strukturiert, mit einem Vierzylinder in den Einstiegs- und Mittelklasseversionen und dem V6, der dem Trofeo vorbehalten ist. Diese Wahl verst\u00e4rkt die Idee einer gezielten Entscheidung, die speziell f\u00fcr die USA gedacht ist. Ein Land, das nicht nur der gr\u00f6\u00dfte Markt f\u00fcr Maserati ist, sondern auch das Land, in dem der R\u00fcckgang derzeit am besorgniserregendsten ist.<\/p>\n\n\n\n<h2 class=\"wp-block-heading\">Eine direkte Antwort auf die US-Krise von Maserati<\/h2>\n\n\n\n<p>Die Zahlen sprechen f\u00fcr sich. Im Zeitraum von Januar bis November 2025, <a href=\"https:\/\/www.italpassion.fr\/de\/maserati\/maserati-ohne-uberraschung-keine-positiven-signale-fur-2025-auser-in-deutschland\/\">Maserati verzeichnet einen R\u00fcckgang von 39 % in den USA<\/a>der Markt Nummer eins. Die Restbest\u00e4nde des Ghibli, des Quattroporte und des Levante belasten weiterhin, w\u00e4hrend der Grecale, obwohl er zum Grundpfeiler der Modellpalette geworden ist, allein kaum das allm\u00e4hliche Verschwinden der \u00e4lteren Modelle ausgleichen kann. In dieser Situation einen Maserati SUV mit V6-Motor zum Preis eines Vierzylinders anzubieten, sieht eindeutig nach einem gezielten Versuch der Wiederbelebung aus. Die Botschaft ist einfach: neue Lust, neues Verlangen und vor allem ein Unterscheidungsmerkmal gegen\u00fcber der Konkurrenz.<\/p>\n\n\n\n<p>Wird diese Strategie auf die USA beschr\u00e4nkt bleiben, oder ist sie ein Vorbote einer umfassenderen Entwicklung der Grecale-Reihe? Bisher hat Maserati noch nichts \u00fcber Europa verlauten lassen. Das deutsche Beispiel zeigt jedoch, dass der Grecale zu einem echten Wachstumsmotor werden kann, wenn die Positionierung stimmt.<\/p>\n\n\n\n<p>Diese neue Version des Grecale Modena V6 ist keine industrielle Revolution, aber sie k\u00f6nnte einen kommerziellen Wendepunkt darstellen. Durch die Wiedereinf\u00fchrung des V6 zu einem erschwinglicheren Preisniveau testet Maserati eindeutig den amerikanischen Markt, wo die Dringlichkeit am gr\u00f6\u00dften ist. Es bleibt abzuwarten, ob diese Preissenkung zusammen mit einem ma\u00dfvollen Leistungsabfall ausreicht, um die seit \u00fcber einem Jahr zu beobachtende Negativspirale aufzuhalten. Die Antwort wird 2026 kommen, wenn die Zahlen vorliegen. Eines ist jedoch sicher: Zum ersten Mal seit langem scheint Maserati sein Angebot nicht aus Ideologie, sondern aus Pragmatismus anzupassen.<\/p>\n\n\n\n<figure class=\"wp-block-table\"><table class=\"has-fixed-layout\"><thead><tr><th><\/th><th>2025<\/th><th>2026<\/th><\/tr><\/thead><tbody><tr><td>Maserati Grecale<\/td><td>$69,900<\/td><td>$77,900<\/td><\/tr><tr><td>Maserati Grecale Modena<\/td><td>$78,500<\/td><td>$84,500<\/td><\/tr><tr><td>Maserati Grecale Modena V6<\/td><td><\/td><td>$84,500<\/td><\/tr><tr><td>Maserati Grecale Trofeo<\/td><td>$110,200<\/td><td>$117,500<\/td><\/tr><tr><td>Maserati Grecale Folgore<\/td><td>$109,000<\/td><td>$119,900<\/td><\/tr><\/tbody><\/table><\/figure>","protected":false},"excerpt":{"rendered":"","protected":false},"author":1,"featured_media":44332,"comment_status":"open","ping_status":"open","sticky":false,"template":"","format":"standard","meta":{"_acf_changed":false,"_sitemap_exclude":false,"_sitemap_priority":"","_sitemap_frequency":"","footnotes":""},"categories":[27],"tags":[285],"class_list":["post-44330","post","type-post","status-publish","format-standard","has-post-thumbnail","hentry","category-maserati","tag-maserati-grecale","generate-columns","tablet-grid-50","mobile-grid-100","grid-parent","grid-33"],"acf":[],"yoast_head":"<!-- This site is optimized with the Yoast SEO plugin v25.8 - https:\/\/yoast.com\/wordpress\/plugins\/seo\/ -->\n<title>Maserati baisse le prix de son SUV V6 au prix d\u2019un quatre-cylindres (et augmente le prix du mod\u00e8le \u00e9lectrique) - ItalPassion<\/title>\n<meta name=\"description\" content=\"Maserati n\u2019a pas fait de communiqu\u00e9 tonitruant. Pourtant, en scrutant attentivement les configurateurs am\u00e9ricains, une \u00e9volution majeure est apparue ces\" \/>\n<meta name=\"robots\" content=\"index, follow, max-snippet:-1, max-image-preview:large, max-video-preview:-1\" \/>\n<link rel=\"canonical\" href=\"https:\/\/www.italpassion.fr\/de\/maserati\/maserati-senkt-den-preis-fur-seinen-v6-suv-auf-den-preis-eines-vierzylinders-und-erhoht-den-preis-fur-das-elektromodell\/\" \/>\n<meta property=\"og:locale\" content=\"de_DE\" \/>\n<meta property=\"og:type\" content=\"article\" \/>\n<meta property=\"og:title\" content=\"Maserati baisse le prix de son SUV V6 au prix d\u2019un quatre-cylindres (et augmente le prix du mod\u00e8le \u00e9lectrique) - ItalPassion\" \/>\n<meta property=\"og:description\" content=\"Maserati n\u2019a pas fait de communiqu\u00e9 tonitruant. Pourtant, en scrutant attentivement les configurateurs am\u00e9ricains, une \u00e9volution majeure est apparue ces\" \/>\n<meta property=\"og:url\" content=\"https:\/\/www.italpassion.fr\/de\/maserati\/maserati-senkt-den-preis-fur-seinen-v6-suv-auf-den-preis-eines-vierzylinders-und-erhoht-den-preis-fur-das-elektromodell\/\" \/>\n<meta property=\"og:site_name\" content=\"ItalPassion\" \/>\n<meta property=\"article:publisher\" content=\"https:\/\/www.facebook.com\/italpassion\" \/>\n<meta property=\"article:published_time\" content=\"2025-12-12T10:03:36+00:00\" \/>\n<meta property=\"og:image\" content=\"https:\/\/www.italpassion.fr\/wp-content\/uploads\/2025\/12\/maserati-grecale-v6.jpg\" \/>\n\t<meta property=\"og:image:width\" content=\"1200\" \/>\n\t<meta property=\"og:image:height\" content=\"800\" \/>\n\t<meta property=\"og:image:type\" content=\"image\/jpeg\" \/>\n<meta name=\"author\" content=\"Alexandre Filluzeau\" \/>\n<meta name=\"twitter:card\" content=\"summary_large_image\" \/>\n<meta name=\"twitter:creator\" content=\"@italpassion\" \/>\n<meta name=\"twitter:site\" content=\"@italpassion\" \/>\n<script type=\"application\/ld+json\" class=\"yoast-schema-graph\">{\"@context\":\"https:\/\/schema.org\",\"@graph\":[{\"@type\":\"NewsArticle\",\"@id\":\"https:\/\/www.italpassion.fr\/de\/maserati\/maserati-baisse-le-prix-de-son-suv-v6-au-prix-dun-quatre-cylindres-et-augmente-le-prix-du-modele-electrique\/#article\",\"isPartOf\":{\"@id\":\"https:\/\/www.italpassion.fr\/de\/maserati\/maserati-baisse-le-prix-de-son-suv-v6-au-prix-dun-quatre-cylindres-et-augmente-le-prix-du-modele-electrique\/\"},\"author\":{\"name\":\"Alexandre Filluzeau\",\"@id\":\"https:\/\/www.italpassion.fr\/de\/#\/schema\/person\/36f747b2a759ca202d847e85a9434ca0\"},\"headline\":\"Maserati baisse le prix de son SUV V6 au prix d\u2019un quatre-cylindres (et augmente le prix du mod\u00e8le \u00e9lectrique)\",\"datePublished\":\"2025-12-12T10:03:36+00:00\",\"mainEntityOfPage\":{\"@id\":\"https:\/\/www.italpassion.fr\/de\/maserati\/maserati-baisse-le-prix-de-son-suv-v6-au-prix-dun-quatre-cylindres-et-augmente-le-prix-du-modele-electrique\/\"},\"wordCount\":675,\"commentCount\":2,\"publisher\":{\"@id\":\"https:\/\/www.italpassion.fr\/de\/#organization\"},\"image\":{\"@id\":\"https:\/\/www.italpassion.fr\/de\/maserati\/maserati-baisse-le-prix-de-son-suv-v6-au-prix-dun-quatre-cylindres-et-augmente-le-prix-du-modele-electrique\/#primaryimage\"},\"thumbnailUrl\":\"https:\/\/www.italpassion.fr\/wp-content\/uploads\/2025\/12\/maserati-grecale-v6.jpg\",\"keywords\":[\"Maserati Grecale\"],\"articleSection\":[\"Maserati\"],\"inLanguage\":\"de\",\"potentialAction\":[{\"@type\":\"CommentAction\",\"name\":\"Comment\",\"target\":[\"https:\/\/www.italpassion.fr\/de\/maserati\/maserati-baisse-le-prix-de-son-suv-v6-au-prix-dun-quatre-cylindres-et-augmente-le-prix-du-modele-electrique\/#respond\"]}]},{\"@type\":\"WebPage\",\"@id\":\"https:\/\/www.italpassion.fr\/de\/maserati\/maserati-baisse-le-prix-de-son-suv-v6-au-prix-dun-quatre-cylindres-et-augmente-le-prix-du-modele-electrique\/\",\"url\":\"https:\/\/www.italpassion.fr\/de\/maserati\/maserati-baisse-le-prix-de-son-suv-v6-au-prix-dun-quatre-cylindres-et-augmente-le-prix-du-modele-electrique\/\",\"name\":\"Maserati baisse le prix de son SUV V6 au prix d\u2019un quatre-cylindres (et augmente le prix du mod\u00e8le \u00e9lectrique) - ItalPassion\",\"isPartOf\":{\"@id\":\"https:\/\/www.italpassion.fr\/de\/#website\"},\"primaryImageOfPage\":{\"@id\":\"https:\/\/www.italpassion.fr\/de\/maserati\/maserati-baisse-le-prix-de-son-suv-v6-au-prix-dun-quatre-cylindres-et-augmente-le-prix-du-modele-electrique\/#primaryimage\"},\"image\":{\"@id\":\"https:\/\/www.italpassion.fr\/de\/maserati\/maserati-baisse-le-prix-de-son-suv-v6-au-prix-dun-quatre-cylindres-et-augmente-le-prix-du-modele-electrique\/#primaryimage\"},\"thumbnailUrl\":\"https:\/\/www.italpassion.fr\/wp-content\/uploads\/2025\/12\/maserati-grecale-v6.jpg\",\"datePublished\":\"2025-12-12T10:03:36+00:00\",\"description\":\"Maserati n\u2019a pas fait de communiqu\u00e9 tonitruant. Pourtant, en scrutant attentivement les configurateurs am\u00e9ricains, une \u00e9volution majeure est apparue ces\",\"breadcrumb\":{\"@id\":\"https:\/\/www.italpassion.fr\/de\/maserati\/maserati-baisse-le-prix-de-son-suv-v6-au-prix-dun-quatre-cylindres-et-augmente-le-prix-du-modele-electrique\/#breadcrumb\"},\"inLanguage\":\"de\",\"potentialAction\":[{\"@type\":\"ReadAction\",\"target\":[\"https:\/\/www.italpassion.fr\/de\/maserati\/maserati-baisse-le-prix-de-son-suv-v6-au-prix-dun-quatre-cylindres-et-augmente-le-prix-du-modele-electrique\/\"]}]},{\"@type\":\"ImageObject\",\"inLanguage\":\"de\",\"@id\":\"https:\/\/www.italpassion.fr\/de\/maserati\/maserati-baisse-le-prix-de-son-suv-v6-au-prix-dun-quatre-cylindres-et-augmente-le-prix-du-modele-electrique\/#primaryimage\",\"url\":\"https:\/\/www.italpassion.fr\/wp-content\/uploads\/2025\/12\/maserati-grecale-v6.jpg\",\"contentUrl\":\"https:\/\/www.italpassion.fr\/wp-content\/uploads\/2025\/12\/maserati-grecale-v6.jpg\",\"width\":1200,\"height\":800},{\"@type\":\"BreadcrumbList\",\"@id\":\"https:\/\/www.italpassion.fr\/de\/maserati\/maserati-baisse-le-prix-de-son-suv-v6-au-prix-dun-quatre-cylindres-et-augmente-le-prix-du-modele-electrique\/#breadcrumb\",\"itemListElement\":[{\"@type\":\"ListItem\",\"position\":1,\"name\":\"Accueil\",\"item\":\"https:\/\/www.italpassion.fr\/de\/\"},{\"@type\":\"ListItem\",\"position\":2,\"name\":\"Maserati baisse le prix de son SUV V6 au prix d\u2019un quatre-cylindres (et augmente le prix du mod\u00e8le \u00e9lectrique)\"}]},{\"@type\":\"WebSite\",\"@id\":\"https:\/\/www.italpassion.fr\/de\/#website\",\"url\":\"https:\/\/www.italpassion.fr\/de\/\",\"name\":\"ItalPassion\",\"description\":\"Les Passionn\u00e9s d&#039;Automobiles Italiennes\",\"publisher\":{\"@id\":\"https:\/\/www.italpassion.fr\/de\/#organization\"},\"potentialAction\":[{\"@type\":\"SearchAction\",\"target\":{\"@type\":\"EntryPoint\",\"urlTemplate\":\"https:\/\/www.italpassion.fr\/de\/?s={search_term_string}\"},\"query-input\":{\"@type\":\"PropertyValueSpecification\",\"valueRequired\":true,\"valueName\":\"search_term_string\"}}],\"inLanguage\":\"de\"},{\"@type\":\"Organization\",\"@id\":\"https:\/\/www.italpassion.fr\/de\/#organization\",\"name\":\"Italpassion\",\"url\":\"https:\/\/www.italpassion.fr\/de\/\",\"logo\":{\"@type\":\"ImageObject\",\"inLanguage\":\"de\",\"@id\":\"https:\/\/www.italpassion.fr\/de\/#\/schema\/logo\/image\/\",\"url\":\"https:\/\/www.italpassion.fr\/wp-content\/uploads\/2023\/07\/italpassion-yoast.jpg\",\"contentUrl\":\"https:\/\/www.italpassion.fr\/wp-content\/uploads\/2023\/07\/italpassion-yoast.jpg\",\"width\":696,\"height\":696,\"caption\":\"Italpassion\"},\"image\":{\"@id\":\"https:\/\/www.italpassion.fr\/de\/#\/schema\/logo\/image\/\"},\"sameAs\":[\"https:\/\/www.facebook.com\/italpassion\",\"https:\/\/x.com\/italpassion\",\"https:\/\/www.instagram.com\/italpassionfr\/\",\"https:\/\/www.youtube.com\/channel\/UCleq-ByQaA42OjhopwevRjQ\",\"https:\/\/www.facebook.com\/italpassion.en\/\",\"https:\/\/www.facebook.com\/italpassion.it\/\",\"https:\/\/www.facebook.com\/italpassion.de\/\",\"https:\/\/www.facebook.com\/italpassion.ja\/\"]},{\"@type\":\"Person\",\"@id\":\"https:\/\/www.italpassion.fr\/de\/#\/schema\/person\/36f747b2a759ca202d847e85a9434ca0\",\"name\":\"Alexandre Filluzeau\",\"image\":{\"@type\":\"ImageObject\",\"inLanguage\":\"de\",\"@id\":\"https:\/\/www.italpassion.fr\/de\/#\/schema\/person\/image\/\",\"url\":\"https:\/\/www.italpassion.fr\/wp-content\/uploads\/2025\/04\/avatar-alexandre-160x160.jpg\",\"contentUrl\":\"https:\/\/www.italpassion.fr\/wp-content\/uploads\/2025\/04\/avatar-alexandre-160x160.jpg\",\"caption\":\"Alexandre Filluzeau\"},\"description\":\"Fondateur du site ItalPassion, passionn\u00e9 de voitures italiennes et de l'Italie en g\u00e9n\u00e9ral. J'apporte un regard critique et technique aux actualit\u00e9s des marques italiennes quand cela est possible. Propri\u00e9taire d'une Maserati GranTurismo, Alfa Romeo MiTo, Lancia Fulvia et Ducati 695. Ex-propri\u00e9taire d'une Alfa Romeo Giulia.\",\"sameAs\":[\"https:\/\/www.italpassion.fr\/\"],\"url\":\"https:\/\/www.italpassion.fr\/de\/author\/alexandre\/\"}]}<\/script>\n<!-- \/ Yoast SEO plugin. -->","yoast_head_json":{"title":"Maserati senkt den Preis f\u00fcr seinen V6-SUV auf den Preis eines Vierzylinders (und erh\u00f6ht den Preis f\u00fcr das Elektromodell) - ItalPassion","description":"Maserati hat keine donnernde Pressemitteilung herausgegeben. Doch wenn man die amerikanischen Konfiguratoren genau unter die Lupe nimmt, sieht man, dass es in den letzten Monaten eine gro\u00dfe Ver\u00e4nderung gegeben hat.","robots":{"index":"index","follow":"follow","max-snippet":"max-snippet:-1","max-image-preview":"max-image-preview:large","max-video-preview":"max-video-preview:-1"},"canonical":"https:\/\/www.italpassion.fr\/de\/maserati\/maserati-senkt-den-preis-fur-seinen-v6-suv-auf-den-preis-eines-vierzylinders-und-erhoht-den-preis-fur-das-elektromodell\/","og_locale":"de_DE","og_type":"article","og_title":"Maserati baisse le prix de son SUV V6 au prix d\u2019un quatre-cylindres (et augmente le prix du mod\u00e8le \u00e9lectrique) - ItalPassion","og_description":"Maserati n\u2019a pas fait de communiqu\u00e9 tonitruant. Pourtant, en scrutant attentivement les configurateurs am\u00e9ricains, une \u00e9volution majeure est apparue ces","og_url":"https:\/\/www.italpassion.fr\/de\/maserati\/maserati-senkt-den-preis-fur-seinen-v6-suv-auf-den-preis-eines-vierzylinders-und-erhoht-den-preis-fur-das-elektromodell\/","og_site_name":"ItalPassion","article_publisher":"https:\/\/www.facebook.com\/italpassion","article_published_time":"2025-12-12T10:03:36+00:00","og_image":[{"width":1200,"height":800,"url":"https:\/\/www.italpassion.fr\/wp-content\/uploads\/2025\/12\/maserati-grecale-v6.jpg","type":"image\/jpeg"}],"author":"Alexandre Filluzeau","twitter_card":"summary_large_image","twitter_creator":"@italpassion","twitter_site":"@italpassion","schema":{"@context":"https:\/\/schema.org","@graph":[{"@type":"NewsArticle","@id":"https:\/\/www.italpassion.fr\/de\/maserati\/maserati-baisse-le-prix-de-son-suv-v6-au-prix-dun-quatre-cylindres-et-augmente-le-prix-du-modele-electrique\/#article","isPartOf":{"@id":"https:\/\/www.italpassion.fr\/de\/maserati\/maserati-baisse-le-prix-de-son-suv-v6-au-prix-dun-quatre-cylindres-et-augmente-le-prix-du-modele-electrique\/"},"author":{"name":"Alexandre Filluzeau","@id":"https:\/\/www.italpassion.fr\/de\/#\/schema\/person\/36f747b2a759ca202d847e85a9434ca0"},"headline":"Maserati baisse le prix de son SUV V6 au prix d\u2019un quatre-cylindres (et augmente le prix du mod\u00e8le \u00e9lectrique)","datePublished":"2025-12-12T10:03:36+00:00","mainEntityOfPage":{"@id":"https:\/\/www.italpassion.fr\/de\/maserati\/maserati-baisse-le-prix-de-son-suv-v6-au-prix-dun-quatre-cylindres-et-augmente-le-prix-du-modele-electrique\/"},"wordCount":675,"commentCount":2,"publisher":{"@id":"https:\/\/www.italpassion.fr\/de\/#organization"},"image":{"@id":"https:\/\/www.italpassion.fr\/de\/maserati\/maserati-baisse-le-prix-de-son-suv-v6-au-prix-dun-quatre-cylindres-et-augmente-le-prix-du-modele-electrique\/#primaryimage"},"thumbnailUrl":"https:\/\/www.italpassion.fr\/wp-content\/uploads\/2025\/12\/maserati-grecale-v6.jpg","keywords":["Maserati Grecale"],"articleSection":["Maserati"],"inLanguage":"de","potentialAction":[{"@type":"CommentAction","name":"Comment","target":["https:\/\/www.italpassion.fr\/de\/maserati\/maserati-baisse-le-prix-de-son-suv-v6-au-prix-dun-quatre-cylindres-et-augmente-le-prix-du-modele-electrique\/#respond"]}]},{"@type":"WebPage","@id":"https:\/\/www.italpassion.fr\/de\/maserati\/maserati-baisse-le-prix-de-son-suv-v6-au-prix-dun-quatre-cylindres-et-augmente-le-prix-du-modele-electrique\/","url":"https:\/\/www.italpassion.fr\/de\/maserati\/maserati-baisse-le-prix-de-son-suv-v6-au-prix-dun-quatre-cylindres-et-augmente-le-prix-du-modele-electrique\/","name":"Maserati senkt den Preis f\u00fcr seinen V6-SUV auf den Preis eines Vierzylinders (und erh\u00f6ht den Preis f\u00fcr das Elektromodell) - ItalPassion","isPartOf":{"@id":"https:\/\/www.italpassion.fr\/de\/#website"},"primaryImageOfPage":{"@id":"https:\/\/www.italpassion.fr\/de\/maserati\/maserati-baisse-le-prix-de-son-suv-v6-au-prix-dun-quatre-cylindres-et-augmente-le-prix-du-modele-electrique\/#primaryimage"},"image":{"@id":"https:\/\/www.italpassion.fr\/de\/maserati\/maserati-baisse-le-prix-de-son-suv-v6-au-prix-dun-quatre-cylindres-et-augmente-le-prix-du-modele-electrique\/#primaryimage"},"thumbnailUrl":"https:\/\/www.italpassion.fr\/wp-content\/uploads\/2025\/12\/maserati-grecale-v6.jpg","datePublished":"2025-12-12T10:03:36+00:00","description":"Maserati hat keine donnernde Pressemitteilung herausgegeben. Doch wenn man die amerikanischen Konfiguratoren genau unter die Lupe nimmt, sieht man, dass es in den letzten Monaten eine gro\u00dfe Ver\u00e4nderung gegeben hat.","breadcrumb":{"@id":"https:\/\/www.italpassion.fr\/de\/maserati\/maserati-baisse-le-prix-de-son-suv-v6-au-prix-dun-quatre-cylindres-et-augmente-le-prix-du-modele-electrique\/#breadcrumb"},"inLanguage":"de","potentialAction":[{"@type":"ReadAction","target":["https:\/\/www.italpassion.fr\/de\/maserati\/maserati-baisse-le-prix-de-son-suv-v6-au-prix-dun-quatre-cylindres-et-augmente-le-prix-du-modele-electrique\/"]}]},{"@type":"ImageObject","inLanguage":"de","@id":"https:\/\/www.italpassion.fr\/de\/maserati\/maserati-baisse-le-prix-de-son-suv-v6-au-prix-dun-quatre-cylindres-et-augmente-le-prix-du-modele-electrique\/#primaryimage","url":"https:\/\/www.italpassion.fr\/wp-content\/uploads\/2025\/12\/maserati-grecale-v6.jpg","contentUrl":"https:\/\/www.italpassion.fr\/wp-content\/uploads\/2025\/12\/maserati-grecale-v6.jpg","width":1200,"height":800},{"@type":"BreadcrumbList","@id":"https:\/\/www.italpassion.fr\/de\/maserati\/maserati-baisse-le-prix-de-son-suv-v6-au-prix-dun-quatre-cylindres-et-augmente-le-prix-du-modele-electrique\/#breadcrumb","itemListElement":[{"@type":"ListItem","position":1,"name":"Accueil","item":"https:\/\/www.italpassion.fr\/de\/"},{"@type":"ListItem","position":2,"name":"Maserati baisse le prix de son SUV V6 au prix d\u2019un quatre-cylindres (et augmente le prix du mod\u00e8le \u00e9lectrique)"}]},{"@type":"WebSite","@id":"https:\/\/www.italpassion.fr\/de\/#website","url":"https:\/\/www.italpassion.fr\/de\/","name":"ItalPassion","description":"Die Liebhaber italienischer Autos","publisher":{"@id":"https:\/\/www.italpassion.fr\/de\/#organization"},"potentialAction":[{"@type":"SearchAction","target":{"@type":"EntryPoint","urlTemplate":"https:\/\/www.italpassion.fr\/de\/?s={search_term_string}"},"query-input":{"@type":"PropertyValueSpecification","valueRequired":true,"valueName":"search_term_string"}}],"inLanguage":"de"},{"@type":"Organization","@id":"https:\/\/www.italpassion.fr\/de\/#organization","name":"Italpassion","url":"https:\/\/www.italpassion.fr\/de\/","logo":{"@type":"ImageObject","inLanguage":"de","@id":"https:\/\/www.italpassion.fr\/de\/#\/schema\/logo\/image\/","url":"https:\/\/www.italpassion.fr\/wp-content\/uploads\/2023\/07\/italpassion-yoast.jpg","contentUrl":"https:\/\/www.italpassion.fr\/wp-content\/uploads\/2023\/07\/italpassion-yoast.jpg","width":696,"height":696,"caption":"Italpassion"},"image":{"@id":"https:\/\/www.italpassion.fr\/de\/#\/schema\/logo\/image\/"},"sameAs":["https:\/\/www.facebook.com\/italpassion","https:\/\/x.com\/italpassion","https:\/\/www.instagram.com\/italpassionfr\/","https:\/\/www.youtube.com\/channel\/UCleq-ByQaA42OjhopwevRjQ","https:\/\/www.facebook.com\/italpassion.en\/","https:\/\/www.facebook.com\/italpassion.it\/","https:\/\/www.facebook.com\/italpassion.de\/","https:\/\/www.facebook.com\/italpassion.ja\/"]},{"@type":"Person","@id":"https:\/\/www.italpassion.fr\/de\/#\/schema\/person\/36f747b2a759ca202d847e85a9434ca0","name":"Alexandre Filluzeau","image":{"@type":"ImageObject","inLanguage":"de","@id":"https:\/\/www.italpassion.fr\/de\/#\/schema\/person\/image\/","url":"https:\/\/www.italpassion.fr\/wp-content\/uploads\/2025\/04\/avatar-alexandre-160x160.jpg","contentUrl":"https:\/\/www.italpassion.fr\/wp-content\/uploads\/2025\/04\/avatar-alexandre-160x160.jpg","caption":"Alexandre Filluzeau"},"description":"Gr\u00fcnder der Website ItalPassion, leidenschaftlicher Fan von italienischen Autos und Italien im Allgemeinen. Ich bringe einen kritischen und technischen Blick auf die Nachrichten der italienischen Marken, wann immer es m\u00f6glich ist. Besitzer eines Maserati GranTurismo, Alfa Romeo MiTo, Lancia Fulvia und Ducati 695. Ex-Besitzer einer Alfa Romeo Giulia.","sameAs":["https:\/\/www.italpassion.fr\/"],"url":"https:\/\/www.italpassion.fr\/de\/author\/alexandre\/"}]}},"_links":{"self":[{"href":"https:\/\/www.italpassion.fr\/de\/wp-json\/wp\/v2\/posts\/44330","targetHints":{"allow":["GET"]}}],"collection":[{"href":"https:\/\/www.italpassion.fr\/de\/wp-json\/wp\/v2\/posts"}],"about":[{"href":"https:\/\/www.italpassion.fr\/de\/wp-json\/wp\/v2\/types\/post"}],"author":[{"embeddable":true,"href":"https:\/\/www.italpassion.fr\/de\/wp-json\/wp\/v2\/users\/1"}],"replies":[{"embeddable":true,"href":"https:\/\/www.italpassion.fr\/de\/wp-json\/wp\/v2\/comments?post=44330"}],"version-history":[{"count":1,"href":"https:\/\/www.italpassion.fr\/de\/wp-json\/wp\/v2\/posts\/44330\/revisions"}],"predecessor-version":[{"id":44333,"href":"https:\/\/www.italpassion.fr\/de\/wp-json\/wp\/v2\/posts\/44330\/revisions\/44333"}],"wp:featuredmedia":[{"embeddable":true,"href":"https:\/\/www.italpassion.fr\/de\/wp-json\/wp\/v2\/media\/44332"}],"wp:attachment":[{"href":"https:\/\/www.italpassion.fr\/de\/wp-json\/wp\/v2\/media?parent=44330"}],"wp:term":[{"taxonomy":"category","embeddable":true,"href":"https:\/\/www.italpassion.fr\/de\/wp-json\/wp\/v2\/categories?post=44330"},{"taxonomy":"post_tag","embeddable":true,"href":"https:\/\/www.italpassion.fr\/de\/wp-json\/wp\/v2\/tags?post=44330"}],"curies":[{"name":"wp","href":"https:\/\/api.w.org\/{rel}","templated":true}]}}