{"id":44174,"date":"2025-12-09T09:17:48","date_gmt":"2025-12-09T08:17:48","guid":{"rendered":"https:\/\/www.italpassion.fr\/?p=44174"},"modified":"2025-12-09T09:17:48","modified_gmt":"2025-12-09T08:17:48","slug":"stellantis-probleme-mit-der-stla-small-plattform-konnten-modelle-von-peugeot-opel-und-alfa-romeo-verzogern","status":"publish","type":"post","link":"https:\/\/www.italpassion.fr\/de\/stellantis\/stellantis-des-problemes-sur-la-plateforme-stla-small-pourraient-retarder-des-modeles-peugeot-opel-et-alfa-romeo\/","title":{"rendered":"Stellantis: Probleme mit der STLA Small Plattform k\u00f6nnten Modelle von Peugeot, Opel... und Alfa Romeo verz\u00f6gern!"},"content":{"rendered":"<figure class=\"wp-block-image size-large\"><img loading=\"lazy\" decoding=\"async\" width=\"1024\" height=\"683\" src=\"https:\/\/www.italpassion.fr\/wp-content\/uploads\/2025\/01\/stellantis-cmp-1024x683.jpg\" alt=\"\" class=\"wp-image-35836\" srcset=\"https:\/\/www.italpassion.fr\/wp-content\/uploads\/2025\/01\/stellantis-cmp-1024x683.jpg 1024w, https:\/\/www.italpassion.fr\/wp-content\/uploads\/2025\/01\/stellantis-cmp-300x200.jpg 300w, https:\/\/www.italpassion.fr\/wp-content\/uploads\/2025\/01\/stellantis-cmp-768x512.jpg 768w, https:\/\/www.italpassion.fr\/wp-content\/uploads\/2025\/01\/stellantis-cmp-18x12.jpg 18w, https:\/\/www.italpassion.fr\/wp-content\/uploads\/2025\/01\/stellantis-cmp-561x374.jpg 561w, https:\/\/www.italpassion.fr\/wp-content\/uploads\/2025\/01\/stellantis-cmp-1122x748.jpg 1122w, https:\/\/www.italpassion.fr\/wp-content\/uploads\/2025\/01\/stellantis-cmp-265x177.jpg 265w, https:\/\/www.italpassion.fr\/wp-content\/uploads\/2025\/01\/stellantis-cmp-531x354.jpg 531w, https:\/\/www.italpassion.fr\/wp-content\/uploads\/2025\/01\/stellantis-cmp-364x243.jpg 364w, https:\/\/www.italpassion.fr\/wp-content\/uploads\/2025\/01\/stellantis-cmp-728x485.jpg 728w, https:\/\/www.italpassion.fr\/wp-content\/uploads\/2025\/01\/stellantis-cmp-608x405.jpg 608w, https:\/\/www.italpassion.fr\/wp-content\/uploads\/2025\/01\/stellantis-cmp-758x505.jpg 758w, https:\/\/www.italpassion.fr\/wp-content\/uploads\/2025\/01\/stellantis-cmp-1152x768.jpg 1152w, https:\/\/www.italpassion.fr\/wp-content\/uploads\/2025\/01\/stellantis-cmp.jpg 1200w\" sizes=\"auto, (max-width: 1024px) 100vw, 1024px\" \/><figcaption class=\"wp-element-caption\">eCMP-Plattform, die durch STLA Small ersetzt werden soll<\/figcaption><\/figure>\n\n\n\n<p><a href=\"https:\/\/www.italpassion.fr\/de\/stellantis\/\">Stellantis<\/a> befindet sich in einer entscheidenden Phase. Zwischen dem CEO-Wechsel im Juni 2025, einem US-Markt, der bei Elektroautos ins Stocken ger\u00e4t, und einem Europa, das sich nicht sicher ist, in welche Richtung es gehen soll, bewegt sich der Konzern vorsichtig vorw\u00e4rts. Antonio Filosa, der neue Chef, hat bereits gewarnt: Ein neuer Produkt- und Industrieplan wird erst zwischen Mai und Juni 2026 vorgelegt werden. Bis dahin entwickeln sich die Projekte weiter, werden korrigiert und manchmal eingefroren... und das macht sich in den Zeitpl\u00e4nen bemerkbar.<\/p>\n\n\n\n<p>Die strategische Wende des Konzerns, der nicht mehr ausschlie\u00dflich auf den elektrischen 100 % setzt, sondern massiv elektrifizierte Verbrennungsmotoren wieder einf\u00fchrt, hat bereits zu gr\u00f6\u00dferen Verschiebungen gef\u00fchrt. Man denke insbesondere an <a href=\"https:\/\/www.italpassion.fr\/de\/alfa-romeo\/neues-stelvio-auf-2028-verschoben-alfa-romeo-wurde-grosere-anderungen-vorsehen\/\">die verschobenen Alfa Romeo Giulia und Stelvio.<\/a>. Aber diese Neujustierung betrifft nicht nur die Modelle des D-Segments: Sie betrifft nun auch direkt die STLA Small-Plattform, die die n\u00e4chste Generation von Stadt- und Kompaktwagen tragen soll.<\/p>\n\n\n\n<p>Laut Les \u00c9chos wurde der zuk\u00fcnftige Peugeot 208, das erste Modell, das auf dieser rein elektrischen Basis entwickelt wurde, zum Beispiel f\u00fcr interne Schwierigkeiten. Einst f\u00fcr das Fr\u00fchjahr 2027 angek\u00fcndigt, wird er schlie\u00dflich erst im Sommer 2027 auf den Markt kommen. Sein Cousin Opel Corsa wird Anfang 2028 folgen, w\u00e4hrend der zuk\u00fcnftige Peugeot 2008 erst im Mai desselben Jahres auf den Markt kommen wird. Die Zeit hat sich in den Entwicklungsteams offensichtlich gedehnt und laut mehreren von der Wirtschaftszeitung zitierten Quellen haben die angesammelten Verz\u00f6gerungen ihren Ursprung in der \u00c4ra Tavares, die von wiederkehrenden Budgetk\u00fcrzungen am Ende des Gesch\u00e4ftsjahres zur Verbesserung der Finanzergebnisse gepr\u00e4gt war. Die STLA Small-Plattform soll sogar zwischen September 2024 und M\u00e4rz 2025 einen kompletten Entwicklungsstopp erlitten haben.<\/p>\n\n\n\n<p>Der STLA Small, der lange Zeit als Basis f\u00fcr einen elektrischen 100 % gedacht war, der sehr effizient ist und einen Verbrauch von nur 10 kWh\/100 km erreichen kann, entspricht nicht mehr den Ambitionen des Konzerns. Stellantis, der mit einem europ\u00e4ischen Markt konfrontiert ist, der sich teilweise vom reinen Elektroantrieb abwendet, kann es sich nicht mehr leisten, ausschlie\u00dflich batteriebetriebene Modelle auf den Markt zu bringen. Also m\u00fcssen Verbrennungs- und Hybridantriebe zu einer Architektur hinzugef\u00fcgt werden, die nicht daf\u00fcr konzipiert war. Und diese Umwandlung geschieht nicht mit einem Fingerschnippen: Zwei Jahre Arbeit seien n\u00f6tig, um die Plattform anzupassen, so eine interne Quelle, die von Les \u00c9chos befragt wurde. Zwei Jahre, aber auch zus\u00e4tzliche Entwicklungskosten, w\u00e4hrend die Gruppe gerade versucht, ihre Investitionen zu rationalisieren.<\/p>\n\n\n\n<p>Diese Schwierigkeiten gehen \u00fcber den Fall Peugeot hinaus. Es sei daran erinnert, dass <a href=\"https:\/\/www.italpassion.fr\/de\/alfa-romeo\/alfa-romeo-ein-neues-modell-wird-in-der-italienischen-fabrik-in-pomigliano-hergestellt\/\">zwei auf STLA Small basierende Modelle sollen in Italien produziert werden<\/a>In der Fabrik in Pomigliano d'Arco wurden ein Alfa Romeo und ein Opel gebaut. Diese Autos sollten ab 2028 in Produktion gehen. Dieser Zeitplan ist nun gef\u00e4hrdet. Die Probleme mit dem STLA Small erinnern \u00fcbrigens an die Situation der STLA Large-Plattform im Werk Cassino, wo sich die Verz\u00f6gerungen in \u00e4hnlicher Weise h\u00e4ufen.<\/p>\n\n\n\n<p>Auf italienischer Seite bedeutet dies m\u00f6glicherweise eine weitere Verschiebung f\u00fcr Alfa Romeo, das bereits von mehreren Strategie\u00e4nderungen betroffen ist. W\u00e4hrend die Marke ein Modell auf Basis des STLA Small f\u00fcr das Ende des Jahrzehnts vorbereitet hatte, k\u00f6nnten die Fristen nun \u00fcber das Jahr 2029 hinaus verschoben werden. Hinter diesen Fristen verbirgt sich eine umfassendere Realit\u00e4t: Die Pl\u00e4ne, die zu Zeiten von Carlos Tavares aufgestellt wurden, werden heute grundlegend in Frage gestellt. Interne Quellen berichten, dass sich alles st\u00e4ndig \u00e4ndert, je nach den Signalen der M\u00e4rkte, den z\u00f6gerlichen Regulierungsma\u00dfnahmen der Europ\u00e4ischen Union und der strategischen Neuformierung, die Antonio Filosa durchgesetzt hat. Diese Instabilit\u00e4t bringt einen industriellen Zeitplan ins Wanken, der bereits durch die anf\u00e4nglichen Ambitionen in Bezug auf die Stromversorgung unter Druck geraten ist.<\/p>\n\n\n\n<p><strong>Unten sehen Sie einen (inoffiziellen) Produktplan von Alfa Romeo, der nach unseren Informationen erstellt wurde.<\/strong><\/p>\n\n\n\n<figure class=\"wp-block-table\"><table class=\"has-fixed-layout\"><thead><tr><th>Modell<\/th><th>Start<\/th><th><\/th><th>Fabrik<\/th><\/tr><\/thead><tbody><tr><td>Alfa Romeo Junior (966)<\/td><td>2024<\/td><td>eCMP<\/td><td>Tychy<\/td><\/tr><tr><td>Alfa Romeo Stelvio (A5U)<\/td><td>2025 (\u00fcbertragen)<\/td><td>STLA Large<\/td><td>Cassino<\/td><\/tr><tr><td>Alfa Romeo Giulia (A5S)<\/td><td>2026 (\u00fcbertragen)<\/td><td>STLA Large<\/td><td>Cassino<\/td><\/tr><tr><td>Alfa Romeo (A4U)<\/td><td>2027<\/td><td>STLA Medium<\/td><td>Melfi<\/td><\/tr><tr><td>Alfa Romeo E-SUV (A6U)<\/td><td>2028 (annulliert)<\/td><td>STLA Large<\/td><td>Cassino<\/td><\/tr><tr><td>Alfa Romeo (A2X)<\/td><td>2029<\/td><td>STLA Small<\/td><td>Pomigliano<\/td><\/tr><\/tbody><\/table><\/figure>","protected":false},"excerpt":{"rendered":"","protected":false},"author":1,"featured_media":35836,"comment_status":"open","ping_status":"open","sticky":false,"template":"","format":"standard","meta":{"_acf_changed":false,"_sitemap_exclude":false,"_sitemap_priority":"","_sitemap_frequency":"","footnotes":""},"categories":[29],"tags":[],"class_list":["post-44174","post","type-post","status-publish","format-standard","has-post-thumbnail","hentry","category-stellantis","generate-columns","tablet-grid-50","mobile-grid-100","grid-parent","grid-33"],"acf":[],"yoast_head":"<!-- This site is optimized with the Yoast SEO plugin v25.8 - https:\/\/yoast.com\/wordpress\/plugins\/seo\/ -->\n<title>Stellantis : des probl\u00e8mes sur la plateforme STLA Small pourraient retarder des mod\u00e8les Peugeot, Opel... et Alfa Romeo ! - ItalPassion<\/title>\n<meta name=\"description\" content=\"Plateforme eCMP qui doit \u00eatre remplac\u00e9e par STLA Small Stellantis traverse une p\u00e9riode charni\u00e8re. Entre le changement de CEO intervenu en juin 2025, un\" \/>\n<meta name=\"robots\" content=\"index, follow, max-snippet:-1, max-image-preview:large, max-video-preview:-1\" \/>\n<link rel=\"canonical\" href=\"https:\/\/www.italpassion.fr\/de\/stellantis\/stellantis-probleme-mit-der-stla-small-plattform-konnten-modelle-von-peugeot-opel-und-alfa-romeo-verzogern\/\" \/>\n<meta property=\"og:locale\" content=\"de_DE\" \/>\n<meta property=\"og:type\" content=\"article\" \/>\n<meta property=\"og:title\" content=\"Stellantis : des probl\u00e8mes sur la plateforme STLA Small pourraient retarder des mod\u00e8les Peugeot, Opel... et Alfa Romeo ! - ItalPassion\" \/>\n<meta property=\"og:description\" content=\"Plateforme eCMP qui doit \u00eatre remplac\u00e9e par STLA Small Stellantis traverse une p\u00e9riode charni\u00e8re. Entre le changement de CEO intervenu en juin 2025, un\" \/>\n<meta property=\"og:url\" content=\"https:\/\/www.italpassion.fr\/de\/stellantis\/stellantis-probleme-mit-der-stla-small-plattform-konnten-modelle-von-peugeot-opel-und-alfa-romeo-verzogern\/\" \/>\n<meta property=\"og:site_name\" content=\"ItalPassion\" \/>\n<meta property=\"article:publisher\" content=\"https:\/\/www.facebook.com\/italpassion\" \/>\n<meta property=\"article:published_time\" content=\"2025-12-09T08:17:48+00:00\" \/>\n<meta property=\"og:image\" content=\"https:\/\/www.italpassion.fr\/wp-content\/uploads\/2025\/01\/stellantis-cmp.jpg\" \/>\n\t<meta property=\"og:image:width\" content=\"1200\" \/>\n\t<meta property=\"og:image:height\" content=\"800\" \/>\n\t<meta property=\"og:image:type\" content=\"image\/jpeg\" \/>\n<meta name=\"author\" content=\"Alexandre Filluzeau\" \/>\n<meta name=\"twitter:card\" content=\"summary_large_image\" \/>\n<meta name=\"twitter:creator\" content=\"@italpassion\" \/>\n<meta name=\"twitter:site\" content=\"@italpassion\" \/>\n<script type=\"application\/ld+json\" class=\"yoast-schema-graph\">{\"@context\":\"https:\/\/schema.org\",\"@graph\":[{\"@type\":\"NewsArticle\",\"@id\":\"https:\/\/www.italpassion.fr\/de\/stellantis\/stellantis-des-problemes-sur-la-plateforme-stla-small-pourraient-retarder-des-modeles-peugeot-opel-et-alfa-romeo\/#article\",\"isPartOf\":{\"@id\":\"https:\/\/www.italpassion.fr\/de\/stellantis\/stellantis-des-problemes-sur-la-plateforme-stla-small-pourraient-retarder-des-modeles-peugeot-opel-et-alfa-romeo\/\"},\"author\":{\"name\":\"Alexandre Filluzeau\",\"@id\":\"https:\/\/www.italpassion.fr\/de\/#\/schema\/person\/36f747b2a759ca202d847e85a9434ca0\"},\"headline\":\"Stellantis : des probl\u00e8mes sur la plateforme STLA Small pourraient retarder des mod\u00e8les Peugeot, Opel&#8230; et Alfa Romeo !\",\"datePublished\":\"2025-12-09T08:17:48+00:00\",\"mainEntityOfPage\":{\"@id\":\"https:\/\/www.italpassion.fr\/de\/stellantis\/stellantis-des-problemes-sur-la-plateforme-stla-small-pourraient-retarder-des-modeles-peugeot-opel-et-alfa-romeo\/\"},\"wordCount\":738,\"commentCount\":12,\"publisher\":{\"@id\":\"https:\/\/www.italpassion.fr\/de\/#organization\"},\"image\":{\"@id\":\"https:\/\/www.italpassion.fr\/de\/stellantis\/stellantis-des-problemes-sur-la-plateforme-stla-small-pourraient-retarder-des-modeles-peugeot-opel-et-alfa-romeo\/#primaryimage\"},\"thumbnailUrl\":\"https:\/\/www.italpassion.fr\/wp-content\/uploads\/2025\/01\/stellantis-cmp.jpg\",\"articleSection\":[\"Stellantis\"],\"inLanguage\":\"de\",\"potentialAction\":[{\"@type\":\"CommentAction\",\"name\":\"Comment\",\"target\":[\"https:\/\/www.italpassion.fr\/de\/stellantis\/stellantis-des-problemes-sur-la-plateforme-stla-small-pourraient-retarder-des-modeles-peugeot-opel-et-alfa-romeo\/#respond\"]}]},{\"@type\":\"WebPage\",\"@id\":\"https:\/\/www.italpassion.fr\/de\/stellantis\/stellantis-des-problemes-sur-la-plateforme-stla-small-pourraient-retarder-des-modeles-peugeot-opel-et-alfa-romeo\/\",\"url\":\"https:\/\/www.italpassion.fr\/de\/stellantis\/stellantis-des-problemes-sur-la-plateforme-stla-small-pourraient-retarder-des-modeles-peugeot-opel-et-alfa-romeo\/\",\"name\":\"Stellantis : des probl\u00e8mes sur la plateforme STLA Small pourraient retarder des mod\u00e8les Peugeot, Opel... et Alfa Romeo ! - ItalPassion\",\"isPartOf\":{\"@id\":\"https:\/\/www.italpassion.fr\/de\/#website\"},\"primaryImageOfPage\":{\"@id\":\"https:\/\/www.italpassion.fr\/de\/stellantis\/stellantis-des-problemes-sur-la-plateforme-stla-small-pourraient-retarder-des-modeles-peugeot-opel-et-alfa-romeo\/#primaryimage\"},\"image\":{\"@id\":\"https:\/\/www.italpassion.fr\/de\/stellantis\/stellantis-des-problemes-sur-la-plateforme-stla-small-pourraient-retarder-des-modeles-peugeot-opel-et-alfa-romeo\/#primaryimage\"},\"thumbnailUrl\":\"https:\/\/www.italpassion.fr\/wp-content\/uploads\/2025\/01\/stellantis-cmp.jpg\",\"datePublished\":\"2025-12-09T08:17:48+00:00\",\"description\":\"Plateforme eCMP qui doit \u00eatre remplac\u00e9e par STLA Small Stellantis traverse une p\u00e9riode charni\u00e8re. Entre le changement de CEO intervenu en juin 2025, un\",\"breadcrumb\":{\"@id\":\"https:\/\/www.italpassion.fr\/de\/stellantis\/stellantis-des-problemes-sur-la-plateforme-stla-small-pourraient-retarder-des-modeles-peugeot-opel-et-alfa-romeo\/#breadcrumb\"},\"inLanguage\":\"de\",\"potentialAction\":[{\"@type\":\"ReadAction\",\"target\":[\"https:\/\/www.italpassion.fr\/de\/stellantis\/stellantis-des-problemes-sur-la-plateforme-stla-small-pourraient-retarder-des-modeles-peugeot-opel-et-alfa-romeo\/\"]}]},{\"@type\":\"ImageObject\",\"inLanguage\":\"de\",\"@id\":\"https:\/\/www.italpassion.fr\/de\/stellantis\/stellantis-des-problemes-sur-la-plateforme-stla-small-pourraient-retarder-des-modeles-peugeot-opel-et-alfa-romeo\/#primaryimage\",\"url\":\"https:\/\/www.italpassion.fr\/wp-content\/uploads\/2025\/01\/stellantis-cmp.jpg\",\"contentUrl\":\"https:\/\/www.italpassion.fr\/wp-content\/uploads\/2025\/01\/stellantis-cmp.jpg\",\"width\":1200,\"height\":800},{\"@type\":\"BreadcrumbList\",\"@id\":\"https:\/\/www.italpassion.fr\/de\/stellantis\/stellantis-des-problemes-sur-la-plateforme-stla-small-pourraient-retarder-des-modeles-peugeot-opel-et-alfa-romeo\/#breadcrumb\",\"itemListElement\":[{\"@type\":\"ListItem\",\"position\":1,\"name\":\"Accueil\",\"item\":\"https:\/\/www.italpassion.fr\/de\/\"},{\"@type\":\"ListItem\",\"position\":2,\"name\":\"Stellantis : des probl\u00e8mes sur la plateforme STLA Small pourraient retarder des mod\u00e8les Peugeot, Opel&#8230; et Alfa Romeo !\"}]},{\"@type\":\"WebSite\",\"@id\":\"https:\/\/www.italpassion.fr\/de\/#website\",\"url\":\"https:\/\/www.italpassion.fr\/de\/\",\"name\":\"ItalPassion\",\"description\":\"Les Passionn\u00e9s d&#039;Automobiles Italiennes\",\"publisher\":{\"@id\":\"https:\/\/www.italpassion.fr\/de\/#organization\"},\"potentialAction\":[{\"@type\":\"SearchAction\",\"target\":{\"@type\":\"EntryPoint\",\"urlTemplate\":\"https:\/\/www.italpassion.fr\/de\/?s={search_term_string}\"},\"query-input\":{\"@type\":\"PropertyValueSpecification\",\"valueRequired\":true,\"valueName\":\"search_term_string\"}}],\"inLanguage\":\"de\"},{\"@type\":\"Organization\",\"@id\":\"https:\/\/www.italpassion.fr\/de\/#organization\",\"name\":\"Italpassion\",\"url\":\"https:\/\/www.italpassion.fr\/de\/\",\"logo\":{\"@type\":\"ImageObject\",\"inLanguage\":\"de\",\"@id\":\"https:\/\/www.italpassion.fr\/de\/#\/schema\/logo\/image\/\",\"url\":\"https:\/\/www.italpassion.fr\/wp-content\/uploads\/2023\/07\/italpassion-yoast.jpg\",\"contentUrl\":\"https:\/\/www.italpassion.fr\/wp-content\/uploads\/2023\/07\/italpassion-yoast.jpg\",\"width\":696,\"height\":696,\"caption\":\"Italpassion\"},\"image\":{\"@id\":\"https:\/\/www.italpassion.fr\/de\/#\/schema\/logo\/image\/\"},\"sameAs\":[\"https:\/\/www.facebook.com\/italpassion\",\"https:\/\/x.com\/italpassion\",\"https:\/\/www.instagram.com\/italpassionfr\/\",\"https:\/\/www.youtube.com\/channel\/UCleq-ByQaA42OjhopwevRjQ\",\"https:\/\/www.facebook.com\/italpassion.en\/\",\"https:\/\/www.facebook.com\/italpassion.it\/\",\"https:\/\/www.facebook.com\/italpassion.de\/\",\"https:\/\/www.facebook.com\/italpassion.ja\/\"]},{\"@type\":\"Person\",\"@id\":\"https:\/\/www.italpassion.fr\/de\/#\/schema\/person\/36f747b2a759ca202d847e85a9434ca0\",\"name\":\"Alexandre Filluzeau\",\"image\":{\"@type\":\"ImageObject\",\"inLanguage\":\"de\",\"@id\":\"https:\/\/www.italpassion.fr\/de\/#\/schema\/person\/image\/\",\"url\":\"https:\/\/www.italpassion.fr\/wp-content\/uploads\/2025\/04\/avatar-alexandre-160x160.jpg\",\"contentUrl\":\"https:\/\/www.italpassion.fr\/wp-content\/uploads\/2025\/04\/avatar-alexandre-160x160.jpg\",\"caption\":\"Alexandre Filluzeau\"},\"description\":\"Fondateur du site ItalPassion, passionn\u00e9 de voitures italiennes et de l'Italie en g\u00e9n\u00e9ral. J'apporte un regard critique et technique aux actualit\u00e9s des marques italiennes quand cela est possible. Propri\u00e9taire d'une Maserati GranTurismo, Alfa Romeo MiTo, Lancia Fulvia et Ducati 695. Ex-propri\u00e9taire d'une Alfa Romeo Giulia.\",\"sameAs\":[\"https:\/\/www.italpassion.fr\/\"],\"url\":\"https:\/\/www.italpassion.fr\/de\/author\/alexandre\/\"}]}<\/script>\n<!-- \/ Yoast SEO plugin. -->","yoast_head_json":{"title":"Stellantis: Probleme mit der STLA Small Plattform k\u00f6nnten Modelle von Peugeot, Opel... und Alfa Romeo verz\u00f6gern! - ItalPassion","description":"eCMP-Plattform, die durch STLA ersetzt werden soll Small Stellantis befindet sich in einer entscheidenden Phase. Zwischen dem im Juni 2025 erfolgten Wechsel des CEO, einem","robots":{"index":"index","follow":"follow","max-snippet":"max-snippet:-1","max-image-preview":"max-image-preview:large","max-video-preview":"max-video-preview:-1"},"canonical":"https:\/\/www.italpassion.fr\/de\/stellantis\/stellantis-probleme-mit-der-stla-small-plattform-konnten-modelle-von-peugeot-opel-und-alfa-romeo-verzogern\/","og_locale":"de_DE","og_type":"article","og_title":"Stellantis : des probl\u00e8mes sur la plateforme STLA Small pourraient retarder des mod\u00e8les Peugeot, Opel... et Alfa Romeo ! - ItalPassion","og_description":"Plateforme eCMP qui doit \u00eatre remplac\u00e9e par STLA Small Stellantis traverse une p\u00e9riode charni\u00e8re. Entre le changement de CEO intervenu en juin 2025, un","og_url":"https:\/\/www.italpassion.fr\/de\/stellantis\/stellantis-probleme-mit-der-stla-small-plattform-konnten-modelle-von-peugeot-opel-und-alfa-romeo-verzogern\/","og_site_name":"ItalPassion","article_publisher":"https:\/\/www.facebook.com\/italpassion","article_published_time":"2025-12-09T08:17:48+00:00","og_image":[{"width":1200,"height":800,"url":"https:\/\/www.italpassion.fr\/wp-content\/uploads\/2025\/01\/stellantis-cmp.jpg","type":"image\/jpeg"}],"author":"Alexandre Filluzeau","twitter_card":"summary_large_image","twitter_creator":"@italpassion","twitter_site":"@italpassion","schema":{"@context":"https:\/\/schema.org","@graph":[{"@type":"NewsArticle","@id":"https:\/\/www.italpassion.fr\/de\/stellantis\/stellantis-des-problemes-sur-la-plateforme-stla-small-pourraient-retarder-des-modeles-peugeot-opel-et-alfa-romeo\/#article","isPartOf":{"@id":"https:\/\/www.italpassion.fr\/de\/stellantis\/stellantis-des-problemes-sur-la-plateforme-stla-small-pourraient-retarder-des-modeles-peugeot-opel-et-alfa-romeo\/"},"author":{"name":"Alexandre Filluzeau","@id":"https:\/\/www.italpassion.fr\/de\/#\/schema\/person\/36f747b2a759ca202d847e85a9434ca0"},"headline":"Stellantis : des probl\u00e8mes sur la plateforme STLA Small pourraient retarder des mod\u00e8les Peugeot, Opel&#8230; et Alfa Romeo !","datePublished":"2025-12-09T08:17:48+00:00","mainEntityOfPage":{"@id":"https:\/\/www.italpassion.fr\/de\/stellantis\/stellantis-des-problemes-sur-la-plateforme-stla-small-pourraient-retarder-des-modeles-peugeot-opel-et-alfa-romeo\/"},"wordCount":738,"commentCount":12,"publisher":{"@id":"https:\/\/www.italpassion.fr\/de\/#organization"},"image":{"@id":"https:\/\/www.italpassion.fr\/de\/stellantis\/stellantis-des-problemes-sur-la-plateforme-stla-small-pourraient-retarder-des-modeles-peugeot-opel-et-alfa-romeo\/#primaryimage"},"thumbnailUrl":"https:\/\/www.italpassion.fr\/wp-content\/uploads\/2025\/01\/stellantis-cmp.jpg","articleSection":["Stellantis"],"inLanguage":"de","potentialAction":[{"@type":"CommentAction","name":"Comment","target":["https:\/\/www.italpassion.fr\/de\/stellantis\/stellantis-des-problemes-sur-la-plateforme-stla-small-pourraient-retarder-des-modeles-peugeot-opel-et-alfa-romeo\/#respond"]}]},{"@type":"WebPage","@id":"https:\/\/www.italpassion.fr\/de\/stellantis\/stellantis-des-problemes-sur-la-plateforme-stla-small-pourraient-retarder-des-modeles-peugeot-opel-et-alfa-romeo\/","url":"https:\/\/www.italpassion.fr\/de\/stellantis\/stellantis-des-problemes-sur-la-plateforme-stla-small-pourraient-retarder-des-modeles-peugeot-opel-et-alfa-romeo\/","name":"Stellantis: Probleme mit der STLA Small Plattform k\u00f6nnten Modelle von Peugeot, Opel... und Alfa Romeo verz\u00f6gern! - ItalPassion","isPartOf":{"@id":"https:\/\/www.italpassion.fr\/de\/#website"},"primaryImageOfPage":{"@id":"https:\/\/www.italpassion.fr\/de\/stellantis\/stellantis-des-problemes-sur-la-plateforme-stla-small-pourraient-retarder-des-modeles-peugeot-opel-et-alfa-romeo\/#primaryimage"},"image":{"@id":"https:\/\/www.italpassion.fr\/de\/stellantis\/stellantis-des-problemes-sur-la-plateforme-stla-small-pourraient-retarder-des-modeles-peugeot-opel-et-alfa-romeo\/#primaryimage"},"thumbnailUrl":"https:\/\/www.italpassion.fr\/wp-content\/uploads\/2025\/01\/stellantis-cmp.jpg","datePublished":"2025-12-09T08:17:48+00:00","description":"eCMP-Plattform, die durch STLA ersetzt werden soll Small Stellantis befindet sich in einer entscheidenden Phase. Zwischen dem im Juni 2025 erfolgten Wechsel des CEO, einem","breadcrumb":{"@id":"https:\/\/www.italpassion.fr\/de\/stellantis\/stellantis-des-problemes-sur-la-plateforme-stla-small-pourraient-retarder-des-modeles-peugeot-opel-et-alfa-romeo\/#breadcrumb"},"inLanguage":"de","potentialAction":[{"@type":"ReadAction","target":["https:\/\/www.italpassion.fr\/de\/stellantis\/stellantis-des-problemes-sur-la-plateforme-stla-small-pourraient-retarder-des-modeles-peugeot-opel-et-alfa-romeo\/"]}]},{"@type":"ImageObject","inLanguage":"de","@id":"https:\/\/www.italpassion.fr\/de\/stellantis\/stellantis-des-problemes-sur-la-plateforme-stla-small-pourraient-retarder-des-modeles-peugeot-opel-et-alfa-romeo\/#primaryimage","url":"https:\/\/www.italpassion.fr\/wp-content\/uploads\/2025\/01\/stellantis-cmp.jpg","contentUrl":"https:\/\/www.italpassion.fr\/wp-content\/uploads\/2025\/01\/stellantis-cmp.jpg","width":1200,"height":800},{"@type":"BreadcrumbList","@id":"https:\/\/www.italpassion.fr\/de\/stellantis\/stellantis-des-problemes-sur-la-plateforme-stla-small-pourraient-retarder-des-modeles-peugeot-opel-et-alfa-romeo\/#breadcrumb","itemListElement":[{"@type":"ListItem","position":1,"name":"Accueil","item":"https:\/\/www.italpassion.fr\/de\/"},{"@type":"ListItem","position":2,"name":"Stellantis : des probl\u00e8mes sur la plateforme STLA Small pourraient retarder des mod\u00e8les Peugeot, Opel&#8230; et Alfa Romeo !"}]},{"@type":"WebSite","@id":"https:\/\/www.italpassion.fr\/de\/#website","url":"https:\/\/www.italpassion.fr\/de\/","name":"ItalPassion","description":"Die Liebhaber italienischer Autos","publisher":{"@id":"https:\/\/www.italpassion.fr\/de\/#organization"},"potentialAction":[{"@type":"SearchAction","target":{"@type":"EntryPoint","urlTemplate":"https:\/\/www.italpassion.fr\/de\/?s={search_term_string}"},"query-input":{"@type":"PropertyValueSpecification","valueRequired":true,"valueName":"search_term_string"}}],"inLanguage":"de"},{"@type":"Organization","@id":"https:\/\/www.italpassion.fr\/de\/#organization","name":"Italpassion","url":"https:\/\/www.italpassion.fr\/de\/","logo":{"@type":"ImageObject","inLanguage":"de","@id":"https:\/\/www.italpassion.fr\/de\/#\/schema\/logo\/image\/","url":"https:\/\/www.italpassion.fr\/wp-content\/uploads\/2023\/07\/italpassion-yoast.jpg","contentUrl":"https:\/\/www.italpassion.fr\/wp-content\/uploads\/2023\/07\/italpassion-yoast.jpg","width":696,"height":696,"caption":"Italpassion"},"image":{"@id":"https:\/\/www.italpassion.fr\/de\/#\/schema\/logo\/image\/"},"sameAs":["https:\/\/www.facebook.com\/italpassion","https:\/\/x.com\/italpassion","https:\/\/www.instagram.com\/italpassionfr\/","https:\/\/www.youtube.com\/channel\/UCleq-ByQaA42OjhopwevRjQ","https:\/\/www.facebook.com\/italpassion.en\/","https:\/\/www.facebook.com\/italpassion.it\/","https:\/\/www.facebook.com\/italpassion.de\/","https:\/\/www.facebook.com\/italpassion.ja\/"]},{"@type":"Person","@id":"https:\/\/www.italpassion.fr\/de\/#\/schema\/person\/36f747b2a759ca202d847e85a9434ca0","name":"Alexandre Filluzeau","image":{"@type":"ImageObject","inLanguage":"de","@id":"https:\/\/www.italpassion.fr\/de\/#\/schema\/person\/image\/","url":"https:\/\/www.italpassion.fr\/wp-content\/uploads\/2025\/04\/avatar-alexandre-160x160.jpg","contentUrl":"https:\/\/www.italpassion.fr\/wp-content\/uploads\/2025\/04\/avatar-alexandre-160x160.jpg","caption":"Alexandre Filluzeau"},"description":"Gr\u00fcnder der Website ItalPassion, leidenschaftlicher Fan von italienischen Autos und Italien im Allgemeinen. Ich bringe einen kritischen und technischen Blick auf die Nachrichten der italienischen Marken, wann immer es m\u00f6glich ist. Besitzer eines Maserati GranTurismo, Alfa Romeo MiTo, Lancia Fulvia und Ducati 695. Ex-Besitzer einer Alfa Romeo Giulia.","sameAs":["https:\/\/www.italpassion.fr\/"],"url":"https:\/\/www.italpassion.fr\/de\/author\/alexandre\/"}]}},"_links":{"self":[{"href":"https:\/\/www.italpassion.fr\/de\/wp-json\/wp\/v2\/posts\/44174","targetHints":{"allow":["GET"]}}],"collection":[{"href":"https:\/\/www.italpassion.fr\/de\/wp-json\/wp\/v2\/posts"}],"about":[{"href":"https:\/\/www.italpassion.fr\/de\/wp-json\/wp\/v2\/types\/post"}],"author":[{"embeddable":true,"href":"https:\/\/www.italpassion.fr\/de\/wp-json\/wp\/v2\/users\/1"}],"replies":[{"embeddable":true,"href":"https:\/\/www.italpassion.fr\/de\/wp-json\/wp\/v2\/comments?post=44174"}],"version-history":[{"count":1,"href":"https:\/\/www.italpassion.fr\/de\/wp-json\/wp\/v2\/posts\/44174\/revisions"}],"predecessor-version":[{"id":44175,"href":"https:\/\/www.italpassion.fr\/de\/wp-json\/wp\/v2\/posts\/44174\/revisions\/44175"}],"wp:featuredmedia":[{"embeddable":true,"href":"https:\/\/www.italpassion.fr\/de\/wp-json\/wp\/v2\/media\/35836"}],"wp:attachment":[{"href":"https:\/\/www.italpassion.fr\/de\/wp-json\/wp\/v2\/media?parent=44174"}],"wp:term":[{"taxonomy":"category","embeddable":true,"href":"https:\/\/www.italpassion.fr\/de\/wp-json\/wp\/v2\/categories?post=44174"},{"taxonomy":"post_tag","embeddable":true,"href":"https:\/\/www.italpassion.fr\/de\/wp-json\/wp\/v2\/tags?post=44174"}],"curies":[{"name":"wp","href":"https:\/\/api.w.org\/{rel}","templated":true}]}}