{"id":44115,"date":"2025-12-08T09:20:07","date_gmt":"2025-12-08T08:20:07","guid":{"rendered":"https:\/\/www.italpassion.fr\/?p=44115"},"modified":"2025-12-08T09:20:07","modified_gmt":"2025-12-08T08:20:07","slug":"der-ehemalige-vorstandsvorsitzende-von-stellantis-warnt-davor-dass-europaische-autofabriken-geschlossen-oder-von-den-chinesen-aufgekauft-werden","status":"publish","type":"post","link":"https:\/\/www.italpassion.fr\/de\/stellantis\/lancien-ceo-de-stellantis-previent-les-usines-automobiles-europeennes-seront-fermees-ou-rachetees-par-les-chinois-avec-des-manifestations-des-incendies-de-pneus-et-de-palettes\/","title":{"rendered":"Der ehemalige CEO von Stellantis warnt: Europ\u00e4ische Autofabriken werden geschlossen oder von den Chinesen aufgekauft, mit \"Demonstrationen, Reifen- und Palettenbr\u00e4nden\"."},"content":{"rendered":"<figure class=\"wp-block-image size-full\"><img loading=\"lazy\" decoding=\"async\" width=\"1200\" height=\"800\" src=\"https:\/\/www.italpassion.fr\/wp-content\/uploads\/2025\/12\/carlos-tavares-manifestation.jpg\" alt=\"\" class=\"wp-image-44116\" srcset=\"https:\/\/www.italpassion.fr\/wp-content\/uploads\/2025\/12\/carlos-tavares-manifestation.jpg 1200w, https:\/\/www.italpassion.fr\/wp-content\/uploads\/2025\/12\/carlos-tavares-manifestation-420x280.jpg 420w, https:\/\/www.italpassion.fr\/wp-content\/uploads\/2025\/12\/carlos-tavares-manifestation-768x512.jpg 768w, https:\/\/www.italpassion.fr\/wp-content\/uploads\/2025\/12\/carlos-tavares-manifestation-18x12.jpg 18w\" sizes=\"auto, (max-width: 1200px) 100vw, 1200px\" \/><\/figure>\n\n\n\n<p>Die j\u00fcngsten \u00c4u\u00dferungen von Carlos Tavares h\u00e4tten das Zeug dazu, eine Schockwelle in ganz Europa auszul\u00f6sen. Ein Jahr nach <a href=\"https:\/\/www.italpassion.fr\/de\/stellantis\/die-meisten-von-uns-haben-sich-in-den-letzten-jahren-mit-dem-thema-beschaftigt-2\/\">die Leitung von Stellantis verlassen haben<\/a>Der ehemalige Chef, der nun von allen Kommunikationszw\u00e4ngen befreit ist, liefert eine brutale Analyse: \"Europa wird seine Automobilindustrie an die Chinesen verschenken\". Dieser Satz klingt umso lauter, als er in einem Kontext f\u00e4llt, in dem die Werke des Konzerns je nach Land mit radikal entgegengesetzten Geschwindigkeiten voranschreiten.<\/p>\n\n\n\n<h2 class=\"wp-block-heading\">Ein zerbrochener Kontinent<\/h2>\n\n\n\n<p>Ein Blick auf den aktuellen Zustand der Stellantis-Fabriken gen\u00fcgt, um zu verstehen, warum Tavares' Warnung nicht ins Leere geht. In Spanien erlebt das Werk in Vigo ein historisches Jahr: mehr als 600.000 produzierte Fahrzeuge im Jahr 2025, ein Fahrzeug pro Minute, vier Schichten, die Tag und Nacht mobilisiert werden. Vigo ist zur wahren industriellen Lunge des Konzerns in Europa geworden, getragen von den wettbewerbsf\u00e4higen Energiekosten.<\/p>\n\n\n\n<p>In Frankreich ist die Dynamik bereits weniger g\u00fcnstig. Die f\u00fcnf Standorte in Frankreich d\u00fcrften innerhalb von drei Jahren unter die Marke von 600.000 Einheiten fallen. Der R\u00fcckgang ist zwar allm\u00e4hlich, aber real. Poissy kristallisiert die Sorgen heraus, mit einer schw\u00e4cheren Aktivit\u00e4t und einer unsicheren Sichtbarkeit. Antonio Filosa, der neue CEO, versucht, die Strategie zwischen Verbrennungsmotor, Hybrid und Elektroantrieb neu auszutarieren, aber dieser Drehpunkt l\u00e4sst Europa in einer Grauzone zur\u00fcck.<\/p>\n\n\n\n<p>In Italien nimmt die Situation jedoch den Charakter eines industriellen Aderlasses an. Die Produktion ist auf 310.000 Fahrzeuge gesunken, im dritten Quartal 2025 wird ein R\u00fcckgang um 31 % erwartet, Fabriken werden teilweise stillgelegt und die Pkw-Produktion wird voraussichtlich unter 200.000 Einheiten sinken. Die H\u00e4lfte der italienischen Besch\u00e4ftigten des Konzerns ist nun von Kurzarbeit betroffen.<\/p>\n\n\n\n<h2 class=\"wp-block-heading\">W\u00e4hrend Filosa die Strategie von Stellantis \u00fcberpr\u00fcft, warnt Tavares Europa<\/h2>\n\n\n\n<p>W\u00e4hrend die europ\u00e4ischen Werke mit einer unsicheren Konjunkturlage zu k\u00e4mpfen haben, nimmt Antonio Filosa eine grundlegende Neuausrichtung der Konzernstrategie an. Auf der Goldman Sachs Industrials &amp; Autos Week gab er zu, dass <a href=\"https:\/\/www.italpassion.fr\/de\/stellantis\/der-ceo-von-stellantis-die-hypothese-uber-elektroautos-war-falsch-wir-haben-auf-den-markt-gehort-und-unsere-strategie-uberarbeitet\/\">die elektrischen Projektionen waren fehlerhaft<\/a> und dass der \u00dcbergang allm\u00e4hlicher erfolgen sollte. In den Vereinigten Staaten <a href=\"https:\/\/www.italpassion.fr\/de\/stellantis\/\">Stellantis<\/a> entdeckt die Marktwirksamkeit von Hybrid- und sogar V8-Fahrzeugen wieder, w\u00e4hrend der europ\u00e4ische Markt verzweifelt auf eine Lockerung der Vorschriften wartet.<\/p>\n\n\n\n<p>F\u00fcr Carlos Tavares liegt das Hauptproblem jedoch nicht bei Stellantis. Es ist viel umfassender, systemischer, fast ideologisch. Der ehemalige CEO wirft der Europ\u00e4ischen Union vor, einen \"gravierenden Fehler\" begangen zu haben: Sie hat eine Technologie statt eines Ziels vorgeschrieben. Indem sie die Hersteller zwang, auf 100 %-Elektroautos umzusteigen, h\u00e4tte die EU eine gro\u00dfe Schwachstelle geschaffen und chinesischen Marken, die seit 20 Jahren an der Elektromobilit\u00e4t arbeiten, den Weg zur Eroberung des Kontinents geebnet.<\/p>\n\n\n\n<h2 class=\"wp-block-heading\">\"Zehn Fabriken werden verschwinden\"<\/h2>\n\n\n\n<p>Vor mehreren portugiesischen Medien zeichnete Tavares eine eisige Projektion. Chinesische Marken, so sagte er, w\u00fcrden innerhalb von f\u00fcnf Jahren 10 % des europ\u00e4ischen Marktes erreichen. Bei 15 Millionen Fahrzeugen pro Jahr w\u00fcrde dies 1,5 Millionen importierte Autos bedeuten, was zehn gro\u00dfen europ\u00e4ischen Fabriken entspricht, die dazu verurteilt w\u00e4ren, ihre Existenzberechtigung zu verlieren.<\/p>\n\n\n\n<p>Und hier wird seine Warnung prophetisch und fast filmreif: \"Wenn es zu Demonstrationen, brennenden Reifen und brennenden Paletten kommt, wird ein chinesischer Investor anbieten, die Fabrik f\u00fcr einen symbolischen Betrag zu kaufen, mit dem Versprechen, die Arbeitspl\u00e4tze zu erhalten. Und die Regierungen werden zustimmen\". F\u00fcr Tavares ist dieses Szenario keine Fiktion. Es ist die direkte Folge eines \"intellektuell arroganten\" und zu b\u00fcrokratischen Europas, das es vorgezogen hat, technologische Dogmen zu erlassen, anstatt Ingenieuren die Freiheit zu geben, die \"saubersten, sichersten und zug\u00e4nglichsten\" L\u00f6sungen zu finden.<\/p>\n\n\n\n<p>Der ehemalige Chef kritisiert auch die europ\u00e4ische B\u00fcrokratie, die er als \"Krebsgeschw\u00fcr\" bezeichnet. Seiner Meinung nach l\u00e4uft Europa Gefahr, im Duell zwischen den USA und China disqualifiziert zu werden, weil es an Wettbewerbsf\u00e4higkeit, Produktivit\u00e4t und langfristiger Vision mangelt. W\u00e4hrend Washington seine Normen vereinfacht und Peking massiv investiert, vervielfacht Br\u00fcssel seine Vorschriften und verbraucht Ressourcen, die in Innovationen h\u00e4tten investiert werden k\u00f6nnen.<\/p>\n\n\n\n<p>Tavares betont, dass Europa mehr und vor allem besser arbeiten m\u00fcsse, wenn es seinen Lebensstandard halten wolle. Andernfalls wird es zur \"Sicherung\" der chinesisch-amerikanischen Spannungen werden.<\/p>\n\n\n\n<p><\/p>","protected":false},"excerpt":{"rendered":"","protected":false},"author":1,"featured_media":44116,"comment_status":"open","ping_status":"open","sticky":false,"template":"","format":"standard","meta":{"_acf_changed":false,"_sitemap_exclude":false,"_sitemap_priority":"","_sitemap_frequency":"","footnotes":""},"categories":[29],"tags":[398],"class_list":["post-44115","post","type-post","status-publish","format-standard","has-post-thumbnail","hentry","category-stellantis","tag-carlos-tavares","generate-columns","tablet-grid-50","mobile-grid-100","grid-parent","grid-33"],"acf":[],"yoast_head":"<!-- This site is optimized with the Yoast SEO plugin v25.8 - https:\/\/yoast.com\/wordpress\/plugins\/seo\/ -->\n<title>L&#039;ancien CEO de Stellantis pr\u00e9vient : les usines automobiles europ\u00e9ennes seront ferm\u00e9es ou rachet\u00e9es par les Chinois avec &quot;des manifestations, des incendies de pneus et de palettes&quot; - ItalPassion<\/title>\n<meta name=\"description\" content=\"Les r\u00e9cents propos de Carlos Tavares auraient de quoi provoquer une onde de choc dans toute l\u2019Europe. Un an apr\u00e8s avoir quitt\u00e9 la direction de Stellantis,\" \/>\n<meta name=\"robots\" content=\"index, follow, max-snippet:-1, max-image-preview:large, max-video-preview:-1\" \/>\n<link rel=\"canonical\" href=\"https:\/\/www.italpassion.fr\/de\/stellantis\/der-ehemalige-vorstandsvorsitzende-von-stellantis-warnt-davor-dass-europaische-autofabriken-geschlossen-oder-von-den-chinesen-aufgekauft-werden\/\" \/>\n<meta property=\"og:locale\" content=\"de_DE\" \/>\n<meta property=\"og:type\" content=\"article\" \/>\n<meta property=\"og:title\" content=\"L&#039;ancien CEO de Stellantis pr\u00e9vient : les usines automobiles europ\u00e9ennes seront ferm\u00e9es ou rachet\u00e9es par les Chinois avec &quot;des manifestations, des incendies de pneus et de palettes&quot; - ItalPassion\" \/>\n<meta property=\"og:description\" content=\"Les r\u00e9cents propos de Carlos Tavares auraient de quoi provoquer une onde de choc dans toute l\u2019Europe. Un an apr\u00e8s avoir quitt\u00e9 la direction de Stellantis,\" \/>\n<meta property=\"og:url\" content=\"https:\/\/www.italpassion.fr\/de\/stellantis\/der-ehemalige-vorstandsvorsitzende-von-stellantis-warnt-davor-dass-europaische-autofabriken-geschlossen-oder-von-den-chinesen-aufgekauft-werden\/\" \/>\n<meta property=\"og:site_name\" content=\"ItalPassion\" \/>\n<meta property=\"article:publisher\" content=\"https:\/\/www.facebook.com\/italpassion\" \/>\n<meta property=\"article:published_time\" content=\"2025-12-08T08:20:07+00:00\" \/>\n<meta property=\"og:image\" content=\"https:\/\/www.italpassion.fr\/wp-content\/uploads\/2025\/12\/carlos-tavares-manifestation.jpg\" \/>\n\t<meta property=\"og:image:width\" content=\"1200\" \/>\n\t<meta property=\"og:image:height\" content=\"800\" \/>\n\t<meta property=\"og:image:type\" content=\"image\/jpeg\" \/>\n<meta name=\"author\" content=\"Alexandre Filluzeau\" \/>\n<meta name=\"twitter:card\" content=\"summary_large_image\" \/>\n<meta name=\"twitter:creator\" content=\"@italpassion\" \/>\n<meta name=\"twitter:site\" content=\"@italpassion\" \/>\n<script type=\"application\/ld+json\" class=\"yoast-schema-graph\">{\"@context\":\"https:\/\/schema.org\",\"@graph\":[{\"@type\":\"NewsArticle\",\"@id\":\"https:\/\/www.italpassion.fr\/de\/stellantis\/lancien-ceo-de-stellantis-previent-les-usines-automobiles-europeennes-seront-fermees-ou-rachetees-par-les-chinois-avec-des-manifestations-des-incendies-de-pneus-et-de-palettes\/#article\",\"isPartOf\":{\"@id\":\"https:\/\/www.italpassion.fr\/de\/stellantis\/lancien-ceo-de-stellantis-previent-les-usines-automobiles-europeennes-seront-fermees-ou-rachetees-par-les-chinois-avec-des-manifestations-des-incendies-de-pneus-et-de-palettes\/\"},\"author\":{\"name\":\"Alexandre Filluzeau\",\"@id\":\"https:\/\/www.italpassion.fr\/de\/#\/schema\/person\/36f747b2a759ca202d847e85a9434ca0\"},\"headline\":\"L&rsquo;ancien CEO de Stellantis pr\u00e9vient : les usines automobiles europ\u00e9ennes seront ferm\u00e9es ou rachet\u00e9es par les Chinois avec \u00ab\u00a0des manifestations, des incendies de pneus et de palettes\u00a0\u00bb\",\"datePublished\":\"2025-12-08T08:20:07+00:00\",\"mainEntityOfPage\":{\"@id\":\"https:\/\/www.italpassion.fr\/de\/stellantis\/lancien-ceo-de-stellantis-previent-les-usines-automobiles-europeennes-seront-fermees-ou-rachetees-par-les-chinois-avec-des-manifestations-des-incendies-de-pneus-et-de-palettes\/\"},\"wordCount\":792,\"commentCount\":19,\"publisher\":{\"@id\":\"https:\/\/www.italpassion.fr\/de\/#organization\"},\"image\":{\"@id\":\"https:\/\/www.italpassion.fr\/de\/stellantis\/lancien-ceo-de-stellantis-previent-les-usines-automobiles-europeennes-seront-fermees-ou-rachetees-par-les-chinois-avec-des-manifestations-des-incendies-de-pneus-et-de-palettes\/#primaryimage\"},\"thumbnailUrl\":\"https:\/\/www.italpassion.fr\/wp-content\/uploads\/2025\/12\/carlos-tavares-manifestation.jpg\",\"keywords\":[\"Carlos Tavares\"],\"articleSection\":[\"Stellantis\"],\"inLanguage\":\"de\",\"potentialAction\":[{\"@type\":\"CommentAction\",\"name\":\"Comment\",\"target\":[\"https:\/\/www.italpassion.fr\/de\/stellantis\/lancien-ceo-de-stellantis-previent-les-usines-automobiles-europeennes-seront-fermees-ou-rachetees-par-les-chinois-avec-des-manifestations-des-incendies-de-pneus-et-de-palettes\/#respond\"]}]},{\"@type\":\"WebPage\",\"@id\":\"https:\/\/www.italpassion.fr\/de\/stellantis\/lancien-ceo-de-stellantis-previent-les-usines-automobiles-europeennes-seront-fermees-ou-rachetees-par-les-chinois-avec-des-manifestations-des-incendies-de-pneus-et-de-palettes\/\",\"url\":\"https:\/\/www.italpassion.fr\/de\/stellantis\/lancien-ceo-de-stellantis-previent-les-usines-automobiles-europeennes-seront-fermees-ou-rachetees-par-les-chinois-avec-des-manifestations-des-incendies-de-pneus-et-de-palettes\/\",\"name\":\"L'ancien CEO de Stellantis pr\u00e9vient : les usines automobiles europ\u00e9ennes seront ferm\u00e9es ou rachet\u00e9es par les Chinois avec \\\"des manifestations, des incendies de pneus et de palettes\\\" - ItalPassion\",\"isPartOf\":{\"@id\":\"https:\/\/www.italpassion.fr\/de\/#website\"},\"primaryImageOfPage\":{\"@id\":\"https:\/\/www.italpassion.fr\/de\/stellantis\/lancien-ceo-de-stellantis-previent-les-usines-automobiles-europeennes-seront-fermees-ou-rachetees-par-les-chinois-avec-des-manifestations-des-incendies-de-pneus-et-de-palettes\/#primaryimage\"},\"image\":{\"@id\":\"https:\/\/www.italpassion.fr\/de\/stellantis\/lancien-ceo-de-stellantis-previent-les-usines-automobiles-europeennes-seront-fermees-ou-rachetees-par-les-chinois-avec-des-manifestations-des-incendies-de-pneus-et-de-palettes\/#primaryimage\"},\"thumbnailUrl\":\"https:\/\/www.italpassion.fr\/wp-content\/uploads\/2025\/12\/carlos-tavares-manifestation.jpg\",\"datePublished\":\"2025-12-08T08:20:07+00:00\",\"description\":\"Les r\u00e9cents propos de Carlos Tavares auraient de quoi provoquer une onde de choc dans toute l\u2019Europe. Un an apr\u00e8s avoir quitt\u00e9 la direction de Stellantis,\",\"breadcrumb\":{\"@id\":\"https:\/\/www.italpassion.fr\/de\/stellantis\/lancien-ceo-de-stellantis-previent-les-usines-automobiles-europeennes-seront-fermees-ou-rachetees-par-les-chinois-avec-des-manifestations-des-incendies-de-pneus-et-de-palettes\/#breadcrumb\"},\"inLanguage\":\"de\",\"potentialAction\":[{\"@type\":\"ReadAction\",\"target\":[\"https:\/\/www.italpassion.fr\/de\/stellantis\/lancien-ceo-de-stellantis-previent-les-usines-automobiles-europeennes-seront-fermees-ou-rachetees-par-les-chinois-avec-des-manifestations-des-incendies-de-pneus-et-de-palettes\/\"]}]},{\"@type\":\"ImageObject\",\"inLanguage\":\"de\",\"@id\":\"https:\/\/www.italpassion.fr\/de\/stellantis\/lancien-ceo-de-stellantis-previent-les-usines-automobiles-europeennes-seront-fermees-ou-rachetees-par-les-chinois-avec-des-manifestations-des-incendies-de-pneus-et-de-palettes\/#primaryimage\",\"url\":\"https:\/\/www.italpassion.fr\/wp-content\/uploads\/2025\/12\/carlos-tavares-manifestation.jpg\",\"contentUrl\":\"https:\/\/www.italpassion.fr\/wp-content\/uploads\/2025\/12\/carlos-tavares-manifestation.jpg\",\"width\":1200,\"height\":800},{\"@type\":\"BreadcrumbList\",\"@id\":\"https:\/\/www.italpassion.fr\/de\/stellantis\/lancien-ceo-de-stellantis-previent-les-usines-automobiles-europeennes-seront-fermees-ou-rachetees-par-les-chinois-avec-des-manifestations-des-incendies-de-pneus-et-de-palettes\/#breadcrumb\",\"itemListElement\":[{\"@type\":\"ListItem\",\"position\":1,\"name\":\"Accueil\",\"item\":\"https:\/\/www.italpassion.fr\/de\/\"},{\"@type\":\"ListItem\",\"position\":2,\"name\":\"L&rsquo;ancien CEO de Stellantis pr\u00e9vient : les usines automobiles europ\u00e9ennes seront ferm\u00e9es ou rachet\u00e9es par les Chinois avec \u00ab\u00a0des manifestations, des incendies de pneus et de palettes\u00a0\u00bb\"}]},{\"@type\":\"WebSite\",\"@id\":\"https:\/\/www.italpassion.fr\/de\/#website\",\"url\":\"https:\/\/www.italpassion.fr\/de\/\",\"name\":\"ItalPassion\",\"description\":\"Les Passionn\u00e9s d&#039;Automobiles Italiennes\",\"publisher\":{\"@id\":\"https:\/\/www.italpassion.fr\/de\/#organization\"},\"potentialAction\":[{\"@type\":\"SearchAction\",\"target\":{\"@type\":\"EntryPoint\",\"urlTemplate\":\"https:\/\/www.italpassion.fr\/de\/?s={search_term_string}\"},\"query-input\":{\"@type\":\"PropertyValueSpecification\",\"valueRequired\":true,\"valueName\":\"search_term_string\"}}],\"inLanguage\":\"de\"},{\"@type\":\"Organization\",\"@id\":\"https:\/\/www.italpassion.fr\/de\/#organization\",\"name\":\"Italpassion\",\"url\":\"https:\/\/www.italpassion.fr\/de\/\",\"logo\":{\"@type\":\"ImageObject\",\"inLanguage\":\"de\",\"@id\":\"https:\/\/www.italpassion.fr\/de\/#\/schema\/logo\/image\/\",\"url\":\"https:\/\/www.italpassion.fr\/wp-content\/uploads\/2023\/07\/italpassion-yoast.jpg\",\"contentUrl\":\"https:\/\/www.italpassion.fr\/wp-content\/uploads\/2023\/07\/italpassion-yoast.jpg\",\"width\":696,\"height\":696,\"caption\":\"Italpassion\"},\"image\":{\"@id\":\"https:\/\/www.italpassion.fr\/de\/#\/schema\/logo\/image\/\"},\"sameAs\":[\"https:\/\/www.facebook.com\/italpassion\",\"https:\/\/x.com\/italpassion\",\"https:\/\/www.instagram.com\/italpassionfr\/\",\"https:\/\/www.youtube.com\/channel\/UCleq-ByQaA42OjhopwevRjQ\",\"https:\/\/www.facebook.com\/italpassion.en\/\",\"https:\/\/www.facebook.com\/italpassion.it\/\",\"https:\/\/www.facebook.com\/italpassion.de\/\",\"https:\/\/www.facebook.com\/italpassion.ja\/\"]},{\"@type\":\"Person\",\"@id\":\"https:\/\/www.italpassion.fr\/de\/#\/schema\/person\/36f747b2a759ca202d847e85a9434ca0\",\"name\":\"Alexandre Filluzeau\",\"image\":{\"@type\":\"ImageObject\",\"inLanguage\":\"de\",\"@id\":\"https:\/\/www.italpassion.fr\/de\/#\/schema\/person\/image\/\",\"url\":\"https:\/\/www.italpassion.fr\/wp-content\/uploads\/2025\/04\/avatar-alexandre-160x160.jpg\",\"contentUrl\":\"https:\/\/www.italpassion.fr\/wp-content\/uploads\/2025\/04\/avatar-alexandre-160x160.jpg\",\"caption\":\"Alexandre Filluzeau\"},\"description\":\"Fondateur du site ItalPassion, passionn\u00e9 de voitures italiennes et de l'Italie en g\u00e9n\u00e9ral. J'apporte un regard critique et technique aux actualit\u00e9s des marques italiennes quand cela est possible. Propri\u00e9taire d'une Maserati GranTurismo, Alfa Romeo MiTo, Lancia Fulvia et Ducati 695. Ex-propri\u00e9taire d'une Alfa Romeo Giulia.\",\"sameAs\":[\"https:\/\/www.italpassion.fr\/\"],\"url\":\"https:\/\/www.italpassion.fr\/de\/author\/alexandre\/\"}]}<\/script>\n<!-- \/ Yoast SEO plugin. -->","yoast_head_json":{"title":"Ehemaliger CEO von Stellantis warnt: Europ\u00e4ische Autofabriken werden geschlossen oder von den Chinesen aufgekauft, mit \"Demonstrationen, Reifen- und Palettenbr\u00e4nden\" - ItalPassion","description":"Die j\u00fcngsten \u00c4u\u00dferungen von Carlos Tavares h\u00e4tten das Zeug dazu, eine Schockwelle in ganz Europa auszul\u00f6sen. Ein Jahr, nachdem er die Leitung von Stellantis abgegeben hatte,","robots":{"index":"index","follow":"follow","max-snippet":"max-snippet:-1","max-image-preview":"max-image-preview:large","max-video-preview":"max-video-preview:-1"},"canonical":"https:\/\/www.italpassion.fr\/de\/stellantis\/der-ehemalige-vorstandsvorsitzende-von-stellantis-warnt-davor-dass-europaische-autofabriken-geschlossen-oder-von-den-chinesen-aufgekauft-werden\/","og_locale":"de_DE","og_type":"article","og_title":"L'ancien CEO de Stellantis pr\u00e9vient : les usines automobiles europ\u00e9ennes seront ferm\u00e9es ou rachet\u00e9es par les Chinois avec \"des manifestations, des incendies de pneus et de palettes\" - ItalPassion","og_description":"Les r\u00e9cents propos de Carlos Tavares auraient de quoi provoquer une onde de choc dans toute l\u2019Europe. Un an apr\u00e8s avoir quitt\u00e9 la direction de Stellantis,","og_url":"https:\/\/www.italpassion.fr\/de\/stellantis\/der-ehemalige-vorstandsvorsitzende-von-stellantis-warnt-davor-dass-europaische-autofabriken-geschlossen-oder-von-den-chinesen-aufgekauft-werden\/","og_site_name":"ItalPassion","article_publisher":"https:\/\/www.facebook.com\/italpassion","article_published_time":"2025-12-08T08:20:07+00:00","og_image":[{"width":1200,"height":800,"url":"https:\/\/www.italpassion.fr\/wp-content\/uploads\/2025\/12\/carlos-tavares-manifestation.jpg","type":"image\/jpeg"}],"author":"Alexandre Filluzeau","twitter_card":"summary_large_image","twitter_creator":"@italpassion","twitter_site":"@italpassion","schema":{"@context":"https:\/\/schema.org","@graph":[{"@type":"NewsArticle","@id":"https:\/\/www.italpassion.fr\/de\/stellantis\/lancien-ceo-de-stellantis-previent-les-usines-automobiles-europeennes-seront-fermees-ou-rachetees-par-les-chinois-avec-des-manifestations-des-incendies-de-pneus-et-de-palettes\/#article","isPartOf":{"@id":"https:\/\/www.italpassion.fr\/de\/stellantis\/lancien-ceo-de-stellantis-previent-les-usines-automobiles-europeennes-seront-fermees-ou-rachetees-par-les-chinois-avec-des-manifestations-des-incendies-de-pneus-et-de-palettes\/"},"author":{"name":"Alexandre Filluzeau","@id":"https:\/\/www.italpassion.fr\/de\/#\/schema\/person\/36f747b2a759ca202d847e85a9434ca0"},"headline":"L&rsquo;ancien CEO de Stellantis pr\u00e9vient : les usines automobiles europ\u00e9ennes seront ferm\u00e9es ou rachet\u00e9es par les Chinois avec \u00ab\u00a0des manifestations, des incendies de pneus et de palettes\u00a0\u00bb","datePublished":"2025-12-08T08:20:07+00:00","mainEntityOfPage":{"@id":"https:\/\/www.italpassion.fr\/de\/stellantis\/lancien-ceo-de-stellantis-previent-les-usines-automobiles-europeennes-seront-fermees-ou-rachetees-par-les-chinois-avec-des-manifestations-des-incendies-de-pneus-et-de-palettes\/"},"wordCount":792,"commentCount":19,"publisher":{"@id":"https:\/\/www.italpassion.fr\/de\/#organization"},"image":{"@id":"https:\/\/www.italpassion.fr\/de\/stellantis\/lancien-ceo-de-stellantis-previent-les-usines-automobiles-europeennes-seront-fermees-ou-rachetees-par-les-chinois-avec-des-manifestations-des-incendies-de-pneus-et-de-palettes\/#primaryimage"},"thumbnailUrl":"https:\/\/www.italpassion.fr\/wp-content\/uploads\/2025\/12\/carlos-tavares-manifestation.jpg","keywords":["Carlos Tavares"],"articleSection":["Stellantis"],"inLanguage":"de","potentialAction":[{"@type":"CommentAction","name":"Comment","target":["https:\/\/www.italpassion.fr\/de\/stellantis\/lancien-ceo-de-stellantis-previent-les-usines-automobiles-europeennes-seront-fermees-ou-rachetees-par-les-chinois-avec-des-manifestations-des-incendies-de-pneus-et-de-palettes\/#respond"]}]},{"@type":"WebPage","@id":"https:\/\/www.italpassion.fr\/de\/stellantis\/lancien-ceo-de-stellantis-previent-les-usines-automobiles-europeennes-seront-fermees-ou-rachetees-par-les-chinois-avec-des-manifestations-des-incendies-de-pneus-et-de-palettes\/","url":"https:\/\/www.italpassion.fr\/de\/stellantis\/lancien-ceo-de-stellantis-previent-les-usines-automobiles-europeennes-seront-fermees-ou-rachetees-par-les-chinois-avec-des-manifestations-des-incendies-de-pneus-et-de-palettes\/","name":"Ehemaliger CEO von Stellantis warnt: Europ\u00e4ische Autofabriken werden geschlossen oder von den Chinesen aufgekauft, mit \"Demonstrationen, Reifen- und Palettenbr\u00e4nden\" - ItalPassion","isPartOf":{"@id":"https:\/\/www.italpassion.fr\/de\/#website"},"primaryImageOfPage":{"@id":"https:\/\/www.italpassion.fr\/de\/stellantis\/lancien-ceo-de-stellantis-previent-les-usines-automobiles-europeennes-seront-fermees-ou-rachetees-par-les-chinois-avec-des-manifestations-des-incendies-de-pneus-et-de-palettes\/#primaryimage"},"image":{"@id":"https:\/\/www.italpassion.fr\/de\/stellantis\/lancien-ceo-de-stellantis-previent-les-usines-automobiles-europeennes-seront-fermees-ou-rachetees-par-les-chinois-avec-des-manifestations-des-incendies-de-pneus-et-de-palettes\/#primaryimage"},"thumbnailUrl":"https:\/\/www.italpassion.fr\/wp-content\/uploads\/2025\/12\/carlos-tavares-manifestation.jpg","datePublished":"2025-12-08T08:20:07+00:00","description":"Die j\u00fcngsten \u00c4u\u00dferungen von Carlos Tavares h\u00e4tten das Zeug dazu, eine Schockwelle in ganz Europa auszul\u00f6sen. Ein Jahr, nachdem er die Leitung von Stellantis abgegeben hatte,","breadcrumb":{"@id":"https:\/\/www.italpassion.fr\/de\/stellantis\/lancien-ceo-de-stellantis-previent-les-usines-automobiles-europeennes-seront-fermees-ou-rachetees-par-les-chinois-avec-des-manifestations-des-incendies-de-pneus-et-de-palettes\/#breadcrumb"},"inLanguage":"de","potentialAction":[{"@type":"ReadAction","target":["https:\/\/www.italpassion.fr\/de\/stellantis\/lancien-ceo-de-stellantis-previent-les-usines-automobiles-europeennes-seront-fermees-ou-rachetees-par-les-chinois-avec-des-manifestations-des-incendies-de-pneus-et-de-palettes\/"]}]},{"@type":"ImageObject","inLanguage":"de","@id":"https:\/\/www.italpassion.fr\/de\/stellantis\/lancien-ceo-de-stellantis-previent-les-usines-automobiles-europeennes-seront-fermees-ou-rachetees-par-les-chinois-avec-des-manifestations-des-incendies-de-pneus-et-de-palettes\/#primaryimage","url":"https:\/\/www.italpassion.fr\/wp-content\/uploads\/2025\/12\/carlos-tavares-manifestation.jpg","contentUrl":"https:\/\/www.italpassion.fr\/wp-content\/uploads\/2025\/12\/carlos-tavares-manifestation.jpg","width":1200,"height":800},{"@type":"BreadcrumbList","@id":"https:\/\/www.italpassion.fr\/de\/stellantis\/lancien-ceo-de-stellantis-previent-les-usines-automobiles-europeennes-seront-fermees-ou-rachetees-par-les-chinois-avec-des-manifestations-des-incendies-de-pneus-et-de-palettes\/#breadcrumb","itemListElement":[{"@type":"ListItem","position":1,"name":"Accueil","item":"https:\/\/www.italpassion.fr\/de\/"},{"@type":"ListItem","position":2,"name":"L&rsquo;ancien CEO de Stellantis pr\u00e9vient : les usines automobiles europ\u00e9ennes seront ferm\u00e9es ou rachet\u00e9es par les Chinois avec \u00ab\u00a0des manifestations, des incendies de pneus et de palettes\u00a0\u00bb"}]},{"@type":"WebSite","@id":"https:\/\/www.italpassion.fr\/de\/#website","url":"https:\/\/www.italpassion.fr\/de\/","name":"ItalPassion","description":"Die Liebhaber italienischer Autos","publisher":{"@id":"https:\/\/www.italpassion.fr\/de\/#organization"},"potentialAction":[{"@type":"SearchAction","target":{"@type":"EntryPoint","urlTemplate":"https:\/\/www.italpassion.fr\/de\/?s={search_term_string}"},"query-input":{"@type":"PropertyValueSpecification","valueRequired":true,"valueName":"search_term_string"}}],"inLanguage":"de"},{"@type":"Organization","@id":"https:\/\/www.italpassion.fr\/de\/#organization","name":"Italpassion","url":"https:\/\/www.italpassion.fr\/de\/","logo":{"@type":"ImageObject","inLanguage":"de","@id":"https:\/\/www.italpassion.fr\/de\/#\/schema\/logo\/image\/","url":"https:\/\/www.italpassion.fr\/wp-content\/uploads\/2023\/07\/italpassion-yoast.jpg","contentUrl":"https:\/\/www.italpassion.fr\/wp-content\/uploads\/2023\/07\/italpassion-yoast.jpg","width":696,"height":696,"caption":"Italpassion"},"image":{"@id":"https:\/\/www.italpassion.fr\/de\/#\/schema\/logo\/image\/"},"sameAs":["https:\/\/www.facebook.com\/italpassion","https:\/\/x.com\/italpassion","https:\/\/www.instagram.com\/italpassionfr\/","https:\/\/www.youtube.com\/channel\/UCleq-ByQaA42OjhopwevRjQ","https:\/\/www.facebook.com\/italpassion.en\/","https:\/\/www.facebook.com\/italpassion.it\/","https:\/\/www.facebook.com\/italpassion.de\/","https:\/\/www.facebook.com\/italpassion.ja\/"]},{"@type":"Person","@id":"https:\/\/www.italpassion.fr\/de\/#\/schema\/person\/36f747b2a759ca202d847e85a9434ca0","name":"Alexandre Filluzeau","image":{"@type":"ImageObject","inLanguage":"de","@id":"https:\/\/www.italpassion.fr\/de\/#\/schema\/person\/image\/","url":"https:\/\/www.italpassion.fr\/wp-content\/uploads\/2025\/04\/avatar-alexandre-160x160.jpg","contentUrl":"https:\/\/www.italpassion.fr\/wp-content\/uploads\/2025\/04\/avatar-alexandre-160x160.jpg","caption":"Alexandre Filluzeau"},"description":"Gr\u00fcnder der Website ItalPassion, leidenschaftlicher Fan von italienischen Autos und Italien im Allgemeinen. Ich bringe einen kritischen und technischen Blick auf die Nachrichten der italienischen Marken, wann immer es m\u00f6glich ist. Besitzer eines Maserati GranTurismo, Alfa Romeo MiTo, Lancia Fulvia und Ducati 695. Ex-Besitzer einer Alfa Romeo Giulia.","sameAs":["https:\/\/www.italpassion.fr\/"],"url":"https:\/\/www.italpassion.fr\/de\/author\/alexandre\/"}]}},"_links":{"self":[{"href":"https:\/\/www.italpassion.fr\/de\/wp-json\/wp\/v2\/posts\/44115","targetHints":{"allow":["GET"]}}],"collection":[{"href":"https:\/\/www.italpassion.fr\/de\/wp-json\/wp\/v2\/posts"}],"about":[{"href":"https:\/\/www.italpassion.fr\/de\/wp-json\/wp\/v2\/types\/post"}],"author":[{"embeddable":true,"href":"https:\/\/www.italpassion.fr\/de\/wp-json\/wp\/v2\/users\/1"}],"replies":[{"embeddable":true,"href":"https:\/\/www.italpassion.fr\/de\/wp-json\/wp\/v2\/comments?post=44115"}],"version-history":[{"count":1,"href":"https:\/\/www.italpassion.fr\/de\/wp-json\/wp\/v2\/posts\/44115\/revisions"}],"predecessor-version":[{"id":44117,"href":"https:\/\/www.italpassion.fr\/de\/wp-json\/wp\/v2\/posts\/44115\/revisions\/44117"}],"wp:featuredmedia":[{"embeddable":true,"href":"https:\/\/www.italpassion.fr\/de\/wp-json\/wp\/v2\/media\/44116"}],"wp:attachment":[{"href":"https:\/\/www.italpassion.fr\/de\/wp-json\/wp\/v2\/media?parent=44115"}],"wp:term":[{"taxonomy":"category","embeddable":true,"href":"https:\/\/www.italpassion.fr\/de\/wp-json\/wp\/v2\/categories?post=44115"},{"taxonomy":"post_tag","embeddable":true,"href":"https:\/\/www.italpassion.fr\/de\/wp-json\/wp\/v2\/tags?post=44115"}],"curies":[{"name":"wp","href":"https:\/\/api.w.org\/{rel}","templated":true}]}}