{"id":44023,"date":"2025-12-05T09:29:18","date_gmt":"2025-12-05T08:29:18","guid":{"rendered":"https:\/\/www.italpassion.fr\/?p=44023"},"modified":"2025-12-05T09:29:18","modified_gmt":"2025-12-05T08:29:18","slug":"der-ceo-von-stellantis-die-hypothese-uber-elektroautos-war-falsch-wir-haben-auf-den-markt-gehort-und-unsere-strategie-uberarbeitet","status":"publish","type":"post","link":"https:\/\/www.italpassion.fr\/de\/stellantis\/le-ceo-de-stellantis-les-hypotheses-sur-les-voitures-electriques-etaient-erronees-nous-avons-ecoute-le-marche-et-revu-notre-strategie\/","title":{"rendered":"CEO von Stellantis: \"Die Annahmen \u00fcber Elektroautos waren falsch, wir haben auf den Markt geh\u00f6rt und unsere Strategie \u00fcberarbeitet\"."},"content":{"rendered":"<figure class=\"wp-block-image size-large\"><img loading=\"lazy\" decoding=\"async\" width=\"1024\" height=\"683\" src=\"https:\/\/www.italpassion.fr\/wp-content\/uploads\/2025\/01\/antonio-filosa-1024x683.jpg\" alt=\"\" class=\"wp-image-36056\" srcset=\"https:\/\/www.italpassion.fr\/wp-content\/uploads\/2025\/01\/antonio-filosa-1024x683.jpg 1024w, https:\/\/www.italpassion.fr\/wp-content\/uploads\/2025\/01\/antonio-filosa-300x200.jpg 300w, https:\/\/www.italpassion.fr\/wp-content\/uploads\/2025\/01\/antonio-filosa-768x512.jpg 768w, https:\/\/www.italpassion.fr\/wp-content\/uploads\/2025\/01\/antonio-filosa-18x12.jpg 18w, https:\/\/www.italpassion.fr\/wp-content\/uploads\/2025\/01\/antonio-filosa-561x374.jpg 561w, https:\/\/www.italpassion.fr\/wp-content\/uploads\/2025\/01\/antonio-filosa-1122x748.jpg 1122w, https:\/\/www.italpassion.fr\/wp-content\/uploads\/2025\/01\/antonio-filosa-265x177.jpg 265w, https:\/\/www.italpassion.fr\/wp-content\/uploads\/2025\/01\/antonio-filosa-531x354.jpg 531w, https:\/\/www.italpassion.fr\/wp-content\/uploads\/2025\/01\/antonio-filosa-364x243.jpg 364w, https:\/\/www.italpassion.fr\/wp-content\/uploads\/2025\/01\/antonio-filosa-728x485.jpg 728w, https:\/\/www.italpassion.fr\/wp-content\/uploads\/2025\/01\/antonio-filosa-608x405.jpg 608w, https:\/\/www.italpassion.fr\/wp-content\/uploads\/2025\/01\/antonio-filosa-758x505.jpg 758w, https:\/\/www.italpassion.fr\/wp-content\/uploads\/2025\/01\/antonio-filosa-1152x768.jpg 1152w, https:\/\/www.italpassion.fr\/wp-content\/uploads\/2025\/01\/antonio-filosa.jpg 1200w\" sizes=\"auto, (max-width: 1024px) 100vw, 1024px\" \/><\/figure>\n\n\n\n<p>Antonio Filosa ist definitiv keine F\u00fchrungskraft, die mit halben Worten spricht. Einen Monat, nachdem er in Paris <a href=\"https:\/\/www.italpassion.fr\/de\/stellantis\/stellantis-ceo-kritisiert-erneut-europa-die-von-brussel-festgelegten-regeln-sind-nicht-unvollkommen-sie-sind-schlecht\/\">EU-Regeln als \"schlecht\" f\u00fcr die Automobilindustrie bewertet<\/a>, der CEO von <a href=\"https:\/\/www.italpassion.fr\/de\/stellantis\/\">Stellantis<\/a> nutzte die Goldman Sachs Industrials &amp; Autos Week, um klar zuzugeben, was viele Autohersteller dachten, aber nicht zu sagen wagten: Die internen Prognosen zur Umstellung auf Elektroautos waren schlichtweg falsch. Und der Konzern h\u00e4tte seine Strategie bereits grundlegend umgestellt.<\/p>\n\n\n\n<h2 class=\"wp-block-heading\">\"Einige Annahmen waren falsch\"<\/h2>\n\n\n\n<p>Auf die Frage nach dem amerikanischen und europ\u00e4ischen Kurs von Stellantis r\u00e4umte Antonio Filosa eine gro\u00dfe Diskrepanz zwischen den internen Prognosen der letzten Jahre und der Realit\u00e4t des Marktes ein. Die Gruppe hatte einst eine Durchdringung der USA mit Elektrofahrzeugen von 50 % bis 2030 in Aussicht gestellt. Heute hat der Markt noch immer nicht die 6 %-Marke \u00fcberschritten. Was Europa betrifft, so erscheint die Vorstellung, bis 2035 100 % elektrisch zu fahren, angesichts der tats\u00e4chlichen Nachfrage und der Kaufkraft nun zu optimistisch. \"Einige Annahmen waren falsch, aber wir haben auf den Markt geh\u00f6rt\", sagte er. Innerhalb von vier Monaten hat Stellantis nach eigenen Angaben seine Produkt- und Investitionsstrategie \u00fcberarbeitet.<\/p>\n\n\n\n<h2 class=\"wp-block-heading\">Hybrid wird wieder zur strategischen Waffe<\/h2>\n\n\n\n<p>Und das krasseste Beispiel kommt aus den USA. Der nordamerikanische Markt, der lange Zeit als Stellantis' nat\u00fcrliches Terrain f\u00fcr Elektroautos galt, entdeckt den Hybrid wieder... und sogar den V8. Die R\u00fcckkehr des Hemi-Motors in die Ram-Pickups l\u00f6ste ein kommerzielles Erdbeben aus: 10.000 Bestellungen innerhalb von 24 Stunden, 50.000 innerhalb von sechs Wochen, so dass die Produktion verdoppelt werden musste. Filosa ist heute davon \u00fcberzeugt, dass der Hybridantrieb, insbesondere der einfache Hybridantrieb, zu einer der bevorzugten Technologien der amerikanischen Autofahrer werden wird.<\/p>\n\n\n\n<figure class=\"wp-block-image size-full\"><img loading=\"lazy\" decoding=\"async\" width=\"1200\" height=\"800\" src=\"https:\/\/www.italpassion.fr\/wp-content\/uploads\/2025\/12\/ram-v8-hybride.jpg\" alt=\"\" class=\"wp-image-44024\" srcset=\"https:\/\/www.italpassion.fr\/wp-content\/uploads\/2025\/12\/ram-v8-hybride.jpg 1200w, https:\/\/www.italpassion.fr\/wp-content\/uploads\/2025\/12\/ram-v8-hybride-420x280.jpg 420w, https:\/\/www.italpassion.fr\/wp-content\/uploads\/2025\/12\/ram-v8-hybride-768x512.jpg 768w, https:\/\/www.italpassion.fr\/wp-content\/uploads\/2025\/12\/ram-v8-hybride-18x12.jpg 18w\" sizes=\"auto, (max-width: 1200px) 100vw, 1200px\" \/><\/figure>\n\n\n\n<p>Der Erfolg des Ram V8 ist kein Strohfeuer. Der neue Jeep Cherokee, der nach dem \"H\u00f6ren auf die Verbraucher\" komplett \u00fcberarbeitet wurde, kommt in das zweitgr\u00f6\u00dfte Segment in den USA, wo er eine strukturierende Rolle spielen will. Stellantis sieht darin das perfekte Beispiel f\u00fcr eine Produktneuausrichtung, die von der Nachfrage und nicht von einem Regulierungs- oder Marketingdogma geleitet wird.<\/p>\n\n\n\n<h2 class=\"wp-block-heading\">Die USA lockern, Europa fragt sich<\/h2>\n\n\n\n<p>Die Dynamik in den USA ist umso vielversprechender, als sie mit einem wichtigen politischen Wandel einhergeht. Die Trump-Regierung hat die CAFE-Standards gelockert und damit den Herstellern mehr Flexibilit\u00e4t einger\u00e4umt. Filosa sieht darin eine Chance, den Produktmix wieder ins Gleichgewicht zu bringen und eine neue Nachfrage zu wecken, die es vor zehn Monaten noch nicht gab.<\/p>\n\n\n\n<p>In Europa herrscht eine ganz andere Stimmung. Br\u00fcssel bereitet ein neues, mit Spannung erwartetes Regulierungspaket vor, aber es gibt noch keine Anzeichen f\u00fcr eine sofortige Lockerung. Filosa pl\u00e4diert erneut f\u00fcr eine \"ausgewogene und sanfte\" Energiewende und erinnert daran, dass eine vern\u00fcnftige Gleichung drei S\u00e4ulen ber\u00fccksichtigen muss: Umweltschutz, Erhalt von Arbeitspl\u00e4tzen und Bezahlbarkeit.<\/p>\n\n\n\n<p>Er unterstreicht auch eine oft vergessene Tatsache: Die Bed\u00fcrfnisse von leichten Nutzfahrzeugen unterscheiden sich grundlegend von denen der Privatpersonen. Die hohen Kosten f\u00fcr die Nutzung von Elektrofahrzeugen in diesem Segment machen eine Anpassung der Normen und eine \u00d6ffnung f\u00fcr alternative Technologien wie synthetische Kraftstoffe unabdingbar. Diese Aussage steht im Gegensatz zu den starren Positionen, die in den letzten Jahren vertreten wurden (100 % elektrisch, Wasserstoff...).<\/p>\n\n\n\n<h2 class=\"wp-block-heading\">\u00c4nderung der Methode und \u00fcberarbeitete Strategie<\/h2>\n\n\n\n<p>W\u00e4hrend Filosa in Bezug auf die technologische Ausrichtung offensiv erscheint, ist er in Bezug auf die finanzielle Situation viel vorsichtiger. Der Manager versichert, dass Stellantis im Gro\u00dfen und Ganzen mit seinen Prognosen f\u00fcr Ende November \u00fcbereinstimmt, r\u00e4umt aber ein, dass die Priorit\u00e4t darin besteht, zu einer positiven Cashflow-Generierung zur\u00fcckzukehren. Es werde noch einige Monate dauern, in denen man \"Quartal f\u00fcr Quartal\" Fortschritte mache, um die Grundlagen zu festigen.<\/p>\n\n\n\n<p>Der Capital Market Day, der nun zwischen Mai und Juni 2026 stattfinden soll, wird den neuen strategischen Plan der Gruppe enth\u00fcllen. Diese zus\u00e4tzliche Frist zeigt den Willen des Managements, wieder einen realistischen Plan zu erstellen, der auf \u00fcberarbeiteten Annahmen und einer genaueren Einsch\u00e4tzung des Marktes beruht. Eine bessere Disziplin bei der Markteinf\u00fchrung, die Kontrolle der Lagerbest\u00e4nde und ein Anstieg der Produktpalette in den rentablen Segmenten d\u00fcrften die wichtigsten Hebel f\u00fcr diese R\u00fcckeroberung darstellen.<\/p>\n\n\n\n<h2 class=\"wp-block-heading\">Eine neue \u00c4ra f\u00fcr Stellantis?<\/h2>\n\n\n\n<p>Innerhalb weniger Wochen hat Antonio Filosa einen klaren Kurswechsel durchgesetzt: Er hat Stellantis eine Strategie zur\u00fcckgegeben, die sich an der tats\u00e4chlichen Nachfrage, der Vielfalt der M\u00e4rkte und den wirtschaftlichen Erfordernissen des Augenblicks orientiert. Dieser Ansatz steht im krassen Gegensatz zu dem seines Vorg\u00e4ngers Carlos Tavares, der eher auf eine beschleunigte elektrische Umstellung setzte.<\/p>\n\n\n\n<p>Indem der CEO \u00f6ffentlich einr\u00e4umt, dass einige Annahmen falsch waren, sendet er ein in der Branche seltenes Signal aus: das Signal eines Unternehmens, das bereit ist, seinen Kurs schnell zu korrigieren, anstatt die Folgen einer starren Strategie zu tragen. Der amerikanische Markt reagiert bereits positiv. Europa hingegen wartet noch auf den Rahmen, der ihm wieder Luft zum Atmen verschafft. Wenn Br\u00fcssel seine Vision lockert, verspricht Stellantis, mehr auf dem Kontinent zu investieren. Andernfalls k\u00f6nnte das Spiel anderswo ausgetragen werden... dort, wo die Verbraucher das Tempo bestimmen und nicht die Vorschriften.<\/p>","protected":false},"excerpt":{"rendered":"","protected":false},"author":1,"featured_media":36056,"comment_status":"open","ping_status":"open","sticky":false,"template":"","format":"standard","meta":{"_acf_changed":false,"_sitemap_exclude":false,"_sitemap_priority":"","_sitemap_frequency":"","footnotes":""},"categories":[29],"tags":[565],"class_list":["post-44023","post","type-post","status-publish","format-standard","has-post-thumbnail","hentry","category-stellantis","tag-antonio-filosa","generate-columns","tablet-grid-50","mobile-grid-100","grid-parent","grid-33"],"acf":[],"yoast_head":"<!-- This site is optimized with the Yoast SEO plugin v25.8 - https:\/\/yoast.com\/wordpress\/plugins\/seo\/ -->\n<title>Le CEO de Stellantis : &quot;les hypoth\u00e8ses sur les voitures \u00e9lectriques \u00e9taient erron\u00e9es, nous avons \u00e9cout\u00e9 le march\u00e9 et revu notre strat\u00e9gie&quot; - ItalPassion<\/title>\n<meta name=\"description\" content=\"Antonio Filosa n\u2019est d\u00e9cid\u00e9ment pas un dirigeant qui parle \u00e0 demi-mot. Un mois apr\u00e8s avoir fustig\u00e9 \u00e0 Paris les r\u00e8gles europ\u00e9ennes jug\u00e9es \u00ab mauvaises \u00bb\" \/>\n<meta name=\"robots\" content=\"index, follow, max-snippet:-1, max-image-preview:large, max-video-preview:-1\" \/>\n<link rel=\"canonical\" href=\"https:\/\/www.italpassion.fr\/de\/stellantis\/der-ceo-von-stellantis-die-hypothese-uber-elektroautos-war-falsch-wir-haben-auf-den-markt-gehort-und-unsere-strategie-uberarbeitet\/\" \/>\n<meta property=\"og:locale\" content=\"de_DE\" \/>\n<meta property=\"og:type\" content=\"article\" \/>\n<meta property=\"og:title\" content=\"Le CEO de Stellantis : &quot;les hypoth\u00e8ses sur les voitures \u00e9lectriques \u00e9taient erron\u00e9es, nous avons \u00e9cout\u00e9 le march\u00e9 et revu notre strat\u00e9gie&quot; - ItalPassion\" \/>\n<meta property=\"og:description\" content=\"Antonio Filosa n\u2019est d\u00e9cid\u00e9ment pas un dirigeant qui parle \u00e0 demi-mot. Un mois apr\u00e8s avoir fustig\u00e9 \u00e0 Paris les r\u00e8gles europ\u00e9ennes jug\u00e9es \u00ab mauvaises \u00bb\" \/>\n<meta property=\"og:url\" content=\"https:\/\/www.italpassion.fr\/de\/stellantis\/der-ceo-von-stellantis-die-hypothese-uber-elektroautos-war-falsch-wir-haben-auf-den-markt-gehort-und-unsere-strategie-uberarbeitet\/\" \/>\n<meta property=\"og:site_name\" content=\"ItalPassion\" \/>\n<meta property=\"article:publisher\" content=\"https:\/\/www.facebook.com\/italpassion\" \/>\n<meta property=\"article:published_time\" content=\"2025-12-05T08:29:18+00:00\" \/>\n<meta property=\"og:image\" content=\"https:\/\/www.italpassion.fr\/wp-content\/uploads\/2025\/01\/antonio-filosa.jpg\" \/>\n\t<meta property=\"og:image:width\" content=\"1200\" \/>\n\t<meta property=\"og:image:height\" content=\"800\" \/>\n\t<meta property=\"og:image:type\" content=\"image\/jpeg\" \/>\n<meta name=\"author\" content=\"Alexandre Filluzeau\" \/>\n<meta name=\"twitter:card\" content=\"summary_large_image\" \/>\n<meta name=\"twitter:creator\" content=\"@italpassion\" \/>\n<meta name=\"twitter:site\" content=\"@italpassion\" \/>\n<script type=\"application\/ld+json\" class=\"yoast-schema-graph\">{\"@context\":\"https:\/\/schema.org\",\"@graph\":[{\"@type\":\"NewsArticle\",\"@id\":\"https:\/\/www.italpassion.fr\/de\/stellantis\/le-ceo-de-stellantis-les-hypotheses-sur-les-voitures-electriques-etaient-erronees-nous-avons-ecoute-le-marche-et-revu-notre-strategie\/#article\",\"isPartOf\":{\"@id\":\"https:\/\/www.italpassion.fr\/de\/stellantis\/le-ceo-de-stellantis-les-hypotheses-sur-les-voitures-electriques-etaient-erronees-nous-avons-ecoute-le-marche-et-revu-notre-strategie\/\"},\"author\":{\"name\":\"Alexandre Filluzeau\",\"@id\":\"https:\/\/www.italpassion.fr\/de\/#\/schema\/person\/36f747b2a759ca202d847e85a9434ca0\"},\"headline\":\"Le CEO de Stellantis : \u00ab\u00a0les hypoth\u00e8ses sur les voitures \u00e9lectriques \u00e9taient erron\u00e9es, nous avons \u00e9cout\u00e9 le march\u00e9 et revu notre strat\u00e9gie\u00a0\u00bb\",\"datePublished\":\"2025-12-05T08:29:18+00:00\",\"mainEntityOfPage\":{\"@id\":\"https:\/\/www.italpassion.fr\/de\/stellantis\/le-ceo-de-stellantis-les-hypotheses-sur-les-voitures-electriques-etaient-erronees-nous-avons-ecoute-le-marche-et-revu-notre-strategie\/\"},\"wordCount\":924,\"commentCount\":22,\"publisher\":{\"@id\":\"https:\/\/www.italpassion.fr\/de\/#organization\"},\"image\":{\"@id\":\"https:\/\/www.italpassion.fr\/de\/stellantis\/le-ceo-de-stellantis-les-hypotheses-sur-les-voitures-electriques-etaient-erronees-nous-avons-ecoute-le-marche-et-revu-notre-strategie\/#primaryimage\"},\"thumbnailUrl\":\"https:\/\/www.italpassion.fr\/wp-content\/uploads\/2025\/01\/antonio-filosa.jpg\",\"keywords\":[\"Antonio Filosa\"],\"articleSection\":[\"Stellantis\"],\"inLanguage\":\"de\",\"potentialAction\":[{\"@type\":\"CommentAction\",\"name\":\"Comment\",\"target\":[\"https:\/\/www.italpassion.fr\/de\/stellantis\/le-ceo-de-stellantis-les-hypotheses-sur-les-voitures-electriques-etaient-erronees-nous-avons-ecoute-le-marche-et-revu-notre-strategie\/#respond\"]}]},{\"@type\":\"WebPage\",\"@id\":\"https:\/\/www.italpassion.fr\/de\/stellantis\/le-ceo-de-stellantis-les-hypotheses-sur-les-voitures-electriques-etaient-erronees-nous-avons-ecoute-le-marche-et-revu-notre-strategie\/\",\"url\":\"https:\/\/www.italpassion.fr\/de\/stellantis\/le-ceo-de-stellantis-les-hypotheses-sur-les-voitures-electriques-etaient-erronees-nous-avons-ecoute-le-marche-et-revu-notre-strategie\/\",\"name\":\"Le CEO de Stellantis : \\\"les hypoth\u00e8ses sur les voitures \u00e9lectriques \u00e9taient erron\u00e9es, nous avons \u00e9cout\u00e9 le march\u00e9 et revu notre strat\u00e9gie\\\" - ItalPassion\",\"isPartOf\":{\"@id\":\"https:\/\/www.italpassion.fr\/de\/#website\"},\"primaryImageOfPage\":{\"@id\":\"https:\/\/www.italpassion.fr\/de\/stellantis\/le-ceo-de-stellantis-les-hypotheses-sur-les-voitures-electriques-etaient-erronees-nous-avons-ecoute-le-marche-et-revu-notre-strategie\/#primaryimage\"},\"image\":{\"@id\":\"https:\/\/www.italpassion.fr\/de\/stellantis\/le-ceo-de-stellantis-les-hypotheses-sur-les-voitures-electriques-etaient-erronees-nous-avons-ecoute-le-marche-et-revu-notre-strategie\/#primaryimage\"},\"thumbnailUrl\":\"https:\/\/www.italpassion.fr\/wp-content\/uploads\/2025\/01\/antonio-filosa.jpg\",\"datePublished\":\"2025-12-05T08:29:18+00:00\",\"description\":\"Antonio Filosa n\u2019est d\u00e9cid\u00e9ment pas un dirigeant qui parle \u00e0 demi-mot. Un mois apr\u00e8s avoir fustig\u00e9 \u00e0 Paris les r\u00e8gles europ\u00e9ennes jug\u00e9es \u00ab mauvaises \u00bb\",\"breadcrumb\":{\"@id\":\"https:\/\/www.italpassion.fr\/de\/stellantis\/le-ceo-de-stellantis-les-hypotheses-sur-les-voitures-electriques-etaient-erronees-nous-avons-ecoute-le-marche-et-revu-notre-strategie\/#breadcrumb\"},\"inLanguage\":\"de\",\"potentialAction\":[{\"@type\":\"ReadAction\",\"target\":[\"https:\/\/www.italpassion.fr\/de\/stellantis\/le-ceo-de-stellantis-les-hypotheses-sur-les-voitures-electriques-etaient-erronees-nous-avons-ecoute-le-marche-et-revu-notre-strategie\/\"]}]},{\"@type\":\"ImageObject\",\"inLanguage\":\"de\",\"@id\":\"https:\/\/www.italpassion.fr\/de\/stellantis\/le-ceo-de-stellantis-les-hypotheses-sur-les-voitures-electriques-etaient-erronees-nous-avons-ecoute-le-marche-et-revu-notre-strategie\/#primaryimage\",\"url\":\"https:\/\/www.italpassion.fr\/wp-content\/uploads\/2025\/01\/antonio-filosa.jpg\",\"contentUrl\":\"https:\/\/www.italpassion.fr\/wp-content\/uploads\/2025\/01\/antonio-filosa.jpg\",\"width\":1200,\"height\":800},{\"@type\":\"BreadcrumbList\",\"@id\":\"https:\/\/www.italpassion.fr\/de\/stellantis\/le-ceo-de-stellantis-les-hypotheses-sur-les-voitures-electriques-etaient-erronees-nous-avons-ecoute-le-marche-et-revu-notre-strategie\/#breadcrumb\",\"itemListElement\":[{\"@type\":\"ListItem\",\"position\":1,\"name\":\"Accueil\",\"item\":\"https:\/\/www.italpassion.fr\/de\/\"},{\"@type\":\"ListItem\",\"position\":2,\"name\":\"Le CEO de Stellantis : \u00ab\u00a0les hypoth\u00e8ses sur les voitures \u00e9lectriques \u00e9taient erron\u00e9es, nous avons \u00e9cout\u00e9 le march\u00e9 et revu notre strat\u00e9gie\u00a0\u00bb\"}]},{\"@type\":\"WebSite\",\"@id\":\"https:\/\/www.italpassion.fr\/de\/#website\",\"url\":\"https:\/\/www.italpassion.fr\/de\/\",\"name\":\"ItalPassion\",\"description\":\"Les Passionn\u00e9s d&#039;Automobiles Italiennes\",\"publisher\":{\"@id\":\"https:\/\/www.italpassion.fr\/de\/#organization\"},\"potentialAction\":[{\"@type\":\"SearchAction\",\"target\":{\"@type\":\"EntryPoint\",\"urlTemplate\":\"https:\/\/www.italpassion.fr\/de\/?s={search_term_string}\"},\"query-input\":{\"@type\":\"PropertyValueSpecification\",\"valueRequired\":true,\"valueName\":\"search_term_string\"}}],\"inLanguage\":\"de\"},{\"@type\":\"Organization\",\"@id\":\"https:\/\/www.italpassion.fr\/de\/#organization\",\"name\":\"Italpassion\",\"url\":\"https:\/\/www.italpassion.fr\/de\/\",\"logo\":{\"@type\":\"ImageObject\",\"inLanguage\":\"de\",\"@id\":\"https:\/\/www.italpassion.fr\/de\/#\/schema\/logo\/image\/\",\"url\":\"https:\/\/www.italpassion.fr\/wp-content\/uploads\/2023\/07\/italpassion-yoast.jpg\",\"contentUrl\":\"https:\/\/www.italpassion.fr\/wp-content\/uploads\/2023\/07\/italpassion-yoast.jpg\",\"width\":696,\"height\":696,\"caption\":\"Italpassion\"},\"image\":{\"@id\":\"https:\/\/www.italpassion.fr\/de\/#\/schema\/logo\/image\/\"},\"sameAs\":[\"https:\/\/www.facebook.com\/italpassion\",\"https:\/\/x.com\/italpassion\",\"https:\/\/www.instagram.com\/italpassionfr\/\",\"https:\/\/www.youtube.com\/channel\/UCleq-ByQaA42OjhopwevRjQ\",\"https:\/\/www.facebook.com\/italpassion.en\/\",\"https:\/\/www.facebook.com\/italpassion.it\/\",\"https:\/\/www.facebook.com\/italpassion.de\/\",\"https:\/\/www.facebook.com\/italpassion.ja\/\"]},{\"@type\":\"Person\",\"@id\":\"https:\/\/www.italpassion.fr\/de\/#\/schema\/person\/36f747b2a759ca202d847e85a9434ca0\",\"name\":\"Alexandre Filluzeau\",\"image\":{\"@type\":\"ImageObject\",\"inLanguage\":\"de\",\"@id\":\"https:\/\/www.italpassion.fr\/de\/#\/schema\/person\/image\/\",\"url\":\"https:\/\/www.italpassion.fr\/wp-content\/uploads\/2025\/04\/avatar-alexandre-160x160.jpg\",\"contentUrl\":\"https:\/\/www.italpassion.fr\/wp-content\/uploads\/2025\/04\/avatar-alexandre-160x160.jpg\",\"caption\":\"Alexandre Filluzeau\"},\"description\":\"Fondateur du site ItalPassion, passionn\u00e9 de voitures italiennes et de l'Italie en g\u00e9n\u00e9ral. J'apporte un regard critique et technique aux actualit\u00e9s des marques italiennes quand cela est possible. Propri\u00e9taire d'une Maserati GranTurismo, Alfa Romeo MiTo, Lancia Fulvia et Ducati 695. Ex-propri\u00e9taire d'une Alfa Romeo Giulia.\",\"sameAs\":[\"https:\/\/www.italpassion.fr\/\"],\"url\":\"https:\/\/www.italpassion.fr\/de\/author\/alexandre\/\"}]}<\/script>\n<!-- \/ Yoast SEO plugin. -->","yoast_head_json":{"title":"Stellantis-CEO: \"Die Annahmen \u00fcber Elektroautos waren falsch, wir haben auf den Markt geh\u00f6rt und unsere Strategie \u00fcberarbeitet\" - ItalPassion","description":"Antonio Filosa ist definitiv keine F\u00fchrungskraft, die mit halben Worten spricht. Einen Monat, nachdem er in Paris die europ\u00e4ischen Regeln als \"schlecht\" gegei\u00dfelt hatte","robots":{"index":"index","follow":"follow","max-snippet":"max-snippet:-1","max-image-preview":"max-image-preview:large","max-video-preview":"max-video-preview:-1"},"canonical":"https:\/\/www.italpassion.fr\/de\/stellantis\/der-ceo-von-stellantis-die-hypothese-uber-elektroautos-war-falsch-wir-haben-auf-den-markt-gehort-und-unsere-strategie-uberarbeitet\/","og_locale":"de_DE","og_type":"article","og_title":"Le CEO de Stellantis : \"les hypoth\u00e8ses sur les voitures \u00e9lectriques \u00e9taient erron\u00e9es, nous avons \u00e9cout\u00e9 le march\u00e9 et revu notre strat\u00e9gie\" - ItalPassion","og_description":"Antonio Filosa n\u2019est d\u00e9cid\u00e9ment pas un dirigeant qui parle \u00e0 demi-mot. Un mois apr\u00e8s avoir fustig\u00e9 \u00e0 Paris les r\u00e8gles europ\u00e9ennes jug\u00e9es \u00ab mauvaises \u00bb","og_url":"https:\/\/www.italpassion.fr\/de\/stellantis\/der-ceo-von-stellantis-die-hypothese-uber-elektroautos-war-falsch-wir-haben-auf-den-markt-gehort-und-unsere-strategie-uberarbeitet\/","og_site_name":"ItalPassion","article_publisher":"https:\/\/www.facebook.com\/italpassion","article_published_time":"2025-12-05T08:29:18+00:00","og_image":[{"width":1200,"height":800,"url":"https:\/\/www.italpassion.fr\/wp-content\/uploads\/2025\/01\/antonio-filosa.jpg","type":"image\/jpeg"}],"author":"Alexandre Filluzeau","twitter_card":"summary_large_image","twitter_creator":"@italpassion","twitter_site":"@italpassion","schema":{"@context":"https:\/\/schema.org","@graph":[{"@type":"NewsArticle","@id":"https:\/\/www.italpassion.fr\/de\/stellantis\/le-ceo-de-stellantis-les-hypotheses-sur-les-voitures-electriques-etaient-erronees-nous-avons-ecoute-le-marche-et-revu-notre-strategie\/#article","isPartOf":{"@id":"https:\/\/www.italpassion.fr\/de\/stellantis\/le-ceo-de-stellantis-les-hypotheses-sur-les-voitures-electriques-etaient-erronees-nous-avons-ecoute-le-marche-et-revu-notre-strategie\/"},"author":{"name":"Alexandre Filluzeau","@id":"https:\/\/www.italpassion.fr\/de\/#\/schema\/person\/36f747b2a759ca202d847e85a9434ca0"},"headline":"Le CEO de Stellantis : \u00ab\u00a0les hypoth\u00e8ses sur les voitures \u00e9lectriques \u00e9taient erron\u00e9es, nous avons \u00e9cout\u00e9 le march\u00e9 et revu notre strat\u00e9gie\u00a0\u00bb","datePublished":"2025-12-05T08:29:18+00:00","mainEntityOfPage":{"@id":"https:\/\/www.italpassion.fr\/de\/stellantis\/le-ceo-de-stellantis-les-hypotheses-sur-les-voitures-electriques-etaient-erronees-nous-avons-ecoute-le-marche-et-revu-notre-strategie\/"},"wordCount":924,"commentCount":22,"publisher":{"@id":"https:\/\/www.italpassion.fr\/de\/#organization"},"image":{"@id":"https:\/\/www.italpassion.fr\/de\/stellantis\/le-ceo-de-stellantis-les-hypotheses-sur-les-voitures-electriques-etaient-erronees-nous-avons-ecoute-le-marche-et-revu-notre-strategie\/#primaryimage"},"thumbnailUrl":"https:\/\/www.italpassion.fr\/wp-content\/uploads\/2025\/01\/antonio-filosa.jpg","keywords":["Antonio Filosa"],"articleSection":["Stellantis"],"inLanguage":"de","potentialAction":[{"@type":"CommentAction","name":"Comment","target":["https:\/\/www.italpassion.fr\/de\/stellantis\/le-ceo-de-stellantis-les-hypotheses-sur-les-voitures-electriques-etaient-erronees-nous-avons-ecoute-le-marche-et-revu-notre-strategie\/#respond"]}]},{"@type":"WebPage","@id":"https:\/\/www.italpassion.fr\/de\/stellantis\/le-ceo-de-stellantis-les-hypotheses-sur-les-voitures-electriques-etaient-erronees-nous-avons-ecoute-le-marche-et-revu-notre-strategie\/","url":"https:\/\/www.italpassion.fr\/de\/stellantis\/le-ceo-de-stellantis-les-hypotheses-sur-les-voitures-electriques-etaient-erronees-nous-avons-ecoute-le-marche-et-revu-notre-strategie\/","name":"Stellantis-CEO: \"Die Annahmen \u00fcber Elektroautos waren falsch, wir haben auf den Markt geh\u00f6rt und unsere Strategie \u00fcberarbeitet\" - ItalPassion","isPartOf":{"@id":"https:\/\/www.italpassion.fr\/de\/#website"},"primaryImageOfPage":{"@id":"https:\/\/www.italpassion.fr\/de\/stellantis\/le-ceo-de-stellantis-les-hypotheses-sur-les-voitures-electriques-etaient-erronees-nous-avons-ecoute-le-marche-et-revu-notre-strategie\/#primaryimage"},"image":{"@id":"https:\/\/www.italpassion.fr\/de\/stellantis\/le-ceo-de-stellantis-les-hypotheses-sur-les-voitures-electriques-etaient-erronees-nous-avons-ecoute-le-marche-et-revu-notre-strategie\/#primaryimage"},"thumbnailUrl":"https:\/\/www.italpassion.fr\/wp-content\/uploads\/2025\/01\/antonio-filosa.jpg","datePublished":"2025-12-05T08:29:18+00:00","description":"Antonio Filosa ist definitiv keine F\u00fchrungskraft, die mit halben Worten spricht. Einen Monat, nachdem er in Paris die europ\u00e4ischen Regeln als \"schlecht\" gegei\u00dfelt hatte","breadcrumb":{"@id":"https:\/\/www.italpassion.fr\/de\/stellantis\/le-ceo-de-stellantis-les-hypotheses-sur-les-voitures-electriques-etaient-erronees-nous-avons-ecoute-le-marche-et-revu-notre-strategie\/#breadcrumb"},"inLanguage":"de","potentialAction":[{"@type":"ReadAction","target":["https:\/\/www.italpassion.fr\/de\/stellantis\/le-ceo-de-stellantis-les-hypotheses-sur-les-voitures-electriques-etaient-erronees-nous-avons-ecoute-le-marche-et-revu-notre-strategie\/"]}]},{"@type":"ImageObject","inLanguage":"de","@id":"https:\/\/www.italpassion.fr\/de\/stellantis\/le-ceo-de-stellantis-les-hypotheses-sur-les-voitures-electriques-etaient-erronees-nous-avons-ecoute-le-marche-et-revu-notre-strategie\/#primaryimage","url":"https:\/\/www.italpassion.fr\/wp-content\/uploads\/2025\/01\/antonio-filosa.jpg","contentUrl":"https:\/\/www.italpassion.fr\/wp-content\/uploads\/2025\/01\/antonio-filosa.jpg","width":1200,"height":800},{"@type":"BreadcrumbList","@id":"https:\/\/www.italpassion.fr\/de\/stellantis\/le-ceo-de-stellantis-les-hypotheses-sur-les-voitures-electriques-etaient-erronees-nous-avons-ecoute-le-marche-et-revu-notre-strategie\/#breadcrumb","itemListElement":[{"@type":"ListItem","position":1,"name":"Accueil","item":"https:\/\/www.italpassion.fr\/de\/"},{"@type":"ListItem","position":2,"name":"Le CEO de Stellantis : \u00ab\u00a0les hypoth\u00e8ses sur les voitures \u00e9lectriques \u00e9taient erron\u00e9es, nous avons \u00e9cout\u00e9 le march\u00e9 et revu notre strat\u00e9gie\u00a0\u00bb"}]},{"@type":"WebSite","@id":"https:\/\/www.italpassion.fr\/de\/#website","url":"https:\/\/www.italpassion.fr\/de\/","name":"ItalPassion","description":"Die Liebhaber italienischer Autos","publisher":{"@id":"https:\/\/www.italpassion.fr\/de\/#organization"},"potentialAction":[{"@type":"SearchAction","target":{"@type":"EntryPoint","urlTemplate":"https:\/\/www.italpassion.fr\/de\/?s={search_term_string}"},"query-input":{"@type":"PropertyValueSpecification","valueRequired":true,"valueName":"search_term_string"}}],"inLanguage":"de"},{"@type":"Organization","@id":"https:\/\/www.italpassion.fr\/de\/#organization","name":"Italpassion","url":"https:\/\/www.italpassion.fr\/de\/","logo":{"@type":"ImageObject","inLanguage":"de","@id":"https:\/\/www.italpassion.fr\/de\/#\/schema\/logo\/image\/","url":"https:\/\/www.italpassion.fr\/wp-content\/uploads\/2023\/07\/italpassion-yoast.jpg","contentUrl":"https:\/\/www.italpassion.fr\/wp-content\/uploads\/2023\/07\/italpassion-yoast.jpg","width":696,"height":696,"caption":"Italpassion"},"image":{"@id":"https:\/\/www.italpassion.fr\/de\/#\/schema\/logo\/image\/"},"sameAs":["https:\/\/www.facebook.com\/italpassion","https:\/\/x.com\/italpassion","https:\/\/www.instagram.com\/italpassionfr\/","https:\/\/www.youtube.com\/channel\/UCleq-ByQaA42OjhopwevRjQ","https:\/\/www.facebook.com\/italpassion.en\/","https:\/\/www.facebook.com\/italpassion.it\/","https:\/\/www.facebook.com\/italpassion.de\/","https:\/\/www.facebook.com\/italpassion.ja\/"]},{"@type":"Person","@id":"https:\/\/www.italpassion.fr\/de\/#\/schema\/person\/36f747b2a759ca202d847e85a9434ca0","name":"Alexandre Filluzeau","image":{"@type":"ImageObject","inLanguage":"de","@id":"https:\/\/www.italpassion.fr\/de\/#\/schema\/person\/image\/","url":"https:\/\/www.italpassion.fr\/wp-content\/uploads\/2025\/04\/avatar-alexandre-160x160.jpg","contentUrl":"https:\/\/www.italpassion.fr\/wp-content\/uploads\/2025\/04\/avatar-alexandre-160x160.jpg","caption":"Alexandre Filluzeau"},"description":"Gr\u00fcnder der Website ItalPassion, leidenschaftlicher Fan von italienischen Autos und Italien im Allgemeinen. Ich bringe einen kritischen und technischen Blick auf die Nachrichten der italienischen Marken, wann immer es m\u00f6glich ist. Besitzer eines Maserati GranTurismo, Alfa Romeo MiTo, Lancia Fulvia und Ducati 695. Ex-Besitzer einer Alfa Romeo Giulia.","sameAs":["https:\/\/www.italpassion.fr\/"],"url":"https:\/\/www.italpassion.fr\/de\/author\/alexandre\/"}]}},"_links":{"self":[{"href":"https:\/\/www.italpassion.fr\/de\/wp-json\/wp\/v2\/posts\/44023","targetHints":{"allow":["GET"]}}],"collection":[{"href":"https:\/\/www.italpassion.fr\/de\/wp-json\/wp\/v2\/posts"}],"about":[{"href":"https:\/\/www.italpassion.fr\/de\/wp-json\/wp\/v2\/types\/post"}],"author":[{"embeddable":true,"href":"https:\/\/www.italpassion.fr\/de\/wp-json\/wp\/v2\/users\/1"}],"replies":[{"embeddable":true,"href":"https:\/\/www.italpassion.fr\/de\/wp-json\/wp\/v2\/comments?post=44023"}],"version-history":[{"count":1,"href":"https:\/\/www.italpassion.fr\/de\/wp-json\/wp\/v2\/posts\/44023\/revisions"}],"predecessor-version":[{"id":44025,"href":"https:\/\/www.italpassion.fr\/de\/wp-json\/wp\/v2\/posts\/44023\/revisions\/44025"}],"wp:featuredmedia":[{"embeddable":true,"href":"https:\/\/www.italpassion.fr\/de\/wp-json\/wp\/v2\/media\/36056"}],"wp:attachment":[{"href":"https:\/\/www.italpassion.fr\/de\/wp-json\/wp\/v2\/media?parent=44023"}],"wp:term":[{"taxonomy":"category","embeddable":true,"href":"https:\/\/www.italpassion.fr\/de\/wp-json\/wp\/v2\/categories?post=44023"},{"taxonomy":"post_tag","embeddable":true,"href":"https:\/\/www.italpassion.fr\/de\/wp-json\/wp\/v2\/tags?post=44023"}],"curies":[{"name":"wp","href":"https:\/\/api.w.org\/{rel}","templated":true}]}}