{"id":42412,"date":"2025-10-24T14:33:56","date_gmt":"2025-10-24T12:33:56","guid":{"rendered":"https:\/\/www.italpassion.fr\/?p=42412"},"modified":"2025-10-24T14:20:43","modified_gmt":"2025-10-24T12:20:43","slug":"die-fahrer-charles-leclerc-und-antonio-giovinazzi-testen-den-ferrari-849-mit-1050-ps-auf-der-rennstrecke-der-sound-ist-sehr-cool","status":"publish","type":"post","link":"https:\/\/www.italpassion.fr\/de\/ferrari\/les-pilotes-charles-leclerc-et-antonio-giovinazzi-testent-la-ferrari-849-de-1050-ch-sur-circuit-le-son-est-tres-cool\/","title":{"rendered":"Die Fahrer Charles Leclerc und Antonio Giovinazzi testen den 1050 PS starken Ferrari 849 auf der Rennstrecke : \" der Sound ist sehr cool \""},"content":{"rendered":"<figure class=\"wp-block-image size-full\"><img loading=\"lazy\" decoding=\"async\" width=\"960\" height=\"640\" src=\"https:\/\/www.italpassion.fr\/wp-content\/uploads\/2025\/10\/charles-leclerc-849.jpg\" alt=\"\" class=\"wp-image-42467\" srcset=\"https:\/\/www.italpassion.fr\/wp-content\/uploads\/2025\/10\/charles-leclerc-849.jpg 960w, https:\/\/www.italpassion.fr\/wp-content\/uploads\/2025\/10\/charles-leclerc-849-420x280.jpg 420w, https:\/\/www.italpassion.fr\/wp-content\/uploads\/2025\/10\/charles-leclerc-849-768x512.jpg 768w, https:\/\/www.italpassion.fr\/wp-content\/uploads\/2025\/10\/charles-leclerc-849-18x12.jpg 18w\" sizes=\"auto, (max-width: 960px) 100vw, 960px\" \/><\/figure>\n\n\n\n<p>Zwischen zwei Grands Prix, <a href=\"https:\/\/www.italpassion.fr\/de\/tag\/charles-leclerc\/\">Charles Leclerc<\/a> konnte dem Ruf des V8-Motors nicht widerstehen. Der monegassische Fahrer der <a href=\"https:\/\/www.italpassion.fr\/de\/tag\/scuderia-ferrari\/\">Scuderia Ferrari<\/a> fand sich wieder auf der privaten Rennstrecke von Fiorano ein, um an der Seite von Antonio Giovinazzi zu testen,<a href=\"https:\/\/www.italpassion.fr\/de\/ferrari\/ferrari-enthullt-seinen-neuen-849-testarossa-mit-einem-1050-ps-starken-v8-der-krieg-mit-lamborghini-ist-eroffnet\/\"> der neue Ferrari 849 Testarossa<\/a>Der SF90 Stradale ist der Nachfolger des SF90 Stradale, ein 1050 PS starker Hybrid-Supersportwagen.<\/p>\n\n\n\n<p>Der 849 Testarossa, der vor seiner \u00f6ffentlichen Pr\u00e4sentation vor fast zwei Monaten noch geheim gehalten wurde und in Tarnfarben lackiert war, lie\u00df seinen Biturbo-Motor in einer Mischung aus Adrenalin und Regen aufheulen. Die beiden Fahrer wechselten sich am Steuer ab, begleitet von Raffaele De Simone, der die Testfahrten beaufsichtigte und die entscheidenden Eindr\u00fccke f\u00fcr die letzten Entwicklungsphasen sammelte.<\/p>\n\n\n\n<figure class=\"wp-block-image size-full\"><img loading=\"lazy\" decoding=\"async\" width=\"960\" height=\"640\" src=\"https:\/\/www.italpassion.fr\/wp-content\/uploads\/2025\/10\/charles-leclerc-849-2.jpg\" alt=\"\" class=\"wp-image-42469\" srcset=\"https:\/\/www.italpassion.fr\/wp-content\/uploads\/2025\/10\/charles-leclerc-849-2.jpg 960w, https:\/\/www.italpassion.fr\/wp-content\/uploads\/2025\/10\/charles-leclerc-849-2-420x280.jpg 420w, https:\/\/www.italpassion.fr\/wp-content\/uploads\/2025\/10\/charles-leclerc-849-2-768x512.jpg 768w, https:\/\/www.italpassion.fr\/wp-content\/uploads\/2025\/10\/charles-leclerc-849-2-18x12.jpg 18w\" sizes=\"auto, (max-width: 960px) 100vw, 960px\" \/><\/figure>\n\n\n\n<h2 class=\"wp-block-heading\">Eine R\u00fcckkehr eines mythischen Namens<\/h2>\n\n\n\n<p>Der 849 Testarossa, der Anfang September vorgestellt wurde, l\u00e4sst einen legend\u00e4ren Namen wieder auferstehen, diesmal in Verbindung mit einem Plug-in-Hybridfahrzeug mit einer Gesamtleistung von 1050 PS. Das Herzst\u00fcck des Wagens ist ein \u00fcberarbeiteter 830 PS starker V8-Biturbo, der von drei Elektromotoren unterst\u00fctzt wird, um eine h\u00f6here kombinierte Leistung als der SF90 Stradale und bis zu 415 kg aerodynamischen Abtrieb bei 250 km\/h zu erreichen.<\/p>\n\n\n\n<p>Inspiriert von den Rennprototypen der 1970er Jahre, wie dem 512 S und dem 512 M, vereint das Auto Retrodesign und Technologie. Seine Silhouette, die von einem doppelten \"Twin Tail\"-Heckfl\u00fcgel dominiert wird, verdeutlicht das Streben nach aerodynamischer Effizienz und die neue stilistische Identit\u00e4t von Maranello.<\/p>\n\n\n\n<h2 class=\"wp-block-heading\">Leclerc: \"Das Gef\u00fchl mit dem Beschleuniger ist unglaublich\".<\/h2>\n\n\n\n<figure class=\"wp-block-image size-full\"><img loading=\"lazy\" decoding=\"async\" width=\"960\" height=\"640\" src=\"https:\/\/www.italpassion.fr\/wp-content\/uploads\/2025\/10\/charles-leclerc-849-1.jpg\" alt=\"\" class=\"wp-image-42466\" srcset=\"https:\/\/www.italpassion.fr\/wp-content\/uploads\/2025\/10\/charles-leclerc-849-1.jpg 960w, https:\/\/www.italpassion.fr\/wp-content\/uploads\/2025\/10\/charles-leclerc-849-1-420x280.jpg 420w, https:\/\/www.italpassion.fr\/wp-content\/uploads\/2025\/10\/charles-leclerc-849-1-768x512.jpg 768w, https:\/\/www.italpassion.fr\/wp-content\/uploads\/2025\/10\/charles-leclerc-849-1-18x12.jpg 18w\" sizes=\"auto, (max-width: 960px) 100vw, 960px\" \/><\/figure>\n\n\n\n<p>Bei unbest\u00e4ndigem Wetter startete Leclerc als Erster. Schon in seinen ersten Runden zeigte er sich begeistert:<\/p>\n\n\n\n<blockquote class=\"wp-block-quote is-layout-flow wp-block-quote-is-layout-flow\"><svg aria-hidden=\"true\" focusable=\"false\" class=\"icon icon-quote\" width=\"48\" height=\"48\"><use xlink:href=\"#icon-quote\"><\/use><\/svg>\n<p>\"Ich mag das Gef\u00fchl mit dem Gaspedal viel mehr. Du sp\u00fcrst die Leistung immer, aber sie \u00fcberrascht dich nie\", verriet er.<\/p>\n<\/blockquote>\n\n\n\n<p>Ein Satz, der viel \u00fcber die technische Entwicklung des Autos aussagt: mehr Leistung, aber mit voller Kontrolle. De Simone best\u00e4tigte:<\/p>\n\n\n\n<blockquote class=\"wp-block-quote is-layout-flow wp-block-quote-is-layout-flow\"><svg aria-hidden=\"true\" focusable=\"false\" class=\"icon icon-quote\" width=\"48\" height=\"48\"><use xlink:href=\"#icon-quote\"><\/use><\/svg>\n<p>\"Wir haben sechs Monate lang das Drehmoment und die Reaktion des Gaspedals \u00fcberarbeitet. Das Ziel war es, mehr Motorleistung bei gleichbleibender Reaktionszeit zu erreichen.\"<\/p>\n<\/blockquote>\n\n\n\n<h2 class=\"wp-block-heading\">Giovinazzi: \"1050 PS und trotzdem echte Stabilit\u00e4t\".<\/h2>\n\n\n\n<figure class=\"wp-block-image size-full\"><img loading=\"lazy\" decoding=\"async\" width=\"960\" height=\"640\" src=\"https:\/\/www.italpassion.fr\/wp-content\/uploads\/2025\/10\/giovinazzi-849-2.jpg\" alt=\"\" class=\"wp-image-42470\" srcset=\"https:\/\/www.italpassion.fr\/wp-content\/uploads\/2025\/10\/giovinazzi-849-2.jpg 960w, https:\/\/www.italpassion.fr\/wp-content\/uploads\/2025\/10\/giovinazzi-849-2-420x280.jpg 420w, https:\/\/www.italpassion.fr\/wp-content\/uploads\/2025\/10\/giovinazzi-849-2-768x512.jpg 768w, https:\/\/www.italpassion.fr\/wp-content\/uploads\/2025\/10\/giovinazzi-849-2-18x12.jpg 18w\" sizes=\"auto, (max-width: 960px) 100vw, 960px\" \/><\/figure>\n\n\n\n<p>Auch Antonio Giovinazzi, der mit Ferrari die 24 Stunden von Le Mans gewonnen hatte, war positiv gestimmt:<\/p>\n\n\n\n<blockquote class=\"wp-block-quote is-layout-flow wp-block-quote-is-layout-flow\"><svg aria-hidden=\"true\" focusable=\"false\" class=\"icon icon-quote\" width=\"48\" height=\"48\"><use xlink:href=\"#icon-quote\"><\/use><\/svg>\n<p>\"Das Auto ist sehr stabil, auch mit der ganzen Power. Wenn du beschleunigst, sp\u00fcrst du die Kraft, aber du bleibst selbstbewusst.\"<\/p>\n<\/blockquote>\n\n\n\n<p>Trotz der wechselnden Bedingungen, bei denen sich schw\u00fcle Hitze und Regen abwechselten, zeigte der 849 eine vorbildliche Traktion.<\/p>\n\n\n\n<h2 class=\"wp-block-heading\">Der Klang eines modernen Ferraris<\/h2>\n\n\n\n<figure class=\"wp-block-image size-full\"><img loading=\"lazy\" decoding=\"async\" width=\"960\" height=\"640\" src=\"https:\/\/www.italpassion.fr\/wp-content\/uploads\/2025\/10\/antonio-giovinazzi-849.jpg\" alt=\"\" class=\"wp-image-42468\" srcset=\"https:\/\/www.italpassion.fr\/wp-content\/uploads\/2025\/10\/antonio-giovinazzi-849.jpg 960w, https:\/\/www.italpassion.fr\/wp-content\/uploads\/2025\/10\/antonio-giovinazzi-849-420x280.jpg 420w, https:\/\/www.italpassion.fr\/wp-content\/uploads\/2025\/10\/antonio-giovinazzi-849-768x512.jpg 768w, https:\/\/www.italpassion.fr\/wp-content\/uploads\/2025\/10\/antonio-giovinazzi-849-18x12.jpg 18w\" sizes=\"auto, (max-width: 960px) 100vw, 960px\" \/><\/figure>\n\n\n\n<p>Hybrid-Hypercars werden zwar oft f\u00fcr ihre unauff\u00e4llige Ger\u00e4uschkulisse kritisiert, doch der 849 Testarossa geh\u00f6rt nicht in diese Kategorie. Wie Antonio Giovinazzi mit einem L\u00e4cheln auf den Lippen zusammenfasste:<\/p>\n\n\n\n<blockquote class=\"wp-block-quote is-layout-flow wp-block-quote-is-layout-flow\"><svg aria-hidden=\"true\" focusable=\"false\" class=\"icon icon-quote\" width=\"48\" height=\"48\"><use xlink:href=\"#icon-quote\"><\/use><\/svg>\n<p>\" Der Sound ist sehr cool\".<\/p>\n<\/blockquote>\n\n\n\n<p>Ein Kompliment, das Puristen beruhigen wird: Der Ferrari V8 beh\u00e4lt seine raue, metallische Stimme, die untrennbare Signatur des sich aufb\u00e4umenden Pferdes.<\/p>\n\n\n\n<h2 class=\"wp-block-heading\">Eine neue \u00c4ra f\u00fcr Stra\u00dfen-Ferrari<\/h2>\n\n\n\n<p>Der Ferrari 849 Testarossa markiert einen entscheidenden Schritt im technologischen \u00dcbergang der Marke. St\u00e4rker als der SF90, fast so radikal wie der F80, verk\u00f6rpert er den perfekten Kompromiss. Und wenn zwei hauseigene Fahrer wie Charles Leclerc und Antonio Giovinazzi von ihm begeistert sind, kann man sich einer Sache sicher sein: Die Nachfolge des SF90 ist gesichert.<\/p>\n\n\n\n<figure class=\"wp-block-embed is-type-video is-provider-youtube wp-block-embed-youtube wp-embed-aspect-16-9 wp-has-aspect-ratio\"><div class=\"wp-block-embed__wrapper\">\n<iframe loading=\"lazy\" title=\"Leclerc &amp; Giovinazzi nehmen den Ferrari 849 Testarossa f\u00fcr Its first drive\" width=\"1200\" height=\"675\" src=\"https:\/\/www.youtube-nocookie.com\/embed\/kwWZ66VdXQE?feature=oembed\" frameborder=\"0\" allow=\"accelerometer; autoplay; clipboard-write; encrypted-media; gyroscope; picture-in-picture; web-share\" referrerpolicy=\"strict-origin-when-cross-origin\" allowfullscreen><\/iframe>\n<\/div><\/figure>","protected":false},"excerpt":{"rendered":"","protected":false},"author":1,"featured_media":42467,"comment_status":"open","ping_status":"open","sticky":false,"template":"","format":"standard","meta":{"_acf_changed":false,"_sitemap_exclude":false,"_sitemap_priority":"","_sitemap_frequency":"","footnotes":""},"categories":[23],"tags":[608,346,567],"class_list":["post-42412","post","type-post","status-publish","format-standard","has-post-thumbnail","hentry","category-ferrari","tag-antonio-giovinazzi","tag-charles-leclerc","tag-ferrari-849-testarossa","generate-columns","tablet-grid-50","mobile-grid-100","grid-parent","grid-33"],"acf":[],"yoast_head":"<!-- This site is optimized with the Yoast SEO plugin v25.8 - https:\/\/yoast.com\/wordpress\/plugins\/seo\/ -->\n<title>Les pilotes Charles Leclerc et Antonio Giovinazzi testent la Ferrari 849 de 1050 ch sur circuit : &quot;le son est tr\u00e8s cool&quot; - ItalPassion<\/title>\n<meta name=\"description\" content=\"Entre deux Grands Prix, Charles Leclerc n\u2019a pas r\u00e9sist\u00e9 \u00e0 l\u2019appel du moteur V8. Le pilote mon\u00e9gasque de la Scuderia Ferrari a retrouv\u00e9 le circuit priv\u00e9 de\" \/>\n<meta name=\"robots\" content=\"index, follow, max-snippet:-1, max-image-preview:large, max-video-preview:-1\" \/>\n<link rel=\"canonical\" href=\"https:\/\/www.italpassion.fr\/de\/ferrari\/die-fahrer-charles-leclerc-und-antonio-giovinazzi-testen-den-ferrari-849-mit-1050-ps-auf-der-rennstrecke-der-sound-ist-sehr-cool\/\" \/>\n<meta property=\"og:locale\" content=\"de_DE\" \/>\n<meta property=\"og:type\" content=\"article\" \/>\n<meta property=\"og:title\" content=\"Les pilotes Charles Leclerc et Antonio Giovinazzi testent la Ferrari 849 de 1050 ch sur circuit : &quot;le son est tr\u00e8s cool&quot; - ItalPassion\" \/>\n<meta property=\"og:description\" content=\"Entre deux Grands Prix, Charles Leclerc n\u2019a pas r\u00e9sist\u00e9 \u00e0 l\u2019appel du moteur V8. Le pilote mon\u00e9gasque de la Scuderia Ferrari a retrouv\u00e9 le circuit priv\u00e9 de\" \/>\n<meta property=\"og:url\" content=\"https:\/\/www.italpassion.fr\/de\/ferrari\/die-fahrer-charles-leclerc-und-antonio-giovinazzi-testen-den-ferrari-849-mit-1050-ps-auf-der-rennstrecke-der-sound-ist-sehr-cool\/\" \/>\n<meta property=\"og:site_name\" content=\"ItalPassion\" \/>\n<meta property=\"article:publisher\" content=\"https:\/\/www.facebook.com\/italpassion\" \/>\n<meta property=\"article:published_time\" content=\"2025-10-24T12:33:56+00:00\" \/>\n<meta property=\"og:image\" content=\"https:\/\/www.italpassion.fr\/wp-content\/uploads\/2025\/10\/charles-leclerc-849.jpg\" \/>\n\t<meta property=\"og:image:width\" content=\"960\" \/>\n\t<meta property=\"og:image:height\" content=\"640\" \/>\n\t<meta property=\"og:image:type\" content=\"image\/jpeg\" \/>\n<meta name=\"author\" content=\"Alexandre Filluzeau\" \/>\n<meta name=\"twitter:card\" content=\"summary_large_image\" \/>\n<meta name=\"twitter:creator\" content=\"@italpassion\" \/>\n<meta name=\"twitter:site\" content=\"@italpassion\" \/>\n<script type=\"application\/ld+json\" class=\"yoast-schema-graph\">{\"@context\":\"https:\/\/schema.org\",\"@graph\":[{\"@type\":\"NewsArticle\",\"@id\":\"https:\/\/www.italpassion.fr\/de\/ferrari\/les-pilotes-charles-leclerc-et-antonio-giovinazzi-testent-la-ferrari-849-de-1050-ch-sur-circuit-le-son-est-tres-cool\/#article\",\"isPartOf\":{\"@id\":\"https:\/\/www.italpassion.fr\/de\/ferrari\/les-pilotes-charles-leclerc-et-antonio-giovinazzi-testent-la-ferrari-849-de-1050-ch-sur-circuit-le-son-est-tres-cool\/\"},\"author\":{\"name\":\"Alexandre Filluzeau\",\"@id\":\"https:\/\/www.italpassion.fr\/de\/#\/schema\/person\/36f747b2a759ca202d847e85a9434ca0\"},\"headline\":\"Les pilotes Charles Leclerc et Antonio Giovinazzi testent la Ferrari 849 de 1050 ch sur circuit : \u00ab\u00a0le son est tr\u00e8s cool\u00a0\u00bb\",\"datePublished\":\"2025-10-24T12:33:56+00:00\",\"mainEntityOfPage\":{\"@id\":\"https:\/\/www.italpassion.fr\/de\/ferrari\/les-pilotes-charles-leclerc-et-antonio-giovinazzi-testent-la-ferrari-849-de-1050-ch-sur-circuit-le-son-est-tres-cool\/\"},\"wordCount\":600,\"commentCount\":0,\"publisher\":{\"@id\":\"https:\/\/www.italpassion.fr\/de\/#organization\"},\"image\":{\"@id\":\"https:\/\/www.italpassion.fr\/de\/ferrari\/les-pilotes-charles-leclerc-et-antonio-giovinazzi-testent-la-ferrari-849-de-1050-ch-sur-circuit-le-son-est-tres-cool\/#primaryimage\"},\"thumbnailUrl\":\"https:\/\/www.italpassion.fr\/wp-content\/uploads\/2025\/10\/charles-leclerc-849.jpg\",\"keywords\":[\"Antonio Giovinazzi\",\"Charles Leclerc\",\"Ferrari 849 Testarossa\"],\"articleSection\":[\"Ferrari\"],\"inLanguage\":\"de\",\"potentialAction\":[{\"@type\":\"CommentAction\",\"name\":\"Comment\",\"target\":[\"https:\/\/www.italpassion.fr\/de\/ferrari\/les-pilotes-charles-leclerc-et-antonio-giovinazzi-testent-la-ferrari-849-de-1050-ch-sur-circuit-le-son-est-tres-cool\/#respond\"]}]},{\"@type\":\"WebPage\",\"@id\":\"https:\/\/www.italpassion.fr\/de\/ferrari\/les-pilotes-charles-leclerc-et-antonio-giovinazzi-testent-la-ferrari-849-de-1050-ch-sur-circuit-le-son-est-tres-cool\/\",\"url\":\"https:\/\/www.italpassion.fr\/de\/ferrari\/les-pilotes-charles-leclerc-et-antonio-giovinazzi-testent-la-ferrari-849-de-1050-ch-sur-circuit-le-son-est-tres-cool\/\",\"name\":\"Les pilotes Charles Leclerc et Antonio Giovinazzi testent la Ferrari 849 de 1050 ch sur circuit : \\\"le son est tr\u00e8s cool\\\" - ItalPassion\",\"isPartOf\":{\"@id\":\"https:\/\/www.italpassion.fr\/de\/#website\"},\"primaryImageOfPage\":{\"@id\":\"https:\/\/www.italpassion.fr\/de\/ferrari\/les-pilotes-charles-leclerc-et-antonio-giovinazzi-testent-la-ferrari-849-de-1050-ch-sur-circuit-le-son-est-tres-cool\/#primaryimage\"},\"image\":{\"@id\":\"https:\/\/www.italpassion.fr\/de\/ferrari\/les-pilotes-charles-leclerc-et-antonio-giovinazzi-testent-la-ferrari-849-de-1050-ch-sur-circuit-le-son-est-tres-cool\/#primaryimage\"},\"thumbnailUrl\":\"https:\/\/www.italpassion.fr\/wp-content\/uploads\/2025\/10\/charles-leclerc-849.jpg\",\"datePublished\":\"2025-10-24T12:33:56+00:00\",\"description\":\"Entre deux Grands Prix, Charles Leclerc n\u2019a pas r\u00e9sist\u00e9 \u00e0 l\u2019appel du moteur V8. Le pilote mon\u00e9gasque de la Scuderia Ferrari a retrouv\u00e9 le circuit priv\u00e9 de\",\"breadcrumb\":{\"@id\":\"https:\/\/www.italpassion.fr\/de\/ferrari\/les-pilotes-charles-leclerc-et-antonio-giovinazzi-testent-la-ferrari-849-de-1050-ch-sur-circuit-le-son-est-tres-cool\/#breadcrumb\"},\"inLanguage\":\"de\",\"potentialAction\":[{\"@type\":\"ReadAction\",\"target\":[\"https:\/\/www.italpassion.fr\/de\/ferrari\/les-pilotes-charles-leclerc-et-antonio-giovinazzi-testent-la-ferrari-849-de-1050-ch-sur-circuit-le-son-est-tres-cool\/\"]}]},{\"@type\":\"ImageObject\",\"inLanguage\":\"de\",\"@id\":\"https:\/\/www.italpassion.fr\/de\/ferrari\/les-pilotes-charles-leclerc-et-antonio-giovinazzi-testent-la-ferrari-849-de-1050-ch-sur-circuit-le-son-est-tres-cool\/#primaryimage\",\"url\":\"https:\/\/www.italpassion.fr\/wp-content\/uploads\/2025\/10\/charles-leclerc-849.jpg\",\"contentUrl\":\"https:\/\/www.italpassion.fr\/wp-content\/uploads\/2025\/10\/charles-leclerc-849.jpg\",\"width\":960,\"height\":640},{\"@type\":\"BreadcrumbList\",\"@id\":\"https:\/\/www.italpassion.fr\/de\/ferrari\/les-pilotes-charles-leclerc-et-antonio-giovinazzi-testent-la-ferrari-849-de-1050-ch-sur-circuit-le-son-est-tres-cool\/#breadcrumb\",\"itemListElement\":[{\"@type\":\"ListItem\",\"position\":1,\"name\":\"Accueil\",\"item\":\"https:\/\/www.italpassion.fr\/de\/\"},{\"@type\":\"ListItem\",\"position\":2,\"name\":\"Les pilotes Charles Leclerc et Antonio Giovinazzi testent la Ferrari 849 de 1050 ch sur circuit : \u00ab\u00a0le son est tr\u00e8s cool\u00a0\u00bb\"}]},{\"@type\":\"WebSite\",\"@id\":\"https:\/\/www.italpassion.fr\/de\/#website\",\"url\":\"https:\/\/www.italpassion.fr\/de\/\",\"name\":\"ItalPassion\",\"description\":\"Les Passionn\u00e9s d&#039;Automobiles Italiennes\",\"publisher\":{\"@id\":\"https:\/\/www.italpassion.fr\/de\/#organization\"},\"potentialAction\":[{\"@type\":\"SearchAction\",\"target\":{\"@type\":\"EntryPoint\",\"urlTemplate\":\"https:\/\/www.italpassion.fr\/de\/?s={search_term_string}\"},\"query-input\":{\"@type\":\"PropertyValueSpecification\",\"valueRequired\":true,\"valueName\":\"search_term_string\"}}],\"inLanguage\":\"de\"},{\"@type\":\"Organization\",\"@id\":\"https:\/\/www.italpassion.fr\/de\/#organization\",\"name\":\"Italpassion\",\"url\":\"https:\/\/www.italpassion.fr\/de\/\",\"logo\":{\"@type\":\"ImageObject\",\"inLanguage\":\"de\",\"@id\":\"https:\/\/www.italpassion.fr\/de\/#\/schema\/logo\/image\/\",\"url\":\"https:\/\/www.italpassion.fr\/wp-content\/uploads\/2023\/07\/italpassion-yoast.jpg\",\"contentUrl\":\"https:\/\/www.italpassion.fr\/wp-content\/uploads\/2023\/07\/italpassion-yoast.jpg\",\"width\":696,\"height\":696,\"caption\":\"Italpassion\"},\"image\":{\"@id\":\"https:\/\/www.italpassion.fr\/de\/#\/schema\/logo\/image\/\"},\"sameAs\":[\"https:\/\/www.facebook.com\/italpassion\",\"https:\/\/x.com\/italpassion\",\"https:\/\/www.instagram.com\/italpassionfr\/\",\"https:\/\/www.youtube.com\/channel\/UCleq-ByQaA42OjhopwevRjQ\",\"https:\/\/www.facebook.com\/italpassion.en\/\",\"https:\/\/www.facebook.com\/italpassion.it\/\",\"https:\/\/www.facebook.com\/italpassion.de\/\",\"https:\/\/www.facebook.com\/italpassion.ja\/\"]},{\"@type\":\"Person\",\"@id\":\"https:\/\/www.italpassion.fr\/de\/#\/schema\/person\/36f747b2a759ca202d847e85a9434ca0\",\"name\":\"Alexandre Filluzeau\",\"image\":{\"@type\":\"ImageObject\",\"inLanguage\":\"de\",\"@id\":\"https:\/\/www.italpassion.fr\/de\/#\/schema\/person\/image\/\",\"url\":\"https:\/\/www.italpassion.fr\/wp-content\/uploads\/2025\/04\/avatar-alexandre-160x160.jpg\",\"contentUrl\":\"https:\/\/www.italpassion.fr\/wp-content\/uploads\/2025\/04\/avatar-alexandre-160x160.jpg\",\"caption\":\"Alexandre Filluzeau\"},\"description\":\"Fondateur du site ItalPassion, passionn\u00e9 de voitures italiennes et de l'Italie en g\u00e9n\u00e9ral. J'apporte un regard critique et technique aux actualit\u00e9s des marques italiennes quand cela est possible. Propri\u00e9taire d'une Maserati GranTurismo, Alfa Romeo MiTo, Lancia Fulvia et Ducati 695. Ex-propri\u00e9taire d'une Alfa Romeo Giulia.\",\"sameAs\":[\"https:\/\/www.italpassion.fr\/\"],\"url\":\"https:\/\/www.italpassion.fr\/de\/author\/alexandre\/\"}]}<\/script>\n<!-- \/ Yoast SEO plugin. -->","yoast_head_json":{"title":"Die Fahrer Charles Leclerc und Antonio Giovinazzi testen den 1050 PS starken Ferrari 849 auf der Rennstrecke : \"der Sound ist sehr cool\" - ItalPassion","description":"Zwischen zwei Grands Prix konnte Charles Leclerc dem Ruf des V8-Motors nicht widerstehen. Der monegassische Fahrer der Scuderia Ferrari fand sich auf der privaten Rennstrecke von","robots":{"index":"index","follow":"follow","max-snippet":"max-snippet:-1","max-image-preview":"max-image-preview:large","max-video-preview":"max-video-preview:-1"},"canonical":"https:\/\/www.italpassion.fr\/de\/ferrari\/die-fahrer-charles-leclerc-und-antonio-giovinazzi-testen-den-ferrari-849-mit-1050-ps-auf-der-rennstrecke-der-sound-ist-sehr-cool\/","og_locale":"de_DE","og_type":"article","og_title":"Les pilotes Charles Leclerc et Antonio Giovinazzi testent la Ferrari 849 de 1050 ch sur circuit : \"le son est tr\u00e8s cool\" - ItalPassion","og_description":"Entre deux Grands Prix, Charles Leclerc n\u2019a pas r\u00e9sist\u00e9 \u00e0 l\u2019appel du moteur V8. Le pilote mon\u00e9gasque de la Scuderia Ferrari a retrouv\u00e9 le circuit priv\u00e9 de","og_url":"https:\/\/www.italpassion.fr\/de\/ferrari\/die-fahrer-charles-leclerc-und-antonio-giovinazzi-testen-den-ferrari-849-mit-1050-ps-auf-der-rennstrecke-der-sound-ist-sehr-cool\/","og_site_name":"ItalPassion","article_publisher":"https:\/\/www.facebook.com\/italpassion","article_published_time":"2025-10-24T12:33:56+00:00","og_image":[{"width":960,"height":640,"url":"https:\/\/www.italpassion.fr\/wp-content\/uploads\/2025\/10\/charles-leclerc-849.jpg","type":"image\/jpeg"}],"author":"Alexandre Filluzeau","twitter_card":"summary_large_image","twitter_creator":"@italpassion","twitter_site":"@italpassion","schema":{"@context":"https:\/\/schema.org","@graph":[{"@type":"NewsArticle","@id":"https:\/\/www.italpassion.fr\/de\/ferrari\/les-pilotes-charles-leclerc-et-antonio-giovinazzi-testent-la-ferrari-849-de-1050-ch-sur-circuit-le-son-est-tres-cool\/#article","isPartOf":{"@id":"https:\/\/www.italpassion.fr\/de\/ferrari\/les-pilotes-charles-leclerc-et-antonio-giovinazzi-testent-la-ferrari-849-de-1050-ch-sur-circuit-le-son-est-tres-cool\/"},"author":{"name":"Alexandre Filluzeau","@id":"https:\/\/www.italpassion.fr\/de\/#\/schema\/person\/36f747b2a759ca202d847e85a9434ca0"},"headline":"Les pilotes Charles Leclerc et Antonio Giovinazzi testent la Ferrari 849 de 1050 ch sur circuit : \u00ab\u00a0le son est tr\u00e8s cool\u00a0\u00bb","datePublished":"2025-10-24T12:33:56+00:00","mainEntityOfPage":{"@id":"https:\/\/www.italpassion.fr\/de\/ferrari\/les-pilotes-charles-leclerc-et-antonio-giovinazzi-testent-la-ferrari-849-de-1050-ch-sur-circuit-le-son-est-tres-cool\/"},"wordCount":600,"commentCount":0,"publisher":{"@id":"https:\/\/www.italpassion.fr\/de\/#organization"},"image":{"@id":"https:\/\/www.italpassion.fr\/de\/ferrari\/les-pilotes-charles-leclerc-et-antonio-giovinazzi-testent-la-ferrari-849-de-1050-ch-sur-circuit-le-son-est-tres-cool\/#primaryimage"},"thumbnailUrl":"https:\/\/www.italpassion.fr\/wp-content\/uploads\/2025\/10\/charles-leclerc-849.jpg","keywords":["Antonio Giovinazzi","Charles Leclerc","Ferrari 849 Testarossa"],"articleSection":["Ferrari"],"inLanguage":"de","potentialAction":[{"@type":"CommentAction","name":"Comment","target":["https:\/\/www.italpassion.fr\/de\/ferrari\/les-pilotes-charles-leclerc-et-antonio-giovinazzi-testent-la-ferrari-849-de-1050-ch-sur-circuit-le-son-est-tres-cool\/#respond"]}]},{"@type":"WebPage","@id":"https:\/\/www.italpassion.fr\/de\/ferrari\/les-pilotes-charles-leclerc-et-antonio-giovinazzi-testent-la-ferrari-849-de-1050-ch-sur-circuit-le-son-est-tres-cool\/","url":"https:\/\/www.italpassion.fr\/de\/ferrari\/les-pilotes-charles-leclerc-et-antonio-giovinazzi-testent-la-ferrari-849-de-1050-ch-sur-circuit-le-son-est-tres-cool\/","name":"Die Fahrer Charles Leclerc und Antonio Giovinazzi testen den 1050 PS starken Ferrari 849 auf der Rennstrecke : \"der Sound ist sehr cool\" - ItalPassion","isPartOf":{"@id":"https:\/\/www.italpassion.fr\/de\/#website"},"primaryImageOfPage":{"@id":"https:\/\/www.italpassion.fr\/de\/ferrari\/les-pilotes-charles-leclerc-et-antonio-giovinazzi-testent-la-ferrari-849-de-1050-ch-sur-circuit-le-son-est-tres-cool\/#primaryimage"},"image":{"@id":"https:\/\/www.italpassion.fr\/de\/ferrari\/les-pilotes-charles-leclerc-et-antonio-giovinazzi-testent-la-ferrari-849-de-1050-ch-sur-circuit-le-son-est-tres-cool\/#primaryimage"},"thumbnailUrl":"https:\/\/www.italpassion.fr\/wp-content\/uploads\/2025\/10\/charles-leclerc-849.jpg","datePublished":"2025-10-24T12:33:56+00:00","description":"Zwischen zwei Grands Prix konnte Charles Leclerc dem Ruf des V8-Motors nicht widerstehen. Der monegassische Fahrer der Scuderia Ferrari fand sich auf der privaten Rennstrecke von","breadcrumb":{"@id":"https:\/\/www.italpassion.fr\/de\/ferrari\/les-pilotes-charles-leclerc-et-antonio-giovinazzi-testent-la-ferrari-849-de-1050-ch-sur-circuit-le-son-est-tres-cool\/#breadcrumb"},"inLanguage":"de","potentialAction":[{"@type":"ReadAction","target":["https:\/\/www.italpassion.fr\/de\/ferrari\/les-pilotes-charles-leclerc-et-antonio-giovinazzi-testent-la-ferrari-849-de-1050-ch-sur-circuit-le-son-est-tres-cool\/"]}]},{"@type":"ImageObject","inLanguage":"de","@id":"https:\/\/www.italpassion.fr\/de\/ferrari\/les-pilotes-charles-leclerc-et-antonio-giovinazzi-testent-la-ferrari-849-de-1050-ch-sur-circuit-le-son-est-tres-cool\/#primaryimage","url":"https:\/\/www.italpassion.fr\/wp-content\/uploads\/2025\/10\/charles-leclerc-849.jpg","contentUrl":"https:\/\/www.italpassion.fr\/wp-content\/uploads\/2025\/10\/charles-leclerc-849.jpg","width":960,"height":640},{"@type":"BreadcrumbList","@id":"https:\/\/www.italpassion.fr\/de\/ferrari\/les-pilotes-charles-leclerc-et-antonio-giovinazzi-testent-la-ferrari-849-de-1050-ch-sur-circuit-le-son-est-tres-cool\/#breadcrumb","itemListElement":[{"@type":"ListItem","position":1,"name":"Accueil","item":"https:\/\/www.italpassion.fr\/de\/"},{"@type":"ListItem","position":2,"name":"Les pilotes Charles Leclerc et Antonio Giovinazzi testent la Ferrari 849 de 1050 ch sur circuit : \u00ab\u00a0le son est tr\u00e8s cool\u00a0\u00bb"}]},{"@type":"WebSite","@id":"https:\/\/www.italpassion.fr\/de\/#website","url":"https:\/\/www.italpassion.fr\/de\/","name":"ItalPassion","description":"Die Liebhaber italienischer Autos","publisher":{"@id":"https:\/\/www.italpassion.fr\/de\/#organization"},"potentialAction":[{"@type":"SearchAction","target":{"@type":"EntryPoint","urlTemplate":"https:\/\/www.italpassion.fr\/de\/?s={search_term_string}"},"query-input":{"@type":"PropertyValueSpecification","valueRequired":true,"valueName":"search_term_string"}}],"inLanguage":"de"},{"@type":"Organization","@id":"https:\/\/www.italpassion.fr\/de\/#organization","name":"Italpassion","url":"https:\/\/www.italpassion.fr\/de\/","logo":{"@type":"ImageObject","inLanguage":"de","@id":"https:\/\/www.italpassion.fr\/de\/#\/schema\/logo\/image\/","url":"https:\/\/www.italpassion.fr\/wp-content\/uploads\/2023\/07\/italpassion-yoast.jpg","contentUrl":"https:\/\/www.italpassion.fr\/wp-content\/uploads\/2023\/07\/italpassion-yoast.jpg","width":696,"height":696,"caption":"Italpassion"},"image":{"@id":"https:\/\/www.italpassion.fr\/de\/#\/schema\/logo\/image\/"},"sameAs":["https:\/\/www.facebook.com\/italpassion","https:\/\/x.com\/italpassion","https:\/\/www.instagram.com\/italpassionfr\/","https:\/\/www.youtube.com\/channel\/UCleq-ByQaA42OjhopwevRjQ","https:\/\/www.facebook.com\/italpassion.en\/","https:\/\/www.facebook.com\/italpassion.it\/","https:\/\/www.facebook.com\/italpassion.de\/","https:\/\/www.facebook.com\/italpassion.ja\/"]},{"@type":"Person","@id":"https:\/\/www.italpassion.fr\/de\/#\/schema\/person\/36f747b2a759ca202d847e85a9434ca0","name":"Alexandre Filluzeau","image":{"@type":"ImageObject","inLanguage":"de","@id":"https:\/\/www.italpassion.fr\/de\/#\/schema\/person\/image\/","url":"https:\/\/www.italpassion.fr\/wp-content\/uploads\/2025\/04\/avatar-alexandre-160x160.jpg","contentUrl":"https:\/\/www.italpassion.fr\/wp-content\/uploads\/2025\/04\/avatar-alexandre-160x160.jpg","caption":"Alexandre Filluzeau"},"description":"Gr\u00fcnder der Website ItalPassion, leidenschaftlicher Fan von italienischen Autos und Italien im Allgemeinen. Ich bringe einen kritischen und technischen Blick auf die Nachrichten der italienischen Marken, wann immer es m\u00f6glich ist. Besitzer eines Maserati GranTurismo, Alfa Romeo MiTo, Lancia Fulvia und Ducati 695. Ex-Besitzer einer Alfa Romeo Giulia.","sameAs":["https:\/\/www.italpassion.fr\/"],"url":"https:\/\/www.italpassion.fr\/de\/author\/alexandre\/"}]}},"_links":{"self":[{"href":"https:\/\/www.italpassion.fr\/de\/wp-json\/wp\/v2\/posts\/42412","targetHints":{"allow":["GET"]}}],"collection":[{"href":"https:\/\/www.italpassion.fr\/de\/wp-json\/wp\/v2\/posts"}],"about":[{"href":"https:\/\/www.italpassion.fr\/de\/wp-json\/wp\/v2\/types\/post"}],"author":[{"embeddable":true,"href":"https:\/\/www.italpassion.fr\/de\/wp-json\/wp\/v2\/users\/1"}],"replies":[{"embeddable":true,"href":"https:\/\/www.italpassion.fr\/de\/wp-json\/wp\/v2\/comments?post=42412"}],"version-history":[{"count":3,"href":"https:\/\/www.italpassion.fr\/de\/wp-json\/wp\/v2\/posts\/42412\/revisions"}],"predecessor-version":[{"id":42471,"href":"https:\/\/www.italpassion.fr\/de\/wp-json\/wp\/v2\/posts\/42412\/revisions\/42471"}],"wp:featuredmedia":[{"embeddable":true,"href":"https:\/\/www.italpassion.fr\/de\/wp-json\/wp\/v2\/media\/42467"}],"wp:attachment":[{"href":"https:\/\/www.italpassion.fr\/de\/wp-json\/wp\/v2\/media?parent=42412"}],"wp:term":[{"taxonomy":"category","embeddable":true,"href":"https:\/\/www.italpassion.fr\/de\/wp-json\/wp\/v2\/categories?post=42412"},{"taxonomy":"post_tag","embeddable":true,"href":"https:\/\/www.italpassion.fr\/de\/wp-json\/wp\/v2\/tags?post=42412"}],"curies":[{"name":"wp","href":"https:\/\/api.w.org\/{rel}","templated":true}]}}