{"id":42408,"date":"2025-10-24T07:33:40","date_gmt":"2025-10-24T05:33:40","guid":{"rendered":"https:\/\/www.italpassion.fr\/?p=42408"},"modified":"2025-10-23T17:28:36","modified_gmt":"2025-10-23T15:28:36","slug":"der-ceo-dalfa-romeo-gibt-hinweise-auf-die-entwicklung-der-markenpalette-und-maserati-zur-gleichen-zeit","status":"publish","type":"post","link":"https:\/\/www.italpassion.fr\/de\/alfa-romeo\/le-ceo-dalfa-romeo-donne-des-indices-sur-levolution-de-la-gamme-de-la-marque-et-maserati-en-meme-temps\/","title":{"rendered":"Der CEO von Alfa Romeo gibt Hinweise auf die Entwicklung der Produktpalette der Marke (und gleichzeitig Maserati)"},"content":{"rendered":"<figure class=\"wp-block-image size-large\"><img loading=\"lazy\" decoding=\"async\" width=\"1024\" height=\"683\" src=\"https:\/\/www.italpassion.fr\/wp-content\/uploads\/2024\/10\/ficili-alfa-romeo-1024x683.jpg\" alt=\"\" class=\"wp-image-34861\" srcset=\"https:\/\/www.italpassion.fr\/wp-content\/uploads\/2024\/10\/ficili-alfa-romeo-1024x683.jpg 1024w, https:\/\/www.italpassion.fr\/wp-content\/uploads\/2024\/10\/ficili-alfa-romeo-300x200.jpg 300w, https:\/\/www.italpassion.fr\/wp-content\/uploads\/2024\/10\/ficili-alfa-romeo-768x512.jpg 768w, https:\/\/www.italpassion.fr\/wp-content\/uploads\/2024\/10\/ficili-alfa-romeo-18x12.jpg 18w, https:\/\/www.italpassion.fr\/wp-content\/uploads\/2024\/10\/ficili-alfa-romeo-561x374.jpg 561w, https:\/\/www.italpassion.fr\/wp-content\/uploads\/2024\/10\/ficili-alfa-romeo-1122x748.jpg 1122w, https:\/\/www.italpassion.fr\/wp-content\/uploads\/2024\/10\/ficili-alfa-romeo-265x177.jpg 265w, https:\/\/www.italpassion.fr\/wp-content\/uploads\/2024\/10\/ficili-alfa-romeo-531x354.jpg 531w, https:\/\/www.italpassion.fr\/wp-content\/uploads\/2024\/10\/ficili-alfa-romeo-364x243.jpg 364w, https:\/\/www.italpassion.fr\/wp-content\/uploads\/2024\/10\/ficili-alfa-romeo-728x485.jpg 728w, https:\/\/www.italpassion.fr\/wp-content\/uploads\/2024\/10\/ficili-alfa-romeo-608x405.jpg 608w, https:\/\/www.italpassion.fr\/wp-content\/uploads\/2024\/10\/ficili-alfa-romeo-758x505.jpg 758w, https:\/\/www.italpassion.fr\/wp-content\/uploads\/2024\/10\/ficili-alfa-romeo-1152x768.jpg 1152w, https:\/\/www.italpassion.fr\/wp-content\/uploads\/2024\/10\/ficili-alfa-romeo-600x400.jpg 600w, https:\/\/www.italpassion.fr\/wp-content\/uploads\/2024\/10\/ficili-alfa-romeo.jpg 1200w\" sizes=\"auto, (max-width: 1024px) 100vw, 1024px\" \/><\/figure>\n\n\n\n<p>Vor einigen Jahren wurde der Produktplan von<a href=\"https:\/\/www.italpassion.fr\/de\/alfa-romeo\/\">Alfa Romeo<\/a> war klar. Unter der Leitung von Jean-Philippe Imparato sollte die italienische Marke ab 2027 vollst\u00e4ndig auf Elektroantrieb umgestellt werden, mit einer neuen Generation von Giulia und Stelvio 100 % Elektroautos und einem gro\u00dfen SUV, der \u00fcber dem aktuellen Stelvio positioniert werden sollte. Aber all das war vorher.<\/p>\n\n\n\n<p>Seit der Ankunft des neuen CEO Antonio Filosa im Juni 2025 sind die Linien in Bewegung. Und wenn die globale Strategie von <a href=\"https:\/\/www.italpassion.fr\/de\/stellantis\/\">Stellantis<\/a> Alfa Romeo, wie auch Maserati, scheint seine Priorit\u00e4ten neu zu setzen und pragmatischer zu werden.<\/p>\n\n\n\n<h2 class=\"wp-block-heading\">Ein auf den Kopf gestellter Produktplan (und flexibler als erwartet)<\/h2>\n\n\n\n<p>Zun\u00e4chst einmal sei daran erinnert, dass die Einf\u00fchrung der neuen Giulia und des Stelvio auf 2027 verschoben wurde, obwohl sie urspr\u00fcnglich bereits 2025 und 2026 als 100 % Elektroauto enth\u00fcllt werden sollten. Der Grund daf\u00fcr? Die Integration von Hybridantrieben, die besser zur aktuellen Nachfrage und zu bestimmten strategischen M\u00e4rkten wie Nordamerika passen.<\/p>\n\n\n\n<p>Diese Verschiebung des Zeitplans hat ein Fenster f\u00fcr \u00dcberlegungen ge\u00f6ffnet. Die Entscheidungstr\u00e4ger bei Alfa Romeo k\u00f6nnen ihre Arbeit \u00fcberdenken, die Priorit\u00e4ten verfeinern und aller Wahrscheinlichkeit nach Flexibilit\u00e4t in eine Modellpalette bringen, die auf reinen Elektroantrieb fixiert werden sollte. Und genau in diesem Zusammenhang lie\u00df der derzeitige CEO, Santo Ficili, einige Hinweise auf die k\u00fcnftige Richtung fallen.<\/p>\n\n\n\n<h2 class=\"wp-block-heading\">\"Giulia und Stelvio werden die gr\u00f6\u00dften Alfa Romeos sein\"<\/h2>\n\n\n\n<p>Dieser Satz, der von Automotive News berichtet und von mehreren Fachmedien aufgegriffen wurde, \u00e4ndert alles. Er bedeutet mehrere Dinge. Erstens, dass die Giulia und der Stelvio weiterhin die \"Flaggschiffe\" der Marke in Bezug auf die Statur sein werden. Der k\u00fcnftige Stelvio wird etwas gr\u00f6\u00dfer sein als der aktuelle, und die n\u00e4chste Giulia, die sich die Plattform teilen wird, k\u00f6nnte dem gleichen Trend folgen.<\/p>\n\n\n\n<p>Vor allem aber bedeutet diese Aussage das endg\u00fcltige Aus f\u00fcr die Ambitionen von Alfa Romeo, einen gro\u00dfen SUV oder eine gro\u00dfe Limousine im E-Segment zu entwickeln. Die Pl\u00e4ne f\u00fcr einen gr\u00f6\u00dferen SUV auf Basis der STLA Large-Plattform, die zu Imparatos Zeiten diskutiert wurden, scheinen nun endg\u00fcltig vom Tisch zu sein. \"Gro\u00dfe Autos sind nicht das Gebiet von Alfa Romeo\", soll Ficili gesagt haben.<\/p>\n\n\n\n<h2 class=\"wp-block-heading\">Ein \"Alfa Romeo surprise\" in Vorbereitung<\/h2>\n\n\n\n<p>Es sei daran erinnert, dass zwischen dem Tonale und dem zuk\u00fcnftigen Stelvio noch ein weiteres Modell erwartet wird, das derzeit unter dem Codenamen A4U bekannt ist. <a href=\"https:\/\/www.italpassion.fr\/de\/alfa-romeo\/ein-neuer-alfa-romeo-fur-2026-und-es-ist-weder-der-giulia-noch-der-stelvio\/\">Dieser Alfa Romeo \"\u00dcberraschung\"<\/a>Das neue Modell, das in der zweiten H\u00e4lfte des Jahres 2026 vorgestellt werden soll, wird sich sowohl in der Gr\u00f6\u00dfe als auch im Preis zwischen dem Tonale und dem aktuellen Stelvio einreihen.<\/p>\n\n\n\n<p>Dieses Modell k\u00f6nnte es Alfa Romeo erm\u00f6glichen, seine Pr\u00e4senz im C\/D-Segment, einem der dynamischsten Segmente in Europa, zu st\u00e4rken. Ein Ansatz, der vor allem vor dem Hintergrund Sinn macht, dass die Marke ihre St\u00fcckzahlen konsolidieren muss, bevor sie neue Gebiete in Angriff nehmen kann.<\/p>\n\n\n\n<h2 class=\"wp-block-heading\">Maserati profitiert am meisten von Alfa Romeos Neuausrichtung <\/h2>\n\n\n\n<p>Mit seiner Aussage, dass \"gro\u00dfe Autos nicht das Gebiet von Alfa Romeo sind\", l\u00e4sst Santo Ficili auch einen strategischen Raum f\u00fcr Maserati frei. Denn w\u00e4hrend Alfa Romeo sich auf das Kompakt- und Mittelklasse-Segment konzentriert, kann Maserati seinerseits das obere Ende des Spektrums voll besetzen. So w\u00fcrde der Quattroporte seine Rolle als gro\u00dfe italienische Limousine behalten und der zuk\u00fcnftige Levante die eines Luxus-SUV, der die Premiumkompetenz des Konzerns im E-Segment verk\u00f6rpert.<\/p>\n\n\n\n<p>Mit anderen Worten: Alfa Romeo und Maserati w\u00fcrden aufh\u00f6ren, sich gegenseitig auf die F\u00fc\u00dfe zu treten, indem sie endlich ihre Position klarstellen:<\/p>\n\n\n\n<ul class=\"wp-block-list\">\n<li>Alfa Romeo f\u00fcr sportliche, dynamische und Premium-Autos.<\/li>\n\n\n\n<li>Maserati f\u00fcr Luxus, Leistung und Prestige.<\/li>\n<\/ul>\n\n\n\n<h2 class=\"wp-block-heading\">Warten auf den neuen Industrieplan von Stellantis<\/h2>\n\n\n\n<p>Das letzte Wort wird der neue CEO Antonio Filosa haben, der am Ende des ersten Halbjahres 2026 einen Bericht vorlegen muss, <a href=\"https:\/\/www.italpassion.fr\/de\/stellantis\/stellantis-verschiebt-die-vorstellung-seines-neuen-industrieplans\/\">seinen Industrieplan<\/a> das die Nachfolge von Carlos Tavares' Dare Forward 2030 antreten wird. Zu diesem Zeitpunkt werden wir offiziell erfahren, welche Zukunft allen Marken des Konzerns, darunter auch Alfa Romeo, beschieden sein wird.<\/p>","protected":false},"excerpt":{"rendered":"","protected":false},"author":1,"featured_media":34861,"comment_status":"open","ping_status":"open","sticky":false,"template":"","format":"standard","meta":{"_acf_changed":false,"_sitemap_exclude":false,"_sitemap_priority":"","_sitemap_frequency":"","footnotes":""},"categories":[22],"tags":[433],"class_list":["post-42408","post","type-post","status-publish","format-standard","has-post-thumbnail","hentry","category-alfa-romeo","tag-santo-ficili","generate-columns","tablet-grid-50","mobile-grid-100","grid-parent","grid-33"],"acf":[],"yoast_head":"<!-- This site is optimized with the Yoast SEO plugin v25.8 - https:\/\/yoast.com\/wordpress\/plugins\/seo\/ -->\n<title>Le CEO d&#039;Alfa Romeo donne des indices sur l&#039;\u00e9volution de la gamme de la marque (et Maserati en m\u00eame temps) - ItalPassion<\/title>\n<meta name=\"description\" content=\"Il y a quelques ann\u00e9es, le plan produit d\u2019Alfa Romeo \u00e9tait clair. Sous la direction de Jean-Philippe Imparato, la marque italienne devait basculer\" \/>\n<meta name=\"robots\" content=\"index, follow, max-snippet:-1, max-image-preview:large, max-video-preview:-1\" \/>\n<link rel=\"canonical\" href=\"https:\/\/www.italpassion.fr\/de\/alfa-romeo\/der-ceo-dalfa-romeo-gibt-hinweise-auf-die-entwicklung-der-markenpalette-und-maserati-zur-gleichen-zeit\/\" \/>\n<meta property=\"og:locale\" content=\"de_DE\" \/>\n<meta property=\"og:type\" content=\"article\" \/>\n<meta property=\"og:title\" content=\"Le CEO d&#039;Alfa Romeo donne des indices sur l&#039;\u00e9volution de la gamme de la marque (et Maserati en m\u00eame temps) - ItalPassion\" \/>\n<meta property=\"og:description\" content=\"Il y a quelques ann\u00e9es, le plan produit d\u2019Alfa Romeo \u00e9tait clair. Sous la direction de Jean-Philippe Imparato, la marque italienne devait basculer\" \/>\n<meta property=\"og:url\" content=\"https:\/\/www.italpassion.fr\/de\/alfa-romeo\/der-ceo-dalfa-romeo-gibt-hinweise-auf-die-entwicklung-der-markenpalette-und-maserati-zur-gleichen-zeit\/\" \/>\n<meta property=\"og:site_name\" content=\"ItalPassion\" \/>\n<meta property=\"article:publisher\" content=\"https:\/\/www.facebook.com\/italpassion\" \/>\n<meta property=\"article:published_time\" content=\"2025-10-24T05:33:40+00:00\" \/>\n<meta property=\"og:image\" content=\"https:\/\/www.italpassion.fr\/wp-content\/uploads\/2024\/10\/ficili-alfa-romeo.jpg\" \/>\n\t<meta property=\"og:image:width\" content=\"1200\" \/>\n\t<meta property=\"og:image:height\" content=\"800\" \/>\n\t<meta property=\"og:image:type\" content=\"image\/jpeg\" \/>\n<meta name=\"author\" content=\"Alexandre Filluzeau\" \/>\n<meta name=\"twitter:card\" content=\"summary_large_image\" \/>\n<meta name=\"twitter:creator\" content=\"@italpassion\" \/>\n<meta name=\"twitter:site\" content=\"@italpassion\" \/>\n<script type=\"application\/ld+json\" class=\"yoast-schema-graph\">{\"@context\":\"https:\/\/schema.org\",\"@graph\":[{\"@type\":\"NewsArticle\",\"@id\":\"https:\/\/www.italpassion.fr\/de\/alfa-romeo\/le-ceo-dalfa-romeo-donne-des-indices-sur-levolution-de-la-gamme-de-la-marque-et-maserati-en-meme-temps\/#article\",\"isPartOf\":{\"@id\":\"https:\/\/www.italpassion.fr\/de\/alfa-romeo\/le-ceo-dalfa-romeo-donne-des-indices-sur-levolution-de-la-gamme-de-la-marque-et-maserati-en-meme-temps\/\"},\"author\":{\"name\":\"Alexandre Filluzeau\",\"@id\":\"https:\/\/www.italpassion.fr\/de\/#\/schema\/person\/36f747b2a759ca202d847e85a9434ca0\"},\"headline\":\"Le CEO d&rsquo;Alfa Romeo donne des indices sur l&rsquo;\u00e9volution de la gamme de la marque (et Maserati en m\u00eame temps)\",\"datePublished\":\"2025-10-24T05:33:40+00:00\",\"mainEntityOfPage\":{\"@id\":\"https:\/\/www.italpassion.fr\/de\/alfa-romeo\/le-ceo-dalfa-romeo-donne-des-indices-sur-levolution-de-la-gamme-de-la-marque-et-maserati-en-meme-temps\/\"},\"wordCount\":702,\"commentCount\":20,\"publisher\":{\"@id\":\"https:\/\/www.italpassion.fr\/de\/#organization\"},\"image\":{\"@id\":\"https:\/\/www.italpassion.fr\/de\/alfa-romeo\/le-ceo-dalfa-romeo-donne-des-indices-sur-levolution-de-la-gamme-de-la-marque-et-maserati-en-meme-temps\/#primaryimage\"},\"thumbnailUrl\":\"https:\/\/www.italpassion.fr\/wp-content\/uploads\/2024\/10\/ficili-alfa-romeo.jpg\",\"keywords\":[\"Santo Ficili\"],\"articleSection\":[\"Alfa Romeo\"],\"inLanguage\":\"de\",\"potentialAction\":[{\"@type\":\"CommentAction\",\"name\":\"Comment\",\"target\":[\"https:\/\/www.italpassion.fr\/de\/alfa-romeo\/le-ceo-dalfa-romeo-donne-des-indices-sur-levolution-de-la-gamme-de-la-marque-et-maserati-en-meme-temps\/#respond\"]}]},{\"@type\":\"WebPage\",\"@id\":\"https:\/\/www.italpassion.fr\/de\/alfa-romeo\/le-ceo-dalfa-romeo-donne-des-indices-sur-levolution-de-la-gamme-de-la-marque-et-maserati-en-meme-temps\/\",\"url\":\"https:\/\/www.italpassion.fr\/de\/alfa-romeo\/le-ceo-dalfa-romeo-donne-des-indices-sur-levolution-de-la-gamme-de-la-marque-et-maserati-en-meme-temps\/\",\"name\":\"Le CEO d'Alfa Romeo donne des indices sur l'\u00e9volution de la gamme de la marque (et Maserati en m\u00eame temps) - ItalPassion\",\"isPartOf\":{\"@id\":\"https:\/\/www.italpassion.fr\/de\/#website\"},\"primaryImageOfPage\":{\"@id\":\"https:\/\/www.italpassion.fr\/de\/alfa-romeo\/le-ceo-dalfa-romeo-donne-des-indices-sur-levolution-de-la-gamme-de-la-marque-et-maserati-en-meme-temps\/#primaryimage\"},\"image\":{\"@id\":\"https:\/\/www.italpassion.fr\/de\/alfa-romeo\/le-ceo-dalfa-romeo-donne-des-indices-sur-levolution-de-la-gamme-de-la-marque-et-maserati-en-meme-temps\/#primaryimage\"},\"thumbnailUrl\":\"https:\/\/www.italpassion.fr\/wp-content\/uploads\/2024\/10\/ficili-alfa-romeo.jpg\",\"datePublished\":\"2025-10-24T05:33:40+00:00\",\"description\":\"Il y a quelques ann\u00e9es, le plan produit d\u2019Alfa Romeo \u00e9tait clair. Sous la direction de Jean-Philippe Imparato, la marque italienne devait basculer\",\"breadcrumb\":{\"@id\":\"https:\/\/www.italpassion.fr\/de\/alfa-romeo\/le-ceo-dalfa-romeo-donne-des-indices-sur-levolution-de-la-gamme-de-la-marque-et-maserati-en-meme-temps\/#breadcrumb\"},\"inLanguage\":\"de\",\"potentialAction\":[{\"@type\":\"ReadAction\",\"target\":[\"https:\/\/www.italpassion.fr\/de\/alfa-romeo\/le-ceo-dalfa-romeo-donne-des-indices-sur-levolution-de-la-gamme-de-la-marque-et-maserati-en-meme-temps\/\"]}]},{\"@type\":\"ImageObject\",\"inLanguage\":\"de\",\"@id\":\"https:\/\/www.italpassion.fr\/de\/alfa-romeo\/le-ceo-dalfa-romeo-donne-des-indices-sur-levolution-de-la-gamme-de-la-marque-et-maserati-en-meme-temps\/#primaryimage\",\"url\":\"https:\/\/www.italpassion.fr\/wp-content\/uploads\/2024\/10\/ficili-alfa-romeo.jpg\",\"contentUrl\":\"https:\/\/www.italpassion.fr\/wp-content\/uploads\/2024\/10\/ficili-alfa-romeo.jpg\",\"width\":1200,\"height\":800},{\"@type\":\"BreadcrumbList\",\"@id\":\"https:\/\/www.italpassion.fr\/de\/alfa-romeo\/le-ceo-dalfa-romeo-donne-des-indices-sur-levolution-de-la-gamme-de-la-marque-et-maserati-en-meme-temps\/#breadcrumb\",\"itemListElement\":[{\"@type\":\"ListItem\",\"position\":1,\"name\":\"Accueil\",\"item\":\"https:\/\/www.italpassion.fr\/de\/\"},{\"@type\":\"ListItem\",\"position\":2,\"name\":\"Le CEO d&rsquo;Alfa Romeo donne des indices sur l&rsquo;\u00e9volution de la gamme de la marque (et Maserati en m\u00eame temps)\"}]},{\"@type\":\"WebSite\",\"@id\":\"https:\/\/www.italpassion.fr\/de\/#website\",\"url\":\"https:\/\/www.italpassion.fr\/de\/\",\"name\":\"ItalPassion\",\"description\":\"Les Passionn\u00e9s d&#039;Automobiles Italiennes\",\"publisher\":{\"@id\":\"https:\/\/www.italpassion.fr\/de\/#organization\"},\"potentialAction\":[{\"@type\":\"SearchAction\",\"target\":{\"@type\":\"EntryPoint\",\"urlTemplate\":\"https:\/\/www.italpassion.fr\/de\/?s={search_term_string}\"},\"query-input\":{\"@type\":\"PropertyValueSpecification\",\"valueRequired\":true,\"valueName\":\"search_term_string\"}}],\"inLanguage\":\"de\"},{\"@type\":\"Organization\",\"@id\":\"https:\/\/www.italpassion.fr\/de\/#organization\",\"name\":\"Italpassion\",\"url\":\"https:\/\/www.italpassion.fr\/de\/\",\"logo\":{\"@type\":\"ImageObject\",\"inLanguage\":\"de\",\"@id\":\"https:\/\/www.italpassion.fr\/de\/#\/schema\/logo\/image\/\",\"url\":\"https:\/\/www.italpassion.fr\/wp-content\/uploads\/2023\/07\/italpassion-yoast.jpg\",\"contentUrl\":\"https:\/\/www.italpassion.fr\/wp-content\/uploads\/2023\/07\/italpassion-yoast.jpg\",\"width\":696,\"height\":696,\"caption\":\"Italpassion\"},\"image\":{\"@id\":\"https:\/\/www.italpassion.fr\/de\/#\/schema\/logo\/image\/\"},\"sameAs\":[\"https:\/\/www.facebook.com\/italpassion\",\"https:\/\/x.com\/italpassion\",\"https:\/\/www.instagram.com\/italpassionfr\/\",\"https:\/\/www.youtube.com\/channel\/UCleq-ByQaA42OjhopwevRjQ\",\"https:\/\/www.facebook.com\/italpassion.en\/\",\"https:\/\/www.facebook.com\/italpassion.it\/\",\"https:\/\/www.facebook.com\/italpassion.de\/\",\"https:\/\/www.facebook.com\/italpassion.ja\/\"]},{\"@type\":\"Person\",\"@id\":\"https:\/\/www.italpassion.fr\/de\/#\/schema\/person\/36f747b2a759ca202d847e85a9434ca0\",\"name\":\"Alexandre Filluzeau\",\"image\":{\"@type\":\"ImageObject\",\"inLanguage\":\"de\",\"@id\":\"https:\/\/www.italpassion.fr\/de\/#\/schema\/person\/image\/\",\"url\":\"https:\/\/www.italpassion.fr\/wp-content\/uploads\/2025\/04\/avatar-alexandre-160x160.jpg\",\"contentUrl\":\"https:\/\/www.italpassion.fr\/wp-content\/uploads\/2025\/04\/avatar-alexandre-160x160.jpg\",\"caption\":\"Alexandre Filluzeau\"},\"description\":\"Fondateur du site ItalPassion, passionn\u00e9 de voitures italiennes et de l'Italie en g\u00e9n\u00e9ral. J'apporte un regard critique et technique aux actualit\u00e9s des marques italiennes quand cela est possible. Propri\u00e9taire d'une Maserati GranTurismo, Alfa Romeo MiTo, Lancia Fulvia et Ducati 695. Ex-propri\u00e9taire d'une Alfa Romeo Giulia.\",\"sameAs\":[\"https:\/\/www.italpassion.fr\/\"],\"url\":\"https:\/\/www.italpassion.fr\/de\/author\/alexandre\/\"}]}<\/script>\n<!-- \/ Yoast SEO plugin. -->","yoast_head_json":{"title":"Alfa Romeos CEO gibt Hinweise auf die Entwicklung der Produktpalette der Marke (und gleichzeitig Maserati) - ItalPassion","description":"Vor einigen Jahren war der Produktplan von Alfa Romeo klar. Unter der Leitung von Jean-Philippe Imparato sollte die italienische Marke umschwenken.","robots":{"index":"index","follow":"follow","max-snippet":"max-snippet:-1","max-image-preview":"max-image-preview:large","max-video-preview":"max-video-preview:-1"},"canonical":"https:\/\/www.italpassion.fr\/de\/alfa-romeo\/der-ceo-dalfa-romeo-gibt-hinweise-auf-die-entwicklung-der-markenpalette-und-maserati-zur-gleichen-zeit\/","og_locale":"de_DE","og_type":"article","og_title":"Le CEO d'Alfa Romeo donne des indices sur l'\u00e9volution de la gamme de la marque (et Maserati en m\u00eame temps) - ItalPassion","og_description":"Il y a quelques ann\u00e9es, le plan produit d\u2019Alfa Romeo \u00e9tait clair. Sous la direction de Jean-Philippe Imparato, la marque italienne devait basculer","og_url":"https:\/\/www.italpassion.fr\/de\/alfa-romeo\/der-ceo-dalfa-romeo-gibt-hinweise-auf-die-entwicklung-der-markenpalette-und-maserati-zur-gleichen-zeit\/","og_site_name":"ItalPassion","article_publisher":"https:\/\/www.facebook.com\/italpassion","article_published_time":"2025-10-24T05:33:40+00:00","og_image":[{"width":1200,"height":800,"url":"https:\/\/www.italpassion.fr\/wp-content\/uploads\/2024\/10\/ficili-alfa-romeo.jpg","type":"image\/jpeg"}],"author":"Alexandre Filluzeau","twitter_card":"summary_large_image","twitter_creator":"@italpassion","twitter_site":"@italpassion","schema":{"@context":"https:\/\/schema.org","@graph":[{"@type":"NewsArticle","@id":"https:\/\/www.italpassion.fr\/de\/alfa-romeo\/le-ceo-dalfa-romeo-donne-des-indices-sur-levolution-de-la-gamme-de-la-marque-et-maserati-en-meme-temps\/#article","isPartOf":{"@id":"https:\/\/www.italpassion.fr\/de\/alfa-romeo\/le-ceo-dalfa-romeo-donne-des-indices-sur-levolution-de-la-gamme-de-la-marque-et-maserati-en-meme-temps\/"},"author":{"name":"Alexandre Filluzeau","@id":"https:\/\/www.italpassion.fr\/de\/#\/schema\/person\/36f747b2a759ca202d847e85a9434ca0"},"headline":"Le CEO d&rsquo;Alfa Romeo donne des indices sur l&rsquo;\u00e9volution de la gamme de la marque (et Maserati en m\u00eame temps)","datePublished":"2025-10-24T05:33:40+00:00","mainEntityOfPage":{"@id":"https:\/\/www.italpassion.fr\/de\/alfa-romeo\/le-ceo-dalfa-romeo-donne-des-indices-sur-levolution-de-la-gamme-de-la-marque-et-maserati-en-meme-temps\/"},"wordCount":702,"commentCount":20,"publisher":{"@id":"https:\/\/www.italpassion.fr\/de\/#organization"},"image":{"@id":"https:\/\/www.italpassion.fr\/de\/alfa-romeo\/le-ceo-dalfa-romeo-donne-des-indices-sur-levolution-de-la-gamme-de-la-marque-et-maserati-en-meme-temps\/#primaryimage"},"thumbnailUrl":"https:\/\/www.italpassion.fr\/wp-content\/uploads\/2024\/10\/ficili-alfa-romeo.jpg","keywords":["Santo Ficili"],"articleSection":["Alfa Romeo"],"inLanguage":"de","potentialAction":[{"@type":"CommentAction","name":"Comment","target":["https:\/\/www.italpassion.fr\/de\/alfa-romeo\/le-ceo-dalfa-romeo-donne-des-indices-sur-levolution-de-la-gamme-de-la-marque-et-maserati-en-meme-temps\/#respond"]}]},{"@type":"WebPage","@id":"https:\/\/www.italpassion.fr\/de\/alfa-romeo\/le-ceo-dalfa-romeo-donne-des-indices-sur-levolution-de-la-gamme-de-la-marque-et-maserati-en-meme-temps\/","url":"https:\/\/www.italpassion.fr\/de\/alfa-romeo\/le-ceo-dalfa-romeo-donne-des-indices-sur-levolution-de-la-gamme-de-la-marque-et-maserati-en-meme-temps\/","name":"Alfa Romeos CEO gibt Hinweise auf die Entwicklung der Produktpalette der Marke (und gleichzeitig Maserati) - ItalPassion","isPartOf":{"@id":"https:\/\/www.italpassion.fr\/de\/#website"},"primaryImageOfPage":{"@id":"https:\/\/www.italpassion.fr\/de\/alfa-romeo\/le-ceo-dalfa-romeo-donne-des-indices-sur-levolution-de-la-gamme-de-la-marque-et-maserati-en-meme-temps\/#primaryimage"},"image":{"@id":"https:\/\/www.italpassion.fr\/de\/alfa-romeo\/le-ceo-dalfa-romeo-donne-des-indices-sur-levolution-de-la-gamme-de-la-marque-et-maserati-en-meme-temps\/#primaryimage"},"thumbnailUrl":"https:\/\/www.italpassion.fr\/wp-content\/uploads\/2024\/10\/ficili-alfa-romeo.jpg","datePublished":"2025-10-24T05:33:40+00:00","description":"Vor einigen Jahren war der Produktplan von Alfa Romeo klar. Unter der Leitung von Jean-Philippe Imparato sollte die italienische Marke umschwenken.","breadcrumb":{"@id":"https:\/\/www.italpassion.fr\/de\/alfa-romeo\/le-ceo-dalfa-romeo-donne-des-indices-sur-levolution-de-la-gamme-de-la-marque-et-maserati-en-meme-temps\/#breadcrumb"},"inLanguage":"de","potentialAction":[{"@type":"ReadAction","target":["https:\/\/www.italpassion.fr\/de\/alfa-romeo\/le-ceo-dalfa-romeo-donne-des-indices-sur-levolution-de-la-gamme-de-la-marque-et-maserati-en-meme-temps\/"]}]},{"@type":"ImageObject","inLanguage":"de","@id":"https:\/\/www.italpassion.fr\/de\/alfa-romeo\/le-ceo-dalfa-romeo-donne-des-indices-sur-levolution-de-la-gamme-de-la-marque-et-maserati-en-meme-temps\/#primaryimage","url":"https:\/\/www.italpassion.fr\/wp-content\/uploads\/2024\/10\/ficili-alfa-romeo.jpg","contentUrl":"https:\/\/www.italpassion.fr\/wp-content\/uploads\/2024\/10\/ficili-alfa-romeo.jpg","width":1200,"height":800},{"@type":"BreadcrumbList","@id":"https:\/\/www.italpassion.fr\/de\/alfa-romeo\/le-ceo-dalfa-romeo-donne-des-indices-sur-levolution-de-la-gamme-de-la-marque-et-maserati-en-meme-temps\/#breadcrumb","itemListElement":[{"@type":"ListItem","position":1,"name":"Accueil","item":"https:\/\/www.italpassion.fr\/de\/"},{"@type":"ListItem","position":2,"name":"Le CEO d&rsquo;Alfa Romeo donne des indices sur l&rsquo;\u00e9volution de la gamme de la marque (et Maserati en m\u00eame temps)"}]},{"@type":"WebSite","@id":"https:\/\/www.italpassion.fr\/de\/#website","url":"https:\/\/www.italpassion.fr\/de\/","name":"ItalPassion","description":"Die Liebhaber italienischer Autos","publisher":{"@id":"https:\/\/www.italpassion.fr\/de\/#organization"},"potentialAction":[{"@type":"SearchAction","target":{"@type":"EntryPoint","urlTemplate":"https:\/\/www.italpassion.fr\/de\/?s={search_term_string}"},"query-input":{"@type":"PropertyValueSpecification","valueRequired":true,"valueName":"search_term_string"}}],"inLanguage":"de"},{"@type":"Organization","@id":"https:\/\/www.italpassion.fr\/de\/#organization","name":"Italpassion","url":"https:\/\/www.italpassion.fr\/de\/","logo":{"@type":"ImageObject","inLanguage":"de","@id":"https:\/\/www.italpassion.fr\/de\/#\/schema\/logo\/image\/","url":"https:\/\/www.italpassion.fr\/wp-content\/uploads\/2023\/07\/italpassion-yoast.jpg","contentUrl":"https:\/\/www.italpassion.fr\/wp-content\/uploads\/2023\/07\/italpassion-yoast.jpg","width":696,"height":696,"caption":"Italpassion"},"image":{"@id":"https:\/\/www.italpassion.fr\/de\/#\/schema\/logo\/image\/"},"sameAs":["https:\/\/www.facebook.com\/italpassion","https:\/\/x.com\/italpassion","https:\/\/www.instagram.com\/italpassionfr\/","https:\/\/www.youtube.com\/channel\/UCleq-ByQaA42OjhopwevRjQ","https:\/\/www.facebook.com\/italpassion.en\/","https:\/\/www.facebook.com\/italpassion.it\/","https:\/\/www.facebook.com\/italpassion.de\/","https:\/\/www.facebook.com\/italpassion.ja\/"]},{"@type":"Person","@id":"https:\/\/www.italpassion.fr\/de\/#\/schema\/person\/36f747b2a759ca202d847e85a9434ca0","name":"Alexandre Filluzeau","image":{"@type":"ImageObject","inLanguage":"de","@id":"https:\/\/www.italpassion.fr\/de\/#\/schema\/person\/image\/","url":"https:\/\/www.italpassion.fr\/wp-content\/uploads\/2025\/04\/avatar-alexandre-160x160.jpg","contentUrl":"https:\/\/www.italpassion.fr\/wp-content\/uploads\/2025\/04\/avatar-alexandre-160x160.jpg","caption":"Alexandre Filluzeau"},"description":"Gr\u00fcnder der Website ItalPassion, leidenschaftlicher Fan von italienischen Autos und Italien im Allgemeinen. Ich bringe einen kritischen und technischen Blick auf die Nachrichten der italienischen Marken, wann immer es m\u00f6glich ist. Besitzer eines Maserati GranTurismo, Alfa Romeo MiTo, Lancia Fulvia und Ducati 695. Ex-Besitzer einer Alfa Romeo Giulia.","sameAs":["https:\/\/www.italpassion.fr\/"],"url":"https:\/\/www.italpassion.fr\/de\/author\/alexandre\/"}]}},"_links":{"self":[{"href":"https:\/\/www.italpassion.fr\/de\/wp-json\/wp\/v2\/posts\/42408","targetHints":{"allow":["GET"]}}],"collection":[{"href":"https:\/\/www.italpassion.fr\/de\/wp-json\/wp\/v2\/posts"}],"about":[{"href":"https:\/\/www.italpassion.fr\/de\/wp-json\/wp\/v2\/types\/post"}],"author":[{"embeddable":true,"href":"https:\/\/www.italpassion.fr\/de\/wp-json\/wp\/v2\/users\/1"}],"replies":[{"embeddable":true,"href":"https:\/\/www.italpassion.fr\/de\/wp-json\/wp\/v2\/comments?post=42408"}],"version-history":[{"count":3,"href":"https:\/\/www.italpassion.fr\/de\/wp-json\/wp\/v2\/posts\/42408\/revisions"}],"predecessor-version":[{"id":42452,"href":"https:\/\/www.italpassion.fr\/de\/wp-json\/wp\/v2\/posts\/42408\/revisions\/42452"}],"wp:featuredmedia":[{"embeddable":true,"href":"https:\/\/www.italpassion.fr\/de\/wp-json\/wp\/v2\/media\/34861"}],"wp:attachment":[{"href":"https:\/\/www.italpassion.fr\/de\/wp-json\/wp\/v2\/media?parent=42408"}],"wp:term":[{"taxonomy":"category","embeddable":true,"href":"https:\/\/www.italpassion.fr\/de\/wp-json\/wp\/v2\/categories?post=42408"},{"taxonomy":"post_tag","embeddable":true,"href":"https:\/\/www.italpassion.fr\/de\/wp-json\/wp\/v2\/tags?post=42408"}],"curies":[{"name":"wp","href":"https:\/\/api.w.org\/{rel}","templated":true}]}}