{"id":42364,"date":"2025-10-21T17:14:36","date_gmt":"2025-10-21T15:14:36","guid":{"rendered":"https:\/\/www.italpassion.fr\/?p=42364"},"modified":"2025-10-21T17:14:36","modified_gmt":"2025-10-21T15:14:36","slug":"lancia-engagiert-sich-in-der-wrc2-hat-aber-schwierigkeiten-seine-autos-zu-verkaufen","status":"publish","type":"post","link":"https:\/\/www.italpassion.fr\/de\/lancia\/lancia-sengage-en-wrc2-mais-peine-a-vendre-ses-voitures\/","title":{"rendered":"Lancia engagiert sich in der WRC2 ... hat aber Schwierigkeiten, seine Autos zu verkaufen"},"content":{"rendered":"<figure class=\"wp-block-image size-full\"><img loading=\"lazy\" decoding=\"async\" width=\"1200\" height=\"800\" src=\"https:\/\/www.italpassion.fr\/wp-content\/uploads\/2025\/06\/lancia-ypsilon-Vernice-Arancio-Lava-con-tetto-nero.jpg\" alt=\"\" class=\"wp-image-39503\" srcset=\"https:\/\/www.italpassion.fr\/wp-content\/uploads\/2025\/06\/lancia-ypsilon-Vernice-Arancio-Lava-con-tetto-nero.jpg 1200w, https:\/\/www.italpassion.fr\/wp-content\/uploads\/2025\/06\/lancia-ypsilon-Vernice-Arancio-Lava-con-tetto-nero-420x280.jpg 420w, https:\/\/www.italpassion.fr\/wp-content\/uploads\/2025\/06\/lancia-ypsilon-Vernice-Arancio-Lava-con-tetto-nero-768x512.jpg 768w, https:\/\/www.italpassion.fr\/wp-content\/uploads\/2025\/06\/lancia-ypsilon-Vernice-Arancio-Lava-con-tetto-nero-18x12.jpg 18w\" sizes=\"auto, (max-width: 1200px) 100vw, 1200px\" \/><\/figure>\n\n\n\n<p>W\u00e4hrend <a href=\"https:\/\/www.italpassion.fr\/de\/lancia\/\">Lancia<\/a> hat soeben best\u00e4tigt <a href=\"https:\/\/www.italpassion.fr\/de\/lancia\/lancia-bestatigt-seine-ruckkehr-in-die-wrc2-weltmeisterschaft-und-konnte-schnell-um-den-sieg-mitspielen\/\">sein Engagement in der WRC2 f\u00fcr die Saison 2026<\/a>Die kommerzielle Situation der Marke bleibt jedoch deutlich fragiler. Wenn es ihr gelingt, die symbolische Marke von 10.000 zugelassenen Fahrzeugen im gesamten Jahr 2025 zu \u00fcberschreiten, w\u00e4re dies bereits ein kleines Wunder.<\/p>\n\n\n\n<h2 class=\"wp-block-heading\">Stagnierende oder sogar r\u00fcckl\u00e4ufige Zahlen<\/h2>\n\n\n\n<p>Nach einem ordentlichen Jahresbeginn spiegeln die Zulassungszahlen von Lancia weiterhin die Schwierigkeiten einer Marke wider, die eher \u00fcberlebt als sich neu zu erholen. In Italien, dem wichtigsten Markt, verl\u00e4uft die Kurve weiterhin steil nach oben. Im September wurden nur 712 Exemplare abgesetzt, weit entfernt von dem im M\u00e4rz erreichten H\u00f6chststand von 1110 Einheiten. Das Ergebnis: In den ersten neun Monaten des Jahres 2025 wurden auf der Halbinsel 7.325 Autos zugelassen.<\/p>\n\n\n\n<p>Der Lancia Ypsilon, immer noch das einzige Modell im Katalog, taucht nicht einmal mehr in den Top 50 des italienischen Marktes auf. Mit 7.324 kumulierten Zulassungen liegt er auf Platz 47, hinter dem Audi A1 (7.453) und weit entfernt vom Suzuki Swift (8.690). Ein starkes Symbol: Das italienische Stadtauto, einst die K\u00f6nigin der nationalen Verkaufszahlen, verliert gegen\u00fcber neueren, aber kommerziell erfolgreicheren Konkurrenten an Boden.<\/p>\n\n\n\n<figure class=\"wp-block-image size-full\"><img loading=\"lazy\" decoding=\"async\" width=\"1089\" height=\"583\" src=\"https:\/\/www.italpassion.fr\/wp-content\/uploads\/2025\/10\/lancia-vente-italie.jpg\" alt=\"\" class=\"wp-image-42366\" srcset=\"https:\/\/www.italpassion.fr\/wp-content\/uploads\/2025\/10\/lancia-vente-italie.jpg 1089w, https:\/\/www.italpassion.fr\/wp-content\/uploads\/2025\/10\/lancia-vente-italie-420x225.jpg 420w, https:\/\/www.italpassion.fr\/wp-content\/uploads\/2025\/10\/lancia-vente-italie-768x411.jpg 768w, https:\/\/www.italpassion.fr\/wp-content\/uploads\/2025\/10\/lancia-vente-italie-18x10.jpg 18w\" sizes=\"auto, (max-width: 1089px) 100vw, 1089px\" \/><\/figure>\n\n\n\n<h2 class=\"wp-block-heading\">Auf internationaler Ebene bleibt die Marke unsichtbar<\/h2>\n\n\n\n<p>Au\u00dferhalb Italiens ist die Lage nicht besser. In Frankreich halten sich die Verk\u00e4ufe auf einem sehr bescheidenen Niveau, mit 61 Zulassungen im September, was dem unteren Durchschnitt des Jahres entspricht, bei insgesamt 571 Einheiten seit Januar.<\/p>\n\n\n\n<p>In Spanien, dem Land, in dem der Ypsilon montiert wird, ist der Kontrast krass: nur 20 verkaufte Autos im September, 459 seit Beginn des Jahres. In Belgien blieb der Durchschnitt mit 18 Einheiten im September stabil, insgesamt 161 Autos. In den Niederlanden ist der Markt praktisch inexistent: nur 3 Verk\u00e4ufe im Monat, 107 in den letzten neun Monaten. Und in Deutschland wird die Marke schlichtweg immer noch nicht vermarktet.<\/p>\n\n\n\n<p>Von den 8.623 Lancia, die seit Jahresbeginn in Europa zugelassen wurden, entfielen fast 85 % auf Italien. Die Feststellung ist eindeutig: Ohne ihren Heimatmarkt w\u00e4re die Marke bereits vom Radar verschwunden. Lancia bleibt trotz der urspr\u00fcnglichen Absicht, wieder europ\u00e4isch zu werden, eine lokale Marke.<\/p>\n\n\n\n<figure class=\"wp-block-table\"><table class=\"has-fixed-layout\"><thead><tr><th>Land<\/th><th>Januar - September 2025<\/th><\/tr><\/thead><tbody><tr><td>Italien<\/td><td>7325<\/td><\/tr><tr><td>Frankreich<\/td><td>571<\/td><\/tr><tr><td>Deutschland<\/td><td>0<\/td><\/tr><tr><td>Spanien<\/td><td>459<\/td><\/tr><tr><td>Belgien<\/td><td>161<\/td><\/tr><tr><td>Niederlande<\/td><td>107<\/td><\/tr><\/tbody><\/table><figcaption class=\"wp-element-caption\">Bitte zitieren Sie Italpassion f\u00fcr die Zahlen<\/figcaption><\/figure>\n\n\n\n<h2 class=\"wp-block-heading\">10.000 Verk\u00e4ufe: ein fast symbolisches Ziel<\/h2>\n\n\n\n<p>Das Erreichen von 10.000 Zulassungen im Jahr 2025 scheint nun spielbar, aber vor allem anekdotisch. F\u00fcr eine Marke, die nur ein einziges Modell anbietet und keine einzige sichtbare Werbekampagne hat, k\u00f6nnte diese Zahl fast als Erfolg gewertet werden. In der Praxis zeigt sie jedoch vor allem die extreme Anf\u00e4lligkeit einer Marke, die M\u00fche hat, gegen ihre Cousins Peugeot 208 oder Opel Corsa innerhalb desselben Konzerns zu bestehen.<\/p>\n\n\n\n<h2 class=\"wp-block-heading\">Hoffnung auf eine Wiederbelebung im Jahr 2026<\/h2>\n\n\n\n<p>Die ganze Herausforderung liegt nun in der Ankunft des zuk\u00fcnftigen Lancia Gamma, der f\u00fcr 2026 geplant ist. Dieses gr\u00f6\u00dfere, ehrgeizigere und f\u00fcr Europa bestimmte SUV-Modell k\u00f6nnte der italienischen Marke endlich neuen Schwung verleihen. Dazu m\u00fcsste Stellantis jedoch wirklich in die Kommunikation und die Positionierung der Marke investieren. Ohne Sichtbarkeit wird auch das sch\u00f6nste Design unsichtbar bleiben.<\/p>","protected":false},"excerpt":{"rendered":"","protected":false},"author":1,"featured_media":39503,"comment_status":"open","ping_status":"open","sticky":false,"template":"","format":"standard","meta":{"_acf_changed":false,"_sitemap_exclude":false,"_sitemap_priority":"","_sitemap_frequency":"","footnotes":""},"categories":[26],"tags":[],"class_list":["post-42364","post","type-post","status-publish","format-standard","has-post-thumbnail","hentry","category-lancia","generate-columns","tablet-grid-50","mobile-grid-100","grid-parent","grid-33"],"acf":[],"yoast_head":"<!-- This site is optimized with the Yoast SEO plugin v25.8 - https:\/\/yoast.com\/wordpress\/plugins\/seo\/ -->\n<title>Lancia s\u2019engage en WRC2\u2026 mais peine \u00e0 vendre ses voitures - ItalPassion<\/title>\n<meta name=\"description\" content=\"Alors que Lancia vient tout juste de confirmer son engagement en WRC2 pour la saison 2026, la situation commerciale de la marque reste, elle, nettement\" \/>\n<meta name=\"robots\" content=\"index, follow, max-snippet:-1, max-image-preview:large, max-video-preview:-1\" \/>\n<link rel=\"canonical\" href=\"https:\/\/www.italpassion.fr\/de\/lancia\/lancia-engagiert-sich-in-der-wrc2-hat-aber-schwierigkeiten-seine-autos-zu-verkaufen\/\" \/>\n<meta property=\"og:locale\" content=\"de_DE\" \/>\n<meta property=\"og:type\" content=\"article\" \/>\n<meta property=\"og:title\" content=\"Lancia s\u2019engage en WRC2\u2026 mais peine \u00e0 vendre ses voitures - ItalPassion\" \/>\n<meta property=\"og:description\" content=\"Alors que Lancia vient tout juste de confirmer son engagement en WRC2 pour la saison 2026, la situation commerciale de la marque reste, elle, nettement\" \/>\n<meta property=\"og:url\" content=\"https:\/\/www.italpassion.fr\/de\/lancia\/lancia-engagiert-sich-in-der-wrc2-hat-aber-schwierigkeiten-seine-autos-zu-verkaufen\/\" \/>\n<meta property=\"og:site_name\" content=\"ItalPassion\" \/>\n<meta property=\"article:publisher\" content=\"https:\/\/www.facebook.com\/italpassion\" \/>\n<meta property=\"article:published_time\" content=\"2025-10-21T15:14:36+00:00\" \/>\n<meta property=\"og:image\" content=\"https:\/\/www.italpassion.fr\/wp-content\/uploads\/2025\/06\/lancia-ypsilon-Vernice-Arancio-Lava-con-tetto-nero.jpg\" \/>\n\t<meta property=\"og:image:width\" content=\"1200\" \/>\n\t<meta property=\"og:image:height\" content=\"800\" \/>\n\t<meta property=\"og:image:type\" content=\"image\/jpeg\" \/>\n<meta name=\"author\" content=\"Alexandre Filluzeau\" \/>\n<meta name=\"twitter:card\" content=\"summary_large_image\" \/>\n<meta name=\"twitter:creator\" content=\"@italpassion\" \/>\n<meta name=\"twitter:site\" content=\"@italpassion\" \/>\n<script type=\"application\/ld+json\" class=\"yoast-schema-graph\">{\"@context\":\"https:\/\/schema.org\",\"@graph\":[{\"@type\":\"NewsArticle\",\"@id\":\"https:\/\/www.italpassion.fr\/de\/lancia\/lancia-sengage-en-wrc2-mais-peine-a-vendre-ses-voitures\/#article\",\"isPartOf\":{\"@id\":\"https:\/\/www.italpassion.fr\/de\/lancia\/lancia-sengage-en-wrc2-mais-peine-a-vendre-ses-voitures\/\"},\"author\":{\"name\":\"Alexandre Filluzeau\",\"@id\":\"https:\/\/www.italpassion.fr\/de\/#\/schema\/person\/36f747b2a759ca202d847e85a9434ca0\"},\"headline\":\"Lancia s\u2019engage en WRC2\u2026 mais peine \u00e0 vendre ses voitures\",\"datePublished\":\"2025-10-21T15:14:36+00:00\",\"mainEntityOfPage\":{\"@id\":\"https:\/\/www.italpassion.fr\/de\/lancia\/lancia-sengage-en-wrc2-mais-peine-a-vendre-ses-voitures\/\"},\"wordCount\":535,\"commentCount\":26,\"publisher\":{\"@id\":\"https:\/\/www.italpassion.fr\/de\/#organization\"},\"image\":{\"@id\":\"https:\/\/www.italpassion.fr\/de\/lancia\/lancia-sengage-en-wrc2-mais-peine-a-vendre-ses-voitures\/#primaryimage\"},\"thumbnailUrl\":\"https:\/\/www.italpassion.fr\/wp-content\/uploads\/2025\/06\/lancia-ypsilon-Vernice-Arancio-Lava-con-tetto-nero.jpg\",\"articleSection\":[\"Lancia\"],\"inLanguage\":\"de\",\"potentialAction\":[{\"@type\":\"CommentAction\",\"name\":\"Comment\",\"target\":[\"https:\/\/www.italpassion.fr\/de\/lancia\/lancia-sengage-en-wrc2-mais-peine-a-vendre-ses-voitures\/#respond\"]}]},{\"@type\":\"WebPage\",\"@id\":\"https:\/\/www.italpassion.fr\/de\/lancia\/lancia-sengage-en-wrc2-mais-peine-a-vendre-ses-voitures\/\",\"url\":\"https:\/\/www.italpassion.fr\/de\/lancia\/lancia-sengage-en-wrc2-mais-peine-a-vendre-ses-voitures\/\",\"name\":\"Lancia s\u2019engage en WRC2\u2026 mais peine \u00e0 vendre ses voitures - ItalPassion\",\"isPartOf\":{\"@id\":\"https:\/\/www.italpassion.fr\/de\/#website\"},\"primaryImageOfPage\":{\"@id\":\"https:\/\/www.italpassion.fr\/de\/lancia\/lancia-sengage-en-wrc2-mais-peine-a-vendre-ses-voitures\/#primaryimage\"},\"image\":{\"@id\":\"https:\/\/www.italpassion.fr\/de\/lancia\/lancia-sengage-en-wrc2-mais-peine-a-vendre-ses-voitures\/#primaryimage\"},\"thumbnailUrl\":\"https:\/\/www.italpassion.fr\/wp-content\/uploads\/2025\/06\/lancia-ypsilon-Vernice-Arancio-Lava-con-tetto-nero.jpg\",\"datePublished\":\"2025-10-21T15:14:36+00:00\",\"description\":\"Alors que Lancia vient tout juste de confirmer son engagement en WRC2 pour la saison 2026, la situation commerciale de la marque reste, elle, nettement\",\"breadcrumb\":{\"@id\":\"https:\/\/www.italpassion.fr\/de\/lancia\/lancia-sengage-en-wrc2-mais-peine-a-vendre-ses-voitures\/#breadcrumb\"},\"inLanguage\":\"de\",\"potentialAction\":[{\"@type\":\"ReadAction\",\"target\":[\"https:\/\/www.italpassion.fr\/de\/lancia\/lancia-sengage-en-wrc2-mais-peine-a-vendre-ses-voitures\/\"]}]},{\"@type\":\"ImageObject\",\"inLanguage\":\"de\",\"@id\":\"https:\/\/www.italpassion.fr\/de\/lancia\/lancia-sengage-en-wrc2-mais-peine-a-vendre-ses-voitures\/#primaryimage\",\"url\":\"https:\/\/www.italpassion.fr\/wp-content\/uploads\/2025\/06\/lancia-ypsilon-Vernice-Arancio-Lava-con-tetto-nero.jpg\",\"contentUrl\":\"https:\/\/www.italpassion.fr\/wp-content\/uploads\/2025\/06\/lancia-ypsilon-Vernice-Arancio-Lava-con-tetto-nero.jpg\",\"width\":1200,\"height\":800},{\"@type\":\"BreadcrumbList\",\"@id\":\"https:\/\/www.italpassion.fr\/de\/lancia\/lancia-sengage-en-wrc2-mais-peine-a-vendre-ses-voitures\/#breadcrumb\",\"itemListElement\":[{\"@type\":\"ListItem\",\"position\":1,\"name\":\"Accueil\",\"item\":\"https:\/\/www.italpassion.fr\/de\/\"},{\"@type\":\"ListItem\",\"position\":2,\"name\":\"Lancia s\u2019engage en WRC2\u2026 mais peine \u00e0 vendre ses voitures\"}]},{\"@type\":\"WebSite\",\"@id\":\"https:\/\/www.italpassion.fr\/de\/#website\",\"url\":\"https:\/\/www.italpassion.fr\/de\/\",\"name\":\"ItalPassion\",\"description\":\"Les Passionn\u00e9s d&#039;Automobiles Italiennes\",\"publisher\":{\"@id\":\"https:\/\/www.italpassion.fr\/de\/#organization\"},\"potentialAction\":[{\"@type\":\"SearchAction\",\"target\":{\"@type\":\"EntryPoint\",\"urlTemplate\":\"https:\/\/www.italpassion.fr\/de\/?s={search_term_string}\"},\"query-input\":{\"@type\":\"PropertyValueSpecification\",\"valueRequired\":true,\"valueName\":\"search_term_string\"}}],\"inLanguage\":\"de\"},{\"@type\":\"Organization\",\"@id\":\"https:\/\/www.italpassion.fr\/de\/#organization\",\"name\":\"Italpassion\",\"url\":\"https:\/\/www.italpassion.fr\/de\/\",\"logo\":{\"@type\":\"ImageObject\",\"inLanguage\":\"de\",\"@id\":\"https:\/\/www.italpassion.fr\/de\/#\/schema\/logo\/image\/\",\"url\":\"https:\/\/www.italpassion.fr\/wp-content\/uploads\/2023\/07\/italpassion-yoast.jpg\",\"contentUrl\":\"https:\/\/www.italpassion.fr\/wp-content\/uploads\/2023\/07\/italpassion-yoast.jpg\",\"width\":696,\"height\":696,\"caption\":\"Italpassion\"},\"image\":{\"@id\":\"https:\/\/www.italpassion.fr\/de\/#\/schema\/logo\/image\/\"},\"sameAs\":[\"https:\/\/www.facebook.com\/italpassion\",\"https:\/\/x.com\/italpassion\",\"https:\/\/www.instagram.com\/italpassionfr\/\",\"https:\/\/www.youtube.com\/channel\/UCleq-ByQaA42OjhopwevRjQ\",\"https:\/\/www.facebook.com\/italpassion.en\/\",\"https:\/\/www.facebook.com\/italpassion.it\/\",\"https:\/\/www.facebook.com\/italpassion.de\/\",\"https:\/\/www.facebook.com\/italpassion.ja\/\"]},{\"@type\":\"Person\",\"@id\":\"https:\/\/www.italpassion.fr\/de\/#\/schema\/person\/36f747b2a759ca202d847e85a9434ca0\",\"name\":\"Alexandre Filluzeau\",\"image\":{\"@type\":\"ImageObject\",\"inLanguage\":\"de\",\"@id\":\"https:\/\/www.italpassion.fr\/de\/#\/schema\/person\/image\/\",\"url\":\"https:\/\/www.italpassion.fr\/wp-content\/uploads\/2025\/04\/avatar-alexandre-160x160.jpg\",\"contentUrl\":\"https:\/\/www.italpassion.fr\/wp-content\/uploads\/2025\/04\/avatar-alexandre-160x160.jpg\",\"caption\":\"Alexandre Filluzeau\"},\"description\":\"Fondateur du site ItalPassion, passionn\u00e9 de voitures italiennes et de l'Italie en g\u00e9n\u00e9ral. J'apporte un regard critique et technique aux actualit\u00e9s des marques italiennes quand cela est possible. Propri\u00e9taire d'une Maserati GranTurismo, Alfa Romeo MiTo, Lancia Fulvia et Ducati 695. Ex-propri\u00e9taire d'une Alfa Romeo Giulia.\",\"sameAs\":[\"https:\/\/www.italpassion.fr\/\"],\"url\":\"https:\/\/www.italpassion.fr\/de\/author\/alexandre\/\"}]}<\/script>\n<!-- \/ Yoast SEO plugin. -->","yoast_head_json":{"title":"Lancia engagiert sich in der WRC2 ... hat aber Schwierigkeiten, seine Autos zu verkaufen - ItalPassion","description":"Lancia hat gerade erst sein Engagement in der WRC2 f\u00fcr die Saison 2026 best\u00e4tigt, doch die gesch\u00e4ftliche Situation der Marke bleibt deutlich schlechter als erwartet.","robots":{"index":"index","follow":"follow","max-snippet":"max-snippet:-1","max-image-preview":"max-image-preview:large","max-video-preview":"max-video-preview:-1"},"canonical":"https:\/\/www.italpassion.fr\/de\/lancia\/lancia-engagiert-sich-in-der-wrc2-hat-aber-schwierigkeiten-seine-autos-zu-verkaufen\/","og_locale":"de_DE","og_type":"article","og_title":"Lancia s\u2019engage en WRC2\u2026 mais peine \u00e0 vendre ses voitures - ItalPassion","og_description":"Alors que Lancia vient tout juste de confirmer son engagement en WRC2 pour la saison 2026, la situation commerciale de la marque reste, elle, nettement","og_url":"https:\/\/www.italpassion.fr\/de\/lancia\/lancia-engagiert-sich-in-der-wrc2-hat-aber-schwierigkeiten-seine-autos-zu-verkaufen\/","og_site_name":"ItalPassion","article_publisher":"https:\/\/www.facebook.com\/italpassion","article_published_time":"2025-10-21T15:14:36+00:00","og_image":[{"width":1200,"height":800,"url":"https:\/\/www.italpassion.fr\/wp-content\/uploads\/2025\/06\/lancia-ypsilon-Vernice-Arancio-Lava-con-tetto-nero.jpg","type":"image\/jpeg"}],"author":"Alexandre Filluzeau","twitter_card":"summary_large_image","twitter_creator":"@italpassion","twitter_site":"@italpassion","schema":{"@context":"https:\/\/schema.org","@graph":[{"@type":"NewsArticle","@id":"https:\/\/www.italpassion.fr\/de\/lancia\/lancia-sengage-en-wrc2-mais-peine-a-vendre-ses-voitures\/#article","isPartOf":{"@id":"https:\/\/www.italpassion.fr\/de\/lancia\/lancia-sengage-en-wrc2-mais-peine-a-vendre-ses-voitures\/"},"author":{"name":"Alexandre Filluzeau","@id":"https:\/\/www.italpassion.fr\/de\/#\/schema\/person\/36f747b2a759ca202d847e85a9434ca0"},"headline":"Lancia s\u2019engage en WRC2\u2026 mais peine \u00e0 vendre ses voitures","datePublished":"2025-10-21T15:14:36+00:00","mainEntityOfPage":{"@id":"https:\/\/www.italpassion.fr\/de\/lancia\/lancia-sengage-en-wrc2-mais-peine-a-vendre-ses-voitures\/"},"wordCount":535,"commentCount":26,"publisher":{"@id":"https:\/\/www.italpassion.fr\/de\/#organization"},"image":{"@id":"https:\/\/www.italpassion.fr\/de\/lancia\/lancia-sengage-en-wrc2-mais-peine-a-vendre-ses-voitures\/#primaryimage"},"thumbnailUrl":"https:\/\/www.italpassion.fr\/wp-content\/uploads\/2025\/06\/lancia-ypsilon-Vernice-Arancio-Lava-con-tetto-nero.jpg","articleSection":["Lancia"],"inLanguage":"de","potentialAction":[{"@type":"CommentAction","name":"Comment","target":["https:\/\/www.italpassion.fr\/de\/lancia\/lancia-sengage-en-wrc2-mais-peine-a-vendre-ses-voitures\/#respond"]}]},{"@type":"WebPage","@id":"https:\/\/www.italpassion.fr\/de\/lancia\/lancia-sengage-en-wrc2-mais-peine-a-vendre-ses-voitures\/","url":"https:\/\/www.italpassion.fr\/de\/lancia\/lancia-sengage-en-wrc2-mais-peine-a-vendre-ses-voitures\/","name":"Lancia engagiert sich in der WRC2 ... hat aber Schwierigkeiten, seine Autos zu verkaufen - ItalPassion","isPartOf":{"@id":"https:\/\/www.italpassion.fr\/de\/#website"},"primaryImageOfPage":{"@id":"https:\/\/www.italpassion.fr\/de\/lancia\/lancia-sengage-en-wrc2-mais-peine-a-vendre-ses-voitures\/#primaryimage"},"image":{"@id":"https:\/\/www.italpassion.fr\/de\/lancia\/lancia-sengage-en-wrc2-mais-peine-a-vendre-ses-voitures\/#primaryimage"},"thumbnailUrl":"https:\/\/www.italpassion.fr\/wp-content\/uploads\/2025\/06\/lancia-ypsilon-Vernice-Arancio-Lava-con-tetto-nero.jpg","datePublished":"2025-10-21T15:14:36+00:00","description":"Lancia hat gerade erst sein Engagement in der WRC2 f\u00fcr die Saison 2026 best\u00e4tigt, doch die gesch\u00e4ftliche Situation der Marke bleibt deutlich schlechter als erwartet.","breadcrumb":{"@id":"https:\/\/www.italpassion.fr\/de\/lancia\/lancia-sengage-en-wrc2-mais-peine-a-vendre-ses-voitures\/#breadcrumb"},"inLanguage":"de","potentialAction":[{"@type":"ReadAction","target":["https:\/\/www.italpassion.fr\/de\/lancia\/lancia-sengage-en-wrc2-mais-peine-a-vendre-ses-voitures\/"]}]},{"@type":"ImageObject","inLanguage":"de","@id":"https:\/\/www.italpassion.fr\/de\/lancia\/lancia-sengage-en-wrc2-mais-peine-a-vendre-ses-voitures\/#primaryimage","url":"https:\/\/www.italpassion.fr\/wp-content\/uploads\/2025\/06\/lancia-ypsilon-Vernice-Arancio-Lava-con-tetto-nero.jpg","contentUrl":"https:\/\/www.italpassion.fr\/wp-content\/uploads\/2025\/06\/lancia-ypsilon-Vernice-Arancio-Lava-con-tetto-nero.jpg","width":1200,"height":800},{"@type":"BreadcrumbList","@id":"https:\/\/www.italpassion.fr\/de\/lancia\/lancia-sengage-en-wrc2-mais-peine-a-vendre-ses-voitures\/#breadcrumb","itemListElement":[{"@type":"ListItem","position":1,"name":"Accueil","item":"https:\/\/www.italpassion.fr\/de\/"},{"@type":"ListItem","position":2,"name":"Lancia s\u2019engage en WRC2\u2026 mais peine \u00e0 vendre ses voitures"}]},{"@type":"WebSite","@id":"https:\/\/www.italpassion.fr\/de\/#website","url":"https:\/\/www.italpassion.fr\/de\/","name":"ItalPassion","description":"Die Liebhaber italienischer Autos","publisher":{"@id":"https:\/\/www.italpassion.fr\/de\/#organization"},"potentialAction":[{"@type":"SearchAction","target":{"@type":"EntryPoint","urlTemplate":"https:\/\/www.italpassion.fr\/de\/?s={search_term_string}"},"query-input":{"@type":"PropertyValueSpecification","valueRequired":true,"valueName":"search_term_string"}}],"inLanguage":"de"},{"@type":"Organization","@id":"https:\/\/www.italpassion.fr\/de\/#organization","name":"Italpassion","url":"https:\/\/www.italpassion.fr\/de\/","logo":{"@type":"ImageObject","inLanguage":"de","@id":"https:\/\/www.italpassion.fr\/de\/#\/schema\/logo\/image\/","url":"https:\/\/www.italpassion.fr\/wp-content\/uploads\/2023\/07\/italpassion-yoast.jpg","contentUrl":"https:\/\/www.italpassion.fr\/wp-content\/uploads\/2023\/07\/italpassion-yoast.jpg","width":696,"height":696,"caption":"Italpassion"},"image":{"@id":"https:\/\/www.italpassion.fr\/de\/#\/schema\/logo\/image\/"},"sameAs":["https:\/\/www.facebook.com\/italpassion","https:\/\/x.com\/italpassion","https:\/\/www.instagram.com\/italpassionfr\/","https:\/\/www.youtube.com\/channel\/UCleq-ByQaA42OjhopwevRjQ","https:\/\/www.facebook.com\/italpassion.en\/","https:\/\/www.facebook.com\/italpassion.it\/","https:\/\/www.facebook.com\/italpassion.de\/","https:\/\/www.facebook.com\/italpassion.ja\/"]},{"@type":"Person","@id":"https:\/\/www.italpassion.fr\/de\/#\/schema\/person\/36f747b2a759ca202d847e85a9434ca0","name":"Alexandre Filluzeau","image":{"@type":"ImageObject","inLanguage":"de","@id":"https:\/\/www.italpassion.fr\/de\/#\/schema\/person\/image\/","url":"https:\/\/www.italpassion.fr\/wp-content\/uploads\/2025\/04\/avatar-alexandre-160x160.jpg","contentUrl":"https:\/\/www.italpassion.fr\/wp-content\/uploads\/2025\/04\/avatar-alexandre-160x160.jpg","caption":"Alexandre Filluzeau"},"description":"Gr\u00fcnder der Website ItalPassion, leidenschaftlicher Fan von italienischen Autos und Italien im Allgemeinen. Ich bringe einen kritischen und technischen Blick auf die Nachrichten der italienischen Marken, wann immer es m\u00f6glich ist. Besitzer eines Maserati GranTurismo, Alfa Romeo MiTo, Lancia Fulvia und Ducati 695. Ex-Besitzer einer Alfa Romeo Giulia.","sameAs":["https:\/\/www.italpassion.fr\/"],"url":"https:\/\/www.italpassion.fr\/de\/author\/alexandre\/"}]}},"_links":{"self":[{"href":"https:\/\/www.italpassion.fr\/de\/wp-json\/wp\/v2\/posts\/42364","targetHints":{"allow":["GET"]}}],"collection":[{"href":"https:\/\/www.italpassion.fr\/de\/wp-json\/wp\/v2\/posts"}],"about":[{"href":"https:\/\/www.italpassion.fr\/de\/wp-json\/wp\/v2\/types\/post"}],"author":[{"embeddable":true,"href":"https:\/\/www.italpassion.fr\/de\/wp-json\/wp\/v2\/users\/1"}],"replies":[{"embeddable":true,"href":"https:\/\/www.italpassion.fr\/de\/wp-json\/wp\/v2\/comments?post=42364"}],"version-history":[{"count":1,"href":"https:\/\/www.italpassion.fr\/de\/wp-json\/wp\/v2\/posts\/42364\/revisions"}],"predecessor-version":[{"id":42367,"href":"https:\/\/www.italpassion.fr\/de\/wp-json\/wp\/v2\/posts\/42364\/revisions\/42367"}],"wp:featuredmedia":[{"embeddable":true,"href":"https:\/\/www.italpassion.fr\/de\/wp-json\/wp\/v2\/media\/39503"}],"wp:attachment":[{"href":"https:\/\/www.italpassion.fr\/de\/wp-json\/wp\/v2\/media?parent=42364"}],"wp:term":[{"taxonomy":"category","embeddable":true,"href":"https:\/\/www.italpassion.fr\/de\/wp-json\/wp\/v2\/categories?post=42364"},{"taxonomy":"post_tag","embeddable":true,"href":"https:\/\/www.italpassion.fr\/de\/wp-json\/wp\/v2\/tags?post=42364"}],"curies":[{"name":"wp","href":"https:\/\/api.w.org\/{rel}","templated":true}]}}