{"id":42321,"date":"2025-10-21T09:37:43","date_gmt":"2025-10-21T07:37:43","guid":{"rendered":"https:\/\/www.italpassion.fr\/?p=42321"},"modified":"2025-10-21T09:37:43","modified_gmt":"2025-10-21T07:37:43","slug":"der-neue-stellantis-ceo-besucht-italienische-gewerkschaften-und-spricht-in-brussel-wir-mussen-die-europaischen-regeln-uberarbeiten","status":"publish","type":"post","link":"https:\/\/www.italpassion.fr\/de\/stellantis\/le-nouveau-ceo-de-stellantis-rend-visite-aux-syndicats-italiens-et-sadresse-a-bruxelles-nous-devons-revoir-la-reglementation-europeenne\/","title":{"rendered":"Neuer CEO von Stellantis besucht italienische Gewerkschaften und wendet sich an Br\u00fcssel: \"Wir m\u00fcssen die EU-Vorschriften \u00fcberarbeiten!\""},"content":{"rendered":"<figure class=\"wp-block-image size-full\"><img loading=\"lazy\" decoding=\"async\" width=\"1200\" height=\"800\" src=\"https:\/\/www.italpassion.fr\/wp-content\/uploads\/2025\/10\/antonio-filosa-10.jpg\" alt=\"\" class=\"wp-image-42322\" srcset=\"https:\/\/www.italpassion.fr\/wp-content\/uploads\/2025\/10\/antonio-filosa-10.jpg 1200w, https:\/\/www.italpassion.fr\/wp-content\/uploads\/2025\/10\/antonio-filosa-10-420x280.jpg 420w, https:\/\/www.italpassion.fr\/wp-content\/uploads\/2025\/10\/antonio-filosa-10-768x512.jpg 768w, https:\/\/www.italpassion.fr\/wp-content\/uploads\/2025\/10\/antonio-filosa-10-18x12.jpg 18w\" sizes=\"auto, (max-width: 1200px) 100vw, 1200px\" \/><\/figure>\n\n\n\n<p>Montag, der 20. Oktober 2025, wird als symbolisches Datum f\u00fcr die Arbeiter in Mirafiori in Erinnerung bleiben. Zum ersten Mal seit seiner Ernennung hat der neue CEO von <a href=\"https:\/\/www.italpassion.fr\/de\/stellantis\/\">Stellantis<\/a>Antonio Filosa, reiste nach Turin, um sich mit den italienischen Gewerkschaften zu treffen. Der Besuch wurde mit Spannung erwartet und seit Jahren gefordert, selbst zu Zeiten von Carlos Tavares.<\/p>\n\n\n\n<h2 class=\"wp-block-heading\">Ein mit Spannung erwarteter Besuch in Mirafiori<\/h2>\n\n\n\n<p>W\u00e4hrend Stellantis k\u00fcrzlich eine gigantische Investition in H\u00f6he von 13 Milliarden US-Dollar in den USA best\u00e4tigte, war die Situation in Italien weiterhin von Zweifeln gepr\u00e4gt. Die Gewerkschaften forderten eine konkrete Geste, um die seit Jahren schw\u00e4chelnde nationale Produktion wieder anzukurbeln.<\/p>\n\n\n\n<p>Filosa kam nicht mit leeren H\u00e4nden: Er k\u00fcndigte 400 Neueinstellungen im Werk Mirafiori an, um die Produktion des neuen Fiat 500 Hybrid zu unterst\u00fctzen, dessen Herstellung im November beginnen wird. Eine Entscheidung, die es dem Turiner Werk erm\u00f6glichen wird, im Februar 2026 eine neue Produktionsstufe zu erreichen und letztendlich 150.000 produzierte Autos pro Jahr zu erreichen.<\/p>\n\n\n\n<blockquote class=\"wp-block-quote is-layout-flow wp-block-quote-is-layout-flow\"><svg aria-hidden=\"true\" focusable=\"false\" class=\"icon icon-quote\" width=\"48\" height=\"48\"><use xlink:href=\"#icon-quote\"><\/use><\/svg>\n<p>\"Es ist noch nicht genug, aber mehr k\u00f6nnen wir angesichts der Rahmenbedingungen nicht tun\", r\u00e4umte er ein und begr\u00fc\u00dfte dennoch \"einen wichtigen Schritt f\u00fcr die Besch\u00e4ftigung in Italien\".<\/p>\n<\/blockquote>\n\n\n\n<p>Dies ist das erste Mal seit fast drei\u00dfig Jahren: Mirafiori hatte seit Ende der 1990er Jahre keine vergleichbare Einstellungswelle mehr erlebt.<\/p>\n\n\n\n<h2 class=\"wp-block-heading\">Eine politische Botschaft an Br\u00fcssel<\/h2>\n\n\n\n<p>Doch abgesehen von dieser symbolischen Ank\u00fcndigung lag der Kern von Filosas Botschaft woanders: Der europ\u00e4ische Rechtsrahmen muss sich \u00e4ndern.<\/p>\n\n\n\n<blockquote class=\"wp-block-quote is-layout-flow wp-block-quote-is-layout-flow\"><svg aria-hidden=\"true\" focusable=\"false\" class=\"icon icon-quote\" width=\"48\" height=\"48\"><use xlink:href=\"#icon-quote\"><\/use><\/svg>\n<p>\"Wir m\u00fcssen die europ\u00e4ischen Vorschriften \u00fcberarbeiten, die die Realit\u00e4t des Marktes und des industriellen Kontextes nicht ber\u00fccksichtigen\", appellierte der Stellantis-Chef an die italienischen Gewerkschaften, diesen Schritt bei den europ\u00e4ischen Institutionen zu unterst\u00fctzen.<\/p>\n<\/blockquote>\n\n\n\n<p>Seiner Meinung nach sind die Ziele der CO2-Neutralit\u00e4t und das Verbot des Verkaufs von Verbrennungsmotoren bis 2035 schlichtweg \"unrealistisch\". Er pl\u00e4diert f\u00fcr einen pragmatischeren Ansatz, der auf Technologieneutralit\u00e4t beruht: \"Wir m\u00fcssen unseren Kunden die M\u00f6glichkeit geben, aus der gesamten Palette an Fahrzeugen zu w\u00e4hlen, die sie w\u00fcnschen, ob Elektro-, Hybrid- oder Verbrennungsmotor. Das ist der einzige Weg, um die Produktion wieder anzukurbeln\".<\/p>\n\n\n\n<h2 class=\"wp-block-heading\">Fabriken weiterhin in Ungewissheit<\/h2>\n\n\n\n<p>W\u00e4hrend Mirafiori mit dem 500 Hybrid eine Wiederbelebung sieht, bleiben andere Standorte abwartend.<\/p>\n\n\n\n<ul class=\"wp-block-list\">\n<li>Cassino, wo die zuk\u00fcnftigen Alfa Romeo Stelvio und Giulia auf der STLA Large Plattform produziert werden sollen, wartet immer noch auf den tats\u00e4chlichen Start des Programms, das auf 2027 verschoben wurde, um Hybridversionen zu integrieren.<\/li>\n\n\n\n<li>In Termoli ist die Lage nach wie vor am kritischsten: Die Gigafactory f\u00fcr Batterien ist immer noch in der Schwebe, und es wurde keine klare neue Zuweisung angek\u00fcndigt.<\/li>\n\n\n\n<li>In Melfi schlie\u00dflich bereitet Stellantis die Produktion des neuen Jeep Compass Hybrid und ab 2026 des DS7 und des Lancia Gamma vor.<\/li>\n<\/ul>\n\n\n\n<p>Angesichts dieser Unsicherheiten begr\u00fc\u00dfen die Gewerkschaften die Geste f\u00fcr Mirafiori, fordern aber gleichzeitig eine St\u00e4rkung des \"Piano Italia\" und konkrete Zusagen f\u00fcr die anderen Werke.<\/p>\n\n\n\n<h2 class=\"wp-block-heading\">Ein erster Kontakt, aber viele Fragen<\/h2>\n\n\n\n<p>F\u00fcr Filosa war dieses Treffen vor allem ein erster symbolischer Kontakt mit den italienischen Vertretern. Er gab sich beruhigend: \"Italien bleibt im Zentrum unserer strategischen Vision\". Er wies aber auch auf die Grenzen des europ\u00e4ischen Modells hin und verglich die Situation mit der in den USA, wo Stellantis aufgrund g\u00fcnstigerer Rahmenbedingungen 13 Mrd. USD investieren und 5 000 Arbeitspl\u00e4tze schaffen konnte.<\/p>\n\n\n\n<p>Die Gewerkschaften, die zwischen Vorsicht und Hoffnung hin- und hergerissen waren, erkannten einen ver\u00e4nderten Tonfall an.\" Die Einf\u00fchrung von Hybridmodellen ist ein guter Anfang\", kommentierte die Uilm. \"Aber wir stehen erst am Anfang eines schwierigen Weges, der genauso von Stellantis wie von der europ\u00e4ischen Politik abh\u00e4ngen wird.\"<\/p>\n\n\n\n<h2 class=\"wp-block-heading\">K\u00fcnftige Schlacht um die Regulierung<\/h2>\n\n\n\n<p>Durch das Verschieben der Vorstellung seines neuen <a href=\"https:\/\/www.italpassion.fr\/de\/stellantis\/stellantis-verschiebt-die-vorstellung-seines-neuen-industrieplans\/\">Industrieplan bis zum Ende des ersten Halbjahres 2026<\/a>Antonio Filosa legt den Grundstein f\u00fcr eine politische und industrielle Offensive. Stellantis will nun Einfluss auf die europ\u00e4ische Debatte nehmen, um eine Lockerung der Umweltvorschriften, die Anerkennung der Technologieneutralit\u00e4t und die Unterst\u00fctzung des Kleinwagensegments, das f\u00fcr die italienische Industrie lebenswichtig ist, zu erreichen.<\/p>\n\n\n\n<p>Eines ist sicher: Nach Jahren der Spannungen zwischen den italienischen Werken und der Konzernleitung ist der Dialog endlich wieder er\u00f6ffnet. Doch eine nachhaltige Wiederbelebung der Produktion wird nun ebenso sehr von den Entscheidungen in Br\u00fcssel wie von denen in Turin abh\u00e4ngen.<\/p>","protected":false},"excerpt":{"rendered":"","protected":false},"author":1,"featured_media":42322,"comment_status":"open","ping_status":"open","sticky":false,"template":"","format":"standard","meta":{"_acf_changed":false,"_sitemap_exclude":false,"_sitemap_priority":"","_sitemap_frequency":"","footnotes":""},"categories":[29],"tags":[565],"class_list":["post-42321","post","type-post","status-publish","format-standard","has-post-thumbnail","hentry","category-stellantis","tag-antonio-filosa","generate-columns","tablet-grid-50","mobile-grid-100","grid-parent","grid-33"],"acf":[],"yoast_head":"<!-- This site is optimized with the Yoast SEO plugin v25.8 - https:\/\/yoast.com\/wordpress\/plugins\/seo\/ -->\n<title>Le nouveau CEO de Stellantis rend visite aux syndicats italiens et s&#039;adresse \u00e0 Bruxelles : &quot;Nous devons revoir\u00a0la r\u00e9glementation europ\u00e9enne !&quot; - ItalPassion<\/title>\n<meta name=\"description\" content=\"Lundi 20 octobre 2025 restera comme une date symbolique pour les ouvriers de Mirafiori. Pour la premi\u00e8re fois depuis sa nomination, le nouveau CEO de\" \/>\n<meta name=\"robots\" content=\"index, follow, max-snippet:-1, max-image-preview:large, max-video-preview:-1\" \/>\n<link rel=\"canonical\" href=\"https:\/\/www.italpassion.fr\/de\/stellantis\/der-neue-stellantis-ceo-besucht-italienische-gewerkschaften-und-spricht-in-brussel-wir-mussen-die-europaischen-regeln-uberarbeiten\/\" \/>\n<meta property=\"og:locale\" content=\"de_DE\" \/>\n<meta property=\"og:type\" content=\"article\" \/>\n<meta property=\"og:title\" content=\"Le nouveau CEO de Stellantis rend visite aux syndicats italiens et s&#039;adresse \u00e0 Bruxelles : &quot;Nous devons revoir\u00a0la r\u00e9glementation europ\u00e9enne !&quot; - ItalPassion\" \/>\n<meta property=\"og:description\" content=\"Lundi 20 octobre 2025 restera comme une date symbolique pour les ouvriers de Mirafiori. Pour la premi\u00e8re fois depuis sa nomination, le nouveau CEO de\" \/>\n<meta property=\"og:url\" content=\"https:\/\/www.italpassion.fr\/de\/stellantis\/der-neue-stellantis-ceo-besucht-italienische-gewerkschaften-und-spricht-in-brussel-wir-mussen-die-europaischen-regeln-uberarbeiten\/\" \/>\n<meta property=\"og:site_name\" content=\"ItalPassion\" \/>\n<meta property=\"article:publisher\" content=\"https:\/\/www.facebook.com\/italpassion\" \/>\n<meta property=\"article:published_time\" content=\"2025-10-21T07:37:43+00:00\" \/>\n<meta property=\"og:image\" content=\"https:\/\/www.italpassion.fr\/wp-content\/uploads\/2025\/10\/antonio-filosa-10.jpg\" \/>\n\t<meta property=\"og:image:width\" content=\"1200\" \/>\n\t<meta property=\"og:image:height\" content=\"800\" \/>\n\t<meta property=\"og:image:type\" content=\"image\/jpeg\" \/>\n<meta name=\"author\" content=\"Alexandre Filluzeau\" \/>\n<meta name=\"twitter:card\" content=\"summary_large_image\" \/>\n<meta name=\"twitter:creator\" content=\"@italpassion\" \/>\n<meta name=\"twitter:site\" content=\"@italpassion\" \/>\n<script type=\"application\/ld+json\" class=\"yoast-schema-graph\">{\"@context\":\"https:\/\/schema.org\",\"@graph\":[{\"@type\":\"NewsArticle\",\"@id\":\"https:\/\/www.italpassion.fr\/de\/stellantis\/le-nouveau-ceo-de-stellantis-rend-visite-aux-syndicats-italiens-et-sadresse-a-bruxelles-nous-devons-revoir-la-reglementation-europeenne\/#article\",\"isPartOf\":{\"@id\":\"https:\/\/www.italpassion.fr\/de\/stellantis\/le-nouveau-ceo-de-stellantis-rend-visite-aux-syndicats-italiens-et-sadresse-a-bruxelles-nous-devons-revoir-la-reglementation-europeenne\/\"},\"author\":{\"name\":\"Alexandre Filluzeau\",\"@id\":\"https:\/\/www.italpassion.fr\/de\/#\/schema\/person\/36f747b2a759ca202d847e85a9434ca0\"},\"headline\":\"Le nouveau CEO de Stellantis rend visite aux syndicats italiens et s&rsquo;adresse \u00e0 Bruxelles : \u00ab\u00a0Nous devons revoir\u00a0la r\u00e9glementation europ\u00e9enne !\u00a0\u00bb\",\"datePublished\":\"2025-10-21T07:37:43+00:00\",\"mainEntityOfPage\":{\"@id\":\"https:\/\/www.italpassion.fr\/de\/stellantis\/le-nouveau-ceo-de-stellantis-rend-visite-aux-syndicats-italiens-et-sadresse-a-bruxelles-nous-devons-revoir-la-reglementation-europeenne\/\"},\"wordCount\":756,\"commentCount\":13,\"publisher\":{\"@id\":\"https:\/\/www.italpassion.fr\/de\/#organization\"},\"image\":{\"@id\":\"https:\/\/www.italpassion.fr\/de\/stellantis\/le-nouveau-ceo-de-stellantis-rend-visite-aux-syndicats-italiens-et-sadresse-a-bruxelles-nous-devons-revoir-la-reglementation-europeenne\/#primaryimage\"},\"thumbnailUrl\":\"https:\/\/www.italpassion.fr\/wp-content\/uploads\/2025\/10\/antonio-filosa-10.jpg\",\"keywords\":[\"Antonio Filosa\"],\"articleSection\":[\"Stellantis\"],\"inLanguage\":\"de\",\"potentialAction\":[{\"@type\":\"CommentAction\",\"name\":\"Comment\",\"target\":[\"https:\/\/www.italpassion.fr\/de\/stellantis\/le-nouveau-ceo-de-stellantis-rend-visite-aux-syndicats-italiens-et-sadresse-a-bruxelles-nous-devons-revoir-la-reglementation-europeenne\/#respond\"]}]},{\"@type\":\"WebPage\",\"@id\":\"https:\/\/www.italpassion.fr\/de\/stellantis\/le-nouveau-ceo-de-stellantis-rend-visite-aux-syndicats-italiens-et-sadresse-a-bruxelles-nous-devons-revoir-la-reglementation-europeenne\/\",\"url\":\"https:\/\/www.italpassion.fr\/de\/stellantis\/le-nouveau-ceo-de-stellantis-rend-visite-aux-syndicats-italiens-et-sadresse-a-bruxelles-nous-devons-revoir-la-reglementation-europeenne\/\",\"name\":\"Le nouveau CEO de Stellantis rend visite aux syndicats italiens et s'adresse \u00e0 Bruxelles : \\\"Nous devons revoir\u00a0la r\u00e9glementation europ\u00e9enne !\\\" - ItalPassion\",\"isPartOf\":{\"@id\":\"https:\/\/www.italpassion.fr\/de\/#website\"},\"primaryImageOfPage\":{\"@id\":\"https:\/\/www.italpassion.fr\/de\/stellantis\/le-nouveau-ceo-de-stellantis-rend-visite-aux-syndicats-italiens-et-sadresse-a-bruxelles-nous-devons-revoir-la-reglementation-europeenne\/#primaryimage\"},\"image\":{\"@id\":\"https:\/\/www.italpassion.fr\/de\/stellantis\/le-nouveau-ceo-de-stellantis-rend-visite-aux-syndicats-italiens-et-sadresse-a-bruxelles-nous-devons-revoir-la-reglementation-europeenne\/#primaryimage\"},\"thumbnailUrl\":\"https:\/\/www.italpassion.fr\/wp-content\/uploads\/2025\/10\/antonio-filosa-10.jpg\",\"datePublished\":\"2025-10-21T07:37:43+00:00\",\"description\":\"Lundi 20 octobre 2025 restera comme une date symbolique pour les ouvriers de Mirafiori. Pour la premi\u00e8re fois depuis sa nomination, le nouveau CEO de\",\"breadcrumb\":{\"@id\":\"https:\/\/www.italpassion.fr\/de\/stellantis\/le-nouveau-ceo-de-stellantis-rend-visite-aux-syndicats-italiens-et-sadresse-a-bruxelles-nous-devons-revoir-la-reglementation-europeenne\/#breadcrumb\"},\"inLanguage\":\"de\",\"potentialAction\":[{\"@type\":\"ReadAction\",\"target\":[\"https:\/\/www.italpassion.fr\/de\/stellantis\/le-nouveau-ceo-de-stellantis-rend-visite-aux-syndicats-italiens-et-sadresse-a-bruxelles-nous-devons-revoir-la-reglementation-europeenne\/\"]}]},{\"@type\":\"ImageObject\",\"inLanguage\":\"de\",\"@id\":\"https:\/\/www.italpassion.fr\/de\/stellantis\/le-nouveau-ceo-de-stellantis-rend-visite-aux-syndicats-italiens-et-sadresse-a-bruxelles-nous-devons-revoir-la-reglementation-europeenne\/#primaryimage\",\"url\":\"https:\/\/www.italpassion.fr\/wp-content\/uploads\/2025\/10\/antonio-filosa-10.jpg\",\"contentUrl\":\"https:\/\/www.italpassion.fr\/wp-content\/uploads\/2025\/10\/antonio-filosa-10.jpg\",\"width\":1200,\"height\":800},{\"@type\":\"BreadcrumbList\",\"@id\":\"https:\/\/www.italpassion.fr\/de\/stellantis\/le-nouveau-ceo-de-stellantis-rend-visite-aux-syndicats-italiens-et-sadresse-a-bruxelles-nous-devons-revoir-la-reglementation-europeenne\/#breadcrumb\",\"itemListElement\":[{\"@type\":\"ListItem\",\"position\":1,\"name\":\"Accueil\",\"item\":\"https:\/\/www.italpassion.fr\/de\/\"},{\"@type\":\"ListItem\",\"position\":2,\"name\":\"Le nouveau CEO de Stellantis rend visite aux syndicats italiens et s&rsquo;adresse \u00e0 Bruxelles : \u00ab\u00a0Nous devons revoir\u00a0la r\u00e9glementation europ\u00e9enne !\u00a0\u00bb\"}]},{\"@type\":\"WebSite\",\"@id\":\"https:\/\/www.italpassion.fr\/de\/#website\",\"url\":\"https:\/\/www.italpassion.fr\/de\/\",\"name\":\"ItalPassion\",\"description\":\"Les Passionn\u00e9s d&#039;Automobiles Italiennes\",\"publisher\":{\"@id\":\"https:\/\/www.italpassion.fr\/de\/#organization\"},\"potentialAction\":[{\"@type\":\"SearchAction\",\"target\":{\"@type\":\"EntryPoint\",\"urlTemplate\":\"https:\/\/www.italpassion.fr\/de\/?s={search_term_string}\"},\"query-input\":{\"@type\":\"PropertyValueSpecification\",\"valueRequired\":true,\"valueName\":\"search_term_string\"}}],\"inLanguage\":\"de\"},{\"@type\":\"Organization\",\"@id\":\"https:\/\/www.italpassion.fr\/de\/#organization\",\"name\":\"Italpassion\",\"url\":\"https:\/\/www.italpassion.fr\/de\/\",\"logo\":{\"@type\":\"ImageObject\",\"inLanguage\":\"de\",\"@id\":\"https:\/\/www.italpassion.fr\/de\/#\/schema\/logo\/image\/\",\"url\":\"https:\/\/www.italpassion.fr\/wp-content\/uploads\/2023\/07\/italpassion-yoast.jpg\",\"contentUrl\":\"https:\/\/www.italpassion.fr\/wp-content\/uploads\/2023\/07\/italpassion-yoast.jpg\",\"width\":696,\"height\":696,\"caption\":\"Italpassion\"},\"image\":{\"@id\":\"https:\/\/www.italpassion.fr\/de\/#\/schema\/logo\/image\/\"},\"sameAs\":[\"https:\/\/www.facebook.com\/italpassion\",\"https:\/\/x.com\/italpassion\",\"https:\/\/www.instagram.com\/italpassionfr\/\",\"https:\/\/www.youtube.com\/channel\/UCleq-ByQaA42OjhopwevRjQ\",\"https:\/\/www.facebook.com\/italpassion.en\/\",\"https:\/\/www.facebook.com\/italpassion.it\/\",\"https:\/\/www.facebook.com\/italpassion.de\/\",\"https:\/\/www.facebook.com\/italpassion.ja\/\"]},{\"@type\":\"Person\",\"@id\":\"https:\/\/www.italpassion.fr\/de\/#\/schema\/person\/36f747b2a759ca202d847e85a9434ca0\",\"name\":\"Alexandre Filluzeau\",\"image\":{\"@type\":\"ImageObject\",\"inLanguage\":\"de\",\"@id\":\"https:\/\/www.italpassion.fr\/de\/#\/schema\/person\/image\/\",\"url\":\"https:\/\/www.italpassion.fr\/wp-content\/uploads\/2025\/04\/avatar-alexandre-160x160.jpg\",\"contentUrl\":\"https:\/\/www.italpassion.fr\/wp-content\/uploads\/2025\/04\/avatar-alexandre-160x160.jpg\",\"caption\":\"Alexandre Filluzeau\"},\"description\":\"Fondateur du site ItalPassion, passionn\u00e9 de voitures italiennes et de l'Italie en g\u00e9n\u00e9ral. J'apporte un regard critique et technique aux actualit\u00e9s des marques italiennes quand cela est possible. Propri\u00e9taire d'une Maserati GranTurismo, Alfa Romeo MiTo, Lancia Fulvia et Ducati 695. Ex-propri\u00e9taire d'une Alfa Romeo Giulia.\",\"sameAs\":[\"https:\/\/www.italpassion.fr\/\"],\"url\":\"https:\/\/www.italpassion.fr\/de\/author\/alexandre\/\"}]}<\/script>\n<!-- \/ Yoast SEO plugin. -->","yoast_head_json":{"title":"Neuer CEO von Stellantis besucht italienische Gewerkschaften und wendet sich an Br\u00fcssel: \"Wir m\u00fcssen die EU-Vorschriften \u00fcberarbeiten!\" - ItalPassion","description":"Montag, der 20. Oktober 2025, wird als symbolisches Datum f\u00fcr die Arbeiter in Mirafiori in Erinnerung bleiben. Zum ersten Mal seit seiner Ernennung hat der neue CEO von","robots":{"index":"index","follow":"follow","max-snippet":"max-snippet:-1","max-image-preview":"max-image-preview:large","max-video-preview":"max-video-preview:-1"},"canonical":"https:\/\/www.italpassion.fr\/de\/stellantis\/der-neue-stellantis-ceo-besucht-italienische-gewerkschaften-und-spricht-in-brussel-wir-mussen-die-europaischen-regeln-uberarbeiten\/","og_locale":"de_DE","og_type":"article","og_title":"Le nouveau CEO de Stellantis rend visite aux syndicats italiens et s'adresse \u00e0 Bruxelles : \"Nous devons revoir\u00a0la r\u00e9glementation europ\u00e9enne !\" - ItalPassion","og_description":"Lundi 20 octobre 2025 restera comme une date symbolique pour les ouvriers de Mirafiori. Pour la premi\u00e8re fois depuis sa nomination, le nouveau CEO de","og_url":"https:\/\/www.italpassion.fr\/de\/stellantis\/der-neue-stellantis-ceo-besucht-italienische-gewerkschaften-und-spricht-in-brussel-wir-mussen-die-europaischen-regeln-uberarbeiten\/","og_site_name":"ItalPassion","article_publisher":"https:\/\/www.facebook.com\/italpassion","article_published_time":"2025-10-21T07:37:43+00:00","og_image":[{"width":1200,"height":800,"url":"https:\/\/www.italpassion.fr\/wp-content\/uploads\/2025\/10\/antonio-filosa-10.jpg","type":"image\/jpeg"}],"author":"Alexandre Filluzeau","twitter_card":"summary_large_image","twitter_creator":"@italpassion","twitter_site":"@italpassion","schema":{"@context":"https:\/\/schema.org","@graph":[{"@type":"NewsArticle","@id":"https:\/\/www.italpassion.fr\/de\/stellantis\/le-nouveau-ceo-de-stellantis-rend-visite-aux-syndicats-italiens-et-sadresse-a-bruxelles-nous-devons-revoir-la-reglementation-europeenne\/#article","isPartOf":{"@id":"https:\/\/www.italpassion.fr\/de\/stellantis\/le-nouveau-ceo-de-stellantis-rend-visite-aux-syndicats-italiens-et-sadresse-a-bruxelles-nous-devons-revoir-la-reglementation-europeenne\/"},"author":{"name":"Alexandre Filluzeau","@id":"https:\/\/www.italpassion.fr\/de\/#\/schema\/person\/36f747b2a759ca202d847e85a9434ca0"},"headline":"Le nouveau CEO de Stellantis rend visite aux syndicats italiens et s&rsquo;adresse \u00e0 Bruxelles : \u00ab\u00a0Nous devons revoir\u00a0la r\u00e9glementation europ\u00e9enne !\u00a0\u00bb","datePublished":"2025-10-21T07:37:43+00:00","mainEntityOfPage":{"@id":"https:\/\/www.italpassion.fr\/de\/stellantis\/le-nouveau-ceo-de-stellantis-rend-visite-aux-syndicats-italiens-et-sadresse-a-bruxelles-nous-devons-revoir-la-reglementation-europeenne\/"},"wordCount":756,"commentCount":13,"publisher":{"@id":"https:\/\/www.italpassion.fr\/de\/#organization"},"image":{"@id":"https:\/\/www.italpassion.fr\/de\/stellantis\/le-nouveau-ceo-de-stellantis-rend-visite-aux-syndicats-italiens-et-sadresse-a-bruxelles-nous-devons-revoir-la-reglementation-europeenne\/#primaryimage"},"thumbnailUrl":"https:\/\/www.italpassion.fr\/wp-content\/uploads\/2025\/10\/antonio-filosa-10.jpg","keywords":["Antonio Filosa"],"articleSection":["Stellantis"],"inLanguage":"de","potentialAction":[{"@type":"CommentAction","name":"Comment","target":["https:\/\/www.italpassion.fr\/de\/stellantis\/le-nouveau-ceo-de-stellantis-rend-visite-aux-syndicats-italiens-et-sadresse-a-bruxelles-nous-devons-revoir-la-reglementation-europeenne\/#respond"]}]},{"@type":"WebPage","@id":"https:\/\/www.italpassion.fr\/de\/stellantis\/le-nouveau-ceo-de-stellantis-rend-visite-aux-syndicats-italiens-et-sadresse-a-bruxelles-nous-devons-revoir-la-reglementation-europeenne\/","url":"https:\/\/www.italpassion.fr\/de\/stellantis\/le-nouveau-ceo-de-stellantis-rend-visite-aux-syndicats-italiens-et-sadresse-a-bruxelles-nous-devons-revoir-la-reglementation-europeenne\/","name":"Neuer CEO von Stellantis besucht italienische Gewerkschaften und wendet sich an Br\u00fcssel: \"Wir m\u00fcssen die EU-Vorschriften \u00fcberarbeiten!\" - ItalPassion","isPartOf":{"@id":"https:\/\/www.italpassion.fr\/de\/#website"},"primaryImageOfPage":{"@id":"https:\/\/www.italpassion.fr\/de\/stellantis\/le-nouveau-ceo-de-stellantis-rend-visite-aux-syndicats-italiens-et-sadresse-a-bruxelles-nous-devons-revoir-la-reglementation-europeenne\/#primaryimage"},"image":{"@id":"https:\/\/www.italpassion.fr\/de\/stellantis\/le-nouveau-ceo-de-stellantis-rend-visite-aux-syndicats-italiens-et-sadresse-a-bruxelles-nous-devons-revoir-la-reglementation-europeenne\/#primaryimage"},"thumbnailUrl":"https:\/\/www.italpassion.fr\/wp-content\/uploads\/2025\/10\/antonio-filosa-10.jpg","datePublished":"2025-10-21T07:37:43+00:00","description":"Montag, der 20. Oktober 2025, wird als symbolisches Datum f\u00fcr die Arbeiter in Mirafiori in Erinnerung bleiben. Zum ersten Mal seit seiner Ernennung hat der neue CEO von","breadcrumb":{"@id":"https:\/\/www.italpassion.fr\/de\/stellantis\/le-nouveau-ceo-de-stellantis-rend-visite-aux-syndicats-italiens-et-sadresse-a-bruxelles-nous-devons-revoir-la-reglementation-europeenne\/#breadcrumb"},"inLanguage":"de","potentialAction":[{"@type":"ReadAction","target":["https:\/\/www.italpassion.fr\/de\/stellantis\/le-nouveau-ceo-de-stellantis-rend-visite-aux-syndicats-italiens-et-sadresse-a-bruxelles-nous-devons-revoir-la-reglementation-europeenne\/"]}]},{"@type":"ImageObject","inLanguage":"de","@id":"https:\/\/www.italpassion.fr\/de\/stellantis\/le-nouveau-ceo-de-stellantis-rend-visite-aux-syndicats-italiens-et-sadresse-a-bruxelles-nous-devons-revoir-la-reglementation-europeenne\/#primaryimage","url":"https:\/\/www.italpassion.fr\/wp-content\/uploads\/2025\/10\/antonio-filosa-10.jpg","contentUrl":"https:\/\/www.italpassion.fr\/wp-content\/uploads\/2025\/10\/antonio-filosa-10.jpg","width":1200,"height":800},{"@type":"BreadcrumbList","@id":"https:\/\/www.italpassion.fr\/de\/stellantis\/le-nouveau-ceo-de-stellantis-rend-visite-aux-syndicats-italiens-et-sadresse-a-bruxelles-nous-devons-revoir-la-reglementation-europeenne\/#breadcrumb","itemListElement":[{"@type":"ListItem","position":1,"name":"Accueil","item":"https:\/\/www.italpassion.fr\/de\/"},{"@type":"ListItem","position":2,"name":"Le nouveau CEO de Stellantis rend visite aux syndicats italiens et s&rsquo;adresse \u00e0 Bruxelles : \u00ab\u00a0Nous devons revoir\u00a0la r\u00e9glementation europ\u00e9enne !\u00a0\u00bb"}]},{"@type":"WebSite","@id":"https:\/\/www.italpassion.fr\/de\/#website","url":"https:\/\/www.italpassion.fr\/de\/","name":"ItalPassion","description":"Die Liebhaber italienischer Autos","publisher":{"@id":"https:\/\/www.italpassion.fr\/de\/#organization"},"potentialAction":[{"@type":"SearchAction","target":{"@type":"EntryPoint","urlTemplate":"https:\/\/www.italpassion.fr\/de\/?s={search_term_string}"},"query-input":{"@type":"PropertyValueSpecification","valueRequired":true,"valueName":"search_term_string"}}],"inLanguage":"de"},{"@type":"Organization","@id":"https:\/\/www.italpassion.fr\/de\/#organization","name":"Italpassion","url":"https:\/\/www.italpassion.fr\/de\/","logo":{"@type":"ImageObject","inLanguage":"de","@id":"https:\/\/www.italpassion.fr\/de\/#\/schema\/logo\/image\/","url":"https:\/\/www.italpassion.fr\/wp-content\/uploads\/2023\/07\/italpassion-yoast.jpg","contentUrl":"https:\/\/www.italpassion.fr\/wp-content\/uploads\/2023\/07\/italpassion-yoast.jpg","width":696,"height":696,"caption":"Italpassion"},"image":{"@id":"https:\/\/www.italpassion.fr\/de\/#\/schema\/logo\/image\/"},"sameAs":["https:\/\/www.facebook.com\/italpassion","https:\/\/x.com\/italpassion","https:\/\/www.instagram.com\/italpassionfr\/","https:\/\/www.youtube.com\/channel\/UCleq-ByQaA42OjhopwevRjQ","https:\/\/www.facebook.com\/italpassion.en\/","https:\/\/www.facebook.com\/italpassion.it\/","https:\/\/www.facebook.com\/italpassion.de\/","https:\/\/www.facebook.com\/italpassion.ja\/"]},{"@type":"Person","@id":"https:\/\/www.italpassion.fr\/de\/#\/schema\/person\/36f747b2a759ca202d847e85a9434ca0","name":"Alexandre Filluzeau","image":{"@type":"ImageObject","inLanguage":"de","@id":"https:\/\/www.italpassion.fr\/de\/#\/schema\/person\/image\/","url":"https:\/\/www.italpassion.fr\/wp-content\/uploads\/2025\/04\/avatar-alexandre-160x160.jpg","contentUrl":"https:\/\/www.italpassion.fr\/wp-content\/uploads\/2025\/04\/avatar-alexandre-160x160.jpg","caption":"Alexandre Filluzeau"},"description":"Gr\u00fcnder der Website ItalPassion, leidenschaftlicher Fan von italienischen Autos und Italien im Allgemeinen. Ich bringe einen kritischen und technischen Blick auf die Nachrichten der italienischen Marken, wann immer es m\u00f6glich ist. Besitzer eines Maserati GranTurismo, Alfa Romeo MiTo, Lancia Fulvia und Ducati 695. Ex-Besitzer einer Alfa Romeo Giulia.","sameAs":["https:\/\/www.italpassion.fr\/"],"url":"https:\/\/www.italpassion.fr\/de\/author\/alexandre\/"}]}},"_links":{"self":[{"href":"https:\/\/www.italpassion.fr\/de\/wp-json\/wp\/v2\/posts\/42321","targetHints":{"allow":["GET"]}}],"collection":[{"href":"https:\/\/www.italpassion.fr\/de\/wp-json\/wp\/v2\/posts"}],"about":[{"href":"https:\/\/www.italpassion.fr\/de\/wp-json\/wp\/v2\/types\/post"}],"author":[{"embeddable":true,"href":"https:\/\/www.italpassion.fr\/de\/wp-json\/wp\/v2\/users\/1"}],"replies":[{"embeddable":true,"href":"https:\/\/www.italpassion.fr\/de\/wp-json\/wp\/v2\/comments?post=42321"}],"version-history":[{"count":1,"href":"https:\/\/www.italpassion.fr\/de\/wp-json\/wp\/v2\/posts\/42321\/revisions"}],"predecessor-version":[{"id":42323,"href":"https:\/\/www.italpassion.fr\/de\/wp-json\/wp\/v2\/posts\/42321\/revisions\/42323"}],"wp:featuredmedia":[{"embeddable":true,"href":"https:\/\/www.italpassion.fr\/de\/wp-json\/wp\/v2\/media\/42322"}],"wp:attachment":[{"href":"https:\/\/www.italpassion.fr\/de\/wp-json\/wp\/v2\/media?parent=42321"}],"wp:term":[{"taxonomy":"category","embeddable":true,"href":"https:\/\/www.italpassion.fr\/de\/wp-json\/wp\/v2\/categories?post=42321"},{"taxonomy":"post_tag","embeddable":true,"href":"https:\/\/www.italpassion.fr\/de\/wp-json\/wp\/v2\/tags?post=42321"}],"curies":[{"name":"wp","href":"https:\/\/api.w.org\/{rel}","templated":true}]}}