{"id":41275,"date":"2025-09-15T11:05:45","date_gmt":"2025-09-15T09:05:45","guid":{"rendered":"https:\/\/www.italpassion.fr\/?p=41275"},"modified":"2025-09-15T11:05:45","modified_gmt":"2025-09-15T09:05:45","slug":"der-neue-ferrari-849-hatte-fast-nicht-testarossa-geheisen","status":"publish","type":"post","link":"https:\/\/www.italpassion.fr\/de\/ferrari\/la-nouvelle-ferrari-849-a-failli-ne-pas-sappeler-testarossa\/","title":{"rendered":"Der neue Ferrari 849 h\u00e4tte fast nicht Testarossa gehei\u00dfen"},"content":{"rendered":"<figure class=\"wp-block-image size-full\"><img loading=\"lazy\" decoding=\"async\" width=\"1200\" height=\"800\" src=\"https:\/\/www.italpassion.fr\/wp-content\/uploads\/2025\/09\/ferrari-849-testarossa-M.jpg\" alt=\"\" class=\"wp-image-41246\" srcset=\"https:\/\/www.italpassion.fr\/wp-content\/uploads\/2025\/09\/ferrari-849-testarossa-M.jpg 1200w, https:\/\/www.italpassion.fr\/wp-content\/uploads\/2025\/09\/ferrari-849-testarossa-M-420x280.jpg 420w, https:\/\/www.italpassion.fr\/wp-content\/uploads\/2025\/09\/ferrari-849-testarossa-M-768x512.jpg 768w, https:\/\/www.italpassion.fr\/wp-content\/uploads\/2025\/09\/ferrari-849-testarossa-M-18x12.jpg 18w\" sizes=\"auto, (max-width: 1200px) 100vw, 1200px\" \/><\/figure>\n\n\n\n<p>Als der Ferrari 849 Testarossa am 9. September 2025 enth\u00fcllt wurde, fiel er sofort ins Auge. Nicht nur wegen seiner technischen Daten - ein V8-Biturbo-Hybrid mit 1050 PS -, sondern auch wegen der Wahl seines Namens. Vier geschichtstr\u00e4chtige Silben: Testarossa. Ein Erbe, das so schwer wiegt, dass es dem <a href=\"https:\/\/www.italpassion.fr\/de\/ferrari\/\">Ferrari<\/a>. Denn dieser Supersportwagen h\u00e4tte diesen mythischen Namen beinahe nie getragen.<\/p>\n\n\n\n<h2 class=\"wp-block-heading\">Ein Name, der eng mit Ferrari verbunden ist<\/h2>\n\n\n\n<p>Seit 1957 mit dem 250 Testa Rossa und dann vor allem mit der Berlinette von 1984 ist \"Testarossa\" untrennbar mit dem sich aufb\u00e4umenden Pferd verbunden. Auf Italienisch bedeutet es \"roter Kopf\" und bezieht sich auf die in dieser Farbe lackierten Zylinderkopfdeckel. Als Symbol einer Epoche, eines Stils und eines Zw\u00f6lfzylindermotors hat der Testarossa die kollektive Vorstellungswelt so sehr gepr\u00e4gt, dass selbst der Name allein bei Au\u00dfenstehenden Assoziationen mit Ferrari hervorruft.<\/p>\n\n\n\n<h2 class=\"wp-block-heading\">Aber Ferrari h\u00e4tte fast alles verloren<\/h2>\n\n\n\n<p>Und doch wurden 2015 die Rechte der Marke aus Maranello an \"Testarossa\" vom Europ\u00e4ischen Amt f\u00fcr geistiges Eigentum f\u00fcr nichtig erkl\u00e4rt. Das Argument? Keine \"tats\u00e4chliche Nutzung\" des Namens seit mehr als f\u00fcnf Jahren. Der deutsche Gesch\u00e4ftsmann Kurt Hesse, der in der Spielzeug- und Miniaturautomobilbranche t\u00e4tig ist, hatte den Antrag gestellt. Nach dem Gesetz hatte Ferrari keinen Grund mehr, den Namen zu behalten, da kein Modell mit diesem Namen produziert wurde. Ein Erdbeben: Der Name \"Testarossa\" wurde rechtlich frei.<\/p>\n\n\n\n<p>Ferrari schl\u00e4gt nat\u00fcrlich zur\u00fcck. Nach einem langen Rechtsstreit wurde die Entscheidung schlie\u00dflich im Jahr 2025 vom Gericht der Europ\u00e4ischen Union gekippt. Der Hersteller erhielt seine Rechte zur\u00fcck. In Maranello wusste man jedoch, dass man die Zukunft absichern musste.<\/p>\n\n\n\n<h2 class=\"wp-block-heading\">Der isl\u00e4ndische Trick: die Einlage \"849 Testarossa\".<\/h2>\n\n\n\n<p>Einige Wochen vor der Markteinf\u00fchrung des Autos <a href=\"https:\/\/www.italpassion.fr\/de\/ferrari\/ferrari-konnte-einen-neuen-testarossa-mit-einem-noch-starkeren-v12-als-der-12cilindri-auf-den-markt-bringen\/\">Ferrari meldet daher eine neue Marke an: \"849 Testarossa\".<\/a>. Interessanterweise ist diese Anmeldung nicht in Genf oder Madrid registriert, sondern ... in Island. Eine juristische Raffinesse. Dieses Land, das sowohl auf der europ\u00e4ischen als auch auf der nordamerikanischen tektonischen Platte liegt, bietet eine M\u00f6glichkeit, die Rechte in zwei geografischen Gebieten zu st\u00e4rken. Dank dieses juristischen Pokers ist der Name bis 2035 sowohl in Europa als auch in Amerika gesch\u00fctzt.<\/p>\n\n\n\n<p>Diese Bewegung erkl\u00e4rt, warum wir bereits im Juli 2025 die Information erhielten, als wir diese mysteri\u00f6se Markenanmeldung entdeckten. Einige stellten sich einen V12 mit 849 PS vor, eine direkte Anspielung auf die Zahl. Der 849 Testarossa wird jedoch von einem V8-Biturbo-Hybrid angetrieben, der von drei Elektromotoren unterst\u00fctzt wird und insgesamt 1.050 PS leistet.<\/p>\n\n\n\n<h2 class=\"wp-block-heading\">Was, wenn sie anders gehei\u00dfen h\u00e4tte?<\/h2>\n\n\n\n<p>Stellen Sie sich f\u00fcr einen Moment vor, Ferrari h\u00e4tte den Rechtsstreit verloren. Der Supersportwagen, den wir heute als 849 Testarossa kennen, h\u00e4tte sich mit einem anderen Namen begn\u00fcgen m\u00fcssen: 849 GTB und 849 GTS? 849 Superfast? Die Frage kann aber auch andersherum gestellt werden, ob Ferrari sein Auto letztendlich nicht nur Testarossa genannt hat, um die Marke rechtlich zu sch\u00fctzen?<\/p>","protected":false},"excerpt":{"rendered":"","protected":false},"author":1,"featured_media":41246,"comment_status":"open","ping_status":"open","sticky":false,"template":"","format":"standard","meta":{"_acf_changed":false,"_sitemap_exclude":false,"_sitemap_priority":"","_sitemap_frequency":"","footnotes":""},"categories":[23],"tags":[567],"class_list":["post-41275","post","type-post","status-publish","format-standard","has-post-thumbnail","hentry","category-ferrari","tag-ferrari-849-testarossa","generate-columns","tablet-grid-50","mobile-grid-100","grid-parent","grid-33"],"acf":[],"yoast_head":"<!-- This site is optimized with the Yoast SEO plugin v25.8 - https:\/\/yoast.com\/wordpress\/plugins\/seo\/ -->\n<title>La nouvelle Ferrari 849 a failli ne pas s&#039;appeler Testarossa - ItalPassion<\/title>\n<meta name=\"description\" content=\"Lorsqu\u2019elle a \u00e9t\u00e9 d\u00e9voil\u00e9e le 9 septembre 2025, la Ferrari 849 Testarossa a imm\u00e9diatement frapp\u00e9 les esprits. Non seulement par sa fiche technique, un V8\" \/>\n<meta name=\"robots\" content=\"index, follow, max-snippet:-1, max-image-preview:large, max-video-preview:-1\" \/>\n<link rel=\"canonical\" href=\"https:\/\/www.italpassion.fr\/de\/ferrari\/der-neue-ferrari-849-hatte-fast-nicht-testarossa-geheisen\/\" \/>\n<meta property=\"og:locale\" content=\"de_DE\" \/>\n<meta property=\"og:type\" content=\"article\" \/>\n<meta property=\"og:title\" content=\"La nouvelle Ferrari 849 a failli ne pas s&#039;appeler Testarossa - ItalPassion\" \/>\n<meta property=\"og:description\" content=\"Lorsqu\u2019elle a \u00e9t\u00e9 d\u00e9voil\u00e9e le 9 septembre 2025, la Ferrari 849 Testarossa a imm\u00e9diatement frapp\u00e9 les esprits. Non seulement par sa fiche technique, un V8\" \/>\n<meta property=\"og:url\" content=\"https:\/\/www.italpassion.fr\/de\/ferrari\/der-neue-ferrari-849-hatte-fast-nicht-testarossa-geheisen\/\" \/>\n<meta property=\"og:site_name\" content=\"ItalPassion\" \/>\n<meta property=\"article:publisher\" content=\"https:\/\/www.facebook.com\/italpassion\" \/>\n<meta property=\"article:published_time\" content=\"2025-09-15T09:05:45+00:00\" \/>\n<meta property=\"og:image\" content=\"https:\/\/www.italpassion.fr\/wp-content\/uploads\/2025\/09\/ferrari-849-testarossa-M.jpg\" \/>\n\t<meta property=\"og:image:width\" content=\"1200\" \/>\n\t<meta property=\"og:image:height\" content=\"800\" \/>\n\t<meta property=\"og:image:type\" content=\"image\/jpeg\" \/>\n<meta name=\"author\" content=\"Alexandre Filluzeau\" \/>\n<meta name=\"twitter:card\" content=\"summary_large_image\" \/>\n<meta name=\"twitter:creator\" content=\"@italpassion\" \/>\n<meta name=\"twitter:site\" content=\"@italpassion\" \/>\n<script type=\"application\/ld+json\" class=\"yoast-schema-graph\">{\"@context\":\"https:\/\/schema.org\",\"@graph\":[{\"@type\":\"NewsArticle\",\"@id\":\"https:\/\/www.italpassion.fr\/de\/ferrari\/la-nouvelle-ferrari-849-a-failli-ne-pas-sappeler-testarossa\/#article\",\"isPartOf\":{\"@id\":\"https:\/\/www.italpassion.fr\/de\/ferrari\/la-nouvelle-ferrari-849-a-failli-ne-pas-sappeler-testarossa\/\"},\"author\":{\"name\":\"Alexandre Filluzeau\",\"@id\":\"https:\/\/www.italpassion.fr\/de\/#\/schema\/person\/36f747b2a759ca202d847e85a9434ca0\"},\"headline\":\"La nouvelle Ferrari 849 a failli ne pas s&rsquo;appeler Testarossa\",\"datePublished\":\"2025-09-15T09:05:45+00:00\",\"mainEntityOfPage\":{\"@id\":\"https:\/\/www.italpassion.fr\/de\/ferrari\/la-nouvelle-ferrari-849-a-failli-ne-pas-sappeler-testarossa\/\"},\"wordCount\":511,\"commentCount\":4,\"publisher\":{\"@id\":\"https:\/\/www.italpassion.fr\/de\/#organization\"},\"image\":{\"@id\":\"https:\/\/www.italpassion.fr\/de\/ferrari\/la-nouvelle-ferrari-849-a-failli-ne-pas-sappeler-testarossa\/#primaryimage\"},\"thumbnailUrl\":\"https:\/\/www.italpassion.fr\/wp-content\/uploads\/2025\/09\/ferrari-849-testarossa-M.jpg\",\"keywords\":[\"Ferrari 849 Testarossa\"],\"articleSection\":[\"Ferrari\"],\"inLanguage\":\"de\",\"potentialAction\":[{\"@type\":\"CommentAction\",\"name\":\"Comment\",\"target\":[\"https:\/\/www.italpassion.fr\/de\/ferrari\/la-nouvelle-ferrari-849-a-failli-ne-pas-sappeler-testarossa\/#respond\"]}]},{\"@type\":\"WebPage\",\"@id\":\"https:\/\/www.italpassion.fr\/de\/ferrari\/la-nouvelle-ferrari-849-a-failli-ne-pas-sappeler-testarossa\/\",\"url\":\"https:\/\/www.italpassion.fr\/de\/ferrari\/la-nouvelle-ferrari-849-a-failli-ne-pas-sappeler-testarossa\/\",\"name\":\"La nouvelle Ferrari 849 a failli ne pas s'appeler Testarossa - ItalPassion\",\"isPartOf\":{\"@id\":\"https:\/\/www.italpassion.fr\/de\/#website\"},\"primaryImageOfPage\":{\"@id\":\"https:\/\/www.italpassion.fr\/de\/ferrari\/la-nouvelle-ferrari-849-a-failli-ne-pas-sappeler-testarossa\/#primaryimage\"},\"image\":{\"@id\":\"https:\/\/www.italpassion.fr\/de\/ferrari\/la-nouvelle-ferrari-849-a-failli-ne-pas-sappeler-testarossa\/#primaryimage\"},\"thumbnailUrl\":\"https:\/\/www.italpassion.fr\/wp-content\/uploads\/2025\/09\/ferrari-849-testarossa-M.jpg\",\"datePublished\":\"2025-09-15T09:05:45+00:00\",\"description\":\"Lorsqu\u2019elle a \u00e9t\u00e9 d\u00e9voil\u00e9e le 9 septembre 2025, la Ferrari 849 Testarossa a imm\u00e9diatement frapp\u00e9 les esprits. Non seulement par sa fiche technique, un V8\",\"breadcrumb\":{\"@id\":\"https:\/\/www.italpassion.fr\/de\/ferrari\/la-nouvelle-ferrari-849-a-failli-ne-pas-sappeler-testarossa\/#breadcrumb\"},\"inLanguage\":\"de\",\"potentialAction\":[{\"@type\":\"ReadAction\",\"target\":[\"https:\/\/www.italpassion.fr\/de\/ferrari\/la-nouvelle-ferrari-849-a-failli-ne-pas-sappeler-testarossa\/\"]}]},{\"@type\":\"ImageObject\",\"inLanguage\":\"de\",\"@id\":\"https:\/\/www.italpassion.fr\/de\/ferrari\/la-nouvelle-ferrari-849-a-failli-ne-pas-sappeler-testarossa\/#primaryimage\",\"url\":\"https:\/\/www.italpassion.fr\/wp-content\/uploads\/2025\/09\/ferrari-849-testarossa-M.jpg\",\"contentUrl\":\"https:\/\/www.italpassion.fr\/wp-content\/uploads\/2025\/09\/ferrari-849-testarossa-M.jpg\",\"width\":1200,\"height\":800},{\"@type\":\"BreadcrumbList\",\"@id\":\"https:\/\/www.italpassion.fr\/de\/ferrari\/la-nouvelle-ferrari-849-a-failli-ne-pas-sappeler-testarossa\/#breadcrumb\",\"itemListElement\":[{\"@type\":\"ListItem\",\"position\":1,\"name\":\"Accueil\",\"item\":\"https:\/\/www.italpassion.fr\/de\/\"},{\"@type\":\"ListItem\",\"position\":2,\"name\":\"La nouvelle Ferrari 849 a failli ne pas s&rsquo;appeler Testarossa\"}]},{\"@type\":\"WebSite\",\"@id\":\"https:\/\/www.italpassion.fr\/de\/#website\",\"url\":\"https:\/\/www.italpassion.fr\/de\/\",\"name\":\"ItalPassion\",\"description\":\"Les Passionn\u00e9s d&#039;Automobiles Italiennes\",\"publisher\":{\"@id\":\"https:\/\/www.italpassion.fr\/de\/#organization\"},\"potentialAction\":[{\"@type\":\"SearchAction\",\"target\":{\"@type\":\"EntryPoint\",\"urlTemplate\":\"https:\/\/www.italpassion.fr\/de\/?s={search_term_string}\"},\"query-input\":{\"@type\":\"PropertyValueSpecification\",\"valueRequired\":true,\"valueName\":\"search_term_string\"}}],\"inLanguage\":\"de\"},{\"@type\":\"Organization\",\"@id\":\"https:\/\/www.italpassion.fr\/de\/#organization\",\"name\":\"Italpassion\",\"url\":\"https:\/\/www.italpassion.fr\/de\/\",\"logo\":{\"@type\":\"ImageObject\",\"inLanguage\":\"de\",\"@id\":\"https:\/\/www.italpassion.fr\/de\/#\/schema\/logo\/image\/\",\"url\":\"https:\/\/www.italpassion.fr\/wp-content\/uploads\/2023\/07\/italpassion-yoast.jpg\",\"contentUrl\":\"https:\/\/www.italpassion.fr\/wp-content\/uploads\/2023\/07\/italpassion-yoast.jpg\",\"width\":696,\"height\":696,\"caption\":\"Italpassion\"},\"image\":{\"@id\":\"https:\/\/www.italpassion.fr\/de\/#\/schema\/logo\/image\/\"},\"sameAs\":[\"https:\/\/www.facebook.com\/italpassion\",\"https:\/\/x.com\/italpassion\",\"https:\/\/www.instagram.com\/italpassionfr\/\",\"https:\/\/www.youtube.com\/channel\/UCleq-ByQaA42OjhopwevRjQ\",\"https:\/\/www.facebook.com\/italpassion.en\/\",\"https:\/\/www.facebook.com\/italpassion.it\/\",\"https:\/\/www.facebook.com\/italpassion.de\/\",\"https:\/\/www.facebook.com\/italpassion.ja\/\"]},{\"@type\":\"Person\",\"@id\":\"https:\/\/www.italpassion.fr\/de\/#\/schema\/person\/36f747b2a759ca202d847e85a9434ca0\",\"name\":\"Alexandre Filluzeau\",\"image\":{\"@type\":\"ImageObject\",\"inLanguage\":\"de\",\"@id\":\"https:\/\/www.italpassion.fr\/de\/#\/schema\/person\/image\/\",\"url\":\"https:\/\/www.italpassion.fr\/wp-content\/uploads\/2025\/04\/avatar-alexandre-160x160.jpg\",\"contentUrl\":\"https:\/\/www.italpassion.fr\/wp-content\/uploads\/2025\/04\/avatar-alexandre-160x160.jpg\",\"caption\":\"Alexandre Filluzeau\"},\"description\":\"Fondateur du site ItalPassion, passionn\u00e9 de voitures italiennes et de l'Italie en g\u00e9n\u00e9ral. J'apporte un regard critique et technique aux actualit\u00e9s des marques italiennes quand cela est possible. Propri\u00e9taire d'une Maserati GranTurismo, Alfa Romeo MiTo, Lancia Fulvia et Ducati 695. Ex-propri\u00e9taire d'une Alfa Romeo Giulia.\",\"sameAs\":[\"https:\/\/www.italpassion.fr\/\"],\"url\":\"https:\/\/www.italpassion.fr\/de\/author\/alexandre\/\"}]}<\/script>\n<!-- \/ Yoast SEO plugin. -->","yoast_head_json":{"title":"Der neue Ferrari 849 h\u00e4tte fast nicht Testarossa gehei\u00dfen - ItalPassion","description":"Als der Ferrari 849 Testarossa am 9. September 2025 enth\u00fcllt wurde, fiel er sofort ins Auge. Nicht nur wegen seiner technischen Daten, einem V8","robots":{"index":"index","follow":"follow","max-snippet":"max-snippet:-1","max-image-preview":"max-image-preview:large","max-video-preview":"max-video-preview:-1"},"canonical":"https:\/\/www.italpassion.fr\/de\/ferrari\/der-neue-ferrari-849-hatte-fast-nicht-testarossa-geheisen\/","og_locale":"de_DE","og_type":"article","og_title":"La nouvelle Ferrari 849 a failli ne pas s'appeler Testarossa - ItalPassion","og_description":"Lorsqu\u2019elle a \u00e9t\u00e9 d\u00e9voil\u00e9e le 9 septembre 2025, la Ferrari 849 Testarossa a imm\u00e9diatement frapp\u00e9 les esprits. Non seulement par sa fiche technique, un V8","og_url":"https:\/\/www.italpassion.fr\/de\/ferrari\/der-neue-ferrari-849-hatte-fast-nicht-testarossa-geheisen\/","og_site_name":"ItalPassion","article_publisher":"https:\/\/www.facebook.com\/italpassion","article_published_time":"2025-09-15T09:05:45+00:00","og_image":[{"width":1200,"height":800,"url":"https:\/\/www.italpassion.fr\/wp-content\/uploads\/2025\/09\/ferrari-849-testarossa-M.jpg","type":"image\/jpeg"}],"author":"Alexandre Filluzeau","twitter_card":"summary_large_image","twitter_creator":"@italpassion","twitter_site":"@italpassion","schema":{"@context":"https:\/\/schema.org","@graph":[{"@type":"NewsArticle","@id":"https:\/\/www.italpassion.fr\/de\/ferrari\/la-nouvelle-ferrari-849-a-failli-ne-pas-sappeler-testarossa\/#article","isPartOf":{"@id":"https:\/\/www.italpassion.fr\/de\/ferrari\/la-nouvelle-ferrari-849-a-failli-ne-pas-sappeler-testarossa\/"},"author":{"name":"Alexandre Filluzeau","@id":"https:\/\/www.italpassion.fr\/de\/#\/schema\/person\/36f747b2a759ca202d847e85a9434ca0"},"headline":"La nouvelle Ferrari 849 a failli ne pas s&rsquo;appeler Testarossa","datePublished":"2025-09-15T09:05:45+00:00","mainEntityOfPage":{"@id":"https:\/\/www.italpassion.fr\/de\/ferrari\/la-nouvelle-ferrari-849-a-failli-ne-pas-sappeler-testarossa\/"},"wordCount":511,"commentCount":4,"publisher":{"@id":"https:\/\/www.italpassion.fr\/de\/#organization"},"image":{"@id":"https:\/\/www.italpassion.fr\/de\/ferrari\/la-nouvelle-ferrari-849-a-failli-ne-pas-sappeler-testarossa\/#primaryimage"},"thumbnailUrl":"https:\/\/www.italpassion.fr\/wp-content\/uploads\/2025\/09\/ferrari-849-testarossa-M.jpg","keywords":["Ferrari 849 Testarossa"],"articleSection":["Ferrari"],"inLanguage":"de","potentialAction":[{"@type":"CommentAction","name":"Comment","target":["https:\/\/www.italpassion.fr\/de\/ferrari\/la-nouvelle-ferrari-849-a-failli-ne-pas-sappeler-testarossa\/#respond"]}]},{"@type":"WebPage","@id":"https:\/\/www.italpassion.fr\/de\/ferrari\/la-nouvelle-ferrari-849-a-failli-ne-pas-sappeler-testarossa\/","url":"https:\/\/www.italpassion.fr\/de\/ferrari\/la-nouvelle-ferrari-849-a-failli-ne-pas-sappeler-testarossa\/","name":"Der neue Ferrari 849 h\u00e4tte fast nicht Testarossa gehei\u00dfen - ItalPassion","isPartOf":{"@id":"https:\/\/www.italpassion.fr\/de\/#website"},"primaryImageOfPage":{"@id":"https:\/\/www.italpassion.fr\/de\/ferrari\/la-nouvelle-ferrari-849-a-failli-ne-pas-sappeler-testarossa\/#primaryimage"},"image":{"@id":"https:\/\/www.italpassion.fr\/de\/ferrari\/la-nouvelle-ferrari-849-a-failli-ne-pas-sappeler-testarossa\/#primaryimage"},"thumbnailUrl":"https:\/\/www.italpassion.fr\/wp-content\/uploads\/2025\/09\/ferrari-849-testarossa-M.jpg","datePublished":"2025-09-15T09:05:45+00:00","description":"Als der Ferrari 849 Testarossa am 9. September 2025 enth\u00fcllt wurde, fiel er sofort ins Auge. Nicht nur wegen seiner technischen Daten, einem V8","breadcrumb":{"@id":"https:\/\/www.italpassion.fr\/de\/ferrari\/la-nouvelle-ferrari-849-a-failli-ne-pas-sappeler-testarossa\/#breadcrumb"},"inLanguage":"de","potentialAction":[{"@type":"ReadAction","target":["https:\/\/www.italpassion.fr\/de\/ferrari\/la-nouvelle-ferrari-849-a-failli-ne-pas-sappeler-testarossa\/"]}]},{"@type":"ImageObject","inLanguage":"de","@id":"https:\/\/www.italpassion.fr\/de\/ferrari\/la-nouvelle-ferrari-849-a-failli-ne-pas-sappeler-testarossa\/#primaryimage","url":"https:\/\/www.italpassion.fr\/wp-content\/uploads\/2025\/09\/ferrari-849-testarossa-M.jpg","contentUrl":"https:\/\/www.italpassion.fr\/wp-content\/uploads\/2025\/09\/ferrari-849-testarossa-M.jpg","width":1200,"height":800},{"@type":"BreadcrumbList","@id":"https:\/\/www.italpassion.fr\/de\/ferrari\/la-nouvelle-ferrari-849-a-failli-ne-pas-sappeler-testarossa\/#breadcrumb","itemListElement":[{"@type":"ListItem","position":1,"name":"Accueil","item":"https:\/\/www.italpassion.fr\/de\/"},{"@type":"ListItem","position":2,"name":"La nouvelle Ferrari 849 a failli ne pas s&rsquo;appeler Testarossa"}]},{"@type":"WebSite","@id":"https:\/\/www.italpassion.fr\/de\/#website","url":"https:\/\/www.italpassion.fr\/de\/","name":"ItalPassion","description":"Die Liebhaber italienischer Autos","publisher":{"@id":"https:\/\/www.italpassion.fr\/de\/#organization"},"potentialAction":[{"@type":"SearchAction","target":{"@type":"EntryPoint","urlTemplate":"https:\/\/www.italpassion.fr\/de\/?s={search_term_string}"},"query-input":{"@type":"PropertyValueSpecification","valueRequired":true,"valueName":"search_term_string"}}],"inLanguage":"de"},{"@type":"Organization","@id":"https:\/\/www.italpassion.fr\/de\/#organization","name":"Italpassion","url":"https:\/\/www.italpassion.fr\/de\/","logo":{"@type":"ImageObject","inLanguage":"de","@id":"https:\/\/www.italpassion.fr\/de\/#\/schema\/logo\/image\/","url":"https:\/\/www.italpassion.fr\/wp-content\/uploads\/2023\/07\/italpassion-yoast.jpg","contentUrl":"https:\/\/www.italpassion.fr\/wp-content\/uploads\/2023\/07\/italpassion-yoast.jpg","width":696,"height":696,"caption":"Italpassion"},"image":{"@id":"https:\/\/www.italpassion.fr\/de\/#\/schema\/logo\/image\/"},"sameAs":["https:\/\/www.facebook.com\/italpassion","https:\/\/x.com\/italpassion","https:\/\/www.instagram.com\/italpassionfr\/","https:\/\/www.youtube.com\/channel\/UCleq-ByQaA42OjhopwevRjQ","https:\/\/www.facebook.com\/italpassion.en\/","https:\/\/www.facebook.com\/italpassion.it\/","https:\/\/www.facebook.com\/italpassion.de\/","https:\/\/www.facebook.com\/italpassion.ja\/"]},{"@type":"Person","@id":"https:\/\/www.italpassion.fr\/de\/#\/schema\/person\/36f747b2a759ca202d847e85a9434ca0","name":"Alexandre Filluzeau","image":{"@type":"ImageObject","inLanguage":"de","@id":"https:\/\/www.italpassion.fr\/de\/#\/schema\/person\/image\/","url":"https:\/\/www.italpassion.fr\/wp-content\/uploads\/2025\/04\/avatar-alexandre-160x160.jpg","contentUrl":"https:\/\/www.italpassion.fr\/wp-content\/uploads\/2025\/04\/avatar-alexandre-160x160.jpg","caption":"Alexandre Filluzeau"},"description":"Gr\u00fcnder der Website ItalPassion, leidenschaftlicher Fan von italienischen Autos und Italien im Allgemeinen. Ich bringe einen kritischen und technischen Blick auf die Nachrichten der italienischen Marken, wann immer es m\u00f6glich ist. Besitzer eines Maserati GranTurismo, Alfa Romeo MiTo, Lancia Fulvia und Ducati 695. Ex-Besitzer einer Alfa Romeo Giulia.","sameAs":["https:\/\/www.italpassion.fr\/"],"url":"https:\/\/www.italpassion.fr\/de\/author\/alexandre\/"}]}},"_links":{"self":[{"href":"https:\/\/www.italpassion.fr\/de\/wp-json\/wp\/v2\/posts\/41275","targetHints":{"allow":["GET"]}}],"collection":[{"href":"https:\/\/www.italpassion.fr\/de\/wp-json\/wp\/v2\/posts"}],"about":[{"href":"https:\/\/www.italpassion.fr\/de\/wp-json\/wp\/v2\/types\/post"}],"author":[{"embeddable":true,"href":"https:\/\/www.italpassion.fr\/de\/wp-json\/wp\/v2\/users\/1"}],"replies":[{"embeddable":true,"href":"https:\/\/www.italpassion.fr\/de\/wp-json\/wp\/v2\/comments?post=41275"}],"version-history":[{"count":3,"href":"https:\/\/www.italpassion.fr\/de\/wp-json\/wp\/v2\/posts\/41275\/revisions"}],"predecessor-version":[{"id":41290,"href":"https:\/\/www.italpassion.fr\/de\/wp-json\/wp\/v2\/posts\/41275\/revisions\/41290"}],"wp:featuredmedia":[{"embeddable":true,"href":"https:\/\/www.italpassion.fr\/de\/wp-json\/wp\/v2\/media\/41246"}],"wp:attachment":[{"href":"https:\/\/www.italpassion.fr\/de\/wp-json\/wp\/v2\/media?parent=41275"}],"wp:term":[{"taxonomy":"category","embeddable":true,"href":"https:\/\/www.italpassion.fr\/de\/wp-json\/wp\/v2\/categories?post=41275"},{"taxonomy":"post_tag","embeddable":true,"href":"https:\/\/www.italpassion.fr\/de\/wp-json\/wp\/v2\/tags?post=41275"}],"curies":[{"name":"wp","href":"https:\/\/api.w.org\/{rel}","templated":true}]}}