{"id":41226,"date":"2025-09-12T09:52:41","date_gmt":"2025-09-12T07:52:41","guid":{"rendered":"https:\/\/www.italpassion.fr\/?p=41226"},"modified":"2025-09-12T09:52:41","modified_gmt":"2025-09-12T07:52:41","slug":"warum-ein-e-auto-projekt-der-europaischen-union-stellantis-und-vor-allem-fiat-nutzen-konnte","status":"publish","type":"post","link":"https:\/\/www.italpassion.fr\/de\/stellantis\/pourquoi-projet-e-car-de-lunion-europeenne-pourrait-profiter-a-stellantis-et-surtout-a-fiat\/","title":{"rendered":"Warum das E-Car-Projekt der Europ\u00e4ischen Union Stellantis und vor allem Fiat zugute kommen k\u00f6nnte"},"content":{"rendered":"<figure class=\"wp-block-image size-full\"><img loading=\"lazy\" decoding=\"async\" width=\"1200\" height=\"800\" src=\"https:\/\/www.italpassion.fr\/wp-content\/uploads\/2025\/09\/fiat-500-jaune.jpg\" alt=\"\" class=\"wp-image-41227\" srcset=\"https:\/\/www.italpassion.fr\/wp-content\/uploads\/2025\/09\/fiat-500-jaune.jpg 1200w, https:\/\/www.italpassion.fr\/wp-content\/uploads\/2025\/09\/fiat-500-jaune-420x280.jpg 420w, https:\/\/www.italpassion.fr\/wp-content\/uploads\/2025\/09\/fiat-500-jaune-768x512.jpg 768w, https:\/\/www.italpassion.fr\/wp-content\/uploads\/2025\/09\/fiat-500-jaune-18x12.jpg 18w\" sizes=\"auto, (max-width: 1200px) 100vw, 1200px\" \/><\/figure>\n\n\n\n<p>Seit einigen Tagen jagt eine Ank\u00fcndigung die n\u00e4chste rund um die europ\u00e4ische Automobilindustrie. Antonio Filosa, der neue CEO von <a href=\"https:\/\/www.italpassion.fr\/de\/stellantis\/\">Stellantis<\/a>Jean-Philippe Imparato, Direktor von Stellantis Europe, sprach auf der M\u00fcnchner Automobilmesse, und Ursula von der Leyen, Pr\u00e4sidentin der Europ\u00e4ischen Kommission, gab eine neue Richtung f\u00fcr die Gesetzgebung vor. Hinter diesen Erkl\u00e4rungen wird ein roter Faden sichtbar: Das E-Car-Projekt der Europ\u00e4ischen Union, das erschwinglichen Kleinwagen neues Leben einhauchen soll, k\u00f6nnte sich f\u00fcr Stellantis als Gl\u00fccksfall erweisen. Und vor allem f\u00fcr <a href=\"https:\/\/www.italpassion.fr\/de\/fiat\/\">Fiat<\/a>Die meisten Sch\u00fclerinnen und Sch\u00fcler, die in diesem Bereich t\u00e4tig sind, sind in der Lage, sich selbst zu beurteilen.<\/p>\n\n\n\n<h2 class=\"wp-block-heading\">Europa im automobilen Niedergang<\/h2>\n\n\n\n<p>Antonio Filosa zog eine eindeutige Bilanz: Europa ist die einzige gro\u00dfe Region der Welt, in der der Autoabsatz so schnell sinkt. \"Wir sind von 19 auf 15 Millionen Autos gesunken, wobei wir etwa 3 Millionen Fahrzeuge verloren haben\", erinnerte er. Das in Europa historisch beliebte Segment der Kompaktwagen litt besonders unter dem R\u00fcckgang.<\/p>\n\n\n\n<h2 class=\"wp-block-heading\">Ursula von der Leyen l\u00e4utet den Aufschwung ein<\/h2>\n\n\n\n<p>Ursula von der Leyen ist sich der Notwendigkeit bewusst, das Automobilangebot an die tats\u00e4chliche Nachfrage der Europ\u00e4er anzupassen, und stellte eine Schl\u00fcsselinitiative vor: \"Wir m\u00fcssen in kompakte und erschwingliche Fahrzeuge investieren, sowohl f\u00fcr den europ\u00e4ischen Markt als auch, um der starken weltweiten Nachfrage gerecht zu werden. Zu diesem Zweck werden wir vorschlagen, mit der Industrie an einer neuen Initiative mit dem Titel \"Erschwingliche Kleinwagen\" zusammenzuarbeiten. Weniger B\u00fcrokratie, weniger Vorschriften\".<\/p>\n\n\n\n<p>Im Klartext hei\u00dft das, dass Br\u00fcssel den Weg f\u00fcr eine flexiblere Regulierung ebnet, die es erm\u00f6glicht, die Produktion von kleinen, elektrischen und billigen Autos anzukurbeln. Das ist genau das, was Fiat braucht, um seine Zukunft vorzubereiten.<\/p>\n\n\n\n<h2 class=\"wp-block-heading\">Jean-Philippe Imparato legt Zahlen auf den Tisch<\/h2>\n\n\n\n<p>Jean-Philippe Imparato ging noch weiter und erinnerte an das fast verschwundene A-Segment: \"Im Jahr 2019 gab es 49 Modelle unter 15.000 Euro. Heute gibt es nur noch eines.\" Wenn man wieder \u00e4hnliche Zulassungsbedingungen wie 2018 schafft und Leistung und Geschwindigkeit begrenzt, ist es seiner Meinung nach m\u00f6glich, Autos mit einer L\u00e4nge von 3,50 bis 3,70 Metern zu produzieren, die um 15 000 Euro verkauft werden. Genau im Sinne des europ\u00e4ischen E-Car-Projekts.<\/p>\n\n\n\n<h2 class=\"wp-block-heading\">Warum das E-Car-Projekt ideal f\u00fcr Fiat ist<\/h2>\n\n\n\n<p>Das Projekt beschreibt zwei Kategorien von kleinen Elektroautos:<\/p>\n\n\n\n<ul class=\"wp-block-list\">\n<li>M0: Leistung auf 54 PS begrenzt, Autobahnverbot, eingeschr\u00e4nkte Sicherheit.<\/li>\n\n\n\n<li>M1 ASEV: N\u00e4her an den heutigen Autos, mit Komfort und der Erlaubnis, Schnellstra\u00dfen zu benutzen, aber dennoch kompakt (max. 3,80 m, 1 Tonne inkl. Batterie).<\/li>\n<\/ul>\n\n\n\n<p>Es ist genau diese zweite Kategorie, die aufnehmen k\u00f6nnte <a href=\"https:\/\/www.italpassion.fr\/de\/fiat\/zukunftiger-fiat-500-2030-und-panda-2030-plattformwechsel\/\">die zuk\u00fcnftigen Fiat 500 und Fiat Panda, die um das Jahr 2030 erwartet werden<\/a>. Diese Modelle sollten von einer speziellen Plattform stammen und nicht von der STLA Small, die von anderen Stellantis-Fahrzeugen verwendet wird, was die strategische Bedeutung des Projekts f\u00fcr Turin unterstreicht.<\/p>\n\n\n\n<p>Seit der Gr\u00fcndung von Stellantis wurde das A-Segment immer wieder vergessen. Der Fiat 500 mit Elektroantrieb versuchte zwar, diese Rolle zu \u00fcbernehmen, hatte aber aufgrund des als zu hoch empfundenen Preises und des allm\u00e4hlichen Auslaufens der EU-Subventionen nur m\u00e4\u00dfigen Erfolg. Der Fiat Panda hingegen erfreut sich in Italien weiterhin massiver Beliebtheit, soll aber bis 2030 ersetzt werden.<\/p>\n\n\n\n<p>Wenn das E-Car-Projekt verwirklicht wird, k\u00f6nnte Fiat seine historische Rolle als Champion der popul\u00e4ren Kleinwagen wieder aufnehmen. Mehr noch, diese Dynamik k\u00f6nnte andere Marken der Stellantis-Gruppe dazu inspirieren, in das A-Segment zur\u00fcckzukehren, wie Citro\u00ebn mit dem C1 oder Peugeot mit einem 108.<\/p>\n\n\n\n<p>Die Botschaft ist klar: Die Europ\u00e4ische Union, Stellantis und Fiat konvergieren endlich zu einer gemeinsamen Vision. Auf der einen Seite will Br\u00fcssel kompakte, erschwingliche und elektrisch betriebene Autos. Auf der anderen Seite k\u00f6nnte Stellantis das E-Car-Projekt nutzen, um den Verkauf seiner zuk\u00fcnftigen Fiat 500 und Fiat Panda zu unterst\u00fctzen.<\/p>","protected":false},"excerpt":{"rendered":"","protected":false},"author":1,"featured_media":41227,"comment_status":"open","ping_status":"open","sticky":false,"template":"","format":"standard","meta":{"_acf_changed":false,"_sitemap_exclude":false,"_sitemap_priority":"","_sitemap_frequency":"","footnotes":""},"categories":[24,29],"tags":[],"class_list":["post-41226","post","type-post","status-publish","format-standard","has-post-thumbnail","hentry","category-fiat","category-stellantis","generate-columns","tablet-grid-50","mobile-grid-100","grid-parent","grid-33"],"acf":[],"yoast_head":"<!-- This site is optimized with the Yoast SEO plugin v25.8 - https:\/\/yoast.com\/wordpress\/plugins\/seo\/ -->\n<title>Pourquoi projet E-Car de l&#039;Union europ\u00e9enne pourrait profiter \u00e0 Stellantis, et surtout \u00e0 Fiat - ItalPassion<\/title>\n<meta name=\"description\" content=\"Depuis quelques jours, les annonces s\u2019encha\u00eenent autour de l\u2019automobile europ\u00e9enne. Antonio Filosa, le nouveau CEO de Stellantis, multiplie les prises de\" \/>\n<meta name=\"robots\" content=\"index, follow, max-snippet:-1, max-image-preview:large, max-video-preview:-1\" \/>\n<link rel=\"canonical\" href=\"https:\/\/www.italpassion.fr\/de\/stellantis\/warum-ein-e-auto-projekt-der-europaischen-union-stellantis-und-vor-allem-fiat-nutzen-konnte\/\" \/>\n<meta property=\"og:locale\" content=\"de_DE\" \/>\n<meta property=\"og:type\" content=\"article\" \/>\n<meta property=\"og:title\" content=\"Pourquoi projet E-Car de l&#039;Union europ\u00e9enne pourrait profiter \u00e0 Stellantis, et surtout \u00e0 Fiat - ItalPassion\" \/>\n<meta property=\"og:description\" content=\"Depuis quelques jours, les annonces s\u2019encha\u00eenent autour de l\u2019automobile europ\u00e9enne. Antonio Filosa, le nouveau CEO de Stellantis, multiplie les prises de\" \/>\n<meta property=\"og:url\" content=\"https:\/\/www.italpassion.fr\/de\/stellantis\/warum-ein-e-auto-projekt-der-europaischen-union-stellantis-und-vor-allem-fiat-nutzen-konnte\/\" \/>\n<meta property=\"og:site_name\" content=\"ItalPassion\" \/>\n<meta property=\"article:publisher\" content=\"https:\/\/www.facebook.com\/italpassion\" \/>\n<meta property=\"article:published_time\" content=\"2025-09-12T07:52:41+00:00\" \/>\n<meta property=\"og:image\" content=\"https:\/\/www.italpassion.fr\/wp-content\/uploads\/2025\/09\/fiat-500-jaune.jpg\" \/>\n\t<meta property=\"og:image:width\" content=\"1200\" \/>\n\t<meta property=\"og:image:height\" content=\"800\" \/>\n\t<meta property=\"og:image:type\" content=\"image\/jpeg\" \/>\n<meta name=\"author\" content=\"Alexandre Filluzeau\" \/>\n<meta name=\"twitter:card\" content=\"summary_large_image\" \/>\n<meta name=\"twitter:creator\" content=\"@italpassion\" \/>\n<meta name=\"twitter:site\" content=\"@italpassion\" \/>\n<script type=\"application\/ld+json\" class=\"yoast-schema-graph\">{\"@context\":\"https:\/\/schema.org\",\"@graph\":[{\"@type\":\"NewsArticle\",\"@id\":\"https:\/\/www.italpassion.fr\/de\/stellantis\/pourquoi-projet-e-car-de-lunion-europeenne-pourrait-profiter-a-stellantis-et-surtout-a-fiat\/#article\",\"isPartOf\":{\"@id\":\"https:\/\/www.italpassion.fr\/de\/stellantis\/pourquoi-projet-e-car-de-lunion-europeenne-pourrait-profiter-a-stellantis-et-surtout-a-fiat\/\"},\"author\":{\"name\":\"Alexandre Filluzeau\",\"@id\":\"https:\/\/www.italpassion.fr\/de\/#\/schema\/person\/36f747b2a759ca202d847e85a9434ca0\"},\"headline\":\"Pourquoi projet E-Car de l&rsquo;Union europ\u00e9enne pourrait profiter \u00e0 Stellantis, et surtout \u00e0 Fiat\",\"datePublished\":\"2025-09-12T07:52:41+00:00\",\"mainEntityOfPage\":{\"@id\":\"https:\/\/www.italpassion.fr\/de\/stellantis\/pourquoi-projet-e-car-de-lunion-europeenne-pourrait-profiter-a-stellantis-et-surtout-a-fiat\/\"},\"wordCount\":651,\"commentCount\":15,\"publisher\":{\"@id\":\"https:\/\/www.italpassion.fr\/de\/#organization\"},\"image\":{\"@id\":\"https:\/\/www.italpassion.fr\/de\/stellantis\/pourquoi-projet-e-car-de-lunion-europeenne-pourrait-profiter-a-stellantis-et-surtout-a-fiat\/#primaryimage\"},\"thumbnailUrl\":\"https:\/\/www.italpassion.fr\/wp-content\/uploads\/2025\/09\/fiat-500-jaune.jpg\",\"articleSection\":[\"Fiat\",\"Stellantis\"],\"inLanguage\":\"de\",\"potentialAction\":[{\"@type\":\"CommentAction\",\"name\":\"Comment\",\"target\":[\"https:\/\/www.italpassion.fr\/de\/stellantis\/pourquoi-projet-e-car-de-lunion-europeenne-pourrait-profiter-a-stellantis-et-surtout-a-fiat\/#respond\"]}]},{\"@type\":\"WebPage\",\"@id\":\"https:\/\/www.italpassion.fr\/de\/stellantis\/pourquoi-projet-e-car-de-lunion-europeenne-pourrait-profiter-a-stellantis-et-surtout-a-fiat\/\",\"url\":\"https:\/\/www.italpassion.fr\/de\/stellantis\/pourquoi-projet-e-car-de-lunion-europeenne-pourrait-profiter-a-stellantis-et-surtout-a-fiat\/\",\"name\":\"Pourquoi projet E-Car de l'Union europ\u00e9enne pourrait profiter \u00e0 Stellantis, et surtout \u00e0 Fiat - ItalPassion\",\"isPartOf\":{\"@id\":\"https:\/\/www.italpassion.fr\/de\/#website\"},\"primaryImageOfPage\":{\"@id\":\"https:\/\/www.italpassion.fr\/de\/stellantis\/pourquoi-projet-e-car-de-lunion-europeenne-pourrait-profiter-a-stellantis-et-surtout-a-fiat\/#primaryimage\"},\"image\":{\"@id\":\"https:\/\/www.italpassion.fr\/de\/stellantis\/pourquoi-projet-e-car-de-lunion-europeenne-pourrait-profiter-a-stellantis-et-surtout-a-fiat\/#primaryimage\"},\"thumbnailUrl\":\"https:\/\/www.italpassion.fr\/wp-content\/uploads\/2025\/09\/fiat-500-jaune.jpg\",\"datePublished\":\"2025-09-12T07:52:41+00:00\",\"description\":\"Depuis quelques jours, les annonces s\u2019encha\u00eenent autour de l\u2019automobile europ\u00e9enne. Antonio Filosa, le nouveau CEO de Stellantis, multiplie les prises de\",\"breadcrumb\":{\"@id\":\"https:\/\/www.italpassion.fr\/de\/stellantis\/pourquoi-projet-e-car-de-lunion-europeenne-pourrait-profiter-a-stellantis-et-surtout-a-fiat\/#breadcrumb\"},\"inLanguage\":\"de\",\"potentialAction\":[{\"@type\":\"ReadAction\",\"target\":[\"https:\/\/www.italpassion.fr\/de\/stellantis\/pourquoi-projet-e-car-de-lunion-europeenne-pourrait-profiter-a-stellantis-et-surtout-a-fiat\/\"]}]},{\"@type\":\"ImageObject\",\"inLanguage\":\"de\",\"@id\":\"https:\/\/www.italpassion.fr\/de\/stellantis\/pourquoi-projet-e-car-de-lunion-europeenne-pourrait-profiter-a-stellantis-et-surtout-a-fiat\/#primaryimage\",\"url\":\"https:\/\/www.italpassion.fr\/wp-content\/uploads\/2025\/09\/fiat-500-jaune.jpg\",\"contentUrl\":\"https:\/\/www.italpassion.fr\/wp-content\/uploads\/2025\/09\/fiat-500-jaune.jpg\",\"width\":1200,\"height\":800},{\"@type\":\"BreadcrumbList\",\"@id\":\"https:\/\/www.italpassion.fr\/de\/stellantis\/pourquoi-projet-e-car-de-lunion-europeenne-pourrait-profiter-a-stellantis-et-surtout-a-fiat\/#breadcrumb\",\"itemListElement\":[{\"@type\":\"ListItem\",\"position\":1,\"name\":\"Accueil\",\"item\":\"https:\/\/www.italpassion.fr\/de\/\"},{\"@type\":\"ListItem\",\"position\":2,\"name\":\"Pourquoi projet E-Car de l&rsquo;Union europ\u00e9enne pourrait profiter \u00e0 Stellantis, et surtout \u00e0 Fiat\"}]},{\"@type\":\"WebSite\",\"@id\":\"https:\/\/www.italpassion.fr\/de\/#website\",\"url\":\"https:\/\/www.italpassion.fr\/de\/\",\"name\":\"ItalPassion\",\"description\":\"Les Passionn\u00e9s d&#039;Automobiles Italiennes\",\"publisher\":{\"@id\":\"https:\/\/www.italpassion.fr\/de\/#organization\"},\"potentialAction\":[{\"@type\":\"SearchAction\",\"target\":{\"@type\":\"EntryPoint\",\"urlTemplate\":\"https:\/\/www.italpassion.fr\/de\/?s={search_term_string}\"},\"query-input\":{\"@type\":\"PropertyValueSpecification\",\"valueRequired\":true,\"valueName\":\"search_term_string\"}}],\"inLanguage\":\"de\"},{\"@type\":\"Organization\",\"@id\":\"https:\/\/www.italpassion.fr\/de\/#organization\",\"name\":\"Italpassion\",\"url\":\"https:\/\/www.italpassion.fr\/de\/\",\"logo\":{\"@type\":\"ImageObject\",\"inLanguage\":\"de\",\"@id\":\"https:\/\/www.italpassion.fr\/de\/#\/schema\/logo\/image\/\",\"url\":\"https:\/\/www.italpassion.fr\/wp-content\/uploads\/2023\/07\/italpassion-yoast.jpg\",\"contentUrl\":\"https:\/\/www.italpassion.fr\/wp-content\/uploads\/2023\/07\/italpassion-yoast.jpg\",\"width\":696,\"height\":696,\"caption\":\"Italpassion\"},\"image\":{\"@id\":\"https:\/\/www.italpassion.fr\/de\/#\/schema\/logo\/image\/\"},\"sameAs\":[\"https:\/\/www.facebook.com\/italpassion\",\"https:\/\/x.com\/italpassion\",\"https:\/\/www.instagram.com\/italpassionfr\/\",\"https:\/\/www.youtube.com\/channel\/UCleq-ByQaA42OjhopwevRjQ\",\"https:\/\/www.facebook.com\/italpassion.en\/\",\"https:\/\/www.facebook.com\/italpassion.it\/\",\"https:\/\/www.facebook.com\/italpassion.de\/\",\"https:\/\/www.facebook.com\/italpassion.ja\/\"]},{\"@type\":\"Person\",\"@id\":\"https:\/\/www.italpassion.fr\/de\/#\/schema\/person\/36f747b2a759ca202d847e85a9434ca0\",\"name\":\"Alexandre Filluzeau\",\"image\":{\"@type\":\"ImageObject\",\"inLanguage\":\"de\",\"@id\":\"https:\/\/www.italpassion.fr\/de\/#\/schema\/person\/image\/\",\"url\":\"https:\/\/www.italpassion.fr\/wp-content\/uploads\/2025\/04\/avatar-alexandre-160x160.jpg\",\"contentUrl\":\"https:\/\/www.italpassion.fr\/wp-content\/uploads\/2025\/04\/avatar-alexandre-160x160.jpg\",\"caption\":\"Alexandre Filluzeau\"},\"description\":\"Fondateur du site ItalPassion, passionn\u00e9 de voitures italiennes et de l'Italie en g\u00e9n\u00e9ral. J'apporte un regard critique et technique aux actualit\u00e9s des marques italiennes quand cela est possible. Propri\u00e9taire d'une Maserati GranTurismo, Alfa Romeo MiTo, Lancia Fulvia et Ducati 695. Ex-propri\u00e9taire d'une Alfa Romeo Giulia.\",\"sameAs\":[\"https:\/\/www.italpassion.fr\/\"],\"url\":\"https:\/\/www.italpassion.fr\/de\/author\/alexandre\/\"}]}<\/script>\n<!-- \/ Yoast SEO plugin. -->","yoast_head_json":{"title":"Warum das E-Car-Projekt der Europ\u00e4ischen Union Stellantis und vor allem Fiat n\u00fctzen k\u00f6nnte - ItalPassion","description":"Seit einigen Tagen reiht sich eine Ank\u00fcndigung an die andere, wenn es um die europ\u00e4ische Automobilbranche geht. Antonio Filosa, der neue CEO von Stellantis, nimmt immer mehr Stellung.","robots":{"index":"index","follow":"follow","max-snippet":"max-snippet:-1","max-image-preview":"max-image-preview:large","max-video-preview":"max-video-preview:-1"},"canonical":"https:\/\/www.italpassion.fr\/de\/stellantis\/warum-ein-e-auto-projekt-der-europaischen-union-stellantis-und-vor-allem-fiat-nutzen-konnte\/","og_locale":"de_DE","og_type":"article","og_title":"Pourquoi projet E-Car de l'Union europ\u00e9enne pourrait profiter \u00e0 Stellantis, et surtout \u00e0 Fiat - ItalPassion","og_description":"Depuis quelques jours, les annonces s\u2019encha\u00eenent autour de l\u2019automobile europ\u00e9enne. Antonio Filosa, le nouveau CEO de Stellantis, multiplie les prises de","og_url":"https:\/\/www.italpassion.fr\/de\/stellantis\/warum-ein-e-auto-projekt-der-europaischen-union-stellantis-und-vor-allem-fiat-nutzen-konnte\/","og_site_name":"ItalPassion","article_publisher":"https:\/\/www.facebook.com\/italpassion","article_published_time":"2025-09-12T07:52:41+00:00","og_image":[{"width":1200,"height":800,"url":"https:\/\/www.italpassion.fr\/wp-content\/uploads\/2025\/09\/fiat-500-jaune.jpg","type":"image\/jpeg"}],"author":"Alexandre Filluzeau","twitter_card":"summary_large_image","twitter_creator":"@italpassion","twitter_site":"@italpassion","schema":{"@context":"https:\/\/schema.org","@graph":[{"@type":"NewsArticle","@id":"https:\/\/www.italpassion.fr\/de\/stellantis\/pourquoi-projet-e-car-de-lunion-europeenne-pourrait-profiter-a-stellantis-et-surtout-a-fiat\/#article","isPartOf":{"@id":"https:\/\/www.italpassion.fr\/de\/stellantis\/pourquoi-projet-e-car-de-lunion-europeenne-pourrait-profiter-a-stellantis-et-surtout-a-fiat\/"},"author":{"name":"Alexandre Filluzeau","@id":"https:\/\/www.italpassion.fr\/de\/#\/schema\/person\/36f747b2a759ca202d847e85a9434ca0"},"headline":"Pourquoi projet E-Car de l&rsquo;Union europ\u00e9enne pourrait profiter \u00e0 Stellantis, et surtout \u00e0 Fiat","datePublished":"2025-09-12T07:52:41+00:00","mainEntityOfPage":{"@id":"https:\/\/www.italpassion.fr\/de\/stellantis\/pourquoi-projet-e-car-de-lunion-europeenne-pourrait-profiter-a-stellantis-et-surtout-a-fiat\/"},"wordCount":651,"commentCount":15,"publisher":{"@id":"https:\/\/www.italpassion.fr\/de\/#organization"},"image":{"@id":"https:\/\/www.italpassion.fr\/de\/stellantis\/pourquoi-projet-e-car-de-lunion-europeenne-pourrait-profiter-a-stellantis-et-surtout-a-fiat\/#primaryimage"},"thumbnailUrl":"https:\/\/www.italpassion.fr\/wp-content\/uploads\/2025\/09\/fiat-500-jaune.jpg","articleSection":["Fiat","Stellantis"],"inLanguage":"de","potentialAction":[{"@type":"CommentAction","name":"Comment","target":["https:\/\/www.italpassion.fr\/de\/stellantis\/pourquoi-projet-e-car-de-lunion-europeenne-pourrait-profiter-a-stellantis-et-surtout-a-fiat\/#respond"]}]},{"@type":"WebPage","@id":"https:\/\/www.italpassion.fr\/de\/stellantis\/pourquoi-projet-e-car-de-lunion-europeenne-pourrait-profiter-a-stellantis-et-surtout-a-fiat\/","url":"https:\/\/www.italpassion.fr\/de\/stellantis\/pourquoi-projet-e-car-de-lunion-europeenne-pourrait-profiter-a-stellantis-et-surtout-a-fiat\/","name":"Warum das E-Car-Projekt der Europ\u00e4ischen Union Stellantis und vor allem Fiat n\u00fctzen k\u00f6nnte - ItalPassion","isPartOf":{"@id":"https:\/\/www.italpassion.fr\/de\/#website"},"primaryImageOfPage":{"@id":"https:\/\/www.italpassion.fr\/de\/stellantis\/pourquoi-projet-e-car-de-lunion-europeenne-pourrait-profiter-a-stellantis-et-surtout-a-fiat\/#primaryimage"},"image":{"@id":"https:\/\/www.italpassion.fr\/de\/stellantis\/pourquoi-projet-e-car-de-lunion-europeenne-pourrait-profiter-a-stellantis-et-surtout-a-fiat\/#primaryimage"},"thumbnailUrl":"https:\/\/www.italpassion.fr\/wp-content\/uploads\/2025\/09\/fiat-500-jaune.jpg","datePublished":"2025-09-12T07:52:41+00:00","description":"Seit einigen Tagen reiht sich eine Ank\u00fcndigung an die andere, wenn es um die europ\u00e4ische Automobilbranche geht. Antonio Filosa, der neue CEO von Stellantis, nimmt immer mehr Stellung.","breadcrumb":{"@id":"https:\/\/www.italpassion.fr\/de\/stellantis\/pourquoi-projet-e-car-de-lunion-europeenne-pourrait-profiter-a-stellantis-et-surtout-a-fiat\/#breadcrumb"},"inLanguage":"de","potentialAction":[{"@type":"ReadAction","target":["https:\/\/www.italpassion.fr\/de\/stellantis\/pourquoi-projet-e-car-de-lunion-europeenne-pourrait-profiter-a-stellantis-et-surtout-a-fiat\/"]}]},{"@type":"ImageObject","inLanguage":"de","@id":"https:\/\/www.italpassion.fr\/de\/stellantis\/pourquoi-projet-e-car-de-lunion-europeenne-pourrait-profiter-a-stellantis-et-surtout-a-fiat\/#primaryimage","url":"https:\/\/www.italpassion.fr\/wp-content\/uploads\/2025\/09\/fiat-500-jaune.jpg","contentUrl":"https:\/\/www.italpassion.fr\/wp-content\/uploads\/2025\/09\/fiat-500-jaune.jpg","width":1200,"height":800},{"@type":"BreadcrumbList","@id":"https:\/\/www.italpassion.fr\/de\/stellantis\/pourquoi-projet-e-car-de-lunion-europeenne-pourrait-profiter-a-stellantis-et-surtout-a-fiat\/#breadcrumb","itemListElement":[{"@type":"ListItem","position":1,"name":"Accueil","item":"https:\/\/www.italpassion.fr\/de\/"},{"@type":"ListItem","position":2,"name":"Pourquoi projet E-Car de l&rsquo;Union europ\u00e9enne pourrait profiter \u00e0 Stellantis, et surtout \u00e0 Fiat"}]},{"@type":"WebSite","@id":"https:\/\/www.italpassion.fr\/de\/#website","url":"https:\/\/www.italpassion.fr\/de\/","name":"ItalPassion","description":"Die Liebhaber italienischer Autos","publisher":{"@id":"https:\/\/www.italpassion.fr\/de\/#organization"},"potentialAction":[{"@type":"SearchAction","target":{"@type":"EntryPoint","urlTemplate":"https:\/\/www.italpassion.fr\/de\/?s={search_term_string}"},"query-input":{"@type":"PropertyValueSpecification","valueRequired":true,"valueName":"search_term_string"}}],"inLanguage":"de"},{"@type":"Organization","@id":"https:\/\/www.italpassion.fr\/de\/#organization","name":"Italpassion","url":"https:\/\/www.italpassion.fr\/de\/","logo":{"@type":"ImageObject","inLanguage":"de","@id":"https:\/\/www.italpassion.fr\/de\/#\/schema\/logo\/image\/","url":"https:\/\/www.italpassion.fr\/wp-content\/uploads\/2023\/07\/italpassion-yoast.jpg","contentUrl":"https:\/\/www.italpassion.fr\/wp-content\/uploads\/2023\/07\/italpassion-yoast.jpg","width":696,"height":696,"caption":"Italpassion"},"image":{"@id":"https:\/\/www.italpassion.fr\/de\/#\/schema\/logo\/image\/"},"sameAs":["https:\/\/www.facebook.com\/italpassion","https:\/\/x.com\/italpassion","https:\/\/www.instagram.com\/italpassionfr\/","https:\/\/www.youtube.com\/channel\/UCleq-ByQaA42OjhopwevRjQ","https:\/\/www.facebook.com\/italpassion.en\/","https:\/\/www.facebook.com\/italpassion.it\/","https:\/\/www.facebook.com\/italpassion.de\/","https:\/\/www.facebook.com\/italpassion.ja\/"]},{"@type":"Person","@id":"https:\/\/www.italpassion.fr\/de\/#\/schema\/person\/36f747b2a759ca202d847e85a9434ca0","name":"Alexandre Filluzeau","image":{"@type":"ImageObject","inLanguage":"de","@id":"https:\/\/www.italpassion.fr\/de\/#\/schema\/person\/image\/","url":"https:\/\/www.italpassion.fr\/wp-content\/uploads\/2025\/04\/avatar-alexandre-160x160.jpg","contentUrl":"https:\/\/www.italpassion.fr\/wp-content\/uploads\/2025\/04\/avatar-alexandre-160x160.jpg","caption":"Alexandre Filluzeau"},"description":"Gr\u00fcnder der Website ItalPassion, leidenschaftlicher Fan von italienischen Autos und Italien im Allgemeinen. Ich bringe einen kritischen und technischen Blick auf die Nachrichten der italienischen Marken, wann immer es m\u00f6glich ist. Besitzer eines Maserati GranTurismo, Alfa Romeo MiTo, Lancia Fulvia und Ducati 695. Ex-Besitzer einer Alfa Romeo Giulia.","sameAs":["https:\/\/www.italpassion.fr\/"],"url":"https:\/\/www.italpassion.fr\/de\/author\/alexandre\/"}]}},"_links":{"self":[{"href":"https:\/\/www.italpassion.fr\/de\/wp-json\/wp\/v2\/posts\/41226","targetHints":{"allow":["GET"]}}],"collection":[{"href":"https:\/\/www.italpassion.fr\/de\/wp-json\/wp\/v2\/posts"}],"about":[{"href":"https:\/\/www.italpassion.fr\/de\/wp-json\/wp\/v2\/types\/post"}],"author":[{"embeddable":true,"href":"https:\/\/www.italpassion.fr\/de\/wp-json\/wp\/v2\/users\/1"}],"replies":[{"embeddable":true,"href":"https:\/\/www.italpassion.fr\/de\/wp-json\/wp\/v2\/comments?post=41226"}],"version-history":[{"count":1,"href":"https:\/\/www.italpassion.fr\/de\/wp-json\/wp\/v2\/posts\/41226\/revisions"}],"predecessor-version":[{"id":41228,"href":"https:\/\/www.italpassion.fr\/de\/wp-json\/wp\/v2\/posts\/41226\/revisions\/41228"}],"wp:featuredmedia":[{"embeddable":true,"href":"https:\/\/www.italpassion.fr\/de\/wp-json\/wp\/v2\/media\/41227"}],"wp:attachment":[{"href":"https:\/\/www.italpassion.fr\/de\/wp-json\/wp\/v2\/media?parent=41226"}],"wp:term":[{"taxonomy":"category","embeddable":true,"href":"https:\/\/www.italpassion.fr\/de\/wp-json\/wp\/v2\/categories?post=41226"},{"taxonomy":"post_tag","embeddable":true,"href":"https:\/\/www.italpassion.fr\/de\/wp-json\/wp\/v2\/tags?post=41226"}],"curies":[{"name":"wp","href":"https:\/\/api.w.org\/{rel}","templated":true}]}}