{"id":40067,"date":"2025-07-29T08:46:14","date_gmt":"2025-07-29T06:46:14","guid":{"rendered":"https:\/\/www.italpassion.fr\/?p=40067"},"modified":"2025-07-28T16:41:40","modified_gmt":"2025-07-28T14:41:40","slug":"ungewohnlich-er-baut-seinen-alfa-romeo-junior-in-einen-milano-um","status":"publish","type":"post","link":"https:\/\/www.italpassion.fr\/de\/alfa-romeo\/insolite-il-transforme-son-alfa-romeo-junior-en-milano\/","title":{"rendered":"Ungew\u00f6hnlich: Er baut seinen Alfa Romeo Junior um... in einen Milano!"},"content":{"rendered":"<p>Wenn manche einfach nur stolz das Foto ihrer neuen <a href=\"https:\/\/www.italpassion.fr\/de\/autos\/alfa-romeo-junior\/\">Alfa Romeo Junior<\/a> auf Facebook, andere gehen weiter, viel weiter. Fast anderthalb Jahre nach seiner Einf\u00fchrung macht der kleine SUV der Marke mit dem Biscione immer noch von sich reden, und manchmal auf unerwartete Weise. Der Beweis daf\u00fcr ist dieser begeisterte Besitzer, der beschloss, seinen Alfa Romeo Junior umzubauen... in einen Milano. Eine Anspielung auf eine Polemik, die f\u00fcr viel Aufsehen gesorgt hatte.<\/p>\n\n\n\n<h2 class=\"wp-block-heading\">Die R\u00fcckkehr des verbotenen Namens<\/h2>\n\n\n\n<p>Erinnern Sie sich: Im April 2024 wurde das BSUV von<a href=\"https:\/\/www.italpassion.fr\/de\/alfa-romeo\/\">Alfa Romeo<\/a> sollte Milano hei\u00dfen, als Hommage an die Stadt, in der die Marke 1910 gegr\u00fcndet wurde. Ein symbolischer, starker Name - und doch verboten. Was ist der Grund daf\u00fcr? Ein italienisches Gesetz aus dem Jahr 2003, das das \"Italian Sounding\" f\u00fcr im Ausland hergestellte Produkte verhindern soll. Der Junior wird jedoch in Tychy, Polen, hergestellt. <a href=\"https:\/\/www.italpassion.fr\/de\/alfa-romeo\/alfa-romeo-milano-der-name-gefallt-dem-minister-fur-made-in-italy-nicht\/\">Der Minister f\u00fcr das Made in Italy, Adolfo Urso, schaltete sich ein und prangerte einen irref\u00fchrenden Namen an<\/a>Stellantis musste sich beugen: <a href=\"https:\/\/www.italpassion.fr\/de\/alfa-romeo\/offiziell-lalfa-romeo-milano-andert-seinen-namen-in-junior\/\">Milano wurde Junior, nur drei Tage nach der offiziellen Vorstellung<\/a>.<\/p>\n\n\n\n<h2 class=\"wp-block-heading\">Das Modell Junior gef\u00e4llt ... aber manche wollen das Original<\/h2>\n\n\n\n<p>Seit seiner Markteinf\u00fchrung hat der Alfa Romeo Junior sein Publikum begeistert. In den sozialen Netzwerken teilen viele Besitzer jedes noch so kleine Detail ihrer neuen Errungenschaft. Doch ein Besitzer beschloss, eine Grenze zu \u00fcberschreiten, die nicht einmal Alfa Romeo offiziell zu \u00fcberschreiten gewagt hatte: den Milano wieder auferstehen zu lassen.<\/p>\n\n\n\n<figure class=\"wp-block-image size-full\"><img loading=\"lazy\" decoding=\"async\" width=\"1200\" height=\"800\" src=\"https:\/\/www.italpassion.fr\/wp-content\/uploads\/2025\/07\/alfa-romeo-milano-blanc-2.jpg\" alt=\"\" class=\"wp-image-40149\" srcset=\"https:\/\/www.italpassion.fr\/wp-content\/uploads\/2025\/07\/alfa-romeo-milano-blanc-2.jpg 1200w, https:\/\/www.italpassion.fr\/wp-content\/uploads\/2025\/07\/alfa-romeo-milano-blanc-2-420x280.jpg 420w, https:\/\/www.italpassion.fr\/wp-content\/uploads\/2025\/07\/alfa-romeo-milano-blanc-2-768x512.jpg 768w, https:\/\/www.italpassion.fr\/wp-content\/uploads\/2025\/07\/alfa-romeo-milano-blanc-2-18x12.jpg 18w\" sizes=\"auto, (max-width: 1200px) 100vw, 1200px\" \/><figcaption class=\"wp-element-caption\">Alfa Romeo Milano von Mario<\/figcaption><\/figure>\n\n\n\n<figure class=\"wp-block-image size-full\"><img loading=\"lazy\" decoding=\"async\" width=\"1200\" height=\"800\" src=\"https:\/\/www.italpassion.fr\/wp-content\/uploads\/2025\/07\/alfa-romeo-milano-blanc-3.jpg\" alt=\"\" class=\"wp-image-40150\" srcset=\"https:\/\/www.italpassion.fr\/wp-content\/uploads\/2025\/07\/alfa-romeo-milano-blanc-3.jpg 1200w, https:\/\/www.italpassion.fr\/wp-content\/uploads\/2025\/07\/alfa-romeo-milano-blanc-3-420x280.jpg 420w, https:\/\/www.italpassion.fr\/wp-content\/uploads\/2025\/07\/alfa-romeo-milano-blanc-3-768x512.jpg 768w, https:\/\/www.italpassion.fr\/wp-content\/uploads\/2025\/07\/alfa-romeo-milano-blanc-3-18x12.jpg 18w\" sizes=\"auto, (max-width: 1200px) 100vw, 1200px\" \/><figcaption class=\"wp-element-caption\">Alfa Romeo Milano von Mario<\/figcaption><\/figure>\n\n\n\n<figure class=\"wp-block-image size-full\"><img loading=\"lazy\" decoding=\"async\" width=\"1200\" height=\"800\" src=\"https:\/\/www.italpassion.fr\/wp-content\/uploads\/2025\/07\/alfa-romeo-milano-1.jpg\" alt=\"\" class=\"wp-image-40148\" srcset=\"https:\/\/www.italpassion.fr\/wp-content\/uploads\/2025\/07\/alfa-romeo-milano-1.jpg 1200w, https:\/\/www.italpassion.fr\/wp-content\/uploads\/2025\/07\/alfa-romeo-milano-1-420x280.jpg 420w, https:\/\/www.italpassion.fr\/wp-content\/uploads\/2025\/07\/alfa-romeo-milano-1-768x512.jpg 768w, https:\/\/www.italpassion.fr\/wp-content\/uploads\/2025\/07\/alfa-romeo-milano-1-18x12.jpg 18w\" sizes=\"auto, (max-width: 1200px) 100vw, 1200px\" \/><figcaption class=\"wp-element-caption\">Alfa Romeo Milano von Mario<\/figcaption><\/figure>\n\n\n\n<p>Um welches Modell handelt es sich? Ein wei\u00dfer Junior, der pr\u00e4zise umgebaut wurde. Au\u00dfen thront das Milano-Logo stolz auf den Kotfl\u00fcgeln. Die Felgen wurden durch 18-Zoll-MAK Monza-Felgen ersetzt, die ein auff\u00e4lligeres Design haben. Auf der Motorhaube befindet sich ein Aufkleber mit dem Biscione, dem historischen Emblem von Alfa Romeo. Die Au\u00dfenspiegel zeigen eine italienische Flagge.<\/p>\n\n\n\n<p>Im Innenraum geht die Personalisierung weiter: Alcantara-Lenkrad, bestickte Fu\u00dfmatten Milano und ein Detail, das passionierte Autofahrer zum Schmunzeln bringen wird: Der \"Start\"-Knopf wurde von schwarz auf rot ge\u00e4ndert, wie bei der Giulia und dem Stelvio Quadrifoglio. <\/p>\n\n\n\n<figure class=\"wp-block-image size-full\"><img loading=\"lazy\" decoding=\"async\" width=\"1200\" height=\"800\" src=\"https:\/\/www.italpassion.fr\/wp-content\/uploads\/2025\/07\/alfa-romeo-milano-blanc-4.jpg\" alt=\"\" class=\"wp-image-40151\" srcset=\"https:\/\/www.italpassion.fr\/wp-content\/uploads\/2025\/07\/alfa-romeo-milano-blanc-4.jpg 1200w, https:\/\/www.italpassion.fr\/wp-content\/uploads\/2025\/07\/alfa-romeo-milano-blanc-4-420x280.jpg 420w, https:\/\/www.italpassion.fr\/wp-content\/uploads\/2025\/07\/alfa-romeo-milano-blanc-4-768x512.jpg 768w, https:\/\/www.italpassion.fr\/wp-content\/uploads\/2025\/07\/alfa-romeo-milano-blanc-4-18x12.jpg 18w\" sizes=\"auto, (max-width: 1200px) 100vw, 1200px\" \/><figcaption class=\"wp-element-caption\">Alfa Romeo Milano von Mario<\/figcaption><\/figure>\n\n\n\n<p>Dieses Modell ist vielleicht nicht offiziell ein Milano, aber es symbolisiert auch eine Form des sanften Protests, gegen eine politische Entscheidung, die die Geschichte eines gerade erst eingef\u00fchrten Modells auf den Kopf gestellt hat. Bis heute ist es wahrscheinlich das einzige Exemplar des \"Milano\", das auf den Stra\u00dfen Europas f\u00e4hrt. <\/p>\n\n\n\n<p>PS: Bitte bleiben Sie in den Kommentaren respektvoll.<\/p>","protected":false},"excerpt":{"rendered":"","protected":false},"author":1,"featured_media":40149,"comment_status":"open","ping_status":"open","sticky":false,"template":"","format":"standard","meta":{"_acf_changed":false,"_sitemap_exclude":false,"_sitemap_priority":"","_sitemap_frequency":"","footnotes":""},"categories":[22],"tags":[403],"class_list":["post-40067","post","type-post","status-publish","format-standard","has-post-thumbnail","hentry","category-alfa-romeo","tag-alfa-romeo-junior","generate-columns","tablet-grid-50","mobile-grid-100","grid-parent","grid-33"],"acf":[],"yoast_head":"<!-- This site is optimized with the Yoast SEO plugin v25.8 - https:\/\/yoast.com\/wordpress\/plugins\/seo\/ -->\n<title>Insolite : il transforme son Alfa Romeo Junior... en Milano ! - ItalPassion<\/title>\n<meta name=\"description\" content=\"Quand certains se contentent de poster fi\u00e8rement la photo de leur nouvelle Alfa Romeo Junior sur Facebook, d\u2019autres vont plus loin\u2026 Beaucoup plus loin.\" \/>\n<meta name=\"robots\" content=\"index, follow, max-snippet:-1, max-image-preview:large, max-video-preview:-1\" \/>\n<link rel=\"canonical\" href=\"https:\/\/www.italpassion.fr\/de\/alfa-romeo\/ungewohnlich-er-baut-seinen-alfa-romeo-junior-in-einen-milano-um\/\" \/>\n<meta property=\"og:locale\" content=\"de_DE\" \/>\n<meta property=\"og:type\" content=\"article\" \/>\n<meta property=\"og:title\" content=\"Insolite : il transforme son Alfa Romeo Junior... en Milano ! - ItalPassion\" \/>\n<meta property=\"og:description\" content=\"Quand certains se contentent de poster fi\u00e8rement la photo de leur nouvelle Alfa Romeo Junior sur Facebook, d\u2019autres vont plus loin\u2026 Beaucoup plus loin.\" \/>\n<meta property=\"og:url\" content=\"https:\/\/www.italpassion.fr\/de\/alfa-romeo\/ungewohnlich-er-baut-seinen-alfa-romeo-junior-in-einen-milano-um\/\" \/>\n<meta property=\"og:site_name\" content=\"ItalPassion\" \/>\n<meta property=\"article:publisher\" content=\"https:\/\/www.facebook.com\/italpassion\" \/>\n<meta property=\"article:published_time\" content=\"2025-07-29T06:46:14+00:00\" \/>\n<meta property=\"og:image\" content=\"https:\/\/www.italpassion.fr\/wp-content\/uploads\/2025\/07\/alfa-romeo-milano-blanc-2.jpg\" \/>\n\t<meta property=\"og:image:width\" content=\"1200\" \/>\n\t<meta property=\"og:image:height\" content=\"800\" \/>\n\t<meta property=\"og:image:type\" content=\"image\/jpeg\" \/>\n<meta name=\"author\" content=\"Alexandre Filluzeau\" \/>\n<meta name=\"twitter:card\" content=\"summary_large_image\" \/>\n<meta name=\"twitter:creator\" content=\"@italpassion\" \/>\n<meta name=\"twitter:site\" content=\"@italpassion\" \/>\n<script type=\"application\/ld+json\" class=\"yoast-schema-graph\">{\"@context\":\"https:\/\/schema.org\",\"@graph\":[{\"@type\":\"NewsArticle\",\"@id\":\"https:\/\/www.italpassion.fr\/de\/alfa-romeo\/insolite-il-transforme-son-alfa-romeo-junior-en-milano\/#article\",\"isPartOf\":{\"@id\":\"https:\/\/www.italpassion.fr\/de\/alfa-romeo\/insolite-il-transforme-son-alfa-romeo-junior-en-milano\/\"},\"author\":{\"name\":\"Alexandre Filluzeau\",\"@id\":\"https:\/\/www.italpassion.fr\/de\/#\/schema\/person\/36f747b2a759ca202d847e85a9434ca0\"},\"headline\":\"Insolite : il transforme son Alfa Romeo Junior&#8230; en Milano !\",\"datePublished\":\"2025-07-29T06:46:14+00:00\",\"mainEntityOfPage\":{\"@id\":\"https:\/\/www.italpassion.fr\/de\/alfa-romeo\/insolite-il-transforme-son-alfa-romeo-junior-en-milano\/\"},\"wordCount\":455,\"commentCount\":8,\"publisher\":{\"@id\":\"https:\/\/www.italpassion.fr\/de\/#organization\"},\"image\":{\"@id\":\"https:\/\/www.italpassion.fr\/de\/alfa-romeo\/insolite-il-transforme-son-alfa-romeo-junior-en-milano\/#primaryimage\"},\"thumbnailUrl\":\"https:\/\/www.italpassion.fr\/wp-content\/uploads\/2025\/07\/alfa-romeo-milano-blanc-2.jpg\",\"keywords\":[\"Alfa Romeo Junior\"],\"articleSection\":[\"Alfa Romeo\"],\"inLanguage\":\"de\",\"potentialAction\":[{\"@type\":\"CommentAction\",\"name\":\"Comment\",\"target\":[\"https:\/\/www.italpassion.fr\/de\/alfa-romeo\/insolite-il-transforme-son-alfa-romeo-junior-en-milano\/#respond\"]}]},{\"@type\":\"WebPage\",\"@id\":\"https:\/\/www.italpassion.fr\/de\/alfa-romeo\/insolite-il-transforme-son-alfa-romeo-junior-en-milano\/\",\"url\":\"https:\/\/www.italpassion.fr\/de\/alfa-romeo\/insolite-il-transforme-son-alfa-romeo-junior-en-milano\/\",\"name\":\"Insolite : il transforme son Alfa Romeo Junior... en Milano ! - ItalPassion\",\"isPartOf\":{\"@id\":\"https:\/\/www.italpassion.fr\/de\/#website\"},\"primaryImageOfPage\":{\"@id\":\"https:\/\/www.italpassion.fr\/de\/alfa-romeo\/insolite-il-transforme-son-alfa-romeo-junior-en-milano\/#primaryimage\"},\"image\":{\"@id\":\"https:\/\/www.italpassion.fr\/de\/alfa-romeo\/insolite-il-transforme-son-alfa-romeo-junior-en-milano\/#primaryimage\"},\"thumbnailUrl\":\"https:\/\/www.italpassion.fr\/wp-content\/uploads\/2025\/07\/alfa-romeo-milano-blanc-2.jpg\",\"datePublished\":\"2025-07-29T06:46:14+00:00\",\"description\":\"Quand certains se contentent de poster fi\u00e8rement la photo de leur nouvelle Alfa Romeo Junior sur Facebook, d\u2019autres vont plus loin\u2026 Beaucoup plus loin.\",\"breadcrumb\":{\"@id\":\"https:\/\/www.italpassion.fr\/de\/alfa-romeo\/insolite-il-transforme-son-alfa-romeo-junior-en-milano\/#breadcrumb\"},\"inLanguage\":\"de\",\"potentialAction\":[{\"@type\":\"ReadAction\",\"target\":[\"https:\/\/www.italpassion.fr\/de\/alfa-romeo\/insolite-il-transforme-son-alfa-romeo-junior-en-milano\/\"]}]},{\"@type\":\"ImageObject\",\"inLanguage\":\"de\",\"@id\":\"https:\/\/www.italpassion.fr\/de\/alfa-romeo\/insolite-il-transforme-son-alfa-romeo-junior-en-milano\/#primaryimage\",\"url\":\"https:\/\/www.italpassion.fr\/wp-content\/uploads\/2025\/07\/alfa-romeo-milano-blanc-2.jpg\",\"contentUrl\":\"https:\/\/www.italpassion.fr\/wp-content\/uploads\/2025\/07\/alfa-romeo-milano-blanc-2.jpg\",\"width\":1200,\"height\":800},{\"@type\":\"BreadcrumbList\",\"@id\":\"https:\/\/www.italpassion.fr\/de\/alfa-romeo\/insolite-il-transforme-son-alfa-romeo-junior-en-milano\/#breadcrumb\",\"itemListElement\":[{\"@type\":\"ListItem\",\"position\":1,\"name\":\"Accueil\",\"item\":\"https:\/\/www.italpassion.fr\/de\/\"},{\"@type\":\"ListItem\",\"position\":2,\"name\":\"Insolite : il transforme son Alfa Romeo Junior&#8230; en Milano !\"}]},{\"@type\":\"WebSite\",\"@id\":\"https:\/\/www.italpassion.fr\/de\/#website\",\"url\":\"https:\/\/www.italpassion.fr\/de\/\",\"name\":\"ItalPassion\",\"description\":\"Les Passionn\u00e9s d&#039;Automobiles Italiennes\",\"publisher\":{\"@id\":\"https:\/\/www.italpassion.fr\/de\/#organization\"},\"potentialAction\":[{\"@type\":\"SearchAction\",\"target\":{\"@type\":\"EntryPoint\",\"urlTemplate\":\"https:\/\/www.italpassion.fr\/de\/?s={search_term_string}\"},\"query-input\":{\"@type\":\"PropertyValueSpecification\",\"valueRequired\":true,\"valueName\":\"search_term_string\"}}],\"inLanguage\":\"de\"},{\"@type\":\"Organization\",\"@id\":\"https:\/\/www.italpassion.fr\/de\/#organization\",\"name\":\"Italpassion\",\"url\":\"https:\/\/www.italpassion.fr\/de\/\",\"logo\":{\"@type\":\"ImageObject\",\"inLanguage\":\"de\",\"@id\":\"https:\/\/www.italpassion.fr\/de\/#\/schema\/logo\/image\/\",\"url\":\"https:\/\/www.italpassion.fr\/wp-content\/uploads\/2023\/07\/italpassion-yoast.jpg\",\"contentUrl\":\"https:\/\/www.italpassion.fr\/wp-content\/uploads\/2023\/07\/italpassion-yoast.jpg\",\"width\":696,\"height\":696,\"caption\":\"Italpassion\"},\"image\":{\"@id\":\"https:\/\/www.italpassion.fr\/de\/#\/schema\/logo\/image\/\"},\"sameAs\":[\"https:\/\/www.facebook.com\/italpassion\",\"https:\/\/x.com\/italpassion\",\"https:\/\/www.instagram.com\/italpassionfr\/\",\"https:\/\/www.youtube.com\/channel\/UCleq-ByQaA42OjhopwevRjQ\",\"https:\/\/www.facebook.com\/italpassion.en\/\",\"https:\/\/www.facebook.com\/italpassion.it\/\",\"https:\/\/www.facebook.com\/italpassion.de\/\",\"https:\/\/www.facebook.com\/italpassion.ja\/\"]},{\"@type\":\"Person\",\"@id\":\"https:\/\/www.italpassion.fr\/de\/#\/schema\/person\/36f747b2a759ca202d847e85a9434ca0\",\"name\":\"Alexandre Filluzeau\",\"image\":{\"@type\":\"ImageObject\",\"inLanguage\":\"de\",\"@id\":\"https:\/\/www.italpassion.fr\/de\/#\/schema\/person\/image\/\",\"url\":\"https:\/\/www.italpassion.fr\/wp-content\/uploads\/2025\/04\/avatar-alexandre-160x160.jpg\",\"contentUrl\":\"https:\/\/www.italpassion.fr\/wp-content\/uploads\/2025\/04\/avatar-alexandre-160x160.jpg\",\"caption\":\"Alexandre Filluzeau\"},\"description\":\"Fondateur du site ItalPassion, passionn\u00e9 de voitures italiennes et de l'Italie en g\u00e9n\u00e9ral. J'apporte un regard critique et technique aux actualit\u00e9s des marques italiennes quand cela est possible. Propri\u00e9taire d'une Maserati GranTurismo, Alfa Romeo MiTo, Lancia Fulvia et Ducati 695. Ex-propri\u00e9taire d'une Alfa Romeo Giulia.\",\"sameAs\":[\"https:\/\/www.italpassion.fr\/\"],\"url\":\"https:\/\/www.italpassion.fr\/de\/author\/alexandre\/\"}]}<\/script>\n<!-- \/ Yoast SEO plugin. -->","yoast_head_json":{"title":"Ungew\u00f6hnlich: Er baut seinen Alfa Romeo Junior um... in einen Milano! - ItalPassion","description":"W\u00e4hrend manche Leute einfach nur stolz das Foto ihres neuen Alfa Romeo Junior auf Facebook posten, gehen andere weiter... viel weiter.","robots":{"index":"index","follow":"follow","max-snippet":"max-snippet:-1","max-image-preview":"max-image-preview:large","max-video-preview":"max-video-preview:-1"},"canonical":"https:\/\/www.italpassion.fr\/de\/alfa-romeo\/ungewohnlich-er-baut-seinen-alfa-romeo-junior-in-einen-milano-um\/","og_locale":"de_DE","og_type":"article","og_title":"Insolite : il transforme son Alfa Romeo Junior... en Milano ! - ItalPassion","og_description":"Quand certains se contentent de poster fi\u00e8rement la photo de leur nouvelle Alfa Romeo Junior sur Facebook, d\u2019autres vont plus loin\u2026 Beaucoup plus loin.","og_url":"https:\/\/www.italpassion.fr\/de\/alfa-romeo\/ungewohnlich-er-baut-seinen-alfa-romeo-junior-in-einen-milano-um\/","og_site_name":"ItalPassion","article_publisher":"https:\/\/www.facebook.com\/italpassion","article_published_time":"2025-07-29T06:46:14+00:00","og_image":[{"width":1200,"height":800,"url":"https:\/\/www.italpassion.fr\/wp-content\/uploads\/2025\/07\/alfa-romeo-milano-blanc-2.jpg","type":"image\/jpeg"}],"author":"Alexandre Filluzeau","twitter_card":"summary_large_image","twitter_creator":"@italpassion","twitter_site":"@italpassion","schema":{"@context":"https:\/\/schema.org","@graph":[{"@type":"NewsArticle","@id":"https:\/\/www.italpassion.fr\/de\/alfa-romeo\/insolite-il-transforme-son-alfa-romeo-junior-en-milano\/#article","isPartOf":{"@id":"https:\/\/www.italpassion.fr\/de\/alfa-romeo\/insolite-il-transforme-son-alfa-romeo-junior-en-milano\/"},"author":{"name":"Alexandre Filluzeau","@id":"https:\/\/www.italpassion.fr\/de\/#\/schema\/person\/36f747b2a759ca202d847e85a9434ca0"},"headline":"Insolite : il transforme son Alfa Romeo Junior&#8230; en Milano !","datePublished":"2025-07-29T06:46:14+00:00","mainEntityOfPage":{"@id":"https:\/\/www.italpassion.fr\/de\/alfa-romeo\/insolite-il-transforme-son-alfa-romeo-junior-en-milano\/"},"wordCount":455,"commentCount":8,"publisher":{"@id":"https:\/\/www.italpassion.fr\/de\/#organization"},"image":{"@id":"https:\/\/www.italpassion.fr\/de\/alfa-romeo\/insolite-il-transforme-son-alfa-romeo-junior-en-milano\/#primaryimage"},"thumbnailUrl":"https:\/\/www.italpassion.fr\/wp-content\/uploads\/2025\/07\/alfa-romeo-milano-blanc-2.jpg","keywords":["Alfa Romeo Junior"],"articleSection":["Alfa Romeo"],"inLanguage":"de","potentialAction":[{"@type":"CommentAction","name":"Comment","target":["https:\/\/www.italpassion.fr\/de\/alfa-romeo\/insolite-il-transforme-son-alfa-romeo-junior-en-milano\/#respond"]}]},{"@type":"WebPage","@id":"https:\/\/www.italpassion.fr\/de\/alfa-romeo\/insolite-il-transforme-son-alfa-romeo-junior-en-milano\/","url":"https:\/\/www.italpassion.fr\/de\/alfa-romeo\/insolite-il-transforme-son-alfa-romeo-junior-en-milano\/","name":"Ungew\u00f6hnlich: Er baut seinen Alfa Romeo Junior um... in einen Milano! - ItalPassion","isPartOf":{"@id":"https:\/\/www.italpassion.fr\/de\/#website"},"primaryImageOfPage":{"@id":"https:\/\/www.italpassion.fr\/de\/alfa-romeo\/insolite-il-transforme-son-alfa-romeo-junior-en-milano\/#primaryimage"},"image":{"@id":"https:\/\/www.italpassion.fr\/de\/alfa-romeo\/insolite-il-transforme-son-alfa-romeo-junior-en-milano\/#primaryimage"},"thumbnailUrl":"https:\/\/www.italpassion.fr\/wp-content\/uploads\/2025\/07\/alfa-romeo-milano-blanc-2.jpg","datePublished":"2025-07-29T06:46:14+00:00","description":"W\u00e4hrend manche Leute einfach nur stolz das Foto ihres neuen Alfa Romeo Junior auf Facebook posten, gehen andere weiter... viel weiter.","breadcrumb":{"@id":"https:\/\/www.italpassion.fr\/de\/alfa-romeo\/insolite-il-transforme-son-alfa-romeo-junior-en-milano\/#breadcrumb"},"inLanguage":"de","potentialAction":[{"@type":"ReadAction","target":["https:\/\/www.italpassion.fr\/de\/alfa-romeo\/insolite-il-transforme-son-alfa-romeo-junior-en-milano\/"]}]},{"@type":"ImageObject","inLanguage":"de","@id":"https:\/\/www.italpassion.fr\/de\/alfa-romeo\/insolite-il-transforme-son-alfa-romeo-junior-en-milano\/#primaryimage","url":"https:\/\/www.italpassion.fr\/wp-content\/uploads\/2025\/07\/alfa-romeo-milano-blanc-2.jpg","contentUrl":"https:\/\/www.italpassion.fr\/wp-content\/uploads\/2025\/07\/alfa-romeo-milano-blanc-2.jpg","width":1200,"height":800},{"@type":"BreadcrumbList","@id":"https:\/\/www.italpassion.fr\/de\/alfa-romeo\/insolite-il-transforme-son-alfa-romeo-junior-en-milano\/#breadcrumb","itemListElement":[{"@type":"ListItem","position":1,"name":"Accueil","item":"https:\/\/www.italpassion.fr\/de\/"},{"@type":"ListItem","position":2,"name":"Insolite : il transforme son Alfa Romeo Junior&#8230; en Milano !"}]},{"@type":"WebSite","@id":"https:\/\/www.italpassion.fr\/de\/#website","url":"https:\/\/www.italpassion.fr\/de\/","name":"ItalPassion","description":"Die Liebhaber italienischer Autos","publisher":{"@id":"https:\/\/www.italpassion.fr\/de\/#organization"},"potentialAction":[{"@type":"SearchAction","target":{"@type":"EntryPoint","urlTemplate":"https:\/\/www.italpassion.fr\/de\/?s={search_term_string}"},"query-input":{"@type":"PropertyValueSpecification","valueRequired":true,"valueName":"search_term_string"}}],"inLanguage":"de"},{"@type":"Organization","@id":"https:\/\/www.italpassion.fr\/de\/#organization","name":"Italpassion","url":"https:\/\/www.italpassion.fr\/de\/","logo":{"@type":"ImageObject","inLanguage":"de","@id":"https:\/\/www.italpassion.fr\/de\/#\/schema\/logo\/image\/","url":"https:\/\/www.italpassion.fr\/wp-content\/uploads\/2023\/07\/italpassion-yoast.jpg","contentUrl":"https:\/\/www.italpassion.fr\/wp-content\/uploads\/2023\/07\/italpassion-yoast.jpg","width":696,"height":696,"caption":"Italpassion"},"image":{"@id":"https:\/\/www.italpassion.fr\/de\/#\/schema\/logo\/image\/"},"sameAs":["https:\/\/www.facebook.com\/italpassion","https:\/\/x.com\/italpassion","https:\/\/www.instagram.com\/italpassionfr\/","https:\/\/www.youtube.com\/channel\/UCleq-ByQaA42OjhopwevRjQ","https:\/\/www.facebook.com\/italpassion.en\/","https:\/\/www.facebook.com\/italpassion.it\/","https:\/\/www.facebook.com\/italpassion.de\/","https:\/\/www.facebook.com\/italpassion.ja\/"]},{"@type":"Person","@id":"https:\/\/www.italpassion.fr\/de\/#\/schema\/person\/36f747b2a759ca202d847e85a9434ca0","name":"Alexandre Filluzeau","image":{"@type":"ImageObject","inLanguage":"de","@id":"https:\/\/www.italpassion.fr\/de\/#\/schema\/person\/image\/","url":"https:\/\/www.italpassion.fr\/wp-content\/uploads\/2025\/04\/avatar-alexandre-160x160.jpg","contentUrl":"https:\/\/www.italpassion.fr\/wp-content\/uploads\/2025\/04\/avatar-alexandre-160x160.jpg","caption":"Alexandre Filluzeau"},"description":"Gr\u00fcnder der Website ItalPassion, leidenschaftlicher Fan von italienischen Autos und Italien im Allgemeinen. Ich bringe einen kritischen und technischen Blick auf die Nachrichten der italienischen Marken, wann immer es m\u00f6glich ist. Besitzer eines Maserati GranTurismo, Alfa Romeo MiTo, Lancia Fulvia und Ducati 695. Ex-Besitzer einer Alfa Romeo Giulia.","sameAs":["https:\/\/www.italpassion.fr\/"],"url":"https:\/\/www.italpassion.fr\/de\/author\/alexandre\/"}]}},"_links":{"self":[{"href":"https:\/\/www.italpassion.fr\/de\/wp-json\/wp\/v2\/posts\/40067","targetHints":{"allow":["GET"]}}],"collection":[{"href":"https:\/\/www.italpassion.fr\/de\/wp-json\/wp\/v2\/posts"}],"about":[{"href":"https:\/\/www.italpassion.fr\/de\/wp-json\/wp\/v2\/types\/post"}],"author":[{"embeddable":true,"href":"https:\/\/www.italpassion.fr\/de\/wp-json\/wp\/v2\/users\/1"}],"replies":[{"embeddable":true,"href":"https:\/\/www.italpassion.fr\/de\/wp-json\/wp\/v2\/comments?post=40067"}],"version-history":[{"count":3,"href":"https:\/\/www.italpassion.fr\/de\/wp-json\/wp\/v2\/posts\/40067\/revisions"}],"predecessor-version":[{"id":40153,"href":"https:\/\/www.italpassion.fr\/de\/wp-json\/wp\/v2\/posts\/40067\/revisions\/40153"}],"wp:featuredmedia":[{"embeddable":true,"href":"https:\/\/www.italpassion.fr\/de\/wp-json\/wp\/v2\/media\/40149"}],"wp:attachment":[{"href":"https:\/\/www.italpassion.fr\/de\/wp-json\/wp\/v2\/media?parent=40067"}],"wp:term":[{"taxonomy":"category","embeddable":true,"href":"https:\/\/www.italpassion.fr\/de\/wp-json\/wp\/v2\/categories?post=40067"},{"taxonomy":"post_tag","embeddable":true,"href":"https:\/\/www.italpassion.fr\/de\/wp-json\/wp\/v2\/tags?post=40067"}],"curies":[{"name":"wp","href":"https:\/\/api.w.org\/{rel}","templated":true}]}}