{"id":40044,"date":"2025-07-24T10:35:19","date_gmt":"2025-07-24T08:35:19","guid":{"rendered":"https:\/\/www.italpassion.fr\/?p=40044"},"modified":"2025-07-24T10:35:19","modified_gmt":"2025-07-24T08:35:19","slug":"maserati-zahlen-fur-das-erste-halbjahr-2025-wann-wird-die-marke-den-tiefpunkt-erreicht-haben","status":"publish","type":"post","link":"https:\/\/www.italpassion.fr\/de\/maserati\/chiffres-maserati-du-premier-semestre-2025-quand-est-ce-que-la-marque-aura-touche-le-fond\/","title":{"rendered":"Maserati-Zahlen f\u00fcr das erste Halbjahr 2025: Wann hat die Marke ihren Tiefpunkt erreicht?"},"content":{"rendered":"<figure class=\"wp-block-image size-large\"><img loading=\"lazy\" decoding=\"async\" width=\"1024\" height=\"683\" src=\"https:\/\/www.italpassion.fr\/wp-content\/uploads\/2025\/03\/maserati-mc20-modene-1024x683.jpg\" alt=\"\" class=\"wp-image-37189\" srcset=\"https:\/\/www.italpassion.fr\/wp-content\/uploads\/2025\/03\/maserati-mc20-modene-1024x683.jpg 1024w, https:\/\/www.italpassion.fr\/wp-content\/uploads\/2025\/03\/maserati-mc20-modene-300x200.jpg 300w, https:\/\/www.italpassion.fr\/wp-content\/uploads\/2025\/03\/maserati-mc20-modene-768x512.jpg 768w, https:\/\/www.italpassion.fr\/wp-content\/uploads\/2025\/03\/maserati-mc20-modene-18x12.jpg 18w, https:\/\/www.italpassion.fr\/wp-content\/uploads\/2025\/03\/maserati-mc20-modene-561x374.jpg 561w, https:\/\/www.italpassion.fr\/wp-content\/uploads\/2025\/03\/maserati-mc20-modene-1122x748.jpg 1122w, https:\/\/www.italpassion.fr\/wp-content\/uploads\/2025\/03\/maserati-mc20-modene-265x177.jpg 265w, https:\/\/www.italpassion.fr\/wp-content\/uploads\/2025\/03\/maserati-mc20-modene-531x354.jpg 531w, https:\/\/www.italpassion.fr\/wp-content\/uploads\/2025\/03\/maserati-mc20-modene-364x243.jpg 364w, https:\/\/www.italpassion.fr\/wp-content\/uploads\/2025\/03\/maserati-mc20-modene-728x485.jpg 728w, https:\/\/www.italpassion.fr\/wp-content\/uploads\/2025\/03\/maserati-mc20-modene-608x405.jpg 608w, https:\/\/www.italpassion.fr\/wp-content\/uploads\/2025\/03\/maserati-mc20-modene-758x505.jpg 758w, https:\/\/www.italpassion.fr\/wp-content\/uploads\/2025\/03\/maserati-mc20-modene-1152x768.jpg 1152w, https:\/\/www.italpassion.fr\/wp-content\/uploads\/2025\/03\/maserati-mc20-modene.jpg 1200w\" sizes=\"auto, (max-width: 1024px) 100vw, 1024px\" \/><\/figure>\n\n\n\n<p>Seit der zweiten H\u00e4lfte des Jahres 2023, <a href=\"https:\/\/www.italpassion.fr\/de\/maserati\/\">Maserati<\/a> rutscht langsam, aber sicher in die hinteren R\u00e4nge der weltweiten Zulassungsstatistik f\u00fcr Luxusmarken. Nach <a href=\"https:\/\/www.italpassion.fr\/de\/maserati\/maserati-zahlen-2024-die-marke-senfonce-in-den-roten-zahlen-wann-kommt-der-elektroschock\/\">ein Jahr 2024 bereits in den roten Zahlen<\/a>Die italienische Marke best\u00e4tigt leider den Trend im Jahr 2025 mit einem katastrophalen ersten Halbjahr: -32 % bei den Zulassungen in den Top 10 der wichtigsten L\u00e4nder, nach einem R\u00fcckgang von -31 % im Jahr 2024. <strong>Innerhalb von zwei Jahren halbierte sich das Volumen.<\/strong><\/p>\n\n\n\n<h2 class=\"wp-block-heading\">Starker R\u00fcckgang in fast allen L\u00e4ndern<\/h2>\n\n\n\n<p><strong>Alle folgenden Zahlen wurden von Italpassion abgerufen und erfordern Arbeitsstunden. Bitte geben Sie uns als Quelle an.<\/strong><\/p>\n\n\n\n<p>Der amerikanische Markt, historisch gesehen der gr\u00f6\u00dfte f\u00fcr die Marke, f\u00e4llt stark ab auf 1.830 Einheiten gegen\u00fcber 2.921 im letzten Jahr im gleichen Zeitraum, was einem R\u00fcckgang von -37 % entspricht. Italien, die Wiege von Maserati, konnte sich dem Trend mit -30 % nicht entziehen, w\u00e4hrend das Vereinigte K\u00f6nigreich mit -38 % einbrach. Die einzigen nennenswerten Ausnahmen sind Deutschland, das mit +12 % einen leichten Anstieg verzeichnete, und Frankreich, das zaghaft zulegte (+7 %, aber mit nur... 48 Zulassungen in den letzten sechs Monaten).<\/p>\n\n\n\n<p>Der Fall der Schweiz ist eindeutig: -50 %, ebenso wie Japan (-36 %), Spanien (-15 %) oder auch Australien (-25 %). Selbst die T\u00fcrkei, die 2024 noch als kleines Wachstum galt, verzeichnete einen R\u00fcckgang von -8 %. Im Halbjahr verzeichnete Maserati 4.328 Neuzulassungen, gegen\u00fcber 6.324 im Jahr 2024 und 9.194 im Jahr 2023.<\/p>\n\n\n\n<figure class=\"wp-block-table\"><table class=\"has-fixed-layout\"><thead><tr><th>Land<\/th><th>H1 2023<\/th><th>H1 2024<\/th><th>H1 2025<\/th><th>Entwicklung n-1<\/th><\/tr><\/thead><tbody><tr><td>Vereinigte Staaten<\/td><td>3811<\/td><td>2921<\/td><td>1830<\/td><td>-37%<\/td><\/tr><tr><td>Italien<\/td><td>2223<\/td><td>1445<\/td><td>1017<\/td><td>-30%<\/td><\/tr><tr><td>Japan<\/td><td>667<\/td><td>659<\/td><td>424<\/td><td>-36%<\/td><\/tr><tr><td>Deutschland<\/td><td>696<\/td><td>300<\/td><td>336<\/td><td>12%<\/td><\/tr><tr><td>Vereinigtes K\u00f6nigreich<\/td><td>544<\/td><td>277<\/td><td>171<\/td><td>-38%<\/td><\/tr><tr><td>Schweiz<\/td><td>312<\/td><td>181<\/td><td>91<\/td><td>-50%<\/td><\/tr><tr><td>Australien<\/td><td>319<\/td><td>200<\/td><td>151<\/td><td>-25%<\/td><\/tr><tr><td>T\u00fcrkei<\/td><td>307<\/td><td>131<\/td><td>120<\/td><td>-8%<\/td><\/tr><tr><td>Spanien<\/td><td>245<\/td><td>165<\/td><td>140<\/td><td>-15%<\/td><\/tr><tr><td>Frankreich<\/td><td>70<\/td><td>45<\/td><td>48<\/td><td>7%<\/td><\/tr><tr><td><\/td><td>9194<\/td><td>6324<\/td><td>4328<\/td><td>-32%<\/td><\/tr><\/tbody><\/table><\/figure>\n\n\n\n<h2 class=\"wp-block-heading\">Dennoch sind gute Produkte...<\/h2>\n\n\n\n<p>Das Paradoxe daran ist, dass die Marke mehrere sehr interessante Modelle anbietet, vor allem f\u00fcr Liebhaber von Sportwagen:<\/p>\n\n\n\n<ul class=\"wp-block-list\">\n<li>Der GT2 Stradale, die stra\u00dfenzugelassene Version des GT2-Rennwagens.<\/li>\n\n\n\n<li>Der MCXtrema, ein extremes Hypercar ohne Stra\u00dfenzulassung, das nur einer Handvoll Sammlern vorbehalten ist.<\/li>\n\n\n\n<li>Der MCPURA, ein exklusiver Supersportwagen aus Modena, ist einer der letzten ohne Hybridantrieb.<\/li>\n<\/ul>\n\n\n\n<p>Doch diese Modelle waren selten, teuer und \u00e4nderten nichts an der allgemeinen Gesch\u00e4ftslage von Maserati.<\/p>\n\n\n\n<h2 class=\"wp-block-heading\">Ein inkoh\u00e4rentes und schlecht positioniertes Sortiment<\/h2>\n\n\n\n<p>Die eigentlichen Schwierigkeiten kommen aus dem Bereich der Verbraucherprodukte:<\/p>\n\n\n\n<ul class=\"wp-block-list\">\n<li>Die elektrische Folgore 100 % Reihe ist ein Misserfolg.<\/li>\n\n\n\n<li>Der SUV Grecale, der ein Eckpfeiler des Volumens sein sollte, wird immer noch nicht mit einem V6-Hybridantrieb angeboten.<\/li>\n\n\n\n<li>Der neue Granturismo und das neue Grancabrio waren zwar technisch erfolgreich, wurden aber zu viel zu hohen Preisen auf den Markt gebracht. <a href=\"https:\/\/www.italpassion.fr\/de\/maserati\/maserati-beginnt-die-preise-fur-einige-modelle-der-2025er-reihe-zu-senken\/\">Es folgten Preissenkungen<\/a>Aber der Schaden war bereits angerichtet.<\/li>\n\n\n\n<li>Das ersatzlose Verschwinden von Ghibli, Quattroporte und Levante hat auch eine g\u00e4hnende Leere im Angebot von Maserati hinterlassen.<\/li>\n<\/ul>\n\n\n\n<h2 class=\"wp-block-heading\">Eine unklare Zukunft ... oder endlich in Planung?<\/h2>\n\n\n\n<p>Angesichts dieser beunruhigenden Situation wirft das Schweigen von Maserati in den letzten Monaten Fragen auf. Seit Ende 2024 wird uns ein Konjunkturprogramm versprochen. Urspr\u00fcnglich f\u00fcr Februar 2025. Er wurde auf Ende Juni verschoben. Jetzt ist es Ende Juli ... immer noch nichts offiziell angek\u00fcndigt.<\/p>\n\n\n\n<p>Derzeit sind die meisten Unternehmen in der Lage, ihre Produkte zu verkaufen, ohne dass sie sich dabei auf den Markt konzentrieren m\u00fcssen. Er sollte das Angebot um Modelle herum neu ordnen, die den Erwartungen des Marktes besser entsprechen, und Hybridmotoren einbeziehen.<\/p>\n\n\n\n<p>Parallel dazu finden industrielle Bewegungen statt: Die Produktion des Granturismo und des Grancabrio wird bis Ende 2025 nach Modena verlegt, wo sie sich die Linie mit dem MCPURA teilen werden. Eine M\u00f6glichkeit, die Kosten zu rationalisieren und der handwerklichen Produktion auf italienische Art wieder mehr Bedeutung zu verleihen.<\/p>\n\n\n\n<h2 class=\"wp-block-heading\">Kann Maserati abprallen?<\/h2>\n\n\n\n<p>Alles deutet darauf hin, dass Maserati den Tiefpunkt noch nicht erreicht hat - aber sich ihm gef\u00e4hrlich n\u00e4hert. Innerhalb von zwei Jahren sind die Verkaufszahlen eingebrochen. Die strategischen Fehler, die Stellantis gemacht hat, wiegen schwer: Elektroautos ohne Markt, schlecht motorisierte SUVs, aufgegebene Limousinen, zu teure Sportwagen... Und die mangelnde Kommunikation tr\u00e4gt nicht dazu bei, die Fans oder Investoren zu beruhigen.<\/p>","protected":false},"excerpt":{"rendered":"","protected":false},"author":1,"featured_media":37189,"comment_status":"open","ping_status":"open","sticky":false,"template":"","format":"standard","meta":{"_acf_changed":false,"_sitemap_exclude":false,"_sitemap_priority":"","_sitemap_frequency":"","footnotes":""},"categories":[27],"tags":[],"class_list":["post-40044","post","type-post","status-publish","format-standard","has-post-thumbnail","hentry","category-maserati","generate-columns","tablet-grid-50","mobile-grid-100","grid-parent","grid-33"],"acf":[],"yoast_head":"<!-- This site is optimized with the Yoast SEO plugin v25.8 - https:\/\/yoast.com\/wordpress\/plugins\/seo\/ -->\n<title>Chiffres Maserati du premier semestre 2025 : quand est-ce que la marque aura touch\u00e9 le fond ? - ItalPassion<\/title>\n<meta name=\"description\" content=\"Depuis la deuxi\u00e8me moiti\u00e9 de l\u2019ann\u00e9e 2023, Maserati glisse lentement, mais s\u00fbrement vers le fond du classement mondial des immatriculations des marques de\" \/>\n<meta name=\"robots\" content=\"index, follow, max-snippet:-1, max-image-preview:large, max-video-preview:-1\" \/>\n<link rel=\"canonical\" href=\"https:\/\/www.italpassion.fr\/de\/maserati\/maserati-zahlen-fur-das-erste-halbjahr-2025-wann-wird-die-marke-den-tiefpunkt-erreicht-haben\/\" \/>\n<meta property=\"og:locale\" content=\"de_DE\" \/>\n<meta property=\"og:type\" content=\"article\" \/>\n<meta property=\"og:title\" content=\"Chiffres Maserati du premier semestre 2025 : quand est-ce que la marque aura touch\u00e9 le fond ? - ItalPassion\" \/>\n<meta property=\"og:description\" content=\"Depuis la deuxi\u00e8me moiti\u00e9 de l\u2019ann\u00e9e 2023, Maserati glisse lentement, mais s\u00fbrement vers le fond du classement mondial des immatriculations des marques de\" \/>\n<meta property=\"og:url\" content=\"https:\/\/www.italpassion.fr\/de\/maserati\/maserati-zahlen-fur-das-erste-halbjahr-2025-wann-wird-die-marke-den-tiefpunkt-erreicht-haben\/\" \/>\n<meta property=\"og:site_name\" content=\"ItalPassion\" \/>\n<meta property=\"article:publisher\" content=\"https:\/\/www.facebook.com\/italpassion\" \/>\n<meta property=\"article:published_time\" content=\"2025-07-24T08:35:19+00:00\" \/>\n<meta property=\"og:image\" content=\"https:\/\/www.italpassion.fr\/wp-content\/uploads\/2025\/03\/maserati-mc20-modene.jpg\" \/>\n\t<meta property=\"og:image:width\" content=\"1200\" \/>\n\t<meta property=\"og:image:height\" content=\"800\" \/>\n\t<meta property=\"og:image:type\" content=\"image\/jpeg\" \/>\n<meta name=\"author\" content=\"Alexandre Filluzeau\" \/>\n<meta name=\"twitter:card\" content=\"summary_large_image\" \/>\n<meta name=\"twitter:creator\" content=\"@italpassion\" \/>\n<meta name=\"twitter:site\" content=\"@italpassion\" \/>\n<script type=\"application\/ld+json\" class=\"yoast-schema-graph\">{\"@context\":\"https:\/\/schema.org\",\"@graph\":[{\"@type\":\"NewsArticle\",\"@id\":\"https:\/\/www.italpassion.fr\/de\/maserati\/chiffres-maserati-du-premier-semestre-2025-quand-est-ce-que-la-marque-aura-touche-le-fond\/#article\",\"isPartOf\":{\"@id\":\"https:\/\/www.italpassion.fr\/de\/maserati\/chiffres-maserati-du-premier-semestre-2025-quand-est-ce-que-la-marque-aura-touche-le-fond\/\"},\"author\":{\"name\":\"Alexandre Filluzeau\",\"@id\":\"https:\/\/www.italpassion.fr\/de\/#\/schema\/person\/36f747b2a759ca202d847e85a9434ca0\"},\"headline\":\"Chiffres Maserati du premier semestre 2025 : quand est-ce que la marque aura touch\u00e9 le fond ?\",\"datePublished\":\"2025-07-24T08:35:19+00:00\",\"mainEntityOfPage\":{\"@id\":\"https:\/\/www.italpassion.fr\/de\/maserati\/chiffres-maserati-du-premier-semestre-2025-quand-est-ce-que-la-marque-aura-touche-le-fond\/\"},\"wordCount\":672,\"commentCount\":18,\"publisher\":{\"@id\":\"https:\/\/www.italpassion.fr\/de\/#organization\"},\"image\":{\"@id\":\"https:\/\/www.italpassion.fr\/de\/maserati\/chiffres-maserati-du-premier-semestre-2025-quand-est-ce-que-la-marque-aura-touche-le-fond\/#primaryimage\"},\"thumbnailUrl\":\"https:\/\/www.italpassion.fr\/wp-content\/uploads\/2025\/03\/maserati-mc20-modene.jpg\",\"articleSection\":[\"Maserati\"],\"inLanguage\":\"de\",\"potentialAction\":[{\"@type\":\"CommentAction\",\"name\":\"Comment\",\"target\":[\"https:\/\/www.italpassion.fr\/de\/maserati\/chiffres-maserati-du-premier-semestre-2025-quand-est-ce-que-la-marque-aura-touche-le-fond\/#respond\"]}]},{\"@type\":\"WebPage\",\"@id\":\"https:\/\/www.italpassion.fr\/de\/maserati\/chiffres-maserati-du-premier-semestre-2025-quand-est-ce-que-la-marque-aura-touche-le-fond\/\",\"url\":\"https:\/\/www.italpassion.fr\/de\/maserati\/chiffres-maserati-du-premier-semestre-2025-quand-est-ce-que-la-marque-aura-touche-le-fond\/\",\"name\":\"Chiffres Maserati du premier semestre 2025 : quand est-ce que la marque aura touch\u00e9 le fond ? - ItalPassion\",\"isPartOf\":{\"@id\":\"https:\/\/www.italpassion.fr\/de\/#website\"},\"primaryImageOfPage\":{\"@id\":\"https:\/\/www.italpassion.fr\/de\/maserati\/chiffres-maserati-du-premier-semestre-2025-quand-est-ce-que-la-marque-aura-touche-le-fond\/#primaryimage\"},\"image\":{\"@id\":\"https:\/\/www.italpassion.fr\/de\/maserati\/chiffres-maserati-du-premier-semestre-2025-quand-est-ce-que-la-marque-aura-touche-le-fond\/#primaryimage\"},\"thumbnailUrl\":\"https:\/\/www.italpassion.fr\/wp-content\/uploads\/2025\/03\/maserati-mc20-modene.jpg\",\"datePublished\":\"2025-07-24T08:35:19+00:00\",\"description\":\"Depuis la deuxi\u00e8me moiti\u00e9 de l\u2019ann\u00e9e 2023, Maserati glisse lentement, mais s\u00fbrement vers le fond du classement mondial des immatriculations des marques de\",\"breadcrumb\":{\"@id\":\"https:\/\/www.italpassion.fr\/de\/maserati\/chiffres-maserati-du-premier-semestre-2025-quand-est-ce-que-la-marque-aura-touche-le-fond\/#breadcrumb\"},\"inLanguage\":\"de\",\"potentialAction\":[{\"@type\":\"ReadAction\",\"target\":[\"https:\/\/www.italpassion.fr\/de\/maserati\/chiffres-maserati-du-premier-semestre-2025-quand-est-ce-que-la-marque-aura-touche-le-fond\/\"]}]},{\"@type\":\"ImageObject\",\"inLanguage\":\"de\",\"@id\":\"https:\/\/www.italpassion.fr\/de\/maserati\/chiffres-maserati-du-premier-semestre-2025-quand-est-ce-que-la-marque-aura-touche-le-fond\/#primaryimage\",\"url\":\"https:\/\/www.italpassion.fr\/wp-content\/uploads\/2025\/03\/maserati-mc20-modene.jpg\",\"contentUrl\":\"https:\/\/www.italpassion.fr\/wp-content\/uploads\/2025\/03\/maserati-mc20-modene.jpg\",\"width\":1200,\"height\":800},{\"@type\":\"BreadcrumbList\",\"@id\":\"https:\/\/www.italpassion.fr\/de\/maserati\/chiffres-maserati-du-premier-semestre-2025-quand-est-ce-que-la-marque-aura-touche-le-fond\/#breadcrumb\",\"itemListElement\":[{\"@type\":\"ListItem\",\"position\":1,\"name\":\"Accueil\",\"item\":\"https:\/\/www.italpassion.fr\/de\/\"},{\"@type\":\"ListItem\",\"position\":2,\"name\":\"Chiffres Maserati du premier semestre 2025 : quand est-ce que la marque aura touch\u00e9 le fond ?\"}]},{\"@type\":\"WebSite\",\"@id\":\"https:\/\/www.italpassion.fr\/de\/#website\",\"url\":\"https:\/\/www.italpassion.fr\/de\/\",\"name\":\"ItalPassion\",\"description\":\"Les Passionn\u00e9s d&#039;Automobiles Italiennes\",\"publisher\":{\"@id\":\"https:\/\/www.italpassion.fr\/de\/#organization\"},\"potentialAction\":[{\"@type\":\"SearchAction\",\"target\":{\"@type\":\"EntryPoint\",\"urlTemplate\":\"https:\/\/www.italpassion.fr\/de\/?s={search_term_string}\"},\"query-input\":{\"@type\":\"PropertyValueSpecification\",\"valueRequired\":true,\"valueName\":\"search_term_string\"}}],\"inLanguage\":\"de\"},{\"@type\":\"Organization\",\"@id\":\"https:\/\/www.italpassion.fr\/de\/#organization\",\"name\":\"Italpassion\",\"url\":\"https:\/\/www.italpassion.fr\/de\/\",\"logo\":{\"@type\":\"ImageObject\",\"inLanguage\":\"de\",\"@id\":\"https:\/\/www.italpassion.fr\/de\/#\/schema\/logo\/image\/\",\"url\":\"https:\/\/www.italpassion.fr\/wp-content\/uploads\/2023\/07\/italpassion-yoast.jpg\",\"contentUrl\":\"https:\/\/www.italpassion.fr\/wp-content\/uploads\/2023\/07\/italpassion-yoast.jpg\",\"width\":696,\"height\":696,\"caption\":\"Italpassion\"},\"image\":{\"@id\":\"https:\/\/www.italpassion.fr\/de\/#\/schema\/logo\/image\/\"},\"sameAs\":[\"https:\/\/www.facebook.com\/italpassion\",\"https:\/\/x.com\/italpassion\",\"https:\/\/www.instagram.com\/italpassionfr\/\",\"https:\/\/www.youtube.com\/channel\/UCleq-ByQaA42OjhopwevRjQ\",\"https:\/\/www.facebook.com\/italpassion.en\/\",\"https:\/\/www.facebook.com\/italpassion.it\/\",\"https:\/\/www.facebook.com\/italpassion.de\/\",\"https:\/\/www.facebook.com\/italpassion.ja\/\"]},{\"@type\":\"Person\",\"@id\":\"https:\/\/www.italpassion.fr\/de\/#\/schema\/person\/36f747b2a759ca202d847e85a9434ca0\",\"name\":\"Alexandre Filluzeau\",\"image\":{\"@type\":\"ImageObject\",\"inLanguage\":\"de\",\"@id\":\"https:\/\/www.italpassion.fr\/de\/#\/schema\/person\/image\/\",\"url\":\"https:\/\/www.italpassion.fr\/wp-content\/uploads\/2025\/04\/avatar-alexandre-160x160.jpg\",\"contentUrl\":\"https:\/\/www.italpassion.fr\/wp-content\/uploads\/2025\/04\/avatar-alexandre-160x160.jpg\",\"caption\":\"Alexandre Filluzeau\"},\"description\":\"Fondateur du site ItalPassion, passionn\u00e9 de voitures italiennes et de l'Italie en g\u00e9n\u00e9ral. J'apporte un regard critique et technique aux actualit\u00e9s des marques italiennes quand cela est possible. Propri\u00e9taire d'une Maserati GranTurismo, Alfa Romeo MiTo, Lancia Fulvia et Ducati 695. Ex-propri\u00e9taire d'une Alfa Romeo Giulia.\",\"sameAs\":[\"https:\/\/www.italpassion.fr\/\"],\"url\":\"https:\/\/www.italpassion.fr\/de\/author\/alexandre\/\"}]}<\/script>\n<!-- \/ Yoast SEO plugin. -->","yoast_head_json":{"title":"Maserati-Zahlen f\u00fcr das erste Halbjahr 2025: Wann hat die Marke ihren Tiefpunkt erreicht? - ItalPassion","description":"Seit der zweiten H\u00e4lfte des Jahres 2023 rutscht Maserati langsam, aber sicher in die hinterste Ecke der weltweiten Zulassungsrangliste der Marken von","robots":{"index":"index","follow":"follow","max-snippet":"max-snippet:-1","max-image-preview":"max-image-preview:large","max-video-preview":"max-video-preview:-1"},"canonical":"https:\/\/www.italpassion.fr\/de\/maserati\/maserati-zahlen-fur-das-erste-halbjahr-2025-wann-wird-die-marke-den-tiefpunkt-erreicht-haben\/","og_locale":"de_DE","og_type":"article","og_title":"Chiffres Maserati du premier semestre 2025 : quand est-ce que la marque aura touch\u00e9 le fond ? - ItalPassion","og_description":"Depuis la deuxi\u00e8me moiti\u00e9 de l\u2019ann\u00e9e 2023, Maserati glisse lentement, mais s\u00fbrement vers le fond du classement mondial des immatriculations des marques de","og_url":"https:\/\/www.italpassion.fr\/de\/maserati\/maserati-zahlen-fur-das-erste-halbjahr-2025-wann-wird-die-marke-den-tiefpunkt-erreicht-haben\/","og_site_name":"ItalPassion","article_publisher":"https:\/\/www.facebook.com\/italpassion","article_published_time":"2025-07-24T08:35:19+00:00","og_image":[{"width":1200,"height":800,"url":"https:\/\/www.italpassion.fr\/wp-content\/uploads\/2025\/03\/maserati-mc20-modene.jpg","type":"image\/jpeg"}],"author":"Alexandre Filluzeau","twitter_card":"summary_large_image","twitter_creator":"@italpassion","twitter_site":"@italpassion","schema":{"@context":"https:\/\/schema.org","@graph":[{"@type":"NewsArticle","@id":"https:\/\/www.italpassion.fr\/de\/maserati\/chiffres-maserati-du-premier-semestre-2025-quand-est-ce-que-la-marque-aura-touche-le-fond\/#article","isPartOf":{"@id":"https:\/\/www.italpassion.fr\/de\/maserati\/chiffres-maserati-du-premier-semestre-2025-quand-est-ce-que-la-marque-aura-touche-le-fond\/"},"author":{"name":"Alexandre Filluzeau","@id":"https:\/\/www.italpassion.fr\/de\/#\/schema\/person\/36f747b2a759ca202d847e85a9434ca0"},"headline":"Chiffres Maserati du premier semestre 2025 : quand est-ce que la marque aura touch\u00e9 le fond ?","datePublished":"2025-07-24T08:35:19+00:00","mainEntityOfPage":{"@id":"https:\/\/www.italpassion.fr\/de\/maserati\/chiffres-maserati-du-premier-semestre-2025-quand-est-ce-que-la-marque-aura-touche-le-fond\/"},"wordCount":672,"commentCount":18,"publisher":{"@id":"https:\/\/www.italpassion.fr\/de\/#organization"},"image":{"@id":"https:\/\/www.italpassion.fr\/de\/maserati\/chiffres-maserati-du-premier-semestre-2025-quand-est-ce-que-la-marque-aura-touche-le-fond\/#primaryimage"},"thumbnailUrl":"https:\/\/www.italpassion.fr\/wp-content\/uploads\/2025\/03\/maserati-mc20-modene.jpg","articleSection":["Maserati"],"inLanguage":"de","potentialAction":[{"@type":"CommentAction","name":"Comment","target":["https:\/\/www.italpassion.fr\/de\/maserati\/chiffres-maserati-du-premier-semestre-2025-quand-est-ce-que-la-marque-aura-touche-le-fond\/#respond"]}]},{"@type":"WebPage","@id":"https:\/\/www.italpassion.fr\/de\/maserati\/chiffres-maserati-du-premier-semestre-2025-quand-est-ce-que-la-marque-aura-touche-le-fond\/","url":"https:\/\/www.italpassion.fr\/de\/maserati\/chiffres-maserati-du-premier-semestre-2025-quand-est-ce-que-la-marque-aura-touche-le-fond\/","name":"Maserati-Zahlen f\u00fcr das erste Halbjahr 2025: Wann hat die Marke ihren Tiefpunkt erreicht? - ItalPassion","isPartOf":{"@id":"https:\/\/www.italpassion.fr\/de\/#website"},"primaryImageOfPage":{"@id":"https:\/\/www.italpassion.fr\/de\/maserati\/chiffres-maserati-du-premier-semestre-2025-quand-est-ce-que-la-marque-aura-touche-le-fond\/#primaryimage"},"image":{"@id":"https:\/\/www.italpassion.fr\/de\/maserati\/chiffres-maserati-du-premier-semestre-2025-quand-est-ce-que-la-marque-aura-touche-le-fond\/#primaryimage"},"thumbnailUrl":"https:\/\/www.italpassion.fr\/wp-content\/uploads\/2025\/03\/maserati-mc20-modene.jpg","datePublished":"2025-07-24T08:35:19+00:00","description":"Seit der zweiten H\u00e4lfte des Jahres 2023 rutscht Maserati langsam, aber sicher in die hinterste Ecke der weltweiten Zulassungsrangliste der Marken von","breadcrumb":{"@id":"https:\/\/www.italpassion.fr\/de\/maserati\/chiffres-maserati-du-premier-semestre-2025-quand-est-ce-que-la-marque-aura-touche-le-fond\/#breadcrumb"},"inLanguage":"de","potentialAction":[{"@type":"ReadAction","target":["https:\/\/www.italpassion.fr\/de\/maserati\/chiffres-maserati-du-premier-semestre-2025-quand-est-ce-que-la-marque-aura-touche-le-fond\/"]}]},{"@type":"ImageObject","inLanguage":"de","@id":"https:\/\/www.italpassion.fr\/de\/maserati\/chiffres-maserati-du-premier-semestre-2025-quand-est-ce-que-la-marque-aura-touche-le-fond\/#primaryimage","url":"https:\/\/www.italpassion.fr\/wp-content\/uploads\/2025\/03\/maserati-mc20-modene.jpg","contentUrl":"https:\/\/www.italpassion.fr\/wp-content\/uploads\/2025\/03\/maserati-mc20-modene.jpg","width":1200,"height":800},{"@type":"BreadcrumbList","@id":"https:\/\/www.italpassion.fr\/de\/maserati\/chiffres-maserati-du-premier-semestre-2025-quand-est-ce-que-la-marque-aura-touche-le-fond\/#breadcrumb","itemListElement":[{"@type":"ListItem","position":1,"name":"Accueil","item":"https:\/\/www.italpassion.fr\/de\/"},{"@type":"ListItem","position":2,"name":"Chiffres Maserati du premier semestre 2025 : quand est-ce que la marque aura touch\u00e9 le fond ?"}]},{"@type":"WebSite","@id":"https:\/\/www.italpassion.fr\/de\/#website","url":"https:\/\/www.italpassion.fr\/de\/","name":"ItalPassion","description":"Die Liebhaber italienischer Autos","publisher":{"@id":"https:\/\/www.italpassion.fr\/de\/#organization"},"potentialAction":[{"@type":"SearchAction","target":{"@type":"EntryPoint","urlTemplate":"https:\/\/www.italpassion.fr\/de\/?s={search_term_string}"},"query-input":{"@type":"PropertyValueSpecification","valueRequired":true,"valueName":"search_term_string"}}],"inLanguage":"de"},{"@type":"Organization","@id":"https:\/\/www.italpassion.fr\/de\/#organization","name":"Italpassion","url":"https:\/\/www.italpassion.fr\/de\/","logo":{"@type":"ImageObject","inLanguage":"de","@id":"https:\/\/www.italpassion.fr\/de\/#\/schema\/logo\/image\/","url":"https:\/\/www.italpassion.fr\/wp-content\/uploads\/2023\/07\/italpassion-yoast.jpg","contentUrl":"https:\/\/www.italpassion.fr\/wp-content\/uploads\/2023\/07\/italpassion-yoast.jpg","width":696,"height":696,"caption":"Italpassion"},"image":{"@id":"https:\/\/www.italpassion.fr\/de\/#\/schema\/logo\/image\/"},"sameAs":["https:\/\/www.facebook.com\/italpassion","https:\/\/x.com\/italpassion","https:\/\/www.instagram.com\/italpassionfr\/","https:\/\/www.youtube.com\/channel\/UCleq-ByQaA42OjhopwevRjQ","https:\/\/www.facebook.com\/italpassion.en\/","https:\/\/www.facebook.com\/italpassion.it\/","https:\/\/www.facebook.com\/italpassion.de\/","https:\/\/www.facebook.com\/italpassion.ja\/"]},{"@type":"Person","@id":"https:\/\/www.italpassion.fr\/de\/#\/schema\/person\/36f747b2a759ca202d847e85a9434ca0","name":"Alexandre Filluzeau","image":{"@type":"ImageObject","inLanguage":"de","@id":"https:\/\/www.italpassion.fr\/de\/#\/schema\/person\/image\/","url":"https:\/\/www.italpassion.fr\/wp-content\/uploads\/2025\/04\/avatar-alexandre-160x160.jpg","contentUrl":"https:\/\/www.italpassion.fr\/wp-content\/uploads\/2025\/04\/avatar-alexandre-160x160.jpg","caption":"Alexandre Filluzeau"},"description":"Gr\u00fcnder der Website ItalPassion, leidenschaftlicher Fan von italienischen Autos und Italien im Allgemeinen. Ich bringe einen kritischen und technischen Blick auf die Nachrichten der italienischen Marken, wann immer es m\u00f6glich ist. Besitzer eines Maserati GranTurismo, Alfa Romeo MiTo, Lancia Fulvia und Ducati 695. Ex-Besitzer einer Alfa Romeo Giulia.","sameAs":["https:\/\/www.italpassion.fr\/"],"url":"https:\/\/www.italpassion.fr\/de\/author\/alexandre\/"}]}},"_links":{"self":[{"href":"https:\/\/www.italpassion.fr\/de\/wp-json\/wp\/v2\/posts\/40044","targetHints":{"allow":["GET"]}}],"collection":[{"href":"https:\/\/www.italpassion.fr\/de\/wp-json\/wp\/v2\/posts"}],"about":[{"href":"https:\/\/www.italpassion.fr\/de\/wp-json\/wp\/v2\/types\/post"}],"author":[{"embeddable":true,"href":"https:\/\/www.italpassion.fr\/de\/wp-json\/wp\/v2\/users\/1"}],"replies":[{"embeddable":true,"href":"https:\/\/www.italpassion.fr\/de\/wp-json\/wp\/v2\/comments?post=40044"}],"version-history":[{"count":1,"href":"https:\/\/www.italpassion.fr\/de\/wp-json\/wp\/v2\/posts\/40044\/revisions"}],"predecessor-version":[{"id":40045,"href":"https:\/\/www.italpassion.fr\/de\/wp-json\/wp\/v2\/posts\/40044\/revisions\/40045"}],"wp:featuredmedia":[{"embeddable":true,"href":"https:\/\/www.italpassion.fr\/de\/wp-json\/wp\/v2\/media\/37189"}],"wp:attachment":[{"href":"https:\/\/www.italpassion.fr\/de\/wp-json\/wp\/v2\/media?parent=40044"}],"wp:term":[{"taxonomy":"category","embeddable":true,"href":"https:\/\/www.italpassion.fr\/de\/wp-json\/wp\/v2\/categories?post=40044"},{"taxonomy":"post_tag","embeddable":true,"href":"https:\/\/www.italpassion.fr\/de\/wp-json\/wp\/v2\/tags?post=40044"}],"curies":[{"name":"wp","href":"https:\/\/api.w.org\/{rel}","templated":true}]}}