{"id":40035,"date":"2025-07-24T09:31:59","date_gmt":"2025-07-24T07:31:59","guid":{"rendered":"https:\/\/www.italpassion.fr\/?p=40035"},"modified":"2025-07-24T09:31:59","modified_gmt":"2025-07-24T07:31:59","slug":"dieser-alfa-romeo-alfetta-gtv-mit-1000-ps-v8-wird-zum-dragster-umgebaut","status":"publish","type":"post","link":"https:\/\/www.italpassion.fr\/de\/alfa-romeo\/cette-alfa-romeo-alfetta-gtv-avec-v8-de-1000-ch-est-transformee-en-dragster\/","title":{"rendered":"Dieser Alfa Romeo Alfetta GTV mit 1000 PS V8 wird zum Dragster umgebaut!"},"content":{"rendered":"<p>Wir schreiben das Jahr 2009 und ironischerweise das Jahr, in dem die \u00dcbernahme von Chrysler durch Fiat begann. Und in diesem Jahr hatte ein Schweizer Pilot bereits mit einer Ann\u00e4herung zwischen Europa und den USA experimentiert.<\/p>\n\n\n\n<p>Dieser Fahrer ist Alain D\u00fcrr, ein Schweizer Spezialist f\u00fcr Drag Racing, eine Disziplin, die man im Allgemeinen mit den USA in Verbindung bringt, die aber auch in Europa praktiziert wird und eine Meisterschaft mit FIA-Label umfasst. Aber selbst auf dem alten Kontinent wird Drag mit den amerikanischen Muscle Cars in Verbindung gebracht. Diese Alfa Romeo Alfetta ist also durchaus originell!<\/p>\n\n\n\n<h2 class=\"wp-block-heading\">Wenn die Alfetta in Mad Max gelandet w\u00e4re<\/h2>\n\n\n\n<figure class=\"wp-block-image size-full\"><img loading=\"lazy\" decoding=\"async\" width=\"1200\" height=\"800\" src=\"https:\/\/www.italpassion.fr\/wp-content\/uploads\/2025\/07\/alfa-romeo-gtv-v8.jpg\" alt=\"\" class=\"wp-image-40040\" srcset=\"https:\/\/www.italpassion.fr\/wp-content\/uploads\/2025\/07\/alfa-romeo-gtv-v8.jpg 1200w, https:\/\/www.italpassion.fr\/wp-content\/uploads\/2025\/07\/alfa-romeo-gtv-v8-420x280.jpg 420w, https:\/\/www.italpassion.fr\/wp-content\/uploads\/2025\/07\/alfa-romeo-gtv-v8-768x512.jpg 768w, https:\/\/www.italpassion.fr\/wp-content\/uploads\/2025\/07\/alfa-romeo-gtv-v8-18x12.jpg 18w\" sizes=\"auto, (max-width: 1200px) 100vw, 1200px\" \/><figcaption class=\"wp-element-caption\">Bild Italiansupercarvideo<\/figcaption><\/figure>\n\n\n\n<p>Und auch hier f\u00fchren Drag Racing-Autos zu wahren mechanischen Frankensteins. Das Tier des Tages? <strong>Ein Alfa Romeo Alfetta GTV von 1984 mit einem speziellen Drag Racing V8-Motor, der von Mopar, dem amerikanischen Spezialisten f\u00fcr Tuning und Spezialteile, der oft mit Dodge in Verbindung gebracht wird, vorbereitet wurde.<\/strong> Das Auto wird in der Klasse Super Pro Stock eingesetzt.<\/p>\n\n\n\n<figure class=\"wp-block-image size-full\"><img loading=\"lazy\" decoding=\"async\" width=\"1200\" height=\"800\" src=\"https:\/\/www.italpassion.fr\/wp-content\/uploads\/2025\/07\/moteur-alfetta-gtv-v8.jpg\" alt=\"\" class=\"wp-image-40038\" srcset=\"https:\/\/www.italpassion.fr\/wp-content\/uploads\/2025\/07\/moteur-alfetta-gtv-v8.jpg 1200w, https:\/\/www.italpassion.fr\/wp-content\/uploads\/2025\/07\/moteur-alfetta-gtv-v8-420x280.jpg 420w, https:\/\/www.italpassion.fr\/wp-content\/uploads\/2025\/07\/moteur-alfetta-gtv-v8-768x512.jpg 768w, https:\/\/www.italpassion.fr\/wp-content\/uploads\/2025\/07\/moteur-alfetta-gtv-v8-18x12.jpg 18w\" sizes=\"auto, (max-width: 1200px) 100vw, 1200px\" \/><figcaption class=\"wp-element-caption\">Bild Italiansupercarvideo<\/figcaption><\/figure>\n\n\n\n<figure class=\"wp-block-image size-full\"><img loading=\"lazy\" decoding=\"async\" width=\"1200\" height=\"800\" src=\"https:\/\/www.italpassion.fr\/wp-content\/uploads\/2025\/07\/alfa-romeo-gtv-v8-compresseur.jpg\" alt=\"\" class=\"wp-image-40039\" srcset=\"https:\/\/www.italpassion.fr\/wp-content\/uploads\/2025\/07\/alfa-romeo-gtv-v8-compresseur.jpg 1200w, https:\/\/www.italpassion.fr\/wp-content\/uploads\/2025\/07\/alfa-romeo-gtv-v8-compresseur-420x280.jpg 420w, https:\/\/www.italpassion.fr\/wp-content\/uploads\/2025\/07\/alfa-romeo-gtv-v8-compresseur-768x512.jpg 768w, https:\/\/www.italpassion.fr\/wp-content\/uploads\/2025\/07\/alfa-romeo-gtv-v8-compresseur-18x12.jpg 18w\" sizes=\"auto, (max-width: 1200px) 100vw, 1200px\" \/><figcaption class=\"wp-element-caption\">Bild Italiansupercarvideo<\/figcaption><\/figure>\n\n\n\n<p>Dann ist nat\u00fcrlich nicht mehr viel vom urspr\u00fcnglichen GTV \u00fcbrig geblieben, au\u00dfer der Silhouette. Die Struktur des Wagens wurde ver\u00e4ndert, mit Verst\u00e4rkungen und einer gro\u00dfen \u00d6ffnung in der Motorhaube, aus der der gro\u00dfe Kompressor herausragt. Mit seiner schwarzen Lackierung sieht der GTV aus wie der Ford Interceptor aus Mad Max!<\/p>\n\n\n\n<h2 class=\"wp-block-heading\">Die Leistung eines aktuellen Ferrari-Hypercars<\/h2>\n\n\n\n<figure class=\"wp-block-image size-full\"><img loading=\"lazy\" decoding=\"async\" width=\"1200\" height=\"800\" src=\"https:\/\/www.italpassion.fr\/wp-content\/uploads\/2025\/07\/alfa-romeo-alfetta-gtv-drag-1.jpg\" alt=\"\" class=\"wp-image-40041\" srcset=\"https:\/\/www.italpassion.fr\/wp-content\/uploads\/2025\/07\/alfa-romeo-alfetta-gtv-drag-1.jpg 1200w, https:\/\/www.italpassion.fr\/wp-content\/uploads\/2025\/07\/alfa-romeo-alfetta-gtv-drag-1-420x280.jpg 420w, https:\/\/www.italpassion.fr\/wp-content\/uploads\/2025\/07\/alfa-romeo-alfetta-gtv-drag-1-768x512.jpg 768w, https:\/\/www.italpassion.fr\/wp-content\/uploads\/2025\/07\/alfa-romeo-alfetta-gtv-drag-1-18x12.jpg 18w\" sizes=\"auto, (max-width: 1200px) 100vw, 1200px\" \/><figcaption class=\"wp-element-caption\">Bild Italiansupercarvideo<\/figcaption><\/figure>\n\n\n\n<p>Der Motor, der mit einem Kompressor ausgestattet ist, ist mit einem Powerglide-Getriebe mit zwei G\u00e4ngen gekoppelt, das f\u00fcr Drag Racing typisch ist. <strong>Das Ganze liefert 1050 PS und 1080 nm Drehmoment,<\/strong> ungef\u00e4hr die Leistung eines Ferrari SF-90 Stradale! Das Ganze wird auf die dicken Hinterreifen \u00fcbertragen, die quietschen und rauchen!<\/p>\n\n\n\n<figure class=\"wp-block-image size-full\"><img loading=\"lazy\" decoding=\"async\" width=\"1200\" height=\"800\" src=\"https:\/\/www.italpassion.fr\/wp-content\/uploads\/2025\/07\/alfa-romeo-gtv-v8-drag-2.jpg\" alt=\"\" class=\"wp-image-40042\" srcset=\"https:\/\/www.italpassion.fr\/wp-content\/uploads\/2025\/07\/alfa-romeo-gtv-v8-drag-2.jpg 1200w, https:\/\/www.italpassion.fr\/wp-content\/uploads\/2025\/07\/alfa-romeo-gtv-v8-drag-2-420x280.jpg 420w, https:\/\/www.italpassion.fr\/wp-content\/uploads\/2025\/07\/alfa-romeo-gtv-v8-drag-2-768x512.jpg 768w, https:\/\/www.italpassion.fr\/wp-content\/uploads\/2025\/07\/alfa-romeo-gtv-v8-drag-2-18x12.jpg 18w\" sizes=\"auto, (max-width: 1200px) 100vw, 1200px\" \/><\/figure>\n\n\n\n<p>Als Anekdote sei daran erinnert, dass in der Vergangenheit bereits GTV V8 entwickelt wurden. Autodelta hatte zwei Exemplare f\u00fcr den Wettbewerb entwickelt, die jedoch nicht weiter verfolgt wurden. Der deutsche Importeur des Biscione hielt den Markt f\u00fcr vielversprechend und beauftragte die Firma Delta AutoTechnik mit der Entwicklung von Achtzylinder-GTVs. Das Ergebnis war 1977 der GTV8 2.6i, der den Motorblock des Montr\u00e9al \u00fcbernahm. Nur ging Delta AutoTechnik bankrott und statt der geplanten Hunderte wurden nur 2-3 Exemplare gebaut. Sie waren daher nicht so erfolgreich wie die GTVs mit dem italienischen Busso V6.<\/p>\n\n\n\n<figure class=\"wp-block-embed is-type-video is-provider-youtube wp-block-embed-youtube wp-embed-aspect-16-9 wp-has-aspect-ratio\"><div class=\"wp-block-embed__wrapper\">\n<iframe loading=\"lazy\" title=\"1000HP Alfa-Romeo GTV Pro ET Drag Race Car - Supercharged V8 Mopar Engine + Alain D\u00fcrr OnBoard\" width=\"1200\" height=\"675\" src=\"https:\/\/www.youtube-nocookie.com\/embed\/xINaiuoWllA?feature=oembed\" frameborder=\"0\" allow=\"accelerometer; autoplay; clipboard-write; encrypted-media; gyroscope; picture-in-picture; web-share\" referrerpolicy=\"strict-origin-when-cross-origin\" allowfullscreen><\/iframe>\n<\/div><\/figure>","protected":false},"excerpt":{"rendered":"","protected":false},"author":8,"featured_media":40040,"comment_status":"open","ping_status":"open","sticky":false,"template":"","format":"standard","meta":{"_acf_changed":false,"_sitemap_exclude":false,"_sitemap_priority":"","_sitemap_frequency":"","footnotes":""},"categories":[22],"tags":[516],"class_list":["post-40035","post","type-post","status-publish","format-standard","has-post-thumbnail","hentry","category-alfa-romeo","tag-alfa-romeo-alfetta-gtv","generate-columns","tablet-grid-50","mobile-grid-100","grid-parent","grid-33"],"acf":[],"yoast_head":"<!-- This site is optimized with the Yoast SEO plugin v25.8 - https:\/\/yoast.com\/wordpress\/plugins\/seo\/ -->\n<title>Cette Alfa Romeo Alfetta GTV avec V8 de 1000 ch est transform\u00e9e en Dragster ! - ItalPassion<\/title>\n<meta name=\"description\" content=\"Nous sommes en 2009 et de mani\u00e8re ironique, l&#039;ann\u00e9e du d\u00e9but d&#039;acquisition de Chrysler par Fiat Et cette ann\u00e9e-l\u00e0, un pilote suisse avait d\u00e9j\u00e0 exp\u00e9riment\u00e9\" \/>\n<meta name=\"robots\" content=\"index, follow, max-snippet:-1, max-image-preview:large, max-video-preview:-1\" \/>\n<link rel=\"canonical\" href=\"https:\/\/www.italpassion.fr\/de\/alfa-romeo\/dieser-alfa-romeo-alfetta-gtv-mit-1000-ps-v8-wird-zum-dragster-umgebaut\/\" \/>\n<meta property=\"og:locale\" content=\"de_DE\" \/>\n<meta property=\"og:type\" content=\"article\" \/>\n<meta property=\"og:title\" content=\"Cette Alfa Romeo Alfetta GTV avec V8 de 1000 ch est transform\u00e9e en Dragster ! - ItalPassion\" \/>\n<meta property=\"og:description\" content=\"Nous sommes en 2009 et de mani\u00e8re ironique, l&#039;ann\u00e9e du d\u00e9but d&#039;acquisition de Chrysler par Fiat Et cette ann\u00e9e-l\u00e0, un pilote suisse avait d\u00e9j\u00e0 exp\u00e9riment\u00e9\" \/>\n<meta property=\"og:url\" content=\"https:\/\/www.italpassion.fr\/de\/alfa-romeo\/dieser-alfa-romeo-alfetta-gtv-mit-1000-ps-v8-wird-zum-dragster-umgebaut\/\" \/>\n<meta property=\"og:site_name\" content=\"ItalPassion\" \/>\n<meta property=\"article:publisher\" content=\"https:\/\/www.facebook.com\/italpassion\" \/>\n<meta property=\"article:published_time\" content=\"2025-07-24T07:31:59+00:00\" \/>\n<meta property=\"og:image\" content=\"https:\/\/www.italpassion.fr\/wp-content\/uploads\/2025\/07\/alfa-romeo-gtv-v8.jpg\" \/>\n\t<meta property=\"og:image:width\" content=\"1200\" \/>\n\t<meta property=\"og:image:height\" content=\"800\" \/>\n\t<meta property=\"og:image:type\" content=\"image\/jpeg\" \/>\n<meta name=\"author\" content=\"Nicolas Anderbegani\" \/>\n<meta name=\"twitter:card\" content=\"summary_large_image\" \/>\n<meta name=\"twitter:creator\" content=\"@italpassion\" \/>\n<meta name=\"twitter:site\" content=\"@italpassion\" \/>\n<script type=\"application\/ld+json\" class=\"yoast-schema-graph\">{\"@context\":\"https:\/\/schema.org\",\"@graph\":[{\"@type\":\"NewsArticle\",\"@id\":\"https:\/\/www.italpassion.fr\/de\/alfa-romeo\/cette-alfa-romeo-alfetta-gtv-avec-v8-de-1000-ch-est-transformee-en-dragster\/#article\",\"isPartOf\":{\"@id\":\"https:\/\/www.italpassion.fr\/de\/alfa-romeo\/cette-alfa-romeo-alfetta-gtv-avec-v8-de-1000-ch-est-transformee-en-dragster\/\"},\"author\":{\"name\":\"Nicolas Anderbegani\",\"@id\":\"https:\/\/www.italpassion.fr\/de\/#\/schema\/person\/efd63d72fc8007741c5836a896805b04\"},\"headline\":\"Cette Alfa Romeo Alfetta GTV avec V8 de 1000 ch est transform\u00e9e en Dragster !\",\"datePublished\":\"2025-07-24T07:31:59+00:00\",\"mainEntityOfPage\":{\"@id\":\"https:\/\/www.italpassion.fr\/de\/alfa-romeo\/cette-alfa-romeo-alfetta-gtv-avec-v8-de-1000-ch-est-transformee-en-dragster\/\"},\"wordCount\":441,\"commentCount\":1,\"publisher\":{\"@id\":\"https:\/\/www.italpassion.fr\/de\/#organization\"},\"image\":{\"@id\":\"https:\/\/www.italpassion.fr\/de\/alfa-romeo\/cette-alfa-romeo-alfetta-gtv-avec-v8-de-1000-ch-est-transformee-en-dragster\/#primaryimage\"},\"thumbnailUrl\":\"https:\/\/www.italpassion.fr\/wp-content\/uploads\/2025\/07\/alfa-romeo-gtv-v8.jpg\",\"keywords\":[\"Alfa Romeo Alfetta GTV\"],\"articleSection\":[\"Alfa Romeo\"],\"inLanguage\":\"de\",\"potentialAction\":[{\"@type\":\"CommentAction\",\"name\":\"Comment\",\"target\":[\"https:\/\/www.italpassion.fr\/de\/alfa-romeo\/cette-alfa-romeo-alfetta-gtv-avec-v8-de-1000-ch-est-transformee-en-dragster\/#respond\"]}]},{\"@type\":\"WebPage\",\"@id\":\"https:\/\/www.italpassion.fr\/de\/alfa-romeo\/cette-alfa-romeo-alfetta-gtv-avec-v8-de-1000-ch-est-transformee-en-dragster\/\",\"url\":\"https:\/\/www.italpassion.fr\/de\/alfa-romeo\/cette-alfa-romeo-alfetta-gtv-avec-v8-de-1000-ch-est-transformee-en-dragster\/\",\"name\":\"Cette Alfa Romeo Alfetta GTV avec V8 de 1000 ch est transform\u00e9e en Dragster ! - ItalPassion\",\"isPartOf\":{\"@id\":\"https:\/\/www.italpassion.fr\/de\/#website\"},\"primaryImageOfPage\":{\"@id\":\"https:\/\/www.italpassion.fr\/de\/alfa-romeo\/cette-alfa-romeo-alfetta-gtv-avec-v8-de-1000-ch-est-transformee-en-dragster\/#primaryimage\"},\"image\":{\"@id\":\"https:\/\/www.italpassion.fr\/de\/alfa-romeo\/cette-alfa-romeo-alfetta-gtv-avec-v8-de-1000-ch-est-transformee-en-dragster\/#primaryimage\"},\"thumbnailUrl\":\"https:\/\/www.italpassion.fr\/wp-content\/uploads\/2025\/07\/alfa-romeo-gtv-v8.jpg\",\"datePublished\":\"2025-07-24T07:31:59+00:00\",\"description\":\"Nous sommes en 2009 et de mani\u00e8re ironique, l'ann\u00e9e du d\u00e9but d'acquisition de Chrysler par Fiat Et cette ann\u00e9e-l\u00e0, un pilote suisse avait d\u00e9j\u00e0 exp\u00e9riment\u00e9\",\"breadcrumb\":{\"@id\":\"https:\/\/www.italpassion.fr\/de\/alfa-romeo\/cette-alfa-romeo-alfetta-gtv-avec-v8-de-1000-ch-est-transformee-en-dragster\/#breadcrumb\"},\"inLanguage\":\"de\",\"potentialAction\":[{\"@type\":\"ReadAction\",\"target\":[\"https:\/\/www.italpassion.fr\/de\/alfa-romeo\/cette-alfa-romeo-alfetta-gtv-avec-v8-de-1000-ch-est-transformee-en-dragster\/\"]}]},{\"@type\":\"ImageObject\",\"inLanguage\":\"de\",\"@id\":\"https:\/\/www.italpassion.fr\/de\/alfa-romeo\/cette-alfa-romeo-alfetta-gtv-avec-v8-de-1000-ch-est-transformee-en-dragster\/#primaryimage\",\"url\":\"https:\/\/www.italpassion.fr\/wp-content\/uploads\/2025\/07\/alfa-romeo-gtv-v8.jpg\",\"contentUrl\":\"https:\/\/www.italpassion.fr\/wp-content\/uploads\/2025\/07\/alfa-romeo-gtv-v8.jpg\",\"width\":1200,\"height\":800},{\"@type\":\"BreadcrumbList\",\"@id\":\"https:\/\/www.italpassion.fr\/de\/alfa-romeo\/cette-alfa-romeo-alfetta-gtv-avec-v8-de-1000-ch-est-transformee-en-dragster\/#breadcrumb\",\"itemListElement\":[{\"@type\":\"ListItem\",\"position\":1,\"name\":\"Accueil\",\"item\":\"https:\/\/www.italpassion.fr\/de\/\"},{\"@type\":\"ListItem\",\"position\":2,\"name\":\"Cette Alfa Romeo Alfetta GTV avec V8 de 1000 ch est transform\u00e9e en Dragster !\"}]},{\"@type\":\"WebSite\",\"@id\":\"https:\/\/www.italpassion.fr\/de\/#website\",\"url\":\"https:\/\/www.italpassion.fr\/de\/\",\"name\":\"ItalPassion\",\"description\":\"Les Passionn\u00e9s d&#039;Automobiles Italiennes\",\"publisher\":{\"@id\":\"https:\/\/www.italpassion.fr\/de\/#organization\"},\"potentialAction\":[{\"@type\":\"SearchAction\",\"target\":{\"@type\":\"EntryPoint\",\"urlTemplate\":\"https:\/\/www.italpassion.fr\/de\/?s={search_term_string}\"},\"query-input\":{\"@type\":\"PropertyValueSpecification\",\"valueRequired\":true,\"valueName\":\"search_term_string\"}}],\"inLanguage\":\"de\"},{\"@type\":\"Organization\",\"@id\":\"https:\/\/www.italpassion.fr\/de\/#organization\",\"name\":\"Italpassion\",\"url\":\"https:\/\/www.italpassion.fr\/de\/\",\"logo\":{\"@type\":\"ImageObject\",\"inLanguage\":\"de\",\"@id\":\"https:\/\/www.italpassion.fr\/de\/#\/schema\/logo\/image\/\",\"url\":\"https:\/\/www.italpassion.fr\/wp-content\/uploads\/2023\/07\/italpassion-yoast.jpg\",\"contentUrl\":\"https:\/\/www.italpassion.fr\/wp-content\/uploads\/2023\/07\/italpassion-yoast.jpg\",\"width\":696,\"height\":696,\"caption\":\"Italpassion\"},\"image\":{\"@id\":\"https:\/\/www.italpassion.fr\/de\/#\/schema\/logo\/image\/\"},\"sameAs\":[\"https:\/\/www.facebook.com\/italpassion\",\"https:\/\/x.com\/italpassion\",\"https:\/\/www.instagram.com\/italpassionfr\/\",\"https:\/\/www.youtube.com\/channel\/UCleq-ByQaA42OjhopwevRjQ\",\"https:\/\/www.facebook.com\/italpassion.en\/\",\"https:\/\/www.facebook.com\/italpassion.it\/\",\"https:\/\/www.facebook.com\/italpassion.de\/\",\"https:\/\/www.facebook.com\/italpassion.ja\/\"]},{\"@type\":\"Person\",\"@id\":\"https:\/\/www.italpassion.fr\/de\/#\/schema\/person\/efd63d72fc8007741c5836a896805b04\",\"name\":\"Nicolas Anderbegani\",\"image\":{\"@type\":\"ImageObject\",\"inLanguage\":\"de\",\"@id\":\"https:\/\/www.italpassion.fr\/de\/#\/schema\/person\/image\/\",\"url\":\"https:\/\/www.italpassion.fr\/wp-content\/uploads\/2025\/05\/nicolas-anderbegani-160x160.jpg\",\"contentUrl\":\"https:\/\/www.italpassion.fr\/wp-content\/uploads\/2025\/05\/nicolas-anderbegani-160x160.jpg\",\"caption\":\"Nicolas Anderbegani\"},\"description\":\"Nicolas est passionn\u00e9 d\u2019histoire et de sport automobile. Il roule en Alfa Romeo Giulietta et vous partagera avec vous sa passion de l\u2019automobile italienne.\",\"url\":\"https:\/\/www.italpassion.fr\/de\/author\/nicolas\/\"}]}<\/script>\n<!-- \/ Yoast SEO plugin. -->","yoast_head_json":{"title":"Dieser Alfa Romeo Alfetta GTV mit 1000 PS starkem V8 wird zum Dragster umgebaut! - ItalPassion","description":"Wir schreiben das Jahr 2009 und ironischerweise das Jahr, in dem die \u00dcbernahme von Chrysler durch Fiat begann In diesem Jahr hatte ein Schweizer Fahrer bereits experimentiert.","robots":{"index":"index","follow":"follow","max-snippet":"max-snippet:-1","max-image-preview":"max-image-preview:large","max-video-preview":"max-video-preview:-1"},"canonical":"https:\/\/www.italpassion.fr\/de\/alfa-romeo\/dieser-alfa-romeo-alfetta-gtv-mit-1000-ps-v8-wird-zum-dragster-umgebaut\/","og_locale":"de_DE","og_type":"article","og_title":"Cette Alfa Romeo Alfetta GTV avec V8 de 1000 ch est transform\u00e9e en Dragster ! - ItalPassion","og_description":"Nous sommes en 2009 et de mani\u00e8re ironique, l'ann\u00e9e du d\u00e9but d'acquisition de Chrysler par Fiat Et cette ann\u00e9e-l\u00e0, un pilote suisse avait d\u00e9j\u00e0 exp\u00e9riment\u00e9","og_url":"https:\/\/www.italpassion.fr\/de\/alfa-romeo\/dieser-alfa-romeo-alfetta-gtv-mit-1000-ps-v8-wird-zum-dragster-umgebaut\/","og_site_name":"ItalPassion","article_publisher":"https:\/\/www.facebook.com\/italpassion","article_published_time":"2025-07-24T07:31:59+00:00","og_image":[{"width":1200,"height":800,"url":"https:\/\/www.italpassion.fr\/wp-content\/uploads\/2025\/07\/alfa-romeo-gtv-v8.jpg","type":"image\/jpeg"}],"author":"Nicolas Anderbegani","twitter_card":"summary_large_image","twitter_creator":"@italpassion","twitter_site":"@italpassion","schema":{"@context":"https:\/\/schema.org","@graph":[{"@type":"NewsArticle","@id":"https:\/\/www.italpassion.fr\/de\/alfa-romeo\/cette-alfa-romeo-alfetta-gtv-avec-v8-de-1000-ch-est-transformee-en-dragster\/#article","isPartOf":{"@id":"https:\/\/www.italpassion.fr\/de\/alfa-romeo\/cette-alfa-romeo-alfetta-gtv-avec-v8-de-1000-ch-est-transformee-en-dragster\/"},"author":{"name":"Nicolas Anderbegani","@id":"https:\/\/www.italpassion.fr\/de\/#\/schema\/person\/efd63d72fc8007741c5836a896805b04"},"headline":"Cette Alfa Romeo Alfetta GTV avec V8 de 1000 ch est transform\u00e9e en Dragster !","datePublished":"2025-07-24T07:31:59+00:00","mainEntityOfPage":{"@id":"https:\/\/www.italpassion.fr\/de\/alfa-romeo\/cette-alfa-romeo-alfetta-gtv-avec-v8-de-1000-ch-est-transformee-en-dragster\/"},"wordCount":441,"commentCount":1,"publisher":{"@id":"https:\/\/www.italpassion.fr\/de\/#organization"},"image":{"@id":"https:\/\/www.italpassion.fr\/de\/alfa-romeo\/cette-alfa-romeo-alfetta-gtv-avec-v8-de-1000-ch-est-transformee-en-dragster\/#primaryimage"},"thumbnailUrl":"https:\/\/www.italpassion.fr\/wp-content\/uploads\/2025\/07\/alfa-romeo-gtv-v8.jpg","keywords":["Alfa Romeo Alfetta GTV"],"articleSection":["Alfa Romeo"],"inLanguage":"de","potentialAction":[{"@type":"CommentAction","name":"Comment","target":["https:\/\/www.italpassion.fr\/de\/alfa-romeo\/cette-alfa-romeo-alfetta-gtv-avec-v8-de-1000-ch-est-transformee-en-dragster\/#respond"]}]},{"@type":"WebPage","@id":"https:\/\/www.italpassion.fr\/de\/alfa-romeo\/cette-alfa-romeo-alfetta-gtv-avec-v8-de-1000-ch-est-transformee-en-dragster\/","url":"https:\/\/www.italpassion.fr\/de\/alfa-romeo\/cette-alfa-romeo-alfetta-gtv-avec-v8-de-1000-ch-est-transformee-en-dragster\/","name":"Dieser Alfa Romeo Alfetta GTV mit 1000 PS starkem V8 wird zum Dragster umgebaut! - ItalPassion","isPartOf":{"@id":"https:\/\/www.italpassion.fr\/de\/#website"},"primaryImageOfPage":{"@id":"https:\/\/www.italpassion.fr\/de\/alfa-romeo\/cette-alfa-romeo-alfetta-gtv-avec-v8-de-1000-ch-est-transformee-en-dragster\/#primaryimage"},"image":{"@id":"https:\/\/www.italpassion.fr\/de\/alfa-romeo\/cette-alfa-romeo-alfetta-gtv-avec-v8-de-1000-ch-est-transformee-en-dragster\/#primaryimage"},"thumbnailUrl":"https:\/\/www.italpassion.fr\/wp-content\/uploads\/2025\/07\/alfa-romeo-gtv-v8.jpg","datePublished":"2025-07-24T07:31:59+00:00","description":"Wir schreiben das Jahr 2009 und ironischerweise das Jahr, in dem die \u00dcbernahme von Chrysler durch Fiat begann In diesem Jahr hatte ein Schweizer Fahrer bereits experimentiert.","breadcrumb":{"@id":"https:\/\/www.italpassion.fr\/de\/alfa-romeo\/cette-alfa-romeo-alfetta-gtv-avec-v8-de-1000-ch-est-transformee-en-dragster\/#breadcrumb"},"inLanguage":"de","potentialAction":[{"@type":"ReadAction","target":["https:\/\/www.italpassion.fr\/de\/alfa-romeo\/cette-alfa-romeo-alfetta-gtv-avec-v8-de-1000-ch-est-transformee-en-dragster\/"]}]},{"@type":"ImageObject","inLanguage":"de","@id":"https:\/\/www.italpassion.fr\/de\/alfa-romeo\/cette-alfa-romeo-alfetta-gtv-avec-v8-de-1000-ch-est-transformee-en-dragster\/#primaryimage","url":"https:\/\/www.italpassion.fr\/wp-content\/uploads\/2025\/07\/alfa-romeo-gtv-v8.jpg","contentUrl":"https:\/\/www.italpassion.fr\/wp-content\/uploads\/2025\/07\/alfa-romeo-gtv-v8.jpg","width":1200,"height":800},{"@type":"BreadcrumbList","@id":"https:\/\/www.italpassion.fr\/de\/alfa-romeo\/cette-alfa-romeo-alfetta-gtv-avec-v8-de-1000-ch-est-transformee-en-dragster\/#breadcrumb","itemListElement":[{"@type":"ListItem","position":1,"name":"Accueil","item":"https:\/\/www.italpassion.fr\/de\/"},{"@type":"ListItem","position":2,"name":"Cette Alfa Romeo Alfetta GTV avec V8 de 1000 ch est transform\u00e9e en Dragster !"}]},{"@type":"WebSite","@id":"https:\/\/www.italpassion.fr\/de\/#website","url":"https:\/\/www.italpassion.fr\/de\/","name":"ItalPassion","description":"Die Liebhaber italienischer Autos","publisher":{"@id":"https:\/\/www.italpassion.fr\/de\/#organization"},"potentialAction":[{"@type":"SearchAction","target":{"@type":"EntryPoint","urlTemplate":"https:\/\/www.italpassion.fr\/de\/?s={search_term_string}"},"query-input":{"@type":"PropertyValueSpecification","valueRequired":true,"valueName":"search_term_string"}}],"inLanguage":"de"},{"@type":"Organization","@id":"https:\/\/www.italpassion.fr\/de\/#organization","name":"Italpassion","url":"https:\/\/www.italpassion.fr\/de\/","logo":{"@type":"ImageObject","inLanguage":"de","@id":"https:\/\/www.italpassion.fr\/de\/#\/schema\/logo\/image\/","url":"https:\/\/www.italpassion.fr\/wp-content\/uploads\/2023\/07\/italpassion-yoast.jpg","contentUrl":"https:\/\/www.italpassion.fr\/wp-content\/uploads\/2023\/07\/italpassion-yoast.jpg","width":696,"height":696,"caption":"Italpassion"},"image":{"@id":"https:\/\/www.italpassion.fr\/de\/#\/schema\/logo\/image\/"},"sameAs":["https:\/\/www.facebook.com\/italpassion","https:\/\/x.com\/italpassion","https:\/\/www.instagram.com\/italpassionfr\/","https:\/\/www.youtube.com\/channel\/UCleq-ByQaA42OjhopwevRjQ","https:\/\/www.facebook.com\/italpassion.en\/","https:\/\/www.facebook.com\/italpassion.it\/","https:\/\/www.facebook.com\/italpassion.de\/","https:\/\/www.facebook.com\/italpassion.ja\/"]},{"@type":"Person","@id":"https:\/\/www.italpassion.fr\/de\/#\/schema\/person\/efd63d72fc8007741c5836a896805b04","name":"Nicolas Anderbegani","image":{"@type":"ImageObject","inLanguage":"de","@id":"https:\/\/www.italpassion.fr\/de\/#\/schema\/person\/image\/","url":"https:\/\/www.italpassion.fr\/wp-content\/uploads\/2025\/05\/nicolas-anderbegani-160x160.jpg","contentUrl":"https:\/\/www.italpassion.fr\/wp-content\/uploads\/2025\/05\/nicolas-anderbegani-160x160.jpg","caption":"Nicolas Anderbegani"},"description":"Nicolas begeistert sich f\u00fcr Geschichte und Motorsport. Er f\u00e4hrt eine Alfa Romeo Giulietta und wird seine Leidenschaft f\u00fcr italienische Autos mit Ihnen teilen.","url":"https:\/\/www.italpassion.fr\/de\/author\/nicolas\/"}]}},"_links":{"self":[{"href":"https:\/\/www.italpassion.fr\/de\/wp-json\/wp\/v2\/posts\/40035","targetHints":{"allow":["GET"]}}],"collection":[{"href":"https:\/\/www.italpassion.fr\/de\/wp-json\/wp\/v2\/posts"}],"about":[{"href":"https:\/\/www.italpassion.fr\/de\/wp-json\/wp\/v2\/types\/post"}],"author":[{"embeddable":true,"href":"https:\/\/www.italpassion.fr\/de\/wp-json\/wp\/v2\/users\/8"}],"replies":[{"embeddable":true,"href":"https:\/\/www.italpassion.fr\/de\/wp-json\/wp\/v2\/comments?post=40035"}],"version-history":[{"count":1,"href":"https:\/\/www.italpassion.fr\/de\/wp-json\/wp\/v2\/posts\/40035\/revisions"}],"predecessor-version":[{"id":40043,"href":"https:\/\/www.italpassion.fr\/de\/wp-json\/wp\/v2\/posts\/40035\/revisions\/40043"}],"wp:featuredmedia":[{"embeddable":true,"href":"https:\/\/www.italpassion.fr\/de\/wp-json\/wp\/v2\/media\/40040"}],"wp:attachment":[{"href":"https:\/\/www.italpassion.fr\/de\/wp-json\/wp\/v2\/media?parent=40035"}],"wp:term":[{"taxonomy":"category","embeddable":true,"href":"https:\/\/www.italpassion.fr\/de\/wp-json\/wp\/v2\/categories?post=40035"},{"taxonomy":"post_tag","embeddable":true,"href":"https:\/\/www.italpassion.fr\/de\/wp-json\/wp\/v2\/tags?post=40035"}],"curies":[{"name":"wp","href":"https:\/\/api.w.org\/{rel}","templated":true}]}}