{"id":39941,"date":"2025-07-21T09:13:05","date_gmt":"2025-07-21T07:13:05","guid":{"rendered":"https:\/\/www.italpassion.fr\/?p=39941"},"modified":"2025-07-21T09:13:05","modified_gmt":"2025-07-21T07:13:05","slug":"der-mysteriose-lalfa-romeo-der-2026-vorgestellt-wird-ist","status":"publish","type":"post","link":"https:\/\/www.italpassion.fr\/de\/alfa-romeo\/lalfa-romeo-mystere-qui-sera-presentee-en-2026-est\/","title":{"rendered":"Der geheimnisvolle Alfa Romeo, der 2026 vorgestellt werden soll, ist..."},"content":{"rendered":"<figure class=\"wp-block-image size-large\"><img loading=\"lazy\" decoding=\"async\" width=\"1024\" height=\"683\" src=\"https:\/\/www.italpassion.fr\/wp-content\/uploads\/2025\/03\/alfa-romeo-scudetto-3-1024x683.jpg\" alt=\"\" class=\"wp-image-37203\" srcset=\"https:\/\/www.italpassion.fr\/wp-content\/uploads\/2025\/03\/alfa-romeo-scudetto-3-1024x683.jpg 1024w, https:\/\/www.italpassion.fr\/wp-content\/uploads\/2025\/03\/alfa-romeo-scudetto-3-300x200.jpg 300w, https:\/\/www.italpassion.fr\/wp-content\/uploads\/2025\/03\/alfa-romeo-scudetto-3-768x512.jpg 768w, https:\/\/www.italpassion.fr\/wp-content\/uploads\/2025\/03\/alfa-romeo-scudetto-3-18x12.jpg 18w, https:\/\/www.italpassion.fr\/wp-content\/uploads\/2025\/03\/alfa-romeo-scudetto-3-561x374.jpg 561w, https:\/\/www.italpassion.fr\/wp-content\/uploads\/2025\/03\/alfa-romeo-scudetto-3-1122x748.jpg 1122w, https:\/\/www.italpassion.fr\/wp-content\/uploads\/2025\/03\/alfa-romeo-scudetto-3-265x177.jpg 265w, https:\/\/www.italpassion.fr\/wp-content\/uploads\/2025\/03\/alfa-romeo-scudetto-3-531x354.jpg 531w, https:\/\/www.italpassion.fr\/wp-content\/uploads\/2025\/03\/alfa-romeo-scudetto-3-364x243.jpg 364w, https:\/\/www.italpassion.fr\/wp-content\/uploads\/2025\/03\/alfa-romeo-scudetto-3-728x485.jpg 728w, https:\/\/www.italpassion.fr\/wp-content\/uploads\/2025\/03\/alfa-romeo-scudetto-3-608x405.jpg 608w, https:\/\/www.italpassion.fr\/wp-content\/uploads\/2025\/03\/alfa-romeo-scudetto-3-758x505.jpg 758w, https:\/\/www.italpassion.fr\/wp-content\/uploads\/2025\/03\/alfa-romeo-scudetto-3-1152x768.jpg 1152w, https:\/\/www.italpassion.fr\/wp-content\/uploads\/2025\/03\/alfa-romeo-scudetto-3.jpg 1200w\" sizes=\"auto, (max-width: 1024px) 100vw, 1024px\" \/><\/figure>\n\n\n\n<p>Vor einigen Tagen enth\u00fcllten wir, dass<a href=\"https:\/\/www.italpassion.fr\/de\/alfa-romeo\/ein-neuer-alfa-romeo-fur-2026-und-es-ist-weder-der-giulia-noch-der-stelvio\/\">eine Quelle hatte einen v\u00f6llig neuen Alfa Romeo gesichtet<\/a>die im Jahr 2026 vorgestellt werden soll. Diese Information \u00fcberraschte, vor allem vor dem Hintergrund des aktuellen Produktplans der italienischen Marke <a href=\"https:\/\/www.italpassion.fr\/de\/alfa-romeo\/\">Alfa Romeo<\/a>.<\/p>\n\n\n\n<p>Denn w\u00e4hrend die Vorstellung des neuen Stelvio von 2025 auf 2027 verschoben wurde (einige Ger\u00fcchte sprechen sogar von 2028) und die neue Giulia von 2026 auf 2027 verschoben wird, entsteht eine L\u00fccke im Produktkalender. Der Junior hingegen wurde bereits 2024 auf den Markt gebracht. Was k\u00f6nnte also dieses unerwartete Modell sein, das neben den zuk\u00fcnftigen Fahrzeugen der Marke gesichtet wurde?<\/p>\n\n\n\n<p>Laut unserer Quelle wurde dieses mysteri\u00f6se Modell zusammen mit dem (leicht) neu gestylten Tonale, den neuen Generationen von Giulia und Stelvio sowie <strong>als ein SUV, dessen Gr\u00f6\u00dfe zwischen dem Tonale und dem Stelvio liegt.<\/strong> Ein Modell, das bis dahin in keinem bekannten Fahrplan enthalten war.<\/p>\n\n\n\n<p>Eine andere Quelle, die ebenso zuverl\u00e4ssig und erstaunt war, konnte uns jedoch mehr sagen: Es handele sich ganz einfach um den neuen Tonale. Dieser w\u00fcrde auf der STLA Medium-Plattform basieren und normalerweise ab September 2027 in Produktion gehen. Alfa Romeo scheint das Modell jedoch bereits 2026 vorstellen zu wollen und m\u00f6glicherweise den Produktionsbeginn vorzuverlegen.<\/p>\n\n\n\n<p>Dieser zuk\u00fcnftige Tonale w\u00fcrde mehrere Motoren anbieten: einen einfachen Hybrid, einen Plug-in-Hybrid und einen 100 %-Elektroantrieb. Er wird seine technische Basis mit dem neuen Peugeot 3008 und dem k\u00fcrzlich enth\u00fcllten Jeep Compass teilen.<\/p>\n\n\n\n<p>Bleibt eine entscheidende Frage: <strong>warum sollte man 2026 einen neuen Tonale enth\u00fcllen, wenn das aktuelle Modell 2022 auf den Markt kam und in den kommenden Monaten ein Restyling geplant ist?<\/strong> Werden die beiden Tonale nebeneinander existieren? Wird das aktuelle Modell schnell aus dem Katalog verschwinden? Oder wird das neue Modell seinen Namen \u00e4ndern, um Verwechslungen zu vermeiden?<\/p>\n\n\n\n<p>Der Kontext k\u00f6nnte diese Entscheidung erkl\u00e4ren. Der zuk\u00fcnftige Stelvio war nur als 100 %-Elektrofahrzeug geplant, in einem Markt, in dem die Nachfrage noch immer begrenzt ist. Hinzu kommen die k\u00fcrzlich in den USA eingef\u00fchrten Z\u00f6lle auf importierte Elektrofahrzeuge: All dies k\u00f6nnten Faktoren sein, die Alfa Romeo dazu veranlasst haben, seine Pl\u00e4ne zu \u00fcberdenken.<\/p>\n\n\n\n<p>Eines ist sicher: Das Geheimnis l\u00fcftet sich, aber der neue Tonale wirft noch viele Fragen auf.<\/p>","protected":false},"excerpt":{"rendered":"","protected":false},"author":1,"featured_media":37203,"comment_status":"open","ping_status":"open","sticky":false,"template":"","format":"standard","meta":{"_acf_changed":false,"_sitemap_exclude":false,"_sitemap_priority":"","_sitemap_frequency":"","footnotes":""},"categories":[22],"tags":[294],"class_list":["post-39941","post","type-post","status-publish","format-standard","has-post-thumbnail","hentry","category-alfa-romeo","tag-alfa-romeo-tonale","generate-columns","tablet-grid-50","mobile-grid-100","grid-parent","grid-33"],"acf":[],"yoast_head":"<!-- This site is optimized with the Yoast SEO plugin v25.8 - https:\/\/yoast.com\/wordpress\/plugins\/seo\/ -->\n<title>L&#039;Alfa Romeo myst\u00e8re qui sera pr\u00e9sent\u00e9e en 2026 est... - ItalPassion<\/title>\n<meta name=\"description\" content=\"Il y a quelques jours, nous r\u00e9v\u00e9lions qu&#039;une source avait aper\u00e7u une Alfa Romeo totalement in\u00e9dite, dont la pr\u00e9sentation est pr\u00e9vue pour 2026. Cette\" \/>\n<meta name=\"robots\" content=\"index, follow, max-snippet:-1, max-image-preview:large, max-video-preview:-1\" \/>\n<link rel=\"canonical\" href=\"https:\/\/www.italpassion.fr\/de\/alfa-romeo\/der-mysteriose-lalfa-romeo-der-2026-vorgestellt-wird-ist\/\" \/>\n<meta property=\"og:locale\" content=\"de_DE\" \/>\n<meta property=\"og:type\" content=\"article\" \/>\n<meta property=\"og:title\" content=\"L&#039;Alfa Romeo myst\u00e8re qui sera pr\u00e9sent\u00e9e en 2026 est... - ItalPassion\" \/>\n<meta property=\"og:description\" content=\"Il y a quelques jours, nous r\u00e9v\u00e9lions qu&#039;une source avait aper\u00e7u une Alfa Romeo totalement in\u00e9dite, dont la pr\u00e9sentation est pr\u00e9vue pour 2026. Cette\" \/>\n<meta property=\"og:url\" content=\"https:\/\/www.italpassion.fr\/de\/alfa-romeo\/der-mysteriose-lalfa-romeo-der-2026-vorgestellt-wird-ist\/\" \/>\n<meta property=\"og:site_name\" content=\"ItalPassion\" \/>\n<meta property=\"article:publisher\" content=\"https:\/\/www.facebook.com\/italpassion\" \/>\n<meta property=\"article:published_time\" content=\"2025-07-21T07:13:05+00:00\" \/>\n<meta property=\"og:image\" content=\"https:\/\/www.italpassion.fr\/wp-content\/uploads\/2025\/03\/alfa-romeo-scudetto-3.jpg\" \/>\n\t<meta property=\"og:image:width\" content=\"1200\" \/>\n\t<meta property=\"og:image:height\" content=\"800\" \/>\n\t<meta property=\"og:image:type\" content=\"image\/jpeg\" \/>\n<meta name=\"author\" content=\"Alexandre Filluzeau\" \/>\n<meta name=\"twitter:card\" content=\"summary_large_image\" \/>\n<meta name=\"twitter:creator\" content=\"@italpassion\" \/>\n<meta name=\"twitter:site\" content=\"@italpassion\" \/>\n<script type=\"application\/ld+json\" class=\"yoast-schema-graph\">{\"@context\":\"https:\/\/schema.org\",\"@graph\":[{\"@type\":\"NewsArticle\",\"@id\":\"https:\/\/www.italpassion.fr\/de\/alfa-romeo\/lalfa-romeo-mystere-qui-sera-presentee-en-2026-est\/#article\",\"isPartOf\":{\"@id\":\"https:\/\/www.italpassion.fr\/de\/alfa-romeo\/lalfa-romeo-mystere-qui-sera-presentee-en-2026-est\/\"},\"author\":{\"name\":\"Alexandre Filluzeau\",\"@id\":\"https:\/\/www.italpassion.fr\/de\/#\/schema\/person\/36f747b2a759ca202d847e85a9434ca0\"},\"headline\":\"L&rsquo;Alfa Romeo myst\u00e8re qui sera pr\u00e9sent\u00e9e en 2026 est&#8230;\",\"datePublished\":\"2025-07-21T07:13:05+00:00\",\"mainEntityOfPage\":{\"@id\":\"https:\/\/www.italpassion.fr\/de\/alfa-romeo\/lalfa-romeo-mystere-qui-sera-presentee-en-2026-est\/\"},\"wordCount\":413,\"commentCount\":17,\"publisher\":{\"@id\":\"https:\/\/www.italpassion.fr\/de\/#organization\"},\"image\":{\"@id\":\"https:\/\/www.italpassion.fr\/de\/alfa-romeo\/lalfa-romeo-mystere-qui-sera-presentee-en-2026-est\/#primaryimage\"},\"thumbnailUrl\":\"https:\/\/www.italpassion.fr\/wp-content\/uploads\/2025\/03\/alfa-romeo-scudetto-3.jpg\",\"keywords\":[\"Alfa Romeo Tonale\"],\"articleSection\":[\"Alfa Romeo\"],\"inLanguage\":\"de\",\"potentialAction\":[{\"@type\":\"CommentAction\",\"name\":\"Comment\",\"target\":[\"https:\/\/www.italpassion.fr\/de\/alfa-romeo\/lalfa-romeo-mystere-qui-sera-presentee-en-2026-est\/#respond\"]}]},{\"@type\":\"WebPage\",\"@id\":\"https:\/\/www.italpassion.fr\/de\/alfa-romeo\/lalfa-romeo-mystere-qui-sera-presentee-en-2026-est\/\",\"url\":\"https:\/\/www.italpassion.fr\/de\/alfa-romeo\/lalfa-romeo-mystere-qui-sera-presentee-en-2026-est\/\",\"name\":\"L'Alfa Romeo myst\u00e8re qui sera pr\u00e9sent\u00e9e en 2026 est... - ItalPassion\",\"isPartOf\":{\"@id\":\"https:\/\/www.italpassion.fr\/de\/#website\"},\"primaryImageOfPage\":{\"@id\":\"https:\/\/www.italpassion.fr\/de\/alfa-romeo\/lalfa-romeo-mystere-qui-sera-presentee-en-2026-est\/#primaryimage\"},\"image\":{\"@id\":\"https:\/\/www.italpassion.fr\/de\/alfa-romeo\/lalfa-romeo-mystere-qui-sera-presentee-en-2026-est\/#primaryimage\"},\"thumbnailUrl\":\"https:\/\/www.italpassion.fr\/wp-content\/uploads\/2025\/03\/alfa-romeo-scudetto-3.jpg\",\"datePublished\":\"2025-07-21T07:13:05+00:00\",\"description\":\"Il y a quelques jours, nous r\u00e9v\u00e9lions qu'une source avait aper\u00e7u une Alfa Romeo totalement in\u00e9dite, dont la pr\u00e9sentation est pr\u00e9vue pour 2026. Cette\",\"breadcrumb\":{\"@id\":\"https:\/\/www.italpassion.fr\/de\/alfa-romeo\/lalfa-romeo-mystere-qui-sera-presentee-en-2026-est\/#breadcrumb\"},\"inLanguage\":\"de\",\"potentialAction\":[{\"@type\":\"ReadAction\",\"target\":[\"https:\/\/www.italpassion.fr\/de\/alfa-romeo\/lalfa-romeo-mystere-qui-sera-presentee-en-2026-est\/\"]}]},{\"@type\":\"ImageObject\",\"inLanguage\":\"de\",\"@id\":\"https:\/\/www.italpassion.fr\/de\/alfa-romeo\/lalfa-romeo-mystere-qui-sera-presentee-en-2026-est\/#primaryimage\",\"url\":\"https:\/\/www.italpassion.fr\/wp-content\/uploads\/2025\/03\/alfa-romeo-scudetto-3.jpg\",\"contentUrl\":\"https:\/\/www.italpassion.fr\/wp-content\/uploads\/2025\/03\/alfa-romeo-scudetto-3.jpg\",\"width\":1200,\"height\":800},{\"@type\":\"BreadcrumbList\",\"@id\":\"https:\/\/www.italpassion.fr\/de\/alfa-romeo\/lalfa-romeo-mystere-qui-sera-presentee-en-2026-est\/#breadcrumb\",\"itemListElement\":[{\"@type\":\"ListItem\",\"position\":1,\"name\":\"Accueil\",\"item\":\"https:\/\/www.italpassion.fr\/de\/\"},{\"@type\":\"ListItem\",\"position\":2,\"name\":\"L&rsquo;Alfa Romeo myst\u00e8re qui sera pr\u00e9sent\u00e9e en 2026 est&#8230;\"}]},{\"@type\":\"WebSite\",\"@id\":\"https:\/\/www.italpassion.fr\/de\/#website\",\"url\":\"https:\/\/www.italpassion.fr\/de\/\",\"name\":\"ItalPassion\",\"description\":\"Les Passionn\u00e9s d&#039;Automobiles Italiennes\",\"publisher\":{\"@id\":\"https:\/\/www.italpassion.fr\/de\/#organization\"},\"potentialAction\":[{\"@type\":\"SearchAction\",\"target\":{\"@type\":\"EntryPoint\",\"urlTemplate\":\"https:\/\/www.italpassion.fr\/de\/?s={search_term_string}\"},\"query-input\":{\"@type\":\"PropertyValueSpecification\",\"valueRequired\":true,\"valueName\":\"search_term_string\"}}],\"inLanguage\":\"de\"},{\"@type\":\"Organization\",\"@id\":\"https:\/\/www.italpassion.fr\/de\/#organization\",\"name\":\"Italpassion\",\"url\":\"https:\/\/www.italpassion.fr\/de\/\",\"logo\":{\"@type\":\"ImageObject\",\"inLanguage\":\"de\",\"@id\":\"https:\/\/www.italpassion.fr\/de\/#\/schema\/logo\/image\/\",\"url\":\"https:\/\/www.italpassion.fr\/wp-content\/uploads\/2023\/07\/italpassion-yoast.jpg\",\"contentUrl\":\"https:\/\/www.italpassion.fr\/wp-content\/uploads\/2023\/07\/italpassion-yoast.jpg\",\"width\":696,\"height\":696,\"caption\":\"Italpassion\"},\"image\":{\"@id\":\"https:\/\/www.italpassion.fr\/de\/#\/schema\/logo\/image\/\"},\"sameAs\":[\"https:\/\/www.facebook.com\/italpassion\",\"https:\/\/x.com\/italpassion\",\"https:\/\/www.instagram.com\/italpassionfr\/\",\"https:\/\/www.youtube.com\/channel\/UCleq-ByQaA42OjhopwevRjQ\",\"https:\/\/www.facebook.com\/italpassion.en\/\",\"https:\/\/www.facebook.com\/italpassion.it\/\",\"https:\/\/www.facebook.com\/italpassion.de\/\",\"https:\/\/www.facebook.com\/italpassion.ja\/\"]},{\"@type\":\"Person\",\"@id\":\"https:\/\/www.italpassion.fr\/de\/#\/schema\/person\/36f747b2a759ca202d847e85a9434ca0\",\"name\":\"Alexandre Filluzeau\",\"image\":{\"@type\":\"ImageObject\",\"inLanguage\":\"de\",\"@id\":\"https:\/\/www.italpassion.fr\/de\/#\/schema\/person\/image\/\",\"url\":\"https:\/\/www.italpassion.fr\/wp-content\/uploads\/2025\/04\/avatar-alexandre-160x160.jpg\",\"contentUrl\":\"https:\/\/www.italpassion.fr\/wp-content\/uploads\/2025\/04\/avatar-alexandre-160x160.jpg\",\"caption\":\"Alexandre Filluzeau\"},\"description\":\"Fondateur du site ItalPassion, passionn\u00e9 de voitures italiennes et de l'Italie en g\u00e9n\u00e9ral. J'apporte un regard critique et technique aux actualit\u00e9s des marques italiennes quand cela est possible. Propri\u00e9taire d'une Maserati GranTurismo, Alfa Romeo MiTo, Lancia Fulvia et Ducati 695. Ex-propri\u00e9taire d'une Alfa Romeo Giulia.\",\"sameAs\":[\"https:\/\/www.italpassion.fr\/\"],\"url\":\"https:\/\/www.italpassion.fr\/de\/author\/alexandre\/\"}]}<\/script>\n<!-- \/ Yoast SEO plugin. -->","yoast_head_json":{"title":"Der geheimnisvolle Alfa Romeo, der 2026 vorgestellt werden soll, ist... - ItalPassion","description":"Vor einigen Tagen berichteten wir, dass eine Quelle einen v\u00f6llig neuen Alfa Romeo gesichtet hatte, der im Jahr 2026 vorgestellt werden soll. Dieser","robots":{"index":"index","follow":"follow","max-snippet":"max-snippet:-1","max-image-preview":"max-image-preview:large","max-video-preview":"max-video-preview:-1"},"canonical":"https:\/\/www.italpassion.fr\/de\/alfa-romeo\/der-mysteriose-lalfa-romeo-der-2026-vorgestellt-wird-ist\/","og_locale":"de_DE","og_type":"article","og_title":"L'Alfa Romeo myst\u00e8re qui sera pr\u00e9sent\u00e9e en 2026 est... - ItalPassion","og_description":"Il y a quelques jours, nous r\u00e9v\u00e9lions qu'une source avait aper\u00e7u une Alfa Romeo totalement in\u00e9dite, dont la pr\u00e9sentation est pr\u00e9vue pour 2026. Cette","og_url":"https:\/\/www.italpassion.fr\/de\/alfa-romeo\/der-mysteriose-lalfa-romeo-der-2026-vorgestellt-wird-ist\/","og_site_name":"ItalPassion","article_publisher":"https:\/\/www.facebook.com\/italpassion","article_published_time":"2025-07-21T07:13:05+00:00","og_image":[{"width":1200,"height":800,"url":"https:\/\/www.italpassion.fr\/wp-content\/uploads\/2025\/03\/alfa-romeo-scudetto-3.jpg","type":"image\/jpeg"}],"author":"Alexandre Filluzeau","twitter_card":"summary_large_image","twitter_creator":"@italpassion","twitter_site":"@italpassion","schema":{"@context":"https:\/\/schema.org","@graph":[{"@type":"NewsArticle","@id":"https:\/\/www.italpassion.fr\/de\/alfa-romeo\/lalfa-romeo-mystere-qui-sera-presentee-en-2026-est\/#article","isPartOf":{"@id":"https:\/\/www.italpassion.fr\/de\/alfa-romeo\/lalfa-romeo-mystere-qui-sera-presentee-en-2026-est\/"},"author":{"name":"Alexandre Filluzeau","@id":"https:\/\/www.italpassion.fr\/de\/#\/schema\/person\/36f747b2a759ca202d847e85a9434ca0"},"headline":"L&rsquo;Alfa Romeo myst\u00e8re qui sera pr\u00e9sent\u00e9e en 2026 est&#8230;","datePublished":"2025-07-21T07:13:05+00:00","mainEntityOfPage":{"@id":"https:\/\/www.italpassion.fr\/de\/alfa-romeo\/lalfa-romeo-mystere-qui-sera-presentee-en-2026-est\/"},"wordCount":413,"commentCount":17,"publisher":{"@id":"https:\/\/www.italpassion.fr\/de\/#organization"},"image":{"@id":"https:\/\/www.italpassion.fr\/de\/alfa-romeo\/lalfa-romeo-mystere-qui-sera-presentee-en-2026-est\/#primaryimage"},"thumbnailUrl":"https:\/\/www.italpassion.fr\/wp-content\/uploads\/2025\/03\/alfa-romeo-scudetto-3.jpg","keywords":["Alfa Romeo Tonale"],"articleSection":["Alfa Romeo"],"inLanguage":"de","potentialAction":[{"@type":"CommentAction","name":"Comment","target":["https:\/\/www.italpassion.fr\/de\/alfa-romeo\/lalfa-romeo-mystere-qui-sera-presentee-en-2026-est\/#respond"]}]},{"@type":"WebPage","@id":"https:\/\/www.italpassion.fr\/de\/alfa-romeo\/lalfa-romeo-mystere-qui-sera-presentee-en-2026-est\/","url":"https:\/\/www.italpassion.fr\/de\/alfa-romeo\/lalfa-romeo-mystere-qui-sera-presentee-en-2026-est\/","name":"Der geheimnisvolle Alfa Romeo, der 2026 vorgestellt werden soll, ist... - ItalPassion","isPartOf":{"@id":"https:\/\/www.italpassion.fr\/de\/#website"},"primaryImageOfPage":{"@id":"https:\/\/www.italpassion.fr\/de\/alfa-romeo\/lalfa-romeo-mystere-qui-sera-presentee-en-2026-est\/#primaryimage"},"image":{"@id":"https:\/\/www.italpassion.fr\/de\/alfa-romeo\/lalfa-romeo-mystere-qui-sera-presentee-en-2026-est\/#primaryimage"},"thumbnailUrl":"https:\/\/www.italpassion.fr\/wp-content\/uploads\/2025\/03\/alfa-romeo-scudetto-3.jpg","datePublished":"2025-07-21T07:13:05+00:00","description":"Vor einigen Tagen berichteten wir, dass eine Quelle einen v\u00f6llig neuen Alfa Romeo gesichtet hatte, der im Jahr 2026 vorgestellt werden soll. Dieser","breadcrumb":{"@id":"https:\/\/www.italpassion.fr\/de\/alfa-romeo\/lalfa-romeo-mystere-qui-sera-presentee-en-2026-est\/#breadcrumb"},"inLanguage":"de","potentialAction":[{"@type":"ReadAction","target":["https:\/\/www.italpassion.fr\/de\/alfa-romeo\/lalfa-romeo-mystere-qui-sera-presentee-en-2026-est\/"]}]},{"@type":"ImageObject","inLanguage":"de","@id":"https:\/\/www.italpassion.fr\/de\/alfa-romeo\/lalfa-romeo-mystere-qui-sera-presentee-en-2026-est\/#primaryimage","url":"https:\/\/www.italpassion.fr\/wp-content\/uploads\/2025\/03\/alfa-romeo-scudetto-3.jpg","contentUrl":"https:\/\/www.italpassion.fr\/wp-content\/uploads\/2025\/03\/alfa-romeo-scudetto-3.jpg","width":1200,"height":800},{"@type":"BreadcrumbList","@id":"https:\/\/www.italpassion.fr\/de\/alfa-romeo\/lalfa-romeo-mystere-qui-sera-presentee-en-2026-est\/#breadcrumb","itemListElement":[{"@type":"ListItem","position":1,"name":"Accueil","item":"https:\/\/www.italpassion.fr\/de\/"},{"@type":"ListItem","position":2,"name":"L&rsquo;Alfa Romeo myst\u00e8re qui sera pr\u00e9sent\u00e9e en 2026 est&#8230;"}]},{"@type":"WebSite","@id":"https:\/\/www.italpassion.fr\/de\/#website","url":"https:\/\/www.italpassion.fr\/de\/","name":"ItalPassion","description":"Die Liebhaber italienischer Autos","publisher":{"@id":"https:\/\/www.italpassion.fr\/de\/#organization"},"potentialAction":[{"@type":"SearchAction","target":{"@type":"EntryPoint","urlTemplate":"https:\/\/www.italpassion.fr\/de\/?s={search_term_string}"},"query-input":{"@type":"PropertyValueSpecification","valueRequired":true,"valueName":"search_term_string"}}],"inLanguage":"de"},{"@type":"Organization","@id":"https:\/\/www.italpassion.fr\/de\/#organization","name":"Italpassion","url":"https:\/\/www.italpassion.fr\/de\/","logo":{"@type":"ImageObject","inLanguage":"de","@id":"https:\/\/www.italpassion.fr\/de\/#\/schema\/logo\/image\/","url":"https:\/\/www.italpassion.fr\/wp-content\/uploads\/2023\/07\/italpassion-yoast.jpg","contentUrl":"https:\/\/www.italpassion.fr\/wp-content\/uploads\/2023\/07\/italpassion-yoast.jpg","width":696,"height":696,"caption":"Italpassion"},"image":{"@id":"https:\/\/www.italpassion.fr\/de\/#\/schema\/logo\/image\/"},"sameAs":["https:\/\/www.facebook.com\/italpassion","https:\/\/x.com\/italpassion","https:\/\/www.instagram.com\/italpassionfr\/","https:\/\/www.youtube.com\/channel\/UCleq-ByQaA42OjhopwevRjQ","https:\/\/www.facebook.com\/italpassion.en\/","https:\/\/www.facebook.com\/italpassion.it\/","https:\/\/www.facebook.com\/italpassion.de\/","https:\/\/www.facebook.com\/italpassion.ja\/"]},{"@type":"Person","@id":"https:\/\/www.italpassion.fr\/de\/#\/schema\/person\/36f747b2a759ca202d847e85a9434ca0","name":"Alexandre Filluzeau","image":{"@type":"ImageObject","inLanguage":"de","@id":"https:\/\/www.italpassion.fr\/de\/#\/schema\/person\/image\/","url":"https:\/\/www.italpassion.fr\/wp-content\/uploads\/2025\/04\/avatar-alexandre-160x160.jpg","contentUrl":"https:\/\/www.italpassion.fr\/wp-content\/uploads\/2025\/04\/avatar-alexandre-160x160.jpg","caption":"Alexandre Filluzeau"},"description":"Gr\u00fcnder der Website ItalPassion, leidenschaftlicher Fan von italienischen Autos und Italien im Allgemeinen. Ich bringe einen kritischen und technischen Blick auf die Nachrichten der italienischen Marken, wann immer es m\u00f6glich ist. Besitzer eines Maserati GranTurismo, Alfa Romeo MiTo, Lancia Fulvia und Ducati 695. Ex-Besitzer einer Alfa Romeo Giulia.","sameAs":["https:\/\/www.italpassion.fr\/"],"url":"https:\/\/www.italpassion.fr\/de\/author\/alexandre\/"}]}},"_links":{"self":[{"href":"https:\/\/www.italpassion.fr\/de\/wp-json\/wp\/v2\/posts\/39941","targetHints":{"allow":["GET"]}}],"collection":[{"href":"https:\/\/www.italpassion.fr\/de\/wp-json\/wp\/v2\/posts"}],"about":[{"href":"https:\/\/www.italpassion.fr\/de\/wp-json\/wp\/v2\/types\/post"}],"author":[{"embeddable":true,"href":"https:\/\/www.italpassion.fr\/de\/wp-json\/wp\/v2\/users\/1"}],"replies":[{"embeddable":true,"href":"https:\/\/www.italpassion.fr\/de\/wp-json\/wp\/v2\/comments?post=39941"}],"version-history":[{"count":1,"href":"https:\/\/www.italpassion.fr\/de\/wp-json\/wp\/v2\/posts\/39941\/revisions"}],"predecessor-version":[{"id":39942,"href":"https:\/\/www.italpassion.fr\/de\/wp-json\/wp\/v2\/posts\/39941\/revisions\/39942"}],"wp:featuredmedia":[{"embeddable":true,"href":"https:\/\/www.italpassion.fr\/de\/wp-json\/wp\/v2\/media\/37203"}],"wp:attachment":[{"href":"https:\/\/www.italpassion.fr\/de\/wp-json\/wp\/v2\/media?parent=39941"}],"wp:term":[{"taxonomy":"category","embeddable":true,"href":"https:\/\/www.italpassion.fr\/de\/wp-json\/wp\/v2\/categories?post=39941"},{"taxonomy":"post_tag","embeddable":true,"href":"https:\/\/www.italpassion.fr\/de\/wp-json\/wp\/v2\/tags?post=39941"}],"curies":[{"name":"wp","href":"https:\/\/api.w.org\/{rel}","templated":true}]}}