{"id":39177,"date":"2025-07-19T09:39:46","date_gmt":"2025-07-19T07:39:46","guid":{"rendered":"https:\/\/www.italpassion.fr\/?p=39177"},"modified":"2025-07-01T10:42:57","modified_gmt":"2025-07-01T08:42:57","slug":"als-der-ehemalige-prasident-von-ferrari-den-348-zu-einem-scheisauto-erklarte","status":"publish","type":"post","link":"https:\/\/www.italpassion.fr\/de\/ferrari\/quand-lancien-president-de-ferrari-a-declare-la-348-une-voiture-de-merde\/","title":{"rendered":"Als der ehemalige Pr\u00e4sident von Ferrari sagte: \"Der 348, ein Schei\u00dfauto\"!"},"content":{"rendered":"<figure class=\"wp-block-image size-full\"><img loading=\"lazy\" decoding=\"async\" width=\"1200\" height=\"800\" src=\"https:\/\/www.italpassion.fr\/wp-content\/uploads\/2025\/06\/ferrari-348.jpg\" alt=\"\" class=\"wp-image-39535\" srcset=\"https:\/\/www.italpassion.fr\/wp-content\/uploads\/2025\/06\/ferrari-348.jpg 1200w, https:\/\/www.italpassion.fr\/wp-content\/uploads\/2025\/06\/ferrari-348-420x280.jpg 420w, https:\/\/www.italpassion.fr\/wp-content\/uploads\/2025\/06\/ferrari-348-768x512.jpg 768w, https:\/\/www.italpassion.fr\/wp-content\/uploads\/2025\/06\/ferrari-348-18x12.jpg 18w\" sizes=\"auto, (max-width: 1200px) 100vw, 1200px\" \/><\/figure>\n\n\n\n<p>Jeder leidenschaftliche <a href=\"https:\/\/www.italpassion.fr\/de\/ferrari\/\">Ferrari<\/a> kennt den 348. Aber nicht jeder wei\u00df, dass er eine ziemlich k\u00f6stliche Anekdote hinter sich herzieht, die von Luca di Montezemolo selbst, dem ehemaligen Pr\u00e4sidenten der Marke mit dem kabarettistischen Pferd, erz\u00e4hlt wurde.<\/p>\n\n\n\n<p>Wir schreiben das Jahr 1991, kurz nach der Fu\u00dfballweltmeisterschaft, die in Italien stattfand. Montezemolo, der mit dem Erfolg der Veranstaltung zufrieden war, beschloss, sich selbst ein Geschenk zu machen: einen nagelneuen gelben Ferrari 348. Nur eines Tages, am Steuer seines Sch\u00f6nlings in Rom, die Dem\u00fctigung: Er h\u00e4lt an einer Ampel an und wird auf den ersten 30-40 Metern buchst\u00e4blich von ... einem schwarzen Golf GTi abgesetzt. Besonders pikant ist die Bemerkung des Fahrers des Volkswagens: \"Hey Montezemolo, der hier ist viel besser!\".<\/p>\n\n\n\n<p>Jahre sp\u00e4ter, als er 2009 den erhabenen 458 Italia vorstellte, erz\u00e4hlte er der Presse die Geschichte: \"Das werde ich nie vergessen! Danach berief ich ein Meeting ein, ohne jemandem bei Ferrari etwas zu sagen. Man zeigte mir stolz eine Folie, auf der der 348 als \"best in class\" in der Beschleunigung angepriesen wurde. Ich lie\u00df sie reden und sagte dann: \"Leute, Pech gehabt, ich bin gerade Kunde dieses beschissenen Autos. Sie macht zwar L\u00e4rm, aber sie kommt nicht voran!'<\/p>\n\n\n\n<figure class=\"wp-block-image size-full\"><img loading=\"lazy\" decoding=\"async\" width=\"1200\" height=\"800\" src=\"https:\/\/www.italpassion.fr\/wp-content\/uploads\/2025\/06\/ferrari-348-2.jpg\" alt=\"\" class=\"wp-image-39536\" srcset=\"https:\/\/www.italpassion.fr\/wp-content\/uploads\/2025\/06\/ferrari-348-2.jpg 1200w, https:\/\/www.italpassion.fr\/wp-content\/uploads\/2025\/06\/ferrari-348-2-420x280.jpg 420w, https:\/\/www.italpassion.fr\/wp-content\/uploads\/2025\/06\/ferrari-348-2-768x512.jpg 768w, https:\/\/www.italpassion.fr\/wp-content\/uploads\/2025\/06\/ferrari-348-2-18x12.jpg 18w\" sizes=\"auto, (max-width: 1200px) 100vw, 1200px\" \/><\/figure>\n\n\n\n<p>Um es noch besser zu machen, lie\u00df Montezemolo sogar Niki Lauda einfliegen, um den 348 zu testen. Das Urteil der \u00f6sterreichischen Legende? Genau das gleiche: ein wundersch\u00f6nes Coup\u00e9, aber f\u00fcr einen Ferrari furchtbar staubig.<\/p>\n\n\n\n<p>Nat\u00fcrlich haben einige Puristen die Geschichte angezweifelt: Auf dem Papier beschleunigte der 348 in 5,6 Sekunden von 0 auf 100 km\/h, w\u00e4hrend der damalige Golf GTi in 8,3 Sekunden von 0 auf 100 km\/h beschleunigte. Wenn man nicht gerade einem pr\u00e4parierten Golf begegnet ist, ist es schwer zu glauben, dass er auf der ganzen Geraden mithalten konnte. Aber das ist egal: Was z\u00e4hlt, ist, dass dieser Satz Kultstatus erlangt hat und dass er allein schon den Anspruch symbolisiert, den Montezemolo bei Ferrari seit seinem Amtsantritt wieder einf\u00fchren wollte.<\/p>\n\n\n\n<p>Der Ferrari 348 war der letzte Ferrari aus der \u00c4ra Enzo, von dem zwischen 1989 und 1994 fast 9000 Exemplare gebaut wurden, bevor er dem viel sch\u00e4rferen 355 Platz machte.<\/p>\n\n\n\n<figure class=\"wp-block-image size-full\"><img loading=\"lazy\" decoding=\"async\" width=\"1200\" height=\"800\" src=\"https:\/\/www.italpassion.fr\/wp-content\/uploads\/2025\/06\/ferrari-348-3.jpg\" alt=\"\" class=\"wp-image-39537\" srcset=\"https:\/\/www.italpassion.fr\/wp-content\/uploads\/2025\/06\/ferrari-348-3.jpg 1200w, https:\/\/www.italpassion.fr\/wp-content\/uploads\/2025\/06\/ferrari-348-3-420x280.jpg 420w, https:\/\/www.italpassion.fr\/wp-content\/uploads\/2025\/06\/ferrari-348-3-768x512.jpg 768w, https:\/\/www.italpassion.fr\/wp-content\/uploads\/2025\/06\/ferrari-348-3-18x12.jpg 18w\" sizes=\"auto, (max-width: 1200px) 100vw, 1200px\" \/><\/figure>","protected":false},"excerpt":{"rendered":"","protected":false},"author":1,"featured_media":39535,"comment_status":"open","ping_status":"open","sticky":false,"template":"","format":"standard","meta":{"_acf_changed":false,"_sitemap_exclude":false,"_sitemap_priority":"","_sitemap_frequency":"","footnotes":""},"categories":[23],"tags":[443],"class_list":["post-39177","post","type-post","status-publish","format-standard","has-post-thumbnail","hentry","category-ferrari","tag-ferrari-348","generate-columns","tablet-grid-50","mobile-grid-100","grid-parent","grid-33"],"acf":[],"yoast_head":"<!-- This site is optimized with the Yoast SEO plugin v25.8 - https:\/\/yoast.com\/wordpress\/plugins\/seo\/ -->\n<title>Quand l&#039;ancien pr\u00e9sident de Ferrari \u00e0 d\u00e9clar\u00e9 : &quot;la 348, une voiture de merde&quot; ! - ItalPassion<\/title>\n<meta name=\"description\" content=\"Tout passionn\u00e9 de Ferrari conna\u00eet la 348. Mais tout le monde ne sait pas qu\u2019elle tra\u00eene derri\u00e8re elle une anecdote plut\u00f4t savoureuse, racont\u00e9e par Luca di\" \/>\n<meta name=\"robots\" content=\"index, follow, max-snippet:-1, max-image-preview:large, max-video-preview:-1\" \/>\n<link rel=\"canonical\" href=\"https:\/\/www.italpassion.fr\/de\/ferrari\/als-der-ehemalige-prasident-von-ferrari-den-348-zu-einem-scheisauto-erklarte\/\" \/>\n<meta property=\"og:locale\" content=\"de_DE\" \/>\n<meta property=\"og:type\" content=\"article\" \/>\n<meta property=\"og:title\" content=\"Quand l&#039;ancien pr\u00e9sident de Ferrari \u00e0 d\u00e9clar\u00e9 : &quot;la 348, une voiture de merde&quot; ! - ItalPassion\" \/>\n<meta property=\"og:description\" content=\"Tout passionn\u00e9 de Ferrari conna\u00eet la 348. Mais tout le monde ne sait pas qu\u2019elle tra\u00eene derri\u00e8re elle une anecdote plut\u00f4t savoureuse, racont\u00e9e par Luca di\" \/>\n<meta property=\"og:url\" content=\"https:\/\/www.italpassion.fr\/de\/ferrari\/als-der-ehemalige-prasident-von-ferrari-den-348-zu-einem-scheisauto-erklarte\/\" \/>\n<meta property=\"og:site_name\" content=\"ItalPassion\" \/>\n<meta property=\"article:publisher\" content=\"https:\/\/www.facebook.com\/italpassion\" \/>\n<meta property=\"article:published_time\" content=\"2025-07-19T07:39:46+00:00\" \/>\n<meta property=\"og:image\" content=\"https:\/\/www.italpassion.fr\/wp-content\/uploads\/2025\/06\/ferrari-348.jpg\" \/>\n\t<meta property=\"og:image:width\" content=\"1200\" \/>\n\t<meta property=\"og:image:height\" content=\"800\" \/>\n\t<meta property=\"og:image:type\" content=\"image\/jpeg\" \/>\n<meta name=\"author\" content=\"Alexandre Filluzeau\" \/>\n<meta name=\"twitter:card\" content=\"summary_large_image\" \/>\n<meta name=\"twitter:creator\" content=\"@italpassion\" \/>\n<meta name=\"twitter:site\" content=\"@italpassion\" \/>\n<script type=\"application\/ld+json\" class=\"yoast-schema-graph\">{\"@context\":\"https:\/\/schema.org\",\"@graph\":[{\"@type\":\"NewsArticle\",\"@id\":\"https:\/\/www.italpassion.fr\/de\/ferrari\/quand-lancien-president-de-ferrari-a-declare-la-348-une-voiture-de-merde\/#article\",\"isPartOf\":{\"@id\":\"https:\/\/www.italpassion.fr\/de\/ferrari\/quand-lancien-president-de-ferrari-a-declare-la-348-une-voiture-de-merde\/\"},\"author\":{\"name\":\"Alexandre Filluzeau\",\"@id\":\"https:\/\/www.italpassion.fr\/de\/#\/schema\/person\/36f747b2a759ca202d847e85a9434ca0\"},\"headline\":\"Quand l&rsquo;ancien pr\u00e9sident de Ferrari \u00e0 d\u00e9clar\u00e9 : \u00ab\u00a0la 348, une voiture de merde\u00a0\u00bb !\",\"datePublished\":\"2025-07-19T07:39:46+00:00\",\"mainEntityOfPage\":{\"@id\":\"https:\/\/www.italpassion.fr\/de\/ferrari\/quand-lancien-president-de-ferrari-a-declare-la-348-une-voiture-de-merde\/\"},\"wordCount\":387,\"commentCount\":2,\"publisher\":{\"@id\":\"https:\/\/www.italpassion.fr\/de\/#organization\"},\"image\":{\"@id\":\"https:\/\/www.italpassion.fr\/de\/ferrari\/quand-lancien-president-de-ferrari-a-declare-la-348-une-voiture-de-merde\/#primaryimage\"},\"thumbnailUrl\":\"https:\/\/www.italpassion.fr\/wp-content\/uploads\/2025\/06\/ferrari-348.jpg\",\"keywords\":[\"Ferrari 348\"],\"articleSection\":[\"Ferrari\"],\"inLanguage\":\"de\",\"potentialAction\":[{\"@type\":\"CommentAction\",\"name\":\"Comment\",\"target\":[\"https:\/\/www.italpassion.fr\/de\/ferrari\/quand-lancien-president-de-ferrari-a-declare-la-348-une-voiture-de-merde\/#respond\"]}]},{\"@type\":\"WebPage\",\"@id\":\"https:\/\/www.italpassion.fr\/de\/ferrari\/quand-lancien-president-de-ferrari-a-declare-la-348-une-voiture-de-merde\/\",\"url\":\"https:\/\/www.italpassion.fr\/de\/ferrari\/quand-lancien-president-de-ferrari-a-declare-la-348-une-voiture-de-merde\/\",\"name\":\"Quand l'ancien pr\u00e9sident de Ferrari \u00e0 d\u00e9clar\u00e9 : \\\"la 348, une voiture de merde\\\" ! - ItalPassion\",\"isPartOf\":{\"@id\":\"https:\/\/www.italpassion.fr\/de\/#website\"},\"primaryImageOfPage\":{\"@id\":\"https:\/\/www.italpassion.fr\/de\/ferrari\/quand-lancien-president-de-ferrari-a-declare-la-348-une-voiture-de-merde\/#primaryimage\"},\"image\":{\"@id\":\"https:\/\/www.italpassion.fr\/de\/ferrari\/quand-lancien-president-de-ferrari-a-declare-la-348-une-voiture-de-merde\/#primaryimage\"},\"thumbnailUrl\":\"https:\/\/www.italpassion.fr\/wp-content\/uploads\/2025\/06\/ferrari-348.jpg\",\"datePublished\":\"2025-07-19T07:39:46+00:00\",\"description\":\"Tout passionn\u00e9 de Ferrari conna\u00eet la 348. Mais tout le monde ne sait pas qu\u2019elle tra\u00eene derri\u00e8re elle une anecdote plut\u00f4t savoureuse, racont\u00e9e par Luca di\",\"breadcrumb\":{\"@id\":\"https:\/\/www.italpassion.fr\/de\/ferrari\/quand-lancien-president-de-ferrari-a-declare-la-348-une-voiture-de-merde\/#breadcrumb\"},\"inLanguage\":\"de\",\"potentialAction\":[{\"@type\":\"ReadAction\",\"target\":[\"https:\/\/www.italpassion.fr\/de\/ferrari\/quand-lancien-president-de-ferrari-a-declare-la-348-une-voiture-de-merde\/\"]}]},{\"@type\":\"ImageObject\",\"inLanguage\":\"de\",\"@id\":\"https:\/\/www.italpassion.fr\/de\/ferrari\/quand-lancien-president-de-ferrari-a-declare-la-348-une-voiture-de-merde\/#primaryimage\",\"url\":\"https:\/\/www.italpassion.fr\/wp-content\/uploads\/2025\/06\/ferrari-348.jpg\",\"contentUrl\":\"https:\/\/www.italpassion.fr\/wp-content\/uploads\/2025\/06\/ferrari-348.jpg\",\"width\":1200,\"height\":800},{\"@type\":\"BreadcrumbList\",\"@id\":\"https:\/\/www.italpassion.fr\/de\/ferrari\/quand-lancien-president-de-ferrari-a-declare-la-348-une-voiture-de-merde\/#breadcrumb\",\"itemListElement\":[{\"@type\":\"ListItem\",\"position\":1,\"name\":\"Accueil\",\"item\":\"https:\/\/www.italpassion.fr\/de\/\"},{\"@type\":\"ListItem\",\"position\":2,\"name\":\"Quand l&rsquo;ancien pr\u00e9sident de Ferrari \u00e0 d\u00e9clar\u00e9 : \u00ab\u00a0la 348, une voiture de merde\u00a0\u00bb !\"}]},{\"@type\":\"WebSite\",\"@id\":\"https:\/\/www.italpassion.fr\/de\/#website\",\"url\":\"https:\/\/www.italpassion.fr\/de\/\",\"name\":\"ItalPassion\",\"description\":\"Les Passionn\u00e9s d&#039;Automobiles Italiennes\",\"publisher\":{\"@id\":\"https:\/\/www.italpassion.fr\/de\/#organization\"},\"potentialAction\":[{\"@type\":\"SearchAction\",\"target\":{\"@type\":\"EntryPoint\",\"urlTemplate\":\"https:\/\/www.italpassion.fr\/de\/?s={search_term_string}\"},\"query-input\":{\"@type\":\"PropertyValueSpecification\",\"valueRequired\":true,\"valueName\":\"search_term_string\"}}],\"inLanguage\":\"de\"},{\"@type\":\"Organization\",\"@id\":\"https:\/\/www.italpassion.fr\/de\/#organization\",\"name\":\"Italpassion\",\"url\":\"https:\/\/www.italpassion.fr\/de\/\",\"logo\":{\"@type\":\"ImageObject\",\"inLanguage\":\"de\",\"@id\":\"https:\/\/www.italpassion.fr\/de\/#\/schema\/logo\/image\/\",\"url\":\"https:\/\/www.italpassion.fr\/wp-content\/uploads\/2023\/07\/italpassion-yoast.jpg\",\"contentUrl\":\"https:\/\/www.italpassion.fr\/wp-content\/uploads\/2023\/07\/italpassion-yoast.jpg\",\"width\":696,\"height\":696,\"caption\":\"Italpassion\"},\"image\":{\"@id\":\"https:\/\/www.italpassion.fr\/de\/#\/schema\/logo\/image\/\"},\"sameAs\":[\"https:\/\/www.facebook.com\/italpassion\",\"https:\/\/x.com\/italpassion\",\"https:\/\/www.instagram.com\/italpassionfr\/\",\"https:\/\/www.youtube.com\/channel\/UCleq-ByQaA42OjhopwevRjQ\",\"https:\/\/www.facebook.com\/italpassion.en\/\",\"https:\/\/www.facebook.com\/italpassion.it\/\",\"https:\/\/www.facebook.com\/italpassion.de\/\",\"https:\/\/www.facebook.com\/italpassion.ja\/\"]},{\"@type\":\"Person\",\"@id\":\"https:\/\/www.italpassion.fr\/de\/#\/schema\/person\/36f747b2a759ca202d847e85a9434ca0\",\"name\":\"Alexandre Filluzeau\",\"image\":{\"@type\":\"ImageObject\",\"inLanguage\":\"de\",\"@id\":\"https:\/\/www.italpassion.fr\/de\/#\/schema\/person\/image\/\",\"url\":\"https:\/\/www.italpassion.fr\/wp-content\/uploads\/2025\/04\/avatar-alexandre-160x160.jpg\",\"contentUrl\":\"https:\/\/www.italpassion.fr\/wp-content\/uploads\/2025\/04\/avatar-alexandre-160x160.jpg\",\"caption\":\"Alexandre Filluzeau\"},\"description\":\"Fondateur du site ItalPassion, passionn\u00e9 de voitures italiennes et de l'Italie en g\u00e9n\u00e9ral. J'apporte un regard critique et technique aux actualit\u00e9s des marques italiennes quand cela est possible. Propri\u00e9taire d'une Maserati GranTurismo, Alfa Romeo MiTo, Lancia Fulvia et Ducati 695. Ex-propri\u00e9taire d'une Alfa Romeo Giulia.\",\"sameAs\":[\"https:\/\/www.italpassion.fr\/\"],\"url\":\"https:\/\/www.italpassion.fr\/de\/author\/alexandre\/\"}]}<\/script>\n<!-- \/ Yoast SEO plugin. -->","yoast_head_json":{"title":"Als der ehemalige Pr\u00e4sident von Ferrari sagte: \"Der 348, ein Schei\u00dfauto\"! - ItalPassion","description":"Jeder Ferrari-Fan kennt den 348. Aber nicht jeder wei\u00df, dass er eine ziemlich k\u00f6stliche Anekdote hinter sich herzieht, die von Luca di","robots":{"index":"index","follow":"follow","max-snippet":"max-snippet:-1","max-image-preview":"max-image-preview:large","max-video-preview":"max-video-preview:-1"},"canonical":"https:\/\/www.italpassion.fr\/de\/ferrari\/als-der-ehemalige-prasident-von-ferrari-den-348-zu-einem-scheisauto-erklarte\/","og_locale":"de_DE","og_type":"article","og_title":"Quand l'ancien pr\u00e9sident de Ferrari \u00e0 d\u00e9clar\u00e9 : \"la 348, une voiture de merde\" ! - ItalPassion","og_description":"Tout passionn\u00e9 de Ferrari conna\u00eet la 348. Mais tout le monde ne sait pas qu\u2019elle tra\u00eene derri\u00e8re elle une anecdote plut\u00f4t savoureuse, racont\u00e9e par Luca di","og_url":"https:\/\/www.italpassion.fr\/de\/ferrari\/als-der-ehemalige-prasident-von-ferrari-den-348-zu-einem-scheisauto-erklarte\/","og_site_name":"ItalPassion","article_publisher":"https:\/\/www.facebook.com\/italpassion","article_published_time":"2025-07-19T07:39:46+00:00","og_image":[{"width":1200,"height":800,"url":"https:\/\/www.italpassion.fr\/wp-content\/uploads\/2025\/06\/ferrari-348.jpg","type":"image\/jpeg"}],"author":"Alexandre Filluzeau","twitter_card":"summary_large_image","twitter_creator":"@italpassion","twitter_site":"@italpassion","schema":{"@context":"https:\/\/schema.org","@graph":[{"@type":"NewsArticle","@id":"https:\/\/www.italpassion.fr\/de\/ferrari\/quand-lancien-president-de-ferrari-a-declare-la-348-une-voiture-de-merde\/#article","isPartOf":{"@id":"https:\/\/www.italpassion.fr\/de\/ferrari\/quand-lancien-president-de-ferrari-a-declare-la-348-une-voiture-de-merde\/"},"author":{"name":"Alexandre Filluzeau","@id":"https:\/\/www.italpassion.fr\/de\/#\/schema\/person\/36f747b2a759ca202d847e85a9434ca0"},"headline":"Quand l&rsquo;ancien pr\u00e9sident de Ferrari \u00e0 d\u00e9clar\u00e9 : \u00ab\u00a0la 348, une voiture de merde\u00a0\u00bb !","datePublished":"2025-07-19T07:39:46+00:00","mainEntityOfPage":{"@id":"https:\/\/www.italpassion.fr\/de\/ferrari\/quand-lancien-president-de-ferrari-a-declare-la-348-une-voiture-de-merde\/"},"wordCount":387,"commentCount":2,"publisher":{"@id":"https:\/\/www.italpassion.fr\/de\/#organization"},"image":{"@id":"https:\/\/www.italpassion.fr\/de\/ferrari\/quand-lancien-president-de-ferrari-a-declare-la-348-une-voiture-de-merde\/#primaryimage"},"thumbnailUrl":"https:\/\/www.italpassion.fr\/wp-content\/uploads\/2025\/06\/ferrari-348.jpg","keywords":["Ferrari 348"],"articleSection":["Ferrari"],"inLanguage":"de","potentialAction":[{"@type":"CommentAction","name":"Comment","target":["https:\/\/www.italpassion.fr\/de\/ferrari\/quand-lancien-president-de-ferrari-a-declare-la-348-une-voiture-de-merde\/#respond"]}]},{"@type":"WebPage","@id":"https:\/\/www.italpassion.fr\/de\/ferrari\/quand-lancien-president-de-ferrari-a-declare-la-348-une-voiture-de-merde\/","url":"https:\/\/www.italpassion.fr\/de\/ferrari\/quand-lancien-president-de-ferrari-a-declare-la-348-une-voiture-de-merde\/","name":"Als der ehemalige Pr\u00e4sident von Ferrari sagte: \"Der 348, ein Schei\u00dfauto\"! - ItalPassion","isPartOf":{"@id":"https:\/\/www.italpassion.fr\/de\/#website"},"primaryImageOfPage":{"@id":"https:\/\/www.italpassion.fr\/de\/ferrari\/quand-lancien-president-de-ferrari-a-declare-la-348-une-voiture-de-merde\/#primaryimage"},"image":{"@id":"https:\/\/www.italpassion.fr\/de\/ferrari\/quand-lancien-president-de-ferrari-a-declare-la-348-une-voiture-de-merde\/#primaryimage"},"thumbnailUrl":"https:\/\/www.italpassion.fr\/wp-content\/uploads\/2025\/06\/ferrari-348.jpg","datePublished":"2025-07-19T07:39:46+00:00","description":"Jeder Ferrari-Fan kennt den 348. Aber nicht jeder wei\u00df, dass er eine ziemlich k\u00f6stliche Anekdote hinter sich herzieht, die von Luca di","breadcrumb":{"@id":"https:\/\/www.italpassion.fr\/de\/ferrari\/quand-lancien-president-de-ferrari-a-declare-la-348-une-voiture-de-merde\/#breadcrumb"},"inLanguage":"de","potentialAction":[{"@type":"ReadAction","target":["https:\/\/www.italpassion.fr\/de\/ferrari\/quand-lancien-president-de-ferrari-a-declare-la-348-une-voiture-de-merde\/"]}]},{"@type":"ImageObject","inLanguage":"de","@id":"https:\/\/www.italpassion.fr\/de\/ferrari\/quand-lancien-president-de-ferrari-a-declare-la-348-une-voiture-de-merde\/#primaryimage","url":"https:\/\/www.italpassion.fr\/wp-content\/uploads\/2025\/06\/ferrari-348.jpg","contentUrl":"https:\/\/www.italpassion.fr\/wp-content\/uploads\/2025\/06\/ferrari-348.jpg","width":1200,"height":800},{"@type":"BreadcrumbList","@id":"https:\/\/www.italpassion.fr\/de\/ferrari\/quand-lancien-president-de-ferrari-a-declare-la-348-une-voiture-de-merde\/#breadcrumb","itemListElement":[{"@type":"ListItem","position":1,"name":"Accueil","item":"https:\/\/www.italpassion.fr\/de\/"},{"@type":"ListItem","position":2,"name":"Quand l&rsquo;ancien pr\u00e9sident de Ferrari \u00e0 d\u00e9clar\u00e9 : \u00ab\u00a0la 348, une voiture de merde\u00a0\u00bb !"}]},{"@type":"WebSite","@id":"https:\/\/www.italpassion.fr\/de\/#website","url":"https:\/\/www.italpassion.fr\/de\/","name":"ItalPassion","description":"Die Liebhaber italienischer Autos","publisher":{"@id":"https:\/\/www.italpassion.fr\/de\/#organization"},"potentialAction":[{"@type":"SearchAction","target":{"@type":"EntryPoint","urlTemplate":"https:\/\/www.italpassion.fr\/de\/?s={search_term_string}"},"query-input":{"@type":"PropertyValueSpecification","valueRequired":true,"valueName":"search_term_string"}}],"inLanguage":"de"},{"@type":"Organization","@id":"https:\/\/www.italpassion.fr\/de\/#organization","name":"Italpassion","url":"https:\/\/www.italpassion.fr\/de\/","logo":{"@type":"ImageObject","inLanguage":"de","@id":"https:\/\/www.italpassion.fr\/de\/#\/schema\/logo\/image\/","url":"https:\/\/www.italpassion.fr\/wp-content\/uploads\/2023\/07\/italpassion-yoast.jpg","contentUrl":"https:\/\/www.italpassion.fr\/wp-content\/uploads\/2023\/07\/italpassion-yoast.jpg","width":696,"height":696,"caption":"Italpassion"},"image":{"@id":"https:\/\/www.italpassion.fr\/de\/#\/schema\/logo\/image\/"},"sameAs":["https:\/\/www.facebook.com\/italpassion","https:\/\/x.com\/italpassion","https:\/\/www.instagram.com\/italpassionfr\/","https:\/\/www.youtube.com\/channel\/UCleq-ByQaA42OjhopwevRjQ","https:\/\/www.facebook.com\/italpassion.en\/","https:\/\/www.facebook.com\/italpassion.it\/","https:\/\/www.facebook.com\/italpassion.de\/","https:\/\/www.facebook.com\/italpassion.ja\/"]},{"@type":"Person","@id":"https:\/\/www.italpassion.fr\/de\/#\/schema\/person\/36f747b2a759ca202d847e85a9434ca0","name":"Alexandre Filluzeau","image":{"@type":"ImageObject","inLanguage":"de","@id":"https:\/\/www.italpassion.fr\/de\/#\/schema\/person\/image\/","url":"https:\/\/www.italpassion.fr\/wp-content\/uploads\/2025\/04\/avatar-alexandre-160x160.jpg","contentUrl":"https:\/\/www.italpassion.fr\/wp-content\/uploads\/2025\/04\/avatar-alexandre-160x160.jpg","caption":"Alexandre Filluzeau"},"description":"Gr\u00fcnder der Website ItalPassion, leidenschaftlicher Fan von italienischen Autos und Italien im Allgemeinen. Ich bringe einen kritischen und technischen Blick auf die Nachrichten der italienischen Marken, wann immer es m\u00f6glich ist. Besitzer eines Maserati GranTurismo, Alfa Romeo MiTo, Lancia Fulvia und Ducati 695. Ex-Besitzer einer Alfa Romeo Giulia.","sameAs":["https:\/\/www.italpassion.fr\/"],"url":"https:\/\/www.italpassion.fr\/de\/author\/alexandre\/"}]}},"_links":{"self":[{"href":"https:\/\/www.italpassion.fr\/de\/wp-json\/wp\/v2\/posts\/39177","targetHints":{"allow":["GET"]}}],"collection":[{"href":"https:\/\/www.italpassion.fr\/de\/wp-json\/wp\/v2\/posts"}],"about":[{"href":"https:\/\/www.italpassion.fr\/de\/wp-json\/wp\/v2\/types\/post"}],"author":[{"embeddable":true,"href":"https:\/\/www.italpassion.fr\/de\/wp-json\/wp\/v2\/users\/1"}],"replies":[{"embeddable":true,"href":"https:\/\/www.italpassion.fr\/de\/wp-json\/wp\/v2\/comments?post=39177"}],"version-history":[{"count":3,"href":"https:\/\/www.italpassion.fr\/de\/wp-json\/wp\/v2\/posts\/39177\/revisions"}],"predecessor-version":[{"id":39917,"href":"https:\/\/www.italpassion.fr\/de\/wp-json\/wp\/v2\/posts\/39177\/revisions\/39917"}],"wp:featuredmedia":[{"embeddable":true,"href":"https:\/\/www.italpassion.fr\/de\/wp-json\/wp\/v2\/media\/39535"}],"wp:attachment":[{"href":"https:\/\/www.italpassion.fr\/de\/wp-json\/wp\/v2\/media?parent=39177"}],"wp:term":[{"taxonomy":"category","embeddable":true,"href":"https:\/\/www.italpassion.fr\/de\/wp-json\/wp\/v2\/categories?post=39177"},{"taxonomy":"post_tag","embeddable":true,"href":"https:\/\/www.italpassion.fr\/de\/wp-json\/wp\/v2\/tags?post=39177"}],"curies":[{"name":"wp","href":"https:\/\/api.w.org\/{rel}","templated":true}]}}