{"id":38823,"date":"2025-06-02T10:02:43","date_gmt":"2025-06-02T08:02:43","guid":{"rendered":"https:\/\/www.italpassion.fr\/?p=38823"},"modified":"2025-06-02T10:06:48","modified_gmt":"2025-06-02T08:06:48","slug":"wir-waren-auf-den-delta-days-hier-sind-die-spektakularsten-lancia-delta-in-bildern","status":"publish","type":"post","link":"https:\/\/www.italpassion.fr\/de\/lancia\/on-etait-aux-delta-days-voici-les-lancia-delta-les-plus-spectaculaires-en-images\/","title":{"rendered":"Wir waren bei den Delta Days: Hier sind die spektakul\u00e4rsten Lancia Delta in Bildern!"},"content":{"rendered":"<figure class=\"wp-block-image size-full\"><img loading=\"lazy\" decoding=\"async\" width=\"1200\" height=\"800\" src=\"https:\/\/www.italpassion.fr\/wp-content\/uploads\/2025\/06\/lancia-delta-days-thumn.jpg\" alt=\"\" class=\"wp-image-38840\" srcset=\"https:\/\/www.italpassion.fr\/wp-content\/uploads\/2025\/06\/lancia-delta-days-thumn.jpg 1200w, https:\/\/www.italpassion.fr\/wp-content\/uploads\/2025\/06\/lancia-delta-days-thumn-420x280.jpg 420w, https:\/\/www.italpassion.fr\/wp-content\/uploads\/2025\/06\/lancia-delta-days-thumn-768x512.jpg 768w, https:\/\/www.italpassion.fr\/wp-content\/uploads\/2025\/06\/lancia-delta-days-thumn-18x12.jpg 18w\" sizes=\"auto, (max-width: 1200px) 100vw, 1200px\" \/><\/figure>\n\n\n\n<p><strong>Die Scuderia Lancia Int\u00e9grale, die 2001 gegr\u00fcndet wurde und ihren Sitz in S\u00fcdostfrankreich hat, organisierte die erste Ausgabe der \"Delta Days\", ein gro\u00dfes Treffen, das den <a href=\"https:\/\/www.italpassion.fr\/de\/lancia\/\">Lancia<\/a> Delta.<\/strong> Ein Ereignis, das es auf dieser Seite der Alpen noch nie gegeben hatte. Das Herzst\u00fcck dieses Treffens befand sich in der Gemeinde Roquebilli\u00e8re im V\u00e9subie-Tal. Im Herzen dieses Rallye-Landes, wo sich der legend\u00e4re Col du Turini befindet, war eine Hommage an die K\u00f6nigin der Gruppe A angebracht.<\/p>\n\n\n\n<p><strong>Zu dieser ersten Veranstaltung wurden fast 120 Lancia Delta erwartet.<\/strong> Aus verschiedenen administrativen Gr\u00fcnden konnten die historische Auffahrt auf den Col du Turini und die Taufen nicht stattfinden, aber die Scuderia plant, diese Veranstaltung zu wiederholen und sie zu vergr\u00f6\u00dfern. Das ist alles, was wir ihnen w\u00fcnschen, denn ihre Sympathie wird nur von der Qualit\u00e4t der pr\u00e4sentierten Autos \u00fcbertroffen! <strong>Ein Beweis f\u00fcr das Interesse an dieser Initiative war, dass unter den Teilnehmern auch ein gewisser Raul Marchisio, ein ehemaliger Rallyefahrer, war,<\/strong> bei Jugendlichen bekannt als GMKs Sidekick in vielen Videos.<\/p>\n\n\n\n<p>Zur Erinnerung: Der Lancia Delta kam 1979 auf den Markt. Die klassische Limousine wurde immer beliebter, als 1983 der HF Turbo, 1986 der HF 4WD und 1987 der HF Integrale hinzukamen, der nach dem abrupten Ende der Gruppe B zur Speerspitze der Marke im Rallyesport wurde. Der Delta wurde 1989 mit 16 Ventilen ausgestattet und 1991 mit Evoluzione 1 und 1993 mit Evoluzione 2 weiterentwickelt. Im Rallyesport kam der Delta 1985 mit dem S4 in die Gruppe B, aber es war die \u00c4ra der Gruppe A, in der der Delta seine Legende schrieb, mit Fahrertiteln von Biasion (1988, 1989) und Kankkunen (1991), aber vor allem sechs aufeinanderfolgenden Herstellertiteln zwischen 1987 und 1992.<\/p>\n\n\n\n<h2 class=\"wp-block-heading\">Hier sind einige Perlen, die bei dieser Zusammenkunft gesichtet wurden<\/h2>\n\n\n\n<p><strong>Dies ist das Auto von \"Boss\" Marco, ein Modell aus dem Jahr 1994, aber immer noch in der Konfiguration Evolution 1, das aus Japan importiert wurde. <\/strong>Die Evolution ist sofort an den verbreiterten Kotfl\u00fcgeln und dem Heckspoiler oben auf der Heckklappe zu erkennen. Die Farbe und die Verzierungen wurden in Italien hergestellt, w\u00e4hrend die Mechanik einige kleine Optimierungen erfuhr, um 215 PS zu erreichen, fast so viel wie die Evolution 2.<\/p>\n\n\n\n<figure class=\"wp-block-image size-full\"><img loading=\"lazy\" decoding=\"async\" width=\"1200\" height=\"800\" src=\"https:\/\/www.italpassion.fr\/wp-content\/uploads\/2025\/06\/lancia-delta-days-1.jpg\" alt=\"\" class=\"wp-image-38824\" srcset=\"https:\/\/www.italpassion.fr\/wp-content\/uploads\/2025\/06\/lancia-delta-days-1.jpg 1200w, https:\/\/www.italpassion.fr\/wp-content\/uploads\/2025\/06\/lancia-delta-days-1-420x280.jpg 420w, https:\/\/www.italpassion.fr\/wp-content\/uploads\/2025\/06\/lancia-delta-days-1-768x512.jpg 768w, https:\/\/www.italpassion.fr\/wp-content\/uploads\/2025\/06\/lancia-delta-days-1-18x12.jpg 18w\" sizes=\"auto, (max-width: 1200px) 100vw, 1200px\" \/><figcaption class=\"wp-element-caption\">Foto Nicolas Anderbegani f\u00fcr Italpassion<\/figcaption><\/figure>\n\n\n\n<figure class=\"wp-block-image size-full\"><img loading=\"lazy\" decoding=\"async\" width=\"1200\" height=\"800\" src=\"https:\/\/www.italpassion.fr\/wp-content\/uploads\/2025\/06\/lancia-delta-days-2.jpg\" alt=\"\" class=\"wp-image-38825\" srcset=\"https:\/\/www.italpassion.fr\/wp-content\/uploads\/2025\/06\/lancia-delta-days-2.jpg 1200w, https:\/\/www.italpassion.fr\/wp-content\/uploads\/2025\/06\/lancia-delta-days-2-420x280.jpg 420w, https:\/\/www.italpassion.fr\/wp-content\/uploads\/2025\/06\/lancia-delta-days-2-768x512.jpg 768w, https:\/\/www.italpassion.fr\/wp-content\/uploads\/2025\/06\/lancia-delta-days-2-18x12.jpg 18w\" sizes=\"auto, (max-width: 1200px) 100vw, 1200px\" \/><figcaption class=\"wp-element-caption\">Foto Nicolas Anderbegani f\u00fcr Italpassion<\/figcaption><\/figure>\n\n\n\n<figure class=\"wp-block-image size-full\"><img loading=\"lazy\" decoding=\"async\" width=\"1200\" height=\"800\" src=\"https:\/\/www.italpassion.fr\/wp-content\/uploads\/2025\/06\/lancia-delta-days-3.jpg\" alt=\"\" class=\"wp-image-38826\" srcset=\"https:\/\/www.italpassion.fr\/wp-content\/uploads\/2025\/06\/lancia-delta-days-3.jpg 1200w, https:\/\/www.italpassion.fr\/wp-content\/uploads\/2025\/06\/lancia-delta-days-3-420x280.jpg 420w, https:\/\/www.italpassion.fr\/wp-content\/uploads\/2025\/06\/lancia-delta-days-3-768x512.jpg 768w, https:\/\/www.italpassion.fr\/wp-content\/uploads\/2025\/06\/lancia-delta-days-3-18x12.jpg 18w\" sizes=\"auto, (max-width: 1200px) 100vw, 1200px\" \/><figcaption class=\"wp-element-caption\">Foto Nicolas Anderbegani f\u00fcr Italpassion<\/figcaption><\/figure>\n\n\n\n<p>Sehr sch\u00f6ne Evolution 1 (210 PS bei 5750 U\/min und 300 Nm Drehmoment), <strong>mit einigen kleinen Abziehbildern und vor allem einem sehr sch\u00f6nen dunkelblauen Farbton,<\/strong> die nicht original ist und auch nicht im damaligen Katalog aufgef\u00fchrt war.<\/p>\n\n\n\n<figure class=\"wp-block-image size-full\"><img loading=\"lazy\" decoding=\"async\" width=\"1200\" height=\"800\" src=\"https:\/\/www.italpassion.fr\/wp-content\/uploads\/2025\/06\/lancia-delta-days-5.jpg\" alt=\"\" class=\"wp-image-38828\" srcset=\"https:\/\/www.italpassion.fr\/wp-content\/uploads\/2025\/06\/lancia-delta-days-5.jpg 1200w, https:\/\/www.italpassion.fr\/wp-content\/uploads\/2025\/06\/lancia-delta-days-5-420x280.jpg 420w, https:\/\/www.italpassion.fr\/wp-content\/uploads\/2025\/06\/lancia-delta-days-5-768x512.jpg 768w, https:\/\/www.italpassion.fr\/wp-content\/uploads\/2025\/06\/lancia-delta-days-5-18x12.jpg 18w\" sizes=\"auto, (max-width: 1200px) 100vw, 1200px\" \/><figcaption class=\"wp-element-caption\">Foto Nicolas Anderbegani f\u00fcr Italpassion<\/figcaption><\/figure>\n\n\n\n<figure class=\"wp-block-image size-full\"><img loading=\"lazy\" decoding=\"async\" width=\"1200\" height=\"800\" src=\"https:\/\/www.italpassion.fr\/wp-content\/uploads\/2025\/06\/lancia-delta-days-4.jpg\" alt=\"\" class=\"wp-image-38827\" srcset=\"https:\/\/www.italpassion.fr\/wp-content\/uploads\/2025\/06\/lancia-delta-days-4.jpg 1200w, https:\/\/www.italpassion.fr\/wp-content\/uploads\/2025\/06\/lancia-delta-days-4-420x280.jpg 420w, https:\/\/www.italpassion.fr\/wp-content\/uploads\/2025\/06\/lancia-delta-days-4-768x512.jpg 768w, https:\/\/www.italpassion.fr\/wp-content\/uploads\/2025\/06\/lancia-delta-days-4-18x12.jpg 18w\" sizes=\"auto, (max-width: 1200px) 100vw, 1200px\" \/><figcaption class=\"wp-element-caption\">Foto Nicolas Anderbegani f\u00fcr Italpassion<\/figcaption><\/figure>\n\n\n\n<p><strong>Diesen Delta Int\u00e9grale HF 16V \"Fina\" konnten wir uns nicht entgehen lassen, denn er nahm einfach an der Rallye-Weltmeisterschaft 1991 teil. <\/strong>Er wurde vom Jolly Club eingesetzt, w\u00e4hrend die \"Werks\"-Deltas nat\u00fcrlich die ber\u00fchmte Martini-Lackierung hatten. Wie an der T\u00fcr zu sehen ist, wurde der in Torino zugelassene Delta Nr. 6 von Didier Auriol und Bernard Occelli bei der Akropolis-Rallye gefahren, die er auf dem vierten Platz beendete. Dieses Modell ist im Besitz von Raul Marchisio. Direkt davor ist der HF Int\u00e9grale Evoluzione zu sehen, der 1992, im letzten Jahr von Lancias offiziellem Engagement in der Weltmeisterschaft, gefahren wurde.<\/p>\n\n\n\n<figure class=\"wp-block-image size-full\"><img loading=\"lazy\" decoding=\"async\" width=\"1200\" height=\"662\" src=\"https:\/\/www.italpassion.fr\/wp-content\/uploads\/2025\/06\/lancia-delta-days-6.jpg\" alt=\"\" class=\"wp-image-38829\" srcset=\"https:\/\/www.italpassion.fr\/wp-content\/uploads\/2025\/06\/lancia-delta-days-6.jpg 1200w, https:\/\/www.italpassion.fr\/wp-content\/uploads\/2025\/06\/lancia-delta-days-6-420x232.jpg 420w, https:\/\/www.italpassion.fr\/wp-content\/uploads\/2025\/06\/lancia-delta-days-6-768x424.jpg 768w, https:\/\/www.italpassion.fr\/wp-content\/uploads\/2025\/06\/lancia-delta-days-6-18x10.jpg 18w\" sizes=\"auto, (max-width: 1200px) 100vw, 1200px\" \/><figcaption class=\"wp-element-caption\">Foto Nicolas Anderbegani f\u00fcr Italpassion<\/figcaption><\/figure>\n\n\n\n<figure class=\"wp-block-image size-full\"><img loading=\"lazy\" decoding=\"async\" width=\"1200\" height=\"800\" src=\"https:\/\/www.italpassion.fr\/wp-content\/uploads\/2025\/06\/lancia-delta-days-7.jpg\" alt=\"\" class=\"wp-image-38830\" srcset=\"https:\/\/www.italpassion.fr\/wp-content\/uploads\/2025\/06\/lancia-delta-days-7.jpg 1200w, https:\/\/www.italpassion.fr\/wp-content\/uploads\/2025\/06\/lancia-delta-days-7-420x280.jpg 420w, https:\/\/www.italpassion.fr\/wp-content\/uploads\/2025\/06\/lancia-delta-days-7-768x512.jpg 768w, https:\/\/www.italpassion.fr\/wp-content\/uploads\/2025\/06\/lancia-delta-days-7-18x12.jpg 18w\" sizes=\"auto, (max-width: 1200px) 100vw, 1200px\" \/><\/figure>\n\n\n\n<p>Es handelt sich um einen sehr sch\u00f6nen HF Integrale \"Evoluzione\" aus Italien, der das Dekor, die Sponsoren und das Design der ab 1992 eingesetzten Gruppe-A-Fahrzeuge \u00fcbernimmt, die sich vor allem durch die profilierten R\u00fcckspiegel unterscheiden. Allerdings wurden an der Vorderseite Radabweiser angebracht.<\/p>\n\n\n\n<figure class=\"wp-block-image size-full\"><img loading=\"lazy\" decoding=\"async\" width=\"1200\" height=\"800\" src=\"https:\/\/www.italpassion.fr\/wp-content\/uploads\/2025\/06\/lancia-delta-days-9.jpg\" alt=\"\" class=\"wp-image-38831\" srcset=\"https:\/\/www.italpassion.fr\/wp-content\/uploads\/2025\/06\/lancia-delta-days-9.jpg 1200w, https:\/\/www.italpassion.fr\/wp-content\/uploads\/2025\/06\/lancia-delta-days-9-420x280.jpg 420w, https:\/\/www.italpassion.fr\/wp-content\/uploads\/2025\/06\/lancia-delta-days-9-768x512.jpg 768w, https:\/\/www.italpassion.fr\/wp-content\/uploads\/2025\/06\/lancia-delta-days-9-18x12.jpg 18w\" sizes=\"auto, (max-width: 1200px) 100vw, 1200px\" \/><figcaption class=\"wp-element-caption\">Foto Nicolas Anderbegani f\u00fcr Italpassion<\/figcaption><\/figure>\n\n\n\n<figure class=\"wp-block-image size-full\"><img loading=\"lazy\" decoding=\"async\" width=\"1200\" height=\"800\" src=\"https:\/\/www.italpassion.fr\/wp-content\/uploads\/2025\/06\/lancia-delta-days-10.jpg\" alt=\"\" class=\"wp-image-38832\" srcset=\"https:\/\/www.italpassion.fr\/wp-content\/uploads\/2025\/06\/lancia-delta-days-10.jpg 1200w, https:\/\/www.italpassion.fr\/wp-content\/uploads\/2025\/06\/lancia-delta-days-10-420x280.jpg 420w, https:\/\/www.italpassion.fr\/wp-content\/uploads\/2025\/06\/lancia-delta-days-10-768x512.jpg 768w, https:\/\/www.italpassion.fr\/wp-content\/uploads\/2025\/06\/lancia-delta-days-10-18x12.jpg 18w\" sizes=\"auto, (max-width: 1200px) 100vw, 1200px\" \/><figcaption class=\"wp-element-caption\">Foto Nicolas Anderbegani f\u00fcr Italpassion<\/figcaption><\/figure>\n\n\n\n<p><strong>Die HF Int\u00e9grale Evoluzione waren stark vertreten, sowohl in der Version 1 als auch in der Version 2, mit einer sch\u00f6nen Vielfalt an Farbt\u00f6nen,<\/strong> darunter schwarze, rote und gelbe, einige davon mit Lederinnenausstattung. Der gelbe Gialla Ginestra ist ein Evo 2 und eine der letzten Sonderserien, die produziert wurden. Auff\u00e4llig sind die bl\u00e4uliche Solextra-Verglasung und eine gediegenere, besser verarbeitete Innenausstattung. Der wei\u00dfe ist eine Sonderserie zum \"5. Rallye-Weltmeister\", die seit Ende Januar 1992 zur Feier des f\u00fcnften Gewinns der Konstrukteursmeisterschaft durch den Delta vermarktet wird. Als Hauptmotto hatte diese Sonderversion das Martini-Dekor sowie eine Klimaanlage - ja, es gibt einen gewissen Komfort im Purismus -, ABS und Vordersitze mit schwarzem Alcantara-Stoff. <\/p>\n\n\n\n<figure class=\"wp-block-image size-full\"><img loading=\"lazy\" decoding=\"async\" width=\"1200\" height=\"800\" src=\"https:\/\/www.italpassion.fr\/wp-content\/uploads\/2025\/06\/lancia-delta-11.jpg\" alt=\"\" class=\"wp-image-38833\" srcset=\"https:\/\/www.italpassion.fr\/wp-content\/uploads\/2025\/06\/lancia-delta-11.jpg 1200w, https:\/\/www.italpassion.fr\/wp-content\/uploads\/2025\/06\/lancia-delta-11-420x280.jpg 420w, https:\/\/www.italpassion.fr\/wp-content\/uploads\/2025\/06\/lancia-delta-11-768x512.jpg 768w, https:\/\/www.italpassion.fr\/wp-content\/uploads\/2025\/06\/lancia-delta-11-18x12.jpg 18w\" sizes=\"auto, (max-width: 1200px) 100vw, 1200px\" \/><figcaption class=\"wp-element-caption\">Foto Nicolas Anderbegani f\u00fcr Italpassion<\/figcaption><\/figure>\n\n\n\n<figure class=\"wp-block-image size-full\"><img loading=\"lazy\" decoding=\"async\" width=\"1200\" height=\"800\" src=\"https:\/\/www.italpassion.fr\/wp-content\/uploads\/2025\/06\/lancia-delta-days-12.jpg\" alt=\"\" class=\"wp-image-38834\" srcset=\"https:\/\/www.italpassion.fr\/wp-content\/uploads\/2025\/06\/lancia-delta-days-12.jpg 1200w, https:\/\/www.italpassion.fr\/wp-content\/uploads\/2025\/06\/lancia-delta-days-12-420x280.jpg 420w, https:\/\/www.italpassion.fr\/wp-content\/uploads\/2025\/06\/lancia-delta-days-12-768x512.jpg 768w, https:\/\/www.italpassion.fr\/wp-content\/uploads\/2025\/06\/lancia-delta-days-12-18x12.jpg 18w\" sizes=\"auto, (max-width: 1200px) 100vw, 1200px\" \/><figcaption class=\"wp-element-caption\">Foto Nicolas Anderbegani f\u00fcr Italpassion<\/figcaption><\/figure>\n\n\n\n<figure class=\"wp-block-image size-full\"><img loading=\"lazy\" decoding=\"async\" width=\"1200\" height=\"800\" src=\"https:\/\/www.italpassion.fr\/wp-content\/uploads\/2025\/06\/lancia-delta-days.jpg\" alt=\"\" class=\"wp-image-38835\" srcset=\"https:\/\/www.italpassion.fr\/wp-content\/uploads\/2025\/06\/lancia-delta-days.jpg 1200w, https:\/\/www.italpassion.fr\/wp-content\/uploads\/2025\/06\/lancia-delta-days-420x280.jpg 420w, https:\/\/www.italpassion.fr\/wp-content\/uploads\/2025\/06\/lancia-delta-days-768x512.jpg 768w, https:\/\/www.italpassion.fr\/wp-content\/uploads\/2025\/06\/lancia-delta-days-18x12.jpg 18w\" sizes=\"auto, (max-width: 1200px) 100vw, 1200px\" \/><figcaption class=\"wp-element-caption\">Foto Nicolas Anderbegani f\u00fcr Italpassion<\/figcaption><\/figure>\n\n\n\n<figure class=\"wp-block-image size-full\"><img loading=\"lazy\" decoding=\"async\" width=\"1200\" height=\"800\" src=\"https:\/\/www.italpassion.fr\/wp-content\/uploads\/2025\/06\/lancia-delta-days-14.jpg\" alt=\"\" class=\"wp-image-38836\" srcset=\"https:\/\/www.italpassion.fr\/wp-content\/uploads\/2025\/06\/lancia-delta-days-14.jpg 1200w, https:\/\/www.italpassion.fr\/wp-content\/uploads\/2025\/06\/lancia-delta-days-14-420x280.jpg 420w, https:\/\/www.italpassion.fr\/wp-content\/uploads\/2025\/06\/lancia-delta-days-14-768x512.jpg 768w, https:\/\/www.italpassion.fr\/wp-content\/uploads\/2025\/06\/lancia-delta-days-14-18x12.jpg 18w\" sizes=\"auto, (max-width: 1200px) 100vw, 1200px\" \/><figcaption class=\"wp-element-caption\">Foto Nicolas Anderbegani f\u00fcr Italpassion<\/figcaption><\/figure>\n\n\n\n<p>Der Delta HF Turbo bereitete gewisserma\u00dfen den Boden f\u00fcr die Legende, auch wenn er sp\u00e4ter vom Integrale in den Schatten gestellt wurde. Der 1585 cm3 gro\u00dfe Block erreichte in der HF-Version dank des Garrett T3 Turbo 130 PS, w\u00e4hrend die Saugversion (der GT) 105 PS leistete.<\/p>\n\n\n\n<p><strong>Hier ist der Lancia delta hf turbo ie mit dem ber\u00fchmten Martini Racing Kit ausgestattet, das 1984 von Chardonnet entwickelt worden war,<\/strong> Der bekannte Importeur von Lancia und Autobianchi: Neben den Kotfl\u00fcgeln und dem Aero-Kit gab es die ber\u00fchmten Martini-Racing-Linien auch auf dem Lenkrad und Doppelscheinwerfer. <\/p>\n\n\n\n<figure class=\"wp-block-image size-full\"><img loading=\"lazy\" decoding=\"async\" width=\"1200\" height=\"800\" src=\"https:\/\/www.italpassion.fr\/wp-content\/uploads\/2025\/06\/lancia-delta-days-15.jpg\" alt=\"\" class=\"wp-image-38837\" srcset=\"https:\/\/www.italpassion.fr\/wp-content\/uploads\/2025\/06\/lancia-delta-days-15.jpg 1200w, https:\/\/www.italpassion.fr\/wp-content\/uploads\/2025\/06\/lancia-delta-days-15-420x280.jpg 420w, https:\/\/www.italpassion.fr\/wp-content\/uploads\/2025\/06\/lancia-delta-days-15-768x512.jpg 768w, https:\/\/www.italpassion.fr\/wp-content\/uploads\/2025\/06\/lancia-delta-days-15-18x12.jpg 18w\" sizes=\"auto, (max-width: 1200px) 100vw, 1200px\" \/><figcaption class=\"wp-element-caption\">Foto Nicolas Anderbegani f\u00fcr Italpassion<\/figcaption><\/figure>\n\n\n\n<figure class=\"wp-block-image size-full\"><img loading=\"lazy\" decoding=\"async\" width=\"1200\" height=\"800\" src=\"https:\/\/www.italpassion.fr\/wp-content\/uploads\/2025\/06\/lancia-delta-days-16.jpg\" alt=\"\" class=\"wp-image-38838\" srcset=\"https:\/\/www.italpassion.fr\/wp-content\/uploads\/2025\/06\/lancia-delta-days-16.jpg 1200w, https:\/\/www.italpassion.fr\/wp-content\/uploads\/2025\/06\/lancia-delta-days-16-420x280.jpg 420w, https:\/\/www.italpassion.fr\/wp-content\/uploads\/2025\/06\/lancia-delta-days-16-768x512.jpg 768w, https:\/\/www.italpassion.fr\/wp-content\/uploads\/2025\/06\/lancia-delta-days-16-18x12.jpg 18w\" sizes=\"auto, (max-width: 1200px) 100vw, 1200px\" \/><figcaption class=\"wp-element-caption\">Foto Nicolas Anderbegani f\u00fcr Italpassion<\/figcaption><\/figure>\n\n\n\n<p>Da die Taufen nicht stattfinden konnten, haben die Mitglieder des Clubs zusammen mit dem Verein einen Scheck \u00fcber 2000 \u20ac f\u00fcr die ASBH, die Association Nationale Spinda Bifida et Handicaps, ausgestellt.<\/p>\n\n\n\n<figure class=\"wp-block-embed is-type-video is-provider-youtube wp-block-embed-youtube wp-embed-aspect-16-9 wp-has-aspect-ratio\"><div class=\"wp-block-embed__wrapper\">\n<iframe loading=\"lazy\" title=\"DELTA DAYS: DAS LANCIA DELTA INTEGRALE FESTIVAL IM 06!\" width=\"1200\" height=\"675\" src=\"https:\/\/www.youtube-nocookie.com\/embed\/PkvkTPQ4D4A?feature=oembed\" frameborder=\"0\" allow=\"accelerometer; autoplay; clipboard-write; encrypted-media; gyroscope; picture-in-picture; web-share\" referrerpolicy=\"strict-origin-when-cross-origin\" allowfullscreen><\/iframe>\n<\/div><\/figure>","protected":false},"excerpt":{"rendered":"","protected":false},"author":8,"featured_media":38840,"comment_status":"open","ping_status":"open","sticky":false,"template":"","format":"standard","meta":{"_acf_changed":false,"_sitemap_exclude":false,"_sitemap_priority":"","_sitemap_frequency":"","footnotes":""},"categories":[26],"tags":[],"class_list":["post-38823","post","type-post","status-publish","format-standard","has-post-thumbnail","hentry","category-lancia","generate-columns","tablet-grid-50","mobile-grid-100","grid-parent","grid-33"],"acf":[],"yoast_head":"<!-- This site is optimized with the Yoast SEO plugin v25.8 - https:\/\/yoast.com\/wordpress\/plugins\/seo\/ -->\n<title>On \u00e9tait aux Delta Days : voici les Lancia Delta les plus spectaculaires en images ! - ItalPassion<\/title>\n<meta name=\"description\" content=\"Cr\u00e9\u00e9e en 2001, la Scuderia Lancia Int\u00e9grale, bas\u00e9e dans le sud-est de la France, organisait la premi\u00e8re \u00e9dition des \u00ab&nbsp;Delta Days&nbsp;\u00bb, un grand\" \/>\n<meta name=\"robots\" content=\"index, follow, max-snippet:-1, max-image-preview:large, max-video-preview:-1\" \/>\n<link rel=\"canonical\" href=\"https:\/\/www.italpassion.fr\/de\/lancia\/wir-waren-auf-den-delta-days-hier-sind-die-spektakularsten-lancia-delta-in-bildern\/\" \/>\n<meta property=\"og:locale\" content=\"de_DE\" \/>\n<meta property=\"og:type\" content=\"article\" \/>\n<meta property=\"og:title\" content=\"On \u00e9tait aux Delta Days : voici les Lancia Delta les plus spectaculaires en images ! - ItalPassion\" \/>\n<meta property=\"og:description\" content=\"Cr\u00e9\u00e9e en 2001, la Scuderia Lancia Int\u00e9grale, bas\u00e9e dans le sud-est de la France, organisait la premi\u00e8re \u00e9dition des \u00ab&nbsp;Delta Days&nbsp;\u00bb, un grand\" \/>\n<meta property=\"og:url\" content=\"https:\/\/www.italpassion.fr\/de\/lancia\/wir-waren-auf-den-delta-days-hier-sind-die-spektakularsten-lancia-delta-in-bildern\/\" \/>\n<meta property=\"og:site_name\" content=\"ItalPassion\" \/>\n<meta property=\"article:publisher\" content=\"https:\/\/www.facebook.com\/italpassion\" \/>\n<meta property=\"article:published_time\" content=\"2025-06-02T08:02:43+00:00\" \/>\n<meta property=\"article:modified_time\" content=\"2025-06-02T08:06:48+00:00\" \/>\n<meta property=\"og:image\" content=\"https:\/\/www.italpassion.fr\/wp-content\/uploads\/2025\/06\/lancia-delta-days-thumn.jpg\" \/>\n\t<meta property=\"og:image:width\" content=\"1200\" \/>\n\t<meta property=\"og:image:height\" content=\"800\" \/>\n\t<meta property=\"og:image:type\" content=\"image\/jpeg\" \/>\n<meta name=\"author\" content=\"Nicolas Anderbegani\" \/>\n<meta name=\"twitter:card\" content=\"summary_large_image\" \/>\n<meta name=\"twitter:creator\" content=\"@italpassion\" \/>\n<meta name=\"twitter:site\" content=\"@italpassion\" \/>\n<script type=\"application\/ld+json\" class=\"yoast-schema-graph\">{\"@context\":\"https:\/\/schema.org\",\"@graph\":[{\"@type\":\"NewsArticle\",\"@id\":\"https:\/\/www.italpassion.fr\/de\/lancia\/on-etait-aux-delta-days-voici-les-lancia-delta-les-plus-spectaculaires-en-images\/#article\",\"isPartOf\":{\"@id\":\"https:\/\/www.italpassion.fr\/de\/lancia\/on-etait-aux-delta-days-voici-les-lancia-delta-les-plus-spectaculaires-en-images\/\"},\"author\":{\"name\":\"Nicolas Anderbegani\",\"@id\":\"https:\/\/www.italpassion.fr\/de\/#\/schema\/person\/efd63d72fc8007741c5836a896805b04\"},\"headline\":\"On \u00e9tait aux Delta Days : voici les Lancia Delta les plus spectaculaires en images !\",\"datePublished\":\"2025-06-02T08:02:43+00:00\",\"dateModified\":\"2025-06-02T08:06:48+00:00\",\"mainEntityOfPage\":{\"@id\":\"https:\/\/www.italpassion.fr\/de\/lancia\/on-etait-aux-delta-days-voici-les-lancia-delta-les-plus-spectaculaires-en-images\/\"},\"wordCount\":1032,\"commentCount\":0,\"publisher\":{\"@id\":\"https:\/\/www.italpassion.fr\/de\/#organization\"},\"image\":{\"@id\":\"https:\/\/www.italpassion.fr\/de\/lancia\/on-etait-aux-delta-days-voici-les-lancia-delta-les-plus-spectaculaires-en-images\/#primaryimage\"},\"thumbnailUrl\":\"https:\/\/www.italpassion.fr\/wp-content\/uploads\/2025\/06\/lancia-delta-days-thumn.jpg\",\"articleSection\":[\"Lancia\"],\"inLanguage\":\"de\",\"potentialAction\":[{\"@type\":\"CommentAction\",\"name\":\"Comment\",\"target\":[\"https:\/\/www.italpassion.fr\/de\/lancia\/on-etait-aux-delta-days-voici-les-lancia-delta-les-plus-spectaculaires-en-images\/#respond\"]}]},{\"@type\":\"WebPage\",\"@id\":\"https:\/\/www.italpassion.fr\/de\/lancia\/on-etait-aux-delta-days-voici-les-lancia-delta-les-plus-spectaculaires-en-images\/\",\"url\":\"https:\/\/www.italpassion.fr\/de\/lancia\/on-etait-aux-delta-days-voici-les-lancia-delta-les-plus-spectaculaires-en-images\/\",\"name\":\"On \u00e9tait aux Delta Days : voici les Lancia Delta les plus spectaculaires en images ! - ItalPassion\",\"isPartOf\":{\"@id\":\"https:\/\/www.italpassion.fr\/de\/#website\"},\"primaryImageOfPage\":{\"@id\":\"https:\/\/www.italpassion.fr\/de\/lancia\/on-etait-aux-delta-days-voici-les-lancia-delta-les-plus-spectaculaires-en-images\/#primaryimage\"},\"image\":{\"@id\":\"https:\/\/www.italpassion.fr\/de\/lancia\/on-etait-aux-delta-days-voici-les-lancia-delta-les-plus-spectaculaires-en-images\/#primaryimage\"},\"thumbnailUrl\":\"https:\/\/www.italpassion.fr\/wp-content\/uploads\/2025\/06\/lancia-delta-days-thumn.jpg\",\"datePublished\":\"2025-06-02T08:02:43+00:00\",\"dateModified\":\"2025-06-02T08:06:48+00:00\",\"description\":\"Cr\u00e9\u00e9e en 2001, la Scuderia Lancia Int\u00e9grale, bas\u00e9e dans le sud-est de la France, organisait la premi\u00e8re \u00e9dition des \u00ab&nbsp;Delta Days&nbsp;\u00bb, un grand\",\"breadcrumb\":{\"@id\":\"https:\/\/www.italpassion.fr\/de\/lancia\/on-etait-aux-delta-days-voici-les-lancia-delta-les-plus-spectaculaires-en-images\/#breadcrumb\"},\"inLanguage\":\"de\",\"potentialAction\":[{\"@type\":\"ReadAction\",\"target\":[\"https:\/\/www.italpassion.fr\/de\/lancia\/on-etait-aux-delta-days-voici-les-lancia-delta-les-plus-spectaculaires-en-images\/\"]}]},{\"@type\":\"ImageObject\",\"inLanguage\":\"de\",\"@id\":\"https:\/\/www.italpassion.fr\/de\/lancia\/on-etait-aux-delta-days-voici-les-lancia-delta-les-plus-spectaculaires-en-images\/#primaryimage\",\"url\":\"https:\/\/www.italpassion.fr\/wp-content\/uploads\/2025\/06\/lancia-delta-days-thumn.jpg\",\"contentUrl\":\"https:\/\/www.italpassion.fr\/wp-content\/uploads\/2025\/06\/lancia-delta-days-thumn.jpg\",\"width\":1200,\"height\":800},{\"@type\":\"BreadcrumbList\",\"@id\":\"https:\/\/www.italpassion.fr\/de\/lancia\/on-etait-aux-delta-days-voici-les-lancia-delta-les-plus-spectaculaires-en-images\/#breadcrumb\",\"itemListElement\":[{\"@type\":\"ListItem\",\"position\":1,\"name\":\"Accueil\",\"item\":\"https:\/\/www.italpassion.fr\/de\/\"},{\"@type\":\"ListItem\",\"position\":2,\"name\":\"On \u00e9tait aux Delta Days : voici les Lancia Delta les plus spectaculaires en images !\"}]},{\"@type\":\"WebSite\",\"@id\":\"https:\/\/www.italpassion.fr\/de\/#website\",\"url\":\"https:\/\/www.italpassion.fr\/de\/\",\"name\":\"ItalPassion\",\"description\":\"Les Passionn\u00e9s d&#039;Automobiles Italiennes\",\"publisher\":{\"@id\":\"https:\/\/www.italpassion.fr\/de\/#organization\"},\"potentialAction\":[{\"@type\":\"SearchAction\",\"target\":{\"@type\":\"EntryPoint\",\"urlTemplate\":\"https:\/\/www.italpassion.fr\/de\/?s={search_term_string}\"},\"query-input\":{\"@type\":\"PropertyValueSpecification\",\"valueRequired\":true,\"valueName\":\"search_term_string\"}}],\"inLanguage\":\"de\"},{\"@type\":\"Organization\",\"@id\":\"https:\/\/www.italpassion.fr\/de\/#organization\",\"name\":\"Italpassion\",\"url\":\"https:\/\/www.italpassion.fr\/de\/\",\"logo\":{\"@type\":\"ImageObject\",\"inLanguage\":\"de\",\"@id\":\"https:\/\/www.italpassion.fr\/de\/#\/schema\/logo\/image\/\",\"url\":\"https:\/\/www.italpassion.fr\/wp-content\/uploads\/2023\/07\/italpassion-yoast.jpg\",\"contentUrl\":\"https:\/\/www.italpassion.fr\/wp-content\/uploads\/2023\/07\/italpassion-yoast.jpg\",\"width\":696,\"height\":696,\"caption\":\"Italpassion\"},\"image\":{\"@id\":\"https:\/\/www.italpassion.fr\/de\/#\/schema\/logo\/image\/\"},\"sameAs\":[\"https:\/\/www.facebook.com\/italpassion\",\"https:\/\/x.com\/italpassion\",\"https:\/\/www.instagram.com\/italpassionfr\/\",\"https:\/\/www.youtube.com\/channel\/UCleq-ByQaA42OjhopwevRjQ\",\"https:\/\/www.facebook.com\/italpassion.en\/\",\"https:\/\/www.facebook.com\/italpassion.it\/\",\"https:\/\/www.facebook.com\/italpassion.de\/\",\"https:\/\/www.facebook.com\/italpassion.ja\/\"]},{\"@type\":\"Person\",\"@id\":\"https:\/\/www.italpassion.fr\/de\/#\/schema\/person\/efd63d72fc8007741c5836a896805b04\",\"name\":\"Nicolas Anderbegani\",\"image\":{\"@type\":\"ImageObject\",\"inLanguage\":\"de\",\"@id\":\"https:\/\/www.italpassion.fr\/de\/#\/schema\/person\/image\/\",\"url\":\"https:\/\/www.italpassion.fr\/wp-content\/uploads\/2025\/05\/nicolas-anderbegani-160x160.jpg\",\"contentUrl\":\"https:\/\/www.italpassion.fr\/wp-content\/uploads\/2025\/05\/nicolas-anderbegani-160x160.jpg\",\"caption\":\"Nicolas Anderbegani\"},\"description\":\"Nicolas est passionn\u00e9 d\u2019histoire et de sport automobile. Il roule en Alfa Romeo Giulietta et vous partagera avec vous sa passion de l\u2019automobile italienne.\",\"url\":\"https:\/\/www.italpassion.fr\/de\/author\/nicolas\/\"}]}<\/script>\n<!-- \/ Yoast SEO plugin. -->","yoast_head_json":{"title":"Wir waren bei den Delta Days: Hier sind die spektakul\u00e4rsten Lancia Delta in Bildern! - ItalPassion","description":"Die Scuderia Lancia Int\u00e9grale, die 2001 gegr\u00fcndet wurde und ihren Sitz im S\u00fcdosten Frankreichs hat, organisierte die erste Ausgabe der \"Delta Days\", eine gro\u00dfe","robots":{"index":"index","follow":"follow","max-snippet":"max-snippet:-1","max-image-preview":"max-image-preview:large","max-video-preview":"max-video-preview:-1"},"canonical":"https:\/\/www.italpassion.fr\/de\/lancia\/wir-waren-auf-den-delta-days-hier-sind-die-spektakularsten-lancia-delta-in-bildern\/","og_locale":"de_DE","og_type":"article","og_title":"On \u00e9tait aux Delta Days : voici les Lancia Delta les plus spectaculaires en images ! - ItalPassion","og_description":"Cr\u00e9\u00e9e en 2001, la Scuderia Lancia Int\u00e9grale, bas\u00e9e dans le sud-est de la France, organisait la premi\u00e8re \u00e9dition des \u00ab&nbsp;Delta Days&nbsp;\u00bb, un grand","og_url":"https:\/\/www.italpassion.fr\/de\/lancia\/wir-waren-auf-den-delta-days-hier-sind-die-spektakularsten-lancia-delta-in-bildern\/","og_site_name":"ItalPassion","article_publisher":"https:\/\/www.facebook.com\/italpassion","article_published_time":"2025-06-02T08:02:43+00:00","article_modified_time":"2025-06-02T08:06:48+00:00","og_image":[{"width":1200,"height":800,"url":"https:\/\/www.italpassion.fr\/wp-content\/uploads\/2025\/06\/lancia-delta-days-thumn.jpg","type":"image\/jpeg"}],"author":"Nicolas Anderbegani","twitter_card":"summary_large_image","twitter_creator":"@italpassion","twitter_site":"@italpassion","schema":{"@context":"https:\/\/schema.org","@graph":[{"@type":"NewsArticle","@id":"https:\/\/www.italpassion.fr\/de\/lancia\/on-etait-aux-delta-days-voici-les-lancia-delta-les-plus-spectaculaires-en-images\/#article","isPartOf":{"@id":"https:\/\/www.italpassion.fr\/de\/lancia\/on-etait-aux-delta-days-voici-les-lancia-delta-les-plus-spectaculaires-en-images\/"},"author":{"name":"Nicolas Anderbegani","@id":"https:\/\/www.italpassion.fr\/de\/#\/schema\/person\/efd63d72fc8007741c5836a896805b04"},"headline":"On \u00e9tait aux Delta Days : voici les Lancia Delta les plus spectaculaires en images !","datePublished":"2025-06-02T08:02:43+00:00","dateModified":"2025-06-02T08:06:48+00:00","mainEntityOfPage":{"@id":"https:\/\/www.italpassion.fr\/de\/lancia\/on-etait-aux-delta-days-voici-les-lancia-delta-les-plus-spectaculaires-en-images\/"},"wordCount":1032,"commentCount":0,"publisher":{"@id":"https:\/\/www.italpassion.fr\/de\/#organization"},"image":{"@id":"https:\/\/www.italpassion.fr\/de\/lancia\/on-etait-aux-delta-days-voici-les-lancia-delta-les-plus-spectaculaires-en-images\/#primaryimage"},"thumbnailUrl":"https:\/\/www.italpassion.fr\/wp-content\/uploads\/2025\/06\/lancia-delta-days-thumn.jpg","articleSection":["Lancia"],"inLanguage":"de","potentialAction":[{"@type":"CommentAction","name":"Comment","target":["https:\/\/www.italpassion.fr\/de\/lancia\/on-etait-aux-delta-days-voici-les-lancia-delta-les-plus-spectaculaires-en-images\/#respond"]}]},{"@type":"WebPage","@id":"https:\/\/www.italpassion.fr\/de\/lancia\/on-etait-aux-delta-days-voici-les-lancia-delta-les-plus-spectaculaires-en-images\/","url":"https:\/\/www.italpassion.fr\/de\/lancia\/on-etait-aux-delta-days-voici-les-lancia-delta-les-plus-spectaculaires-en-images\/","name":"Wir waren bei den Delta Days: Hier sind die spektakul\u00e4rsten Lancia Delta in Bildern! - ItalPassion","isPartOf":{"@id":"https:\/\/www.italpassion.fr\/de\/#website"},"primaryImageOfPage":{"@id":"https:\/\/www.italpassion.fr\/de\/lancia\/on-etait-aux-delta-days-voici-les-lancia-delta-les-plus-spectaculaires-en-images\/#primaryimage"},"image":{"@id":"https:\/\/www.italpassion.fr\/de\/lancia\/on-etait-aux-delta-days-voici-les-lancia-delta-les-plus-spectaculaires-en-images\/#primaryimage"},"thumbnailUrl":"https:\/\/www.italpassion.fr\/wp-content\/uploads\/2025\/06\/lancia-delta-days-thumn.jpg","datePublished":"2025-06-02T08:02:43+00:00","dateModified":"2025-06-02T08:06:48+00:00","description":"Die Scuderia Lancia Int\u00e9grale, die 2001 gegr\u00fcndet wurde und ihren Sitz im S\u00fcdosten Frankreichs hat, organisierte die erste Ausgabe der \"Delta Days\", eine gro\u00dfe","breadcrumb":{"@id":"https:\/\/www.italpassion.fr\/de\/lancia\/on-etait-aux-delta-days-voici-les-lancia-delta-les-plus-spectaculaires-en-images\/#breadcrumb"},"inLanguage":"de","potentialAction":[{"@type":"ReadAction","target":["https:\/\/www.italpassion.fr\/de\/lancia\/on-etait-aux-delta-days-voici-les-lancia-delta-les-plus-spectaculaires-en-images\/"]}]},{"@type":"ImageObject","inLanguage":"de","@id":"https:\/\/www.italpassion.fr\/de\/lancia\/on-etait-aux-delta-days-voici-les-lancia-delta-les-plus-spectaculaires-en-images\/#primaryimage","url":"https:\/\/www.italpassion.fr\/wp-content\/uploads\/2025\/06\/lancia-delta-days-thumn.jpg","contentUrl":"https:\/\/www.italpassion.fr\/wp-content\/uploads\/2025\/06\/lancia-delta-days-thumn.jpg","width":1200,"height":800},{"@type":"BreadcrumbList","@id":"https:\/\/www.italpassion.fr\/de\/lancia\/on-etait-aux-delta-days-voici-les-lancia-delta-les-plus-spectaculaires-en-images\/#breadcrumb","itemListElement":[{"@type":"ListItem","position":1,"name":"Accueil","item":"https:\/\/www.italpassion.fr\/de\/"},{"@type":"ListItem","position":2,"name":"On \u00e9tait aux Delta Days : voici les Lancia Delta les plus spectaculaires en images !"}]},{"@type":"WebSite","@id":"https:\/\/www.italpassion.fr\/de\/#website","url":"https:\/\/www.italpassion.fr\/de\/","name":"ItalPassion","description":"Die Liebhaber italienischer Autos","publisher":{"@id":"https:\/\/www.italpassion.fr\/de\/#organization"},"potentialAction":[{"@type":"SearchAction","target":{"@type":"EntryPoint","urlTemplate":"https:\/\/www.italpassion.fr\/de\/?s={search_term_string}"},"query-input":{"@type":"PropertyValueSpecification","valueRequired":true,"valueName":"search_term_string"}}],"inLanguage":"de"},{"@type":"Organization","@id":"https:\/\/www.italpassion.fr\/de\/#organization","name":"Italpassion","url":"https:\/\/www.italpassion.fr\/de\/","logo":{"@type":"ImageObject","inLanguage":"de","@id":"https:\/\/www.italpassion.fr\/de\/#\/schema\/logo\/image\/","url":"https:\/\/www.italpassion.fr\/wp-content\/uploads\/2023\/07\/italpassion-yoast.jpg","contentUrl":"https:\/\/www.italpassion.fr\/wp-content\/uploads\/2023\/07\/italpassion-yoast.jpg","width":696,"height":696,"caption":"Italpassion"},"image":{"@id":"https:\/\/www.italpassion.fr\/de\/#\/schema\/logo\/image\/"},"sameAs":["https:\/\/www.facebook.com\/italpassion","https:\/\/x.com\/italpassion","https:\/\/www.instagram.com\/italpassionfr\/","https:\/\/www.youtube.com\/channel\/UCleq-ByQaA42OjhopwevRjQ","https:\/\/www.facebook.com\/italpassion.en\/","https:\/\/www.facebook.com\/italpassion.it\/","https:\/\/www.facebook.com\/italpassion.de\/","https:\/\/www.facebook.com\/italpassion.ja\/"]},{"@type":"Person","@id":"https:\/\/www.italpassion.fr\/de\/#\/schema\/person\/efd63d72fc8007741c5836a896805b04","name":"Nicolas Anderbegani","image":{"@type":"ImageObject","inLanguage":"de","@id":"https:\/\/www.italpassion.fr\/de\/#\/schema\/person\/image\/","url":"https:\/\/www.italpassion.fr\/wp-content\/uploads\/2025\/05\/nicolas-anderbegani-160x160.jpg","contentUrl":"https:\/\/www.italpassion.fr\/wp-content\/uploads\/2025\/05\/nicolas-anderbegani-160x160.jpg","caption":"Nicolas Anderbegani"},"description":"Nicolas begeistert sich f\u00fcr Geschichte und Motorsport. Er f\u00e4hrt eine Alfa Romeo Giulietta und wird seine Leidenschaft f\u00fcr italienische Autos mit Ihnen teilen.","url":"https:\/\/www.italpassion.fr\/de\/author\/nicolas\/"}]}},"_links":{"self":[{"href":"https:\/\/www.italpassion.fr\/de\/wp-json\/wp\/v2\/posts\/38823","targetHints":{"allow":["GET"]}}],"collection":[{"href":"https:\/\/www.italpassion.fr\/de\/wp-json\/wp\/v2\/posts"}],"about":[{"href":"https:\/\/www.italpassion.fr\/de\/wp-json\/wp\/v2\/types\/post"}],"author":[{"embeddable":true,"href":"https:\/\/www.italpassion.fr\/de\/wp-json\/wp\/v2\/users\/8"}],"replies":[{"embeddable":true,"href":"https:\/\/www.italpassion.fr\/de\/wp-json\/wp\/v2\/comments?post=38823"}],"version-history":[{"count":3,"href":"https:\/\/www.italpassion.fr\/de\/wp-json\/wp\/v2\/posts\/38823\/revisions"}],"predecessor-version":[{"id":38843,"href":"https:\/\/www.italpassion.fr\/de\/wp-json\/wp\/v2\/posts\/38823\/revisions\/38843"}],"wp:featuredmedia":[{"embeddable":true,"href":"https:\/\/www.italpassion.fr\/de\/wp-json\/wp\/v2\/media\/38840"}],"wp:attachment":[{"href":"https:\/\/www.italpassion.fr\/de\/wp-json\/wp\/v2\/media?parent=38823"}],"wp:term":[{"taxonomy":"category","embeddable":true,"href":"https:\/\/www.italpassion.fr\/de\/wp-json\/wp\/v2\/categories?post=38823"},{"taxonomy":"post_tag","embeddable":true,"href":"https:\/\/www.italpassion.fr\/de\/wp-json\/wp\/v2\/tags?post=38823"}],"curies":[{"name":"wp","href":"https:\/\/api.w.org\/{rel}","templated":true}]}}