{"id":38764,"date":"2025-05-29T09:27:55","date_gmt":"2025-05-29T07:27:55","guid":{"rendered":"https:\/\/www.italpassion.fr\/?p=38764"},"modified":"2025-05-29T09:27:55","modified_gmt":"2025-05-29T07:27:55","slug":"stellantis-neuer-ceo-ehrt-sergio-marchionne","status":"publish","type":"post","link":"https:\/\/www.italpassion.fr\/de\/stellantis\/stellantis-le-nouveau-ceo-rend-hommage-a-sergio-marchionne\/","title":{"rendered":"Stellantis: Neuer CEO ehrt... Sergio Marchionne"},"content":{"rendered":"<figure class=\"wp-block-image size-full\"><img loading=\"lazy\" decoding=\"async\" width=\"1200\" height=\"800\" src=\"https:\/\/www.italpassion.fr\/wp-content\/uploads\/2025\/05\/sergio-marchionne.jpg\" alt=\"\" class=\"wp-image-38773\" srcset=\"https:\/\/www.italpassion.fr\/wp-content\/uploads\/2025\/05\/sergio-marchionne.jpg 1200w, https:\/\/www.italpassion.fr\/wp-content\/uploads\/2025\/05\/sergio-marchionne-420x280.jpg 420w, https:\/\/www.italpassion.fr\/wp-content\/uploads\/2025\/05\/sergio-marchionne-768x512.jpg 768w, https:\/\/www.italpassion.fr\/wp-content\/uploads\/2025\/05\/sergio-marchionne-18x12.jpg 18w\" sizes=\"auto, (max-width: 1200px) 100vw, 1200px\" \/><\/figure>\n\n\n\n<p>Antonio Filosa wird nicht warten, bis er offiziell sein Amt als <a href=\"https:\/\/www.italpassion.fr\/de\/stellantis\/stellantis-litaliener-antonio-filosa-ehemaliger-fca-wird-ceo-der-gruppe\/\">neuer CEO von Stellantis<\/a>am 23. Juni, um den Ton anzugeben. In einer kurzen Nachricht, die gestern Abend auf LinkedIn ver\u00f6ffentlicht wurde, schrieb der zuk\u00fcnftige Chef von <a href=\"https:\/\/www.italpassion.fr\/de\/stellantis\/\">Stellantis<\/a> dankte seinem Vorsitzenden John Elkann, dem Vorstand, den 272.000 Besch\u00e4ftigten des Konzerns ... und vor allem dem Andenken von Sergio Marchionne :<\/p>\n\n\n\n<blockquote class=\"wp-block-quote is-layout-flow wp-block-quote-is-layout-flow\"><svg aria-hidden=\"true\" focusable=\"false\" class=\"icon icon-quote\" width=\"48\" height=\"48\"><use xlink:href=\"#icon-quote\"><\/use><\/svg>\n<p>Wie Herr Sergio Marchionne sagen w\u00fcrde: \"Mittelm\u00e4\u00dfigkeit ist die Reise nicht wert. Lassen Sie uns diesen Sieg gemeinsam nach Hause tragen!\"<\/p>\n<\/blockquote>\n\n\n\n<p><strong>In kaum zwei S\u00e4tzen erinnerte Filosa daran, woher er kommt,<\/strong> denen er einen Gro\u00dfteil seines Aufstiegs verdankt und welche Kultur der Spitzenleistung er im Herzen des viertgr\u00f6\u00dften Automobilherstellers der Welt wieder einf\u00fchren will. Noch \u00fcberraschender: Kein Wort f\u00fcr seinen Vorg\u00e4nger, Carlos Tavares, der seit dem 1\u1d49\u02b3 Dezember 2024 zur\u00fcckgetreten ist. Ein Schweigen, das B\u00e4nde spricht.<\/p>\n\n\n\n<h2 class=\"wp-block-heading\">Die R\u00fcckkehr eines \"Marchionne-Sohns\"<\/h2>\n\n\n\n<p>Der in Neapel geborene Antonio Filosa, der einen Abschluss in Maschinenbau hat, wuchs im Schatten des \"Maestro\" auf. 2004 hatte Marchionne gerade erst die Leitung von Fiat \u00fcbernommen, als der damals 30-j\u00e4hrige Filosa bereits das brasilianische Werk in Betim leitete. Die beiden M\u00e4nner trafen sich 2014 bei der Einweihung des Jeep-Komplexes in Pernambuco, einem der Vorzeigeprojekte des Programms \"Jeep Global\", das die Gewinne von FCA in Lateinamerika ankurbeln sollte. Im M\u00e4rz 2018 bef\u00f6rderte der Chef seinen Sch\u00fctzling in den \"Group Executive Council\", den letzten Entscheidungskreis des Konzerns.<\/p>\n\n\n\n<p>Als Marchionne am 25. Juli 2018 pl\u00f6tzlich verschwand, verlor Filosa seinen Mentor, behielt aber das eingravierte Motto: \"Mittelm\u00e4\u00dfigkeit ist die Reise nicht wert.\" Sieben Jahre sp\u00e4ter zitiert er es \u00f6ffentlich wie ein Aush\u00e4ngeschild.<\/p>\n\n\n\n<p><strong>Am 28. Mai macht Stellantis ein offenes Geheimnis offiziell: Nach f\u00fcnfundzwanzig Jahren im Haus wird Antonio Filosa am 23. Juni zum CEO ernannt. <\/strong>In der Zwischenzeit wird der Neapolitaner vermehrt Fabriken und Autoh\u00e4user besuchen, um \"die Ohren zu spitzen\" und den Puls eines ersch\u00fctterten Konzerns zu f\u00fchlen: operativer Gewinn bis 2024 fast um das Dreifache geschrumpft, Rekordlagerbest\u00e4nde in den USA, chinesische Konkurrenz bei Elektro-Stadtfahrzeugen h\u00e4rter denn je.<\/p>\n\n\n\n<p>John Elkann lobt \"eine starke und effektive F\u00fchrung\" auch deshalb, weil Filosa sich bew\u00e4hrt hat: Als Nummer 1 in der Region S\u00fcdamerika brachte er Fiat wieder an die Spitze des brasilianischen Marktes und kurbelte gleichzeitig die Verk\u00e4ufe von Peugeot, Citro\u00ebn, Ram und Jeep an. Sp\u00e4ter zum COO f\u00fcr Nord- und S\u00fcdamerika ernannt, reduzierte er die US-Lagerbest\u00e4nde innerhalb von sechs Monaten und bereitete eine neue Welle von Hybrid- und Elektromodellen vor.<\/p>\n\n\n\n<h2 class=\"wp-block-heading\">Tavares vergessen?<\/h2>\n\n\n\n<p><strong>Das Fehlen eines Hinweises auf Carlos Tavares ist wahrscheinlich kein Zufall.<\/strong> Zun\u00e4chst einmal, weil der Portugiese und Franzose eine eiserne Haushaltsdisziplin verk\u00f6rperte, die manchmal daf\u00fcr kritisiert wurde, dass er die Schraube so weit anzog, dass das Vertriebsnetz erstickt wurde. Vor allem, weil Tavares mit einem harten Befund gestartet war: r\u00fcckl\u00e4ufige M\u00e4rkte, sinkende Profitabilit\u00e4t, wachsende Spannungen mit der italienischen Regierung.<\/p>\n\n\n\n<p>Indem er Marchionne zitierte, verband Filosa Stellantis mit seiner italo-amerikanischen DNA, versicherte Turin und Modena, dass den transalpinen Marken (Fiat, Alfa Romeo, Lancia, Maserati) Aufmerksamkeit geschenkt wurde, und setzte sich symbolisch als Erbe eines Managers ein, der es verstanden hatte, einen schlafenden Riesen in eine Geldmaschine zu verwandeln.<\/p>","protected":false},"excerpt":{"rendered":"","protected":false},"author":1,"featured_media":38773,"comment_status":"open","ping_status":"open","sticky":false,"template":"","format":"standard","meta":{"_acf_changed":false,"_sitemap_exclude":false,"_sitemap_priority":"","_sitemap_frequency":"","footnotes":""},"categories":[29],"tags":[],"class_list":["post-38764","post","type-post","status-publish","format-standard","has-post-thumbnail","hentry","category-stellantis","generate-columns","tablet-grid-50","mobile-grid-100","grid-parent","grid-33"],"acf":[],"yoast_head":"<!-- This site is optimized with the Yoast SEO plugin v25.8 - https:\/\/yoast.com\/wordpress\/plugins\/seo\/ -->\n<title>Stellantis : le nouveau CEO rend hommage \u00e0\u2026 Sergio Marchionne - ItalPassion<\/title>\n<meta name=\"description\" content=\"Antonio Filosa n\u2019aura pas attendu de prendre officiellement ses fonctions de nouveau CEO de Stellantis, le 23 juin prochain, pour donner le ton. Dans un\" \/>\n<meta name=\"robots\" content=\"index, follow, max-snippet:-1, max-image-preview:large, max-video-preview:-1\" \/>\n<link rel=\"canonical\" href=\"https:\/\/www.italpassion.fr\/de\/stellantis\/stellantis-neuer-ceo-ehrt-sergio-marchionne\/\" \/>\n<meta property=\"og:locale\" content=\"de_DE\" \/>\n<meta property=\"og:type\" content=\"article\" \/>\n<meta property=\"og:title\" content=\"Stellantis : le nouveau CEO rend hommage \u00e0\u2026 Sergio Marchionne - ItalPassion\" \/>\n<meta property=\"og:description\" content=\"Antonio Filosa n\u2019aura pas attendu de prendre officiellement ses fonctions de nouveau CEO de Stellantis, le 23 juin prochain, pour donner le ton. Dans un\" \/>\n<meta property=\"og:url\" content=\"https:\/\/www.italpassion.fr\/de\/stellantis\/stellantis-neuer-ceo-ehrt-sergio-marchionne\/\" \/>\n<meta property=\"og:site_name\" content=\"ItalPassion\" \/>\n<meta property=\"article:publisher\" content=\"https:\/\/www.facebook.com\/italpassion\" \/>\n<meta property=\"article:published_time\" content=\"2025-05-29T07:27:55+00:00\" \/>\n<meta property=\"og:image\" content=\"https:\/\/www.italpassion.fr\/wp-content\/uploads\/2025\/05\/sergio-marchionne.jpg\" \/>\n\t<meta property=\"og:image:width\" content=\"1200\" \/>\n\t<meta property=\"og:image:height\" content=\"800\" \/>\n\t<meta property=\"og:image:type\" content=\"image\/jpeg\" \/>\n<meta name=\"author\" content=\"Alexandre Filluzeau\" \/>\n<meta name=\"twitter:card\" content=\"summary_large_image\" \/>\n<meta name=\"twitter:creator\" content=\"@italpassion\" \/>\n<meta name=\"twitter:site\" content=\"@italpassion\" \/>\n<script type=\"application\/ld+json\" class=\"yoast-schema-graph\">{\"@context\":\"https:\/\/schema.org\",\"@graph\":[{\"@type\":\"NewsArticle\",\"@id\":\"https:\/\/www.italpassion.fr\/de\/stellantis\/stellantis-le-nouveau-ceo-rend-hommage-a-sergio-marchionne\/#article\",\"isPartOf\":{\"@id\":\"https:\/\/www.italpassion.fr\/de\/stellantis\/stellantis-le-nouveau-ceo-rend-hommage-a-sergio-marchionne\/\"},\"author\":{\"name\":\"Alexandre Filluzeau\",\"@id\":\"https:\/\/www.italpassion.fr\/de\/#\/schema\/person\/36f747b2a759ca202d847e85a9434ca0\"},\"headline\":\"Stellantis : le nouveau CEO rend hommage \u00e0\u2026 Sergio Marchionne\",\"datePublished\":\"2025-05-29T07:27:55+00:00\",\"mainEntityOfPage\":{\"@id\":\"https:\/\/www.italpassion.fr\/de\/stellantis\/stellantis-le-nouveau-ceo-rend-hommage-a-sergio-marchionne\/\"},\"wordCount\":557,\"commentCount\":16,\"publisher\":{\"@id\":\"https:\/\/www.italpassion.fr\/de\/#organization\"},\"image\":{\"@id\":\"https:\/\/www.italpassion.fr\/de\/stellantis\/stellantis-le-nouveau-ceo-rend-hommage-a-sergio-marchionne\/#primaryimage\"},\"thumbnailUrl\":\"https:\/\/www.italpassion.fr\/wp-content\/uploads\/2025\/05\/sergio-marchionne.jpg\",\"articleSection\":[\"Stellantis\"],\"inLanguage\":\"de\",\"potentialAction\":[{\"@type\":\"CommentAction\",\"name\":\"Comment\",\"target\":[\"https:\/\/www.italpassion.fr\/de\/stellantis\/stellantis-le-nouveau-ceo-rend-hommage-a-sergio-marchionne\/#respond\"]}]},{\"@type\":\"WebPage\",\"@id\":\"https:\/\/www.italpassion.fr\/de\/stellantis\/stellantis-le-nouveau-ceo-rend-hommage-a-sergio-marchionne\/\",\"url\":\"https:\/\/www.italpassion.fr\/de\/stellantis\/stellantis-le-nouveau-ceo-rend-hommage-a-sergio-marchionne\/\",\"name\":\"Stellantis : le nouveau CEO rend hommage \u00e0\u2026 Sergio Marchionne - ItalPassion\",\"isPartOf\":{\"@id\":\"https:\/\/www.italpassion.fr\/de\/#website\"},\"primaryImageOfPage\":{\"@id\":\"https:\/\/www.italpassion.fr\/de\/stellantis\/stellantis-le-nouveau-ceo-rend-hommage-a-sergio-marchionne\/#primaryimage\"},\"image\":{\"@id\":\"https:\/\/www.italpassion.fr\/de\/stellantis\/stellantis-le-nouveau-ceo-rend-hommage-a-sergio-marchionne\/#primaryimage\"},\"thumbnailUrl\":\"https:\/\/www.italpassion.fr\/wp-content\/uploads\/2025\/05\/sergio-marchionne.jpg\",\"datePublished\":\"2025-05-29T07:27:55+00:00\",\"description\":\"Antonio Filosa n\u2019aura pas attendu de prendre officiellement ses fonctions de nouveau CEO de Stellantis, le 23 juin prochain, pour donner le ton. Dans un\",\"breadcrumb\":{\"@id\":\"https:\/\/www.italpassion.fr\/de\/stellantis\/stellantis-le-nouveau-ceo-rend-hommage-a-sergio-marchionne\/#breadcrumb\"},\"inLanguage\":\"de\",\"potentialAction\":[{\"@type\":\"ReadAction\",\"target\":[\"https:\/\/www.italpassion.fr\/de\/stellantis\/stellantis-le-nouveau-ceo-rend-hommage-a-sergio-marchionne\/\"]}]},{\"@type\":\"ImageObject\",\"inLanguage\":\"de\",\"@id\":\"https:\/\/www.italpassion.fr\/de\/stellantis\/stellantis-le-nouveau-ceo-rend-hommage-a-sergio-marchionne\/#primaryimage\",\"url\":\"https:\/\/www.italpassion.fr\/wp-content\/uploads\/2025\/05\/sergio-marchionne.jpg\",\"contentUrl\":\"https:\/\/www.italpassion.fr\/wp-content\/uploads\/2025\/05\/sergio-marchionne.jpg\",\"width\":1200,\"height\":800},{\"@type\":\"BreadcrumbList\",\"@id\":\"https:\/\/www.italpassion.fr\/de\/stellantis\/stellantis-le-nouveau-ceo-rend-hommage-a-sergio-marchionne\/#breadcrumb\",\"itemListElement\":[{\"@type\":\"ListItem\",\"position\":1,\"name\":\"Accueil\",\"item\":\"https:\/\/www.italpassion.fr\/de\/\"},{\"@type\":\"ListItem\",\"position\":2,\"name\":\"Stellantis : le nouveau CEO rend hommage \u00e0\u2026 Sergio Marchionne\"}]},{\"@type\":\"WebSite\",\"@id\":\"https:\/\/www.italpassion.fr\/de\/#website\",\"url\":\"https:\/\/www.italpassion.fr\/de\/\",\"name\":\"ItalPassion\",\"description\":\"Les Passionn\u00e9s d&#039;Automobiles Italiennes\",\"publisher\":{\"@id\":\"https:\/\/www.italpassion.fr\/de\/#organization\"},\"potentialAction\":[{\"@type\":\"SearchAction\",\"target\":{\"@type\":\"EntryPoint\",\"urlTemplate\":\"https:\/\/www.italpassion.fr\/de\/?s={search_term_string}\"},\"query-input\":{\"@type\":\"PropertyValueSpecification\",\"valueRequired\":true,\"valueName\":\"search_term_string\"}}],\"inLanguage\":\"de\"},{\"@type\":\"Organization\",\"@id\":\"https:\/\/www.italpassion.fr\/de\/#organization\",\"name\":\"Italpassion\",\"url\":\"https:\/\/www.italpassion.fr\/de\/\",\"logo\":{\"@type\":\"ImageObject\",\"inLanguage\":\"de\",\"@id\":\"https:\/\/www.italpassion.fr\/de\/#\/schema\/logo\/image\/\",\"url\":\"https:\/\/www.italpassion.fr\/wp-content\/uploads\/2023\/07\/italpassion-yoast.jpg\",\"contentUrl\":\"https:\/\/www.italpassion.fr\/wp-content\/uploads\/2023\/07\/italpassion-yoast.jpg\",\"width\":696,\"height\":696,\"caption\":\"Italpassion\"},\"image\":{\"@id\":\"https:\/\/www.italpassion.fr\/de\/#\/schema\/logo\/image\/\"},\"sameAs\":[\"https:\/\/www.facebook.com\/italpassion\",\"https:\/\/x.com\/italpassion\",\"https:\/\/www.instagram.com\/italpassionfr\/\",\"https:\/\/www.youtube.com\/channel\/UCleq-ByQaA42OjhopwevRjQ\",\"https:\/\/www.facebook.com\/italpassion.en\/\",\"https:\/\/www.facebook.com\/italpassion.it\/\",\"https:\/\/www.facebook.com\/italpassion.de\/\",\"https:\/\/www.facebook.com\/italpassion.ja\/\"]},{\"@type\":\"Person\",\"@id\":\"https:\/\/www.italpassion.fr\/de\/#\/schema\/person\/36f747b2a759ca202d847e85a9434ca0\",\"name\":\"Alexandre Filluzeau\",\"image\":{\"@type\":\"ImageObject\",\"inLanguage\":\"de\",\"@id\":\"https:\/\/www.italpassion.fr\/de\/#\/schema\/person\/image\/\",\"url\":\"https:\/\/www.italpassion.fr\/wp-content\/uploads\/2025\/04\/avatar-alexandre-160x160.jpg\",\"contentUrl\":\"https:\/\/www.italpassion.fr\/wp-content\/uploads\/2025\/04\/avatar-alexandre-160x160.jpg\",\"caption\":\"Alexandre Filluzeau\"},\"description\":\"Fondateur du site ItalPassion, passionn\u00e9 de voitures italiennes et de l'Italie en g\u00e9n\u00e9ral. J'apporte un regard critique et technique aux actualit\u00e9s des marques italiennes quand cela est possible. Propri\u00e9taire d'une Maserati GranTurismo, Alfa Romeo MiTo, Lancia Fulvia et Ducati 695. Ex-propri\u00e9taire d'une Alfa Romeo Giulia.\",\"sameAs\":[\"https:\/\/www.italpassion.fr\/\"],\"url\":\"https:\/\/www.italpassion.fr\/de\/author\/alexandre\/\"}]}<\/script>\n<!-- \/ Yoast SEO plugin. -->","yoast_head_json":{"title":"Stellantis: Neuer CEO ehrt ... Sergio Marchionne - ItalPassion","description":"Antonio Filosa wird am 23. Juni offiziell sein Amt als neuer CEO von Stellantis antreten, um den Ton anzugeben. In einem","robots":{"index":"index","follow":"follow","max-snippet":"max-snippet:-1","max-image-preview":"max-image-preview:large","max-video-preview":"max-video-preview:-1"},"canonical":"https:\/\/www.italpassion.fr\/de\/stellantis\/stellantis-neuer-ceo-ehrt-sergio-marchionne\/","og_locale":"de_DE","og_type":"article","og_title":"Stellantis : le nouveau CEO rend hommage \u00e0\u2026 Sergio Marchionne - ItalPassion","og_description":"Antonio Filosa n\u2019aura pas attendu de prendre officiellement ses fonctions de nouveau CEO de Stellantis, le 23 juin prochain, pour donner le ton. Dans un","og_url":"https:\/\/www.italpassion.fr\/de\/stellantis\/stellantis-neuer-ceo-ehrt-sergio-marchionne\/","og_site_name":"ItalPassion","article_publisher":"https:\/\/www.facebook.com\/italpassion","article_published_time":"2025-05-29T07:27:55+00:00","og_image":[{"width":1200,"height":800,"url":"https:\/\/www.italpassion.fr\/wp-content\/uploads\/2025\/05\/sergio-marchionne.jpg","type":"image\/jpeg"}],"author":"Alexandre Filluzeau","twitter_card":"summary_large_image","twitter_creator":"@italpassion","twitter_site":"@italpassion","schema":{"@context":"https:\/\/schema.org","@graph":[{"@type":"NewsArticle","@id":"https:\/\/www.italpassion.fr\/de\/stellantis\/stellantis-le-nouveau-ceo-rend-hommage-a-sergio-marchionne\/#article","isPartOf":{"@id":"https:\/\/www.italpassion.fr\/de\/stellantis\/stellantis-le-nouveau-ceo-rend-hommage-a-sergio-marchionne\/"},"author":{"name":"Alexandre Filluzeau","@id":"https:\/\/www.italpassion.fr\/de\/#\/schema\/person\/36f747b2a759ca202d847e85a9434ca0"},"headline":"Stellantis : le nouveau CEO rend hommage \u00e0\u2026 Sergio Marchionne","datePublished":"2025-05-29T07:27:55+00:00","mainEntityOfPage":{"@id":"https:\/\/www.italpassion.fr\/de\/stellantis\/stellantis-le-nouveau-ceo-rend-hommage-a-sergio-marchionne\/"},"wordCount":557,"commentCount":16,"publisher":{"@id":"https:\/\/www.italpassion.fr\/de\/#organization"},"image":{"@id":"https:\/\/www.italpassion.fr\/de\/stellantis\/stellantis-le-nouveau-ceo-rend-hommage-a-sergio-marchionne\/#primaryimage"},"thumbnailUrl":"https:\/\/www.italpassion.fr\/wp-content\/uploads\/2025\/05\/sergio-marchionne.jpg","articleSection":["Stellantis"],"inLanguage":"de","potentialAction":[{"@type":"CommentAction","name":"Comment","target":["https:\/\/www.italpassion.fr\/de\/stellantis\/stellantis-le-nouveau-ceo-rend-hommage-a-sergio-marchionne\/#respond"]}]},{"@type":"WebPage","@id":"https:\/\/www.italpassion.fr\/de\/stellantis\/stellantis-le-nouveau-ceo-rend-hommage-a-sergio-marchionne\/","url":"https:\/\/www.italpassion.fr\/de\/stellantis\/stellantis-le-nouveau-ceo-rend-hommage-a-sergio-marchionne\/","name":"Stellantis: Neuer CEO ehrt ... Sergio Marchionne - ItalPassion","isPartOf":{"@id":"https:\/\/www.italpassion.fr\/de\/#website"},"primaryImageOfPage":{"@id":"https:\/\/www.italpassion.fr\/de\/stellantis\/stellantis-le-nouveau-ceo-rend-hommage-a-sergio-marchionne\/#primaryimage"},"image":{"@id":"https:\/\/www.italpassion.fr\/de\/stellantis\/stellantis-le-nouveau-ceo-rend-hommage-a-sergio-marchionne\/#primaryimage"},"thumbnailUrl":"https:\/\/www.italpassion.fr\/wp-content\/uploads\/2025\/05\/sergio-marchionne.jpg","datePublished":"2025-05-29T07:27:55+00:00","description":"Antonio Filosa wird am 23. Juni offiziell sein Amt als neuer CEO von Stellantis antreten, um den Ton anzugeben. In einem","breadcrumb":{"@id":"https:\/\/www.italpassion.fr\/de\/stellantis\/stellantis-le-nouveau-ceo-rend-hommage-a-sergio-marchionne\/#breadcrumb"},"inLanguage":"de","potentialAction":[{"@type":"ReadAction","target":["https:\/\/www.italpassion.fr\/de\/stellantis\/stellantis-le-nouveau-ceo-rend-hommage-a-sergio-marchionne\/"]}]},{"@type":"ImageObject","inLanguage":"de","@id":"https:\/\/www.italpassion.fr\/de\/stellantis\/stellantis-le-nouveau-ceo-rend-hommage-a-sergio-marchionne\/#primaryimage","url":"https:\/\/www.italpassion.fr\/wp-content\/uploads\/2025\/05\/sergio-marchionne.jpg","contentUrl":"https:\/\/www.italpassion.fr\/wp-content\/uploads\/2025\/05\/sergio-marchionne.jpg","width":1200,"height":800},{"@type":"BreadcrumbList","@id":"https:\/\/www.italpassion.fr\/de\/stellantis\/stellantis-le-nouveau-ceo-rend-hommage-a-sergio-marchionne\/#breadcrumb","itemListElement":[{"@type":"ListItem","position":1,"name":"Accueil","item":"https:\/\/www.italpassion.fr\/de\/"},{"@type":"ListItem","position":2,"name":"Stellantis : le nouveau CEO rend hommage \u00e0\u2026 Sergio Marchionne"}]},{"@type":"WebSite","@id":"https:\/\/www.italpassion.fr\/de\/#website","url":"https:\/\/www.italpassion.fr\/de\/","name":"ItalPassion","description":"Die Liebhaber italienischer Autos","publisher":{"@id":"https:\/\/www.italpassion.fr\/de\/#organization"},"potentialAction":[{"@type":"SearchAction","target":{"@type":"EntryPoint","urlTemplate":"https:\/\/www.italpassion.fr\/de\/?s={search_term_string}"},"query-input":{"@type":"PropertyValueSpecification","valueRequired":true,"valueName":"search_term_string"}}],"inLanguage":"de"},{"@type":"Organization","@id":"https:\/\/www.italpassion.fr\/de\/#organization","name":"Italpassion","url":"https:\/\/www.italpassion.fr\/de\/","logo":{"@type":"ImageObject","inLanguage":"de","@id":"https:\/\/www.italpassion.fr\/de\/#\/schema\/logo\/image\/","url":"https:\/\/www.italpassion.fr\/wp-content\/uploads\/2023\/07\/italpassion-yoast.jpg","contentUrl":"https:\/\/www.italpassion.fr\/wp-content\/uploads\/2023\/07\/italpassion-yoast.jpg","width":696,"height":696,"caption":"Italpassion"},"image":{"@id":"https:\/\/www.italpassion.fr\/de\/#\/schema\/logo\/image\/"},"sameAs":["https:\/\/www.facebook.com\/italpassion","https:\/\/x.com\/italpassion","https:\/\/www.instagram.com\/italpassionfr\/","https:\/\/www.youtube.com\/channel\/UCleq-ByQaA42OjhopwevRjQ","https:\/\/www.facebook.com\/italpassion.en\/","https:\/\/www.facebook.com\/italpassion.it\/","https:\/\/www.facebook.com\/italpassion.de\/","https:\/\/www.facebook.com\/italpassion.ja\/"]},{"@type":"Person","@id":"https:\/\/www.italpassion.fr\/de\/#\/schema\/person\/36f747b2a759ca202d847e85a9434ca0","name":"Alexandre Filluzeau","image":{"@type":"ImageObject","inLanguage":"de","@id":"https:\/\/www.italpassion.fr\/de\/#\/schema\/person\/image\/","url":"https:\/\/www.italpassion.fr\/wp-content\/uploads\/2025\/04\/avatar-alexandre-160x160.jpg","contentUrl":"https:\/\/www.italpassion.fr\/wp-content\/uploads\/2025\/04\/avatar-alexandre-160x160.jpg","caption":"Alexandre Filluzeau"},"description":"Gr\u00fcnder der Website ItalPassion, leidenschaftlicher Fan von italienischen Autos und Italien im Allgemeinen. Ich bringe einen kritischen und technischen Blick auf die Nachrichten der italienischen Marken, wann immer es m\u00f6glich ist. Besitzer eines Maserati GranTurismo, Alfa Romeo MiTo, Lancia Fulvia und Ducati 695. Ex-Besitzer einer Alfa Romeo Giulia.","sameAs":["https:\/\/www.italpassion.fr\/"],"url":"https:\/\/www.italpassion.fr\/de\/author\/alexandre\/"}]}},"_links":{"self":[{"href":"https:\/\/www.italpassion.fr\/de\/wp-json\/wp\/v2\/posts\/38764","targetHints":{"allow":["GET"]}}],"collection":[{"href":"https:\/\/www.italpassion.fr\/de\/wp-json\/wp\/v2\/posts"}],"about":[{"href":"https:\/\/www.italpassion.fr\/de\/wp-json\/wp\/v2\/types\/post"}],"author":[{"embeddable":true,"href":"https:\/\/www.italpassion.fr\/de\/wp-json\/wp\/v2\/users\/1"}],"replies":[{"embeddable":true,"href":"https:\/\/www.italpassion.fr\/de\/wp-json\/wp\/v2\/comments?post=38764"}],"version-history":[{"count":3,"href":"https:\/\/www.italpassion.fr\/de\/wp-json\/wp\/v2\/posts\/38764\/revisions"}],"predecessor-version":[{"id":38777,"href":"https:\/\/www.italpassion.fr\/de\/wp-json\/wp\/v2\/posts\/38764\/revisions\/38777"}],"wp:featuredmedia":[{"embeddable":true,"href":"https:\/\/www.italpassion.fr\/de\/wp-json\/wp\/v2\/media\/38773"}],"wp:attachment":[{"href":"https:\/\/www.italpassion.fr\/de\/wp-json\/wp\/v2\/media?parent=38764"}],"wp:term":[{"taxonomy":"category","embeddable":true,"href":"https:\/\/www.italpassion.fr\/de\/wp-json\/wp\/v2\/categories?post=38764"},{"taxonomy":"post_tag","embeddable":true,"href":"https:\/\/www.italpassion.fr\/de\/wp-json\/wp\/v2\/tags?post=38764"}],"curies":[{"name":"wp","href":"https:\/\/api.w.org\/{rel}","templated":true}]}}