{"id":38223,"date":"2025-05-02T10:09:19","date_gmt":"2025-05-02T08:09:19","guid":{"rendered":"https:\/\/www.italpassion.fr\/?p=38223"},"modified":"2025-05-02T10:09:19","modified_gmt":"2025-05-02T08:09:19","slug":"fabrik-stellantis-termoli-wir-nehmen-an-der-beerdigung-des-motors-fire-teil","status":"publish","type":"post","link":"https:\/\/www.italpassion.fr\/de\/stellantis\/usine-stellantis-termoli-nous-assistons-aux-funerailles-du-moteur-fire\/","title":{"rendered":"Stellantis-Fabrik Termoli: \"Wir wohnen der Beerdigung des FIRE-Motors bei\"."},"content":{"rendered":"<figure class=\"wp-block-image size-large\"><img loading=\"lazy\" decoding=\"async\" width=\"1024\" height=\"683\" src=\"https:\/\/www.italpassion.fr\/wp-content\/uploads\/2024\/09\/firefly-1024x683.jpg\" alt=\"\" class=\"wp-image-34619\" srcset=\"https:\/\/www.italpassion.fr\/wp-content\/uploads\/2024\/09\/firefly-1024x683.jpg 1024w, https:\/\/www.italpassion.fr\/wp-content\/uploads\/2024\/09\/firefly-300x200.jpg 300w, https:\/\/www.italpassion.fr\/wp-content\/uploads\/2024\/09\/firefly-768x512.jpg 768w, https:\/\/www.italpassion.fr\/wp-content\/uploads\/2024\/09\/firefly-18x12.jpg 18w, https:\/\/www.italpassion.fr\/wp-content\/uploads\/2024\/09\/firefly-561x374.jpg 561w, https:\/\/www.italpassion.fr\/wp-content\/uploads\/2024\/09\/firefly-1122x748.jpg 1122w, https:\/\/www.italpassion.fr\/wp-content\/uploads\/2024\/09\/firefly-265x177.jpg 265w, https:\/\/www.italpassion.fr\/wp-content\/uploads\/2024\/09\/firefly-531x354.jpg 531w, https:\/\/www.italpassion.fr\/wp-content\/uploads\/2024\/09\/firefly-364x243.jpg 364w, https:\/\/www.italpassion.fr\/wp-content\/uploads\/2024\/09\/firefly-728x485.jpg 728w, https:\/\/www.italpassion.fr\/wp-content\/uploads\/2024\/09\/firefly-608x405.jpg 608w, https:\/\/www.italpassion.fr\/wp-content\/uploads\/2024\/09\/firefly-758x505.jpg 758w, https:\/\/www.italpassion.fr\/wp-content\/uploads\/2024\/09\/firefly-1152x768.jpg 1152w, https:\/\/www.italpassion.fr\/wp-content\/uploads\/2024\/09\/firefly-600x400.jpg 600w, https:\/\/www.italpassion.fr\/wp-content\/uploads\/2024\/09\/firefly.jpg 1200w\" sizes=\"auto, (max-width: 1024px) 100vw, 1024px\" \/><\/figure>\n\n\n\n<p><strong>Das Fallbeil f\u00e4llt jeden Tag ein wenig mehr auf Termoli, das Symbol der italienischen Automobilindustrie. <\/strong>Und dieses Mal ist es die historische Linie des FIRE-Motors, die dem Untergang geweiht ist. \"Wir sind Zeugen der Beerdigung des FIRE-Motors\", erkl\u00e4rt die Gewerkschaft FIM CISL bitter. Sie f\u00fcgt hinzu: \"Es ist ein ganzes St\u00fcck italienischer Industriegeschichte, das ins Wanken ger\u00e4t, in der Gleichg\u00fcltigkeit von Stellantis und dem Schweigen der Institutionen\".<\/p>\n\n\n\n<h2 class=\"wp-block-heading\">Das Ende eines industriellen Mythos<\/h2>\n\n\n\n<p>Der FIRE-Motor hat mehrere Generationen von Fiat oder Alfa Romeo angetrieben. Er war eines der letzten Symbole f\u00fcr italienisches 100 % Know-how, das noch auf der Halbinsel produziert wurde. Heute ist seine Linie eingestellt. Die 8-Ventil-Motoren werden bereits nicht mehr produziert, die 16-Ventil-Motoren werden diesen Sommer auslaufen. Die Produktion des GME 2.0L oder des V6 Nettuno ist ebenfalls gef\u00e4hrdet. Es gibt noch die GSE-Motoren (FireFly) f\u00fcr den Fiat Panda und den Alfa Romeo Tonale.<\/p>\n\n\n\n<h2 class=\"wp-block-heading\">Eine Zukunft in St\u00fccken<\/h2>\n\n\n\n<p>In Termoli herrscht eine Grabesstimmung. Die Zeugenaussagen stimmen \u00fcberein: <a href=\"https:\/\/www.italpassion.fr\/de\/stellantis\/stellantis-italienisches-werk-fur-fiat-motoren-ab-sommer-aufgelost-es-wird-nichts-mehr-produziert\/\">Lastwagen verlassen die Fabrik<\/a>Die letzten Stromkabinen der \u00dcbertragungsleitungen wurden mitgerissen. Der einst pulsierende Ort wird nach und nach ger\u00e4umt. \"Eine Desinvestition St\u00fcck f\u00fcr St\u00fcck\", so Gianluca Falcone von der FIOM Molise. Der Plan, das Gel\u00e4nde \u00fcber ACC in eine Gigafactory umzuwandeln? Verdampft. Versprechen aufgegeben. Selbst John Elkann gab es im April zu: \"sehr schwierig\" zu realisieren, zu teuer.<\/p>\n\n\n\n<p>Auf der anderen Seite lockt Spanien Investoren und Industrielle mit <a href=\"https:\/\/www.italpassion.fr\/de\/stellantis\/stellantis-catl-werk-warum-spanien-gegen-frankreich-deutschland-oder-italien-gewinnt\/\">4 Milliarden Euro und eine strategische Partnerschaft mit der chinesischen CATL<\/a>. In der Zwischenzeit sind die 370 Millionen, die die Region Molise f\u00fcr die Gigafactory versprochen hat, von der Bildfl\u00e4che verschwunden. Das Gef\u00fchl der Vernachl\u00e4ssigung wird immer st\u00e4rker.<\/p>\n\n\n\n<h2 class=\"wp-block-heading\">Zorn der Gewerkschaften, Resignation der Arbeiter<\/h2>\n\n\n\n<p>Vor einigen Tagen, am 29. April in Termoli, hielt die FIM CISL eine entscheidende Sitzung ab. <strong>Der Ton ist ernst. \"Keine konkrete Zukunft, keine Garantien f\u00fcr die Arbeitnehmer\",<\/strong> h\u00e4mmert Fabrizio Boschini, nationaler Sekret\u00e4r. Das Fazit ist eindeutig: Stellantis' Management wird als \"blind, ohne Vision\" beurteilt, das auf \"Verzicht statt Wiederaufbau\" beruht.<\/p>\n\n\n\n<p>In den Werkst\u00e4tten arbeiten heute weniger als 2 000 Besch\u00e4ftigte, w\u00e4hrend es auf dem H\u00f6hepunkt der Aktivit\u00e4t mehr als 3 500 waren. <strong>Die eDCT-Linie, die einen Teil der Arbeitspl\u00e4tze retten soll, w\u00e4re erst 2026 voll einsatzbereit ... bei nur 300 Arbeitspl\u00e4tzen.<\/strong> Die Arbeiter stellen die Frage, der alle ausweichen: \"Und was ist bis dahin?\".<\/p>\n\n\n\n<p>Die Umstellung auf Elektroantrieb, die angeblich alle Umw\u00e4lzungen rechtfertigen sollte, wurde nicht mit einer klaren Strategie f\u00fcr Termoli beantwortet. Selbst f\u00fcr den f\u00fcr November 2025 geplanten Fiat 500 Hybrid, der mit 1.0 GSE-Bl\u00f6cken ausgestattet werden soll, gibt es noch keinen klaren Fahrplan f\u00fcr Termoli. Und bei Maserati oder Alfa Romeo bleibt die Hybridisierung von V6 und GME im Stadium der Ger\u00fcchte.<\/p>\n\n\n\n<h2 class=\"wp-block-heading\">Ein Warnruf, der ins Leere hallt<\/h2>\n\n\n\n<p><strong>Die FIM CISL fordert nun ein dringendes Ministertreffen mit Stellantis, ACC und der italienischen Regierung. <\/strong>Ziel: klare Zusagen, konkrete Investitionen und vor allem einen Plan erzwingen, um zu verhindern, dass noch mehr Arbeitspl\u00e4tze und Kompetenzen verloren gehen. Denn in Termoli findet nicht einfach ein industrieller \u00dcbergang statt. \"Die Zukunft wird mit mutigen Entscheidungen gestaltet, nicht mit Schweigen\", fasst die Gewerkschaftserkl\u00e4rung zusammen. Ein Schweigen, das immer ohrenbet\u00e4ubender wird.<\/p>\n\n\n\n<figure class=\"wp-block-embed is-type-video is-provider-youtube wp-block-embed-youtube wp-embed-aspect-4-3 wp-has-aspect-ratio\"><div class=\"wp-block-embed__wrapper\">\n<iframe loading=\"lazy\" title=\"Come nasce il FIRE 1000 1985 ita\" width=\"1200\" height=\"900\" src=\"https:\/\/www.youtube-nocookie.com\/embed\/32TLXppDuzk?feature=oembed\" frameborder=\"0\" allow=\"accelerometer; autoplay; clipboard-write; encrypted-media; gyroscope; picture-in-picture; web-share\" referrerpolicy=\"strict-origin-when-cross-origin\" allowfullscreen><\/iframe>\n<\/div><\/figure>","protected":false},"excerpt":{"rendered":"","protected":false},"author":1,"featured_media":34619,"comment_status":"open","ping_status":"open","sticky":false,"template":"","format":"standard","meta":{"_acf_changed":false,"_sitemap_exclude":false,"_sitemap_priority":"","_sitemap_frequency":"","footnotes":""},"categories":[29],"tags":[449,412,386],"class_list":["post-38223","post","type-post","status-publish","format-standard","has-post-thumbnail","hentry","category-stellantis","tag-fire","tag-firefly","tag-termoli","generate-columns","tablet-grid-50","mobile-grid-100","grid-parent","grid-33"],"acf":[],"yoast_head":"<!-- This site is optimized with the Yoast SEO plugin v25.8 - https:\/\/yoast.com\/wordpress\/plugins\/seo\/ -->\n<title>Usine Stellantis Termoli : &quot;nous assistons aux fun\u00e9railles du moteur FIRE&quot; - ItalPassion<\/title>\n<meta name=\"description\" content=\"Le couperet tombe un peu plus chaque jour sur Termoli, symbole de l&#039;industrie automobile italienne. Et cette fois, c\u2019est la ligne historique du moteur\" \/>\n<meta name=\"robots\" content=\"index, follow, max-snippet:-1, max-image-preview:large, max-video-preview:-1\" \/>\n<link rel=\"canonical\" href=\"https:\/\/www.italpassion.fr\/de\/stellantis\/fabrik-stellantis-termoli-wir-nehmen-an-der-beerdigung-des-motors-fire-teil\/\" \/>\n<meta property=\"og:locale\" content=\"de_DE\" \/>\n<meta property=\"og:type\" content=\"article\" \/>\n<meta property=\"og:title\" content=\"Usine Stellantis Termoli : &quot;nous assistons aux fun\u00e9railles du moteur FIRE&quot; - ItalPassion\" \/>\n<meta property=\"og:description\" content=\"Le couperet tombe un peu plus chaque jour sur Termoli, symbole de l&#039;industrie automobile italienne. Et cette fois, c\u2019est la ligne historique du moteur\" \/>\n<meta property=\"og:url\" content=\"https:\/\/www.italpassion.fr\/de\/stellantis\/fabrik-stellantis-termoli-wir-nehmen-an-der-beerdigung-des-motors-fire-teil\/\" \/>\n<meta property=\"og:site_name\" content=\"ItalPassion\" \/>\n<meta property=\"article:publisher\" content=\"https:\/\/www.facebook.com\/italpassion\" \/>\n<meta property=\"article:published_time\" content=\"2025-05-02T08:09:19+00:00\" \/>\n<meta property=\"og:image\" content=\"https:\/\/www.italpassion.fr\/wp-content\/uploads\/2024\/09\/firefly.jpg\" \/>\n\t<meta property=\"og:image:width\" content=\"1200\" \/>\n\t<meta property=\"og:image:height\" content=\"800\" \/>\n\t<meta property=\"og:image:type\" content=\"image\/jpeg\" \/>\n<meta name=\"author\" content=\"Alexandre Filluzeau\" \/>\n<meta name=\"twitter:card\" content=\"summary_large_image\" \/>\n<meta name=\"twitter:creator\" content=\"@italpassion\" \/>\n<meta name=\"twitter:site\" content=\"@italpassion\" \/>\n<script type=\"application\/ld+json\" class=\"yoast-schema-graph\">{\"@context\":\"https:\/\/schema.org\",\"@graph\":[{\"@type\":\"NewsArticle\",\"@id\":\"https:\/\/www.italpassion.fr\/de\/stellantis\/usine-stellantis-termoli-nous-assistons-aux-funerailles-du-moteur-fire\/#article\",\"isPartOf\":{\"@id\":\"https:\/\/www.italpassion.fr\/de\/stellantis\/usine-stellantis-termoli-nous-assistons-aux-funerailles-du-moteur-fire\/\"},\"author\":{\"name\":\"Alexandre Filluzeau\",\"@id\":\"https:\/\/www.italpassion.fr\/de\/#\/schema\/person\/36f747b2a759ca202d847e85a9434ca0\"},\"headline\":\"Usine Stellantis Termoli : \u00ab\u00a0nous assistons aux fun\u00e9railles du moteur FIRE\u00a0\u00bb\",\"datePublished\":\"2025-05-02T08:09:19+00:00\",\"mainEntityOfPage\":{\"@id\":\"https:\/\/www.italpassion.fr\/de\/stellantis\/usine-stellantis-termoli-nous-assistons-aux-funerailles-du-moteur-fire\/\"},\"wordCount\":595,\"commentCount\":19,\"publisher\":{\"@id\":\"https:\/\/www.italpassion.fr\/de\/#organization\"},\"image\":{\"@id\":\"https:\/\/www.italpassion.fr\/de\/stellantis\/usine-stellantis-termoli-nous-assistons-aux-funerailles-du-moteur-fire\/#primaryimage\"},\"thumbnailUrl\":\"https:\/\/www.italpassion.fr\/wp-content\/uploads\/2024\/09\/firefly.jpg\",\"keywords\":[\"FIRE\",\"Firefly\",\"Termoli\"],\"articleSection\":[\"Stellantis\"],\"inLanguage\":\"de\",\"potentialAction\":[{\"@type\":\"CommentAction\",\"name\":\"Comment\",\"target\":[\"https:\/\/www.italpassion.fr\/de\/stellantis\/usine-stellantis-termoli-nous-assistons-aux-funerailles-du-moteur-fire\/#respond\"]}]},{\"@type\":\"WebPage\",\"@id\":\"https:\/\/www.italpassion.fr\/de\/stellantis\/usine-stellantis-termoli-nous-assistons-aux-funerailles-du-moteur-fire\/\",\"url\":\"https:\/\/www.italpassion.fr\/de\/stellantis\/usine-stellantis-termoli-nous-assistons-aux-funerailles-du-moteur-fire\/\",\"name\":\"Usine Stellantis Termoli : \\\"nous assistons aux fun\u00e9railles du moteur FIRE\\\" - ItalPassion\",\"isPartOf\":{\"@id\":\"https:\/\/www.italpassion.fr\/de\/#website\"},\"primaryImageOfPage\":{\"@id\":\"https:\/\/www.italpassion.fr\/de\/stellantis\/usine-stellantis-termoli-nous-assistons-aux-funerailles-du-moteur-fire\/#primaryimage\"},\"image\":{\"@id\":\"https:\/\/www.italpassion.fr\/de\/stellantis\/usine-stellantis-termoli-nous-assistons-aux-funerailles-du-moteur-fire\/#primaryimage\"},\"thumbnailUrl\":\"https:\/\/www.italpassion.fr\/wp-content\/uploads\/2024\/09\/firefly.jpg\",\"datePublished\":\"2025-05-02T08:09:19+00:00\",\"description\":\"Le couperet tombe un peu plus chaque jour sur Termoli, symbole de l'industrie automobile italienne. Et cette fois, c\u2019est la ligne historique du moteur\",\"breadcrumb\":{\"@id\":\"https:\/\/www.italpassion.fr\/de\/stellantis\/usine-stellantis-termoli-nous-assistons-aux-funerailles-du-moteur-fire\/#breadcrumb\"},\"inLanguage\":\"de\",\"potentialAction\":[{\"@type\":\"ReadAction\",\"target\":[\"https:\/\/www.italpassion.fr\/de\/stellantis\/usine-stellantis-termoli-nous-assistons-aux-funerailles-du-moteur-fire\/\"]}]},{\"@type\":\"ImageObject\",\"inLanguage\":\"de\",\"@id\":\"https:\/\/www.italpassion.fr\/de\/stellantis\/usine-stellantis-termoli-nous-assistons-aux-funerailles-du-moteur-fire\/#primaryimage\",\"url\":\"https:\/\/www.italpassion.fr\/wp-content\/uploads\/2024\/09\/firefly.jpg\",\"contentUrl\":\"https:\/\/www.italpassion.fr\/wp-content\/uploads\/2024\/09\/firefly.jpg\",\"width\":1200,\"height\":800},{\"@type\":\"BreadcrumbList\",\"@id\":\"https:\/\/www.italpassion.fr\/de\/stellantis\/usine-stellantis-termoli-nous-assistons-aux-funerailles-du-moteur-fire\/#breadcrumb\",\"itemListElement\":[{\"@type\":\"ListItem\",\"position\":1,\"name\":\"Accueil\",\"item\":\"https:\/\/www.italpassion.fr\/de\/\"},{\"@type\":\"ListItem\",\"position\":2,\"name\":\"Usine Stellantis Termoli : \u00ab\u00a0nous assistons aux fun\u00e9railles du moteur FIRE\u00a0\u00bb\"}]},{\"@type\":\"WebSite\",\"@id\":\"https:\/\/www.italpassion.fr\/de\/#website\",\"url\":\"https:\/\/www.italpassion.fr\/de\/\",\"name\":\"ItalPassion\",\"description\":\"Les Passionn\u00e9s d&#039;Automobiles Italiennes\",\"publisher\":{\"@id\":\"https:\/\/www.italpassion.fr\/de\/#organization\"},\"potentialAction\":[{\"@type\":\"SearchAction\",\"target\":{\"@type\":\"EntryPoint\",\"urlTemplate\":\"https:\/\/www.italpassion.fr\/de\/?s={search_term_string}\"},\"query-input\":{\"@type\":\"PropertyValueSpecification\",\"valueRequired\":true,\"valueName\":\"search_term_string\"}}],\"inLanguage\":\"de\"},{\"@type\":\"Organization\",\"@id\":\"https:\/\/www.italpassion.fr\/de\/#organization\",\"name\":\"Italpassion\",\"url\":\"https:\/\/www.italpassion.fr\/de\/\",\"logo\":{\"@type\":\"ImageObject\",\"inLanguage\":\"de\",\"@id\":\"https:\/\/www.italpassion.fr\/de\/#\/schema\/logo\/image\/\",\"url\":\"https:\/\/www.italpassion.fr\/wp-content\/uploads\/2023\/07\/italpassion-yoast.jpg\",\"contentUrl\":\"https:\/\/www.italpassion.fr\/wp-content\/uploads\/2023\/07\/italpassion-yoast.jpg\",\"width\":696,\"height\":696,\"caption\":\"Italpassion\"},\"image\":{\"@id\":\"https:\/\/www.italpassion.fr\/de\/#\/schema\/logo\/image\/\"},\"sameAs\":[\"https:\/\/www.facebook.com\/italpassion\",\"https:\/\/x.com\/italpassion\",\"https:\/\/www.instagram.com\/italpassionfr\/\",\"https:\/\/www.youtube.com\/channel\/UCleq-ByQaA42OjhopwevRjQ\",\"https:\/\/www.facebook.com\/italpassion.en\/\",\"https:\/\/www.facebook.com\/italpassion.it\/\",\"https:\/\/www.facebook.com\/italpassion.de\/\",\"https:\/\/www.facebook.com\/italpassion.ja\/\"]},{\"@type\":\"Person\",\"@id\":\"https:\/\/www.italpassion.fr\/de\/#\/schema\/person\/36f747b2a759ca202d847e85a9434ca0\",\"name\":\"Alexandre Filluzeau\",\"image\":{\"@type\":\"ImageObject\",\"inLanguage\":\"de\",\"@id\":\"https:\/\/www.italpassion.fr\/de\/#\/schema\/person\/image\/\",\"url\":\"https:\/\/www.italpassion.fr\/wp-content\/uploads\/2025\/04\/avatar-alexandre-160x160.jpg\",\"contentUrl\":\"https:\/\/www.italpassion.fr\/wp-content\/uploads\/2025\/04\/avatar-alexandre-160x160.jpg\",\"caption\":\"Alexandre Filluzeau\"},\"description\":\"Fondateur du site ItalPassion, passionn\u00e9 de voitures italiennes et de l'Italie en g\u00e9n\u00e9ral. J'apporte un regard critique et technique aux actualit\u00e9s des marques italiennes quand cela est possible. Propri\u00e9taire d'une Maserati GranTurismo, Alfa Romeo MiTo, Lancia Fulvia et Ducati 695. Ex-propri\u00e9taire d'une Alfa Romeo Giulia.\",\"sameAs\":[\"https:\/\/www.italpassion.fr\/\"],\"url\":\"https:\/\/www.italpassion.fr\/de\/author\/alexandre\/\"}]}<\/script>\n<!-- \/ Yoast SEO plugin. -->","yoast_head_json":{"title":"Stellantis-Fabrik Termoli: \"Wir wohnen der Beerdigung des FIRE-Motors bei\" - ItalPassion","description":"Das Fallbeil f\u00e4llt jeden Tag ein wenig mehr auf Termoli, das Symbol der italienischen Automobilindustrie. Und dieses Mal ist es die historische Motorlinie","robots":{"index":"index","follow":"follow","max-snippet":"max-snippet:-1","max-image-preview":"max-image-preview:large","max-video-preview":"max-video-preview:-1"},"canonical":"https:\/\/www.italpassion.fr\/de\/stellantis\/fabrik-stellantis-termoli-wir-nehmen-an-der-beerdigung-des-motors-fire-teil\/","og_locale":"de_DE","og_type":"article","og_title":"Usine Stellantis Termoli : \"nous assistons aux fun\u00e9railles du moteur FIRE\" - ItalPassion","og_description":"Le couperet tombe un peu plus chaque jour sur Termoli, symbole de l'industrie automobile italienne. Et cette fois, c\u2019est la ligne historique du moteur","og_url":"https:\/\/www.italpassion.fr\/de\/stellantis\/fabrik-stellantis-termoli-wir-nehmen-an-der-beerdigung-des-motors-fire-teil\/","og_site_name":"ItalPassion","article_publisher":"https:\/\/www.facebook.com\/italpassion","article_published_time":"2025-05-02T08:09:19+00:00","og_image":[{"width":1200,"height":800,"url":"https:\/\/www.italpassion.fr\/wp-content\/uploads\/2024\/09\/firefly.jpg","type":"image\/jpeg"}],"author":"Alexandre Filluzeau","twitter_card":"summary_large_image","twitter_creator":"@italpassion","twitter_site":"@italpassion","schema":{"@context":"https:\/\/schema.org","@graph":[{"@type":"NewsArticle","@id":"https:\/\/www.italpassion.fr\/de\/stellantis\/usine-stellantis-termoli-nous-assistons-aux-funerailles-du-moteur-fire\/#article","isPartOf":{"@id":"https:\/\/www.italpassion.fr\/de\/stellantis\/usine-stellantis-termoli-nous-assistons-aux-funerailles-du-moteur-fire\/"},"author":{"name":"Alexandre Filluzeau","@id":"https:\/\/www.italpassion.fr\/de\/#\/schema\/person\/36f747b2a759ca202d847e85a9434ca0"},"headline":"Usine Stellantis Termoli : \u00ab\u00a0nous assistons aux fun\u00e9railles du moteur FIRE\u00a0\u00bb","datePublished":"2025-05-02T08:09:19+00:00","mainEntityOfPage":{"@id":"https:\/\/www.italpassion.fr\/de\/stellantis\/usine-stellantis-termoli-nous-assistons-aux-funerailles-du-moteur-fire\/"},"wordCount":595,"commentCount":19,"publisher":{"@id":"https:\/\/www.italpassion.fr\/de\/#organization"},"image":{"@id":"https:\/\/www.italpassion.fr\/de\/stellantis\/usine-stellantis-termoli-nous-assistons-aux-funerailles-du-moteur-fire\/#primaryimage"},"thumbnailUrl":"https:\/\/www.italpassion.fr\/wp-content\/uploads\/2024\/09\/firefly.jpg","keywords":["FIRE","Firefly","Termoli"],"articleSection":["Stellantis"],"inLanguage":"de","potentialAction":[{"@type":"CommentAction","name":"Comment","target":["https:\/\/www.italpassion.fr\/de\/stellantis\/usine-stellantis-termoli-nous-assistons-aux-funerailles-du-moteur-fire\/#respond"]}]},{"@type":"WebPage","@id":"https:\/\/www.italpassion.fr\/de\/stellantis\/usine-stellantis-termoli-nous-assistons-aux-funerailles-du-moteur-fire\/","url":"https:\/\/www.italpassion.fr\/de\/stellantis\/usine-stellantis-termoli-nous-assistons-aux-funerailles-du-moteur-fire\/","name":"Stellantis-Fabrik Termoli: \"Wir wohnen der Beerdigung des FIRE-Motors bei\" - ItalPassion","isPartOf":{"@id":"https:\/\/www.italpassion.fr\/de\/#website"},"primaryImageOfPage":{"@id":"https:\/\/www.italpassion.fr\/de\/stellantis\/usine-stellantis-termoli-nous-assistons-aux-funerailles-du-moteur-fire\/#primaryimage"},"image":{"@id":"https:\/\/www.italpassion.fr\/de\/stellantis\/usine-stellantis-termoli-nous-assistons-aux-funerailles-du-moteur-fire\/#primaryimage"},"thumbnailUrl":"https:\/\/www.italpassion.fr\/wp-content\/uploads\/2024\/09\/firefly.jpg","datePublished":"2025-05-02T08:09:19+00:00","description":"Das Fallbeil f\u00e4llt jeden Tag ein wenig mehr auf Termoli, das Symbol der italienischen Automobilindustrie. Und dieses Mal ist es die historische Motorlinie","breadcrumb":{"@id":"https:\/\/www.italpassion.fr\/de\/stellantis\/usine-stellantis-termoli-nous-assistons-aux-funerailles-du-moteur-fire\/#breadcrumb"},"inLanguage":"de","potentialAction":[{"@type":"ReadAction","target":["https:\/\/www.italpassion.fr\/de\/stellantis\/usine-stellantis-termoli-nous-assistons-aux-funerailles-du-moteur-fire\/"]}]},{"@type":"ImageObject","inLanguage":"de","@id":"https:\/\/www.italpassion.fr\/de\/stellantis\/usine-stellantis-termoli-nous-assistons-aux-funerailles-du-moteur-fire\/#primaryimage","url":"https:\/\/www.italpassion.fr\/wp-content\/uploads\/2024\/09\/firefly.jpg","contentUrl":"https:\/\/www.italpassion.fr\/wp-content\/uploads\/2024\/09\/firefly.jpg","width":1200,"height":800},{"@type":"BreadcrumbList","@id":"https:\/\/www.italpassion.fr\/de\/stellantis\/usine-stellantis-termoli-nous-assistons-aux-funerailles-du-moteur-fire\/#breadcrumb","itemListElement":[{"@type":"ListItem","position":1,"name":"Accueil","item":"https:\/\/www.italpassion.fr\/de\/"},{"@type":"ListItem","position":2,"name":"Usine Stellantis Termoli : \u00ab\u00a0nous assistons aux fun\u00e9railles du moteur FIRE\u00a0\u00bb"}]},{"@type":"WebSite","@id":"https:\/\/www.italpassion.fr\/de\/#website","url":"https:\/\/www.italpassion.fr\/de\/","name":"ItalPassion","description":"Die Liebhaber italienischer Autos","publisher":{"@id":"https:\/\/www.italpassion.fr\/de\/#organization"},"potentialAction":[{"@type":"SearchAction","target":{"@type":"EntryPoint","urlTemplate":"https:\/\/www.italpassion.fr\/de\/?s={search_term_string}"},"query-input":{"@type":"PropertyValueSpecification","valueRequired":true,"valueName":"search_term_string"}}],"inLanguage":"de"},{"@type":"Organization","@id":"https:\/\/www.italpassion.fr\/de\/#organization","name":"Italpassion","url":"https:\/\/www.italpassion.fr\/de\/","logo":{"@type":"ImageObject","inLanguage":"de","@id":"https:\/\/www.italpassion.fr\/de\/#\/schema\/logo\/image\/","url":"https:\/\/www.italpassion.fr\/wp-content\/uploads\/2023\/07\/italpassion-yoast.jpg","contentUrl":"https:\/\/www.italpassion.fr\/wp-content\/uploads\/2023\/07\/italpassion-yoast.jpg","width":696,"height":696,"caption":"Italpassion"},"image":{"@id":"https:\/\/www.italpassion.fr\/de\/#\/schema\/logo\/image\/"},"sameAs":["https:\/\/www.facebook.com\/italpassion","https:\/\/x.com\/italpassion","https:\/\/www.instagram.com\/italpassionfr\/","https:\/\/www.youtube.com\/channel\/UCleq-ByQaA42OjhopwevRjQ","https:\/\/www.facebook.com\/italpassion.en\/","https:\/\/www.facebook.com\/italpassion.it\/","https:\/\/www.facebook.com\/italpassion.de\/","https:\/\/www.facebook.com\/italpassion.ja\/"]},{"@type":"Person","@id":"https:\/\/www.italpassion.fr\/de\/#\/schema\/person\/36f747b2a759ca202d847e85a9434ca0","name":"Alexandre Filluzeau","image":{"@type":"ImageObject","inLanguage":"de","@id":"https:\/\/www.italpassion.fr\/de\/#\/schema\/person\/image\/","url":"https:\/\/www.italpassion.fr\/wp-content\/uploads\/2025\/04\/avatar-alexandre-160x160.jpg","contentUrl":"https:\/\/www.italpassion.fr\/wp-content\/uploads\/2025\/04\/avatar-alexandre-160x160.jpg","caption":"Alexandre Filluzeau"},"description":"Gr\u00fcnder der Website ItalPassion, leidenschaftlicher Fan von italienischen Autos und Italien im Allgemeinen. Ich bringe einen kritischen und technischen Blick auf die Nachrichten der italienischen Marken, wann immer es m\u00f6glich ist. Besitzer eines Maserati GranTurismo, Alfa Romeo MiTo, Lancia Fulvia und Ducati 695. Ex-Besitzer einer Alfa Romeo Giulia.","sameAs":["https:\/\/www.italpassion.fr\/"],"url":"https:\/\/www.italpassion.fr\/de\/author\/alexandre\/"}]}},"_links":{"self":[{"href":"https:\/\/www.italpassion.fr\/de\/wp-json\/wp\/v2\/posts\/38223","targetHints":{"allow":["GET"]}}],"collection":[{"href":"https:\/\/www.italpassion.fr\/de\/wp-json\/wp\/v2\/posts"}],"about":[{"href":"https:\/\/www.italpassion.fr\/de\/wp-json\/wp\/v2\/types\/post"}],"author":[{"embeddable":true,"href":"https:\/\/www.italpassion.fr\/de\/wp-json\/wp\/v2\/users\/1"}],"replies":[{"embeddable":true,"href":"https:\/\/www.italpassion.fr\/de\/wp-json\/wp\/v2\/comments?post=38223"}],"version-history":[{"count":1,"href":"https:\/\/www.italpassion.fr\/de\/wp-json\/wp\/v2\/posts\/38223\/revisions"}],"predecessor-version":[{"id":38224,"href":"https:\/\/www.italpassion.fr\/de\/wp-json\/wp\/v2\/posts\/38223\/revisions\/38224"}],"wp:featuredmedia":[{"embeddable":true,"href":"https:\/\/www.italpassion.fr\/de\/wp-json\/wp\/v2\/media\/34619"}],"wp:attachment":[{"href":"https:\/\/www.italpassion.fr\/de\/wp-json\/wp\/v2\/media?parent=38223"}],"wp:term":[{"taxonomy":"category","embeddable":true,"href":"https:\/\/www.italpassion.fr\/de\/wp-json\/wp\/v2\/categories?post=38223"},{"taxonomy":"post_tag","embeddable":true,"href":"https:\/\/www.italpassion.fr\/de\/wp-json\/wp\/v2\/tags?post=38223"}],"curies":[{"name":"wp","href":"https:\/\/api.w.org\/{rel}","templated":true}]}}