{"id":38219,"date":"2025-05-02T09:24:30","date_gmt":"2025-05-02T07:24:30","guid":{"rendered":"https:\/\/www.italpassion.fr\/?p=38219"},"modified":"2025-05-02T09:24:30","modified_gmt":"2025-05-02T07:24:30","slug":"alfa-romeo-tonale-italienische-carabinieri-wollen-nicht-mehr-und-klagen-an","status":"publish","type":"post","link":"https:\/\/www.italpassion.fr\/de\/alfa-romeo\/alfa-romeo-tonale-les-carabiniers-italiens-nen-veulent-plus-et-portent-plainte\/","title":{"rendered":"Alfa Romeo Tonale: Die italienischen Carabinieri wollen ihn nicht mehr und klagen an!"},"content":{"rendered":"<figure class=\"wp-block-image size-full\"><img loading=\"lazy\" decoding=\"async\" width=\"1200\" height=\"800\" src=\"https:\/\/www.italpassion.fr\/wp-content\/uploads\/2025\/05\/alfa-romeo-tonale-carbineri.jpg\" alt=\"\" class=\"wp-image-38221\" srcset=\"https:\/\/www.italpassion.fr\/wp-content\/uploads\/2025\/05\/alfa-romeo-tonale-carbineri.jpg 1200w, https:\/\/www.italpassion.fr\/wp-content\/uploads\/2025\/05\/alfa-romeo-tonale-carbineri-420x280.jpg 420w, https:\/\/www.italpassion.fr\/wp-content\/uploads\/2025\/05\/alfa-romeo-tonale-carbineri-768x512.jpg 768w, https:\/\/www.italpassion.fr\/wp-content\/uploads\/2025\/05\/alfa-romeo-tonale-carbineri-18x12.jpg 18w\" sizes=\"auto, (max-width: 1200px) 100vw, 1200px\" \/><\/figure>\n\n\n\n<p>Der Alfa Romeo Tonale, ein Hybrid-SUV, der f\u00fcr die Wiederbelebung der Mail\u00e4nder Marke steht, steht heute im Mittelpunkt einer unerwarteten Polemik. <strong>Die Gewerkschaft UNARMA, die einen Teil der italienischen Carabinieri vertritt, hat bei der Staatsanwaltschaft in Rom eine offizielle Beschwerde eingereicht, in der sie die Ungeeignetheit des Tonale f\u00fcr Eins\u00e4tze vor Ort anprangert.<\/strong><\/p>\n\n\n\n<h2 class=\"wp-block-heading\">SUV als dienstuntauglich eingestuft<\/h2>\n\n\n\n<p>Seit Juni 2023 wurden mehrere Tonale in der 160-PS-Version mit Siebengang-Automatikgetriebe f\u00fcr mobile Patrouilleneins\u00e4tze in die Flotte der Ordnungskr\u00e4fte aufgenommen. Diese Fahrzeuge wurden f\u00fcr den Dienst umgebaut: Teilpanzerung, Zelle f\u00fcr Festgenommene, blaue LED-Leuchten, Funkausr\u00fcstung usw.<\/p>\n\n\n\n<p>Laut den von UNARMA gesammelten Erfahrungsberichten aus der Praxis jedoch nicht, <strong>die Stra\u00dfenlage des Fahrzeugs w\u00fcrde in Notsituationen Probleme bereiten, z. B. bei Verfolgungsjagden mit hoher Geschwindigkeit oder auf schlechten Stra\u00dfen,<\/strong> ein f\u00fcr Carabinieri dennoch \u00fcbliches Terrain. Mehrere Beamte behaupten, dass diese M\u00e4ngel <strong>ihre Sicherheit gef\u00e4hrden und die Wirksamkeit der Interventionen beeintr\u00e4chtigen.<\/strong><\/p>\n\n\n\n<h2 class=\"wp-block-heading\">Vorf\u00e4lle in Serie<\/h2>\n\n\n\n<p>In der eingereichten Beschwerde wird die Zunahme interner Meldungen erw\u00e4hnt und auch auf Unf\u00e4lle hingewiesen, in die k\u00fcrzlich ausgelieferte Tonale verwickelt waren. <\/p>\n\n\n\n<blockquote class=\"instagram-media\" data-instgrm-permalink=\"https:\/\/www.instagram.com\/p\/DBolV7pIUQc\/?utm_source=ig_embed&amp;utm_campaign=loading\" data-instgrm-version=\"14\" style=\" background:#FFF; border:0; border-radius:3px; box-shadow:0 0 1px 0 rgba(0,0,0,0.5),0 1px 10px 0 rgba(0,0,0,0.15); margin: 1px; max-width:540px; min-width:326px; padding:0; width:99.375%; width:-webkit-calc(100% - 2px); width:calc(100% - 2px);\"><div style=\"padding:16px;\"> <a href=\"https:\/\/www.instagram.com\/p\/DBolV7pIUQc\/?utm_source=ig_embed&amp;utm_campaign=loading\" style=\" background:#FFFFFF; line-height:0; padding:0 0; text-align:center; text-decoration:none; width:100%;\" target=\"_blank\"> <div style=\" display: flex; flex-direction: row; align-items: center;\"> <div style=\"background-color: #F4F4F4; border-radius: 50%; flex-grow: 0; height: 40px; margin-right: 14px; width: 40px;\"><\/div> <div style=\"display: flex; flex-direction: column; flex-grow: 1; justify-content: center;\"> <div style=\" background-color: #F4F4F4; border-radius: 4px; flex-grow: 0; height: 14px; margin-bottom: 6px; width: 100px;\"><\/div> <div style=\" background-color: #F4F4F4; border-radius: 4px; flex-grow: 0; height: 14px; width: 60px;\"><\/div><\/div><\/div><div style=\"padding: 19% 0;\"><\/div> <div style=\"display:block; height:50px; margin:0 auto 12px; width:50px;\"><svg width=\"50px\" height=\"50px\" viewbox=\"0 0 60 60\" version=\"1.1\" xmlns=\"https:\/\/www.w3.org\/2000\/svg\" xmlns:xlink=\"https:\/\/www.w3.org\/1999\/xlink\"><g stroke=\"none\" stroke-width=\"1\" fill=\"none\" fill-rule=\"evenodd\"><g transform=\"translate(-511.000000, -20.000000)\" fill=\"#000000\"><g><path d=\"M556.869,30.41 C554.814,30.41 553.148,32.076 553.148,34.131 C553.148,36.186 554.814,37.852 556.869,37.852 C558.924,37.852 560.59,36.186 560.59,34.131 C560.59,32.076 558.924,30.41 556.869,30.41 M541,60.657 C535.114,60.657 530.342,55.887 530.342,50 C530.342,44.114 535.114,39.342 541,39.342 C546.887,39.342 551.658,44.114 551.658,50 C551.658,55.887 546.887,60.657 541,60.657 M541,33.886 C532.1,33.886 524.886,41.1 524.886,50 C524.886,58.899 532.1,66.113 541,66.113 C549.9,66.113 557.115,58.899 557.115,50 C557.115,41.1 549.9,33.886 541,33.886 M565.378,62.101 C565.244,65.022 564.756,66.606 564.346,67.663 C563.803,69.06 563.154,70.057 562.106,71.106 C561.058,72.155 560.06,72.803 558.662,73.347 C557.607,73.757 556.021,74.244 553.102,74.378 C549.944,74.521 548.997,74.552 541,74.552 C533.003,74.552 532.056,74.521 528.898,74.378 C525.979,74.244 524.393,73.757 523.338,73.347 C521.94,72.803 520.942,72.155 519.894,71.106 C518.846,70.057 518.197,69.06 517.654,67.663 C517.244,66.606 516.755,65.022 516.623,62.101 C516.479,58.943 516.448,57.996 516.448,50 C516.448,42.003 516.479,41.056 516.623,37.899 C516.755,34.978 517.244,33.391 517.654,32.338 C518.197,30.938 518.846,29.942 519.894,28.894 C520.942,27.846 521.94,27.196 523.338,26.654 C524.393,26.244 525.979,25.756 528.898,25.623 C532.057,25.479 533.004,25.448 541,25.448 C548.997,25.448 549.943,25.479 553.102,25.623 C556.021,25.756 557.607,26.244 558.662,26.654 C560.06,27.196 561.058,27.846 562.106,28.894 C563.154,29.942 563.803,30.938 564.346,32.338 C564.756,33.391 565.244,34.978 565.378,37.899 C565.522,41.056 565.552,42.003 565.552,50 C565.552,57.996 565.522,58.943 565.378,62.101 M570.82,37.631 C570.674,34.438 570.167,32.258 569.425,30.349 C568.659,28.377 567.633,26.702 565.965,25.035 C564.297,23.368 562.623,22.342 560.652,21.575 C558.743,20.834 556.562,20.326 553.369,20.18 C550.169,20.033 549.148,20 541,20 C532.853,20 531.831,20.033 528.631,20.18 C525.438,20.326 523.257,20.834 521.349,21.575 C519.376,22.342 517.703,23.368 516.035,25.035 C514.368,26.702 513.342,28.377 512.574,30.349 C511.834,32.258 511.326,34.438 511.181,37.631 C511.035,40.831 511,41.851 511,50 C511,58.147 511.035,59.17 511.181,62.369 C511.326,65.562 511.834,67.743 512.574,69.651 C513.342,71.625 514.368,73.296 516.035,74.965 C517.703,76.634 519.376,77.658 521.349,78.425 C523.257,79.167 525.438,79.673 528.631,79.82 C531.831,79.965 532.853,80.001 541,80.001 C549.148,80.001 550.169,79.965 553.369,79.82 C556.562,79.673 558.743,79.167 560.652,78.425 C562.623,77.658 564.297,76.634 565.965,74.965 C567.633,73.296 568.659,71.625 569.425,69.651 C570.167,67.743 570.674,65.562 570.82,62.369 C570.966,59.17 571,58.147 571,50 C571,41.851 570.966,40.831 570.82,37.631\"><\/path><\/g><\/g><\/g><\/svg><\/div><div style=\"padding-top: 8px;\"> <div style=\" color:#3897f0; font-family:Arial,sans-serif; font-size:14px; font-style:normal; font-weight:550; line-height:18px;\">Diesen Beitrag auf Instagram ansehen<\/div><\/div><div style=\"padding: 12.5% 0;\"><\/div> <div style=\"display: flex; flex-direction: row; margin-bottom: 14px; align-items: center;\"><div> <div style=\"background-color: #F4F4F4; border-radius: 50%; height: 12.5px; width: 12.5px; transform: translateX(0px) translateY(7px);\"><\/div> <div style=\"background-color: #F4F4F4; height: 12.5px; transform: rotate(-45deg) translateX(3px) translateY(1px); width: 12.5px; flex-grow: 0; margin-right: 14px; margin-left: 2px;\"><\/div> <div style=\"background-color: #F4F4F4; border-radius: 50%; height: 12.5px; width: 12.5px; transform: translateX(9px) translateY(-18px);\"><\/div><\/div><div style=\"margin-left: 8px;\"> <div style=\" background-color: #F4F4F4; border-radius: 50%; flex-grow: 0; height: 20px; width: 20px;\"><\/div> <div style=\" width: 0; height: 0; border-top: 2px solid transparent; border-left: 6px solid #f4f4f4; border-bottom: 2px solid transparent; transform: translateX(16px) translateY(-4px) rotate(30deg)\"><\/div><\/div><div style=\"margin-left: auto;\"> <div style=\" width: 0px; border-top: 8px solid #F4F4F4; border-right: 8px solid transparent; transform: translateY(16px);\"><\/div> <div style=\" background-color: #F4F4F4; flex-grow: 0; height: 12px; width: 16px; transform: translateY(-4px);\"><\/div> <div style=\" width: 0; height: 0; border-top: 8px solid #F4F4F4; border-left: 8px solid transparent; transform: translateY(-4px) translateX(8px);\"><\/div><\/div><\/div> <div style=\"display: flex; flex-direction: column; flex-grow: 1; justify-content: center; margin-bottom: 24px;\"> <div style=\" background-color: #F4F4F4; border-radius: 4px; flex-grow: 0; height: 14px; margin-bottom: 6px; width: 224px;\"><\/div> <div style=\" background-color: #F4F4F4; border-radius: 4px; flex-grow: 0; height: 14px; width: 144px;\"><\/div><\/div><\/a><p style=\" color:#c9c8cd; font-family:Arial,sans-serif; font-size:14px; line-height:17px; margin-bottom:0; margin-top:8px; overflow:hidden; padding:8px 0 7px; text-align:center; text-overflow:ellipsis; white-space:nowrap;\"><a href=\"https:\/\/www.instagram.com\/p\/DBolV7pIUQc\/?utm_source=ig_embed&amp;utm_campaign=loading\" style=\" color:#c9c8cd; font-family:Arial,sans-serif; font-size:14px; font-style:normal; font-weight:normal; line-height:17px; text-decoration:none;\" target=\"_blank\">Ein Beitrag geteilt von @veicoli_.demergenza<\/a><\/p><\/div><\/blockquote>\n<script async src=\"\/\/www.instagram.com\/embed.js\"><\/script>\n\n\n\n<p>Obwohl der Tonale f\u00fcr das t\u00e4gliche Fahren der breiten \u00d6ffentlichkeit als sicher gilt, <strong>die hier aufgeworfene Frage betrifft ausschlie\u00dflich die intensive operative Nutzung durch die Strafverfolgungsbeh\u00f6rden,<\/strong> wo die Belastungen deutlich h\u00f6her sind.<\/p>\n\n\n\n<h2 class=\"wp-block-heading\">Die Gewerkschaft UNARMA geht an die Front<\/h2>\n\n\n\n<p>In einer offiziellen Erkl\u00e4rung prangerte Antonio Nicolosi, nationaler Generalsekret\u00e4r von UNARMA, eine \"inakzeptable\" Situation an: \"Es liegt in der Verantwortung der Verwaltung, sichere, zuverl\u00e4ssige und vollst\u00e4ndig an die operativen Anforderungen angepasste Mittel zu gew\u00e4hrleisten. Wir werden nicht ruhen, bis alles gekl\u00e4rt ist\".<\/p>\n\n\n<div class=\"wp-block-image\">\n<figure class=\"aligncenter size-full\"><img loading=\"lazy\" decoding=\"async\" width=\"541\" height=\"541\" src=\"https:\/\/www.italpassion.fr\/wp-content\/uploads\/2025\/05\/plainte-unarma.jpg\" alt=\"\" class=\"wp-image-38220\" srcset=\"https:\/\/www.italpassion.fr\/wp-content\/uploads\/2025\/05\/plainte-unarma.jpg 541w, https:\/\/www.italpassion.fr\/wp-content\/uploads\/2025\/05\/plainte-unarma-420x420.jpg 420w, https:\/\/www.italpassion.fr\/wp-content\/uploads\/2025\/05\/plainte-unarma-160x160.jpg 160w, https:\/\/www.italpassion.fr\/wp-content\/uploads\/2025\/05\/plainte-unarma-12x12.jpg 12w\" sizes=\"auto, (max-width: 541px) 100vw, 541px\" \/><figcaption class=\"wp-element-caption\">Offizielle Beschwerde der UNARMA bei der Staatsanwaltschaft in Rom<\/figcaption><\/figure>\n<\/div>\n\n\n<p>UNARMA fordert eine umfassende Untersuchung, die den Zugang zu technischen Unterlagen, Liefervertr\u00e4gen, Abnahmeprotokollen und Testergebnissen beinhaltet. <strong>Die Gewerkschaft betont, dass diese Aktion dem Schutz der Bediensteten diene und nicht dem Image von Alfa Romeo schaden solle.<\/strong><\/p>\n\n\n\n<h2 class=\"wp-block-heading\">Ein heikler Fall f\u00fcr Alfa Romeo<\/h2>\n\n\n\n<p>Diese Angelegenheit ist umso heikler, als sie zu einem Zeitpunkt stattfindet, an dem <a href=\"https:\/\/www.italpassion.fr\/de\/alfa-romeo\/alfa-romeo-tonale-ein-restyling-ist-fur-mitte-dannee-2025-geplant\/\">der Tonale soll bald ein Update erhalten<\/a> in diesem Jahr. F\u00fcr <a href=\"https:\/\/www.italpassion.fr\/de\/alfa-romeo\/\">Alfa Romeo<\/a> und <a href=\"https:\/\/www.italpassion.fr\/de\/stellantis\/\">Stellantis<\/a>Der Tonale ist ein strategisches Modell.<\/p>\n\n\n\n<p>Es bleibt nun abzuwarten, ob diese Beschwerde zu einer \u00c4nderung der Spezifikationen der Dienstfahrzeuge oder gar zu einem Wechsel des Anbieters f\u00fcr die n\u00e4chsten Flotten f\u00fcr die Carabinieri f\u00fchren wird. Es sei darauf hingewiesen, dass nach unserem Kenntnisstand derzeit <a href=\"https:\/\/www.italpassion.fr\/de\/alfa-romeo\/alfa-romeo-junior-die-italienische-polizei-lasst-sich-die-ersten-exemplare-liefern\/\">die Polizei hat sich Alfa Romeo Junior liefern lassen<\/a>Die Carabinieri waren jedoch nicht dabei.<\/p>\n\n\n\n<p><\/p>","protected":false},"excerpt":{"rendered":"","protected":false},"author":1,"featured_media":38221,"comment_status":"open","ping_status":"open","sticky":false,"template":"","format":"standard","meta":{"_acf_changed":false,"_sitemap_exclude":false,"_sitemap_priority":"","_sitemap_frequency":"","footnotes":""},"categories":[22],"tags":[294],"class_list":["post-38219","post","type-post","status-publish","format-standard","has-post-thumbnail","hentry","category-alfa-romeo","tag-alfa-romeo-tonale","generate-columns","tablet-grid-50","mobile-grid-100","grid-parent","grid-33"],"acf":[],"yoast_head":"<!-- This site is optimized with the Yoast SEO plugin v25.8 - https:\/\/yoast.com\/wordpress\/plugins\/seo\/ -->\n<title>Alfa Romeo Tonale : les carabiniers italiens n&#039;en veulent plus et portent plainte ! - ItalPassion<\/title>\n<meta name=\"description\" content=\"C\u2019est une affaire qui fait grand bruit en Italie : l\u2019Alfa Romeo Tonale, SUV hybride embl\u00e9matique du renouveau de la marque milanaise, est aujourd\u2019hui au\" \/>\n<meta name=\"robots\" content=\"index, follow, max-snippet:-1, max-image-preview:large, max-video-preview:-1\" \/>\n<link rel=\"canonical\" href=\"https:\/\/www.italpassion.fr\/de\/alfa-romeo\/alfa-romeo-tonale-italienische-carabinieri-wollen-nicht-mehr-und-klagen-an\/\" \/>\n<meta property=\"og:locale\" content=\"de_DE\" \/>\n<meta property=\"og:type\" content=\"article\" \/>\n<meta property=\"og:title\" content=\"Alfa Romeo Tonale : les carabiniers italiens n&#039;en veulent plus et portent plainte ! - ItalPassion\" \/>\n<meta property=\"og:description\" content=\"C\u2019est une affaire qui fait grand bruit en Italie : l\u2019Alfa Romeo Tonale, SUV hybride embl\u00e9matique du renouveau de la marque milanaise, est aujourd\u2019hui au\" \/>\n<meta property=\"og:url\" content=\"https:\/\/www.italpassion.fr\/de\/alfa-romeo\/alfa-romeo-tonale-italienische-carabinieri-wollen-nicht-mehr-und-klagen-an\/\" \/>\n<meta property=\"og:site_name\" content=\"ItalPassion\" \/>\n<meta property=\"article:publisher\" content=\"https:\/\/www.facebook.com\/italpassion\" \/>\n<meta property=\"article:published_time\" content=\"2025-05-02T07:24:30+00:00\" \/>\n<meta property=\"og:image\" content=\"https:\/\/www.italpassion.fr\/wp-content\/uploads\/2025\/05\/alfa-romeo-tonale-carbineri.jpg\" \/>\n\t<meta property=\"og:image:width\" content=\"1200\" \/>\n\t<meta property=\"og:image:height\" content=\"800\" \/>\n\t<meta property=\"og:image:type\" content=\"image\/jpeg\" \/>\n<meta name=\"author\" content=\"Alexandre Filluzeau\" \/>\n<meta name=\"twitter:card\" content=\"summary_large_image\" \/>\n<meta name=\"twitter:creator\" content=\"@italpassion\" \/>\n<meta name=\"twitter:site\" content=\"@italpassion\" \/>\n<script type=\"application\/ld+json\" class=\"yoast-schema-graph\">{\"@context\":\"https:\/\/schema.org\",\"@graph\":[{\"@type\":\"NewsArticle\",\"@id\":\"https:\/\/www.italpassion.fr\/de\/alfa-romeo\/alfa-romeo-tonale-les-carabiniers-italiens-nen-veulent-plus-et-portent-plainte\/#article\",\"isPartOf\":{\"@id\":\"https:\/\/www.italpassion.fr\/de\/alfa-romeo\/alfa-romeo-tonale-les-carabiniers-italiens-nen-veulent-plus-et-portent-plainte\/\"},\"author\":{\"name\":\"Alexandre Filluzeau\",\"@id\":\"https:\/\/www.italpassion.fr\/de\/#\/schema\/person\/36f747b2a759ca202d847e85a9434ca0\"},\"headline\":\"Alfa Romeo Tonale : les carabiniers italiens n&rsquo;en veulent plus et portent plainte !\",\"datePublished\":\"2025-05-02T07:24:30+00:00\",\"mainEntityOfPage\":{\"@id\":\"https:\/\/www.italpassion.fr\/de\/alfa-romeo\/alfa-romeo-tonale-les-carabiniers-italiens-nen-veulent-plus-et-portent-plainte\/\"},\"wordCount\":521,\"commentCount\":46,\"publisher\":{\"@id\":\"https:\/\/www.italpassion.fr\/de\/#organization\"},\"image\":{\"@id\":\"https:\/\/www.italpassion.fr\/de\/alfa-romeo\/alfa-romeo-tonale-les-carabiniers-italiens-nen-veulent-plus-et-portent-plainte\/#primaryimage\"},\"thumbnailUrl\":\"https:\/\/www.italpassion.fr\/wp-content\/uploads\/2025\/05\/alfa-romeo-tonale-carbineri.jpg\",\"keywords\":[\"Alfa Romeo Tonale\"],\"articleSection\":[\"Alfa Romeo\"],\"inLanguage\":\"de\",\"potentialAction\":[{\"@type\":\"CommentAction\",\"name\":\"Comment\",\"target\":[\"https:\/\/www.italpassion.fr\/de\/alfa-romeo\/alfa-romeo-tonale-les-carabiniers-italiens-nen-veulent-plus-et-portent-plainte\/#respond\"]}]},{\"@type\":\"WebPage\",\"@id\":\"https:\/\/www.italpassion.fr\/de\/alfa-romeo\/alfa-romeo-tonale-les-carabiniers-italiens-nen-veulent-plus-et-portent-plainte\/\",\"url\":\"https:\/\/www.italpassion.fr\/de\/alfa-romeo\/alfa-romeo-tonale-les-carabiniers-italiens-nen-veulent-plus-et-portent-plainte\/\",\"name\":\"Alfa Romeo Tonale : les carabiniers italiens n'en veulent plus et portent plainte ! - ItalPassion\",\"isPartOf\":{\"@id\":\"https:\/\/www.italpassion.fr\/de\/#website\"},\"primaryImageOfPage\":{\"@id\":\"https:\/\/www.italpassion.fr\/de\/alfa-romeo\/alfa-romeo-tonale-les-carabiniers-italiens-nen-veulent-plus-et-portent-plainte\/#primaryimage\"},\"image\":{\"@id\":\"https:\/\/www.italpassion.fr\/de\/alfa-romeo\/alfa-romeo-tonale-les-carabiniers-italiens-nen-veulent-plus-et-portent-plainte\/#primaryimage\"},\"thumbnailUrl\":\"https:\/\/www.italpassion.fr\/wp-content\/uploads\/2025\/05\/alfa-romeo-tonale-carbineri.jpg\",\"datePublished\":\"2025-05-02T07:24:30+00:00\",\"description\":\"C\u2019est une affaire qui fait grand bruit en Italie : l\u2019Alfa Romeo Tonale, SUV hybride embl\u00e9matique du renouveau de la marque milanaise, est aujourd\u2019hui au\",\"breadcrumb\":{\"@id\":\"https:\/\/www.italpassion.fr\/de\/alfa-romeo\/alfa-romeo-tonale-les-carabiniers-italiens-nen-veulent-plus-et-portent-plainte\/#breadcrumb\"},\"inLanguage\":\"de\",\"potentialAction\":[{\"@type\":\"ReadAction\",\"target\":[\"https:\/\/www.italpassion.fr\/de\/alfa-romeo\/alfa-romeo-tonale-les-carabiniers-italiens-nen-veulent-plus-et-portent-plainte\/\"]}]},{\"@type\":\"ImageObject\",\"inLanguage\":\"de\",\"@id\":\"https:\/\/www.italpassion.fr\/de\/alfa-romeo\/alfa-romeo-tonale-les-carabiniers-italiens-nen-veulent-plus-et-portent-plainte\/#primaryimage\",\"url\":\"https:\/\/www.italpassion.fr\/wp-content\/uploads\/2025\/05\/alfa-romeo-tonale-carbineri.jpg\",\"contentUrl\":\"https:\/\/www.italpassion.fr\/wp-content\/uploads\/2025\/05\/alfa-romeo-tonale-carbineri.jpg\",\"width\":1200,\"height\":800},{\"@type\":\"BreadcrumbList\",\"@id\":\"https:\/\/www.italpassion.fr\/de\/alfa-romeo\/alfa-romeo-tonale-les-carabiniers-italiens-nen-veulent-plus-et-portent-plainte\/#breadcrumb\",\"itemListElement\":[{\"@type\":\"ListItem\",\"position\":1,\"name\":\"Accueil\",\"item\":\"https:\/\/www.italpassion.fr\/de\/\"},{\"@type\":\"ListItem\",\"position\":2,\"name\":\"Alfa Romeo Tonale : les carabiniers italiens n&rsquo;en veulent plus et portent plainte !\"}]},{\"@type\":\"WebSite\",\"@id\":\"https:\/\/www.italpassion.fr\/de\/#website\",\"url\":\"https:\/\/www.italpassion.fr\/de\/\",\"name\":\"ItalPassion\",\"description\":\"Les Passionn\u00e9s d&#039;Automobiles Italiennes\",\"publisher\":{\"@id\":\"https:\/\/www.italpassion.fr\/de\/#organization\"},\"potentialAction\":[{\"@type\":\"SearchAction\",\"target\":{\"@type\":\"EntryPoint\",\"urlTemplate\":\"https:\/\/www.italpassion.fr\/de\/?s={search_term_string}\"},\"query-input\":{\"@type\":\"PropertyValueSpecification\",\"valueRequired\":true,\"valueName\":\"search_term_string\"}}],\"inLanguage\":\"de\"},{\"@type\":\"Organization\",\"@id\":\"https:\/\/www.italpassion.fr\/de\/#organization\",\"name\":\"Italpassion\",\"url\":\"https:\/\/www.italpassion.fr\/de\/\",\"logo\":{\"@type\":\"ImageObject\",\"inLanguage\":\"de\",\"@id\":\"https:\/\/www.italpassion.fr\/de\/#\/schema\/logo\/image\/\",\"url\":\"https:\/\/www.italpassion.fr\/wp-content\/uploads\/2023\/07\/italpassion-yoast.jpg\",\"contentUrl\":\"https:\/\/www.italpassion.fr\/wp-content\/uploads\/2023\/07\/italpassion-yoast.jpg\",\"width\":696,\"height\":696,\"caption\":\"Italpassion\"},\"image\":{\"@id\":\"https:\/\/www.italpassion.fr\/de\/#\/schema\/logo\/image\/\"},\"sameAs\":[\"https:\/\/www.facebook.com\/italpassion\",\"https:\/\/x.com\/italpassion\",\"https:\/\/www.instagram.com\/italpassionfr\/\",\"https:\/\/www.youtube.com\/channel\/UCleq-ByQaA42OjhopwevRjQ\",\"https:\/\/www.facebook.com\/italpassion.en\/\",\"https:\/\/www.facebook.com\/italpassion.it\/\",\"https:\/\/www.facebook.com\/italpassion.de\/\",\"https:\/\/www.facebook.com\/italpassion.ja\/\"]},{\"@type\":\"Person\",\"@id\":\"https:\/\/www.italpassion.fr\/de\/#\/schema\/person\/36f747b2a759ca202d847e85a9434ca0\",\"name\":\"Alexandre Filluzeau\",\"image\":{\"@type\":\"ImageObject\",\"inLanguage\":\"de\",\"@id\":\"https:\/\/www.italpassion.fr\/de\/#\/schema\/person\/image\/\",\"url\":\"https:\/\/www.italpassion.fr\/wp-content\/uploads\/2025\/04\/avatar-alexandre-160x160.jpg\",\"contentUrl\":\"https:\/\/www.italpassion.fr\/wp-content\/uploads\/2025\/04\/avatar-alexandre-160x160.jpg\",\"caption\":\"Alexandre Filluzeau\"},\"description\":\"Fondateur du site ItalPassion, passionn\u00e9 de voitures italiennes et de l'Italie en g\u00e9n\u00e9ral. J'apporte un regard critique et technique aux actualit\u00e9s des marques italiennes quand cela est possible. Propri\u00e9taire d'une Maserati GranTurismo, Alfa Romeo MiTo, Lancia Fulvia et Ducati 695. Ex-propri\u00e9taire d'une Alfa Romeo Giulia.\",\"sameAs\":[\"https:\/\/www.italpassion.fr\/\"],\"url\":\"https:\/\/www.italpassion.fr\/de\/author\/alexandre\/\"}]}<\/script>\n<!-- \/ Yoast SEO plugin. -->","yoast_head_json":{"title":"Alfa Romeo Tonale: Die italienischen Carabinieri wollen ihn nicht mehr und klagen an! - ItalPassion","description":"Der Alfa Romeo Tonale, ein Hybrid-SUV, der f\u00fcr die Wiederbelebung der Mail\u00e4nder Marke steht, ist in Italien ein gro\u00dfes Thema.","robots":{"index":"index","follow":"follow","max-snippet":"max-snippet:-1","max-image-preview":"max-image-preview:large","max-video-preview":"max-video-preview:-1"},"canonical":"https:\/\/www.italpassion.fr\/de\/alfa-romeo\/alfa-romeo-tonale-italienische-carabinieri-wollen-nicht-mehr-und-klagen-an\/","og_locale":"de_DE","og_type":"article","og_title":"Alfa Romeo Tonale : les carabiniers italiens n'en veulent plus et portent plainte ! - ItalPassion","og_description":"C\u2019est une affaire qui fait grand bruit en Italie : l\u2019Alfa Romeo Tonale, SUV hybride embl\u00e9matique du renouveau de la marque milanaise, est aujourd\u2019hui au","og_url":"https:\/\/www.italpassion.fr\/de\/alfa-romeo\/alfa-romeo-tonale-italienische-carabinieri-wollen-nicht-mehr-und-klagen-an\/","og_site_name":"ItalPassion","article_publisher":"https:\/\/www.facebook.com\/italpassion","article_published_time":"2025-05-02T07:24:30+00:00","og_image":[{"width":1200,"height":800,"url":"https:\/\/www.italpassion.fr\/wp-content\/uploads\/2025\/05\/alfa-romeo-tonale-carbineri.jpg","type":"image\/jpeg"}],"author":"Alexandre Filluzeau","twitter_card":"summary_large_image","twitter_creator":"@italpassion","twitter_site":"@italpassion","schema":{"@context":"https:\/\/schema.org","@graph":[{"@type":"NewsArticle","@id":"https:\/\/www.italpassion.fr\/de\/alfa-romeo\/alfa-romeo-tonale-les-carabiniers-italiens-nen-veulent-plus-et-portent-plainte\/#article","isPartOf":{"@id":"https:\/\/www.italpassion.fr\/de\/alfa-romeo\/alfa-romeo-tonale-les-carabiniers-italiens-nen-veulent-plus-et-portent-plainte\/"},"author":{"name":"Alexandre Filluzeau","@id":"https:\/\/www.italpassion.fr\/de\/#\/schema\/person\/36f747b2a759ca202d847e85a9434ca0"},"headline":"Alfa Romeo Tonale : les carabiniers italiens n&rsquo;en veulent plus et portent plainte !","datePublished":"2025-05-02T07:24:30+00:00","mainEntityOfPage":{"@id":"https:\/\/www.italpassion.fr\/de\/alfa-romeo\/alfa-romeo-tonale-les-carabiniers-italiens-nen-veulent-plus-et-portent-plainte\/"},"wordCount":521,"commentCount":46,"publisher":{"@id":"https:\/\/www.italpassion.fr\/de\/#organization"},"image":{"@id":"https:\/\/www.italpassion.fr\/de\/alfa-romeo\/alfa-romeo-tonale-les-carabiniers-italiens-nen-veulent-plus-et-portent-plainte\/#primaryimage"},"thumbnailUrl":"https:\/\/www.italpassion.fr\/wp-content\/uploads\/2025\/05\/alfa-romeo-tonale-carbineri.jpg","keywords":["Alfa Romeo Tonale"],"articleSection":["Alfa Romeo"],"inLanguage":"de","potentialAction":[{"@type":"CommentAction","name":"Comment","target":["https:\/\/www.italpassion.fr\/de\/alfa-romeo\/alfa-romeo-tonale-les-carabiniers-italiens-nen-veulent-plus-et-portent-plainte\/#respond"]}]},{"@type":"WebPage","@id":"https:\/\/www.italpassion.fr\/de\/alfa-romeo\/alfa-romeo-tonale-les-carabiniers-italiens-nen-veulent-plus-et-portent-plainte\/","url":"https:\/\/www.italpassion.fr\/de\/alfa-romeo\/alfa-romeo-tonale-les-carabiniers-italiens-nen-veulent-plus-et-portent-plainte\/","name":"Alfa Romeo Tonale: Die italienischen Carabinieri wollen ihn nicht mehr und klagen an! - ItalPassion","isPartOf":{"@id":"https:\/\/www.italpassion.fr\/de\/#website"},"primaryImageOfPage":{"@id":"https:\/\/www.italpassion.fr\/de\/alfa-romeo\/alfa-romeo-tonale-les-carabiniers-italiens-nen-veulent-plus-et-portent-plainte\/#primaryimage"},"image":{"@id":"https:\/\/www.italpassion.fr\/de\/alfa-romeo\/alfa-romeo-tonale-les-carabiniers-italiens-nen-veulent-plus-et-portent-plainte\/#primaryimage"},"thumbnailUrl":"https:\/\/www.italpassion.fr\/wp-content\/uploads\/2025\/05\/alfa-romeo-tonale-carbineri.jpg","datePublished":"2025-05-02T07:24:30+00:00","description":"Der Alfa Romeo Tonale, ein Hybrid-SUV, der f\u00fcr die Wiederbelebung der Mail\u00e4nder Marke steht, ist in Italien ein gro\u00dfes Thema.","breadcrumb":{"@id":"https:\/\/www.italpassion.fr\/de\/alfa-romeo\/alfa-romeo-tonale-les-carabiniers-italiens-nen-veulent-plus-et-portent-plainte\/#breadcrumb"},"inLanguage":"de","potentialAction":[{"@type":"ReadAction","target":["https:\/\/www.italpassion.fr\/de\/alfa-romeo\/alfa-romeo-tonale-les-carabiniers-italiens-nen-veulent-plus-et-portent-plainte\/"]}]},{"@type":"ImageObject","inLanguage":"de","@id":"https:\/\/www.italpassion.fr\/de\/alfa-romeo\/alfa-romeo-tonale-les-carabiniers-italiens-nen-veulent-plus-et-portent-plainte\/#primaryimage","url":"https:\/\/www.italpassion.fr\/wp-content\/uploads\/2025\/05\/alfa-romeo-tonale-carbineri.jpg","contentUrl":"https:\/\/www.italpassion.fr\/wp-content\/uploads\/2025\/05\/alfa-romeo-tonale-carbineri.jpg","width":1200,"height":800},{"@type":"BreadcrumbList","@id":"https:\/\/www.italpassion.fr\/de\/alfa-romeo\/alfa-romeo-tonale-les-carabiniers-italiens-nen-veulent-plus-et-portent-plainte\/#breadcrumb","itemListElement":[{"@type":"ListItem","position":1,"name":"Accueil","item":"https:\/\/www.italpassion.fr\/de\/"},{"@type":"ListItem","position":2,"name":"Alfa Romeo Tonale : les carabiniers italiens n&rsquo;en veulent plus et portent plainte !"}]},{"@type":"WebSite","@id":"https:\/\/www.italpassion.fr\/de\/#website","url":"https:\/\/www.italpassion.fr\/de\/","name":"ItalPassion","description":"Die Liebhaber italienischer Autos","publisher":{"@id":"https:\/\/www.italpassion.fr\/de\/#organization"},"potentialAction":[{"@type":"SearchAction","target":{"@type":"EntryPoint","urlTemplate":"https:\/\/www.italpassion.fr\/de\/?s={search_term_string}"},"query-input":{"@type":"PropertyValueSpecification","valueRequired":true,"valueName":"search_term_string"}}],"inLanguage":"de"},{"@type":"Organization","@id":"https:\/\/www.italpassion.fr\/de\/#organization","name":"Italpassion","url":"https:\/\/www.italpassion.fr\/de\/","logo":{"@type":"ImageObject","inLanguage":"de","@id":"https:\/\/www.italpassion.fr\/de\/#\/schema\/logo\/image\/","url":"https:\/\/www.italpassion.fr\/wp-content\/uploads\/2023\/07\/italpassion-yoast.jpg","contentUrl":"https:\/\/www.italpassion.fr\/wp-content\/uploads\/2023\/07\/italpassion-yoast.jpg","width":696,"height":696,"caption":"Italpassion"},"image":{"@id":"https:\/\/www.italpassion.fr\/de\/#\/schema\/logo\/image\/"},"sameAs":["https:\/\/www.facebook.com\/italpassion","https:\/\/x.com\/italpassion","https:\/\/www.instagram.com\/italpassionfr\/","https:\/\/www.youtube.com\/channel\/UCleq-ByQaA42OjhopwevRjQ","https:\/\/www.facebook.com\/italpassion.en\/","https:\/\/www.facebook.com\/italpassion.it\/","https:\/\/www.facebook.com\/italpassion.de\/","https:\/\/www.facebook.com\/italpassion.ja\/"]},{"@type":"Person","@id":"https:\/\/www.italpassion.fr\/de\/#\/schema\/person\/36f747b2a759ca202d847e85a9434ca0","name":"Alexandre Filluzeau","image":{"@type":"ImageObject","inLanguage":"de","@id":"https:\/\/www.italpassion.fr\/de\/#\/schema\/person\/image\/","url":"https:\/\/www.italpassion.fr\/wp-content\/uploads\/2025\/04\/avatar-alexandre-160x160.jpg","contentUrl":"https:\/\/www.italpassion.fr\/wp-content\/uploads\/2025\/04\/avatar-alexandre-160x160.jpg","caption":"Alexandre Filluzeau"},"description":"Gr\u00fcnder der Website ItalPassion, leidenschaftlicher Fan von italienischen Autos und Italien im Allgemeinen. Ich bringe einen kritischen und technischen Blick auf die Nachrichten der italienischen Marken, wann immer es m\u00f6glich ist. Besitzer eines Maserati GranTurismo, Alfa Romeo MiTo, Lancia Fulvia und Ducati 695. Ex-Besitzer einer Alfa Romeo Giulia.","sameAs":["https:\/\/www.italpassion.fr\/"],"url":"https:\/\/www.italpassion.fr\/de\/author\/alexandre\/"}]}},"_links":{"self":[{"href":"https:\/\/www.italpassion.fr\/de\/wp-json\/wp\/v2\/posts\/38219","targetHints":{"allow":["GET"]}}],"collection":[{"href":"https:\/\/www.italpassion.fr\/de\/wp-json\/wp\/v2\/posts"}],"about":[{"href":"https:\/\/www.italpassion.fr\/de\/wp-json\/wp\/v2\/types\/post"}],"author":[{"embeddable":true,"href":"https:\/\/www.italpassion.fr\/de\/wp-json\/wp\/v2\/users\/1"}],"replies":[{"embeddable":true,"href":"https:\/\/www.italpassion.fr\/de\/wp-json\/wp\/v2\/comments?post=38219"}],"version-history":[{"count":1,"href":"https:\/\/www.italpassion.fr\/de\/wp-json\/wp\/v2\/posts\/38219\/revisions"}],"predecessor-version":[{"id":38222,"href":"https:\/\/www.italpassion.fr\/de\/wp-json\/wp\/v2\/posts\/38219\/revisions\/38222"}],"wp:featuredmedia":[{"embeddable":true,"href":"https:\/\/www.italpassion.fr\/de\/wp-json\/wp\/v2\/media\/38221"}],"wp:attachment":[{"href":"https:\/\/www.italpassion.fr\/de\/wp-json\/wp\/v2\/media?parent=38219"}],"wp:term":[{"taxonomy":"category","embeddable":true,"href":"https:\/\/www.italpassion.fr\/de\/wp-json\/wp\/v2\/categories?post=38219"},{"taxonomy":"post_tag","embeddable":true,"href":"https:\/\/www.italpassion.fr\/de\/wp-json\/wp\/v2\/tags?post=38219"}],"curies":[{"name":"wp","href":"https:\/\/api.w.org\/{rel}","templated":true}]}}