{"id":36087,"date":"2025-01-20T11:20:10","date_gmt":"2025-01-20T10:20:10","guid":{"rendered":"https:\/\/www.italpassion.fr\/?p=36087"},"modified":"2025-01-20T11:20:12","modified_gmt":"2025-01-20T10:20:12","slug":"tesla-in-italien-hergestellt-italienische-gewerkschaft-fordert-meloni-auf-mit-musk-zu-sprechen","status":"publish","type":"post","link":"https:\/\/www.italpassion.fr\/de\/voiture-electrique\/des-tesla-fabriquees-en-italie-ce-syndicat-italien-qui-demande-a-meloni-den-discuter-avec-musk\/","title":{"rendered":"In Italien hergestellte Teslas: Diese italienische Gewerkschaft fordert Meloni auf, mit Musk dar\u00fcber zu sprechen"},"content":{"rendered":"<figure class=\"wp-block-image size-large\"><img loading=\"lazy\" decoding=\"async\" width=\"1024\" height=\"683\" src=\"https:\/\/www.italpassion.fr\/wp-content\/uploads\/2025\/01\/tesla-italie-1024x683.jpg\" alt=\"\" class=\"wp-image-36088\" srcset=\"https:\/\/www.italpassion.fr\/wp-content\/uploads\/2025\/01\/tesla-italie-1024x683.jpg 1024w, https:\/\/www.italpassion.fr\/wp-content\/uploads\/2025\/01\/tesla-italie-300x200.jpg 300w, https:\/\/www.italpassion.fr\/wp-content\/uploads\/2025\/01\/tesla-italie-768x512.jpg 768w, https:\/\/www.italpassion.fr\/wp-content\/uploads\/2025\/01\/tesla-italie-18x12.jpg 18w, https:\/\/www.italpassion.fr\/wp-content\/uploads\/2025\/01\/tesla-italie-561x374.jpg 561w, https:\/\/www.italpassion.fr\/wp-content\/uploads\/2025\/01\/tesla-italie-1122x748.jpg 1122w, https:\/\/www.italpassion.fr\/wp-content\/uploads\/2025\/01\/tesla-italie-265x177.jpg 265w, https:\/\/www.italpassion.fr\/wp-content\/uploads\/2025\/01\/tesla-italie-531x354.jpg 531w, https:\/\/www.italpassion.fr\/wp-content\/uploads\/2025\/01\/tesla-italie-364x243.jpg 364w, https:\/\/www.italpassion.fr\/wp-content\/uploads\/2025\/01\/tesla-italie-728x485.jpg 728w, https:\/\/www.italpassion.fr\/wp-content\/uploads\/2025\/01\/tesla-italie-608x405.jpg 608w, https:\/\/www.italpassion.fr\/wp-content\/uploads\/2025\/01\/tesla-italie-758x505.jpg 758w, https:\/\/www.italpassion.fr\/wp-content\/uploads\/2025\/01\/tesla-italie-1152x768.jpg 1152w, https:\/\/www.italpassion.fr\/wp-content\/uploads\/2025\/01\/tesla-italie.jpg 1200w\" sizes=\"auto, (max-width: 1024px) 100vw, 1024px\" \/><\/figure>\n\n\n\n<p>Die italienische Automobilindustrie befindet sich in einer Krise. Im Jahr 2024 fiel die Autoproduktion im Land auf unter 500.000 Einheiten. Dies ist eine besorgniserregende Situation f\u00fcr Gewerkschaften und lokale Beh\u00f6rden, die die \u00fcberm\u00e4\u00dfige Abh\u00e4ngigkeit Italiens von der Gruppe <a href=\"https:\/\/www.italpassion.fr\/de\/stellantis\/\">Stellantis<\/a>. Dieser Automobilgigant, der die Branche dominiert, ist nicht in der Lage, eine ausreichende Antwort auf die Bed\u00fcrfnisse der Arbeitnehmer und der Regionen, insbesondere im Piemont, zu geben. <strong>Giorgio Airaudo, Sekret\u00e4r der CGIL Piemont, hat genug und hat einen gewagten Appell an die italienische Premierministerin Giorgia Meloni gerichtet, in dem er sie auffordert, direkt mit Elon Musk zu sprechen, um Tesla dazu zu bringen, in Italien zu investieren.<\/strong><\/p>\n\n\n\n<p>Die Situation ist umso besorgniserregender, als Stellantis' Versprechungen, wie der ber\u00fchmte \"Luxuscluster\" in Mirafiori, offenbar nicht eingehalten wurden. Airaudo kritisiert die lokalen Beh\u00f6rden scharf und wirft ihnen vor, sich von Stellantis \"vorf\u00fchren\" zu lassen, da dieser seiner Meinung nach seine Verpflichtungen in Bezug auf industrielle Investitionen in Italien nicht einhalte. <a href=\"https:\/\/www.italpassion.fr\/de\/maserati\/maserati-hier-die-katastrophalen-produktionszahlen-2024\/\">Die Produktion von Maserati<\/a>Zum Beispiel bleibt das Unternehmen weit hinter seinen Ambitionen zur\u00fcck und produziert in manchen Monaten nur drei Autos pro Tag. Angesichts dessen pl\u00e4diert die Gewerkschaft f\u00fcr einen radikalen Wandel und schl\u00e4gt vor, dass die Stadt Turin und die Region Piemont ihre Partnerschaft mit Stellantis neu bewerten und ihre politischen Hebel einsetzen, um andere Investoren anzulocken.<\/p>\n\n\n\n<p><strong>Ein konkreter Hinweis k\u00f6nnte der Einstieg von Tesla sein<\/strong>Die Suche nach einem neuen Produktionsstandort in Europa ist bekannt. Anfang 2024 k\u00fcndigte Wirtschaftsminister Adolfo Urso an, dass Gespr\u00e4che mit mehreren Herstellern gef\u00fchrt w\u00fcrden, darunter auch Unternehmen aus dem Osten und Westen der Welt. Laut Airaudo w\u00e4re dies eine gro\u00dfe Chance f\u00fcr die Region Piemont, ihre strategische Position in Europa zu nutzen und Tesla nach Turin zu holen.<\/p>\n\n\n\n<p><strong>Der Zeitpunkt scheint umso g\u00fcnstiger zu sein, als Giorgia Meloni, die zur Amtseinf\u00fchrung von Pr\u00e4sident Donald Trump an diesem 20. Januar 2025 eingeladen ist<\/strong>k\u00f6nnte die Gelegenheit erhalten, mit Musk zu sprechen. Musk, der sein Industrieimperium in Europa immer weiter ausbaut, k\u00f6nnte Italien als idealen Standort f\u00fcr seine zweite europ\u00e4ische Gigafactory sehen, ein Projekt, das einer ganzen Region, die auf der Suche nach neuen Arbeitspl\u00e4tzen und Investitionen ist, neue Hoffnung geben w\u00fcrde.<\/p>","protected":false},"excerpt":{"rendered":"","protected":false},"author":1,"featured_media":36088,"comment_status":"open","ping_status":"open","sticky":false,"template":"","format":"standard","meta":{"_acf_changed":false,"_sitemap_exclude":false,"_sitemap_priority":"","_sitemap_frequency":"","footnotes":""},"categories":[371],"tags":[],"class_list":["post-36087","post","type-post","status-publish","format-standard","has-post-thumbnail","hentry","category-voiture-electrique","generate-columns","tablet-grid-50","mobile-grid-100","grid-parent","grid-33"],"acf":[],"yoast_head":"<!-- This site is optimized with the Yoast SEO plugin v25.8 - https:\/\/yoast.com\/wordpress\/plugins\/seo\/ -->\n<title>Des Tesla fabriqu\u00e9es en Italie : ce syndicat italien qui demande \u00e0 Meloni d&#039;en discuter avec Musk - ItalPassion<\/title>\n<meta name=\"description\" content=\"L\u2019industrie automobile italienne est en crise. En 2024, la production de voitures dans le pays a chut\u00e9 sous les 500 000 unit\u00e9s, une situation pr\u00e9occupante\" \/>\n<meta name=\"robots\" content=\"index, follow, max-snippet:-1, max-image-preview:large, max-video-preview:-1\" \/>\n<link rel=\"canonical\" href=\"https:\/\/www.italpassion.fr\/de\/elektroauto\/tesla-in-italien-hergestellt-italienische-gewerkschaft-fordert-meloni-auf-mit-musk-zu-sprechen\/\" \/>\n<meta property=\"og:locale\" content=\"de_DE\" \/>\n<meta property=\"og:type\" content=\"article\" \/>\n<meta property=\"og:title\" content=\"Des Tesla fabriqu\u00e9es en Italie : ce syndicat italien qui demande \u00e0 Meloni d&#039;en discuter avec Musk - ItalPassion\" \/>\n<meta property=\"og:description\" content=\"L\u2019industrie automobile italienne est en crise. En 2024, la production de voitures dans le pays a chut\u00e9 sous les 500 000 unit\u00e9s, une situation pr\u00e9occupante\" \/>\n<meta property=\"og:url\" content=\"https:\/\/www.italpassion.fr\/de\/elektroauto\/tesla-in-italien-hergestellt-italienische-gewerkschaft-fordert-meloni-auf-mit-musk-zu-sprechen\/\" \/>\n<meta property=\"og:site_name\" content=\"ItalPassion\" \/>\n<meta property=\"article:publisher\" content=\"https:\/\/www.facebook.com\/italpassion\" \/>\n<meta property=\"article:published_time\" content=\"2025-01-20T10:20:10+00:00\" \/>\n<meta property=\"article:modified_time\" content=\"2025-01-20T10:20:12+00:00\" \/>\n<meta property=\"og:image\" content=\"https:\/\/www.italpassion.fr\/wp-content\/uploads\/2025\/01\/tesla-italie.jpg\" \/>\n\t<meta property=\"og:image:width\" content=\"1200\" \/>\n\t<meta property=\"og:image:height\" content=\"800\" \/>\n\t<meta property=\"og:image:type\" content=\"image\/jpeg\" \/>\n<meta name=\"author\" content=\"Alexandre Filluzeau\" \/>\n<meta name=\"twitter:card\" content=\"summary_large_image\" \/>\n<meta name=\"twitter:creator\" content=\"@italpassion\" \/>\n<meta name=\"twitter:site\" content=\"@italpassion\" \/>\n<script type=\"application\/ld+json\" class=\"yoast-schema-graph\">{\"@context\":\"https:\/\/schema.org\",\"@graph\":[{\"@type\":\"NewsArticle\",\"@id\":\"https:\/\/www.italpassion.fr\/de\/voiture-electrique\/des-tesla-fabriquees-en-italie-ce-syndicat-italien-qui-demande-a-meloni-den-discuter-avec-musk\/#article\",\"isPartOf\":{\"@id\":\"https:\/\/www.italpassion.fr\/de\/voiture-electrique\/des-tesla-fabriquees-en-italie-ce-syndicat-italien-qui-demande-a-meloni-den-discuter-avec-musk\/\"},\"author\":{\"name\":\"Alexandre Filluzeau\",\"@id\":\"https:\/\/www.italpassion.fr\/de\/#\/schema\/person\/36f747b2a759ca202d847e85a9434ca0\"},\"headline\":\"Des Tesla fabriqu\u00e9es en Italie : ce syndicat italien qui demande \u00e0 Meloni d&rsquo;en discuter avec Musk\",\"datePublished\":\"2025-01-20T10:20:10+00:00\",\"dateModified\":\"2025-01-20T10:20:12+00:00\",\"mainEntityOfPage\":{\"@id\":\"https:\/\/www.italpassion.fr\/de\/voiture-electrique\/des-tesla-fabriquees-en-italie-ce-syndicat-italien-qui-demande-a-meloni-den-discuter-avec-musk\/\"},\"wordCount\":426,\"commentCount\":3,\"publisher\":{\"@id\":\"https:\/\/www.italpassion.fr\/de\/#organization\"},\"image\":{\"@id\":\"https:\/\/www.italpassion.fr\/de\/voiture-electrique\/des-tesla-fabriquees-en-italie-ce-syndicat-italien-qui-demande-a-meloni-den-discuter-avec-musk\/#primaryimage\"},\"thumbnailUrl\":\"https:\/\/www.italpassion.fr\/wp-content\/uploads\/2025\/01\/tesla-italie.jpg\",\"articleSection\":[\"Voiture \u00e9lectrique\"],\"inLanguage\":\"de\",\"potentialAction\":[{\"@type\":\"CommentAction\",\"name\":\"Comment\",\"target\":[\"https:\/\/www.italpassion.fr\/de\/voiture-electrique\/des-tesla-fabriquees-en-italie-ce-syndicat-italien-qui-demande-a-meloni-den-discuter-avec-musk\/#respond\"]}]},{\"@type\":\"WebPage\",\"@id\":\"https:\/\/www.italpassion.fr\/de\/voiture-electrique\/des-tesla-fabriquees-en-italie-ce-syndicat-italien-qui-demande-a-meloni-den-discuter-avec-musk\/\",\"url\":\"https:\/\/www.italpassion.fr\/de\/voiture-electrique\/des-tesla-fabriquees-en-italie-ce-syndicat-italien-qui-demande-a-meloni-den-discuter-avec-musk\/\",\"name\":\"Des Tesla fabriqu\u00e9es en Italie : ce syndicat italien qui demande \u00e0 Meloni d'en discuter avec Musk - ItalPassion\",\"isPartOf\":{\"@id\":\"https:\/\/www.italpassion.fr\/de\/#website\"},\"primaryImageOfPage\":{\"@id\":\"https:\/\/www.italpassion.fr\/de\/voiture-electrique\/des-tesla-fabriquees-en-italie-ce-syndicat-italien-qui-demande-a-meloni-den-discuter-avec-musk\/#primaryimage\"},\"image\":{\"@id\":\"https:\/\/www.italpassion.fr\/de\/voiture-electrique\/des-tesla-fabriquees-en-italie-ce-syndicat-italien-qui-demande-a-meloni-den-discuter-avec-musk\/#primaryimage\"},\"thumbnailUrl\":\"https:\/\/www.italpassion.fr\/wp-content\/uploads\/2025\/01\/tesla-italie.jpg\",\"datePublished\":\"2025-01-20T10:20:10+00:00\",\"dateModified\":\"2025-01-20T10:20:12+00:00\",\"description\":\"L\u2019industrie automobile italienne est en crise. En 2024, la production de voitures dans le pays a chut\u00e9 sous les 500 000 unit\u00e9s, une situation pr\u00e9occupante\",\"breadcrumb\":{\"@id\":\"https:\/\/www.italpassion.fr\/de\/voiture-electrique\/des-tesla-fabriquees-en-italie-ce-syndicat-italien-qui-demande-a-meloni-den-discuter-avec-musk\/#breadcrumb\"},\"inLanguage\":\"de\",\"potentialAction\":[{\"@type\":\"ReadAction\",\"target\":[\"https:\/\/www.italpassion.fr\/de\/voiture-electrique\/des-tesla-fabriquees-en-italie-ce-syndicat-italien-qui-demande-a-meloni-den-discuter-avec-musk\/\"]}]},{\"@type\":\"ImageObject\",\"inLanguage\":\"de\",\"@id\":\"https:\/\/www.italpassion.fr\/de\/voiture-electrique\/des-tesla-fabriquees-en-italie-ce-syndicat-italien-qui-demande-a-meloni-den-discuter-avec-musk\/#primaryimage\",\"url\":\"https:\/\/www.italpassion.fr\/wp-content\/uploads\/2025\/01\/tesla-italie.jpg\",\"contentUrl\":\"https:\/\/www.italpassion.fr\/wp-content\/uploads\/2025\/01\/tesla-italie.jpg\",\"width\":1200,\"height\":800},{\"@type\":\"BreadcrumbList\",\"@id\":\"https:\/\/www.italpassion.fr\/de\/voiture-electrique\/des-tesla-fabriquees-en-italie-ce-syndicat-italien-qui-demande-a-meloni-den-discuter-avec-musk\/#breadcrumb\",\"itemListElement\":[{\"@type\":\"ListItem\",\"position\":1,\"name\":\"Accueil\",\"item\":\"https:\/\/www.italpassion.fr\/de\/\"},{\"@type\":\"ListItem\",\"position\":2,\"name\":\"Des Tesla fabriqu\u00e9es en Italie : ce syndicat italien qui demande \u00e0 Meloni d&rsquo;en discuter avec Musk\"}]},{\"@type\":\"WebSite\",\"@id\":\"https:\/\/www.italpassion.fr\/de\/#website\",\"url\":\"https:\/\/www.italpassion.fr\/de\/\",\"name\":\"ItalPassion\",\"description\":\"Les Passionn\u00e9s d&#039;Automobiles Italiennes\",\"publisher\":{\"@id\":\"https:\/\/www.italpassion.fr\/de\/#organization\"},\"potentialAction\":[{\"@type\":\"SearchAction\",\"target\":{\"@type\":\"EntryPoint\",\"urlTemplate\":\"https:\/\/www.italpassion.fr\/de\/?s={search_term_string}\"},\"query-input\":{\"@type\":\"PropertyValueSpecification\",\"valueRequired\":true,\"valueName\":\"search_term_string\"}}],\"inLanguage\":\"de\"},{\"@type\":\"Organization\",\"@id\":\"https:\/\/www.italpassion.fr\/de\/#organization\",\"name\":\"Italpassion\",\"url\":\"https:\/\/www.italpassion.fr\/de\/\",\"logo\":{\"@type\":\"ImageObject\",\"inLanguage\":\"de\",\"@id\":\"https:\/\/www.italpassion.fr\/de\/#\/schema\/logo\/image\/\",\"url\":\"https:\/\/www.italpassion.fr\/wp-content\/uploads\/2023\/07\/italpassion-yoast.jpg\",\"contentUrl\":\"https:\/\/www.italpassion.fr\/wp-content\/uploads\/2023\/07\/italpassion-yoast.jpg\",\"width\":696,\"height\":696,\"caption\":\"Italpassion\"},\"image\":{\"@id\":\"https:\/\/www.italpassion.fr\/de\/#\/schema\/logo\/image\/\"},\"sameAs\":[\"https:\/\/www.facebook.com\/italpassion\",\"https:\/\/x.com\/italpassion\",\"https:\/\/www.instagram.com\/italpassionfr\/\",\"https:\/\/www.youtube.com\/channel\/UCleq-ByQaA42OjhopwevRjQ\",\"https:\/\/www.facebook.com\/italpassion.en\/\",\"https:\/\/www.facebook.com\/italpassion.it\/\",\"https:\/\/www.facebook.com\/italpassion.de\/\",\"https:\/\/www.facebook.com\/italpassion.ja\/\"]},{\"@type\":\"Person\",\"@id\":\"https:\/\/www.italpassion.fr\/de\/#\/schema\/person\/36f747b2a759ca202d847e85a9434ca0\",\"name\":\"Alexandre Filluzeau\",\"image\":{\"@type\":\"ImageObject\",\"inLanguage\":\"de\",\"@id\":\"https:\/\/www.italpassion.fr\/de\/#\/schema\/person\/image\/\",\"url\":\"https:\/\/www.italpassion.fr\/wp-content\/uploads\/2025\/04\/avatar-alexandre-160x160.jpg\",\"contentUrl\":\"https:\/\/www.italpassion.fr\/wp-content\/uploads\/2025\/04\/avatar-alexandre-160x160.jpg\",\"caption\":\"Alexandre Filluzeau\"},\"description\":\"Fondateur du site ItalPassion, passionn\u00e9 de voitures italiennes et de l'Italie en g\u00e9n\u00e9ral. J'apporte un regard critique et technique aux actualit\u00e9s des marques italiennes quand cela est possible. Propri\u00e9taire d'une Maserati GranTurismo, Alfa Romeo MiTo, Lancia Fulvia et Ducati 695. Ex-propri\u00e9taire d'une Alfa Romeo Giulia.\",\"sameAs\":[\"https:\/\/www.italpassion.fr\/\"],\"url\":\"https:\/\/www.italpassion.fr\/de\/author\/alexandre\/\"}]}<\/script>\n<!-- \/ Yoast SEO plugin. -->","yoast_head_json":{"title":"In Italien hergestellte Teslas: Diese italienische Gewerkschaft fordert Meloni auf, mit Musk dar\u00fcber zu sprechen - ItalPassion","description":"Die italienische Automobilindustrie befindet sich in einer Krise. Im Jahr 2024 fiel die Autoproduktion im Land auf unter 500.000 Einheiten, eine besorgniserregende Situation","robots":{"index":"index","follow":"follow","max-snippet":"max-snippet:-1","max-image-preview":"max-image-preview:large","max-video-preview":"max-video-preview:-1"},"canonical":"https:\/\/www.italpassion.fr\/de\/elektroauto\/tesla-in-italien-hergestellt-italienische-gewerkschaft-fordert-meloni-auf-mit-musk-zu-sprechen\/","og_locale":"de_DE","og_type":"article","og_title":"Des Tesla fabriqu\u00e9es en Italie : ce syndicat italien qui demande \u00e0 Meloni d'en discuter avec Musk - ItalPassion","og_description":"L\u2019industrie automobile italienne est en crise. En 2024, la production de voitures dans le pays a chut\u00e9 sous les 500 000 unit\u00e9s, une situation pr\u00e9occupante","og_url":"https:\/\/www.italpassion.fr\/de\/elektroauto\/tesla-in-italien-hergestellt-italienische-gewerkschaft-fordert-meloni-auf-mit-musk-zu-sprechen\/","og_site_name":"ItalPassion","article_publisher":"https:\/\/www.facebook.com\/italpassion","article_published_time":"2025-01-20T10:20:10+00:00","article_modified_time":"2025-01-20T10:20:12+00:00","og_image":[{"width":1200,"height":800,"url":"https:\/\/www.italpassion.fr\/wp-content\/uploads\/2025\/01\/tesla-italie.jpg","type":"image\/jpeg"}],"author":"Alexandre Filluzeau","twitter_card":"summary_large_image","twitter_creator":"@italpassion","twitter_site":"@italpassion","schema":{"@context":"https:\/\/schema.org","@graph":[{"@type":"NewsArticle","@id":"https:\/\/www.italpassion.fr\/de\/voiture-electrique\/des-tesla-fabriquees-en-italie-ce-syndicat-italien-qui-demande-a-meloni-den-discuter-avec-musk\/#article","isPartOf":{"@id":"https:\/\/www.italpassion.fr\/de\/voiture-electrique\/des-tesla-fabriquees-en-italie-ce-syndicat-italien-qui-demande-a-meloni-den-discuter-avec-musk\/"},"author":{"name":"Alexandre Filluzeau","@id":"https:\/\/www.italpassion.fr\/de\/#\/schema\/person\/36f747b2a759ca202d847e85a9434ca0"},"headline":"Des Tesla fabriqu\u00e9es en Italie : ce syndicat italien qui demande \u00e0 Meloni d&rsquo;en discuter avec Musk","datePublished":"2025-01-20T10:20:10+00:00","dateModified":"2025-01-20T10:20:12+00:00","mainEntityOfPage":{"@id":"https:\/\/www.italpassion.fr\/de\/voiture-electrique\/des-tesla-fabriquees-en-italie-ce-syndicat-italien-qui-demande-a-meloni-den-discuter-avec-musk\/"},"wordCount":426,"commentCount":3,"publisher":{"@id":"https:\/\/www.italpassion.fr\/de\/#organization"},"image":{"@id":"https:\/\/www.italpassion.fr\/de\/voiture-electrique\/des-tesla-fabriquees-en-italie-ce-syndicat-italien-qui-demande-a-meloni-den-discuter-avec-musk\/#primaryimage"},"thumbnailUrl":"https:\/\/www.italpassion.fr\/wp-content\/uploads\/2025\/01\/tesla-italie.jpg","articleSection":["Voiture \u00e9lectrique"],"inLanguage":"de","potentialAction":[{"@type":"CommentAction","name":"Comment","target":["https:\/\/www.italpassion.fr\/de\/voiture-electrique\/des-tesla-fabriquees-en-italie-ce-syndicat-italien-qui-demande-a-meloni-den-discuter-avec-musk\/#respond"]}]},{"@type":"WebPage","@id":"https:\/\/www.italpassion.fr\/de\/voiture-electrique\/des-tesla-fabriquees-en-italie-ce-syndicat-italien-qui-demande-a-meloni-den-discuter-avec-musk\/","url":"https:\/\/www.italpassion.fr\/de\/voiture-electrique\/des-tesla-fabriquees-en-italie-ce-syndicat-italien-qui-demande-a-meloni-den-discuter-avec-musk\/","name":"In Italien hergestellte Teslas: Diese italienische Gewerkschaft fordert Meloni auf, mit Musk dar\u00fcber zu sprechen - ItalPassion","isPartOf":{"@id":"https:\/\/www.italpassion.fr\/de\/#website"},"primaryImageOfPage":{"@id":"https:\/\/www.italpassion.fr\/de\/voiture-electrique\/des-tesla-fabriquees-en-italie-ce-syndicat-italien-qui-demande-a-meloni-den-discuter-avec-musk\/#primaryimage"},"image":{"@id":"https:\/\/www.italpassion.fr\/de\/voiture-electrique\/des-tesla-fabriquees-en-italie-ce-syndicat-italien-qui-demande-a-meloni-den-discuter-avec-musk\/#primaryimage"},"thumbnailUrl":"https:\/\/www.italpassion.fr\/wp-content\/uploads\/2025\/01\/tesla-italie.jpg","datePublished":"2025-01-20T10:20:10+00:00","dateModified":"2025-01-20T10:20:12+00:00","description":"Die italienische Automobilindustrie befindet sich in einer Krise. Im Jahr 2024 fiel die Autoproduktion im Land auf unter 500.000 Einheiten, eine besorgniserregende Situation","breadcrumb":{"@id":"https:\/\/www.italpassion.fr\/de\/voiture-electrique\/des-tesla-fabriquees-en-italie-ce-syndicat-italien-qui-demande-a-meloni-den-discuter-avec-musk\/#breadcrumb"},"inLanguage":"de","potentialAction":[{"@type":"ReadAction","target":["https:\/\/www.italpassion.fr\/de\/voiture-electrique\/des-tesla-fabriquees-en-italie-ce-syndicat-italien-qui-demande-a-meloni-den-discuter-avec-musk\/"]}]},{"@type":"ImageObject","inLanguage":"de","@id":"https:\/\/www.italpassion.fr\/de\/voiture-electrique\/des-tesla-fabriquees-en-italie-ce-syndicat-italien-qui-demande-a-meloni-den-discuter-avec-musk\/#primaryimage","url":"https:\/\/www.italpassion.fr\/wp-content\/uploads\/2025\/01\/tesla-italie.jpg","contentUrl":"https:\/\/www.italpassion.fr\/wp-content\/uploads\/2025\/01\/tesla-italie.jpg","width":1200,"height":800},{"@type":"BreadcrumbList","@id":"https:\/\/www.italpassion.fr\/de\/voiture-electrique\/des-tesla-fabriquees-en-italie-ce-syndicat-italien-qui-demande-a-meloni-den-discuter-avec-musk\/#breadcrumb","itemListElement":[{"@type":"ListItem","position":1,"name":"Accueil","item":"https:\/\/www.italpassion.fr\/de\/"},{"@type":"ListItem","position":2,"name":"Des Tesla fabriqu\u00e9es en Italie : ce syndicat italien qui demande \u00e0 Meloni d&rsquo;en discuter avec Musk"}]},{"@type":"WebSite","@id":"https:\/\/www.italpassion.fr\/de\/#website","url":"https:\/\/www.italpassion.fr\/de\/","name":"ItalPassion","description":"Die Liebhaber italienischer Autos","publisher":{"@id":"https:\/\/www.italpassion.fr\/de\/#organization"},"potentialAction":[{"@type":"SearchAction","target":{"@type":"EntryPoint","urlTemplate":"https:\/\/www.italpassion.fr\/de\/?s={search_term_string}"},"query-input":{"@type":"PropertyValueSpecification","valueRequired":true,"valueName":"search_term_string"}}],"inLanguage":"de"},{"@type":"Organization","@id":"https:\/\/www.italpassion.fr\/de\/#organization","name":"Italpassion","url":"https:\/\/www.italpassion.fr\/de\/","logo":{"@type":"ImageObject","inLanguage":"de","@id":"https:\/\/www.italpassion.fr\/de\/#\/schema\/logo\/image\/","url":"https:\/\/www.italpassion.fr\/wp-content\/uploads\/2023\/07\/italpassion-yoast.jpg","contentUrl":"https:\/\/www.italpassion.fr\/wp-content\/uploads\/2023\/07\/italpassion-yoast.jpg","width":696,"height":696,"caption":"Italpassion"},"image":{"@id":"https:\/\/www.italpassion.fr\/de\/#\/schema\/logo\/image\/"},"sameAs":["https:\/\/www.facebook.com\/italpassion","https:\/\/x.com\/italpassion","https:\/\/www.instagram.com\/italpassionfr\/","https:\/\/www.youtube.com\/channel\/UCleq-ByQaA42OjhopwevRjQ","https:\/\/www.facebook.com\/italpassion.en\/","https:\/\/www.facebook.com\/italpassion.it\/","https:\/\/www.facebook.com\/italpassion.de\/","https:\/\/www.facebook.com\/italpassion.ja\/"]},{"@type":"Person","@id":"https:\/\/www.italpassion.fr\/de\/#\/schema\/person\/36f747b2a759ca202d847e85a9434ca0","name":"Alexandre Filluzeau","image":{"@type":"ImageObject","inLanguage":"de","@id":"https:\/\/www.italpassion.fr\/de\/#\/schema\/person\/image\/","url":"https:\/\/www.italpassion.fr\/wp-content\/uploads\/2025\/04\/avatar-alexandre-160x160.jpg","contentUrl":"https:\/\/www.italpassion.fr\/wp-content\/uploads\/2025\/04\/avatar-alexandre-160x160.jpg","caption":"Alexandre Filluzeau"},"description":"Gr\u00fcnder der Website ItalPassion, leidenschaftlicher Fan von italienischen Autos und Italien im Allgemeinen. Ich bringe einen kritischen und technischen Blick auf die Nachrichten der italienischen Marken, wann immer es m\u00f6glich ist. Besitzer eines Maserati GranTurismo, Alfa Romeo MiTo, Lancia Fulvia und Ducati 695. Ex-Besitzer einer Alfa Romeo Giulia.","sameAs":["https:\/\/www.italpassion.fr\/"],"url":"https:\/\/www.italpassion.fr\/de\/author\/alexandre\/"}]}},"_links":{"self":[{"href":"https:\/\/www.italpassion.fr\/de\/wp-json\/wp\/v2\/posts\/36087","targetHints":{"allow":["GET"]}}],"collection":[{"href":"https:\/\/www.italpassion.fr\/de\/wp-json\/wp\/v2\/posts"}],"about":[{"href":"https:\/\/www.italpassion.fr\/de\/wp-json\/wp\/v2\/types\/post"}],"author":[{"embeddable":true,"href":"https:\/\/www.italpassion.fr\/de\/wp-json\/wp\/v2\/users\/1"}],"replies":[{"embeddable":true,"href":"https:\/\/www.italpassion.fr\/de\/wp-json\/wp\/v2\/comments?post=36087"}],"version-history":[{"count":1,"href":"https:\/\/www.italpassion.fr\/de\/wp-json\/wp\/v2\/posts\/36087\/revisions"}],"predecessor-version":[{"id":36089,"href":"https:\/\/www.italpassion.fr\/de\/wp-json\/wp\/v2\/posts\/36087\/revisions\/36089"}],"wp:featuredmedia":[{"embeddable":true,"href":"https:\/\/www.italpassion.fr\/de\/wp-json\/wp\/v2\/media\/36088"}],"wp:attachment":[{"href":"https:\/\/www.italpassion.fr\/de\/wp-json\/wp\/v2\/media?parent=36087"}],"wp:term":[{"taxonomy":"category","embeddable":true,"href":"https:\/\/www.italpassion.fr\/de\/wp-json\/wp\/v2\/categories?post=36087"},{"taxonomy":"post_tag","embeddable":true,"href":"https:\/\/www.italpassion.fr\/de\/wp-json\/wp\/v2\/tags?post=36087"}],"curies":[{"name":"wp","href":"https:\/\/api.w.org\/{rel}","templated":true}]}}