{"id":35141,"date":"2024-11-23T11:14:56","date_gmt":"2024-11-23T10:14:56","guid":{"rendered":"https:\/\/www.italpassion.fr\/?p=35141"},"modified":"2024-11-23T11:14:58","modified_gmt":"2024-11-23T10:14:58","slug":"lamborghini-radikale-entscheidung-fur-sein-hypercar-das-nicht-an-der-wec-2025-meisterschaft-teilnehmen-wird","status":"publish","type":"post","link":"https:\/\/www.italpassion.fr\/de\/competition\/lamborghini-decision-radicale-pour-son-hypercar-qui-ne-participera-pas-au-championnat-wec-2025\/","title":{"rendered":"Lamborghini: Radikale Entscheidung f\u00fcr sein Hypercar, das nicht an der WEC-Meisterschaft 2025 teilnehmen wird"},"content":{"rendered":"<p><strong>Nun ist es offiziell: <a href=\"https:\/\/www.italpassion.fr\/de\/lamborghini\/\">Lamborghini<\/a> wird 2025 nicht in der Startaufstellung der FIA World Endurance Championship (WEC) stehen. <\/strong>Nach Wochen der Spekulationen und Ungewissheit, ein Jahr nach <a href=\"https:\/\/www.italpassion.fr\/de\/wettbewerb\/lamborghini-sc63-der-supercar-hybrid-der-den-ferrari-499p-herausfordern-wird\/\">die Ank\u00fcndigung, dass Lamborghini in die WEC einsteigt<\/a>Die Liste der Anmeldungen f\u00fcr die n\u00e4chste Saison wurde best\u00e4tigt.<strong> das Fehlen der italienischen Marke,<\/strong> gefolgt von einer offiziellen Mitteilung, in der die Aussetzung seines Sportprogramms angek\u00fcndigt wurde in <a href=\"https:\/\/www.italpassion.fr\/de\/wettbewerb\/wec\/\">WEC<\/a>. Diese Entscheidung stellt einen Wendepunkt in der Geschichte der Squadra Corse dar, obwohl sie in diesem Jahr 2024 mit dem SC63 LMDh ein vielversprechendes Deb\u00fct in der Hypercar-Klasse gegeben hatte.<\/p>\n\n\n\n<figure class=\"wp-block-image size-large\"><img loading=\"lazy\" decoding=\"async\" width=\"1024\" height=\"683\" src=\"https:\/\/www.italpassion.fr\/wp-content\/uploads\/2024\/11\/lamborhini-sc63-1024x683.jpg\" alt=\"\" class=\"wp-image-35144\" srcset=\"https:\/\/www.italpassion.fr\/wp-content\/uploads\/2024\/11\/lamborhini-sc63-1024x683.jpg 1024w, https:\/\/www.italpassion.fr\/wp-content\/uploads\/2024\/11\/lamborhini-sc63-300x200.jpg 300w, https:\/\/www.italpassion.fr\/wp-content\/uploads\/2024\/11\/lamborhini-sc63-768x512.jpg 768w, https:\/\/www.italpassion.fr\/wp-content\/uploads\/2024\/11\/lamborhini-sc63-18x12.jpg 18w, https:\/\/www.italpassion.fr\/wp-content\/uploads\/2024\/11\/lamborhini-sc63-561x374.jpg 561w, https:\/\/www.italpassion.fr\/wp-content\/uploads\/2024\/11\/lamborhini-sc63-1122x748.jpg 1122w, https:\/\/www.italpassion.fr\/wp-content\/uploads\/2024\/11\/lamborhini-sc63-265x177.jpg 265w, https:\/\/www.italpassion.fr\/wp-content\/uploads\/2024\/11\/lamborhini-sc63-531x354.jpg 531w, https:\/\/www.italpassion.fr\/wp-content\/uploads\/2024\/11\/lamborhini-sc63-364x243.jpg 364w, https:\/\/www.italpassion.fr\/wp-content\/uploads\/2024\/11\/lamborhini-sc63-728x485.jpg 728w, https:\/\/www.italpassion.fr\/wp-content\/uploads\/2024\/11\/lamborhini-sc63-608x405.jpg 608w, https:\/\/www.italpassion.fr\/wp-content\/uploads\/2024\/11\/lamborhini-sc63-758x505.jpg 758w, https:\/\/www.italpassion.fr\/wp-content\/uploads\/2024\/11\/lamborhini-sc63-1152x768.jpg 1152w, https:\/\/www.italpassion.fr\/wp-content\/uploads\/2024\/11\/lamborhini-sc63.jpg 1200w\" sizes=\"auto, (max-width: 1024px) 100vw, 1024px\" \/><\/figure>\n\n\n\n<h2 class=\"wp-block-heading\">Eine Entscheidung mit vielen Ursachen<\/h2>\n\n\n\n<p>Die Nachricht ist f\u00fcr Beobachter nicht v\u00f6llig \u00fcberraschend, aber sie bleibt<strong> ein schwerer Schlag f\u00fcr Lamborghini und seine Fans. <\/strong>Nach einer schwierigen Saison in der Hypercar- und LMGT3-Klasse, die von gemischten Ergebnissen gepr\u00e4gt war - eine Top-10-Platzierung in Le Mans, eine Hyperpole in Fuji und ein Podium in Spa-Francorchamps in der GT3-Klasse - steht der italienische Hersteller vor gro\u00dfen Herausforderungen.<\/p>\n\n\n\n<p>Zum einen hat sich die Beziehung zu ihrem technischen Partner Iron Lynx ernsthaft verschlechtert (sie hat gerade ihre Partnerschaft mit Mercedes bekannt gegeben). Zum anderen war die Regelung der WEC, die ab 2025 in der Hypercar-Klasse zwei Autos pro Hersteller vorschreibt, ein entscheidender Faktor. <strong>Lamborghini war der Ansicht, dass die neuen Anforderungen nicht mehr mit seiner Strategie \u00fcbereinstimmten<\/strong>Die Entwicklung des SC63 war wegen der schnellen Zulassung nach einem schweren Unfall bei den ersten Tests bereits \u00fcberst\u00fcrzt worden.<\/p>\n\n\n\n<figure class=\"wp-block-image size-large\"><img loading=\"lazy\" decoding=\"async\" width=\"1024\" height=\"603\" src=\"https:\/\/www.italpassion.fr\/wp-content\/uploads\/2024\/11\/iron-lyx-1024x603.jpg\" alt=\"\" class=\"wp-image-35142\" srcset=\"https:\/\/www.italpassion.fr\/wp-content\/uploads\/2024\/11\/iron-lyx-1024x603.jpg 1024w, https:\/\/www.italpassion.fr\/wp-content\/uploads\/2024\/11\/iron-lyx-300x177.jpg 300w, https:\/\/www.italpassion.fr\/wp-content\/uploads\/2024\/11\/iron-lyx-768x452.jpg 768w, https:\/\/www.italpassion.fr\/wp-content\/uploads\/2024\/11\/iron-lyx-18x12.jpg 18w, https:\/\/www.italpassion.fr\/wp-content\/uploads\/2024\/11\/iron-lyx-561x331.jpg 561w, https:\/\/www.italpassion.fr\/wp-content\/uploads\/2024\/11\/iron-lyx-1122x661.jpg 1122w, https:\/\/www.italpassion.fr\/wp-content\/uploads\/2024\/11\/iron-lyx-265x156.jpg 265w, https:\/\/www.italpassion.fr\/wp-content\/uploads\/2024\/11\/iron-lyx-531x313.jpg 531w, https:\/\/www.italpassion.fr\/wp-content\/uploads\/2024\/11\/iron-lyx-364x214.jpg 364w, https:\/\/www.italpassion.fr\/wp-content\/uploads\/2024\/11\/iron-lyx-728x429.jpg 728w, https:\/\/www.italpassion.fr\/wp-content\/uploads\/2024\/11\/iron-lyx-608x358.jpg 608w, https:\/\/www.italpassion.fr\/wp-content\/uploads\/2024\/11\/iron-lyx-758x447.jpg 758w, https:\/\/www.italpassion.fr\/wp-content\/uploads\/2024\/11\/iron-lyx-1152x679.jpg 1152w, https:\/\/www.italpassion.fr\/wp-content\/uploads\/2024\/11\/iron-lyx.jpg 1200w\" sizes=\"auto, (max-width: 1024px) 100vw, 1024px\" \/><\/figure>\n\n\n\n<p>Auf inoffizielle Weise,<strong> k\u00f6nnte diese Entscheidung auch die finanziellen Schwierigkeiten des Volkswagenkonzerns, dem Eigent\u00fcmer von Lamborghini, widerspiegeln.<\/strong> W\u00e4hrend der Konzern mit r\u00fcckl\u00e4ufigen Finanzergebnissen zu k\u00e4mpfen hat, muss er auch den Einstieg von Audi in die Formel 1 finanzieren, der f\u00fcr 2026 geplant ist. Audi, eine weitere Marke des Konzerns, soll bereits erw\u00e4gen, einen Teil seiner Anteile am Sauber-Team, das k\u00fcrzlich f\u00fcr dieses Projekt erworben wurde, wieder zu verkaufen.<\/p>\n\n\n\n<p>Diese Haushaltszw\u00e4nge <strong>k\u00f6nnten erkl\u00e4ren, warum Lamborghini sein Engagement in einer WEC nicht verl\u00e4ngern wollte. <\/strong>die immer h\u00f6here Investitionen erfordert. Dieser R\u00fcckzug, obwohl strategisch, k\u00f6nnte sich langfristig auf das Image von Lamborghini auswirken, da sich das Unternehmen aus einer Meisterschaft zur\u00fcckzieht, die sich mitten im \"goldenen Zeitalter\" des Langstreckenrennsports befindet.<\/p>\n\n\n\n<h2 class=\"wp-block-heading\">Eine strategische und endg\u00fcltige Pause?<\/h2>\n\n\n\n<figure class=\"wp-block-image size-large\"><img loading=\"lazy\" decoding=\"async\" width=\"819\" height=\"1024\" src=\"https:\/\/www.italpassion.fr\/wp-content\/uploads\/2024\/11\/lamborghini-wec-2025-819x1024.jpg\" alt=\"\" class=\"wp-image-35143\" srcset=\"https:\/\/www.italpassion.fr\/wp-content\/uploads\/2024\/11\/lamborghini-wec-2025-819x1024.jpg 819w, https:\/\/www.italpassion.fr\/wp-content\/uploads\/2024\/11\/lamborghini-wec-2025-240x300.jpg 240w, https:\/\/www.italpassion.fr\/wp-content\/uploads\/2024\/11\/lamborghini-wec-2025-768x960.jpg 768w, https:\/\/www.italpassion.fr\/wp-content\/uploads\/2024\/11\/lamborghini-wec-2025-10x12.jpg 10w, https:\/\/www.italpassion.fr\/wp-content\/uploads\/2024\/11\/lamborghini-wec-2025-561x701.jpg 561w, https:\/\/www.italpassion.fr\/wp-content\/uploads\/2024\/11\/lamborghini-wec-2025-1122x1403.jpg 1122w, https:\/\/www.italpassion.fr\/wp-content\/uploads\/2024\/11\/lamborghini-wec-2025-265x331.jpg 265w, https:\/\/www.italpassion.fr\/wp-content\/uploads\/2024\/11\/lamborghini-wec-2025-531x664.jpg 531w, https:\/\/www.italpassion.fr\/wp-content\/uploads\/2024\/11\/lamborghini-wec-2025-364x455.jpg 364w, https:\/\/www.italpassion.fr\/wp-content\/uploads\/2024\/11\/lamborghini-wec-2025-728x910.jpg 728w, https:\/\/www.italpassion.fr\/wp-content\/uploads\/2024\/11\/lamborghini-wec-2025-608x760.jpg 608w, https:\/\/www.italpassion.fr\/wp-content\/uploads\/2024\/11\/lamborghini-wec-2025-758x948.jpg 758w, https:\/\/www.italpassion.fr\/wp-content\/uploads\/2024\/11\/lamborghini-wec-2025-1152x1440.jpg 1152w, https:\/\/www.italpassion.fr\/wp-content\/uploads\/2024\/11\/lamborghini-wec-2025.jpg 1200w\" sizes=\"auto, (max-width: 819px) 100vw, 819px\" \/><\/figure>\n\n\n\n<p>Lamborghini k\u00fcndigte dennoch an, dass man sich auf die IMSA WeatherTech SportsCar Championship konzentrieren werde, wo das SC63 Hypercar weiterhin Rennen fahren wird. Ein komplettes Langstreckenprogramm mit einem potenziellen zweiten Auto f\u00fcr die gro\u00dfen Veranstaltungen wird in Betracht gezogen. <strong>Parallel dazu konzentriert sich die Marke wieder auf die Entwicklung des Temerario GT3, der f\u00fcr 2026 geplant ist.<\/strong>In der Hoffnung, wieder st\u00e4rker auf die B\u00fchne des Motorsports zur\u00fcckzukehren.<\/p>\n\n\n\n<p>Allerdings l\u00e4sst diese Pause eine <strong>Ungewissheit \u00fcber die Zukunft von Lamborghini in der WEC.<\/strong> Lamborghini verspricht, auch in Zukunft ehrgeizig zu bleiben. Die italienische Marke muss durch ihre Ergebnisse in der IMSA und die Entwicklung ihres GT-Programms beweisen, dass sie wieder stark sein kann. Es gibt derzeit keine Garantie daf\u00fcr, dass wir die Hyperkarren der italienischen Marke in der WEC wiedersehen werden, zum Beispiel im Jahr 2026.<\/p>","protected":false},"excerpt":{"rendered":"","protected":false},"author":1,"featured_media":35144,"comment_status":"open","ping_status":"open","sticky":false,"template":"","format":"standard","meta":{"_acf_changed":false,"_sitemap_exclude":false,"_sitemap_priority":"","_sitemap_frequency":"","footnotes":""},"categories":[25,323,327],"tags":[],"class_list":["post-35141","post","type-post","status-publish","format-standard","has-post-thumbnail","hentry","category-lamborghini","category-competition","category-wec","generate-columns","tablet-grid-50","mobile-grid-100","grid-parent","grid-33"],"acf":[],"yoast_head":"<!-- This site is optimized with the Yoast SEO plugin v25.8 - https:\/\/yoast.com\/wordpress\/plugins\/seo\/ -->\n<title>Lamborghini : d\u00e9cision radicale pour son hypercar qui ne participera pas au championnat WEC 2025 - ItalPassion<\/title>\n<meta name=\"description\" content=\"C\u2019est d\u00e9sormais officiel : Lamborghini ne sera pas pr\u00e9sent sur la grille du FIA World Endurance Championship (WEC) en 2025. Apr\u00e8s des semaines de\" \/>\n<meta name=\"robots\" content=\"index, follow, max-snippet:-1, max-image-preview:large, max-video-preview:-1\" \/>\n<link rel=\"canonical\" href=\"https:\/\/www.italpassion.fr\/de\/wettbewerb\/lamborghini-radikale-entscheidung-fur-sein-hypercar-das-nicht-an-der-wec-2025-meisterschaft-teilnehmen-wird\/\" \/>\n<meta property=\"og:locale\" content=\"de_DE\" \/>\n<meta property=\"og:type\" content=\"article\" \/>\n<meta property=\"og:title\" content=\"Lamborghini : d\u00e9cision radicale pour son hypercar qui ne participera pas au championnat WEC 2025 - ItalPassion\" \/>\n<meta property=\"og:description\" content=\"C\u2019est d\u00e9sormais officiel : Lamborghini ne sera pas pr\u00e9sent sur la grille du FIA World Endurance Championship (WEC) en 2025. Apr\u00e8s des semaines de\" \/>\n<meta property=\"og:url\" content=\"https:\/\/www.italpassion.fr\/de\/wettbewerb\/lamborghini-radikale-entscheidung-fur-sein-hypercar-das-nicht-an-der-wec-2025-meisterschaft-teilnehmen-wird\/\" \/>\n<meta property=\"og:site_name\" content=\"ItalPassion\" \/>\n<meta property=\"article:publisher\" content=\"https:\/\/www.facebook.com\/italpassion\" \/>\n<meta property=\"article:published_time\" content=\"2024-11-23T10:14:56+00:00\" \/>\n<meta property=\"article:modified_time\" content=\"2024-11-23T10:14:58+00:00\" \/>\n<meta property=\"og:image\" content=\"https:\/\/www.italpassion.fr\/wp-content\/uploads\/2024\/11\/lamborhini-sc63.jpg\" \/>\n\t<meta property=\"og:image:width\" content=\"1200\" \/>\n\t<meta property=\"og:image:height\" content=\"800\" \/>\n\t<meta property=\"og:image:type\" content=\"image\/jpeg\" \/>\n<meta name=\"author\" content=\"Alexandre Filluzeau\" \/>\n<meta name=\"twitter:card\" content=\"summary_large_image\" \/>\n<meta name=\"twitter:creator\" content=\"@italpassion\" \/>\n<meta name=\"twitter:site\" content=\"@italpassion\" \/>\n<script type=\"application\/ld+json\" class=\"yoast-schema-graph\">{\"@context\":\"https:\/\/schema.org\",\"@graph\":[{\"@type\":\"NewsArticle\",\"@id\":\"https:\/\/www.italpassion.fr\/de\/competition\/lamborghini-decision-radicale-pour-son-hypercar-qui-ne-participera-pas-au-championnat-wec-2025\/#article\",\"isPartOf\":{\"@id\":\"https:\/\/www.italpassion.fr\/de\/competition\/lamborghini-decision-radicale-pour-son-hypercar-qui-ne-participera-pas-au-championnat-wec-2025\/\"},\"author\":{\"name\":\"Alexandre Filluzeau\",\"@id\":\"https:\/\/www.italpassion.fr\/de\/#\/schema\/person\/36f747b2a759ca202d847e85a9434ca0\"},\"headline\":\"Lamborghini : d\u00e9cision radicale pour son hypercar qui ne participera pas au championnat WEC 2025\",\"datePublished\":\"2024-11-23T10:14:56+00:00\",\"dateModified\":\"2024-11-23T10:14:58+00:00\",\"mainEntityOfPage\":{\"@id\":\"https:\/\/www.italpassion.fr\/de\/competition\/lamborghini-decision-radicale-pour-son-hypercar-qui-ne-participera-pas-au-championnat-wec-2025\/\"},\"wordCount\":571,\"commentCount\":0,\"publisher\":{\"@id\":\"https:\/\/www.italpassion.fr\/de\/#organization\"},\"image\":{\"@id\":\"https:\/\/www.italpassion.fr\/de\/competition\/lamborghini-decision-radicale-pour-son-hypercar-qui-ne-participera-pas-au-championnat-wec-2025\/#primaryimage\"},\"thumbnailUrl\":\"https:\/\/www.italpassion.fr\/wp-content\/uploads\/2024\/11\/lamborhini-sc63.jpg\",\"articleSection\":[\"Lamborghini\",\"Sport Auto\",\"WEC\"],\"inLanguage\":\"de\",\"potentialAction\":[{\"@type\":\"CommentAction\",\"name\":\"Comment\",\"target\":[\"https:\/\/www.italpassion.fr\/de\/competition\/lamborghini-decision-radicale-pour-son-hypercar-qui-ne-participera-pas-au-championnat-wec-2025\/#respond\"]}]},{\"@type\":\"WebPage\",\"@id\":\"https:\/\/www.italpassion.fr\/de\/competition\/lamborghini-decision-radicale-pour-son-hypercar-qui-ne-participera-pas-au-championnat-wec-2025\/\",\"url\":\"https:\/\/www.italpassion.fr\/de\/competition\/lamborghini-decision-radicale-pour-son-hypercar-qui-ne-participera-pas-au-championnat-wec-2025\/\",\"name\":\"Lamborghini : d\u00e9cision radicale pour son hypercar qui ne participera pas au championnat WEC 2025 - ItalPassion\",\"isPartOf\":{\"@id\":\"https:\/\/www.italpassion.fr\/de\/#website\"},\"primaryImageOfPage\":{\"@id\":\"https:\/\/www.italpassion.fr\/de\/competition\/lamborghini-decision-radicale-pour-son-hypercar-qui-ne-participera-pas-au-championnat-wec-2025\/#primaryimage\"},\"image\":{\"@id\":\"https:\/\/www.italpassion.fr\/de\/competition\/lamborghini-decision-radicale-pour-son-hypercar-qui-ne-participera-pas-au-championnat-wec-2025\/#primaryimage\"},\"thumbnailUrl\":\"https:\/\/www.italpassion.fr\/wp-content\/uploads\/2024\/11\/lamborhini-sc63.jpg\",\"datePublished\":\"2024-11-23T10:14:56+00:00\",\"dateModified\":\"2024-11-23T10:14:58+00:00\",\"description\":\"C\u2019est d\u00e9sormais officiel : Lamborghini ne sera pas pr\u00e9sent sur la grille du FIA World Endurance Championship (WEC) en 2025. Apr\u00e8s des semaines de\",\"breadcrumb\":{\"@id\":\"https:\/\/www.italpassion.fr\/de\/competition\/lamborghini-decision-radicale-pour-son-hypercar-qui-ne-participera-pas-au-championnat-wec-2025\/#breadcrumb\"},\"inLanguage\":\"de\",\"potentialAction\":[{\"@type\":\"ReadAction\",\"target\":[\"https:\/\/www.italpassion.fr\/de\/competition\/lamborghini-decision-radicale-pour-son-hypercar-qui-ne-participera-pas-au-championnat-wec-2025\/\"]}]},{\"@type\":\"ImageObject\",\"inLanguage\":\"de\",\"@id\":\"https:\/\/www.italpassion.fr\/de\/competition\/lamborghini-decision-radicale-pour-son-hypercar-qui-ne-participera-pas-au-championnat-wec-2025\/#primaryimage\",\"url\":\"https:\/\/www.italpassion.fr\/wp-content\/uploads\/2024\/11\/lamborhini-sc63.jpg\",\"contentUrl\":\"https:\/\/www.italpassion.fr\/wp-content\/uploads\/2024\/11\/lamborhini-sc63.jpg\",\"width\":1200,\"height\":800},{\"@type\":\"BreadcrumbList\",\"@id\":\"https:\/\/www.italpassion.fr\/de\/competition\/lamborghini-decision-radicale-pour-son-hypercar-qui-ne-participera-pas-au-championnat-wec-2025\/#breadcrumb\",\"itemListElement\":[{\"@type\":\"ListItem\",\"position\":1,\"name\":\"Accueil\",\"item\":\"https:\/\/www.italpassion.fr\/de\/\"},{\"@type\":\"ListItem\",\"position\":2,\"name\":\"Lamborghini : d\u00e9cision radicale pour son hypercar qui ne participera pas au championnat WEC 2025\"}]},{\"@type\":\"WebSite\",\"@id\":\"https:\/\/www.italpassion.fr\/de\/#website\",\"url\":\"https:\/\/www.italpassion.fr\/de\/\",\"name\":\"ItalPassion\",\"description\":\"Les Passionn\u00e9s d&#039;Automobiles Italiennes\",\"publisher\":{\"@id\":\"https:\/\/www.italpassion.fr\/de\/#organization\"},\"potentialAction\":[{\"@type\":\"SearchAction\",\"target\":{\"@type\":\"EntryPoint\",\"urlTemplate\":\"https:\/\/www.italpassion.fr\/de\/?s={search_term_string}\"},\"query-input\":{\"@type\":\"PropertyValueSpecification\",\"valueRequired\":true,\"valueName\":\"search_term_string\"}}],\"inLanguage\":\"de\"},{\"@type\":\"Organization\",\"@id\":\"https:\/\/www.italpassion.fr\/de\/#organization\",\"name\":\"Italpassion\",\"url\":\"https:\/\/www.italpassion.fr\/de\/\",\"logo\":{\"@type\":\"ImageObject\",\"inLanguage\":\"de\",\"@id\":\"https:\/\/www.italpassion.fr\/de\/#\/schema\/logo\/image\/\",\"url\":\"https:\/\/www.italpassion.fr\/wp-content\/uploads\/2023\/07\/italpassion-yoast.jpg\",\"contentUrl\":\"https:\/\/www.italpassion.fr\/wp-content\/uploads\/2023\/07\/italpassion-yoast.jpg\",\"width\":696,\"height\":696,\"caption\":\"Italpassion\"},\"image\":{\"@id\":\"https:\/\/www.italpassion.fr\/de\/#\/schema\/logo\/image\/\"},\"sameAs\":[\"https:\/\/www.facebook.com\/italpassion\",\"https:\/\/x.com\/italpassion\",\"https:\/\/www.instagram.com\/italpassionfr\/\",\"https:\/\/www.youtube.com\/channel\/UCleq-ByQaA42OjhopwevRjQ\",\"https:\/\/www.facebook.com\/italpassion.en\/\",\"https:\/\/www.facebook.com\/italpassion.it\/\",\"https:\/\/www.facebook.com\/italpassion.de\/\",\"https:\/\/www.facebook.com\/italpassion.ja\/\"]},{\"@type\":\"Person\",\"@id\":\"https:\/\/www.italpassion.fr\/de\/#\/schema\/person\/36f747b2a759ca202d847e85a9434ca0\",\"name\":\"Alexandre Filluzeau\",\"image\":{\"@type\":\"ImageObject\",\"inLanguage\":\"de\",\"@id\":\"https:\/\/www.italpassion.fr\/de\/#\/schema\/person\/image\/\",\"url\":\"https:\/\/www.italpassion.fr\/wp-content\/uploads\/2025\/04\/avatar-alexandre-160x160.jpg\",\"contentUrl\":\"https:\/\/www.italpassion.fr\/wp-content\/uploads\/2025\/04\/avatar-alexandre-160x160.jpg\",\"caption\":\"Alexandre Filluzeau\"},\"description\":\"Fondateur du site ItalPassion, passionn\u00e9 de voitures italiennes et de l'Italie en g\u00e9n\u00e9ral. J'apporte un regard critique et technique aux actualit\u00e9s des marques italiennes quand cela est possible. Propri\u00e9taire d'une Maserati GranTurismo, Alfa Romeo MiTo, Lancia Fulvia et Ducati 695. Ex-propri\u00e9taire d'une Alfa Romeo Giulia.\",\"sameAs\":[\"https:\/\/www.italpassion.fr\/\"],\"url\":\"https:\/\/www.italpassion.fr\/de\/author\/alexandre\/\"}]}<\/script>\n<!-- \/ Yoast SEO plugin. -->","yoast_head_json":{"title":"Lamborghini: Radikale Entscheidung f\u00fcr sein Hypercar, das nicht an der WEC-Meisterschaft 2025 teilnehmen wird - ItalPassion","description":"Nun ist es offiziell: Lamborghini wird 2025 nicht in der Startaufstellung der FIA World Endurance Championship (WEC) stehen. Nach wochenlangen","robots":{"index":"index","follow":"follow","max-snippet":"max-snippet:-1","max-image-preview":"max-image-preview:large","max-video-preview":"max-video-preview:-1"},"canonical":"https:\/\/www.italpassion.fr\/de\/wettbewerb\/lamborghini-radikale-entscheidung-fur-sein-hypercar-das-nicht-an-der-wec-2025-meisterschaft-teilnehmen-wird\/","og_locale":"de_DE","og_type":"article","og_title":"Lamborghini : d\u00e9cision radicale pour son hypercar qui ne participera pas au championnat WEC 2025 - ItalPassion","og_description":"C\u2019est d\u00e9sormais officiel : Lamborghini ne sera pas pr\u00e9sent sur la grille du FIA World Endurance Championship (WEC) en 2025. Apr\u00e8s des semaines de","og_url":"https:\/\/www.italpassion.fr\/de\/wettbewerb\/lamborghini-radikale-entscheidung-fur-sein-hypercar-das-nicht-an-der-wec-2025-meisterschaft-teilnehmen-wird\/","og_site_name":"ItalPassion","article_publisher":"https:\/\/www.facebook.com\/italpassion","article_published_time":"2024-11-23T10:14:56+00:00","article_modified_time":"2024-11-23T10:14:58+00:00","og_image":[{"width":1200,"height":800,"url":"https:\/\/www.italpassion.fr\/wp-content\/uploads\/2024\/11\/lamborhini-sc63.jpg","type":"image\/jpeg"}],"author":"Alexandre Filluzeau","twitter_card":"summary_large_image","twitter_creator":"@italpassion","twitter_site":"@italpassion","schema":{"@context":"https:\/\/schema.org","@graph":[{"@type":"NewsArticle","@id":"https:\/\/www.italpassion.fr\/de\/competition\/lamborghini-decision-radicale-pour-son-hypercar-qui-ne-participera-pas-au-championnat-wec-2025\/#article","isPartOf":{"@id":"https:\/\/www.italpassion.fr\/de\/competition\/lamborghini-decision-radicale-pour-son-hypercar-qui-ne-participera-pas-au-championnat-wec-2025\/"},"author":{"name":"Alexandre Filluzeau","@id":"https:\/\/www.italpassion.fr\/de\/#\/schema\/person\/36f747b2a759ca202d847e85a9434ca0"},"headline":"Lamborghini : d\u00e9cision radicale pour son hypercar qui ne participera pas au championnat WEC 2025","datePublished":"2024-11-23T10:14:56+00:00","dateModified":"2024-11-23T10:14:58+00:00","mainEntityOfPage":{"@id":"https:\/\/www.italpassion.fr\/de\/competition\/lamborghini-decision-radicale-pour-son-hypercar-qui-ne-participera-pas-au-championnat-wec-2025\/"},"wordCount":571,"commentCount":0,"publisher":{"@id":"https:\/\/www.italpassion.fr\/de\/#organization"},"image":{"@id":"https:\/\/www.italpassion.fr\/de\/competition\/lamborghini-decision-radicale-pour-son-hypercar-qui-ne-participera-pas-au-championnat-wec-2025\/#primaryimage"},"thumbnailUrl":"https:\/\/www.italpassion.fr\/wp-content\/uploads\/2024\/11\/lamborhini-sc63.jpg","articleSection":["Lamborghini","Sport Auto","WEC"],"inLanguage":"de","potentialAction":[{"@type":"CommentAction","name":"Comment","target":["https:\/\/www.italpassion.fr\/de\/competition\/lamborghini-decision-radicale-pour-son-hypercar-qui-ne-participera-pas-au-championnat-wec-2025\/#respond"]}]},{"@type":"WebPage","@id":"https:\/\/www.italpassion.fr\/de\/competition\/lamborghini-decision-radicale-pour-son-hypercar-qui-ne-participera-pas-au-championnat-wec-2025\/","url":"https:\/\/www.italpassion.fr\/de\/competition\/lamborghini-decision-radicale-pour-son-hypercar-qui-ne-participera-pas-au-championnat-wec-2025\/","name":"Lamborghini: Radikale Entscheidung f\u00fcr sein Hypercar, das nicht an der WEC-Meisterschaft 2025 teilnehmen wird - ItalPassion","isPartOf":{"@id":"https:\/\/www.italpassion.fr\/de\/#website"},"primaryImageOfPage":{"@id":"https:\/\/www.italpassion.fr\/de\/competition\/lamborghini-decision-radicale-pour-son-hypercar-qui-ne-participera-pas-au-championnat-wec-2025\/#primaryimage"},"image":{"@id":"https:\/\/www.italpassion.fr\/de\/competition\/lamborghini-decision-radicale-pour-son-hypercar-qui-ne-participera-pas-au-championnat-wec-2025\/#primaryimage"},"thumbnailUrl":"https:\/\/www.italpassion.fr\/wp-content\/uploads\/2024\/11\/lamborhini-sc63.jpg","datePublished":"2024-11-23T10:14:56+00:00","dateModified":"2024-11-23T10:14:58+00:00","description":"Nun ist es offiziell: Lamborghini wird 2025 nicht in der Startaufstellung der FIA World Endurance Championship (WEC) stehen. Nach wochenlangen","breadcrumb":{"@id":"https:\/\/www.italpassion.fr\/de\/competition\/lamborghini-decision-radicale-pour-son-hypercar-qui-ne-participera-pas-au-championnat-wec-2025\/#breadcrumb"},"inLanguage":"de","potentialAction":[{"@type":"ReadAction","target":["https:\/\/www.italpassion.fr\/de\/competition\/lamborghini-decision-radicale-pour-son-hypercar-qui-ne-participera-pas-au-championnat-wec-2025\/"]}]},{"@type":"ImageObject","inLanguage":"de","@id":"https:\/\/www.italpassion.fr\/de\/competition\/lamborghini-decision-radicale-pour-son-hypercar-qui-ne-participera-pas-au-championnat-wec-2025\/#primaryimage","url":"https:\/\/www.italpassion.fr\/wp-content\/uploads\/2024\/11\/lamborhini-sc63.jpg","contentUrl":"https:\/\/www.italpassion.fr\/wp-content\/uploads\/2024\/11\/lamborhini-sc63.jpg","width":1200,"height":800},{"@type":"BreadcrumbList","@id":"https:\/\/www.italpassion.fr\/de\/competition\/lamborghini-decision-radicale-pour-son-hypercar-qui-ne-participera-pas-au-championnat-wec-2025\/#breadcrumb","itemListElement":[{"@type":"ListItem","position":1,"name":"Accueil","item":"https:\/\/www.italpassion.fr\/de\/"},{"@type":"ListItem","position":2,"name":"Lamborghini : d\u00e9cision radicale pour son hypercar qui ne participera pas au championnat WEC 2025"}]},{"@type":"WebSite","@id":"https:\/\/www.italpassion.fr\/de\/#website","url":"https:\/\/www.italpassion.fr\/de\/","name":"ItalPassion","description":"Die Liebhaber italienischer Autos","publisher":{"@id":"https:\/\/www.italpassion.fr\/de\/#organization"},"potentialAction":[{"@type":"SearchAction","target":{"@type":"EntryPoint","urlTemplate":"https:\/\/www.italpassion.fr\/de\/?s={search_term_string}"},"query-input":{"@type":"PropertyValueSpecification","valueRequired":true,"valueName":"search_term_string"}}],"inLanguage":"de"},{"@type":"Organization","@id":"https:\/\/www.italpassion.fr\/de\/#organization","name":"Italpassion","url":"https:\/\/www.italpassion.fr\/de\/","logo":{"@type":"ImageObject","inLanguage":"de","@id":"https:\/\/www.italpassion.fr\/de\/#\/schema\/logo\/image\/","url":"https:\/\/www.italpassion.fr\/wp-content\/uploads\/2023\/07\/italpassion-yoast.jpg","contentUrl":"https:\/\/www.italpassion.fr\/wp-content\/uploads\/2023\/07\/italpassion-yoast.jpg","width":696,"height":696,"caption":"Italpassion"},"image":{"@id":"https:\/\/www.italpassion.fr\/de\/#\/schema\/logo\/image\/"},"sameAs":["https:\/\/www.facebook.com\/italpassion","https:\/\/x.com\/italpassion","https:\/\/www.instagram.com\/italpassionfr\/","https:\/\/www.youtube.com\/channel\/UCleq-ByQaA42OjhopwevRjQ","https:\/\/www.facebook.com\/italpassion.en\/","https:\/\/www.facebook.com\/italpassion.it\/","https:\/\/www.facebook.com\/italpassion.de\/","https:\/\/www.facebook.com\/italpassion.ja\/"]},{"@type":"Person","@id":"https:\/\/www.italpassion.fr\/de\/#\/schema\/person\/36f747b2a759ca202d847e85a9434ca0","name":"Alexandre Filluzeau","image":{"@type":"ImageObject","inLanguage":"de","@id":"https:\/\/www.italpassion.fr\/de\/#\/schema\/person\/image\/","url":"https:\/\/www.italpassion.fr\/wp-content\/uploads\/2025\/04\/avatar-alexandre-160x160.jpg","contentUrl":"https:\/\/www.italpassion.fr\/wp-content\/uploads\/2025\/04\/avatar-alexandre-160x160.jpg","caption":"Alexandre Filluzeau"},"description":"Gr\u00fcnder der Website ItalPassion, leidenschaftlicher Fan von italienischen Autos und Italien im Allgemeinen. Ich bringe einen kritischen und technischen Blick auf die Nachrichten der italienischen Marken, wann immer es m\u00f6glich ist. Besitzer eines Maserati GranTurismo, Alfa Romeo MiTo, Lancia Fulvia und Ducati 695. Ex-Besitzer einer Alfa Romeo Giulia.","sameAs":["https:\/\/www.italpassion.fr\/"],"url":"https:\/\/www.italpassion.fr\/de\/author\/alexandre\/"}]}},"_links":{"self":[{"href":"https:\/\/www.italpassion.fr\/de\/wp-json\/wp\/v2\/posts\/35141","targetHints":{"allow":["GET"]}}],"collection":[{"href":"https:\/\/www.italpassion.fr\/de\/wp-json\/wp\/v2\/posts"}],"about":[{"href":"https:\/\/www.italpassion.fr\/de\/wp-json\/wp\/v2\/types\/post"}],"author":[{"embeddable":true,"href":"https:\/\/www.italpassion.fr\/de\/wp-json\/wp\/v2\/users\/1"}],"replies":[{"embeddable":true,"href":"https:\/\/www.italpassion.fr\/de\/wp-json\/wp\/v2\/comments?post=35141"}],"version-history":[{"count":2,"href":"https:\/\/www.italpassion.fr\/de\/wp-json\/wp\/v2\/posts\/35141\/revisions"}],"predecessor-version":[{"id":35146,"href":"https:\/\/www.italpassion.fr\/de\/wp-json\/wp\/v2\/posts\/35141\/revisions\/35146"}],"wp:featuredmedia":[{"embeddable":true,"href":"https:\/\/www.italpassion.fr\/de\/wp-json\/wp\/v2\/media\/35144"}],"wp:attachment":[{"href":"https:\/\/www.italpassion.fr\/de\/wp-json\/wp\/v2\/media?parent=35141"}],"wp:term":[{"taxonomy":"category","embeddable":true,"href":"https:\/\/www.italpassion.fr\/de\/wp-json\/wp\/v2\/categories?post=35141"},{"taxonomy":"post_tag","embeddable":true,"href":"https:\/\/www.italpassion.fr\/de\/wp-json\/wp\/v2\/tags?post=35141"}],"curies":[{"name":"wp","href":"https:\/\/api.w.org\/{rel}","templated":true}]}}