{"id":34155,"date":"2024-06-04T21:18:14","date_gmt":"2024-06-04T19:18:14","guid":{"rendered":"https:\/\/www.italpassion.fr\/?p=34155"},"modified":"2024-06-04T21:18:17","modified_gmt":"2024-06-04T19:18:17","slug":"fiat-500-electric-die-fabrik-in-mirafiori-bis-september-geschlossen","status":"publish","type":"post","link":"https:\/\/www.italpassion.fr\/de\/fiat\/fiat-500-electrique-lusine-de-mirafiori-fermee-jusqua-septembre\/","title":{"rendered":"Fiat 500 Elektro: Werk in Mirafiori bis September geschlossen"},"content":{"rendered":"<figure class=\"wp-block-image size-large\"><img loading=\"lazy\" decoding=\"async\" width=\"1024\" height=\"683\" src=\"https:\/\/www.italpassion.fr\/wp-content\/uploads\/2024\/04\/mirafiori-500-electrique-1024x683.jpg\" alt=\"\" class=\"wp-image-33665\" srcset=\"https:\/\/www.italpassion.fr\/wp-content\/uploads\/2024\/04\/mirafiori-500-electrique-1024x683.jpg 1024w, https:\/\/www.italpassion.fr\/wp-content\/uploads\/2024\/04\/mirafiori-500-electrique-300x200.jpg 300w, https:\/\/www.italpassion.fr\/wp-content\/uploads\/2024\/04\/mirafiori-500-electrique-768x512.jpg 768w, https:\/\/www.italpassion.fr\/wp-content\/uploads\/2024\/04\/mirafiori-500-electrique-18x12.jpg 18w, https:\/\/www.italpassion.fr\/wp-content\/uploads\/2024\/04\/mirafiori-500-electrique-561x374.jpg 561w, https:\/\/www.italpassion.fr\/wp-content\/uploads\/2024\/04\/mirafiori-500-electrique-1122x748.jpg 1122w, https:\/\/www.italpassion.fr\/wp-content\/uploads\/2024\/04\/mirafiori-500-electrique-265x177.jpg 265w, https:\/\/www.italpassion.fr\/wp-content\/uploads\/2024\/04\/mirafiori-500-electrique-531x354.jpg 531w, https:\/\/www.italpassion.fr\/wp-content\/uploads\/2024\/04\/mirafiori-500-electrique-364x243.jpg 364w, https:\/\/www.italpassion.fr\/wp-content\/uploads\/2024\/04\/mirafiori-500-electrique-728x485.jpg 728w, https:\/\/www.italpassion.fr\/wp-content\/uploads\/2024\/04\/mirafiori-500-electrique-608x405.jpg 608w, https:\/\/www.italpassion.fr\/wp-content\/uploads\/2024\/04\/mirafiori-500-electrique-758x505.jpg 758w, https:\/\/www.italpassion.fr\/wp-content\/uploads\/2024\/04\/mirafiori-500-electrique-1152x768.jpg 1152w, https:\/\/www.italpassion.fr\/wp-content\/uploads\/2024\/04\/mirafiori-500-electrique-600x400.jpg 600w, https:\/\/www.italpassion.fr\/wp-content\/uploads\/2024\/04\/mirafiori-500-electrique.jpg 1200w\" sizes=\"auto, (max-width: 1024px) 100vw, 1024px\" \/><\/figure>\n\n\n\n<p>Das Werk Mirafiori in Turin, in dem der elektrische Fiat 500 hergestellt wird, k\u00fcndigte seine<strong> bis September geschlossen<\/strong>. Diese Entscheidung erfolgte nach einer Reihe von Ma\u00dfnahmen zur Verringerung der Produktion, darunter die Verwendung von Solidarit\u00e4tsvertr\u00e4gen f\u00fcr die Besch\u00e4ftigten.<\/p>\n\n\n\n<p>Der Corriere Torino berichtet, dass Stellantis, die Muttergesellschaft von Fiat, die Gewerkschaften dar\u00fcber informiert hat, dass sie Solidarit\u00e4tsvertr\u00e4ge, d. h. Kurzarbeit, einsetzen wird, <strong>bis zum 4. August.<\/strong> Diese Ma\u00dfnahme betrifft fast 1 200 Besch\u00e4ftigte in der Produktion des 500. In der Folge <strong>wird die Fabrik \u00fcber die Sommerferien bis September geschlossen.<\/strong> Diese Entscheidung folgt auf \u00e4hnliche Solidarit\u00e4tsvertr\u00e4ge, die f\u00fcr tausend Maserati-Arbeiter unterzeichnet wurden...<\/p>\n\n\n\n<p>Mirafiori, einst ein Symbol f\u00fcr die italienische Automobilproduktion, befindet sich heute in einer schwierigen Lage. Trotz der Bem\u00fchungen, die Produktion mit dem neuen Fiat 500 mit Elektroantrieb anzukurbeln, der auf 100.000 Einheiten pro Jahr abzielte, sind die Ergebnisse weit davon entfernt, die Erwartungen zu erf\u00fcllen. Nach Angaben der Gewerkschaften <strong>die Produktion im Mai war fast null<\/strong> und die Aussichten f\u00fcr die kommenden Monate sind d\u00fcster.<\/p>\n\n\n\n<p>Die Gewerkschaften fordern die Regierung zum Eingreifen auf. Luigi Paone von der Uilm Torino betonte, dass \"der Preis f\u00fcr die Streitigkeiten zwischen Stellantis und der Regierung von den Arbeitnehmern bezahlt wird. Wir m\u00fcssen so schnell wie m\u00f6glich eine Einigung erzielen, um die Automobilindustrie wieder in Gang zu bringen.\" Rocco Cutr\u00ec, Sekret\u00e4r der Fim Cisl Torino, f\u00fcgte hinzu, dass die Regierung \"alle Anstrengungen unternehmen muss, um die Produktion in Italien zu sichern, und das Unternehmen muss mehr soziale Verantwortung zeigen.\"<\/p>\n\n\n\n<p>Die Verkaufszahlen des elektrischen Fiat 500 sind besorgniserregend. <a href=\"https:\/\/www.italpassion.fr\/de\/fiat\/fiat-500-q1-2024-verkaufszahlen-elektroautos-fallen-aus-wenn-der-verbrennungsmotor-sich-wehrt\/\">Im ersten Quartal 2024 fielen die Ums\u00e4tze um 50 %<\/a>. Im April 2024 war der Fiat 500 Elektro noch immer nicht unter den Top 10 der Verkaufszahlen f\u00fcr Elektroautos in Europa, w\u00e4hrend er 2023 dort war. Der R\u00fcckgang der Verkaufszahlen spiegelt die Herausforderungen wider, mit denen das Werk in Mirafiori konfrontiert ist.<\/p>\n\n\n\n<p>Die leitenden Angestellten und F\u00fchrungskr\u00e4fte von Stellantis teilen die Bedenken der Gewerkschaften. Sie betonen die Notwendigkeit <strong>eine neue Aufgabe f\u00fcr die Fabrik in Mirafiori festlegen.<\/strong> Laut Fabrizio Amante und Filippo Santoiemma von AQCF-R ist es entscheidend, schnell eine neue Produktionslinie f\u00fcr ein Modell mit hohem Volumen einzurichten, obwohl dies zwischen 18 und 24 Monaten dauern k\u00f6nnte. Diese anhaltende prek\u00e4re Situation erzeugt gro\u00dfe Besorgnis \u00fcber die industrielle Lebensf\u00e4higkeit und die Besch\u00e4ftigung in Mirafiori.<\/p>\n\n\n\n<p>Die Schlie\u00dfung des Werks in Mirafiori bis September ist eine direkte Folge der Schwierigkeiten, mit denen Stellantis und sein elektrisches Modell Fiat 500 zu k\u00e4mpfen haben. Stellantis hatte vor zwei Monaten angek\u00fcndigt <a href=\"https:\/\/www.italpassion.fr\/de\/fiat\/fiat-500-electric-stellantis-investiert-100-millionen-euro-um-den-verkauf-anzukurbeln\/\">100 Millionen Euro investieren, um das Elektromodell wettbewerbsf\u00e4higer zu machen<\/a>ohne Angabe eines Datums und <a href=\"https:\/\/www.italpassion.fr\/de\/fiat\/carlos-tavares-bestatigt-in-italien-hergestellten-fiat-500-hybrid-aber-mit-groser-zeitverzogerung\/\">hat endlich ein Hybridmodell best\u00e4tigt<\/a>... aber nicht vor 2026! <\/p>","protected":false},"excerpt":{"rendered":"","protected":false},"author":1,"featured_media":33665,"comment_status":"open","ping_status":"open","sticky":false,"template":"","format":"standard","meta":{"_acf_changed":false,"_sitemap_exclude":false,"_sitemap_priority":"","_sitemap_frequency":"","footnotes":""},"categories":[24],"tags":[289],"class_list":["post-34155","post","type-post","status-publish","format-standard","has-post-thumbnail","hentry","category-fiat","tag-fiat-500e","generate-columns","tablet-grid-50","mobile-grid-100","grid-parent","grid-33"],"acf":[],"yoast_head":"<!-- This site is optimized with the Yoast SEO plugin v25.8 - https:\/\/yoast.com\/wordpress\/plugins\/seo\/ -->\n<title>Fiat 500 \u00e9lectrique : l&#039;usine de Mirafiori ferm\u00e9e jusqu&#039;\u00e0 septembre - ItalPassion<\/title>\n<meta name=\"description\" content=\"L&#039;usine de Mirafiori \u00e0 Turin, qui produit la Fiat 500 \u00e9lectrique, a annonc\u00e9 sa fermeture jusqu&#039;\u00e0 septembre. Cette d\u00e9cision intervient apr\u00e8s une s\u00e9rie de\" \/>\n<meta name=\"robots\" content=\"index, follow, max-snippet:-1, max-image-preview:large, max-video-preview:-1\" \/>\n<link rel=\"canonical\" href=\"https:\/\/www.italpassion.fr\/de\/fiat\/fiat-500-electric-die-fabrik-in-mirafiori-bis-september-geschlossen\/\" \/>\n<meta property=\"og:locale\" content=\"de_DE\" \/>\n<meta property=\"og:type\" content=\"article\" \/>\n<meta property=\"og:title\" content=\"Fiat 500 \u00e9lectrique : l&#039;usine de Mirafiori ferm\u00e9e jusqu&#039;\u00e0 septembre - ItalPassion\" \/>\n<meta property=\"og:description\" content=\"L&#039;usine de Mirafiori \u00e0 Turin, qui produit la Fiat 500 \u00e9lectrique, a annonc\u00e9 sa fermeture jusqu&#039;\u00e0 septembre. Cette d\u00e9cision intervient apr\u00e8s une s\u00e9rie de\" \/>\n<meta property=\"og:url\" content=\"https:\/\/www.italpassion.fr\/de\/fiat\/fiat-500-electric-die-fabrik-in-mirafiori-bis-september-geschlossen\/\" \/>\n<meta property=\"og:site_name\" content=\"ItalPassion\" \/>\n<meta property=\"article:publisher\" content=\"https:\/\/www.facebook.com\/italpassion\" \/>\n<meta property=\"article:published_time\" content=\"2024-06-04T19:18:14+00:00\" \/>\n<meta property=\"article:modified_time\" content=\"2024-06-04T19:18:17+00:00\" \/>\n<meta property=\"og:image\" content=\"https:\/\/www.italpassion.fr\/wp-content\/uploads\/2024\/04\/mirafiori-500-electrique.jpg\" \/>\n\t<meta property=\"og:image:width\" content=\"1200\" \/>\n\t<meta property=\"og:image:height\" content=\"800\" \/>\n\t<meta property=\"og:image:type\" content=\"image\/jpeg\" \/>\n<meta name=\"author\" content=\"Alexandre Filluzeau\" \/>\n<meta name=\"twitter:card\" content=\"summary_large_image\" \/>\n<meta name=\"twitter:creator\" content=\"@italpassion\" \/>\n<meta name=\"twitter:site\" content=\"@italpassion\" \/>\n<script type=\"application\/ld+json\" class=\"yoast-schema-graph\">{\"@context\":\"https:\/\/schema.org\",\"@graph\":[{\"@type\":\"NewsArticle\",\"@id\":\"https:\/\/www.italpassion.fr\/de\/fiat\/fiat-500-electrique-lusine-de-mirafiori-fermee-jusqua-septembre\/#article\",\"isPartOf\":{\"@id\":\"https:\/\/www.italpassion.fr\/de\/fiat\/fiat-500-electrique-lusine-de-mirafiori-fermee-jusqua-septembre\/\"},\"author\":{\"name\":\"Alexandre Filluzeau\",\"@id\":\"https:\/\/www.italpassion.fr\/de\/#\/schema\/person\/36f747b2a759ca202d847e85a9434ca0\"},\"headline\":\"Fiat 500 \u00e9lectrique : l&rsquo;usine de Mirafiori ferm\u00e9e jusqu&rsquo;\u00e0 septembre\",\"datePublished\":\"2024-06-04T19:18:14+00:00\",\"dateModified\":\"2024-06-04T19:18:17+00:00\",\"mainEntityOfPage\":{\"@id\":\"https:\/\/www.italpassion.fr\/de\/fiat\/fiat-500-electrique-lusine-de-mirafiori-fermee-jusqua-septembre\/\"},\"wordCount\":491,\"commentCount\":5,\"publisher\":{\"@id\":\"https:\/\/www.italpassion.fr\/de\/#organization\"},\"image\":{\"@id\":\"https:\/\/www.italpassion.fr\/de\/fiat\/fiat-500-electrique-lusine-de-mirafiori-fermee-jusqua-septembre\/#primaryimage\"},\"thumbnailUrl\":\"https:\/\/www.italpassion.fr\/wp-content\/uploads\/2024\/04\/mirafiori-500-electrique.jpg\",\"keywords\":[\"Fiat 500 \u00e9lectrique\"],\"articleSection\":[\"Fiat\"],\"inLanguage\":\"de\",\"potentialAction\":[{\"@type\":\"CommentAction\",\"name\":\"Comment\",\"target\":[\"https:\/\/www.italpassion.fr\/de\/fiat\/fiat-500-electrique-lusine-de-mirafiori-fermee-jusqua-septembre\/#respond\"]}]},{\"@type\":\"WebPage\",\"@id\":\"https:\/\/www.italpassion.fr\/de\/fiat\/fiat-500-electrique-lusine-de-mirafiori-fermee-jusqua-septembre\/\",\"url\":\"https:\/\/www.italpassion.fr\/de\/fiat\/fiat-500-electrique-lusine-de-mirafiori-fermee-jusqua-septembre\/\",\"name\":\"Fiat 500 \u00e9lectrique : l'usine de Mirafiori ferm\u00e9e jusqu'\u00e0 septembre - ItalPassion\",\"isPartOf\":{\"@id\":\"https:\/\/www.italpassion.fr\/de\/#website\"},\"primaryImageOfPage\":{\"@id\":\"https:\/\/www.italpassion.fr\/de\/fiat\/fiat-500-electrique-lusine-de-mirafiori-fermee-jusqua-septembre\/#primaryimage\"},\"image\":{\"@id\":\"https:\/\/www.italpassion.fr\/de\/fiat\/fiat-500-electrique-lusine-de-mirafiori-fermee-jusqua-septembre\/#primaryimage\"},\"thumbnailUrl\":\"https:\/\/www.italpassion.fr\/wp-content\/uploads\/2024\/04\/mirafiori-500-electrique.jpg\",\"datePublished\":\"2024-06-04T19:18:14+00:00\",\"dateModified\":\"2024-06-04T19:18:17+00:00\",\"description\":\"L'usine de Mirafiori \u00e0 Turin, qui produit la Fiat 500 \u00e9lectrique, a annonc\u00e9 sa fermeture jusqu'\u00e0 septembre. Cette d\u00e9cision intervient apr\u00e8s une s\u00e9rie de\",\"breadcrumb\":{\"@id\":\"https:\/\/www.italpassion.fr\/de\/fiat\/fiat-500-electrique-lusine-de-mirafiori-fermee-jusqua-septembre\/#breadcrumb\"},\"inLanguage\":\"de\",\"potentialAction\":[{\"@type\":\"ReadAction\",\"target\":[\"https:\/\/www.italpassion.fr\/de\/fiat\/fiat-500-electrique-lusine-de-mirafiori-fermee-jusqua-septembre\/\"]}]},{\"@type\":\"ImageObject\",\"inLanguage\":\"de\",\"@id\":\"https:\/\/www.italpassion.fr\/de\/fiat\/fiat-500-electrique-lusine-de-mirafiori-fermee-jusqua-septembre\/#primaryimage\",\"url\":\"https:\/\/www.italpassion.fr\/wp-content\/uploads\/2024\/04\/mirafiori-500-electrique.jpg\",\"contentUrl\":\"https:\/\/www.italpassion.fr\/wp-content\/uploads\/2024\/04\/mirafiori-500-electrique.jpg\",\"width\":1200,\"height\":800},{\"@type\":\"BreadcrumbList\",\"@id\":\"https:\/\/www.italpassion.fr\/de\/fiat\/fiat-500-electrique-lusine-de-mirafiori-fermee-jusqua-septembre\/#breadcrumb\",\"itemListElement\":[{\"@type\":\"ListItem\",\"position\":1,\"name\":\"Accueil\",\"item\":\"https:\/\/www.italpassion.fr\/de\/\"},{\"@type\":\"ListItem\",\"position\":2,\"name\":\"Fiat 500 \u00e9lectrique : l&rsquo;usine de Mirafiori ferm\u00e9e jusqu&rsquo;\u00e0 septembre\"}]},{\"@type\":\"WebSite\",\"@id\":\"https:\/\/www.italpassion.fr\/de\/#website\",\"url\":\"https:\/\/www.italpassion.fr\/de\/\",\"name\":\"ItalPassion\",\"description\":\"Les Passionn\u00e9s d&#039;Automobiles Italiennes\",\"publisher\":{\"@id\":\"https:\/\/www.italpassion.fr\/de\/#organization\"},\"potentialAction\":[{\"@type\":\"SearchAction\",\"target\":{\"@type\":\"EntryPoint\",\"urlTemplate\":\"https:\/\/www.italpassion.fr\/de\/?s={search_term_string}\"},\"query-input\":{\"@type\":\"PropertyValueSpecification\",\"valueRequired\":true,\"valueName\":\"search_term_string\"}}],\"inLanguage\":\"de\"},{\"@type\":\"Organization\",\"@id\":\"https:\/\/www.italpassion.fr\/de\/#organization\",\"name\":\"Italpassion\",\"url\":\"https:\/\/www.italpassion.fr\/de\/\",\"logo\":{\"@type\":\"ImageObject\",\"inLanguage\":\"de\",\"@id\":\"https:\/\/www.italpassion.fr\/de\/#\/schema\/logo\/image\/\",\"url\":\"https:\/\/www.italpassion.fr\/wp-content\/uploads\/2023\/07\/italpassion-yoast.jpg\",\"contentUrl\":\"https:\/\/www.italpassion.fr\/wp-content\/uploads\/2023\/07\/italpassion-yoast.jpg\",\"width\":696,\"height\":696,\"caption\":\"Italpassion\"},\"image\":{\"@id\":\"https:\/\/www.italpassion.fr\/de\/#\/schema\/logo\/image\/\"},\"sameAs\":[\"https:\/\/www.facebook.com\/italpassion\",\"https:\/\/x.com\/italpassion\",\"https:\/\/www.instagram.com\/italpassionfr\/\",\"https:\/\/www.youtube.com\/channel\/UCleq-ByQaA42OjhopwevRjQ\",\"https:\/\/www.facebook.com\/italpassion.en\/\",\"https:\/\/www.facebook.com\/italpassion.it\/\",\"https:\/\/www.facebook.com\/italpassion.de\/\",\"https:\/\/www.facebook.com\/italpassion.ja\/\"]},{\"@type\":\"Person\",\"@id\":\"https:\/\/www.italpassion.fr\/de\/#\/schema\/person\/36f747b2a759ca202d847e85a9434ca0\",\"name\":\"Alexandre Filluzeau\",\"image\":{\"@type\":\"ImageObject\",\"inLanguage\":\"de\",\"@id\":\"https:\/\/www.italpassion.fr\/de\/#\/schema\/person\/image\/\",\"url\":\"https:\/\/www.italpassion.fr\/wp-content\/uploads\/2025\/04\/avatar-alexandre-160x160.jpg\",\"contentUrl\":\"https:\/\/www.italpassion.fr\/wp-content\/uploads\/2025\/04\/avatar-alexandre-160x160.jpg\",\"caption\":\"Alexandre Filluzeau\"},\"description\":\"Fondateur du site ItalPassion, passionn\u00e9 de voitures italiennes et de l'Italie en g\u00e9n\u00e9ral. J'apporte un regard critique et technique aux actualit\u00e9s des marques italiennes quand cela est possible. Propri\u00e9taire d'une Maserati GranTurismo, Alfa Romeo MiTo, Lancia Fulvia et Ducati 695. Ex-propri\u00e9taire d'une Alfa Romeo Giulia.\",\"sameAs\":[\"https:\/\/www.italpassion.fr\/\"],\"url\":\"https:\/\/www.italpassion.fr\/de\/author\/alexandre\/\"}]}<\/script>\n<!-- \/ Yoast SEO plugin. -->","yoast_head_json":{"title":"Fiat 500 Elektro: Werk in Mirafiori bis September geschlossen - ItalPassion","description":"Das Werk Mirafiori in Turin, in dem der elektrische Fiat 500 hergestellt wird, gab seine Schlie\u00dfung bis September bekannt. Diese Entscheidung erfolgte nach einer Reihe von","robots":{"index":"index","follow":"follow","max-snippet":"max-snippet:-1","max-image-preview":"max-image-preview:large","max-video-preview":"max-video-preview:-1"},"canonical":"https:\/\/www.italpassion.fr\/de\/fiat\/fiat-500-electric-die-fabrik-in-mirafiori-bis-september-geschlossen\/","og_locale":"de_DE","og_type":"article","og_title":"Fiat 500 \u00e9lectrique : l'usine de Mirafiori ferm\u00e9e jusqu'\u00e0 septembre - ItalPassion","og_description":"L'usine de Mirafiori \u00e0 Turin, qui produit la Fiat 500 \u00e9lectrique, a annonc\u00e9 sa fermeture jusqu'\u00e0 septembre. Cette d\u00e9cision intervient apr\u00e8s une s\u00e9rie de","og_url":"https:\/\/www.italpassion.fr\/de\/fiat\/fiat-500-electric-die-fabrik-in-mirafiori-bis-september-geschlossen\/","og_site_name":"ItalPassion","article_publisher":"https:\/\/www.facebook.com\/italpassion","article_published_time":"2024-06-04T19:18:14+00:00","article_modified_time":"2024-06-04T19:18:17+00:00","og_image":[{"width":1200,"height":800,"url":"https:\/\/www.italpassion.fr\/wp-content\/uploads\/2024\/04\/mirafiori-500-electrique.jpg","type":"image\/jpeg"}],"author":"Alexandre Filluzeau","twitter_card":"summary_large_image","twitter_creator":"@italpassion","twitter_site":"@italpassion","schema":{"@context":"https:\/\/schema.org","@graph":[{"@type":"NewsArticle","@id":"https:\/\/www.italpassion.fr\/de\/fiat\/fiat-500-electrique-lusine-de-mirafiori-fermee-jusqua-septembre\/#article","isPartOf":{"@id":"https:\/\/www.italpassion.fr\/de\/fiat\/fiat-500-electrique-lusine-de-mirafiori-fermee-jusqua-septembre\/"},"author":{"name":"Alexandre Filluzeau","@id":"https:\/\/www.italpassion.fr\/de\/#\/schema\/person\/36f747b2a759ca202d847e85a9434ca0"},"headline":"Fiat 500 \u00e9lectrique : l&rsquo;usine de Mirafiori ferm\u00e9e jusqu&rsquo;\u00e0 septembre","datePublished":"2024-06-04T19:18:14+00:00","dateModified":"2024-06-04T19:18:17+00:00","mainEntityOfPage":{"@id":"https:\/\/www.italpassion.fr\/de\/fiat\/fiat-500-electrique-lusine-de-mirafiori-fermee-jusqua-septembre\/"},"wordCount":491,"commentCount":5,"publisher":{"@id":"https:\/\/www.italpassion.fr\/de\/#organization"},"image":{"@id":"https:\/\/www.italpassion.fr\/de\/fiat\/fiat-500-electrique-lusine-de-mirafiori-fermee-jusqua-septembre\/#primaryimage"},"thumbnailUrl":"https:\/\/www.italpassion.fr\/wp-content\/uploads\/2024\/04\/mirafiori-500-electrique.jpg","keywords":["Fiat 500 \u00e9lectrique"],"articleSection":["Fiat"],"inLanguage":"de","potentialAction":[{"@type":"CommentAction","name":"Comment","target":["https:\/\/www.italpassion.fr\/de\/fiat\/fiat-500-electrique-lusine-de-mirafiori-fermee-jusqua-septembre\/#respond"]}]},{"@type":"WebPage","@id":"https:\/\/www.italpassion.fr\/de\/fiat\/fiat-500-electrique-lusine-de-mirafiori-fermee-jusqua-septembre\/","url":"https:\/\/www.italpassion.fr\/de\/fiat\/fiat-500-electrique-lusine-de-mirafiori-fermee-jusqua-septembre\/","name":"Fiat 500 Elektro: Werk in Mirafiori bis September geschlossen - ItalPassion","isPartOf":{"@id":"https:\/\/www.italpassion.fr\/de\/#website"},"primaryImageOfPage":{"@id":"https:\/\/www.italpassion.fr\/de\/fiat\/fiat-500-electrique-lusine-de-mirafiori-fermee-jusqua-septembre\/#primaryimage"},"image":{"@id":"https:\/\/www.italpassion.fr\/de\/fiat\/fiat-500-electrique-lusine-de-mirafiori-fermee-jusqua-septembre\/#primaryimage"},"thumbnailUrl":"https:\/\/www.italpassion.fr\/wp-content\/uploads\/2024\/04\/mirafiori-500-electrique.jpg","datePublished":"2024-06-04T19:18:14+00:00","dateModified":"2024-06-04T19:18:17+00:00","description":"Das Werk Mirafiori in Turin, in dem der elektrische Fiat 500 hergestellt wird, gab seine Schlie\u00dfung bis September bekannt. Diese Entscheidung erfolgte nach einer Reihe von","breadcrumb":{"@id":"https:\/\/www.italpassion.fr\/de\/fiat\/fiat-500-electrique-lusine-de-mirafiori-fermee-jusqua-septembre\/#breadcrumb"},"inLanguage":"de","potentialAction":[{"@type":"ReadAction","target":["https:\/\/www.italpassion.fr\/de\/fiat\/fiat-500-electrique-lusine-de-mirafiori-fermee-jusqua-septembre\/"]}]},{"@type":"ImageObject","inLanguage":"de","@id":"https:\/\/www.italpassion.fr\/de\/fiat\/fiat-500-electrique-lusine-de-mirafiori-fermee-jusqua-septembre\/#primaryimage","url":"https:\/\/www.italpassion.fr\/wp-content\/uploads\/2024\/04\/mirafiori-500-electrique.jpg","contentUrl":"https:\/\/www.italpassion.fr\/wp-content\/uploads\/2024\/04\/mirafiori-500-electrique.jpg","width":1200,"height":800},{"@type":"BreadcrumbList","@id":"https:\/\/www.italpassion.fr\/de\/fiat\/fiat-500-electrique-lusine-de-mirafiori-fermee-jusqua-septembre\/#breadcrumb","itemListElement":[{"@type":"ListItem","position":1,"name":"Accueil","item":"https:\/\/www.italpassion.fr\/de\/"},{"@type":"ListItem","position":2,"name":"Fiat 500 \u00e9lectrique : l&rsquo;usine de Mirafiori ferm\u00e9e jusqu&rsquo;\u00e0 septembre"}]},{"@type":"WebSite","@id":"https:\/\/www.italpassion.fr\/de\/#website","url":"https:\/\/www.italpassion.fr\/de\/","name":"ItalPassion","description":"Die Liebhaber italienischer Autos","publisher":{"@id":"https:\/\/www.italpassion.fr\/de\/#organization"},"potentialAction":[{"@type":"SearchAction","target":{"@type":"EntryPoint","urlTemplate":"https:\/\/www.italpassion.fr\/de\/?s={search_term_string}"},"query-input":{"@type":"PropertyValueSpecification","valueRequired":true,"valueName":"search_term_string"}}],"inLanguage":"de"},{"@type":"Organization","@id":"https:\/\/www.italpassion.fr\/de\/#organization","name":"Italpassion","url":"https:\/\/www.italpassion.fr\/de\/","logo":{"@type":"ImageObject","inLanguage":"de","@id":"https:\/\/www.italpassion.fr\/de\/#\/schema\/logo\/image\/","url":"https:\/\/www.italpassion.fr\/wp-content\/uploads\/2023\/07\/italpassion-yoast.jpg","contentUrl":"https:\/\/www.italpassion.fr\/wp-content\/uploads\/2023\/07\/italpassion-yoast.jpg","width":696,"height":696,"caption":"Italpassion"},"image":{"@id":"https:\/\/www.italpassion.fr\/de\/#\/schema\/logo\/image\/"},"sameAs":["https:\/\/www.facebook.com\/italpassion","https:\/\/x.com\/italpassion","https:\/\/www.instagram.com\/italpassionfr\/","https:\/\/www.youtube.com\/channel\/UCleq-ByQaA42OjhopwevRjQ","https:\/\/www.facebook.com\/italpassion.en\/","https:\/\/www.facebook.com\/italpassion.it\/","https:\/\/www.facebook.com\/italpassion.de\/","https:\/\/www.facebook.com\/italpassion.ja\/"]},{"@type":"Person","@id":"https:\/\/www.italpassion.fr\/de\/#\/schema\/person\/36f747b2a759ca202d847e85a9434ca0","name":"Alexandre Filluzeau","image":{"@type":"ImageObject","inLanguage":"de","@id":"https:\/\/www.italpassion.fr\/de\/#\/schema\/person\/image\/","url":"https:\/\/www.italpassion.fr\/wp-content\/uploads\/2025\/04\/avatar-alexandre-160x160.jpg","contentUrl":"https:\/\/www.italpassion.fr\/wp-content\/uploads\/2025\/04\/avatar-alexandre-160x160.jpg","caption":"Alexandre Filluzeau"},"description":"Gr\u00fcnder der Website ItalPassion, leidenschaftlicher Fan von italienischen Autos und Italien im Allgemeinen. Ich bringe einen kritischen und technischen Blick auf die Nachrichten der italienischen Marken, wann immer es m\u00f6glich ist. Besitzer eines Maserati GranTurismo, Alfa Romeo MiTo, Lancia Fulvia und Ducati 695. Ex-Besitzer einer Alfa Romeo Giulia.","sameAs":["https:\/\/www.italpassion.fr\/"],"url":"https:\/\/www.italpassion.fr\/de\/author\/alexandre\/"}]}},"_links":{"self":[{"href":"https:\/\/www.italpassion.fr\/de\/wp-json\/wp\/v2\/posts\/34155","targetHints":{"allow":["GET"]}}],"collection":[{"href":"https:\/\/www.italpassion.fr\/de\/wp-json\/wp\/v2\/posts"}],"about":[{"href":"https:\/\/www.italpassion.fr\/de\/wp-json\/wp\/v2\/types\/post"}],"author":[{"embeddable":true,"href":"https:\/\/www.italpassion.fr\/de\/wp-json\/wp\/v2\/users\/1"}],"replies":[{"embeddable":true,"href":"https:\/\/www.italpassion.fr\/de\/wp-json\/wp\/v2\/comments?post=34155"}],"version-history":[{"count":1,"href":"https:\/\/www.italpassion.fr\/de\/wp-json\/wp\/v2\/posts\/34155\/revisions"}],"predecessor-version":[{"id":34156,"href":"https:\/\/www.italpassion.fr\/de\/wp-json\/wp\/v2\/posts\/34155\/revisions\/34156"}],"wp:featuredmedia":[{"embeddable":true,"href":"https:\/\/www.italpassion.fr\/de\/wp-json\/wp\/v2\/media\/33665"}],"wp:attachment":[{"href":"https:\/\/www.italpassion.fr\/de\/wp-json\/wp\/v2\/media?parent=34155"}],"wp:term":[{"taxonomy":"category","embeddable":true,"href":"https:\/\/www.italpassion.fr\/de\/wp-json\/wp\/v2\/categories?post=34155"},{"taxonomy":"post_tag","embeddable":true,"href":"https:\/\/www.italpassion.fr\/de\/wp-json\/wp\/v2\/tags?post=34155"}],"curies":[{"name":"wp","href":"https:\/\/api.w.org\/{rel}","templated":true}]}}