{"id":33407,"date":"2024-02-25T22:13:32","date_gmt":"2024-02-25T21:13:32","guid":{"rendered":"https:\/\/www.italpassion.fr\/?p=33407"},"modified":"2024-02-25T22:13:34","modified_gmt":"2024-02-25T21:13:34","slug":"fiat-bestatigt-seine-roadmap-mit-konzepten-und-verhohnt-den-auto-salon-in-genf","status":"publish","type":"post","link":"https:\/\/www.italpassion.fr\/de\/fiat\/fiat-confirme-sa-roadmap-avec-des-concepts-et-se-moque-du-salon-auto-de-geneve\/","title":{"rendered":"Fiat best\u00e4tigt seine Roadmap mit Konzepten (und macht sich \u00fcber den Genfer Autosalon lustig)"},"content":{"rendered":"<p>Endlich ein bisschen Kommunikation, die sich gut anf\u00fchlt, wenn man sie sieht. <a href=\"https:\/\/www.italpassion.fr\/de\/fiat\/\">Fiat<\/a> hat soeben in einem Video die<strong>die zuk\u00fcnftigen Modelle seiner Produktpalette bis 2027. <\/strong>Durch seinen CEO Olivier Fran\u00e7ois, der sich in einem authentischen italienischen Caf\u00e9 in der <strong>Stadt Ginevra<\/strong>In der aktuellen Ausgabe der Zeitschrift \"Die Welt\" erfahren wir mehr \u00fcber die zuk\u00fcnftige Produktpalette bis 2027. <strong>\"Funktionalit\u00e4t im Dienste des Vergn\u00fcgens\".<\/strong><\/p>\n\n\n\n<p>Jede Anzeige wird von einer Reihe von Konzepten begleitet. Beachten Sie, dass alle diese <strong>Modelle werden weltweit und energie\u00fcbergreifend verf\u00fcgbar sein<\/strong>Es gibt also Elektro-, Hybrid- und Verbrennungsmotoren. Beachten Sie, dass dies nicht bedeutet, dass alle diese Motorisierungen in allen Regionen angeboten werden...<\/p>\n\n\n\n<p>Eine weitere Pr\u00e4zisierung: Es werden 5 Konzepte enth\u00fcllt und <strong>die Reihenfolge, in der die Konzepte im Video pr\u00e4sentiert werden, entspricht nicht automatisch der Reihenfolge, in der sie gestartet werden. <\/strong>Au\u00dferdem gibt es 5 Konzepte f\u00fcr die n\u00e4chsten 4 Jahre, mit einer Einf\u00fchrung pro Jahr... capito?<\/p>\n\n\n\n<p>Ohne weitere Verz\u00f6gerung folgen hier die zuk\u00fcnftigen Fiat-Modelle in der Reihenfolge ihrer angeblichen Markteinf\u00fchrung dank der vorherigen <a href=\"https:\/\/www.italpassion.fr\/de\/fiat\/fiat-schliest-zukunftige-modelle-bis-2029-aus\/\">Fiat-Roadmap 2029<\/a>.<\/p>\n\n\n\n<h2 class=\"wp-block-heading\">2024: Ein gro\u00dfer Panda<\/h2>\n\n\n\n<figure class=\"wp-block-image size-large\"><img loading=\"lazy\" decoding=\"async\" width=\"1024\" height=\"576\" src=\"https:\/\/www.italpassion.fr\/wp-content\/uploads\/2024\/02\/concept-fiat-panda-1024x576.jpg\" alt=\"\" class=\"wp-image-33408\" srcset=\"https:\/\/www.italpassion.fr\/wp-content\/uploads\/2024\/02\/concept-fiat-panda-1024x576.jpg 1024w, https:\/\/www.italpassion.fr\/wp-content\/uploads\/2024\/02\/concept-fiat-panda-300x169.jpg 300w, https:\/\/www.italpassion.fr\/wp-content\/uploads\/2024\/02\/concept-fiat-panda-768x432.jpg 768w, https:\/\/www.italpassion.fr\/wp-content\/uploads\/2024\/02\/concept-fiat-panda-18x10.jpg 18w, https:\/\/www.italpassion.fr\/wp-content\/uploads\/2024\/02\/concept-fiat-panda-192x108.jpg 192w, https:\/\/www.italpassion.fr\/wp-content\/uploads\/2024\/02\/concept-fiat-panda-384x216.jpg 384w, https:\/\/www.italpassion.fr\/wp-content\/uploads\/2024\/02\/concept-fiat-panda-364x205.jpg 364w, https:\/\/www.italpassion.fr\/wp-content\/uploads\/2024\/02\/concept-fiat-panda-728x409.jpg 728w, https:\/\/www.italpassion.fr\/wp-content\/uploads\/2024\/02\/concept-fiat-panda-561x316.jpg 561w, https:\/\/www.italpassion.fr\/wp-content\/uploads\/2024\/02\/concept-fiat-panda-1122x631.jpg 1122w, https:\/\/www.italpassion.fr\/wp-content\/uploads\/2024\/02\/concept-fiat-panda-265x149.jpg 265w, https:\/\/www.italpassion.fr\/wp-content\/uploads\/2024\/02\/concept-fiat-panda-531x299.jpg 531w, https:\/\/www.italpassion.fr\/wp-content\/uploads\/2024\/02\/concept-fiat-panda-608x342.jpg 608w, https:\/\/www.italpassion.fr\/wp-content\/uploads\/2024\/02\/concept-fiat-panda-758x426.jpg 758w, https:\/\/www.italpassion.fr\/wp-content\/uploads\/2024\/02\/concept-fiat-panda-1152x648.jpg 1152w, https:\/\/www.italpassion.fr\/wp-content\/uploads\/2024\/02\/concept-fiat-panda-600x338.jpg 600w, https:\/\/www.italpassion.fr\/wp-content\/uploads\/2024\/02\/concept-fiat-panda.jpg 1200w\" sizes=\"auto, (max-width: 1024px) 100vw, 1024px\" \/><\/figure>\n\n\n\n<p>Der ber\u00fchmte und hei\u00df ersehnte Fiat Panda. Er wird viel gr\u00f6\u00dfer sein als der aktuelle Panda und nachhaltige Materialien verwenden, darunter recycelte Kunststoffe und Stoffe auf Bambusbasis.<\/p>\n\n\n\n<p>Sie w\u00fcrde mit einem selbstaufrollenden Ladekabel eine interessante Innovation vorschlagen. Termin in<strong> Juli 2024 <\/strong>f\u00fcr seine Pr\u00e4sentation, die best\u00e4tigen wird <a href=\"https:\/\/www.italpassion.fr\/de\/fiat\/neuer-fiat-panda-so-konnte-er-aussehen\/\">ob sie den durchgesickerten 3D-Bildern \u00e4hneln wird oder nicht<\/a>.<\/p>\n\n\n\n<h2 class=\"wp-block-heading\">2025: Ein \"Giga-Panda\"-SUV, der ber\u00fchmte Multipla?<\/h2>\n\n\n\n<figure class=\"wp-block-image size-large\"><img loading=\"lazy\" decoding=\"async\" width=\"1024\" height=\"576\" src=\"https:\/\/www.italpassion.fr\/wp-content\/uploads\/2024\/02\/concept-giga-panda-1024x576.jpg\" alt=\"\" class=\"wp-image-33411\" srcset=\"https:\/\/www.italpassion.fr\/wp-content\/uploads\/2024\/02\/concept-giga-panda-1024x576.jpg 1024w, https:\/\/www.italpassion.fr\/wp-content\/uploads\/2024\/02\/concept-giga-panda-300x169.jpg 300w, https:\/\/www.italpassion.fr\/wp-content\/uploads\/2024\/02\/concept-giga-panda-768x432.jpg 768w, https:\/\/www.italpassion.fr\/wp-content\/uploads\/2024\/02\/concept-giga-panda-18x10.jpg 18w, https:\/\/www.italpassion.fr\/wp-content\/uploads\/2024\/02\/concept-giga-panda-192x108.jpg 192w, https:\/\/www.italpassion.fr\/wp-content\/uploads\/2024\/02\/concept-giga-panda-384x216.jpg 384w, https:\/\/www.italpassion.fr\/wp-content\/uploads\/2024\/02\/concept-giga-panda-364x205.jpg 364w, https:\/\/www.italpassion.fr\/wp-content\/uploads\/2024\/02\/concept-giga-panda-728x409.jpg 728w, https:\/\/www.italpassion.fr\/wp-content\/uploads\/2024\/02\/concept-giga-panda-561x316.jpg 561w, https:\/\/www.italpassion.fr\/wp-content\/uploads\/2024\/02\/concept-giga-panda-1122x631.jpg 1122w, https:\/\/www.italpassion.fr\/wp-content\/uploads\/2024\/02\/concept-giga-panda-265x149.jpg 265w, https:\/\/www.italpassion.fr\/wp-content\/uploads\/2024\/02\/concept-giga-panda-531x299.jpg 531w, https:\/\/www.italpassion.fr\/wp-content\/uploads\/2024\/02\/concept-giga-panda-608x342.jpg 608w, https:\/\/www.italpassion.fr\/wp-content\/uploads\/2024\/02\/concept-giga-panda-758x426.jpg 758w, https:\/\/www.italpassion.fr\/wp-content\/uploads\/2024\/02\/concept-giga-panda-1152x648.jpg 1152w, https:\/\/www.italpassion.fr\/wp-content\/uploads\/2024\/02\/concept-giga-panda-600x338.jpg 600w, https:\/\/www.italpassion.fr\/wp-content\/uploads\/2024\/02\/concept-giga-panda.jpg 1200w\" sizes=\"auto, (max-width: 1024px) 100vw, 1024px\" \/><\/figure>\n\n\n\n<p>Im Jahr 2025 w\u00fcrden wir einen SUV erwarten, der der neue Multipla sein k\u00f6nnte. Und tats\u00e4chlich: Das vierte Konzept im Video pr\u00e4sentiert einen ger\u00e4umigen Familien-SUV, eine Art \"Giga-Panda\". <\/p>\n\n\n\n<p>Dieses Auto wird den Bed\u00fcrfnissen der Verbraucher nach Familientransport entsprechen. Das Konzept sieht ziemlich imposant aus, es bleibt abzuwarten, ob das Auto in der Realit\u00e4t auch so imposant sein wird.<\/p>\n\n\n\n<p>In dem Video, das Sie am Ende des Artikels sehen k\u00f6nnen, erfahren wir auch, dass dieser Giga-Panda auch eine \"Camper\"-Variante f\u00fcr Abenteurer haben wird.<\/p>\n\n\n\n<figure class=\"wp-block-image size-large\"><img loading=\"lazy\" decoding=\"async\" width=\"1024\" height=\"576\" src=\"https:\/\/www.italpassion.fr\/wp-content\/uploads\/2024\/02\/concept-fiat-camper-1024x576.jpg\" alt=\"\" class=\"wp-image-33412\" srcset=\"https:\/\/www.italpassion.fr\/wp-content\/uploads\/2024\/02\/concept-fiat-camper-1024x576.jpg 1024w, https:\/\/www.italpassion.fr\/wp-content\/uploads\/2024\/02\/concept-fiat-camper-300x169.jpg 300w, https:\/\/www.italpassion.fr\/wp-content\/uploads\/2024\/02\/concept-fiat-camper-768x432.jpg 768w, https:\/\/www.italpassion.fr\/wp-content\/uploads\/2024\/02\/concept-fiat-camper-18x10.jpg 18w, https:\/\/www.italpassion.fr\/wp-content\/uploads\/2024\/02\/concept-fiat-camper-192x108.jpg 192w, https:\/\/www.italpassion.fr\/wp-content\/uploads\/2024\/02\/concept-fiat-camper-384x216.jpg 384w, https:\/\/www.italpassion.fr\/wp-content\/uploads\/2024\/02\/concept-fiat-camper-364x205.jpg 364w, https:\/\/www.italpassion.fr\/wp-content\/uploads\/2024\/02\/concept-fiat-camper-728x409.jpg 728w, https:\/\/www.italpassion.fr\/wp-content\/uploads\/2024\/02\/concept-fiat-camper-561x316.jpg 561w, https:\/\/www.italpassion.fr\/wp-content\/uploads\/2024\/02\/concept-fiat-camper-1122x631.jpg 1122w, https:\/\/www.italpassion.fr\/wp-content\/uploads\/2024\/02\/concept-fiat-camper-265x149.jpg 265w, https:\/\/www.italpassion.fr\/wp-content\/uploads\/2024\/02\/concept-fiat-camper-531x299.jpg 531w, https:\/\/www.italpassion.fr\/wp-content\/uploads\/2024\/02\/concept-fiat-camper-608x342.jpg 608w, https:\/\/www.italpassion.fr\/wp-content\/uploads\/2024\/02\/concept-fiat-camper-758x426.jpg 758w, https:\/\/www.italpassion.fr\/wp-content\/uploads\/2024\/02\/concept-fiat-camper-1152x648.jpg 1152w, https:\/\/www.italpassion.fr\/wp-content\/uploads\/2024\/02\/concept-fiat-camper-600x338.jpg 600w, https:\/\/www.italpassion.fr\/wp-content\/uploads\/2024\/02\/concept-fiat-camper.jpg 1200w\" sizes=\"auto, (max-width: 1024px) 100vw, 1024px\" \/><\/figure>\n\n\n\n<h2 class=\"wp-block-heading\">2026: Ein Fastback-SUV ersetzt den Tipo<\/h2>\n\n\n\n<figure class=\"wp-block-image size-large\"><img loading=\"lazy\" decoding=\"async\" width=\"1024\" height=\"576\" src=\"https:\/\/www.italpassion.fr\/wp-content\/uploads\/2024\/02\/concept-suv-fasback-1024x576.jpg\" alt=\"\" class=\"wp-image-33410\" srcset=\"https:\/\/www.italpassion.fr\/wp-content\/uploads\/2024\/02\/concept-suv-fasback-1024x576.jpg 1024w, https:\/\/www.italpassion.fr\/wp-content\/uploads\/2024\/02\/concept-suv-fasback-300x169.jpg 300w, https:\/\/www.italpassion.fr\/wp-content\/uploads\/2024\/02\/concept-suv-fasback-768x432.jpg 768w, https:\/\/www.italpassion.fr\/wp-content\/uploads\/2024\/02\/concept-suv-fasback-18x10.jpg 18w, https:\/\/www.italpassion.fr\/wp-content\/uploads\/2024\/02\/concept-suv-fasback-192x108.jpg 192w, https:\/\/www.italpassion.fr\/wp-content\/uploads\/2024\/02\/concept-suv-fasback-384x216.jpg 384w, https:\/\/www.italpassion.fr\/wp-content\/uploads\/2024\/02\/concept-suv-fasback-364x205.jpg 364w, https:\/\/www.italpassion.fr\/wp-content\/uploads\/2024\/02\/concept-suv-fasback-728x409.jpg 728w, https:\/\/www.italpassion.fr\/wp-content\/uploads\/2024\/02\/concept-suv-fasback-561x316.jpg 561w, https:\/\/www.italpassion.fr\/wp-content\/uploads\/2024\/02\/concept-suv-fasback-1122x631.jpg 1122w, https:\/\/www.italpassion.fr\/wp-content\/uploads\/2024\/02\/concept-suv-fasback-265x149.jpg 265w, https:\/\/www.italpassion.fr\/wp-content\/uploads\/2024\/02\/concept-suv-fasback-531x299.jpg 531w, https:\/\/www.italpassion.fr\/wp-content\/uploads\/2024\/02\/concept-suv-fasback-608x342.jpg 608w, https:\/\/www.italpassion.fr\/wp-content\/uploads\/2024\/02\/concept-suv-fasback-758x426.jpg 758w, https:\/\/www.italpassion.fr\/wp-content\/uploads\/2024\/02\/concept-suv-fasback-1152x648.jpg 1152w, https:\/\/www.italpassion.fr\/wp-content\/uploads\/2024\/02\/concept-suv-fasback-600x338.jpg 600w, https:\/\/www.italpassion.fr\/wp-content\/uploads\/2024\/02\/concept-suv-fasback.jpg 1200w\" sizes=\"auto, (max-width: 1024px) 100vw, 1024px\" \/><\/figure>\n\n\n\n<p>Hier handelt es sich um eine \u00dcberraschung. Wir haben zwar einen neuen Fiat Tipo erwartet, aber das Konzept geht noch weiter und k\u00fcndigt an, sowohl den Tipo als auch das brasilianische Fastback-Modell zu ersetzen. Das Modell wird in Lateinamerika, im Nahen Osten, in Afrika und sogar in Europa erh\u00e4ltlich sein.<\/p>\n\n\n\n<h2 class=\"wp-block-heading\">2027: Ein Pickup!<\/h2>\n\n\n\n<figure class=\"wp-block-image size-large\"><img loading=\"lazy\" decoding=\"async\" width=\"1024\" height=\"576\" src=\"https:\/\/www.italpassion.fr\/wp-content\/uploads\/2024\/02\/concept-fiat-pickup-1024x576.jpg\" alt=\"\" class=\"wp-image-33409\" srcset=\"https:\/\/www.italpassion.fr\/wp-content\/uploads\/2024\/02\/concept-fiat-pickup-1024x576.jpg 1024w, https:\/\/www.italpassion.fr\/wp-content\/uploads\/2024\/02\/concept-fiat-pickup-300x169.jpg 300w, https:\/\/www.italpassion.fr\/wp-content\/uploads\/2024\/02\/concept-fiat-pickup-768x432.jpg 768w, https:\/\/www.italpassion.fr\/wp-content\/uploads\/2024\/02\/concept-fiat-pickup-18x10.jpg 18w, https:\/\/www.italpassion.fr\/wp-content\/uploads\/2024\/02\/concept-fiat-pickup-192x108.jpg 192w, https:\/\/www.italpassion.fr\/wp-content\/uploads\/2024\/02\/concept-fiat-pickup-384x216.jpg 384w, https:\/\/www.italpassion.fr\/wp-content\/uploads\/2024\/02\/concept-fiat-pickup-364x205.jpg 364w, https:\/\/www.italpassion.fr\/wp-content\/uploads\/2024\/02\/concept-fiat-pickup-728x409.jpg 728w, https:\/\/www.italpassion.fr\/wp-content\/uploads\/2024\/02\/concept-fiat-pickup-561x316.jpg 561w, https:\/\/www.italpassion.fr\/wp-content\/uploads\/2024\/02\/concept-fiat-pickup-1122x631.jpg 1122w, https:\/\/www.italpassion.fr\/wp-content\/uploads\/2024\/02\/concept-fiat-pickup-265x149.jpg 265w, https:\/\/www.italpassion.fr\/wp-content\/uploads\/2024\/02\/concept-fiat-pickup-531x299.jpg 531w, https:\/\/www.italpassion.fr\/wp-content\/uploads\/2024\/02\/concept-fiat-pickup-608x342.jpg 608w, https:\/\/www.italpassion.fr\/wp-content\/uploads\/2024\/02\/concept-fiat-pickup-758x426.jpg 758w, https:\/\/www.italpassion.fr\/wp-content\/uploads\/2024\/02\/concept-fiat-pickup-1152x648.jpg 1152w, https:\/\/www.italpassion.fr\/wp-content\/uploads\/2024\/02\/concept-fiat-pickup-600x338.jpg 600w, https:\/\/www.italpassion.fr\/wp-content\/uploads\/2024\/02\/concept-fiat-pickup.jpg 1200w\" sizes=\"auto, (max-width: 1024px) 100vw, 1024px\" \/><\/figure>\n\n\n\n<p>Als letzte \u00dcberraschung sollten wir bis 2027 einen Pickup haben! Wie k\u00f6nnte man nicht an den Fullback denken, dessen Produktion 2019 eingestellt wurde, aber auch an den Fiat Strada, der derzeit in Brasilien f\u00fchrend ist. Auch hier wird dieses Modell sehr wohl auf allen Kontinenten und mit allen Motorisierungen erh\u00e4ltlich sein.<\/p>\n\n\n\n<p>Wenn es nur Konzepte bleiben, sind es immer noch visuelle Eindr\u00fccke, die Freude bereiten, denn <strong>sie geben die stilistische Richtung f\u00fcr zuk\u00fcnftige Produkte vor. <\/strong>Weitere visuelle Eindr\u00fccke lassen wir Sie im folgenden Video entdecken.<\/p>\n\n\n\n<figure class=\"wp-block-embed is-type-video is-provider-youtube wp-block-embed-youtube wp-embed-aspect-16-9 wp-has-aspect-ratio\"><div class=\"wp-block-embed__wrapper\">\n<iframe loading=\"lazy\" title=\"FIAT | Entdecken Sie die Zukunft von Fiat gemeinsam mit Olivier Francois aus Ginevra - Italien\" width=\"1200\" height=\"675\" src=\"https:\/\/www.youtube-nocookie.com\/embed\/M01DtWU-DCk?feature=oembed\" frameborder=\"0\" allow=\"accelerometer; autoplay; clipboard-write; encrypted-media; gyroscope; picture-in-picture; web-share\" referrerpolicy=\"strict-origin-when-cross-origin\" allowfullscreen><\/iframe>\n<\/div><\/figure>","protected":false},"excerpt":{"rendered":"","protected":false},"author":1,"featured_media":33413,"comment_status":"open","ping_status":"open","sticky":false,"template":"","format":"standard","meta":{"_acf_changed":false,"_sitemap_exclude":false,"_sitemap_priority":"","_sitemap_frequency":"","footnotes":""},"categories":[24],"tags":[],"class_list":["post-33407","post","type-post","status-publish","format-standard","has-post-thumbnail","hentry","category-fiat","generate-columns","tablet-grid-50","mobile-grid-100","grid-parent","grid-33"],"acf":[],"yoast_head":"<!-- This site is optimized with the Yoast SEO plugin v25.8 - https:\/\/yoast.com\/wordpress\/plugins\/seo\/ -->\n<title>Fiat confirme sa roadmap avec des concepts (et se moque du salon auto de Gen\u00e8ve) - ItalPassion<\/title>\n<meta name=\"description\" content=\"Enfin un peu de communication qui fait du bien \u00e0 voir. Fiat vient de confirmer, en vid\u00e9o, les futurs mod\u00e8les de sa gamme jusqu&#039;en 2027. Par\" \/>\n<meta name=\"robots\" content=\"index, follow, max-snippet:-1, max-image-preview:large, max-video-preview:-1\" \/>\n<link rel=\"canonical\" href=\"https:\/\/www.italpassion.fr\/de\/fiat\/fiat-bestatigt-seine-roadmap-mit-konzepten-und-verhohnt-den-auto-salon-in-genf\/\" \/>\n<meta property=\"og:locale\" content=\"de_DE\" \/>\n<meta property=\"og:type\" content=\"article\" \/>\n<meta property=\"og:title\" content=\"Fiat confirme sa roadmap avec des concepts (et se moque du salon auto de Gen\u00e8ve) - ItalPassion\" \/>\n<meta property=\"og:description\" content=\"Enfin un peu de communication qui fait du bien \u00e0 voir. Fiat vient de confirmer, en vid\u00e9o, les futurs mod\u00e8les de sa gamme jusqu&#039;en 2027. Par\" \/>\n<meta property=\"og:url\" content=\"https:\/\/www.italpassion.fr\/de\/fiat\/fiat-bestatigt-seine-roadmap-mit-konzepten-und-verhohnt-den-auto-salon-in-genf\/\" \/>\n<meta property=\"og:site_name\" content=\"ItalPassion\" \/>\n<meta property=\"article:publisher\" content=\"https:\/\/www.facebook.com\/italpassion\" \/>\n<meta property=\"article:published_time\" content=\"2024-02-25T21:13:32+00:00\" \/>\n<meta property=\"article:modified_time\" content=\"2024-02-25T21:13:34+00:00\" \/>\n<meta property=\"og:image\" content=\"https:\/\/www.italpassion.fr\/wp-content\/uploads\/2024\/02\/fiat-concept-2027.jpg\" \/>\n\t<meta property=\"og:image:width\" content=\"1200\" \/>\n\t<meta property=\"og:image:height\" content=\"800\" \/>\n\t<meta property=\"og:image:type\" content=\"image\/jpeg\" \/>\n<meta name=\"author\" content=\"Alexandre Filluzeau\" \/>\n<meta name=\"twitter:card\" content=\"summary_large_image\" \/>\n<meta name=\"twitter:creator\" content=\"@italpassion\" \/>\n<meta name=\"twitter:site\" content=\"@italpassion\" \/>\n<script type=\"application\/ld+json\" class=\"yoast-schema-graph\">{\"@context\":\"https:\/\/schema.org\",\"@graph\":[{\"@type\":\"NewsArticle\",\"@id\":\"https:\/\/www.italpassion.fr\/de\/fiat\/fiat-confirme-sa-roadmap-avec-des-concepts-et-se-moque-du-salon-auto-de-geneve\/#article\",\"isPartOf\":{\"@id\":\"https:\/\/www.italpassion.fr\/de\/fiat\/fiat-confirme-sa-roadmap-avec-des-concepts-et-se-moque-du-salon-auto-de-geneve\/\"},\"author\":{\"name\":\"Alexandre Filluzeau\",\"@id\":\"https:\/\/www.italpassion.fr\/de\/#\/schema\/person\/36f747b2a759ca202d847e85a9434ca0\"},\"headline\":\"Fiat confirme sa roadmap avec des concepts (et se moque du salon auto de Gen\u00e8ve)\",\"datePublished\":\"2024-02-25T21:13:32+00:00\",\"dateModified\":\"2024-02-25T21:13:34+00:00\",\"mainEntityOfPage\":{\"@id\":\"https:\/\/www.italpassion.fr\/de\/fiat\/fiat-confirme-sa-roadmap-avec-des-concepts-et-se-moque-du-salon-auto-de-geneve\/\"},\"wordCount\":560,\"commentCount\":15,\"publisher\":{\"@id\":\"https:\/\/www.italpassion.fr\/de\/#organization\"},\"image\":{\"@id\":\"https:\/\/www.italpassion.fr\/de\/fiat\/fiat-confirme-sa-roadmap-avec-des-concepts-et-se-moque-du-salon-auto-de-geneve\/#primaryimage\"},\"thumbnailUrl\":\"https:\/\/www.italpassion.fr\/wp-content\/uploads\/2024\/02\/fiat-concept-2027.jpg\",\"articleSection\":[\"Fiat\"],\"inLanguage\":\"de\",\"potentialAction\":[{\"@type\":\"CommentAction\",\"name\":\"Comment\",\"target\":[\"https:\/\/www.italpassion.fr\/de\/fiat\/fiat-confirme-sa-roadmap-avec-des-concepts-et-se-moque-du-salon-auto-de-geneve\/#respond\"]}]},{\"@type\":\"WebPage\",\"@id\":\"https:\/\/www.italpassion.fr\/de\/fiat\/fiat-confirme-sa-roadmap-avec-des-concepts-et-se-moque-du-salon-auto-de-geneve\/\",\"url\":\"https:\/\/www.italpassion.fr\/de\/fiat\/fiat-confirme-sa-roadmap-avec-des-concepts-et-se-moque-du-salon-auto-de-geneve\/\",\"name\":\"Fiat confirme sa roadmap avec des concepts (et se moque du salon auto de Gen\u00e8ve) - ItalPassion\",\"isPartOf\":{\"@id\":\"https:\/\/www.italpassion.fr\/de\/#website\"},\"primaryImageOfPage\":{\"@id\":\"https:\/\/www.italpassion.fr\/de\/fiat\/fiat-confirme-sa-roadmap-avec-des-concepts-et-se-moque-du-salon-auto-de-geneve\/#primaryimage\"},\"image\":{\"@id\":\"https:\/\/www.italpassion.fr\/de\/fiat\/fiat-confirme-sa-roadmap-avec-des-concepts-et-se-moque-du-salon-auto-de-geneve\/#primaryimage\"},\"thumbnailUrl\":\"https:\/\/www.italpassion.fr\/wp-content\/uploads\/2024\/02\/fiat-concept-2027.jpg\",\"datePublished\":\"2024-02-25T21:13:32+00:00\",\"dateModified\":\"2024-02-25T21:13:34+00:00\",\"description\":\"Enfin un peu de communication qui fait du bien \u00e0 voir. Fiat vient de confirmer, en vid\u00e9o, les futurs mod\u00e8les de sa gamme jusqu'en 2027. Par\",\"breadcrumb\":{\"@id\":\"https:\/\/www.italpassion.fr\/de\/fiat\/fiat-confirme-sa-roadmap-avec-des-concepts-et-se-moque-du-salon-auto-de-geneve\/#breadcrumb\"},\"inLanguage\":\"de\",\"potentialAction\":[{\"@type\":\"ReadAction\",\"target\":[\"https:\/\/www.italpassion.fr\/de\/fiat\/fiat-confirme-sa-roadmap-avec-des-concepts-et-se-moque-du-salon-auto-de-geneve\/\"]}]},{\"@type\":\"ImageObject\",\"inLanguage\":\"de\",\"@id\":\"https:\/\/www.italpassion.fr\/de\/fiat\/fiat-confirme-sa-roadmap-avec-des-concepts-et-se-moque-du-salon-auto-de-geneve\/#primaryimage\",\"url\":\"https:\/\/www.italpassion.fr\/wp-content\/uploads\/2024\/02\/fiat-concept-2027.jpg\",\"contentUrl\":\"https:\/\/www.italpassion.fr\/wp-content\/uploads\/2024\/02\/fiat-concept-2027.jpg\",\"width\":1200,\"height\":800,\"caption\":\"fiat-concept-2027\"},{\"@type\":\"BreadcrumbList\",\"@id\":\"https:\/\/www.italpassion.fr\/de\/fiat\/fiat-confirme-sa-roadmap-avec-des-concepts-et-se-moque-du-salon-auto-de-geneve\/#breadcrumb\",\"itemListElement\":[{\"@type\":\"ListItem\",\"position\":1,\"name\":\"Accueil\",\"item\":\"https:\/\/www.italpassion.fr\/de\/\"},{\"@type\":\"ListItem\",\"position\":2,\"name\":\"Fiat confirme sa roadmap avec des concepts (et se moque du salon auto de Gen\u00e8ve)\"}]},{\"@type\":\"WebSite\",\"@id\":\"https:\/\/www.italpassion.fr\/de\/#website\",\"url\":\"https:\/\/www.italpassion.fr\/de\/\",\"name\":\"ItalPassion\",\"description\":\"Les Passionn\u00e9s d&#039;Automobiles Italiennes\",\"publisher\":{\"@id\":\"https:\/\/www.italpassion.fr\/de\/#organization\"},\"potentialAction\":[{\"@type\":\"SearchAction\",\"target\":{\"@type\":\"EntryPoint\",\"urlTemplate\":\"https:\/\/www.italpassion.fr\/de\/?s={search_term_string}\"},\"query-input\":{\"@type\":\"PropertyValueSpecification\",\"valueRequired\":true,\"valueName\":\"search_term_string\"}}],\"inLanguage\":\"de\"},{\"@type\":\"Organization\",\"@id\":\"https:\/\/www.italpassion.fr\/de\/#organization\",\"name\":\"Italpassion\",\"url\":\"https:\/\/www.italpassion.fr\/de\/\",\"logo\":{\"@type\":\"ImageObject\",\"inLanguage\":\"de\",\"@id\":\"https:\/\/www.italpassion.fr\/de\/#\/schema\/logo\/image\/\",\"url\":\"https:\/\/www.italpassion.fr\/wp-content\/uploads\/2023\/07\/italpassion-yoast.jpg\",\"contentUrl\":\"https:\/\/www.italpassion.fr\/wp-content\/uploads\/2023\/07\/italpassion-yoast.jpg\",\"width\":696,\"height\":696,\"caption\":\"Italpassion\"},\"image\":{\"@id\":\"https:\/\/www.italpassion.fr\/de\/#\/schema\/logo\/image\/\"},\"sameAs\":[\"https:\/\/www.facebook.com\/italpassion\",\"https:\/\/x.com\/italpassion\",\"https:\/\/www.instagram.com\/italpassionfr\/\",\"https:\/\/www.youtube.com\/channel\/UCleq-ByQaA42OjhopwevRjQ\",\"https:\/\/www.facebook.com\/italpassion.en\/\",\"https:\/\/www.facebook.com\/italpassion.it\/\",\"https:\/\/www.facebook.com\/italpassion.de\/\",\"https:\/\/www.facebook.com\/italpassion.ja\/\"]},{\"@type\":\"Person\",\"@id\":\"https:\/\/www.italpassion.fr\/de\/#\/schema\/person\/36f747b2a759ca202d847e85a9434ca0\",\"name\":\"Alexandre Filluzeau\",\"image\":{\"@type\":\"ImageObject\",\"inLanguage\":\"de\",\"@id\":\"https:\/\/www.italpassion.fr\/de\/#\/schema\/person\/image\/\",\"url\":\"https:\/\/www.italpassion.fr\/wp-content\/uploads\/2025\/04\/avatar-alexandre-160x160.jpg\",\"contentUrl\":\"https:\/\/www.italpassion.fr\/wp-content\/uploads\/2025\/04\/avatar-alexandre-160x160.jpg\",\"caption\":\"Alexandre Filluzeau\"},\"description\":\"Fondateur du site ItalPassion, passionn\u00e9 de voitures italiennes et de l'Italie en g\u00e9n\u00e9ral. J'apporte un regard critique et technique aux actualit\u00e9s des marques italiennes quand cela est possible. Propri\u00e9taire d'une Maserati GranTurismo, Alfa Romeo MiTo, Lancia Fulvia et Ducati 695. Ex-propri\u00e9taire d'une Alfa Romeo Giulia.\",\"sameAs\":[\"https:\/\/www.italpassion.fr\/\"],\"url\":\"https:\/\/www.italpassion.fr\/de\/author\/alexandre\/\"}]}<\/script>\n<!-- \/ Yoast SEO plugin. -->","yoast_head_json":{"title":"Fiat best\u00e4tigt seine Roadmap mit Konzepten (und macht sich \u00fcber den Genfer Autosalon lustig) - ItalPassion","description":"Endlich ein bisschen Kommunikation, die sich gut anf\u00fchlt. Fiat hat gerade in einem Video die zuk\u00fcnftigen Modelle seiner Modellpalette bis 2027 best\u00e4tigt. Von","robots":{"index":"index","follow":"follow","max-snippet":"max-snippet:-1","max-image-preview":"max-image-preview:large","max-video-preview":"max-video-preview:-1"},"canonical":"https:\/\/www.italpassion.fr\/de\/fiat\/fiat-bestatigt-seine-roadmap-mit-konzepten-und-verhohnt-den-auto-salon-in-genf\/","og_locale":"de_DE","og_type":"article","og_title":"Fiat confirme sa roadmap avec des concepts (et se moque du salon auto de Gen\u00e8ve) - ItalPassion","og_description":"Enfin un peu de communication qui fait du bien \u00e0 voir. Fiat vient de confirmer, en vid\u00e9o, les futurs mod\u00e8les de sa gamme jusqu'en 2027. Par","og_url":"https:\/\/www.italpassion.fr\/de\/fiat\/fiat-bestatigt-seine-roadmap-mit-konzepten-und-verhohnt-den-auto-salon-in-genf\/","og_site_name":"ItalPassion","article_publisher":"https:\/\/www.facebook.com\/italpassion","article_published_time":"2024-02-25T21:13:32+00:00","article_modified_time":"2024-02-25T21:13:34+00:00","og_image":[{"width":1200,"height":800,"url":"https:\/\/www.italpassion.fr\/wp-content\/uploads\/2024\/02\/fiat-concept-2027.jpg","type":"image\/jpeg"}],"author":"Alexandre Filluzeau","twitter_card":"summary_large_image","twitter_creator":"@italpassion","twitter_site":"@italpassion","schema":{"@context":"https:\/\/schema.org","@graph":[{"@type":"NewsArticle","@id":"https:\/\/www.italpassion.fr\/de\/fiat\/fiat-confirme-sa-roadmap-avec-des-concepts-et-se-moque-du-salon-auto-de-geneve\/#article","isPartOf":{"@id":"https:\/\/www.italpassion.fr\/de\/fiat\/fiat-confirme-sa-roadmap-avec-des-concepts-et-se-moque-du-salon-auto-de-geneve\/"},"author":{"name":"Alexandre Filluzeau","@id":"https:\/\/www.italpassion.fr\/de\/#\/schema\/person\/36f747b2a759ca202d847e85a9434ca0"},"headline":"Fiat confirme sa roadmap avec des concepts (et se moque du salon auto de Gen\u00e8ve)","datePublished":"2024-02-25T21:13:32+00:00","dateModified":"2024-02-25T21:13:34+00:00","mainEntityOfPage":{"@id":"https:\/\/www.italpassion.fr\/de\/fiat\/fiat-confirme-sa-roadmap-avec-des-concepts-et-se-moque-du-salon-auto-de-geneve\/"},"wordCount":560,"commentCount":15,"publisher":{"@id":"https:\/\/www.italpassion.fr\/de\/#organization"},"image":{"@id":"https:\/\/www.italpassion.fr\/de\/fiat\/fiat-confirme-sa-roadmap-avec-des-concepts-et-se-moque-du-salon-auto-de-geneve\/#primaryimage"},"thumbnailUrl":"https:\/\/www.italpassion.fr\/wp-content\/uploads\/2024\/02\/fiat-concept-2027.jpg","articleSection":["Fiat"],"inLanguage":"de","potentialAction":[{"@type":"CommentAction","name":"Comment","target":["https:\/\/www.italpassion.fr\/de\/fiat\/fiat-confirme-sa-roadmap-avec-des-concepts-et-se-moque-du-salon-auto-de-geneve\/#respond"]}]},{"@type":"WebPage","@id":"https:\/\/www.italpassion.fr\/de\/fiat\/fiat-confirme-sa-roadmap-avec-des-concepts-et-se-moque-du-salon-auto-de-geneve\/","url":"https:\/\/www.italpassion.fr\/de\/fiat\/fiat-confirme-sa-roadmap-avec-des-concepts-et-se-moque-du-salon-auto-de-geneve\/","name":"Fiat best\u00e4tigt seine Roadmap mit Konzepten (und macht sich \u00fcber den Genfer Autosalon lustig) - ItalPassion","isPartOf":{"@id":"https:\/\/www.italpassion.fr\/de\/#website"},"primaryImageOfPage":{"@id":"https:\/\/www.italpassion.fr\/de\/fiat\/fiat-confirme-sa-roadmap-avec-des-concepts-et-se-moque-du-salon-auto-de-geneve\/#primaryimage"},"image":{"@id":"https:\/\/www.italpassion.fr\/de\/fiat\/fiat-confirme-sa-roadmap-avec-des-concepts-et-se-moque-du-salon-auto-de-geneve\/#primaryimage"},"thumbnailUrl":"https:\/\/www.italpassion.fr\/wp-content\/uploads\/2024\/02\/fiat-concept-2027.jpg","datePublished":"2024-02-25T21:13:32+00:00","dateModified":"2024-02-25T21:13:34+00:00","description":"Endlich ein bisschen Kommunikation, die sich gut anf\u00fchlt. Fiat hat gerade in einem Video die zuk\u00fcnftigen Modelle seiner Modellpalette bis 2027 best\u00e4tigt. Von","breadcrumb":{"@id":"https:\/\/www.italpassion.fr\/de\/fiat\/fiat-confirme-sa-roadmap-avec-des-concepts-et-se-moque-du-salon-auto-de-geneve\/#breadcrumb"},"inLanguage":"de","potentialAction":[{"@type":"ReadAction","target":["https:\/\/www.italpassion.fr\/de\/fiat\/fiat-confirme-sa-roadmap-avec-des-concepts-et-se-moque-du-salon-auto-de-geneve\/"]}]},{"@type":"ImageObject","inLanguage":"de","@id":"https:\/\/www.italpassion.fr\/de\/fiat\/fiat-confirme-sa-roadmap-avec-des-concepts-et-se-moque-du-salon-auto-de-geneve\/#primaryimage","url":"https:\/\/www.italpassion.fr\/wp-content\/uploads\/2024\/02\/fiat-concept-2027.jpg","contentUrl":"https:\/\/www.italpassion.fr\/wp-content\/uploads\/2024\/02\/fiat-concept-2027.jpg","width":1200,"height":800,"caption":"fiat-concept-2027"},{"@type":"BreadcrumbList","@id":"https:\/\/www.italpassion.fr\/de\/fiat\/fiat-confirme-sa-roadmap-avec-des-concepts-et-se-moque-du-salon-auto-de-geneve\/#breadcrumb","itemListElement":[{"@type":"ListItem","position":1,"name":"Accueil","item":"https:\/\/www.italpassion.fr\/de\/"},{"@type":"ListItem","position":2,"name":"Fiat confirme sa roadmap avec des concepts (et se moque du salon auto de Gen\u00e8ve)"}]},{"@type":"WebSite","@id":"https:\/\/www.italpassion.fr\/de\/#website","url":"https:\/\/www.italpassion.fr\/de\/","name":"ItalPassion","description":"Die Liebhaber italienischer Autos","publisher":{"@id":"https:\/\/www.italpassion.fr\/de\/#organization"},"potentialAction":[{"@type":"SearchAction","target":{"@type":"EntryPoint","urlTemplate":"https:\/\/www.italpassion.fr\/de\/?s={search_term_string}"},"query-input":{"@type":"PropertyValueSpecification","valueRequired":true,"valueName":"search_term_string"}}],"inLanguage":"de"},{"@type":"Organization","@id":"https:\/\/www.italpassion.fr\/de\/#organization","name":"Italpassion","url":"https:\/\/www.italpassion.fr\/de\/","logo":{"@type":"ImageObject","inLanguage":"de","@id":"https:\/\/www.italpassion.fr\/de\/#\/schema\/logo\/image\/","url":"https:\/\/www.italpassion.fr\/wp-content\/uploads\/2023\/07\/italpassion-yoast.jpg","contentUrl":"https:\/\/www.italpassion.fr\/wp-content\/uploads\/2023\/07\/italpassion-yoast.jpg","width":696,"height":696,"caption":"Italpassion"},"image":{"@id":"https:\/\/www.italpassion.fr\/de\/#\/schema\/logo\/image\/"},"sameAs":["https:\/\/www.facebook.com\/italpassion","https:\/\/x.com\/italpassion","https:\/\/www.instagram.com\/italpassionfr\/","https:\/\/www.youtube.com\/channel\/UCleq-ByQaA42OjhopwevRjQ","https:\/\/www.facebook.com\/italpassion.en\/","https:\/\/www.facebook.com\/italpassion.it\/","https:\/\/www.facebook.com\/italpassion.de\/","https:\/\/www.facebook.com\/italpassion.ja\/"]},{"@type":"Person","@id":"https:\/\/www.italpassion.fr\/de\/#\/schema\/person\/36f747b2a759ca202d847e85a9434ca0","name":"Alexandre Filluzeau","image":{"@type":"ImageObject","inLanguage":"de","@id":"https:\/\/www.italpassion.fr\/de\/#\/schema\/person\/image\/","url":"https:\/\/www.italpassion.fr\/wp-content\/uploads\/2025\/04\/avatar-alexandre-160x160.jpg","contentUrl":"https:\/\/www.italpassion.fr\/wp-content\/uploads\/2025\/04\/avatar-alexandre-160x160.jpg","caption":"Alexandre Filluzeau"},"description":"Gr\u00fcnder der Website ItalPassion, leidenschaftlicher Fan von italienischen Autos und Italien im Allgemeinen. Ich bringe einen kritischen und technischen Blick auf die Nachrichten der italienischen Marken, wann immer es m\u00f6glich ist. Besitzer eines Maserati GranTurismo, Alfa Romeo MiTo, Lancia Fulvia und Ducati 695. Ex-Besitzer einer Alfa Romeo Giulia.","sameAs":["https:\/\/www.italpassion.fr\/"],"url":"https:\/\/www.italpassion.fr\/de\/author\/alexandre\/"}]}},"_links":{"self":[{"href":"https:\/\/www.italpassion.fr\/de\/wp-json\/wp\/v2\/posts\/33407","targetHints":{"allow":["GET"]}}],"collection":[{"href":"https:\/\/www.italpassion.fr\/de\/wp-json\/wp\/v2\/posts"}],"about":[{"href":"https:\/\/www.italpassion.fr\/de\/wp-json\/wp\/v2\/types\/post"}],"author":[{"embeddable":true,"href":"https:\/\/www.italpassion.fr\/de\/wp-json\/wp\/v2\/users\/1"}],"replies":[{"embeddable":true,"href":"https:\/\/www.italpassion.fr\/de\/wp-json\/wp\/v2\/comments?post=33407"}],"version-history":[{"count":1,"href":"https:\/\/www.italpassion.fr\/de\/wp-json\/wp\/v2\/posts\/33407\/revisions"}],"predecessor-version":[{"id":33414,"href":"https:\/\/www.italpassion.fr\/de\/wp-json\/wp\/v2\/posts\/33407\/revisions\/33414"}],"wp:featuredmedia":[{"embeddable":true,"href":"https:\/\/www.italpassion.fr\/de\/wp-json\/wp\/v2\/media\/33413"}],"wp:attachment":[{"href":"https:\/\/www.italpassion.fr\/de\/wp-json\/wp\/v2\/media?parent=33407"}],"wp:term":[{"taxonomy":"category","embeddable":true,"href":"https:\/\/www.italpassion.fr\/de\/wp-json\/wp\/v2\/categories?post=33407"},{"taxonomy":"post_tag","embeddable":true,"href":"https:\/\/www.italpassion.fr\/de\/wp-json\/wp\/v2\/tags?post=33407"}],"curies":[{"name":"wp","href":"https:\/\/api.w.org\/{rel}","templated":true}]}}