{"id":31918,"date":"2023-09-04T14:12:01","date_gmt":"2023-09-04T12:12:01","guid":{"rendered":"https:\/\/www.italpassion.fr\/?p=31918"},"modified":"2023-09-04T14:13:29","modified_gmt":"2023-09-04T12:13:29","slug":"le-pilote-ferrari-carols-sainz-victim-dune-tentative-of-diebstahl-nach-dem-grand-prix-de-monza-video","status":"publish","type":"post","link":"https:\/\/www.italpassion.fr\/de\/competition\/le-pilote-ferrari-carols-sainz-victime-dune-tentative-de-vol-apres-le-grand-prix-de-monza-video\/","title":{"rendered":"Ferrari-Fahrer Carlos Sainz wird nach dem Gro\u00dfen Preis von Monza Opfer eines versuchten Raub\u00fcberfalls (Video)"},"content":{"rendered":"<figure class=\"wp-block-image size-large\"><img loading=\"lazy\" decoding=\"async\" width=\"1024\" height=\"597\" src=\"https:\/\/www.italpassion.fr\/wp-content\/uploads\/2023\/09\/sainz-montre-1024x597.jpg\" alt=\"\" class=\"wp-image-31919\" srcset=\"https:\/\/www.italpassion.fr\/wp-content\/uploads\/2023\/09\/sainz-montre-1024x597.jpg 1024w, https:\/\/www.italpassion.fr\/wp-content\/uploads\/2023\/09\/sainz-montre-300x175.jpg 300w, https:\/\/www.italpassion.fr\/wp-content\/uploads\/2023\/09\/sainz-montre-768x448.jpg 768w, https:\/\/www.italpassion.fr\/wp-content\/uploads\/2023\/09\/sainz-montre-561x327.jpg 561w, https:\/\/www.italpassion.fr\/wp-content\/uploads\/2023\/09\/sainz-montre-1122x655.jpg 1122w, https:\/\/www.italpassion.fr\/wp-content\/uploads\/2023\/09\/sainz-montre-265x155.jpg 265w, https:\/\/www.italpassion.fr\/wp-content\/uploads\/2023\/09\/sainz-montre-531x310.jpg 531w, https:\/\/www.italpassion.fr\/wp-content\/uploads\/2023\/09\/sainz-montre-364x212.jpg 364w, https:\/\/www.italpassion.fr\/wp-content\/uploads\/2023\/09\/sainz-montre-728x425.jpg 728w, https:\/\/www.italpassion.fr\/wp-content\/uploads\/2023\/09\/sainz-montre-608x355.jpg 608w, https:\/\/www.italpassion.fr\/wp-content\/uploads\/2023\/09\/sainz-montre-758x442.jpg 758w, https:\/\/www.italpassion.fr\/wp-content\/uploads\/2023\/09\/sainz-montre-1152x672.jpg 1152w, https:\/\/www.italpassion.fr\/wp-content\/uploads\/2023\/09\/sainz-montre-600x350.jpg 600w, https:\/\/www.italpassion.fr\/wp-content\/uploads\/2023\/09\/sainz-montre.jpg 1200w\" sizes=\"auto, (max-width: 1024px) 100vw, 1024px\" \/><\/figure>\n\n\n\n<p>Wie Charles Leclerc vor mehr als einem Jahr ist nun auch der <a href=\"https:\/\/www.italpassion.fr\/de\/wettbewerb\/formel-1\/\">F1<\/a> <strong>Carlos Sainz, Opfer eines versuchten Diebstahls seiner Uhr zu werden. <\/strong>Die Tat ereignete sich am Sonntagnachmittag in Mailand nach dem Gro\u00dfen Preis von Monza.<\/p>\n\n\n\n<p>Carlos Sainz ist Besitzer einer Richard-Mille-Uhr, deren Wert auf 500 000 \u20ac gesch\u00e4tzt wird. Als er am sp\u00e4ten Nachmittag sein Armani-Hotel verlie\u00df, <strong>zwei Angreifer n\u00e4herten sich ihm, um seine Uhr zu stehlen<\/strong>.<\/p>\n\n\n\n<p>Der Fahrer nahm daraufhin die Verfolgung der beiden Diebe auf, wobei er von seinem Bodyguard unterst\u00fctzt wurde. Die beiden wurden schlie\u00dflich in der Via Montenapoleone von der Polizei festgenommen, die schnell eingriff. <strong>So konnte Carlos Sainz seine Uhr zur\u00fcckerhalten.<\/strong><\/p>\n\n\n\n<blockquote class=\"twitter-tweet\"><p lang=\"es\" dir=\"ltr\">Aqu\u00ed algunas im\u00e1genes del incidente, captada por <a href=\"https:\/\/twitter.com\/Adnkronos?ref_src=twsrc%5Etfw\">@Adnkronos<\/a>. <a href=\"https:\/\/t.co\/KPdod1RGui\">pic.twitter.com\/KPdod1RGui<\/a><\/p>- V\u00edctor Abad (@victorabadf1) <a href=\"https:\/\/twitter.com\/victorabadf1\/status\/1698440682686300512?ref_src=twsrc%5Etfw\">September 3, 2023<\/a><\/blockquote> <script async src=\"https:\/\/platform.twitter.com\/widgets.js\" charset=\"utf-8\"><\/script>\n\n\n\n<p><strong>Was f\u00fcr ein emotionaler Tag f\u00fcr den F1-Piloten<\/strong> Er hatte nur wenige Stunden zuvor beim Gro\u00dfen Preis von Monza den dritten Platz auf dem Siegertreppchen belegt.<\/p>\n\n\n\n<p>Carlos Sainz forderte mehr Sicherheit f\u00fcr die Fahrer in den St\u00e4dten, in denen die Grands Prix stattfinden. Unter anderen Umst\u00e4nden war es im April 2022 Charles Leclerc, dem wenige Tage vor dem Gro\u00dfen Preis von Imola seine Uhr im Wert von 300.000 \u20ac gestohlen wurde.<\/p>","protected":false},"excerpt":{"rendered":"","protected":false},"author":1,"featured_media":31919,"comment_status":"open","ping_status":"open","sticky":false,"template":"","format":"standard","meta":{"_acf_changed":false,"_sitemap_exclude":false,"_sitemap_priority":"","_sitemap_frequency":"","footnotes":""},"categories":[328,323],"tags":[],"class_list":["post-31918","post","type-post","status-publish","format-standard","has-post-thumbnail","hentry","category-formule-1","category-competition","generate-columns","tablet-grid-50","mobile-grid-100","grid-parent","grid-33"],"acf":[],"yoast_head":"<!-- This site is optimized with the Yoast SEO plugin v25.8 - https:\/\/yoast.com\/wordpress\/plugins\/seo\/ -->\n<title>Le pilote Ferrari, Carlos Sainz, victime d&#039;une tentative de vol apr\u00e8s le Grand Prix de Monza (vid\u00e9o) - ItalPassion<\/title>\n<meta name=\"description\" content=\"Comme Charles Leclerc il y a plus d&#039;un an, c&#039;est au tour du pilote de F1 Carlos Sainz d&#039;\u00eatre victime d&#039;une tentative de vol de sa montre. Les faits se\" \/>\n<meta name=\"robots\" content=\"index, follow, max-snippet:-1, max-image-preview:large, max-video-preview:-1\" \/>\n<link rel=\"canonical\" href=\"https:\/\/www.italpassion.fr\/de\/wettbewerb\/le-pilote-ferrari-carols-sainz-victim-dune-tentative-of-diebstahl-nach-dem-grand-prix-de-monza-video\/\" \/>\n<meta property=\"og:locale\" content=\"de_DE\" \/>\n<meta property=\"og:type\" content=\"article\" \/>\n<meta property=\"og:title\" content=\"Le pilote Ferrari, Carlos Sainz, victime d&#039;une tentative de vol apr\u00e8s le Grand Prix de Monza (vid\u00e9o) - ItalPassion\" \/>\n<meta property=\"og:description\" content=\"Comme Charles Leclerc il y a plus d&#039;un an, c&#039;est au tour du pilote de F1 Carlos Sainz d&#039;\u00eatre victime d&#039;une tentative de vol de sa montre. Les faits se\" \/>\n<meta property=\"og:url\" content=\"https:\/\/www.italpassion.fr\/de\/wettbewerb\/le-pilote-ferrari-carols-sainz-victim-dune-tentative-of-diebstahl-nach-dem-grand-prix-de-monza-video\/\" \/>\n<meta property=\"og:site_name\" content=\"ItalPassion\" \/>\n<meta property=\"article:publisher\" content=\"https:\/\/www.facebook.com\/italpassion\" \/>\n<meta property=\"article:published_time\" content=\"2023-09-04T12:12:01+00:00\" \/>\n<meta property=\"article:modified_time\" content=\"2023-09-04T12:13:29+00:00\" \/>\n<meta property=\"og:image\" content=\"https:\/\/www.italpassion.fr\/wp-content\/uploads\/2023\/09\/sainz-montre.jpg\" \/>\n\t<meta property=\"og:image:width\" content=\"1200\" \/>\n\t<meta property=\"og:image:height\" content=\"700\" \/>\n\t<meta property=\"og:image:type\" content=\"image\/jpeg\" \/>\n<meta name=\"author\" content=\"Alexandre Filluzeau\" \/>\n<meta name=\"twitter:card\" content=\"summary_large_image\" \/>\n<meta name=\"twitter:creator\" content=\"@italpassion\" \/>\n<meta name=\"twitter:site\" content=\"@italpassion\" \/>\n<script type=\"application\/ld+json\" class=\"yoast-schema-graph\">{\"@context\":\"https:\/\/schema.org\",\"@graph\":[{\"@type\":\"NewsArticle\",\"@id\":\"https:\/\/www.italpassion.fr\/de\/competition\/le-pilote-ferrari-carols-sainz-victime-dune-tentative-de-vol-apres-le-grand-prix-de-monza-video\/#article\",\"isPartOf\":{\"@id\":\"https:\/\/www.italpassion.fr\/de\/competition\/le-pilote-ferrari-carols-sainz-victime-dune-tentative-de-vol-apres-le-grand-prix-de-monza-video\/\"},\"author\":{\"name\":\"Alexandre Filluzeau\",\"@id\":\"https:\/\/www.italpassion.fr\/de\/#\/schema\/person\/36f747b2a759ca202d847e85a9434ca0\"},\"headline\":\"Le pilote Ferrari, Carlos Sainz, victime d&rsquo;une tentative de vol apr\u00e8s le Grand Prix de Monza (vid\u00e9o)\",\"datePublished\":\"2023-09-04T12:12:01+00:00\",\"dateModified\":\"2023-09-04T12:13:29+00:00\",\"mainEntityOfPage\":{\"@id\":\"https:\/\/www.italpassion.fr\/de\/competition\/le-pilote-ferrari-carols-sainz-victime-dune-tentative-de-vol-apres-le-grand-prix-de-monza-video\/\"},\"wordCount\":251,\"commentCount\":1,\"publisher\":{\"@id\":\"https:\/\/www.italpassion.fr\/de\/#organization\"},\"image\":{\"@id\":\"https:\/\/www.italpassion.fr\/de\/competition\/le-pilote-ferrari-carols-sainz-victime-dune-tentative-de-vol-apres-le-grand-prix-de-monza-video\/#primaryimage\"},\"thumbnailUrl\":\"https:\/\/www.italpassion.fr\/wp-content\/uploads\/2023\/09\/sainz-montre.jpg\",\"articleSection\":[\"Formule 1\",\"Sport Auto\"],\"inLanguage\":\"de\",\"potentialAction\":[{\"@type\":\"CommentAction\",\"name\":\"Comment\",\"target\":[\"https:\/\/www.italpassion.fr\/de\/competition\/le-pilote-ferrari-carols-sainz-victime-dune-tentative-de-vol-apres-le-grand-prix-de-monza-video\/#respond\"]}]},{\"@type\":\"WebPage\",\"@id\":\"https:\/\/www.italpassion.fr\/de\/competition\/le-pilote-ferrari-carols-sainz-victime-dune-tentative-de-vol-apres-le-grand-prix-de-monza-video\/\",\"url\":\"https:\/\/www.italpassion.fr\/de\/competition\/le-pilote-ferrari-carols-sainz-victime-dune-tentative-de-vol-apres-le-grand-prix-de-monza-video\/\",\"name\":\"Le pilote Ferrari, Carlos Sainz, victime d'une tentative de vol apr\u00e8s le Grand Prix de Monza (vid\u00e9o) - ItalPassion\",\"isPartOf\":{\"@id\":\"https:\/\/www.italpassion.fr\/de\/#website\"},\"primaryImageOfPage\":{\"@id\":\"https:\/\/www.italpassion.fr\/de\/competition\/le-pilote-ferrari-carols-sainz-victime-dune-tentative-de-vol-apres-le-grand-prix-de-monza-video\/#primaryimage\"},\"image\":{\"@id\":\"https:\/\/www.italpassion.fr\/de\/competition\/le-pilote-ferrari-carols-sainz-victime-dune-tentative-de-vol-apres-le-grand-prix-de-monza-video\/#primaryimage\"},\"thumbnailUrl\":\"https:\/\/www.italpassion.fr\/wp-content\/uploads\/2023\/09\/sainz-montre.jpg\",\"datePublished\":\"2023-09-04T12:12:01+00:00\",\"dateModified\":\"2023-09-04T12:13:29+00:00\",\"description\":\"Comme Charles Leclerc il y a plus d'un an, c'est au tour du pilote de F1 Carlos Sainz d'\u00eatre victime d'une tentative de vol de sa montre. Les faits se\",\"breadcrumb\":{\"@id\":\"https:\/\/www.italpassion.fr\/de\/competition\/le-pilote-ferrari-carols-sainz-victime-dune-tentative-de-vol-apres-le-grand-prix-de-monza-video\/#breadcrumb\"},\"inLanguage\":\"de\",\"potentialAction\":[{\"@type\":\"ReadAction\",\"target\":[\"https:\/\/www.italpassion.fr\/de\/competition\/le-pilote-ferrari-carols-sainz-victime-dune-tentative-de-vol-apres-le-grand-prix-de-monza-video\/\"]}]},{\"@type\":\"ImageObject\",\"inLanguage\":\"de\",\"@id\":\"https:\/\/www.italpassion.fr\/de\/competition\/le-pilote-ferrari-carols-sainz-victime-dune-tentative-de-vol-apres-le-grand-prix-de-monza-video\/#primaryimage\",\"url\":\"https:\/\/www.italpassion.fr\/wp-content\/uploads\/2023\/09\/sainz-montre.jpg\",\"contentUrl\":\"https:\/\/www.italpassion.fr\/wp-content\/uploads\/2023\/09\/sainz-montre.jpg\",\"width\":1200,\"height\":700,\"caption\":\"sainz montre\"},{\"@type\":\"BreadcrumbList\",\"@id\":\"https:\/\/www.italpassion.fr\/de\/competition\/le-pilote-ferrari-carols-sainz-victime-dune-tentative-de-vol-apres-le-grand-prix-de-monza-video\/#breadcrumb\",\"itemListElement\":[{\"@type\":\"ListItem\",\"position\":1,\"name\":\"Accueil\",\"item\":\"https:\/\/www.italpassion.fr\/de\/\"},{\"@type\":\"ListItem\",\"position\":2,\"name\":\"Le pilote Ferrari, Carlos Sainz, victime d&rsquo;une tentative de vol apr\u00e8s le Grand Prix de Monza (vid\u00e9o)\"}]},{\"@type\":\"WebSite\",\"@id\":\"https:\/\/www.italpassion.fr\/de\/#website\",\"url\":\"https:\/\/www.italpassion.fr\/de\/\",\"name\":\"ItalPassion\",\"description\":\"Les Passionn\u00e9s d&#039;Automobiles Italiennes\",\"publisher\":{\"@id\":\"https:\/\/www.italpassion.fr\/de\/#organization\"},\"potentialAction\":[{\"@type\":\"SearchAction\",\"target\":{\"@type\":\"EntryPoint\",\"urlTemplate\":\"https:\/\/www.italpassion.fr\/de\/?s={search_term_string}\"},\"query-input\":{\"@type\":\"PropertyValueSpecification\",\"valueRequired\":true,\"valueName\":\"search_term_string\"}}],\"inLanguage\":\"de\"},{\"@type\":\"Organization\",\"@id\":\"https:\/\/www.italpassion.fr\/de\/#organization\",\"name\":\"Italpassion\",\"url\":\"https:\/\/www.italpassion.fr\/de\/\",\"logo\":{\"@type\":\"ImageObject\",\"inLanguage\":\"de\",\"@id\":\"https:\/\/www.italpassion.fr\/de\/#\/schema\/logo\/image\/\",\"url\":\"https:\/\/www.italpassion.fr\/wp-content\/uploads\/2023\/07\/italpassion-yoast.jpg\",\"contentUrl\":\"https:\/\/www.italpassion.fr\/wp-content\/uploads\/2023\/07\/italpassion-yoast.jpg\",\"width\":696,\"height\":696,\"caption\":\"Italpassion\"},\"image\":{\"@id\":\"https:\/\/www.italpassion.fr\/de\/#\/schema\/logo\/image\/\"},\"sameAs\":[\"https:\/\/www.facebook.com\/italpassion\",\"https:\/\/x.com\/italpassion\",\"https:\/\/www.instagram.com\/italpassionfr\/\",\"https:\/\/www.youtube.com\/channel\/UCleq-ByQaA42OjhopwevRjQ\",\"https:\/\/www.facebook.com\/italpassion.en\/\",\"https:\/\/www.facebook.com\/italpassion.it\/\",\"https:\/\/www.facebook.com\/italpassion.de\/\",\"https:\/\/www.facebook.com\/italpassion.ja\/\"]},{\"@type\":\"Person\",\"@id\":\"https:\/\/www.italpassion.fr\/de\/#\/schema\/person\/36f747b2a759ca202d847e85a9434ca0\",\"name\":\"Alexandre Filluzeau\",\"image\":{\"@type\":\"ImageObject\",\"inLanguage\":\"de\",\"@id\":\"https:\/\/www.italpassion.fr\/de\/#\/schema\/person\/image\/\",\"url\":\"https:\/\/www.italpassion.fr\/wp-content\/uploads\/2025\/04\/avatar-alexandre-160x160.jpg\",\"contentUrl\":\"https:\/\/www.italpassion.fr\/wp-content\/uploads\/2025\/04\/avatar-alexandre-160x160.jpg\",\"caption\":\"Alexandre Filluzeau\"},\"description\":\"Fondateur du site ItalPassion, passionn\u00e9 de voitures italiennes et de l'Italie en g\u00e9n\u00e9ral. J'apporte un regard critique et technique aux actualit\u00e9s des marques italiennes quand cela est possible. Propri\u00e9taire d'une Maserati GranTurismo, Alfa Romeo MiTo, Lancia Fulvia et Ducati 695. Ex-propri\u00e9taire d'une Alfa Romeo Giulia.\",\"sameAs\":[\"https:\/\/www.italpassion.fr\/\"],\"url\":\"https:\/\/www.italpassion.fr\/de\/author\/alexandre\/\"}]}<\/script>\n<!-- \/ Yoast SEO plugin. -->","yoast_head_json":{"title":"Ferrari-Fahrer Carlos Sainz nach dem Gro\u00dfen Preis von Monza Opfer eines versuchten Raub\u00fcberfalls (Video) - ItalPassion","description":"Wie Charles Leclerc vor \u00fcber einem Jahr wurde auch der Formel-1-Fahrer Carlos Sainz Opfer eines versuchten Diebstahls seiner Uhr. Der Vorfall ereignete sich","robots":{"index":"index","follow":"follow","max-snippet":"max-snippet:-1","max-image-preview":"max-image-preview:large","max-video-preview":"max-video-preview:-1"},"canonical":"https:\/\/www.italpassion.fr\/de\/wettbewerb\/le-pilote-ferrari-carols-sainz-victim-dune-tentative-of-diebstahl-nach-dem-grand-prix-de-monza-video\/","og_locale":"de_DE","og_type":"article","og_title":"Le pilote Ferrari, Carlos Sainz, victime d'une tentative de vol apr\u00e8s le Grand Prix de Monza (vid\u00e9o) - ItalPassion","og_description":"Comme Charles Leclerc il y a plus d'un an, c'est au tour du pilote de F1 Carlos Sainz d'\u00eatre victime d'une tentative de vol de sa montre. Les faits se","og_url":"https:\/\/www.italpassion.fr\/de\/wettbewerb\/le-pilote-ferrari-carols-sainz-victim-dune-tentative-of-diebstahl-nach-dem-grand-prix-de-monza-video\/","og_site_name":"ItalPassion","article_publisher":"https:\/\/www.facebook.com\/italpassion","article_published_time":"2023-09-04T12:12:01+00:00","article_modified_time":"2023-09-04T12:13:29+00:00","og_image":[{"width":1200,"height":700,"url":"https:\/\/www.italpassion.fr\/wp-content\/uploads\/2023\/09\/sainz-montre.jpg","type":"image\/jpeg"}],"author":"Alexandre Filluzeau","twitter_card":"summary_large_image","twitter_creator":"@italpassion","twitter_site":"@italpassion","schema":{"@context":"https:\/\/schema.org","@graph":[{"@type":"NewsArticle","@id":"https:\/\/www.italpassion.fr\/de\/competition\/le-pilote-ferrari-carols-sainz-victime-dune-tentative-de-vol-apres-le-grand-prix-de-monza-video\/#article","isPartOf":{"@id":"https:\/\/www.italpassion.fr\/de\/competition\/le-pilote-ferrari-carols-sainz-victime-dune-tentative-de-vol-apres-le-grand-prix-de-monza-video\/"},"author":{"name":"Alexandre Filluzeau","@id":"https:\/\/www.italpassion.fr\/de\/#\/schema\/person\/36f747b2a759ca202d847e85a9434ca0"},"headline":"Le pilote Ferrari, Carlos Sainz, victime d&rsquo;une tentative de vol apr\u00e8s le Grand Prix de Monza (vid\u00e9o)","datePublished":"2023-09-04T12:12:01+00:00","dateModified":"2023-09-04T12:13:29+00:00","mainEntityOfPage":{"@id":"https:\/\/www.italpassion.fr\/de\/competition\/le-pilote-ferrari-carols-sainz-victime-dune-tentative-de-vol-apres-le-grand-prix-de-monza-video\/"},"wordCount":251,"commentCount":1,"publisher":{"@id":"https:\/\/www.italpassion.fr\/de\/#organization"},"image":{"@id":"https:\/\/www.italpassion.fr\/de\/competition\/le-pilote-ferrari-carols-sainz-victime-dune-tentative-de-vol-apres-le-grand-prix-de-monza-video\/#primaryimage"},"thumbnailUrl":"https:\/\/www.italpassion.fr\/wp-content\/uploads\/2023\/09\/sainz-montre.jpg","articleSection":["Formule 1","Sport Auto"],"inLanguage":"de","potentialAction":[{"@type":"CommentAction","name":"Comment","target":["https:\/\/www.italpassion.fr\/de\/competition\/le-pilote-ferrari-carols-sainz-victime-dune-tentative-de-vol-apres-le-grand-prix-de-monza-video\/#respond"]}]},{"@type":"WebPage","@id":"https:\/\/www.italpassion.fr\/de\/competition\/le-pilote-ferrari-carols-sainz-victime-dune-tentative-de-vol-apres-le-grand-prix-de-monza-video\/","url":"https:\/\/www.italpassion.fr\/de\/competition\/le-pilote-ferrari-carols-sainz-victime-dune-tentative-de-vol-apres-le-grand-prix-de-monza-video\/","name":"Ferrari-Fahrer Carlos Sainz nach dem Gro\u00dfen Preis von Monza Opfer eines versuchten Raub\u00fcberfalls (Video) - ItalPassion","isPartOf":{"@id":"https:\/\/www.italpassion.fr\/de\/#website"},"primaryImageOfPage":{"@id":"https:\/\/www.italpassion.fr\/de\/competition\/le-pilote-ferrari-carols-sainz-victime-dune-tentative-de-vol-apres-le-grand-prix-de-monza-video\/#primaryimage"},"image":{"@id":"https:\/\/www.italpassion.fr\/de\/competition\/le-pilote-ferrari-carols-sainz-victime-dune-tentative-de-vol-apres-le-grand-prix-de-monza-video\/#primaryimage"},"thumbnailUrl":"https:\/\/www.italpassion.fr\/wp-content\/uploads\/2023\/09\/sainz-montre.jpg","datePublished":"2023-09-04T12:12:01+00:00","dateModified":"2023-09-04T12:13:29+00:00","description":"Wie Charles Leclerc vor \u00fcber einem Jahr wurde auch der Formel-1-Fahrer Carlos Sainz Opfer eines versuchten Diebstahls seiner Uhr. Der Vorfall ereignete sich","breadcrumb":{"@id":"https:\/\/www.italpassion.fr\/de\/competition\/le-pilote-ferrari-carols-sainz-victime-dune-tentative-de-vol-apres-le-grand-prix-de-monza-video\/#breadcrumb"},"inLanguage":"de","potentialAction":[{"@type":"ReadAction","target":["https:\/\/www.italpassion.fr\/de\/competition\/le-pilote-ferrari-carols-sainz-victime-dune-tentative-de-vol-apres-le-grand-prix-de-monza-video\/"]}]},{"@type":"ImageObject","inLanguage":"de","@id":"https:\/\/www.italpassion.fr\/de\/competition\/le-pilote-ferrari-carols-sainz-victime-dune-tentative-de-vol-apres-le-grand-prix-de-monza-video\/#primaryimage","url":"https:\/\/www.italpassion.fr\/wp-content\/uploads\/2023\/09\/sainz-montre.jpg","contentUrl":"https:\/\/www.italpassion.fr\/wp-content\/uploads\/2023\/09\/sainz-montre.jpg","width":1200,"height":700,"caption":"sainz montre"},{"@type":"BreadcrumbList","@id":"https:\/\/www.italpassion.fr\/de\/competition\/le-pilote-ferrari-carols-sainz-victime-dune-tentative-de-vol-apres-le-grand-prix-de-monza-video\/#breadcrumb","itemListElement":[{"@type":"ListItem","position":1,"name":"Accueil","item":"https:\/\/www.italpassion.fr\/de\/"},{"@type":"ListItem","position":2,"name":"Le pilote Ferrari, Carlos Sainz, victime d&rsquo;une tentative de vol apr\u00e8s le Grand Prix de Monza (vid\u00e9o)"}]},{"@type":"WebSite","@id":"https:\/\/www.italpassion.fr\/de\/#website","url":"https:\/\/www.italpassion.fr\/de\/","name":"ItalPassion","description":"Die Liebhaber italienischer Autos","publisher":{"@id":"https:\/\/www.italpassion.fr\/de\/#organization"},"potentialAction":[{"@type":"SearchAction","target":{"@type":"EntryPoint","urlTemplate":"https:\/\/www.italpassion.fr\/de\/?s={search_term_string}"},"query-input":{"@type":"PropertyValueSpecification","valueRequired":true,"valueName":"search_term_string"}}],"inLanguage":"de"},{"@type":"Organization","@id":"https:\/\/www.italpassion.fr\/de\/#organization","name":"Italpassion","url":"https:\/\/www.italpassion.fr\/de\/","logo":{"@type":"ImageObject","inLanguage":"de","@id":"https:\/\/www.italpassion.fr\/de\/#\/schema\/logo\/image\/","url":"https:\/\/www.italpassion.fr\/wp-content\/uploads\/2023\/07\/italpassion-yoast.jpg","contentUrl":"https:\/\/www.italpassion.fr\/wp-content\/uploads\/2023\/07\/italpassion-yoast.jpg","width":696,"height":696,"caption":"Italpassion"},"image":{"@id":"https:\/\/www.italpassion.fr\/de\/#\/schema\/logo\/image\/"},"sameAs":["https:\/\/www.facebook.com\/italpassion","https:\/\/x.com\/italpassion","https:\/\/www.instagram.com\/italpassionfr\/","https:\/\/www.youtube.com\/channel\/UCleq-ByQaA42OjhopwevRjQ","https:\/\/www.facebook.com\/italpassion.en\/","https:\/\/www.facebook.com\/italpassion.it\/","https:\/\/www.facebook.com\/italpassion.de\/","https:\/\/www.facebook.com\/italpassion.ja\/"]},{"@type":"Person","@id":"https:\/\/www.italpassion.fr\/de\/#\/schema\/person\/36f747b2a759ca202d847e85a9434ca0","name":"Alexandre Filluzeau","image":{"@type":"ImageObject","inLanguage":"de","@id":"https:\/\/www.italpassion.fr\/de\/#\/schema\/person\/image\/","url":"https:\/\/www.italpassion.fr\/wp-content\/uploads\/2025\/04\/avatar-alexandre-160x160.jpg","contentUrl":"https:\/\/www.italpassion.fr\/wp-content\/uploads\/2025\/04\/avatar-alexandre-160x160.jpg","caption":"Alexandre Filluzeau"},"description":"Gr\u00fcnder der Website ItalPassion, leidenschaftlicher Fan von italienischen Autos und Italien im Allgemeinen. Ich bringe einen kritischen und technischen Blick auf die Nachrichten der italienischen Marken, wann immer es m\u00f6glich ist. Besitzer eines Maserati GranTurismo, Alfa Romeo MiTo, Lancia Fulvia und Ducati 695. Ex-Besitzer einer Alfa Romeo Giulia.","sameAs":["https:\/\/www.italpassion.fr\/"],"url":"https:\/\/www.italpassion.fr\/de\/author\/alexandre\/"}]}},"_links":{"self":[{"href":"https:\/\/www.italpassion.fr\/de\/wp-json\/wp\/v2\/posts\/31918","targetHints":{"allow":["GET"]}}],"collection":[{"href":"https:\/\/www.italpassion.fr\/de\/wp-json\/wp\/v2\/posts"}],"about":[{"href":"https:\/\/www.italpassion.fr\/de\/wp-json\/wp\/v2\/types\/post"}],"author":[{"embeddable":true,"href":"https:\/\/www.italpassion.fr\/de\/wp-json\/wp\/v2\/users\/1"}],"replies":[{"embeddable":true,"href":"https:\/\/www.italpassion.fr\/de\/wp-json\/wp\/v2\/comments?post=31918"}],"version-history":[{"count":2,"href":"https:\/\/www.italpassion.fr\/de\/wp-json\/wp\/v2\/posts\/31918\/revisions"}],"predecessor-version":[{"id":31921,"href":"https:\/\/www.italpassion.fr\/de\/wp-json\/wp\/v2\/posts\/31918\/revisions\/31921"}],"wp:featuredmedia":[{"embeddable":true,"href":"https:\/\/www.italpassion.fr\/de\/wp-json\/wp\/v2\/media\/31919"}],"wp:attachment":[{"href":"https:\/\/www.italpassion.fr\/de\/wp-json\/wp\/v2\/media?parent=31918"}],"wp:term":[{"taxonomy":"category","embeddable":true,"href":"https:\/\/www.italpassion.fr\/de\/wp-json\/wp\/v2\/categories?post=31918"},{"taxonomy":"post_tag","embeddable":true,"href":"https:\/\/www.italpassion.fr\/de\/wp-json\/wp\/v2\/tags?post=31918"}],"curies":[{"name":"wp","href":"https:\/\/api.w.org\/{rel}","templated":true}]}}