{"id":29527,"date":"2021-08-04T09:10:05","date_gmt":"2021-08-04T07:10:05","guid":{"rendered":"https:\/\/www.italpassion.fr\/?p=29527"},"modified":"2022-08-18T20:22:37","modified_gmt":"2022-08-18T18:22:37","slug":"alfa-romeo-une-gamme-100-electrique-en-2027","status":"publish","type":"post","link":"https:\/\/www.italpassion.fr\/de\/alfa-romeo\/alfa-romeo-une-gamme-100-electrique-en-2027\/","title":{"rendered":"Alfa Romeo: Eine elektrische 100 %-Baureihe im Jahr 2027"},"content":{"rendered":"<p>Das war zu erwarten! Da Europa angek\u00fcndigt hat, den Verkauf von Autos mit Verbrennungsmotoren bis 2035 zu verbieten, k\u00fcndigen alle Hersteller der Reihe nach an, dass ihre Modellpalette zu 100 % elektrisch sein wird: Volkswagen, Mercedes, Jaguar, BMW, Honda, Fiat, etc.  <\/p>\n\n\n\n<p>So ist die Marke <a href=\"https:\/\/www.italpassion.fr\/de\/alfa-romeo\/\">Alfa Romeo<\/a> folgt pragmatisch der Bewegung. <strong>Alfa Romeo wird 2027 eine elektrische 100 %-Baureihe anbieten<\/strong>.<\/p>\n\n\n\n<figure class=\"wp-block-image size-full\"><img loading=\"lazy\" decoding=\"async\" width=\"935\" height=\"493\" src=\"https:\/\/www.italpassion.fr\/wp-content\/uploads\/2021\/08\/alfa-romeo-BEV-2027.jpg\" alt=\"\" class=\"wp-image-29528\" srcset=\"https:\/\/www.italpassion.fr\/wp-content\/uploads\/2021\/08\/alfa-romeo-BEV-2027.jpg 935w, https:\/\/www.italpassion.fr\/wp-content\/uploads\/2021\/08\/alfa-romeo-BEV-2027-300x158.jpg 300w, https:\/\/www.italpassion.fr\/wp-content\/uploads\/2021\/08\/alfa-romeo-BEV-2027-768x405.jpg 768w, https:\/\/www.italpassion.fr\/wp-content\/uploads\/2021\/08\/alfa-romeo-BEV-2027-561x296.jpg 561w, https:\/\/www.italpassion.fr\/wp-content\/uploads\/2021\/08\/alfa-romeo-BEV-2027-265x140.jpg 265w, https:\/\/www.italpassion.fr\/wp-content\/uploads\/2021\/08\/alfa-romeo-BEV-2027-531x280.jpg 531w, https:\/\/www.italpassion.fr\/wp-content\/uploads\/2021\/08\/alfa-romeo-BEV-2027-364x192.jpg 364w, https:\/\/www.italpassion.fr\/wp-content\/uploads\/2021\/08\/alfa-romeo-BEV-2027-728x384.jpg 728w, https:\/\/www.italpassion.fr\/wp-content\/uploads\/2021\/08\/alfa-romeo-BEV-2027-608x321.jpg 608w, https:\/\/www.italpassion.fr\/wp-content\/uploads\/2021\/08\/alfa-romeo-BEV-2027-758x400.jpg 758w, https:\/\/www.italpassion.fr\/wp-content\/uploads\/2021\/08\/alfa-romeo-BEV-2027-600x316.jpg 600w\" sizes=\"auto, (max-width: 935px) 100vw, 935px\" \/><\/figure>\n\n\n\n<p>Wir aktualisieren unseren Artikel \u00fcber die <a href=\"https:\/\/www.italpassion.fr\/de\/alfa-romeo\/alfa-romeo-quelle-reihe-fur-die-nachsten-jahre\/\">zuk\u00fcnftige Alfa Romeo Produktpalette<\/a> in den n\u00e4chsten Tagen, aber mit einer Anzeige wie dieser<strong> die zuk\u00fcnftige Reihe ist eher einfach zu machen<\/strong>. <\/p>\n\n\n\n<p>Man muss nur die verschiedenen Ank\u00fcndigungen der letzten Monate gegeneinander abgleichen, die DS-Reihe, die zu einer Schwestermarke in der Stellantis-Galaxie geworden ist, und die Tabelle unten, die ank\u00fcndigt, dass zuk\u00fcnftige elektrifizierte Modelle nur BEV und PHEV sein werden (Abschied von MHEV) und dass es bis zum ersten Halbjahr 2023 bei Alfa Romeo nur den Tonale als neues Modell geben wird.<\/p>\n\n\n\n<figure class=\"wp-block-image size-full\"><img loading=\"lazy\" decoding=\"async\" width=\"941\" height=\"101\" src=\"https:\/\/www.italpassion.fr\/wp-content\/uploads\/2021\/08\/alfa-romeo-2021-2023.jpg\" alt=\"\" class=\"wp-image-29529\" srcset=\"https:\/\/www.italpassion.fr\/wp-content\/uploads\/2021\/08\/alfa-romeo-2021-2023.jpg 941w, https:\/\/www.italpassion.fr\/wp-content\/uploads\/2021\/08\/alfa-romeo-2021-2023-300x32.jpg 300w, https:\/\/www.italpassion.fr\/wp-content\/uploads\/2021\/08\/alfa-romeo-2021-2023-768x82.jpg 768w, https:\/\/www.italpassion.fr\/wp-content\/uploads\/2021\/08\/alfa-romeo-2021-2023-561x60.jpg 561w, https:\/\/www.italpassion.fr\/wp-content\/uploads\/2021\/08\/alfa-romeo-2021-2023-265x28.jpg 265w, https:\/\/www.italpassion.fr\/wp-content\/uploads\/2021\/08\/alfa-romeo-2021-2023-531x57.jpg 531w, https:\/\/www.italpassion.fr\/wp-content\/uploads\/2021\/08\/alfa-romeo-2021-2023-364x39.jpg 364w, https:\/\/www.italpassion.fr\/wp-content\/uploads\/2021\/08\/alfa-romeo-2021-2023-728x78.jpg 728w, https:\/\/www.italpassion.fr\/wp-content\/uploads\/2021\/08\/alfa-romeo-2021-2023-608x65.jpg 608w, https:\/\/www.italpassion.fr\/wp-content\/uploads\/2021\/08\/alfa-romeo-2021-2023-758x81.jpg 758w, https:\/\/www.italpassion.fr\/wp-content\/uploads\/2021\/08\/alfa-romeo-2021-2023-600x64.jpg 600w\" sizes=\"auto, (max-width: 941px) 100vw, 941px\" \/><\/figure>\n\n\n\n<p>Unserer Meinung nach ist dies die Produktpalette, die Jean-Philippe Imparato, der einen 5-Jahres-Produktplan enth\u00fcllen muss, vorbereitet f\u00fcr <strong>Alfa Romeo 2027<\/strong> :<\/p>\n\n\n\n<ul class=\"wp-block-list\"><li>Stadtauto 100 % elektrisch (neuer MiTo Schwestermodell des e208, ab 2025 oder 2026)<\/li><li>B-SUV 100 % elektrisch (Brennero Ende 2023 \/ Anfang 2024)<\/li><li>C-SUV 100 % elektrisch (Tonale PHEV zuerst 2022, dann vollelektrisch)<\/li><li>D-SUV 100 % elektrisch (Stelvio im Jahr 2025)<\/li><li>Limousine 100 % elektrisch (Giulia e 2026)<\/li><li>E-SUV 100 % elektrisch (Schwester des DS7 Crossback, ab 2027)<\/li><li>Elektrische Gro\u00dfraumlimousine 100 % (Schwester des DS9, ab 2025 oder 2026)<\/li><\/ul>\n\n\n\n<p>Die Frage ist: Wie kann man die DNA einer Premium-\/Sportmarke, den \"fun to drive\", mit reinem Elektroantrieb bewahren? <\/p>\n\n\n\n<p>Das wird in den n\u00e4chsten Jahren f\u00fcr alle Hersteller ein Wettlauf um die beste Technologie sein, um den besten Kompromiss zwischen Reichweite, Leistung und Ladezeit zu bieten.<\/p>\n\n\n\n<p>Stellantis hatte angek\u00fcndigt, dass ein Elektroauto im Jahr 2026 zum gleichen Preis wie ein Auto mit Verbrennungsmotor angeboten werden sollte. Daher sollten wir die meisten Alfa Romeo 100 % ab 2025 \/ 2026 mit Elektroantrieb sehen.<\/p>","protected":false},"excerpt":{"rendered":"","protected":false},"author":1,"featured_media":29528,"comment_status":"open","ping_status":"open","sticky":false,"template":"","format":"standard","meta":{"_acf_changed":false,"_sitemap_exclude":false,"_sitemap_priority":"","_sitemap_frequency":"","footnotes":""},"categories":[22],"tags":[],"class_list":["post-29527","post","type-post","status-publish","format-standard","has-post-thumbnail","hentry","category-alfa-romeo","generate-columns","tablet-grid-50","mobile-grid-100","grid-parent","grid-33"],"acf":[],"yoast_head":"<!-- This site is optimized with the Yoast SEO plugin v25.8 - https:\/\/yoast.com\/wordpress\/plugins\/seo\/ -->\n<title>Alfa Romeo : une gamme 100 % \u00e9lectrique en 2027 - ItalPassion<\/title>\n<meta name=\"description\" content=\"Il fallait s&#039;y attendre ! Avec l&#039;Europe qui a annonc\u00e9 l&#039;interdiction de la vente de voitures \u00e0 moteur thermique en 2035, les constructeurs annoncent tous,\" \/>\n<meta name=\"robots\" content=\"index, follow, max-snippet:-1, max-image-preview:large, max-video-preview:-1\" \/>\n<link rel=\"canonical\" href=\"https:\/\/www.italpassion.fr\/de\/alfa-romeo\/alfa-romeo-une-gamme-100-electrique-en-2027\/\" \/>\n<meta property=\"og:locale\" content=\"de_DE\" \/>\n<meta property=\"og:type\" content=\"article\" \/>\n<meta property=\"og:title\" content=\"Alfa Romeo : une gamme 100 % \u00e9lectrique en 2027 - ItalPassion\" \/>\n<meta property=\"og:description\" content=\"Il fallait s&#039;y attendre ! Avec l&#039;Europe qui a annonc\u00e9 l&#039;interdiction de la vente de voitures \u00e0 moteur thermique en 2035, les constructeurs annoncent tous,\" \/>\n<meta property=\"og:url\" content=\"https:\/\/www.italpassion.fr\/de\/alfa-romeo\/alfa-romeo-une-gamme-100-electrique-en-2027\/\" \/>\n<meta property=\"og:site_name\" content=\"ItalPassion\" \/>\n<meta property=\"article:publisher\" content=\"https:\/\/www.facebook.com\/italpassion\" \/>\n<meta property=\"article:published_time\" content=\"2021-08-04T07:10:05+00:00\" \/>\n<meta property=\"article:modified_time\" content=\"2022-08-18T18:22:37+00:00\" \/>\n<meta property=\"og:image\" content=\"https:\/\/www.italpassion.fr\/wp-content\/uploads\/2021\/08\/alfa-romeo-BEV-2027.jpg\" \/>\n\t<meta property=\"og:image:width\" content=\"935\" \/>\n\t<meta property=\"og:image:height\" content=\"493\" \/>\n\t<meta property=\"og:image:type\" content=\"image\/jpeg\" \/>\n<meta name=\"author\" content=\"Alexandre Filluzeau\" \/>\n<meta name=\"twitter:card\" content=\"summary_large_image\" \/>\n<meta name=\"twitter:creator\" content=\"@italpassion\" \/>\n<meta name=\"twitter:site\" content=\"@italpassion\" \/>\n<script type=\"application\/ld+json\" class=\"yoast-schema-graph\">{\"@context\":\"https:\/\/schema.org\",\"@graph\":[{\"@type\":\"NewsArticle\",\"@id\":\"https:\/\/www.italpassion.fr\/de\/alfa-romeo\/alfa-romeo-une-gamme-100-electrique-en-2027\/#article\",\"isPartOf\":{\"@id\":\"https:\/\/www.italpassion.fr\/de\/alfa-romeo\/alfa-romeo-une-gamme-100-electrique-en-2027\/\"},\"author\":{\"name\":\"Alexandre Filluzeau\",\"@id\":\"https:\/\/www.italpassion.fr\/de\/#\/schema\/person\/36f747b2a759ca202d847e85a9434ca0\"},\"headline\":\"Alfa Romeo : une gamme 100 % \u00e9lectrique en 2027\",\"datePublished\":\"2021-08-04T07:10:05+00:00\",\"dateModified\":\"2022-08-18T18:22:37+00:00\",\"mainEntityOfPage\":{\"@id\":\"https:\/\/www.italpassion.fr\/de\/alfa-romeo\/alfa-romeo-une-gamme-100-electrique-en-2027\/\"},\"wordCount\":322,\"commentCount\":2,\"publisher\":{\"@id\":\"https:\/\/www.italpassion.fr\/de\/#organization\"},\"image\":{\"@id\":\"https:\/\/www.italpassion.fr\/de\/alfa-romeo\/alfa-romeo-une-gamme-100-electrique-en-2027\/#primaryimage\"},\"thumbnailUrl\":\"https:\/\/www.italpassion.fr\/wp-content\/uploads\/2021\/08\/alfa-romeo-BEV-2027.jpg\",\"articleSection\":[\"Alfa Romeo\"],\"inLanguage\":\"de\",\"potentialAction\":[{\"@type\":\"CommentAction\",\"name\":\"Comment\",\"target\":[\"https:\/\/www.italpassion.fr\/de\/alfa-romeo\/alfa-romeo-une-gamme-100-electrique-en-2027\/#respond\"]}]},{\"@type\":\"WebPage\",\"@id\":\"https:\/\/www.italpassion.fr\/de\/alfa-romeo\/alfa-romeo-une-gamme-100-electrique-en-2027\/\",\"url\":\"https:\/\/www.italpassion.fr\/de\/alfa-romeo\/alfa-romeo-une-gamme-100-electrique-en-2027\/\",\"name\":\"Alfa Romeo : une gamme 100 % \u00e9lectrique en 2027 - ItalPassion\",\"isPartOf\":{\"@id\":\"https:\/\/www.italpassion.fr\/de\/#website\"},\"primaryImageOfPage\":{\"@id\":\"https:\/\/www.italpassion.fr\/de\/alfa-romeo\/alfa-romeo-une-gamme-100-electrique-en-2027\/#primaryimage\"},\"image\":{\"@id\":\"https:\/\/www.italpassion.fr\/de\/alfa-romeo\/alfa-romeo-une-gamme-100-electrique-en-2027\/#primaryimage\"},\"thumbnailUrl\":\"https:\/\/www.italpassion.fr\/wp-content\/uploads\/2021\/08\/alfa-romeo-BEV-2027.jpg\",\"datePublished\":\"2021-08-04T07:10:05+00:00\",\"dateModified\":\"2022-08-18T18:22:37+00:00\",\"description\":\"Il fallait s'y attendre ! Avec l'Europe qui a annonc\u00e9 l'interdiction de la vente de voitures \u00e0 moteur thermique en 2035, les constructeurs annoncent tous,\",\"breadcrumb\":{\"@id\":\"https:\/\/www.italpassion.fr\/de\/alfa-romeo\/alfa-romeo-une-gamme-100-electrique-en-2027\/#breadcrumb\"},\"inLanguage\":\"de\",\"potentialAction\":[{\"@type\":\"ReadAction\",\"target\":[\"https:\/\/www.italpassion.fr\/de\/alfa-romeo\/alfa-romeo-une-gamme-100-electrique-en-2027\/\"]}]},{\"@type\":\"ImageObject\",\"inLanguage\":\"de\",\"@id\":\"https:\/\/www.italpassion.fr\/de\/alfa-romeo\/alfa-romeo-une-gamme-100-electrique-en-2027\/#primaryimage\",\"url\":\"https:\/\/www.italpassion.fr\/wp-content\/uploads\/2021\/08\/alfa-romeo-BEV-2027.jpg\",\"contentUrl\":\"https:\/\/www.italpassion.fr\/wp-content\/uploads\/2021\/08\/alfa-romeo-BEV-2027.jpg\",\"width\":935,\"height\":493},{\"@type\":\"BreadcrumbList\",\"@id\":\"https:\/\/www.italpassion.fr\/de\/alfa-romeo\/alfa-romeo-une-gamme-100-electrique-en-2027\/#breadcrumb\",\"itemListElement\":[{\"@type\":\"ListItem\",\"position\":1,\"name\":\"Accueil\",\"item\":\"https:\/\/www.italpassion.fr\/de\/\"},{\"@type\":\"ListItem\",\"position\":2,\"name\":\"Alfa Romeo : une gamme 100 % \u00e9lectrique en 2027\"}]},{\"@type\":\"WebSite\",\"@id\":\"https:\/\/www.italpassion.fr\/de\/#website\",\"url\":\"https:\/\/www.italpassion.fr\/de\/\",\"name\":\"ItalPassion\",\"description\":\"Les Passionn\u00e9s d&#039;Automobiles Italiennes\",\"publisher\":{\"@id\":\"https:\/\/www.italpassion.fr\/de\/#organization\"},\"potentialAction\":[{\"@type\":\"SearchAction\",\"target\":{\"@type\":\"EntryPoint\",\"urlTemplate\":\"https:\/\/www.italpassion.fr\/de\/?s={search_term_string}\"},\"query-input\":{\"@type\":\"PropertyValueSpecification\",\"valueRequired\":true,\"valueName\":\"search_term_string\"}}],\"inLanguage\":\"de\"},{\"@type\":\"Organization\",\"@id\":\"https:\/\/www.italpassion.fr\/de\/#organization\",\"name\":\"Italpassion\",\"url\":\"https:\/\/www.italpassion.fr\/de\/\",\"logo\":{\"@type\":\"ImageObject\",\"inLanguage\":\"de\",\"@id\":\"https:\/\/www.italpassion.fr\/de\/#\/schema\/logo\/image\/\",\"url\":\"https:\/\/www.italpassion.fr\/wp-content\/uploads\/2023\/07\/italpassion-yoast.jpg\",\"contentUrl\":\"https:\/\/www.italpassion.fr\/wp-content\/uploads\/2023\/07\/italpassion-yoast.jpg\",\"width\":696,\"height\":696,\"caption\":\"Italpassion\"},\"image\":{\"@id\":\"https:\/\/www.italpassion.fr\/de\/#\/schema\/logo\/image\/\"},\"sameAs\":[\"https:\/\/www.facebook.com\/italpassion\",\"https:\/\/x.com\/italpassion\",\"https:\/\/www.instagram.com\/italpassionfr\/\",\"https:\/\/www.youtube.com\/channel\/UCleq-ByQaA42OjhopwevRjQ\",\"https:\/\/www.facebook.com\/italpassion.en\/\",\"https:\/\/www.facebook.com\/italpassion.it\/\",\"https:\/\/www.facebook.com\/italpassion.de\/\",\"https:\/\/www.facebook.com\/italpassion.ja\/\"]},{\"@type\":\"Person\",\"@id\":\"https:\/\/www.italpassion.fr\/de\/#\/schema\/person\/36f747b2a759ca202d847e85a9434ca0\",\"name\":\"Alexandre Filluzeau\",\"image\":{\"@type\":\"ImageObject\",\"inLanguage\":\"de\",\"@id\":\"https:\/\/www.italpassion.fr\/de\/#\/schema\/person\/image\/\",\"url\":\"https:\/\/www.italpassion.fr\/wp-content\/uploads\/2025\/04\/avatar-alexandre-160x160.jpg\",\"contentUrl\":\"https:\/\/www.italpassion.fr\/wp-content\/uploads\/2025\/04\/avatar-alexandre-160x160.jpg\",\"caption\":\"Alexandre Filluzeau\"},\"description\":\"Fondateur du site ItalPassion, passionn\u00e9 de voitures italiennes et de l'Italie en g\u00e9n\u00e9ral. J'apporte un regard critique et technique aux actualit\u00e9s des marques italiennes quand cela est possible. Propri\u00e9taire d'une Maserati GranTurismo, Alfa Romeo MiTo, Lancia Fulvia et Ducati 695. Ex-propri\u00e9taire d'une Alfa Romeo Giulia.\",\"sameAs\":[\"https:\/\/www.italpassion.fr\/\"],\"url\":\"https:\/\/www.italpassion.fr\/de\/author\/alexandre\/\"}]}<\/script>\n<!-- \/ Yoast SEO plugin. -->","yoast_head_json":{"title":"Alfa Romeo: Eine elektrische 100 %-Reihe im Jahr 2027 - ItalPassion","description":"Das war zu erwarten! Da Europa angek\u00fcndigt hat, den Verkauf von Autos mit Verbrennungsmotoren im Jahr 2035 zu verbieten, k\u00fcndigen die Hersteller alle an,","robots":{"index":"index","follow":"follow","max-snippet":"max-snippet:-1","max-image-preview":"max-image-preview:large","max-video-preview":"max-video-preview:-1"},"canonical":"https:\/\/www.italpassion.fr\/de\/alfa-romeo\/alfa-romeo-une-gamme-100-electrique-en-2027\/","og_locale":"de_DE","og_type":"article","og_title":"Alfa Romeo : une gamme 100 % \u00e9lectrique en 2027 - ItalPassion","og_description":"Il fallait s'y attendre ! Avec l'Europe qui a annonc\u00e9 l'interdiction de la vente de voitures \u00e0 moteur thermique en 2035, les constructeurs annoncent tous,","og_url":"https:\/\/www.italpassion.fr\/de\/alfa-romeo\/alfa-romeo-une-gamme-100-electrique-en-2027\/","og_site_name":"ItalPassion","article_publisher":"https:\/\/www.facebook.com\/italpassion","article_published_time":"2021-08-04T07:10:05+00:00","article_modified_time":"2022-08-18T18:22:37+00:00","og_image":[{"width":935,"height":493,"url":"https:\/\/www.italpassion.fr\/wp-content\/uploads\/2021\/08\/alfa-romeo-BEV-2027.jpg","type":"image\/jpeg"}],"author":"Alexandre Filluzeau","twitter_card":"summary_large_image","twitter_creator":"@italpassion","twitter_site":"@italpassion","schema":{"@context":"https:\/\/schema.org","@graph":[{"@type":"NewsArticle","@id":"https:\/\/www.italpassion.fr\/de\/alfa-romeo\/alfa-romeo-une-gamme-100-electrique-en-2027\/#article","isPartOf":{"@id":"https:\/\/www.italpassion.fr\/de\/alfa-romeo\/alfa-romeo-une-gamme-100-electrique-en-2027\/"},"author":{"name":"Alexandre Filluzeau","@id":"https:\/\/www.italpassion.fr\/de\/#\/schema\/person\/36f747b2a759ca202d847e85a9434ca0"},"headline":"Alfa Romeo : une gamme 100 % \u00e9lectrique en 2027","datePublished":"2021-08-04T07:10:05+00:00","dateModified":"2022-08-18T18:22:37+00:00","mainEntityOfPage":{"@id":"https:\/\/www.italpassion.fr\/de\/alfa-romeo\/alfa-romeo-une-gamme-100-electrique-en-2027\/"},"wordCount":322,"commentCount":2,"publisher":{"@id":"https:\/\/www.italpassion.fr\/de\/#organization"},"image":{"@id":"https:\/\/www.italpassion.fr\/de\/alfa-romeo\/alfa-romeo-une-gamme-100-electrique-en-2027\/#primaryimage"},"thumbnailUrl":"https:\/\/www.italpassion.fr\/wp-content\/uploads\/2021\/08\/alfa-romeo-BEV-2027.jpg","articleSection":["Alfa Romeo"],"inLanguage":"de","potentialAction":[{"@type":"CommentAction","name":"Comment","target":["https:\/\/www.italpassion.fr\/de\/alfa-romeo\/alfa-romeo-une-gamme-100-electrique-en-2027\/#respond"]}]},{"@type":"WebPage","@id":"https:\/\/www.italpassion.fr\/de\/alfa-romeo\/alfa-romeo-une-gamme-100-electrique-en-2027\/","url":"https:\/\/www.italpassion.fr\/de\/alfa-romeo\/alfa-romeo-une-gamme-100-electrique-en-2027\/","name":"Alfa Romeo: Eine elektrische 100 %-Reihe im Jahr 2027 - ItalPassion","isPartOf":{"@id":"https:\/\/www.italpassion.fr\/de\/#website"},"primaryImageOfPage":{"@id":"https:\/\/www.italpassion.fr\/de\/alfa-romeo\/alfa-romeo-une-gamme-100-electrique-en-2027\/#primaryimage"},"image":{"@id":"https:\/\/www.italpassion.fr\/de\/alfa-romeo\/alfa-romeo-une-gamme-100-electrique-en-2027\/#primaryimage"},"thumbnailUrl":"https:\/\/www.italpassion.fr\/wp-content\/uploads\/2021\/08\/alfa-romeo-BEV-2027.jpg","datePublished":"2021-08-04T07:10:05+00:00","dateModified":"2022-08-18T18:22:37+00:00","description":"Das war zu erwarten! Da Europa angek\u00fcndigt hat, den Verkauf von Autos mit Verbrennungsmotoren im Jahr 2035 zu verbieten, k\u00fcndigen die Hersteller alle an,","breadcrumb":{"@id":"https:\/\/www.italpassion.fr\/de\/alfa-romeo\/alfa-romeo-une-gamme-100-electrique-en-2027\/#breadcrumb"},"inLanguage":"de","potentialAction":[{"@type":"ReadAction","target":["https:\/\/www.italpassion.fr\/de\/alfa-romeo\/alfa-romeo-une-gamme-100-electrique-en-2027\/"]}]},{"@type":"ImageObject","inLanguage":"de","@id":"https:\/\/www.italpassion.fr\/de\/alfa-romeo\/alfa-romeo-une-gamme-100-electrique-en-2027\/#primaryimage","url":"https:\/\/www.italpassion.fr\/wp-content\/uploads\/2021\/08\/alfa-romeo-BEV-2027.jpg","contentUrl":"https:\/\/www.italpassion.fr\/wp-content\/uploads\/2021\/08\/alfa-romeo-BEV-2027.jpg","width":935,"height":493},{"@type":"BreadcrumbList","@id":"https:\/\/www.italpassion.fr\/de\/alfa-romeo\/alfa-romeo-une-gamme-100-electrique-en-2027\/#breadcrumb","itemListElement":[{"@type":"ListItem","position":1,"name":"Accueil","item":"https:\/\/www.italpassion.fr\/de\/"},{"@type":"ListItem","position":2,"name":"Alfa Romeo : une gamme 100 % \u00e9lectrique en 2027"}]},{"@type":"WebSite","@id":"https:\/\/www.italpassion.fr\/de\/#website","url":"https:\/\/www.italpassion.fr\/de\/","name":"ItalPassion","description":"Die Liebhaber italienischer Autos","publisher":{"@id":"https:\/\/www.italpassion.fr\/de\/#organization"},"potentialAction":[{"@type":"SearchAction","target":{"@type":"EntryPoint","urlTemplate":"https:\/\/www.italpassion.fr\/de\/?s={search_term_string}"},"query-input":{"@type":"PropertyValueSpecification","valueRequired":true,"valueName":"search_term_string"}}],"inLanguage":"de"},{"@type":"Organization","@id":"https:\/\/www.italpassion.fr\/de\/#organization","name":"Italpassion","url":"https:\/\/www.italpassion.fr\/de\/","logo":{"@type":"ImageObject","inLanguage":"de","@id":"https:\/\/www.italpassion.fr\/de\/#\/schema\/logo\/image\/","url":"https:\/\/www.italpassion.fr\/wp-content\/uploads\/2023\/07\/italpassion-yoast.jpg","contentUrl":"https:\/\/www.italpassion.fr\/wp-content\/uploads\/2023\/07\/italpassion-yoast.jpg","width":696,"height":696,"caption":"Italpassion"},"image":{"@id":"https:\/\/www.italpassion.fr\/de\/#\/schema\/logo\/image\/"},"sameAs":["https:\/\/www.facebook.com\/italpassion","https:\/\/x.com\/italpassion","https:\/\/www.instagram.com\/italpassionfr\/","https:\/\/www.youtube.com\/channel\/UCleq-ByQaA42OjhopwevRjQ","https:\/\/www.facebook.com\/italpassion.en\/","https:\/\/www.facebook.com\/italpassion.it\/","https:\/\/www.facebook.com\/italpassion.de\/","https:\/\/www.facebook.com\/italpassion.ja\/"]},{"@type":"Person","@id":"https:\/\/www.italpassion.fr\/de\/#\/schema\/person\/36f747b2a759ca202d847e85a9434ca0","name":"Alexandre Filluzeau","image":{"@type":"ImageObject","inLanguage":"de","@id":"https:\/\/www.italpassion.fr\/de\/#\/schema\/person\/image\/","url":"https:\/\/www.italpassion.fr\/wp-content\/uploads\/2025\/04\/avatar-alexandre-160x160.jpg","contentUrl":"https:\/\/www.italpassion.fr\/wp-content\/uploads\/2025\/04\/avatar-alexandre-160x160.jpg","caption":"Alexandre Filluzeau"},"description":"Gr\u00fcnder der Website ItalPassion, leidenschaftlicher Fan von italienischen Autos und Italien im Allgemeinen. Ich bringe einen kritischen und technischen Blick auf die Nachrichten der italienischen Marken, wann immer es m\u00f6glich ist. Besitzer eines Maserati GranTurismo, Alfa Romeo MiTo, Lancia Fulvia und Ducati 695. Ex-Besitzer einer Alfa Romeo Giulia.","sameAs":["https:\/\/www.italpassion.fr\/"],"url":"https:\/\/www.italpassion.fr\/de\/author\/alexandre\/"}]}},"_links":{"self":[{"href":"https:\/\/www.italpassion.fr\/de\/wp-json\/wp\/v2\/posts\/29527","targetHints":{"allow":["GET"]}}],"collection":[{"href":"https:\/\/www.italpassion.fr\/de\/wp-json\/wp\/v2\/posts"}],"about":[{"href":"https:\/\/www.italpassion.fr\/de\/wp-json\/wp\/v2\/types\/post"}],"author":[{"embeddable":true,"href":"https:\/\/www.italpassion.fr\/de\/wp-json\/wp\/v2\/users\/1"}],"replies":[{"embeddable":true,"href":"https:\/\/www.italpassion.fr\/de\/wp-json\/wp\/v2\/comments?post=29527"}],"version-history":[{"count":5,"href":"https:\/\/www.italpassion.fr\/de\/wp-json\/wp\/v2\/posts\/29527\/revisions"}],"predecessor-version":[{"id":30622,"href":"https:\/\/www.italpassion.fr\/de\/wp-json\/wp\/v2\/posts\/29527\/revisions\/30622"}],"wp:featuredmedia":[{"embeddable":true,"href":"https:\/\/www.italpassion.fr\/de\/wp-json\/wp\/v2\/media\/29528"}],"wp:attachment":[{"href":"https:\/\/www.italpassion.fr\/de\/wp-json\/wp\/v2\/media?parent=29527"}],"wp:term":[{"taxonomy":"category","embeddable":true,"href":"https:\/\/www.italpassion.fr\/de\/wp-json\/wp\/v2\/categories?post=29527"},{"taxonomy":"post_tag","embeddable":true,"href":"https:\/\/www.italpassion.fr\/de\/wp-json\/wp\/v2\/tags?post=29527"}],"curies":[{"name":"wp","href":"https:\/\/api.w.org\/{rel}","templated":true}]}}